{"id":68994,"date":"2025-03-31T07:30:00","date_gmt":"2025-03-31T10:30:00","guid":{"rendered":"https:\/\/www.panoramamoveis.com.br\/blog-wp\/?post_type=web-story&#038;p=68994"},"modified":"2025-03-26T14:03:51","modified_gmt":"2025-03-26T17:03:51","slug":"racas-de-gatos-com-a-pelagem-cacheada","status":"publish","type":"web-story","link":"https:\/\/www.panoramamoveis.com.br\/blog-wp\/web-stories\/racas-de-gatos-com-a-pelagem-cacheada\/","title":{"rendered":"Ra\u00e7as de gatos com a pelagem cacheada"},"content":{"rendered":"<p><html amp=\"\" lang=\"en\"><head><meta charSet=\"utf-8\"\/><meta name=\"viewport\" content=\"width=device-width,minimum-scale=1,initial-scale=1\"\/><script async=\"\" src=\"https:\/\/cdn.ampproject.org\/v0.js\"><\/script><script async=\"\" src=\"https:\/\/cdn.ampproject.org\/v0\/amp-story-1.0.js\" custom-element=\"amp-story\"><\/script><link href=\"https:\/\/fonts.googleapis.com\/css2?display=swap&amp;family=Anton&amp;family=Oswald%3Awght%40400%3B700&amp;family=Roboto%3Awght%40700\" rel=\"stylesheet\"\/><link href=\"https:\/\/www.panoramamoveis.com.br\/blog-wp\/wp-content\/uploads\/2022\/07\/ESPELHOS-PG1.png\" rel=\"preload\" as=\"image\"\/>\n<style amp-boilerplate=\"\">body{-webkit-animation:-amp-start 8s steps(1,end) 0s 1 normal both;-moz-animation:-amp-start 8s steps(1,end) 0s 1 normal both;-ms-animation:-amp-start 8s steps(1,end) 0s 1 normal both;animation:-amp-start 8s steps(1,end) 0s 1 normal both}@-webkit-keyframes -amp-start{from{visibility:hidden}to{visibility:visible}}@-moz-keyframes -amp-start{from{visibility:hidden}to{visibility:visible}}@-ms-keyframes -amp-start{from{visibility:hidden}to{visibility:visible}}@-o-keyframes -amp-start{from{visibility:hidden}to{visibility:visible}}@keyframes -amp-start{from{visibility:hidden}to{visibility:visible}}<\/style>\n<p><noscript><\/p>\n<style amp-boilerplate=\"\">body{-webkit-animation:none;-moz-animation:none;-ms-animation:none;animation:none}<\/style>\n<p><\/noscript><\/p>\n<style amp-custom=\"\">\n              h1, h2, h3 { font-weight: normal; }<\/p>\n<p>              amp-story-page {\n                background-color: #131516;\n              }<\/p>\n<p>              amp-story-grid-layer {\n                overflow: visible;\n              }<\/p>\n<p>              @media (max-aspect-ratio: 9 \/ 16)  {\n                @media (min-aspect-ratio: 320 \/ 678) {\n                  amp-story-grid-layer.grid-layer {\n                    margin-top: calc((100% \/ 0.5625 - 100% \/ 0.6666666666666666) \/ 2);\n                  }\n                }\n              }<\/p>\n<p>              @media not all and (min-resolution:.001dpcm) {\n                @media {\n                  p.text-wrapper > span {\n                    font-size: calc(100% - 0.5px);\n                  }\n                }\n              }<\/p>\n<p>              .page-fullbleed-area,\n              .page-background-overlay-area {\n                position: absolute;\n                overflow: hidden;\n                width: 100%;\n                left: 0;\n                height: calc(1.1851851851851851 * 100%);\n                top: calc((1 - 1.1851851851851851) * 100% \/ 2);\n              }<\/p>\n<p>              .element-overlay-area {\n                position: absolute;\n                width: 100%;\n                height: 100%;\n                top: 0;\n                left: 0;\n              }<\/p>\n<p>              .page-safe-area {\n                overflow: visible;\n                position: absolute;\n                top: 0;\n                bottom: 0;\n                left: 0;\n                right: 0;\n                width: 100%;\n                height: calc(0.84375 * 100%);\n                margin: auto 0;\n              }<\/p>\n<p>              .mask {\n                position: absolute;\n                overflow: hidden;\n              }<\/p>\n<p>              .fill {\n                position: absolute;\n                top: 0;\n                left: 0;\n                right: 0;\n                bottom: 0;\n                margin: 0;\n              }<\/p>\n<p>              @media (prefers-reduced-motion: no-preference) {\n                .animation-wrapper {\n                  opacity: var(--initial-opacity);\n                  transform: var(--initial-transform);\n                }\n              }<\/p>\n<p>              amp-story-grid-layer.align-bottom {\n                align-content: end;\n                padding: 0;\n                \/*\n                  AMP CTA Layer will exactly occupy 74px regardless of any device.\n                  To space out captions 74px from the BOTTOM (AMP CTA Layer),\n                  74px from the TOP should also be spaced out and thus: 2 * 74px\n                  will be the desired max-height.\n                *\/\n                max-height: calc(100vh - (2 * 74px));\n              }<\/p>\n<p>              .captions-area {\n                padding: 0 32px 0;\n              }<\/p>\n<p>              amp-story-captions {\n                margin-bottom: 16px;\n                text-align: center;\n              }<\/p>\n<p>              amp-story-audio-sticker {\n                height: 100%;\n              }<\/p>\n<p>              .audio-sticker {\n                font-family: -apple-system, BlinkMacSystemFont, 'Segoe UI', Roboto, Oxygen-Sans, Ubuntu, Cantarell, 'Helvetica Neue', sans-serif;\n              }\n              <\/style>\n<p><meta name=\"web-stories-replace-head-start\"\/><title>Ra\u00e7as de gatos com a pelagem cacheada<\/title><link rel=\"canonical\" href=\"https:\/\/www.panoramamoveis.com.br\/blog-wp\/?post_type=web-story&amp;p=68994\"\/><meta name=\"web-stories-replace-head-end\"\/><\/head><body><amp-story standalone=\"\" publisher=\"Blog Panorama M\u00f3veis\" publisher-logo-src=\"https:\/\/www.panoramamoveis.com.br\/blog-wp\/wp-content\/uploads\/2021\/09\/webstories-logo.jpg\" title=\"Ra\u00e7as de gatos com a pelagem cacheada\" poster-portrait-src=\"https:\/\/www.panoramamoveis.com.br\/blog-wp\/wp-content\/uploads\/2025\/03\/cropped-gato-Selkirk-rex-1024x683-1.jpg\"><amp-story-page id=\"5087ac86-4e77-42ae-a3bc-6de766d977a9\" auto-advance-after=\"7s\"><amp-story-grid-layer template=\"vertical\" aspect-ratio=\"412:618\" class=\"grid-layer\"><\/p>\n<div class=\"page-fullbleed-area\" style=\"background-color:#8a1b18\">\n<div class=\"page-safe-area\">\n<div style=\"position:absolute;pointer-events:none;left:0;top:-9.25926%;width:100%;height:118.51852%;opacity:1\">\n<div style=\"pointer-events:initial;width:100%;height:100%;display:block;position:absolute;top:0;left:0;z-index:0\" class=\"mask\" id=\"el-76f7f876-3d4c-4fb3-bb0d-58954ef2886c\">\n<div style=\"position:absolute;width:100%;height:100%;left:0%;top:0%\" data-leaf-element=\"true\"><amp-img layout=\"fill\" src=\"https:\/\/www.panoramamoveis.com.br\/blog-wp\/wp-content\/uploads\/2022\/07\/ESPELHOS-PG1.png\" alt=\"Sala com 3 espelhos redondos\" srcSet=\"https:\/\/www.panoramamoveis.com.br\/blog-wp\/wp-content\/uploads\/2022\/07\/ESPELHOS-PG1.png 1080w,https:\/\/www.panoramamoveis.com.br\/blog-wp\/wp-content\/uploads\/2022\/07\/ESPELHOS-PG1-864x1536.png 864w,https:\/\/www.panoramamoveis.com.br\/blog-wp\/wp-content\/uploads\/2022\/07\/ESPELHOS-PG1-768x1365.png 768w,https:\/\/www.panoramamoveis.com.br\/blog-wp\/wp-content\/uploads\/2022\/07\/ESPELHOS-PG1-576x1024.png 576w,https:\/\/www.panoramamoveis.com.br\/blog-wp\/wp-content\/uploads\/2022\/07\/ESPELHOS-PG1-169x300.png 169w,https:\/\/www.panoramamoveis.com.br\/blog-wp\/wp-content\/uploads\/2022\/07\/ESPELHOS-PG1-150x267.png 150w\" sizes=\"(min-width: 1024px) 45vh, 100vw\" disable-inline-width=\"true\"><\/amp-img><\/div>\n<\/div>\n<\/div>\n<\/div>\n<\/div>\n<p><\/amp-story-grid-layer><amp-story-grid-layer template=\"vertical\" aspect-ratio=\"412:618\" class=\"grid-layer\"><\/p>\n<div class=\"page-fullbleed-area\">\n<div class=\"page-safe-area\">\n<div style=\"position:absolute;pointer-events:none;left:5.33981%;top:13.26861%;width:89.56311%;height:63.59223%;opacity:1\">\n<div style=\"pointer-events:initial;width:100%;height:100%;display:block;position:absolute;top:0;left:0;z-index:0\" class=\"mask\" id=\"el-bfbfd5a2-c411-4478-bce2-0ce225674ae7\">\n<div style=\"position:absolute;width:144.24929%;height:100%;left:-22.12464%;top:0%\" data-leaf-element=\"true\"><amp-img layout=\"fill\" src=\"https:\/\/www.panoramamoveis.com.br\/blog-wp\/wp-content\/uploads\/2025\/03\/gato-cacheado-Petlove.jpg\" alt=\"gato-cacheado-Petlove\" srcSet=\"https:\/\/www.panoramamoveis.com.br\/blog-wp\/wp-content\/uploads\/2025\/03\/gato-cacheado-Petlove.jpg 600w,https:\/\/www.panoramamoveis.com.br\/blog-wp\/wp-content\/uploads\/2025\/03\/gato-cacheado-Petlove-300x222.jpg 300w,https:\/\/www.panoramamoveis.com.br\/blog-wp\/wp-content\/uploads\/2025\/03\/gato-cacheado-Petlove-150x111.jpg 150w\" sizes=\"(min-width: 1024px) 40vh, 90vw\" disable-inline-width=\"true\"><\/amp-img><\/div>\n<\/div>\n<\/div>\n<div style=\"position:absolute;pointer-events:none;left:12.62136%;top:87.05502%;width:75%;height:11.8123%;opacity:1\">\n<div style=\"pointer-events:initial;width:100%;height:100%;display:block;position:absolute;top:0;left:0;z-index:0;border-radius:0.6472491909385114% 0.6472491909385114% 0.6472491909385114% 0.6472491909385114% \/ 2.73972602739726% 2.73972602739726% 2.73972602739726% 2.73972602739726%;background-clip:content-box;background-color:rgba(163,0,3,0.7)\" id=\"el-bf7050a3-2269-4a18-991d-666bc73b2364\">\n<h3 class=\"fill text-wrapper\" style=\"white-space:pre-line;overflow-wrap:break-word;word-break:break-word;margin:1.1859071601941753% 0;font-family:&quot;Anton&quot;,sans-serif;font-size:0.388350em;line-height:1.2;text-align:center;padding:1.2944983818770228% 2.5889967637540456%;color:#000000\"><span><span style=\"color: #fff\">Confira tudo nesse web stories da Panorama m\u00f3veis<\/span><\/span><\/h3>\n<\/div>\n<\/div>\n<div style=\"position:absolute;pointer-events:none;left:11.8932%;top:70.38835%;width:75.72816%;height:12.78317%;opacity:1\">\n<div style=\"pointer-events:initial;width:100%;height:100%;display:block;position:absolute;top:0;left:0;z-index:0;border-radius:0.641025641025641% 0.641025641025641% 0.641025641025641% 0.641025641025641% \/ 2.5316455696202533% 2.5316455696202533% 2.5316455696202533% 2.5316455696202533%\" id=\"el-2582c9a8-b4e9-468b-b85d-7bd4cb1c4478\">\n<h3 class=\"fill text-wrapper\" style=\"white-space:pre-line;overflow-wrap:break-word;word-break:break-word;margin:0;font-family:&quot;Anton&quot;,sans-serif;font-size:0.404531em;line-height:calc(1em + 0.32000019775987504em);text-align:left;padding:0;color:#000000;background-color:rgba(163,0,3,0.6);background:none\"><span style=\"display:block;position:relative;left:0;top:0;margin:2.024723933293269% 0;-webkit-box-decoration-break:clone;box-decoration-break:clone\"><span style=\"background-color:rgba(163,0,3,0.6);-webkit-box-decoration-break:clone;box-decoration-break:clone;position:relative;padding:1.282051282051282% 2.564102564102564%;text-align:left;border-radius:2px 2px 2px 2px;color:transparent\">Tipos de sabores que os cachorros mais gostam<\/span><\/span><\/h3>\n<h3 class=\"fill text-wrapper\" style=\"white-space:pre-line;overflow-wrap:break-word;word-break:break-word;margin:0;font-family:&quot;Anton&quot;,sans-serif;font-size:0.404531em;line-height:calc(1em + 0.32000019775987504em);text-align:left;padding:0;color:#000000;background-color:rgba(163,0,3,0.6);background:none;position:absolute;top:0;left:0;right:0\" aria-hidden=\"true\"><span style=\"display:block;position:relative;left:0;top:0;margin:2.024723933293269% 0;-webkit-box-decoration-break:clone;box-decoration-break:clone\"><span style=\"background-color:rgba(163,0,3,0.6);-webkit-box-decoration-break:clone;box-decoration-break:clone;position:relative;padding:1.282051282051282% 2.564102564102564%;text-align:left;border-radius:2px 2px 2px 2px;background:none\"><span style=\"color: #fff\">Tipos de sabores que os cachorros mais gostam<\/span><\/span><\/span><\/h3>\n<\/div>\n<\/div>\n<\/div>\n<\/div>\n<p><\/amp-story-grid-layer><\/amp-story-page><amp-story-page id=\"3f4ac6be-21cd-4804-8c30-3ee2a9552928\" auto-advance-after=\"7s\"><amp-story-animation layout=\"nodisplay\" trigger=\"visibility\"><script type=\"application\/json\">[{\"selector\":\"#anim-0256eb2b-d05b-4b6e-afb7-13e2f099e3e7\",\"keyframes\":{\"opacity\":[0,1]},\"delay\":0,\"duration\":600,\"easing\":\"cubic-bezier(0.4, 0.4, 0.0, 1)\",\"fill\":\"both\"}]<\/script><\/amp-story-animation><amp-story-grid-layer template=\"vertical\" aspect-ratio=\"412:618\" class=\"grid-layer\"><\/p>\n<div class=\"page-fullbleed-area\" style=\"background-color:#d0c9c3\">\n<div class=\"page-safe-area\">\n<div style=\"position:absolute;pointer-events:none;left:0;top:-9.25926%;width:100%;height:118.51852%;opacity:1\">\n<div style=\"pointer-events:initial;width:100%;height:100%;display:block;position:absolute;top:0;left:0;z-index:0\" class=\"mask\" id=\"el-4fab43d4-4da3-4001-bb1a-9fe0916893c5\">\n<div style=\"position:absolute;width:100%;height:100%;left:0%;top:0%\" data-leaf-element=\"true\"><amp-img layout=\"fill\" src=\"https:\/\/www.panoramamoveis.com.br\/blog-wp\/wp-content\/uploads\/2022\/07\/ESPELHOS-PG4.png\" alt=\"sala com espelho ovalado em cima de bancada de madeira\" srcSet=\"https:\/\/www.panoramamoveis.com.br\/blog-wp\/wp-content\/uploads\/2022\/07\/ESPELHOS-PG4.png 1080w,https:\/\/www.panoramamoveis.com.br\/blog-wp\/wp-content\/uploads\/2022\/07\/ESPELHOS-PG4-864x1536.png 864w,https:\/\/www.panoramamoveis.com.br\/blog-wp\/wp-content\/uploads\/2022\/07\/ESPELHOS-PG4-768x1365.png 768w,https:\/\/www.panoramamoveis.com.br\/blog-wp\/wp-content\/uploads\/2022\/07\/ESPELHOS-PG4-576x1024.png 576w,https:\/\/www.panoramamoveis.com.br\/blog-wp\/wp-content\/uploads\/2022\/07\/ESPELHOS-PG4-169x300.png 169w,https:\/\/www.panoramamoveis.com.br\/blog-wp\/wp-content\/uploads\/2022\/07\/ESPELHOS-PG4-150x267.png 150w\" sizes=\"(min-width: 1024px) 45vh, 100vw\" disable-inline-width=\"true\"><\/amp-img><\/div>\n<\/div>\n<\/div>\n<\/div>\n<\/div>\n<p><\/amp-story-grid-layer><amp-story-grid-layer template=\"vertical\" aspect-ratio=\"412:618\" class=\"grid-layer\"><\/p>\n<div class=\"page-fullbleed-area\">\n<div class=\"page-safe-area\">\n<div style=\"position:absolute;pointer-events:none;left:11.65049%;top:-6.6343%;width:76.69903%;height:63.59223%;opacity:1\">\n<div style=\"pointer-events:initial;width:100%;height:100%;display:block;position:absolute;top:0;left:0;z-index:0\" class=\"mask\" id=\"el-5d894f9a-ca42-4dcf-b50b-593569c9bcb8\">\n<div style=\"position:absolute;width:202.2229%;height:100%;left:-51.11145%;top:0%\" data-leaf-element=\"true\"><amp-img layout=\"fill\" src=\"https:\/\/www.panoramamoveis.com.br\/blog-wp\/wp-content\/uploads\/2025\/03\/Selkirk-Rex.jpg.avif\" alt=\"Selkirk-Rex.jpg\" disable-inline-width=\"true\"><\/amp-img><\/div>\n<\/div>\n<\/div>\n<div style=\"position:absolute;pointer-events:none;left:16.99029%;top:-8.41424%;width:13.59223%;height:16.82848%;transform:rotate(270deg);opacity:1\">\n<div style=\"pointer-events:initial;width:100%;height:100%;display:block;position:absolute;top:0;left:0;z-index:0\" class=\"mask\" id=\"el-77928504-5450-43f9-b2a2-db88218aa230\">\n<div style=\"position:absolute;width:104.46432%;height:100%;left:-2.23216%;top:0%\" data-leaf-element=\"true\"><amp-img layout=\"fill\" src=\"https:\/\/www.panoramamoveis.com.br\/blog-wp\/wp-content\/uploads\/2021\/11\/Panorama-Moveis-click-1.png\" alt=\"Panorama M\u00f3veis click (1)\" srcSet=\"https:\/\/www.panoramamoveis.com.br\/blog-wp\/wp-content\/uploads\/2021\/11\/Panorama-Moveis-click-1.png 3240w,https:\/\/www.panoramamoveis.com.br\/blog-wp\/wp-content\/uploads\/2021\/11\/Panorama-Moveis-click-1-1980x3520.png 1980w,https:\/\/www.panoramamoveis.com.br\/blog-wp\/wp-content\/uploads\/2021\/11\/Panorama-Moveis-click-1-1200x2133.png 1200w,https:\/\/www.panoramamoveis.com.br\/blog-wp\/wp-content\/uploads\/2021\/11\/Panorama-Moveis-click-1-1152x2048.png 1152w,https:\/\/www.panoramamoveis.com.br\/blog-wp\/wp-content\/uploads\/2021\/11\/Panorama-Moveis-click-1-864x1536.png 864w,https:\/\/www.panoramamoveis.com.br\/blog-wp\/wp-content\/uploads\/2021\/11\/Panorama-Moveis-click-1-768x1365.png 768w,https:\/\/www.panoramamoveis.com.br\/blog-wp\/wp-content\/uploads\/2021\/11\/Panorama-Moveis-click-1-576x1024.png 576w,https:\/\/www.panoramamoveis.com.br\/blog-wp\/wp-content\/uploads\/2021\/11\/Panorama-Moveis-click-1-169x300.png 169w,https:\/\/www.panoramamoveis.com.br\/blog-wp\/wp-content\/uploads\/2021\/11\/Panorama-Moveis-click-1-150x267.png 150w\" sizes=\"(min-width: 1024px) 6vh, 14vw\" disable-inline-width=\"true\"><\/amp-img><\/div>\n<\/div>\n<\/div>\n<div style=\"position:absolute;pointer-events:none;left:11.65049%;top:49.83819%;width:76.69903%;height:7.11974%;opacity:1\">\n<div style=\"pointer-events:initial;width:100%;height:100%;display:block;position:absolute;top:0;left:0;z-index:0;border-radius:0.6329113924050633% 0.6329113924050633% 0.6329113924050633% 0.6329113924050633% \/ 4.545454545454546% 4.545454545454546% 4.545454545454546% 4.545454545454546%\" id=\"el-9e82a8ee-b0b9-456f-8816-b066d7a9815f\">\n<h3 class=\"fill text-wrapper\" style=\"white-space:pre-line;overflow-wrap:break-word;word-break:break-word;margin:0;font-family:&quot;Anton&quot;,sans-serif;font-size:0.388350em;line-height:calc(1em + 0.3333333333333333em);text-align:left;padding:0;color:#000000;background-color:rgba(163,0,3,0.6);background:none\"><span style=\"display:block;position:relative;left:0;top:0;margin:1.9191307357594938% 0;-webkit-box-decoration-break:clone;box-decoration-break:clone\"><span style=\"background-color:rgba(163,0,3,0.6);-webkit-box-decoration-break:clone;box-decoration-break:clone;position:relative;padding:1.2658227848101267% 2.5316455696202533%;text-align:left;border-radius:2px 2px 2px 2px;color:transparent\">Selkirk rex<\/span><\/span><\/h3>\n<h3 class=\"fill text-wrapper\" style=\"white-space:pre-line;overflow-wrap:break-word;word-break:break-word;margin:0;font-family:&quot;Anton&quot;,sans-serif;font-size:0.388350em;line-height:calc(1em + 0.3333333333333333em);text-align:left;padding:0;color:#000000;background-color:rgba(163,0,3,0.6);background:none;position:absolute;top:0;left:0;right:0\" aria-hidden=\"true\"><span style=\"display:block;position:relative;left:0;top:0;margin:1.9191307357594938% 0;-webkit-box-decoration-break:clone;box-decoration-break:clone\"><span style=\"background-color:rgba(163,0,3,0.6);-webkit-box-decoration-break:clone;box-decoration-break:clone;position:relative;padding:1.2658227848101267% 2.5316455696202533%;text-align:left;border-radius:2px 2px 2px 2px;background:none\"><span style=\"color: #fff\">Selkirk rex<\/span><\/span><\/span><\/h3>\n<\/div>\n<\/div>\n<div style=\"position:absolute;pointer-events:none;left:11.65049%;top:56.95793%;width:76.21359%;height:32.36246%;opacity:1\">\n<div id=\"anim-0256eb2b-d05b-4b6e-afb7-13e2f099e3e7\" class=\"animation-wrapper\" style=\"width:100%;height:100%;display:block;position:absolute;top:0;left:0;--initial-opacity:0;--initial-transform:none\">\n<div style=\"pointer-events:initial;width:100%;height:100%;display:block;position:absolute;top:0;left:0;z-index:0;border-radius:0.6369426751592357% 0.6369426751592357% 0.6369426751592357% 0.6369426751592357% \/ 1% 1% 1% 1%\" id=\"el-6102357c-5403-48b7-be82-f6d9b3fe6d71\">\n<h3 class=\"fill text-wrapper\" style=\"white-space:pre-line;overflow-wrap:break-word;word-break:break-word;margin:1.0328025477707008% 0;font-family:&quot;Oswald&quot;,sans-serif;font-size:0.372168em;line-height:1.2;text-align:left;padding:0;color:#000000\"><span><span style=\"color: #f00\">O Selkirk Rex surgiu nos EUA nos anos 1980, do cruzamento entre uma gata de pelos encaracolados e um Persa. Sua pelagem densa pode ser curta ou longa. Soci\u00e1vel e brincalh\u00e3o, \u00e9 um \u00f3timo companheiro para quem busca um gato afetuoso.&nbsp;<\/span><\/span><\/h3>\n<\/div>\n<\/div>\n<\/div>\n<\/div>\n<\/div>\n<p><\/amp-story-grid-layer><\/amp-story-page><amp-story-page id=\"baccffb1-4d00-4bb7-b48e-411683572927\" auto-advance-after=\"7s\"><amp-story-animation layout=\"nodisplay\" trigger=\"visibility\"><script type=\"application\/json\">[{\"selector\":\"#anim-cb1ffcea-b78c-4fa6-a552-85c9af4592b2\",\"keyframes\":{\"opacity\":[0,1]},\"delay\":0,\"duration\":600,\"easing\":\"cubic-bezier(0.4, 0.4, 0.0, 1)\",\"fill\":\"both\"}]<\/script><\/amp-story-animation><amp-story-grid-layer template=\"vertical\" aspect-ratio=\"412:618\" class=\"grid-layer\"><\/p>\n<div class=\"page-fullbleed-area\" style=\"background-color:#d0c9c3\">\n<div class=\"page-safe-area\">\n<div style=\"position:absolute;pointer-events:none;left:0;top:-9.25926%;width:100%;height:118.51852%;opacity:1\">\n<div style=\"pointer-events:initial;width:100%;height:100%;display:block;position:absolute;top:0;left:0;z-index:0\" class=\"mask\" id=\"el-e1ab8d5d-0a3b-4071-b053-b5802865bc3f\">\n<div style=\"position:absolute;width:100%;height:100%;left:0%;top:0%\" data-leaf-element=\"true\"><amp-img layout=\"fill\" src=\"https:\/\/www.panoramamoveis.com.br\/blog-wp\/wp-content\/uploads\/2022\/07\/ESPELHOS-PG4.png\" alt=\"sala com espelho ovalado em cima de bancada de madeira\" srcSet=\"https:\/\/www.panoramamoveis.com.br\/blog-wp\/wp-content\/uploads\/2022\/07\/ESPELHOS-PG4.png 1080w,https:\/\/www.panoramamoveis.com.br\/blog-wp\/wp-content\/uploads\/2022\/07\/ESPELHOS-PG4-864x1536.png 864w,https:\/\/www.panoramamoveis.com.br\/blog-wp\/wp-content\/uploads\/2022\/07\/ESPELHOS-PG4-768x1365.png 768w,https:\/\/www.panoramamoveis.com.br\/blog-wp\/wp-content\/uploads\/2022\/07\/ESPELHOS-PG4-576x1024.png 576w,https:\/\/www.panoramamoveis.com.br\/blog-wp\/wp-content\/uploads\/2022\/07\/ESPELHOS-PG4-169x300.png 169w,https:\/\/www.panoramamoveis.com.br\/blog-wp\/wp-content\/uploads\/2022\/07\/ESPELHOS-PG4-150x267.png 150w\" sizes=\"(min-width: 1024px) 45vh, 100vw\" disable-inline-width=\"true\"><\/amp-img><\/div>\n<\/div>\n<\/div>\n<\/div>\n<\/div>\n<p><\/amp-story-grid-layer><amp-story-grid-layer template=\"vertical\" aspect-ratio=\"412:618\" class=\"grid-layer\"><\/p>\n<div class=\"page-fullbleed-area\">\n<div class=\"page-safe-area\">\n<div style=\"position:absolute;pointer-events:none;left:12.13592%;top:-6.31068%;width:76.21359%;height:63.26861%;opacity:1\">\n<div style=\"pointer-events:initial;width:100%;height:100%;display:block;position:absolute;top:0;left:0;z-index:0\" class=\"mask\" id=\"el-5e58dae6-5087-44be-a5e3-ae1fed34348b\">\n<div style=\"position:absolute;width:186.78345%;height:100%;left:-43.39172%;top:0%\" data-leaf-element=\"true\"><amp-img layout=\"fill\" src=\"https:\/\/www.panoramamoveis.com.br\/blog-wp\/wp-content\/uploads\/2025\/03\/gato-de-raca-cornish-rex.jpg\" alt=\"gato-de-raca-cornish-rex\" srcSet=\"https:\/\/www.panoramamoveis.com.br\/blog-wp\/wp-content\/uploads\/2025\/03\/gato-de-raca-cornish-rex.jpg 1200w,https:\/\/www.panoramamoveis.com.br\/blog-wp\/wp-content\/uploads\/2025\/03\/gato-de-raca-cornish-rex-1024x683.jpg 1024w,https:\/\/www.panoramamoveis.com.br\/blog-wp\/wp-content\/uploads\/2025\/03\/gato-de-raca-cornish-rex-768x512.jpg 768w,https:\/\/www.panoramamoveis.com.br\/blog-wp\/wp-content\/uploads\/2025\/03\/gato-de-raca-cornish-rex-300x200.jpg 300w,https:\/\/www.panoramamoveis.com.br\/blog-wp\/wp-content\/uploads\/2025\/03\/gato-de-raca-cornish-rex-150x100.jpg 150w\" sizes=\"(min-width: 1024px) 34vh, 76vw\" disable-inline-width=\"true\"><\/amp-img><\/div>\n<\/div>\n<\/div>\n<div style=\"position:absolute;pointer-events:none;left:16.99029%;top:-8.41424%;width:13.59223%;height:16.82848%;transform:rotate(270deg);opacity:1\">\n<div style=\"pointer-events:initial;width:100%;height:100%;display:block;position:absolute;top:0;left:0;z-index:0\" class=\"mask\" id=\"el-d3a7ffe3-b69f-4190-aff0-574c0f2d456f\">\n<div style=\"position:absolute;width:104.46432%;height:100%;left:-2.23216%;top:0%\" data-leaf-element=\"true\"><amp-img layout=\"fill\" src=\"https:\/\/www.panoramamoveis.com.br\/blog-wp\/wp-content\/uploads\/2021\/11\/Panorama-Moveis-click-1.png\" alt=\"Panorama M\u00f3veis click (1)\" srcSet=\"https:\/\/www.panoramamoveis.com.br\/blog-wp\/wp-content\/uploads\/2021\/11\/Panorama-Moveis-click-1.png 3240w,https:\/\/www.panoramamoveis.com.br\/blog-wp\/wp-content\/uploads\/2021\/11\/Panorama-Moveis-click-1-1980x3520.png 1980w,https:\/\/www.panoramamoveis.com.br\/blog-wp\/wp-content\/uploads\/2021\/11\/Panorama-Moveis-click-1-1200x2133.png 1200w,https:\/\/www.panoramamoveis.com.br\/blog-wp\/wp-content\/uploads\/2021\/11\/Panorama-Moveis-click-1-1152x2048.png 1152w,https:\/\/www.panoramamoveis.com.br\/blog-wp\/wp-content\/uploads\/2021\/11\/Panorama-Moveis-click-1-864x1536.png 864w,https:\/\/www.panoramamoveis.com.br\/blog-wp\/wp-content\/uploads\/2021\/11\/Panorama-Moveis-click-1-768x1365.png 768w,https:\/\/www.panoramamoveis.com.br\/blog-wp\/wp-content\/uploads\/2021\/11\/Panorama-Moveis-click-1-576x1024.png 576w,https:\/\/www.panoramamoveis.com.br\/blog-wp\/wp-content\/uploads\/2021\/11\/Panorama-Moveis-click-1-169x300.png 169w,https:\/\/www.panoramamoveis.com.br\/blog-wp\/wp-content\/uploads\/2021\/11\/Panorama-Moveis-click-1-150x267.png 150w\" sizes=\"(min-width: 1024px) 6vh, 14vw\" disable-inline-width=\"true\"><\/amp-img><\/div>\n<\/div>\n<\/div>\n<div style=\"position:absolute;pointer-events:none;left:11.8932%;top:49.83819%;width:75.72816%;height:7.11974%;opacity:1\">\n<div style=\"pointer-events:initial;width:100%;height:100%;display:block;position:absolute;top:0;left:0;z-index:0;border-radius:0.641025641025641% 0.641025641025641% 0.641025641025641% 0.641025641025641% \/ 4.545454545454546% 4.545454545454546% 4.545454545454546% 4.545454545454546%\" id=\"el-5e9ee583-e4e8-4e13-be50-1f5e79d3c245\">\n<h3 class=\"fill text-wrapper\" style=\"white-space:pre-line;overflow-wrap:break-word;word-break:break-word;margin:0;font-family:&quot;Anton&quot;,sans-serif;font-size:0.388350em;line-height:calc(1em + 0.3333333333333333em);text-align:left;padding:0;color:#000000;background-color:rgba(163,0,3,0.6);background:none\"><span style=\"display:block;position:relative;left:0;top:0;margin:1.9437349759615383% 0;-webkit-box-decoration-break:clone;box-decoration-break:clone\"><span style=\"background-color:rgba(163,0,3,0.6);-webkit-box-decoration-break:clone;box-decoration-break:clone;position:relative;padding:1.282051282051282% 2.564102564102564%;text-align:left;border-radius:2px 2px 2px 2px;color:transparent\">Cornish rex<\/span><\/span><\/h3>\n<h3 class=\"fill text-wrapper\" style=\"white-space:pre-line;overflow-wrap:break-word;word-break:break-word;margin:0;font-family:&quot;Anton&quot;,sans-serif;font-size:0.388350em;line-height:calc(1em + 0.3333333333333333em);text-align:left;padding:0;color:#000000;background-color:rgba(163,0,3,0.6);background:none;position:absolute;top:0;left:0;right:0\" aria-hidden=\"true\"><span style=\"display:block;position:relative;left:0;top:0;margin:1.9437349759615383% 0;-webkit-box-decoration-break:clone;box-decoration-break:clone\"><span style=\"background-color:rgba(163,0,3,0.6);-webkit-box-decoration-break:clone;box-decoration-break:clone;position:relative;padding:1.282051282051282% 2.564102564102564%;text-align:left;border-radius:2px 2px 2px 2px;background:none\"><span style=\"color: #fff\">Cornish rex<\/span><\/span><\/span><\/h3>\n<\/div>\n<\/div>\n<div style=\"position:absolute;pointer-events:none;left:12.13592%;top:56.95793%;width:76.21359%;height:32.36246%;opacity:1\">\n<div id=\"anim-cb1ffcea-b78c-4fa6-a552-85c9af4592b2\" class=\"animation-wrapper\" style=\"width:100%;height:100%;display:block;position:absolute;top:0;left:0;--initial-opacity:0;--initial-transform:none\">\n<div style=\"pointer-events:initial;width:100%;height:100%;display:block;position:absolute;top:0;left:0;z-index:0;border-radius:0.6369426751592357% 0.6369426751592357% 0.6369426751592357% 0.6369426751592357% \/ 1% 1% 1% 1%\" id=\"el-a354ec85-897a-4be6-8943-72e85b72e72f\">\n<h3 class=\"fill text-wrapper\" style=\"white-space:pre-line;overflow-wrap:break-word;word-break:break-word;margin:1.0328025477707008% 0;font-family:&quot;Oswald&quot;,sans-serif;font-size:0.372168em;line-height:1.2;text-align:left;padding:0;color:#000000\"><span><span style=\"color: #f00\">\u00c1gil e elegante, o Cornish Rex surgiu na Cornualha, Inglaterra, nos anos 1950. Sua pelagem curta, ondulada e macia real\u00e7a seu charme. Brincalh\u00e3o e en\u00e9rgico, \u00e9 ideal para tutores que apreciam intera\u00e7\u00f5es constantes e momentos de divers\u00e3o.&nbsp;<\/span><\/span><\/h3>\n<\/div>\n<\/div>\n<\/div>\n<\/div>\n<\/div>\n<p><\/amp-story-grid-layer><\/amp-story-page><amp-story-page id=\"35e803a5-528a-493c-a820-6997ce954d9a\" auto-advance-after=\"7s\"><amp-story-animation layout=\"nodisplay\" trigger=\"visibility\"><script type=\"application\/json\">[{\"selector\":\"#anim-986f0bff-3929-46b9-8232-0378b65b9efc\",\"keyframes\":{\"opacity\":[0,1]},\"delay\":0,\"duration\":600,\"easing\":\"cubic-bezier(0.4, 0.4, 0.0, 1)\",\"fill\":\"both\"}]<\/script><\/amp-story-animation><amp-story-grid-layer template=\"vertical\" aspect-ratio=\"412:618\" class=\"grid-layer\"><\/p>\n<div class=\"page-fullbleed-area\" style=\"background-color:#d0c9c3\">\n<div class=\"page-safe-area\">\n<div style=\"position:absolute;pointer-events:none;left:0;top:-9.25926%;width:100%;height:118.51852%;opacity:1\">\n<div style=\"pointer-events:initial;width:100%;height:100%;display:block;position:absolute;top:0;left:0;z-index:0\" class=\"mask\" id=\"el-25de8763-be3f-40bc-9348-1b35d95ca3f7\">\n<div style=\"position:absolute;width:100%;height:100%;left:0%;top:0%\" data-leaf-element=\"true\"><amp-img layout=\"fill\" src=\"https:\/\/www.panoramamoveis.com.br\/blog-wp\/wp-content\/uploads\/2022\/07\/ESPELHOS-PG4.png\" alt=\"sala com espelho ovalado em cima de bancada de madeira\" srcSet=\"https:\/\/www.panoramamoveis.com.br\/blog-wp\/wp-content\/uploads\/2022\/07\/ESPELHOS-PG4.png 1080w,https:\/\/www.panoramamoveis.com.br\/blog-wp\/wp-content\/uploads\/2022\/07\/ESPELHOS-PG4-864x1536.png 864w,https:\/\/www.panoramamoveis.com.br\/blog-wp\/wp-content\/uploads\/2022\/07\/ESPELHOS-PG4-768x1365.png 768w,https:\/\/www.panoramamoveis.com.br\/blog-wp\/wp-content\/uploads\/2022\/07\/ESPELHOS-PG4-576x1024.png 576w,https:\/\/www.panoramamoveis.com.br\/blog-wp\/wp-content\/uploads\/2022\/07\/ESPELHOS-PG4-169x300.png 169w,https:\/\/www.panoramamoveis.com.br\/blog-wp\/wp-content\/uploads\/2022\/07\/ESPELHOS-PG4-150x267.png 150w\" sizes=\"(min-width: 1024px) 45vh, 100vw\" disable-inline-width=\"true\"><\/amp-img><\/div>\n<\/div>\n<\/div>\n<\/div>\n<\/div>\n<p><\/amp-story-grid-layer><amp-story-grid-layer template=\"vertical\" aspect-ratio=\"412:618\" class=\"grid-layer\"><\/p>\n<div class=\"page-fullbleed-area\">\n<div class=\"page-safe-area\">\n<div style=\"position:absolute;pointer-events:none;left:11.16505%;top:-7.28155%;width:76.69903%;height:64.23948%;opacity:1\">\n<div style=\"pointer-events:initial;width:100%;height:100%;display:block;position:absolute;top:0;left:0;z-index:0\" class=\"mask\" id=\"el-5cb86536-6d85-4273-91a8-cf02f8d8b92e\">\n<div style=\"position:absolute;width:100%;height:119.59987%;left:0%;top:-9.79993%\" data-leaf-element=\"true\"><amp-img layout=\"fill\" src=\"https:\/\/www.panoramamoveis.com.br\/blog-wp\/wp-content\/uploads\/2025\/03\/Devon_Rex_Cassini.jpeg\" alt=\"Devon_Rex_Cassini\" srcSet=\"https:\/\/www.panoramamoveis.com.br\/blog-wp\/wp-content\/uploads\/2025\/03\/Devon_Rex_Cassini.jpeg 1363w,https:\/\/www.panoramamoveis.com.br\/blog-wp\/wp-content\/uploads\/2025\/03\/Devon_Rex_Cassini-1200x1803.jpeg 1200w,https:\/\/www.panoramamoveis.com.br\/blog-wp\/wp-content\/uploads\/2025\/03\/Devon_Rex_Cassini-1022x1536.jpeg 1022w,https:\/\/www.panoramamoveis.com.br\/blog-wp\/wp-content\/uploads\/2025\/03\/Devon_Rex_Cassini-768x1154.jpeg 768w,https:\/\/www.panoramamoveis.com.br\/blog-wp\/wp-content\/uploads\/2025\/03\/Devon_Rex_Cassini-682x1024.jpeg 682w,https:\/\/www.panoramamoveis.com.br\/blog-wp\/wp-content\/uploads\/2025\/03\/Devon_Rex_Cassini-200x300.jpeg 200w,https:\/\/www.panoramamoveis.com.br\/blog-wp\/wp-content\/uploads\/2025\/03\/Devon_Rex_Cassini-150x225.jpeg 150w\" sizes=\"(min-width: 1024px) 35vh, 77vw\" disable-inline-width=\"true\"><\/amp-img><\/div>\n<\/div>\n<\/div>\n<div style=\"position:absolute;pointer-events:none;left:16.99029%;top:-8.41424%;width:13.59223%;height:16.82848%;transform:rotate(270deg);opacity:1\">\n<div style=\"pointer-events:initial;width:100%;height:100%;display:block;position:absolute;top:0;left:0;z-index:0\" class=\"mask\" id=\"el-dc4b5286-4cdb-4ca5-98af-09623f37fb01\">\n<div style=\"position:absolute;width:104.46432%;height:100%;left:-2.23216%;top:0%\" data-leaf-element=\"true\"><amp-img layout=\"fill\" src=\"https:\/\/www.panoramamoveis.com.br\/blog-wp\/wp-content\/uploads\/2021\/11\/Panorama-Moveis-click-1.png\" alt=\"Panorama M\u00f3veis click (1)\" srcSet=\"https:\/\/www.panoramamoveis.com.br\/blog-wp\/wp-content\/uploads\/2021\/11\/Panorama-Moveis-click-1.png 3240w,https:\/\/www.panoramamoveis.com.br\/blog-wp\/wp-content\/uploads\/2021\/11\/Panorama-Moveis-click-1-1980x3520.png 1980w,https:\/\/www.panoramamoveis.com.br\/blog-wp\/wp-content\/uploads\/2021\/11\/Panorama-Moveis-click-1-1200x2133.png 1200w,https:\/\/www.panoramamoveis.com.br\/blog-wp\/wp-content\/uploads\/2021\/11\/Panorama-Moveis-click-1-1152x2048.png 1152w,https:\/\/www.panoramamoveis.com.br\/blog-wp\/wp-content\/uploads\/2021\/11\/Panorama-Moveis-click-1-864x1536.png 864w,https:\/\/www.panoramamoveis.com.br\/blog-wp\/wp-content\/uploads\/2021\/11\/Panorama-Moveis-click-1-768x1365.png 768w,https:\/\/www.panoramamoveis.com.br\/blog-wp\/wp-content\/uploads\/2021\/11\/Panorama-Moveis-click-1-576x1024.png 576w,https:\/\/www.panoramamoveis.com.br\/blog-wp\/wp-content\/uploads\/2021\/11\/Panorama-Moveis-click-1-169x300.png 169w,https:\/\/www.panoramamoveis.com.br\/blog-wp\/wp-content\/uploads\/2021\/11\/Panorama-Moveis-click-1-150x267.png 150w\" sizes=\"(min-width: 1024px) 6vh, 14vw\" disable-inline-width=\"true\"><\/amp-img><\/div>\n<\/div>\n<\/div>\n<div style=\"position:absolute;pointer-events:none;left:12.13592%;top:56.95793%;width:75.72816%;height:32.36246%;opacity:1\">\n<div id=\"anim-986f0bff-3929-46b9-8232-0378b65b9efc\" class=\"animation-wrapper\" style=\"width:100%;height:100%;display:block;position:absolute;top:0;left:0;--initial-opacity:0;--initial-transform:none\">\n<div style=\"pointer-events:initial;width:100%;height:100%;display:block;position:absolute;top:0;left:0;z-index:0;border-radius:0.641025641025641% 0.641025641025641% 0.641025641025641% 0.641025641025641% \/ 1% 1% 1% 1%\" id=\"el-adf7d771-8f41-4de6-8678-ef9ff6761937\">\n<h3 class=\"fill text-wrapper\" style=\"white-space:pre-line;overflow-wrap:break-word;word-break:break-word;margin:1.039423076923077% 0;font-family:&quot;Oswald&quot;,sans-serif;font-size:0.372168em;line-height:1.2;text-align:left;padding:0;color:#000000\"><span><span style=\"color: #f00\">Origin\u00e1rio da Inglaterra nos anos 1950, o Devon Rex se destaca pela pelagem ondulada e intelig\u00eancia. Afetuoso e brincalh\u00e3o, cria forte la\u00e7o com os tutores, sendo ideal para quem busca um companheiro soci\u00e1vel, ativo e cheio de energia.&nbsp;<\/span><\/span><\/h3>\n<\/div>\n<\/div>\n<\/div>\n<div style=\"position:absolute;pointer-events:none;left:12.62136%;top:49.83819%;width:75.24272%;height:7.11974%;opacity:1\">\n<div style=\"pointer-events:initial;width:100%;height:100%;display:block;position:absolute;top:0;left:0;z-index:0;border-radius:0.6451612903225806% 0.6451612903225806% 0.6451612903225806% 0.6451612903225806% \/ 4.545454545454546% 4.545454545454546% 4.545454545454546% 4.545454545454546%\" id=\"el-3619a978-e6ec-44d6-a6f7-124f9a6179ba\">\n<h3 class=\"fill text-wrapper\" style=\"white-space:pre-line;overflow-wrap:break-word;word-break:break-word;margin:0;font-family:&quot;Anton&quot;,sans-serif;font-size:0.388350em;line-height:calc(1em + 0.3333333333333333em);text-align:left;padding:0;color:#000000;background-color:rgba(163,0,3,0.6);background:none\"><span style=\"display:block;position:relative;left:0;top:0;margin:1.956275201612903% 0;-webkit-box-decoration-break:clone;box-decoration-break:clone\"><span style=\"background-color:rgba(163,0,3,0.6);-webkit-box-decoration-break:clone;box-decoration-break:clone;position:relative;padding:1.2903225806451613% 2.5806451612903225%;text-align:left;border-radius:2px 2px 2px 2px;color:transparent\">Devon rex<\/span><\/span><\/h3>\n<h3 class=\"fill text-wrapper\" style=\"white-space:pre-line;overflow-wrap:break-word;word-break:break-word;margin:0;font-family:&quot;Anton&quot;,sans-serif;font-size:0.388350em;line-height:calc(1em + 0.3333333333333333em);text-align:left;padding:0;color:#000000;background-color:rgba(163,0,3,0.6);background:none;position:absolute;top:0;left:0;right:0\" aria-hidden=\"true\"><span style=\"display:block;position:relative;left:0;top:0;margin:1.956275201612903% 0;-webkit-box-decoration-break:clone;box-decoration-break:clone\"><span style=\"background-color:rgba(163,0,3,0.6);-webkit-box-decoration-break:clone;box-decoration-break:clone;position:relative;padding:1.2903225806451613% 2.5806451612903225%;text-align:left;border-radius:2px 2px 2px 2px;background:none\"><span style=\"color: #fff\">Devon rex<\/span><\/span><\/span><\/h3>\n<\/div>\n<\/div>\n<\/div>\n<\/div>\n<p><\/amp-story-grid-layer><\/amp-story-page><amp-story-page id=\"1128a7b0-1e64-4fc3-8e6d-78011d218d35\" auto-advance-after=\"7s\"><amp-story-animation layout=\"nodisplay\" trigger=\"visibility\"><script type=\"application\/json\">[{\"selector\":\"#anim-edb91b05-b3b6-461b-bbe0-1bcd595add54\",\"keyframes\":{\"opacity\":[0,1]},\"delay\":0,\"duration\":600,\"easing\":\"cubic-bezier(0.4, 0.4, 0.0, 1)\",\"fill\":\"both\"}]<\/script><\/amp-story-animation><amp-story-grid-layer template=\"vertical\" aspect-ratio=\"412:618\" class=\"grid-layer\"><\/p>\n<div class=\"page-fullbleed-area\" style=\"background-color:#d0c9c3\">\n<div class=\"page-safe-area\">\n<div style=\"position:absolute;pointer-events:none;left:0;top:-9.25926%;width:100%;height:118.51852%;opacity:1\">\n<div style=\"pointer-events:initial;width:100%;height:100%;display:block;position:absolute;top:0;left:0;z-index:0\" class=\"mask\" id=\"el-5c6c7c64-2486-4eeb-818f-4fcbc5149be7\">\n<div style=\"position:absolute;width:100%;height:100%;left:0%;top:0%\" data-leaf-element=\"true\"><amp-img layout=\"fill\" src=\"https:\/\/www.panoramamoveis.com.br\/blog-wp\/wp-content\/uploads\/2022\/07\/ESPELHOS-PG4.png\" alt=\"sala com espelho ovalado em cima de bancada de madeira\" srcSet=\"https:\/\/www.panoramamoveis.com.br\/blog-wp\/wp-content\/uploads\/2022\/07\/ESPELHOS-PG4.png 1080w,https:\/\/www.panoramamoveis.com.br\/blog-wp\/wp-content\/uploads\/2022\/07\/ESPELHOS-PG4-864x1536.png 864w,https:\/\/www.panoramamoveis.com.br\/blog-wp\/wp-content\/uploads\/2022\/07\/ESPELHOS-PG4-768x1365.png 768w,https:\/\/www.panoramamoveis.com.br\/blog-wp\/wp-content\/uploads\/2022\/07\/ESPELHOS-PG4-576x1024.png 576w,https:\/\/www.panoramamoveis.com.br\/blog-wp\/wp-content\/uploads\/2022\/07\/ESPELHOS-PG4-169x300.png 169w,https:\/\/www.panoramamoveis.com.br\/blog-wp\/wp-content\/uploads\/2022\/07\/ESPELHOS-PG4-150x267.png 150w\" sizes=\"(min-width: 1024px) 45vh, 100vw\" disable-inline-width=\"true\"><\/amp-img><\/div>\n<\/div>\n<\/div>\n<\/div>\n<\/div>\n<p><\/amp-story-grid-layer><amp-story-grid-layer template=\"vertical\" aspect-ratio=\"412:618\" class=\"grid-layer\"><\/p>\n<div class=\"page-fullbleed-area\">\n<div class=\"page-safe-area\">\n<div style=\"position:absolute;pointer-events:none;left:11.16505%;top:-5.66343%;width:77.42718%;height:62.62136%;opacity:1\">\n<div style=\"pointer-events:initial;width:100%;height:100%;display:block;position:absolute;top:0;left:0;z-index:0\" class=\"mask\" id=\"el-37a036d1-1fed-4628-9624-eec41168a3d5\">\n<div style=\"position:absolute;width:181.9394%;height:100%;left:-40.9697%;top:0%\" data-leaf-element=\"true\"><amp-img layout=\"fill\" src=\"https:\/\/www.panoramamoveis.com.br\/blog-wp\/wp-content\/uploads\/2025\/03\/cs1nx493aevb7tkmteinp1bfa-scaled.jpg\" alt=\"cs1nx493aevb7tkmteinp1bfa\" srcSet=\"https:\/\/www.panoramamoveis.com.br\/blog-wp\/wp-content\/uploads\/2025\/03\/cs1nx493aevb7tkmteinp1bfa-scaled.jpg 2560w,https:\/\/www.panoramamoveis.com.br\/blog-wp\/wp-content\/uploads\/2025\/03\/cs1nx493aevb7tkmteinp1bfa-2048x1366.jpg 2048w,https:\/\/www.panoramamoveis.com.br\/blog-wp\/wp-content\/uploads\/2025\/03\/cs1nx493aevb7tkmteinp1bfa-1980x1320.jpg 1980w,https:\/\/www.panoramamoveis.com.br\/blog-wp\/wp-content\/uploads\/2025\/03\/cs1nx493aevb7tkmteinp1bfa-1536x1024.jpg 1536w,https:\/\/www.panoramamoveis.com.br\/blog-wp\/wp-content\/uploads\/2025\/03\/cs1nx493aevb7tkmteinp1bfa-1200x800.jpg 1200w,https:\/\/www.panoramamoveis.com.br\/blog-wp\/wp-content\/uploads\/2025\/03\/cs1nx493aevb7tkmteinp1bfa-1024x683.jpg 1024w,https:\/\/www.panoramamoveis.com.br\/blog-wp\/wp-content\/uploads\/2025\/03\/cs1nx493aevb7tkmteinp1bfa-768x512.jpg 768w,https:\/\/www.panoramamoveis.com.br\/blog-wp\/wp-content\/uploads\/2025\/03\/cs1nx493aevb7tkmteinp1bfa-300x200.jpg 300w,https:\/\/www.panoramamoveis.com.br\/blog-wp\/wp-content\/uploads\/2025\/03\/cs1nx493aevb7tkmteinp1bfa-150x100.jpg 150w\" sizes=\"(min-width: 1024px) 35vh, 77vw\" disable-inline-width=\"true\"><\/amp-img><\/div>\n<\/div>\n<\/div>\n<div style=\"position:absolute;pointer-events:none;left:12.86408%;top:49.83819%;width:74.02913%;height:7.11974%;opacity:1\">\n<div style=\"pointer-events:initial;width:100%;height:100%;display:block;position:absolute;top:0;left:0;z-index:0;border-radius:0.6557377049180327% 0.6557377049180327% 0.6557377049180327% 0.6557377049180327% \/ 4.545454545454546% 4.545454545454546% 4.545454545454546% 4.545454545454546%\" id=\"el-93e6e743-8181-4240-8b7a-66dfc08205f8\">\n<h3 class=\"fill text-wrapper\" style=\"white-space:pre-line;overflow-wrap:break-word;word-break:break-word;margin:0;font-family:&quot;Anton&quot;,sans-serif;font-size:0.388350em;line-height:calc(1em + 0.3333333333333333em);text-align:left;padding:0;color:#000000;background-color:rgba(163,0,3,0.6);background:none\"><span style=\"display:block;position:relative;left:0;top:0;margin:1.9883452868852458% 0;-webkit-box-decoration-break:clone;box-decoration-break:clone\"><span style=\"background-color:rgba(163,0,3,0.6);-webkit-box-decoration-break:clone;box-decoration-break:clone;position:relative;padding:1.3114754098360655% 2.622950819672131%;text-align:left;border-radius:2px 2px 2px 2px;color:transparent\">LaPerm<\/span><\/span><\/h3>\n<h3 class=\"fill text-wrapper\" style=\"white-space:pre-line;overflow-wrap:break-word;word-break:break-word;margin:0;font-family:&quot;Anton&quot;,sans-serif;font-size:0.388350em;line-height:calc(1em + 0.3333333333333333em);text-align:left;padding:0;color:#000000;background-color:rgba(163,0,3,0.6);background:none;position:absolute;top:0;left:0;right:0\" aria-hidden=\"true\"><span style=\"display:block;position:relative;left:0;top:0;margin:1.9883452868852458% 0;-webkit-box-decoration-break:clone;box-decoration-break:clone\"><span style=\"background-color:rgba(163,0,3,0.6);-webkit-box-decoration-break:clone;box-decoration-break:clone;position:relative;padding:1.3114754098360655% 2.622950819672131%;text-align:left;border-radius:2px 2px 2px 2px;background:none\"><span style=\"color: #fff\">LaPerm<\/span><\/span><\/span><\/h3>\n<\/div>\n<\/div>\n<div style=\"position:absolute;pointer-events:none;left:16.99029%;top:-8.41424%;width:13.59223%;height:16.82848%;transform:rotate(270deg);opacity:1\">\n<div style=\"pointer-events:initial;width:100%;height:100%;display:block;position:absolute;top:0;left:0;z-index:0\" class=\"mask\" id=\"el-162aabfd-28a2-4a64-9c95-eedf4a07ed8e\">\n<div style=\"position:absolute;width:104.46432%;height:100%;left:-2.23216%;top:0%\" data-leaf-element=\"true\"><amp-img layout=\"fill\" src=\"https:\/\/www.panoramamoveis.com.br\/blog-wp\/wp-content\/uploads\/2021\/11\/Panorama-Moveis-click-1.png\" alt=\"Panorama M\u00f3veis click (1)\" srcSet=\"https:\/\/www.panoramamoveis.com.br\/blog-wp\/wp-content\/uploads\/2021\/11\/Panorama-Moveis-click-1.png 3240w,https:\/\/www.panoramamoveis.com.br\/blog-wp\/wp-content\/uploads\/2021\/11\/Panorama-Moveis-click-1-1980x3520.png 1980w,https:\/\/www.panoramamoveis.com.br\/blog-wp\/wp-content\/uploads\/2021\/11\/Panorama-Moveis-click-1-1200x2133.png 1200w,https:\/\/www.panoramamoveis.com.br\/blog-wp\/wp-content\/uploads\/2021\/11\/Panorama-Moveis-click-1-1152x2048.png 1152w,https:\/\/www.panoramamoveis.com.br\/blog-wp\/wp-content\/uploads\/2021\/11\/Panorama-Moveis-click-1-864x1536.png 864w,https:\/\/www.panoramamoveis.com.br\/blog-wp\/wp-content\/uploads\/2021\/11\/Panorama-Moveis-click-1-768x1365.png 768w,https:\/\/www.panoramamoveis.com.br\/blog-wp\/wp-content\/uploads\/2021\/11\/Panorama-Moveis-click-1-576x1024.png 576w,https:\/\/www.panoramamoveis.com.br\/blog-wp\/wp-content\/uploads\/2021\/11\/Panorama-Moveis-click-1-169x300.png 169w,https:\/\/www.panoramamoveis.com.br\/blog-wp\/wp-content\/uploads\/2021\/11\/Panorama-Moveis-click-1-150x267.png 150w\" sizes=\"(min-width: 1024px) 6vh, 14vw\" disable-inline-width=\"true\"><\/amp-img><\/div>\n<\/div>\n<\/div>\n<div style=\"position:absolute;pointer-events:none;left:12.62136%;top:56.95793%;width:75.72816%;height:32.36246%;opacity:1\">\n<div id=\"anim-edb91b05-b3b6-461b-bbe0-1bcd595add54\" class=\"animation-wrapper\" style=\"width:100%;height:100%;display:block;position:absolute;top:0;left:0;--initial-opacity:0;--initial-transform:none\">\n<div style=\"pointer-events:initial;width:100%;height:100%;display:block;position:absolute;top:0;left:0;z-index:0;border-radius:0.641025641025641% 0.641025641025641% 0.641025641025641% 0.641025641025641% \/ 1% 1% 1% 1%\" id=\"el-fbd92668-2fca-4988-84b9-f18b7633231d\">\n<h3 class=\"fill text-wrapper\" style=\"white-space:pre-line;overflow-wrap:break-word;word-break:break-word;margin:1.039423076923077% 0;font-family:&quot;Oswald&quot;,sans-serif;font-size:0.372168em;line-height:1.2;text-align:left;padding:0;color:#000000\"><span><span style=\"color: #f00\">O LaPerm, uma ra\u00e7a americana surgida na d\u00e9cada de 1980, \u00e9 conhecido por seu pelo cacheado. Com temperamento d\u00f3cil e soci\u00e1vel, \u00e9 uma excelente companhia para fam\u00edlias com crian\u00e7as e idosos, sendo tranquila, mas interativa.&nbsp;<\/span><\/span><\/h3>\n<\/div>\n<\/div>\n<\/div>\n<\/div>\n<\/div>\n<p><\/amp-story-grid-layer><\/amp-story-page><amp-story-page id=\"0bdac63d-8073-43d6-9ad0-abd31a886d7b\" auto-advance-after=\"7s\"><amp-story-animation layout=\"nodisplay\" trigger=\"visibility\"><script type=\"application\/json\">[{\"selector\":\"#anim-09a3f431-a58a-424c-b55b-66d4b6a970a5\",\"keyframes\":{\"opacity\":[0,1]},\"delay\":0,\"duration\":600,\"easing\":\"cubic-bezier(0.4, 0.4, 0.0, 1)\",\"fill\":\"both\"}]<\/script><\/amp-story-animation><amp-story-grid-layer template=\"vertical\" aspect-ratio=\"412:618\" class=\"grid-layer\"><\/p>\n<div class=\"page-fullbleed-area\" style=\"background-color:#d0c9c3\">\n<div class=\"page-safe-area\">\n<div style=\"position:absolute;pointer-events:none;left:0;top:-9.25926%;width:100%;height:118.51852%;opacity:1\">\n<div style=\"pointer-events:initial;width:100%;height:100%;display:block;position:absolute;top:0;left:0;z-index:0\" class=\"mask\" id=\"el-9c84686a-db7a-45b3-9b9b-fa08ede9150b\">\n<div style=\"position:absolute;width:100%;height:100%;left:0%;top:0%\" data-leaf-element=\"true\"><amp-img layout=\"fill\" src=\"https:\/\/www.panoramamoveis.com.br\/blog-wp\/wp-content\/uploads\/2022\/07\/ESPELHOS-PG4.png\" alt=\"sala com espelho ovalado em cima de bancada de madeira\" srcSet=\"https:\/\/www.panoramamoveis.com.br\/blog-wp\/wp-content\/uploads\/2022\/07\/ESPELHOS-PG4.png 1080w,https:\/\/www.panoramamoveis.com.br\/blog-wp\/wp-content\/uploads\/2022\/07\/ESPELHOS-PG4-864x1536.png 864w,https:\/\/www.panoramamoveis.com.br\/blog-wp\/wp-content\/uploads\/2022\/07\/ESPELHOS-PG4-768x1365.png 768w,https:\/\/www.panoramamoveis.com.br\/blog-wp\/wp-content\/uploads\/2022\/07\/ESPELHOS-PG4-576x1024.png 576w,https:\/\/www.panoramamoveis.com.br\/blog-wp\/wp-content\/uploads\/2022\/07\/ESPELHOS-PG4-169x300.png 169w,https:\/\/www.panoramamoveis.com.br\/blog-wp\/wp-content\/uploads\/2022\/07\/ESPELHOS-PG4-150x267.png 150w\" sizes=\"(min-width: 1024px) 45vh, 100vw\" disable-inline-width=\"true\"><\/amp-img><\/div>\n<\/div>\n<\/div>\n<\/div>\n<\/div>\n<p><\/amp-story-grid-layer><amp-story-grid-layer template=\"vertical\" aspect-ratio=\"412:618\" class=\"grid-layer\"><\/p>\n<div class=\"page-fullbleed-area\">\n<div class=\"page-safe-area\">\n<div style=\"position:absolute;pointer-events:none;left:10.92233%;top:-6.31068%;width:77.42718%;height:63.26861%;opacity:1\">\n<div style=\"pointer-events:initial;width:100%;height:100%;display:block;position:absolute;top:0;left:0;z-index:0\" class=\"mask\" id=\"el-5ccdcd07-9fc2-496b-9c25-26caa785977f\">\n<div style=\"position:absolute;width:163.42739%;height:100%;left:-31.7137%;top:0%\" data-leaf-element=\"true\"><amp-img layout=\"fill\" src=\"https:\/\/www.panoramamoveis.com.br\/blog-wp\/wp-content\/uploads\/2025\/03\/y8ai8dkf97381.jpg\" alt=\"y8ai8dkf97381\" srcSet=\"https:\/\/www.panoramamoveis.com.br\/blog-wp\/wp-content\/uploads\/2025\/03\/y8ai8dkf97381.jpg 2560w,https:\/\/www.panoramamoveis.com.br\/blog-wp\/wp-content\/uploads\/2025\/03\/y8ai8dkf97381-2048x1536.jpg 2048w,https:\/\/www.panoramamoveis.com.br\/blog-wp\/wp-content\/uploads\/2025\/03\/y8ai8dkf97381-1980x1485.jpg 1980w,https:\/\/www.panoramamoveis.com.br\/blog-wp\/wp-content\/uploads\/2025\/03\/y8ai8dkf97381-1536x1152.jpg 1536w,https:\/\/www.panoramamoveis.com.br\/blog-wp\/wp-content\/uploads\/2025\/03\/y8ai8dkf97381-1200x900.jpg 1200w,https:\/\/www.panoramamoveis.com.br\/blog-wp\/wp-content\/uploads\/2025\/03\/y8ai8dkf97381-1024x768.jpg 1024w,https:\/\/www.panoramamoveis.com.br\/blog-wp\/wp-content\/uploads\/2025\/03\/y8ai8dkf97381-768x576.jpg 768w,https:\/\/www.panoramamoveis.com.br\/blog-wp\/wp-content\/uploads\/2025\/03\/y8ai8dkf97381-300x225.jpg 300w,https:\/\/www.panoramamoveis.com.br\/blog-wp\/wp-content\/uploads\/2025\/03\/y8ai8dkf97381-150x113.jpg 150w\" sizes=\"(min-width: 1024px) 35vh, 77vw\" disable-inline-width=\"true\"><\/amp-img><\/div>\n<\/div>\n<\/div>\n<div style=\"position:absolute;pointer-events:none;left:12.37864%;top:49.83819%;width:74.75728%;height:7.11974%;opacity:1\">\n<div style=\"pointer-events:initial;width:100%;height:100%;display:block;position:absolute;top:0;left:0;z-index:0;border-radius:0.6493506493506493% 0.6493506493506493% 0.6493506493506493% 0.6493506493506493% \/ 4.545454545454546% 4.545454545454546% 4.545454545454546% 4.545454545454546%\" id=\"el-59fca1bb-7676-4132-b5c3-d4aa97d11205\">\n<h3 class=\"fill text-wrapper\" style=\"white-space:pre-line;overflow-wrap:break-word;word-break:break-word;margin:0;font-family:&quot;Anton&quot;,sans-serif;font-size:0.388350em;line-height:calc(1em + 0.3333333333333333em);text-align:left;padding:0;color:#000000;background-color:rgba(163,0,3,0.6);background:none\"><span style=\"display:block;position:relative;left:0;top:0;margin:1.9689782873376624% 0;-webkit-box-decoration-break:clone;box-decoration-break:clone\"><span style=\"background-color:rgba(163,0,3,0.6);-webkit-box-decoration-break:clone;box-decoration-break:clone;position:relative;padding:1.2987012987012987% 2.5974025974025974%;text-align:left;border-radius:2px 2px 2px 2px;color:transparent\">German rex<\/span><\/span><\/h3>\n<h3 class=\"fill text-wrapper\" style=\"white-space:pre-line;overflow-wrap:break-word;word-break:break-word;margin:0;font-family:&quot;Anton&quot;,sans-serif;font-size:0.388350em;line-height:calc(1em + 0.3333333333333333em);text-align:left;padding:0;color:#000000;background-color:rgba(163,0,3,0.6);background:none;position:absolute;top:0;left:0;right:0\" aria-hidden=\"true\"><span style=\"display:block;position:relative;left:0;top:0;margin:1.9689782873376624% 0;-webkit-box-decoration-break:clone;box-decoration-break:clone\"><span style=\"background-color:rgba(163,0,3,0.6);-webkit-box-decoration-break:clone;box-decoration-break:clone;position:relative;padding:1.2987012987012987% 2.5974025974025974%;text-align:left;border-radius:2px 2px 2px 2px;background:none\"><span style=\"color: #fff\">German rex<\/span><\/span><\/span><\/h3>\n<\/div>\n<\/div>\n<div style=\"position:absolute;pointer-events:none;left:16.99029%;top:-8.41424%;width:13.59223%;height:16.82848%;transform:rotate(270deg);opacity:1\">\n<div style=\"pointer-events:initial;width:100%;height:100%;display:block;position:absolute;top:0;left:0;z-index:0\" class=\"mask\" id=\"el-67d076af-384e-4837-8255-4bdc620cfccf\">\n<div style=\"position:absolute;width:104.46432%;height:100%;left:-2.23216%;top:0%\" data-leaf-element=\"true\"><amp-img layout=\"fill\" src=\"https:\/\/www.panoramamoveis.com.br\/blog-wp\/wp-content\/uploads\/2021\/11\/Panorama-Moveis-click-1.png\" alt=\"Panorama M\u00f3veis click (1)\" srcSet=\"https:\/\/www.panoramamoveis.com.br\/blog-wp\/wp-content\/uploads\/2021\/11\/Panorama-Moveis-click-1.png 3240w,https:\/\/www.panoramamoveis.com.br\/blog-wp\/wp-content\/uploads\/2021\/11\/Panorama-Moveis-click-1-1980x3520.png 1980w,https:\/\/www.panoramamoveis.com.br\/blog-wp\/wp-content\/uploads\/2021\/11\/Panorama-Moveis-click-1-1200x2133.png 1200w,https:\/\/www.panoramamoveis.com.br\/blog-wp\/wp-content\/uploads\/2021\/11\/Panorama-Moveis-click-1-1152x2048.png 1152w,https:\/\/www.panoramamoveis.com.br\/blog-wp\/wp-content\/uploads\/2021\/11\/Panorama-Moveis-click-1-864x1536.png 864w,https:\/\/www.panoramamoveis.com.br\/blog-wp\/wp-content\/uploads\/2021\/11\/Panorama-Moveis-click-1-768x1365.png 768w,https:\/\/www.panoramamoveis.com.br\/blog-wp\/wp-content\/uploads\/2021\/11\/Panorama-Moveis-click-1-576x1024.png 576w,https:\/\/www.panoramamoveis.com.br\/blog-wp\/wp-content\/uploads\/2021\/11\/Panorama-Moveis-click-1-169x300.png 169w,https:\/\/www.panoramamoveis.com.br\/blog-wp\/wp-content\/uploads\/2021\/11\/Panorama-Moveis-click-1-150x267.png 150w\" sizes=\"(min-width: 1024px) 6vh, 14vw\" disable-inline-width=\"true\"><\/amp-img><\/div>\n<\/div>\n<\/div>\n<div style=\"position:absolute;pointer-events:none;left:12.13592%;top:56.95793%;width:75.24272%;height:41.26214%;opacity:1\">\n<div id=\"anim-09a3f431-a58a-424c-b55b-66d4b6a970a5\" class=\"animation-wrapper\" style=\"width:100%;height:100%;display:block;position:absolute;top:0;left:0;--initial-opacity:0;--initial-transform:none\">\n<div style=\"pointer-events:initial;width:100%;height:100%;display:block;position:absolute;top:0;left:0;z-index:0;border-radius:0.6451612903225806% 0.6451612903225806% 0.6451612903225806% 0.6451612903225806% \/ 0.7843137254901961% 0.7843137254901961% 0.7843137254901961% 0.7843137254901961%\" id=\"el-91a24861-2695-4747-85bf-4165f2cdf5bb\">\n<h3 class=\"fill text-wrapper\" style=\"white-space:pre-line;overflow-wrap:break-word;word-break:break-word;margin:1.0461290322580645% 0;font-family:&quot;Oswald&quot;,sans-serif;font-size:0.372168em;line-height:1.2;text-align:left;padding:0;color:#000000\"><span><span style=\"color: #f00\">O German Rex, origin\u00e1rio da Alemanha p\u00f3s-Segunda Guerra Mundial, tem pelagem curta e ondulada, com textura aveludada. Soci\u00e1vel e afetuoso, \u00e9 uma ra\u00e7a rara, apreciada por sua facilidade de adapta\u00e7\u00e3o ao ambiente familiar e conviv\u00eancia com outros animais de estima\u00e7\u00e3o.<\/span><\/span><\/h3>\n<\/div>\n<\/div>\n<\/div>\n<\/div>\n<\/div>\n<p><\/amp-story-grid-layer><\/amp-story-page><amp-story-page id=\"33ada4fb-45b3-4a97-9d26-7d438c9e2db8\" auto-advance-after=\"7s\"><amp-story-animation layout=\"nodisplay\" trigger=\"visibility\"><script type=\"application\/json\">[{\"selector\":\"#anim-2f11894c-c108-4542-a54a-22ed6a2420a0\",\"keyframes\":{\"opacity\":[0,1]},\"delay\":0,\"duration\":600,\"easing\":\"cubic-bezier(0.4, 0.4, 0.0, 1)\",\"fill\":\"both\"}]<\/script><\/amp-story-animation><amp-story-grid-layer template=\"vertical\" aspect-ratio=\"412:618\" class=\"grid-layer\"><\/p>\n<div class=\"page-fullbleed-area\" style=\"background-color:#d0c9c3\">\n<div class=\"page-safe-area\">\n<div style=\"position:absolute;pointer-events:none;left:0;top:-9.25926%;width:100%;height:118.51852%;opacity:1\">\n<div style=\"pointer-events:initial;width:100%;height:100%;display:block;position:absolute;top:0;left:0;z-index:0\" class=\"mask\" id=\"el-6ecd1b8b-b184-41a7-96fe-767b55bae3dc\">\n<div style=\"position:absolute;width:100%;height:100%;left:0%;top:0%\" data-leaf-element=\"true\"><amp-img layout=\"fill\" src=\"https:\/\/www.panoramamoveis.com.br\/blog-wp\/wp-content\/uploads\/2022\/07\/ESPELHOS-PG4.png\" alt=\"sala com espelho ovalado em cima de bancada de madeira\" srcSet=\"https:\/\/www.panoramamoveis.com.br\/blog-wp\/wp-content\/uploads\/2022\/07\/ESPELHOS-PG4.png 1080w,https:\/\/www.panoramamoveis.com.br\/blog-wp\/wp-content\/uploads\/2022\/07\/ESPELHOS-PG4-864x1536.png 864w,https:\/\/www.panoramamoveis.com.br\/blog-wp\/wp-content\/uploads\/2022\/07\/ESPELHOS-PG4-768x1365.png 768w,https:\/\/www.panoramamoveis.com.br\/blog-wp\/wp-content\/uploads\/2022\/07\/ESPELHOS-PG4-576x1024.png 576w,https:\/\/www.panoramamoveis.com.br\/blog-wp\/wp-content\/uploads\/2022\/07\/ESPELHOS-PG4-169x300.png 169w,https:\/\/www.panoramamoveis.com.br\/blog-wp\/wp-content\/uploads\/2022\/07\/ESPELHOS-PG4-150x267.png 150w\" sizes=\"(min-width: 1024px) 45vh, 100vw\" disable-inline-width=\"true\"><\/amp-img><\/div>\n<\/div>\n<\/div>\n<\/div>\n<\/div>\n<p><\/amp-story-grid-layer><amp-story-grid-layer template=\"vertical\" aspect-ratio=\"412:618\" class=\"grid-layer\"><\/p>\n<div class=\"page-fullbleed-area\">\n<div class=\"page-safe-area\">\n<div style=\"position:absolute;pointer-events:none;left:11.65049%;top:-6.79612%;width:76.21359%;height:63.75405%;opacity:1\">\n<div style=\"pointer-events:initial;width:100%;height:100%;display:block;position:absolute;top:0;left:0;z-index:0\" class=\"mask\" id=\"el-a3f41053-4b28-46f5-8c2a-2e65c6f9dcfd\">\n<div style=\"position:absolute;width:100%;height:119.54313%;left:0%;top:-9.77157%\" data-leaf-element=\"true\"><amp-img layout=\"fill\" src=\"https:\/\/www.panoramamoveis.com.br\/blog-wp\/wp-content\/uploads\/2025\/03\/65896effb707cf7de116f83a.jpg\" alt=\"65896effb707cf7de116f83a\" srcSet=\"https:\/\/www.panoramamoveis.com.br\/blog-wp\/wp-content\/uploads\/2025\/03\/65896effb707cf7de116f83a.jpg 900w,https:\/\/www.panoramamoveis.com.br\/blog-wp\/wp-content\/uploads\/2025\/03\/65896effb707cf7de116f83a-768x1152.jpg 768w,https:\/\/www.panoramamoveis.com.br\/blog-wp\/wp-content\/uploads\/2025\/03\/65896effb707cf7de116f83a-683x1024.jpg 683w,https:\/\/www.panoramamoveis.com.br\/blog-wp\/wp-content\/uploads\/2025\/03\/65896effb707cf7de116f83a-200x300.jpg 200w,https:\/\/www.panoramamoveis.com.br\/blog-wp\/wp-content\/uploads\/2025\/03\/65896effb707cf7de116f83a-150x225.jpg 150w\" sizes=\"(min-width: 1024px) 34vh, 76vw\" disable-inline-width=\"true\"><\/amp-img><\/div>\n<\/div>\n<\/div>\n<div style=\"position:absolute;pointer-events:none;left:12.62136%;top:49.83819%;width:74.75728%;height:7.11974%;opacity:1\">\n<div style=\"pointer-events:initial;width:100%;height:100%;display:block;position:absolute;top:0;left:0;z-index:0;border-radius:0.6493506493506493% 0.6493506493506493% 0.6493506493506493% 0.6493506493506493% \/ 4.545454545454546% 4.545454545454546% 4.545454545454546% 4.545454545454546%\" id=\"el-153d223b-1105-4851-b910-72a266e81942\">\n<h3 class=\"fill text-wrapper\" style=\"white-space:pre-line;overflow-wrap:break-word;word-break:break-word;margin:0;font-family:&quot;Anton&quot;,sans-serif;font-size:0.388350em;line-height:calc(1em + 0.3333333333333333em);text-align:left;padding:0;color:#000000;background-color:rgba(163,0,3,0.6);background:none\"><span style=\"display:block;position:relative;left:0;top:0;margin:1.9689782873376624% 0;-webkit-box-decoration-break:clone;box-decoration-break:clone\"><span style=\"background-color:rgba(163,0,3,0.6);-webkit-box-decoration-break:clone;box-decoration-break:clone;position:relative;padding:1.2987012987012987% 2.5974025974025974%;text-align:left;border-radius:2px 2px 2px 2px;color:transparent\">Ural rex<\/span><\/span><\/h3>\n<h3 class=\"fill text-wrapper\" style=\"white-space:pre-line;overflow-wrap:break-word;word-break:break-word;margin:0;font-family:&quot;Anton&quot;,sans-serif;font-size:0.388350em;line-height:calc(1em + 0.3333333333333333em);text-align:left;padding:0;color:#000000;background-color:rgba(163,0,3,0.6);background:none;position:absolute;top:0;left:0;right:0\" aria-hidden=\"true\"><span style=\"display:block;position:relative;left:0;top:0;margin:1.9689782873376624% 0;-webkit-box-decoration-break:clone;box-decoration-break:clone\"><span style=\"background-color:rgba(163,0,3,0.6);-webkit-box-decoration-break:clone;box-decoration-break:clone;position:relative;padding:1.2987012987012987% 2.5974025974025974%;text-align:left;border-radius:2px 2px 2px 2px;background:none\"><span style=\"color: #fff\">Ural rex<\/span><\/span><\/span><\/h3>\n<\/div>\n<\/div>\n<div style=\"position:absolute;pointer-events:none;left:16.99029%;top:-8.41424%;width:13.59223%;height:16.82848%;transform:rotate(270deg);opacity:1\">\n<div style=\"pointer-events:initial;width:100%;height:100%;display:block;position:absolute;top:0;left:0;z-index:0\" class=\"mask\" id=\"el-6a4c4734-4892-496e-a5c7-eb3790a14483\">\n<div style=\"position:absolute;width:104.46432%;height:100%;left:-2.23216%;top:0%\" data-leaf-element=\"true\"><amp-img layout=\"fill\" src=\"https:\/\/www.panoramamoveis.com.br\/blog-wp\/wp-content\/uploads\/2021\/11\/Panorama-Moveis-click-1.png\" alt=\"Panorama M\u00f3veis click (1)\" srcSet=\"https:\/\/www.panoramamoveis.com.br\/blog-wp\/wp-content\/uploads\/2021\/11\/Panorama-Moveis-click-1.png 3240w,https:\/\/www.panoramamoveis.com.br\/blog-wp\/wp-content\/uploads\/2021\/11\/Panorama-Moveis-click-1-1980x3520.png 1980w,https:\/\/www.panoramamoveis.com.br\/blog-wp\/wp-content\/uploads\/2021\/11\/Panorama-Moveis-click-1-1200x2133.png 1200w,https:\/\/www.panoramamoveis.com.br\/blog-wp\/wp-content\/uploads\/2021\/11\/Panorama-Moveis-click-1-1152x2048.png 1152w,https:\/\/www.panoramamoveis.com.br\/blog-wp\/wp-content\/uploads\/2021\/11\/Panorama-Moveis-click-1-864x1536.png 864w,https:\/\/www.panoramamoveis.com.br\/blog-wp\/wp-content\/uploads\/2021\/11\/Panorama-Moveis-click-1-768x1365.png 768w,https:\/\/www.panoramamoveis.com.br\/blog-wp\/wp-content\/uploads\/2021\/11\/Panorama-Moveis-click-1-576x1024.png 576w,https:\/\/www.panoramamoveis.com.br\/blog-wp\/wp-content\/uploads\/2021\/11\/Panorama-Moveis-click-1-169x300.png 169w,https:\/\/www.panoramamoveis.com.br\/blog-wp\/wp-content\/uploads\/2021\/11\/Panorama-Moveis-click-1-150x267.png 150w\" sizes=\"(min-width: 1024px) 6vh, 14vw\" disable-inline-width=\"true\"><\/amp-img><\/div>\n<\/div>\n<\/div>\n<div style=\"position:absolute;pointer-events:none;left:12.37864%;top:56.95793%;width:75.24272%;height:32.36246%;opacity:1\">\n<div id=\"anim-2f11894c-c108-4542-a54a-22ed6a2420a0\" class=\"animation-wrapper\" style=\"width:100%;height:100%;display:block;position:absolute;top:0;left:0;--initial-opacity:0;--initial-transform:none\">\n<div style=\"pointer-events:initial;width:100%;height:100%;display:block;position:absolute;top:0;left:0;z-index:0;border-radius:0.6451612903225806% 0.6451612903225806% 0.6451612903225806% 0.6451612903225806% \/ 1% 1% 1% 1%\" id=\"el-f2cf268d-cfc9-4db2-ab60-519aaabc6741\">\n<h3 class=\"fill text-wrapper\" style=\"white-space:pre-line;overflow-wrap:break-word;word-break:break-word;margin:1.0461290322580645% 0;font-family:&quot;Oswald&quot;,sans-serif;font-size:0.372168em;line-height:1.2;text-align:left;padding:0;color:#000000\"><span><span style=\"color: #f00\">O Ural Rex, origin\u00e1rio dos Montes Urais, na R\u00fassia, \u00e9 uma ra\u00e7a rara com pelagem ondulada que cobre todo o corpo. Mais reservado, adapta-se melhor a ambientes tranquilos e tutores que apreciam momentos de calma e serenidade.&nbsp;<\/span><\/span><\/h3>\n<\/div>\n<\/div>\n<\/div>\n<\/div>\n<\/div>\n<p><\/amp-story-grid-layer><\/amp-story-page><amp-story-page id=\"05af683d-cda1-4a55-9a17-700c84a7637e\" auto-advance-after=\"7s\"><amp-story-animation layout=\"nodisplay\" trigger=\"visibility\"><script type=\"application\/json\">[{\"selector\":\"#anim-a8d49b55-e4fe-4dbe-8123-7d7a097152db\",\"keyframes\":{\"opacity\":[0,1]},\"delay\":0,\"duration\":600,\"easing\":\"cubic-bezier(0.4, 0.4, 0.0, 1)\",\"fill\":\"both\"}]<\/script><\/amp-story-animation><amp-story-grid-layer template=\"vertical\" aspect-ratio=\"412:618\" class=\"grid-layer\"><\/p>\n<div class=\"page-fullbleed-area\" style=\"background-color:#d0c9c3\">\n<div class=\"page-safe-area\">\n<div style=\"position:absolute;pointer-events:none;left:0;top:-9.25926%;width:100%;height:118.51852%;opacity:1\">\n<div style=\"pointer-events:initial;width:100%;height:100%;display:block;position:absolute;top:0;left:0;z-index:0\" class=\"mask\" id=\"el-51368441-0edd-4e55-83b3-a10dbcb22e08\">\n<div style=\"position:absolute;width:100%;height:100%;left:0%;top:0%\" data-leaf-element=\"true\"><amp-img layout=\"fill\" src=\"https:\/\/www.panoramamoveis.com.br\/blog-wp\/wp-content\/uploads\/2022\/07\/ESPELHOS-PG4.png\" alt=\"sala com espelho ovalado em cima de bancada de madeira\" srcSet=\"https:\/\/www.panoramamoveis.com.br\/blog-wp\/wp-content\/uploads\/2022\/07\/ESPELHOS-PG4.png 1080w,https:\/\/www.panoramamoveis.com.br\/blog-wp\/wp-content\/uploads\/2022\/07\/ESPELHOS-PG4-864x1536.png 864w,https:\/\/www.panoramamoveis.com.br\/blog-wp\/wp-content\/uploads\/2022\/07\/ESPELHOS-PG4-768x1365.png 768w,https:\/\/www.panoramamoveis.com.br\/blog-wp\/wp-content\/uploads\/2022\/07\/ESPELHOS-PG4-576x1024.png 576w,https:\/\/www.panoramamoveis.com.br\/blog-wp\/wp-content\/uploads\/2022\/07\/ESPELHOS-PG4-169x300.png 169w,https:\/\/www.panoramamoveis.com.br\/blog-wp\/wp-content\/uploads\/2022\/07\/ESPELHOS-PG4-150x267.png 150w\" sizes=\"(min-width: 1024px) 45vh, 100vw\" disable-inline-width=\"true\"><\/amp-img><\/div>\n<\/div>\n<\/div>\n<\/div>\n<\/div>\n<p><\/amp-story-grid-layer><amp-story-grid-layer template=\"vertical\" aspect-ratio=\"412:618\" class=\"grid-layer\"><\/p>\n<div class=\"page-fullbleed-area\">\n<div class=\"page-safe-area\">\n<div style=\"position:absolute;pointer-events:none;left:11.65049%;top:-7.11974%;width:76.69903%;height:64.23948%;opacity:1\">\n<div style=\"pointer-events:initial;width:100%;height:100%;display:block;position:absolute;top:0;left:0;z-index:0\" class=\"mask\" id=\"el-e19e72f2-d638-4ca4-8146-662992cf35a3\">\n<div style=\"position:absolute;width:168.82361%;height:100%;left:-34.41181%;top:0%\" data-leaf-element=\"true\"><amp-img layout=\"fill\" src=\"https:\/\/www.panoramamoveis.com.br\/blog-wp\/wp-content\/uploads\/2025\/03\/races-chats-fises-10-44-55.jpeg\" alt=\"races-chats-fises-10-44-55\" srcSet=\"https:\/\/www.panoramamoveis.com.br\/blog-wp\/wp-content\/uploads\/2025\/03\/races-chats-fises-10-44-55.jpeg 1200w,https:\/\/www.panoramamoveis.com.br\/blog-wp\/wp-content\/uploads\/2025\/03\/races-chats-fises-10-44-55-1024x762.jpeg 1024w,https:\/\/www.panoramamoveis.com.br\/blog-wp\/wp-content\/uploads\/2025\/03\/races-chats-fises-10-44-55-768x572.jpeg 768w,https:\/\/www.panoramamoveis.com.br\/blog-wp\/wp-content\/uploads\/2025\/03\/races-chats-fises-10-44-55-300x223.jpeg 300w,https:\/\/www.panoramamoveis.com.br\/blog-wp\/wp-content\/uploads\/2025\/03\/races-chats-fises-10-44-55-150x112.jpeg 150w\" sizes=\"(min-width: 1024px) 35vh, 77vw\" disable-inline-width=\"true\"><\/amp-img><\/div>\n<\/div>\n<\/div>\n<div style=\"position:absolute;pointer-events:none;left:12.86408%;top:49.83819%;width:74.75728%;height:7.11974%;opacity:1\">\n<div style=\"pointer-events:initial;width:100%;height:100%;display:block;position:absolute;top:0;left:0;z-index:0;border-radius:0.6493506493506493% 0.6493506493506493% 0.6493506493506493% 0.6493506493506493% \/ 4.545454545454546% 4.545454545454546% 4.545454545454546% 4.545454545454546%\" id=\"el-e24c00af-5226-4017-9153-fb775b169f2a\">\n<h3 class=\"fill text-wrapper\" style=\"white-space:pre-line;overflow-wrap:break-word;word-break:break-word;margin:0;font-family:&quot;Anton&quot;,sans-serif;font-size:0.388350em;line-height:calc(1em + 0.3333333333333333em);text-align:left;padding:0;color:#000000;background-color:rgba(163,0,3,0.6);background:none\"><span style=\"display:block;position:relative;left:0;top:0;margin:1.9689782873376624% 0;-webkit-box-decoration-break:clone;box-decoration-break:clone\"><span style=\"background-color:rgba(163,0,3,0.6);-webkit-box-decoration-break:clone;box-decoration-break:clone;position:relative;padding:1.2987012987012987% 2.5974025974025974%;text-align:left;border-radius:2px 2px 2px 2px;color:transparent\">Skookum<\/span><\/span><\/h3>\n<h3 class=\"fill text-wrapper\" style=\"white-space:pre-line;overflow-wrap:break-word;word-break:break-word;margin:0;font-family:&quot;Anton&quot;,sans-serif;font-size:0.388350em;line-height:calc(1em + 0.3333333333333333em);text-align:left;padding:0;color:#000000;background-color:rgba(163,0,3,0.6);background:none;position:absolute;top:0;left:0;right:0\" aria-hidden=\"true\"><span style=\"display:block;position:relative;left:0;top:0;margin:1.9689782873376624% 0;-webkit-box-decoration-break:clone;box-decoration-break:clone\"><span style=\"background-color:rgba(163,0,3,0.6);-webkit-box-decoration-break:clone;box-decoration-break:clone;position:relative;padding:1.2987012987012987% 2.5974025974025974%;text-align:left;border-radius:2px 2px 2px 2px;background:none\"><span style=\"color: #fff\">Skookum<\/span><\/span><\/span><\/h3>\n<\/div>\n<\/div>\n<div style=\"position:absolute;pointer-events:none;left:16.99029%;top:-8.41424%;width:13.59223%;height:16.82848%;transform:rotate(270deg);opacity:1\">\n<div style=\"pointer-events:initial;width:100%;height:100%;display:block;position:absolute;top:0;left:0;z-index:0\" class=\"mask\" id=\"el-98dde729-4e7e-498f-9b62-817224ab11c3\">\n<div style=\"position:absolute;width:104.46432%;height:100%;left:-2.23216%;top:0%\" data-leaf-element=\"true\"><amp-img layout=\"fill\" src=\"https:\/\/www.panoramamoveis.com.br\/blog-wp\/wp-content\/uploads\/2021\/11\/Panorama-Moveis-click-1.png\" alt=\"Panorama M\u00f3veis click (1)\" srcSet=\"https:\/\/www.panoramamoveis.com.br\/blog-wp\/wp-content\/uploads\/2021\/11\/Panorama-Moveis-click-1.png 3240w,https:\/\/www.panoramamoveis.com.br\/blog-wp\/wp-content\/uploads\/2021\/11\/Panorama-Moveis-click-1-1980x3520.png 1980w,https:\/\/www.panoramamoveis.com.br\/blog-wp\/wp-content\/uploads\/2021\/11\/Panorama-Moveis-click-1-1200x2133.png 1200w,https:\/\/www.panoramamoveis.com.br\/blog-wp\/wp-content\/uploads\/2021\/11\/Panorama-Moveis-click-1-1152x2048.png 1152w,https:\/\/www.panoramamoveis.com.br\/blog-wp\/wp-content\/uploads\/2021\/11\/Panorama-Moveis-click-1-864x1536.png 864w,https:\/\/www.panoramamoveis.com.br\/blog-wp\/wp-content\/uploads\/2021\/11\/Panorama-Moveis-click-1-768x1365.png 768w,https:\/\/www.panoramamoveis.com.br\/blog-wp\/wp-content\/uploads\/2021\/11\/Panorama-Moveis-click-1-576x1024.png 576w,https:\/\/www.panoramamoveis.com.br\/blog-wp\/wp-content\/uploads\/2021\/11\/Panorama-Moveis-click-1-169x300.png 169w,https:\/\/www.panoramamoveis.com.br\/blog-wp\/wp-content\/uploads\/2021\/11\/Panorama-Moveis-click-1-150x267.png 150w\" sizes=\"(min-width: 1024px) 6vh, 14vw\" disable-inline-width=\"true\"><\/amp-img><\/div>\n<\/div>\n<\/div>\n<div style=\"position:absolute;pointer-events:none;left:12.37864%;top:56.95793%;width:75.24272%;height:32.36246%;opacity:1\">\n<div id=\"anim-a8d49b55-e4fe-4dbe-8123-7d7a097152db\" class=\"animation-wrapper\" style=\"width:100%;height:100%;display:block;position:absolute;top:0;left:0;--initial-opacity:0;--initial-transform:none\">\n<div style=\"pointer-events:initial;width:100%;height:100%;display:block;position:absolute;top:0;left:0;z-index:0;border-radius:0.6451612903225806% 0.6451612903225806% 0.6451612903225806% 0.6451612903225806% \/ 1% 1% 1% 1%\" id=\"el-8a8e1298-7c27-4637-b7c1-1e0ea3d90a8b\">\n<h3 class=\"fill text-wrapper\" style=\"white-space:pre-line;overflow-wrap:break-word;word-break:break-word;margin:1.0461290322580645% 0;font-family:&quot;Oswald&quot;,sans-serif;font-size:0.372168em;line-height:1.2;text-align:left;padding:0;color:#000000\"><span><span style=\"color: #f00\">O skookum \u00e9 uma ra\u00e7a experimental criada nos anos 1990 nos Estados Unidos, fruto do cruzamento entre LaPerm e munchkin. Com pelagem cacheada e patas curtas, \u00e9 conhecida por sua natureza curiosa, ativa e \u00fanica.&nbsp;<\/span><\/span><\/h3>\n<\/div>\n<\/div>\n<\/div>\n<\/div>\n<\/div>\n<p><\/amp-story-grid-layer><\/amp-story-page><amp-story-page id=\"e28a730a-4392-40fb-9392-e9ed6bef8858\" auto-advance-after=\"7s\"><amp-story-animation layout=\"nodisplay\" trigger=\"visibility\"><script type=\"application\/json\">[{\"selector\":\"#anim-33791f4f-0a83-4af1-840c-dc8292352434\",\"keyframes\":{\"transform\":[\"scale(1)\",\"scale(1.5)\",\"scale(0.95)\",\"scale(1)\"],\"offset\":[0,0.33,0.66,1]},\"delay\":0,\"duration\":1450,\"easing\":\"ease-in-out\",\"fill\":\"both\",\"iterations\":1}]<\/script><\/amp-story-animation><amp-story-animation layout=\"nodisplay\" trigger=\"visibility\"><script type=\"application\/json\">[{\"selector\":\"#anim-d055baab-68b2-4f5c-a9ce-8224452093b9\",\"keyframes\":{\"transform\":[\"scale(1)\",\"scale(1.5)\",\"scale(0.95)\",\"scale(1)\"],\"offset\":[0,0.33,0.66,1]},\"delay\":0,\"duration\":1450,\"easing\":\"ease-in-out\",\"fill\":\"both\",\"iterations\":5}]<\/script><\/amp-story-animation><amp-story-grid-layer template=\"vertical\" aspect-ratio=\"412:618\" class=\"grid-layer\"><\/p>\n<div class=\"page-fullbleed-area\" style=\"background-color:#863a30\">\n<div class=\"page-safe-area\">\n<div style=\"position:absolute;pointer-events:none;left:0;top:-9.25926%;width:100%;height:118.51852%;opacity:1\">\n<div style=\"pointer-events:initial;width:100%;height:100%;display:block;position:absolute;top:0;left:0;z-index:0\" class=\"mask\" id=\"el-25441bee-bbc9-4568-b4c5-45c602c7d5ae\">\n<div style=\"position:absolute;width:100%;height:100%;left:0%;top:0%\" data-leaf-element=\"true\"><amp-img layout=\"fill\" src=\"https:\/\/www.panoramamoveis.com.br\/blog-wp\/wp-content\/uploads\/2022\/07\/ESPELHOS-PG8.png\" alt=\"Sala com parede verde  e sof\u00e1 claro\" srcSet=\"https:\/\/www.panoramamoveis.com.br\/blog-wp\/wp-content\/uploads\/2022\/07\/ESPELHOS-PG8.png 1080w,https:\/\/www.panoramamoveis.com.br\/blog-wp\/wp-content\/uploads\/2022\/07\/ESPELHOS-PG8-864x1536.png 864w,https:\/\/www.panoramamoveis.com.br\/blog-wp\/wp-content\/uploads\/2022\/07\/ESPELHOS-PG8-768x1365.png 768w,https:\/\/www.panoramamoveis.com.br\/blog-wp\/wp-content\/uploads\/2022\/07\/ESPELHOS-PG8-576x1024.png 576w,https:\/\/www.panoramamoveis.com.br\/blog-wp\/wp-content\/uploads\/2022\/07\/ESPELHOS-PG8-169x300.png 169w,https:\/\/www.panoramamoveis.com.br\/blog-wp\/wp-content\/uploads\/2022\/07\/ESPELHOS-PG8-150x267.png 150w\" sizes=\"(min-width: 1024px) 45vh, 100vw\" disable-inline-width=\"true\"><\/amp-img><\/div>\n<\/div>\n<\/div>\n<\/div>\n<\/div>\n<p><\/amp-story-grid-layer><amp-story-grid-layer template=\"vertical\" aspect-ratio=\"412:618\" class=\"grid-layer\"><\/p>\n<div class=\"page-fullbleed-area\">\n<div class=\"page-safe-area\">\n<div style=\"position:absolute;pointer-events:none;left:11.65049%;top:56.31068%;width:76.69903%;height:30.42071%;opacity:1\">\n<div style=\"pointer-events:initial;width:100%;height:100%;display:block;position:absolute;top:0;left:0;z-index:0;border-radius:0.6329113924050633% 0.6329113924050633% 0.6329113924050633% 0.6329113924050633% \/ 1.0638297872340425% 1.0638297872340425% 1.0638297872340425% 1.0638297872340425%;background-clip:content-box;background-color:rgba(196,196,196,0.1)\" id=\"el-d263f58c-8230-433d-ae89-0042b05382b4\">\n<h3 class=\"fill text-wrapper\" style=\"white-space:pre-line;overflow-wrap:break-word;word-break:break-word;margin:-0.06835443037974717% 0;font-family:&quot;Oswald&quot;,sans-serif;font-size:0.388350em;line-height:1.5;text-align:left;padding:1.2658227848101267% 2.5316455696202533%;color:#000000\"><span><span style=\"font-weight: 700; color: #e23b40\">O nosso blog \u00e9 super completo, com as melhores dicas e curiosidades!<\/span><\/p>\n<p><span style=\"font-weight: 700; color: #e23b40\">Confira clicando abaixo!<\/span><\/span><\/h3>\n<\/div>\n<\/div>\n<div style=\"position:absolute;pointer-events:none;left:69.41748%;top:88.02589%;width:16.99029%;height:11.16505%;opacity:1\">\n<div id=\"anim-33791f4f-0a83-4af1-840c-dc8292352434\" class=\"animation-wrapper\" style=\"width:100%;height:100%;display:block;position:absolute;top:0;left:0;--initial-opacity:1;--initial-transform:scale(1)\">\n<div style=\"pointer-events:initial;width:100%;height:100%;display:block;position:absolute;top:0;left:0;z-index:0\" class=\"mask\" id=\"el-faf3d080-78c9-46d9-a229-0e6051d30e1c\"><a href=\"https:\/\/www.panoramamoveis.com.br\/moveis\/iluminacao?utm_source=web-stories\" data-tooltip-icon=\"https:\/\/www.panoramamoveis.com.br\/blog-wp\/wp-content\/uploads\/2021\/11\/cropped-cropped-Panorama-03-scaled-3-1.jpg\" data-tooltip-text=\"\t\t\tIlumina\u00e7\u00e3o: Com At\u00e9 50% OFF, 12x Sem Juros | Panorama M\u00f3veis\n\t\" target=\"_blank\" rel=\"noreferrer noreferrer noreferrer noreferrer noreferrer noreferrer noreferrer noreferrer noreferrer noreferrer noreferrer noreferrer noreferrer noreferrer\" style=\"width:100%;height:100%;display:block;position:absolute;top:0;left:0\"><\/p>\n<div style=\"position:absolute;width:100%;height:101.44925%;left:0%;top:-0.72463%\" data-leaf-element=\"true\"><amp-img layout=\"fill\" src=\"https:\/\/www.panoramamoveis.com.br\/blog-wp\/wp-content\/uploads\/2021\/10\/click-aqui.png\" alt=\"click aqui\" srcSet=\"https:\/\/www.panoramamoveis.com.br\/blog-wp\/wp-content\/uploads\/2021\/10\/click-aqui.png 1080w,https:\/\/www.panoramamoveis.com.br\/blog-wp\/wp-content\/uploads\/2021\/10\/click-aqui-1024x1024.png 1024w,https:\/\/www.panoramamoveis.com.br\/blog-wp\/wp-content\/uploads\/2021\/10\/click-aqui-768x768.png 768w,https:\/\/www.panoramamoveis.com.br\/blog-wp\/wp-content\/uploads\/2021\/10\/click-aqui-300x300.png 300w,https:\/\/www.panoramamoveis.com.br\/blog-wp\/wp-content\/uploads\/2021\/10\/click-aqui-150x150.png 150w,https:\/\/www.panoramamoveis.com.br\/blog-wp\/wp-content\/uploads\/2021\/10\/click-aqui-96x96.png 96w\" sizes=\"(min-width: 1024px) 8vh, 17vw\" disable-inline-width=\"true\"><\/amp-img><\/div>\n<p><\/a><\/div>\n<\/div>\n<\/div>\n<div style=\"position:absolute;pointer-events:none;left:19.90291%;top:-6.6343%;width:13.59223%;height:16.82848%;transform:rotate(270deg);opacity:1\">\n<div style=\"pointer-events:initial;width:100%;height:100%;display:block;position:absolute;top:0;left:0;z-index:0\" class=\"mask\" id=\"el-821eeabc-f102-43e4-9e24-59116833bbd8\">\n<div style=\"position:absolute;width:104.46432%;height:100%;left:-2.23216%;top:0%\" data-leaf-element=\"true\"><amp-img layout=\"fill\" src=\"https:\/\/www.panoramamoveis.com.br\/blog-wp\/wp-content\/uploads\/2021\/11\/Panorama-Moveis-click-1.png\" alt=\"Panorama M\u00f3veis click (1)\" srcSet=\"https:\/\/www.panoramamoveis.com.br\/blog-wp\/wp-content\/uploads\/2021\/11\/Panorama-Moveis-click-1.png 3240w,https:\/\/www.panoramamoveis.com.br\/blog-wp\/wp-content\/uploads\/2021\/11\/Panorama-Moveis-click-1-1980x3520.png 1980w,https:\/\/www.panoramamoveis.com.br\/blog-wp\/wp-content\/uploads\/2021\/11\/Panorama-Moveis-click-1-1200x2133.png 1200w,https:\/\/www.panoramamoveis.com.br\/blog-wp\/wp-content\/uploads\/2021\/11\/Panorama-Moveis-click-1-1152x2048.png 1152w,https:\/\/www.panoramamoveis.com.br\/blog-wp\/wp-content\/uploads\/2021\/11\/Panorama-Moveis-click-1-864x1536.png 864w,https:\/\/www.panoramamoveis.com.br\/blog-wp\/wp-content\/uploads\/2021\/11\/Panorama-Moveis-click-1-768x1365.png 768w,https:\/\/www.panoramamoveis.com.br\/blog-wp\/wp-content\/uploads\/2021\/11\/Panorama-Moveis-click-1-576x1024.png 576w,https:\/\/www.panoramamoveis.com.br\/blog-wp\/wp-content\/uploads\/2021\/11\/Panorama-Moveis-click-1-169x300.png 169w,https:\/\/www.panoramamoveis.com.br\/blog-wp\/wp-content\/uploads\/2021\/11\/Panorama-Moveis-click-1-150x267.png 150w\" sizes=\"(min-width: 1024px) 6vh, 14vw\" disable-inline-width=\"true\"><\/amp-img><\/div>\n<\/div>\n<\/div>\n<div style=\"position:absolute;pointer-events:none;left:30.33981%;top:90.29126%;width:39.07767%;height:6.6343%;opacity:1\">\n<div id=\"anim-d055baab-68b2-4f5c-a9ce-8224452093b9\" class=\"animation-wrapper\" style=\"width:100%;height:100%;display:block;position:absolute;top:0;left:0;--initial-opacity:1;--initial-transform:scale(1)\">\n<div style=\"pointer-events:initial;width:100%;height:100%;display:block;position:absolute;top:0;left:0;z-index:0;border-radius:1.2422360248447204% 1.2422360248447204% 1.2422360248447204% 1.2422360248447204% \/ 4.878048780487805% 4.878048780487805% 4.878048780487805% 4.878048780487805%\" id=\"el-9946d571-ad4d-41c2-8a09-5b2ec5603cd6\"><a href=\"https:\/\/www.panoramamoveis.com.br\/blog?utm_source=web-stories\" data-tooltip-text=\"Panorama M\u00f3veis: Blog de M\u00f3veis e Artigos Para Decora\u00e7\u00e3o\" target=\"_blank\" rel=\"noreferrer\" style=\"width:100%;height:100%;display:block;position:absolute;top:0;left:0\"><\/p>\n<h2 class=\"fill text-wrapper\" style=\"white-space:pre-line;overflow-wrap:break-word;word-break:break-word;margin:2.4521739130434783% 0;font-family:&quot;Oswald&quot;,sans-serif;font-size:0.453074em;line-height:1.2;text-align:initial;padding:0;color:#000000\"><span><span style=\"font-weight: 700; color: #eee\">CLIQUE AQUI!<\/span><\/span><\/h2>\n<p><\/a><\/div>\n<\/div>\n<\/div>\n<\/div>\n<\/div>\n<p><\/amp-story-grid-layer><\/amp-story-page><amp-story-page id=\"cf3f0ee3-4f14-4a21-b304-7d1029fa044c\" auto-advance-after=\"7s\"><amp-story-animation layout=\"nodisplay\" trigger=\"visibility\"><script type=\"application\/json\">[{\"selector\":\"#anim-7cd07f49-5775-489a-9c67-e2c6ea2faee8\",\"keyframes\":{\"transform\":[\"scale(1)\",\"scale(1.5)\",\"scale(0.95)\",\"scale(1)\"],\"offset\":[0,0.33,0.66,1]},\"delay\":0,\"duration\":1450,\"easing\":\"ease-in-out\",\"fill\":\"both\",\"iterations\":1}]<\/script><\/amp-story-animation><amp-story-animation layout=\"nodisplay\" trigger=\"visibility\"><script type=\"application\/json\">[{\"selector\":\"#anim-6e5eaf0c-ae6c-4edb-bac7-19ff25d4362a\",\"keyframes\":{\"transform\":[\"translate3d(-121.70542%, 0px, 0)\",\"translate3d(0px, 0px, 0)\"]},\"delay\":0,\"duration\":600,\"easing\":\"cubic-bezier(0.4, 0.4, 0.0, 1)\",\"fill\":\"both\"}]<\/script><\/amp-story-animation><amp-story-animation layout=\"nodisplay\" trigger=\"visibility\"><script type=\"application\/json\">[{\"selector\":\"#anim-f00b5b32-3ea1-43a1-8a3a-02150465b5b6\",\"keyframes\":{\"opacity\":[0,1]},\"delay\":0,\"duration\":600,\"easing\":\"cubic-bezier(0.4, 0.4, 0.0, 1)\",\"fill\":\"both\"}]<\/script><\/amp-story-animation><amp-story-animation layout=\"nodisplay\" trigger=\"visibility\"><script type=\"application\/json\">[{\"selector\":\"#anim-666070ec-8a64-4a3a-be77-398e6e46e5a6\",\"keyframes\":{\"transform\":[\"scale(0.15)\",\"scale(1)\"]},\"delay\":0,\"duration\":600,\"easing\":\"cubic-bezier(0.4, 0.4, 0.0, 1)\",\"fill\":\"forwards\"}]<\/script><\/amp-story-animation><amp-story-grid-layer template=\"vertical\" aspect-ratio=\"412:618\" class=\"grid-layer\"><\/p>\n<div class=\"page-fullbleed-area\" style=\"background-color:#dfdedc\">\n<div class=\"page-safe-area\">\n<div style=\"position:absolute;pointer-events:none;left:0;top:-9.25926%;width:100%;height:118.51852%;opacity:1\">\n<div style=\"pointer-events:initial;width:100%;height:100%;display:block;position:absolute;top:0;left:0;z-index:0\" class=\"mask\" id=\"el-9fb73b11-b73e-4d31-9893-73773fb54053\">\n<div style=\"position:absolute;width:100%;height:100%;left:0%;top:0%\" data-leaf-element=\"true\"><amp-img layout=\"fill\" src=\"https:\/\/www.panoramamoveis.com.br\/blog-wp\/wp-content\/uploads\/2022\/07\/ESPELHOS-PG9.png\" alt=\"Sala com sof\u00e1 cinza e 2 espelhos redondos\" srcSet=\"https:\/\/www.panoramamoveis.com.br\/blog-wp\/wp-content\/uploads\/2022\/07\/ESPELHOS-PG9.png 1080w,https:\/\/www.panoramamoveis.com.br\/blog-wp\/wp-content\/uploads\/2022\/07\/ESPELHOS-PG9-864x1536.png 864w,https:\/\/www.panoramamoveis.com.br\/blog-wp\/wp-content\/uploads\/2022\/07\/ESPELHOS-PG9-768x1365.png 768w,https:\/\/www.panoramamoveis.com.br\/blog-wp\/wp-content\/uploads\/2022\/07\/ESPELHOS-PG9-576x1024.png 576w,https:\/\/www.panoramamoveis.com.br\/blog-wp\/wp-content\/uploads\/2022\/07\/ESPELHOS-PG9-169x300.png 169w,https:\/\/www.panoramamoveis.com.br\/blog-wp\/wp-content\/uploads\/2022\/07\/ESPELHOS-PG9-150x267.png 150w\" sizes=\"(min-width: 1024px) 45vh, 100vw\" disable-inline-width=\"true\"><\/amp-img><\/div>\n<\/div>\n<\/div>\n<\/div>\n<\/div>\n<p><\/amp-story-grid-layer><amp-story-grid-layer template=\"vertical\" aspect-ratio=\"412:618\" class=\"grid-layer\"><\/p>\n<div class=\"page-fullbleed-area\">\n<div class=\"page-safe-area\">\n<div style=\"position:absolute;pointer-events:none;left:11.65049%;top:52.91262%;width:76.94175%;height:20.87379%;opacity:1\">\n<div style=\"pointer-events:initial;width:100%;height:100%;display:block;position:absolute;top:0;left:0;z-index:0;border-radius:0.6309148264984227% 0.6309148264984227% 0.6309148264984227% 0.6309148264984227% \/ 1.550387596899225% 1.550387596899225% 1.550387596899225% 1.550387596899225%;background-clip:content-box;background-color:rgba(255,255,255,0.5)\" id=\"el-d55968b3-c922-4819-954f-952ca85d62e4\">\n<h3 class=\"fill text-wrapper\" style=\"white-space:pre-line;overflow-wrap:break-word;word-break:break-word;margin:1.1053627760252365% 0;font-family:&quot;Oswald&quot;,sans-serif;font-size:0.388350em;line-height:1.19;text-align:left;padding:1.2618296529968454% 2.5236593059936907%;color:#000000\"><span><span style=\"font-weight: 700; color: #e23b40\">Com as dicas e sele\u00e7\u00e3o de m\u00f3veis da Panorama M\u00f3veis, voc\u00ea consegue deixar a sua casa exatamente do seu jeito.&nbsp;<\/span><\/span><\/h3>\n<\/div>\n<\/div>\n<div style=\"position:absolute;pointer-events:none;left:81.31068%;top:78.80259%;width:12.62136%;height:8.25243%;opacity:1\">\n<div id=\"anim-7cd07f49-5775-489a-9c67-e2c6ea2faee8\" class=\"animation-wrapper\" style=\"width:100%;height:100%;display:block;position:absolute;top:0;left:0;--initial-opacity:1;--initial-transform:scale(1)\">\n<div style=\"pointer-events:initial;width:100%;height:100%;display:block;position:absolute;top:0;left:0;z-index:0\" class=\"mask\" id=\"el-b9ae82de-c57f-4987-a4ac-26a9f25c01c3\"><a href=\"https:\/\/www.panoramamoveis.com.br?utm_source=web-stories\" data-tooltip-icon=\"https:\/\/www.panoramamoveis.com.br\/blog-wp\/wp-content\/uploads\/2021\/11\/cropped-cropped-Panorama-03-scaled-3.jpg\" data-tooltip-text=\"Panorama M\u00f3veis: Loja Online de M\u00f3veis e Decora\u00e7\u00e3o\" target=\"_blank\" rel=\"noreferrer\" style=\"width:100%;height:100%;display:block;position:absolute;top:0;left:0\"><\/p>\n<div style=\"position:absolute;width:100%;height:101.96076%;left:0%;top:-0.98038%\" data-leaf-element=\"true\"><amp-img layout=\"fill\" src=\"https:\/\/www.panoramamoveis.com.br\/blog-wp\/wp-content\/uploads\/2021\/10\/click-aqui.png\" alt=\"click aqui\" srcSet=\"https:\/\/www.panoramamoveis.com.br\/blog-wp\/wp-content\/uploads\/2021\/10\/click-aqui.png 1080w,https:\/\/www.panoramamoveis.com.br\/blog-wp\/wp-content\/uploads\/2021\/10\/click-aqui-1024x1024.png 1024w,https:\/\/www.panoramamoveis.com.br\/blog-wp\/wp-content\/uploads\/2021\/10\/click-aqui-768x768.png 768w,https:\/\/www.panoramamoveis.com.br\/blog-wp\/wp-content\/uploads\/2021\/10\/click-aqui-300x300.png 300w,https:\/\/www.panoramamoveis.com.br\/blog-wp\/wp-content\/uploads\/2021\/10\/click-aqui-150x150.png 150w,https:\/\/www.panoramamoveis.com.br\/blog-wp\/wp-content\/uploads\/2021\/10\/click-aqui-96x96.png 96w\" sizes=\"(min-width: 1024px) 6vh, 13vw\" disable-inline-width=\"true\"><\/amp-img><\/div>\n<p><\/a><\/div>\n<\/div>\n<\/div>\n<div style=\"position:absolute;pointer-events:none;left:25%;top:76.3754%;width:49.27184%;height:32.8479%;opacity:1\">\n<div style=\"pointer-events:initial;width:100%;height:100%;display:block;position:absolute;top:0;left:0;z-index:0\" class=\"mask\" id=\"el-e93d8fd0-edf5-47cc-a5fb-d42894479cdb\">\n<div style=\"position:absolute;width:100.00002%;height:100%;left:-0.00001%;top:0%\" data-leaf-element=\"true\"><amp-img layout=\"fill\" src=\"https:\/\/www.panoramamoveis.com.br\/blog-wp\/wp-content\/uploads\/2021\/09\/panorama-sem-fundo.png\" alt=\"panorama sem fundo\" srcSet=\"https:\/\/www.panoramamoveis.com.br\/blog-wp\/wp-content\/uploads\/2021\/09\/panorama-sem-fundo.png 500w,https:\/\/www.panoramamoveis.com.br\/blog-wp\/wp-content\/uploads\/2021\/09\/panorama-sem-fundo-300x300.png 300w,https:\/\/www.panoramamoveis.com.br\/blog-wp\/wp-content\/uploads\/2021\/09\/panorama-sem-fundo-150x150.png 150w,https:\/\/www.panoramamoveis.com.br\/blog-wp\/wp-content\/uploads\/2021\/09\/panorama-sem-fundo-96x96.png 96w\" sizes=\"(min-width: 1024px) 22vh, 49vw\" disable-inline-width=\"true\"><\/amp-img><\/div>\n<\/div>\n<\/div>\n<div style=\"position:absolute;pointer-events:none;left:13.59223%;top:79.44984%;width:62.62136%;height:7.11974%;opacity:1\">\n<div id=\"anim-6e5eaf0c-ae6c-4edb-bac7-19ff25d4362a\" class=\"animation-wrapper\" style=\"width:100%;height:100%;display:block;position:absolute;top:0;left:0;--initial-opacity:1;--initial-transform:translate3d(-121.70542%, 0px, 0)\">\n<div id=\"anim-f00b5b32-3ea1-43a1-8a3a-02150465b5b6\" class=\"animation-wrapper\" style=\"width:100%;height:100%;display:block;position:absolute;top:0;left:0;--initial-opacity:0;--initial-transform:none\">\n<div id=\"anim-666070ec-8a64-4a3a-be77-398e6e46e5a6\" class=\"animation-wrapper\" style=\"width:100%;height:100%;display:block;position:absolute;top:0;left:0;--initial-opacity:1;--initial-transform:scale(0.15)\">\n<div style=\"pointer-events:initial;width:100%;height:100%;display:block;position:absolute;top:0;left:0;z-index:0;border-radius:0.7751937984496124% 0.7751937984496124% 0.7751937984496124% 0.7751937984496124% \/ 4.545454545454546% 4.545454545454546% 4.545454545454546% 4.545454545454546%\" id=\"el-2a09327b-efa0-40c7-9c4b-d6302b5eec4a\"><a href=\"https:\/\/www.panoramamoveis.com.br?utm_source=web-stories\" data-tooltip-icon=\"https:\/\/www.panoramamoveis.com.br\/blog-wp\/wp-content\/uploads\/2021\/11\/cropped-cropped-Panorama-03-scaled-3.jpg\" data-tooltip-text=\"Panorama M\u00f3veis: Loja Online de M\u00f3veis e Decora\u00e7\u00e3o\" target=\"_blank\" rel=\"noreferrer noreferrer noreferrer noreferrer noreferrer noreferrer noreferrer noreferrer noreferrer noreferrer noreferrer noreferrer noreferrer noreferrer noreferrer noreferrer noreferrer noreferrer noreferrer noreferrer noreferrer noreferrer noreferrer noreferrer noreferrer noreferrer noreferrer noreferrer noreferrer noreferrer noreferrer noreferrer noreferrer noreferrer noreferrer noreferrer noreferrer noreferrer noreferrer noreferrer noreferrer noreferrer noreferrer noreferrer noreferrer noreferrer noreferrer noreferrer noreferrer noreferrer noreferrer noreferrer noreferrer noreferrer noreferrer noreferrer noreferrer noreferrer noreferrer noreferrer noreferrer noreferrer noreferrer noreferrer noreferrer noreferrer noreferrer noreferrer noreferrer noreferrer noreferrer noreferrer noreferrer noreferrer noreferrer noreferrer noreferrer noreferrer noreferrer noreferrer noreferrer noreferrer noreferrer noreferrer noreferrer noreferrer noreferrer noreferrer noreferrer noreferrer noreferrer noreferrer noreferrer noreferrer noreferrer noreferrer noreferrer noreferrer noreferrer noreferrer noreferrer noreferrer noreferrer noreferrer noreferrer noreferrer noreferrer noreferrer noreferrer noreferrer noreferrer noreferrer noreferrer noreferrer noreferrer noreferrer noreferrer noreferrer noreferrer noreferrer noreferrer noreferrer noreferrer noreferrer noreferrer noreferrer noreferrer noreferrer noreferrer noreferrer noreferrer noreferrer noreferrer noreferrer noreferrer noreferrer noreferrer noreferrer noreferrer noreferrer noreferrer noreferrer noreferrer noreferrer noreferrer noreferrer noreferrer noreferrer noreferrer noreferrer noreferrer noreferrer noreferrer noreferrer noreferrer noreferrer noreferrer noreferrer noreferrer noreferrer noreferrer noreferrer noreferrer noreferrer noreferrer noreferrer noreferrer noreferrer noreferrer noreferrer noreferrer noreferrer noreferrer noreferrer noreferrer noreferrer noreferrer noreferrer noreferrer noreferrer noreferrer noreferrer noreferrer noreferrer noreferrer noreferrer noreferrer noreferrer noreferrer noreferrer noreferrer noreferrer noreferrer noreferrer noreferrer noreferrer noreferrer noreferrer noreferrer noreferrer noreferrer noreferrer noreferrer noreferrer noreferrer noreferrer noreferrer noreferrer noreferrer noreferrer noreferrer noreferrer noreferrer noreferrer noreferrer noreferrer noreferrer noreferrer noreferrer noreferrer noreferrer noreferrer noreferrer noreferrer noreferrer noreferrer noreferrer noreferrer noreferrer noreferrer noreferrer noreferrer noreferrer noreferrer noreferrer noreferrer noreferrer noreferrer noreferrer noreferrer noreferrer noreferrer noreferrer noreferrer noreferrer noreferrer noreferrer noreferrer noreferrer noreferrer noreferrer noreferrer noreferrer noreferrer noreferrer noreferrer noreferrer noreferrer noreferrer noreferrer noreferrer noreferrer noreferrer noreferrer noreferrer noreferrer noreferrer noreferrer noreferrer noreferrer noreferrer noreferrer noreferrer noreferrer noreferrer noreferrer noreferrer noreferrer noreferrer noreferrer noreferrer noreferrer noreferrer noreferrer noreferrer noreferrer noreferrer noreferrer noreferrer noreferrer noreferrer noreferrer noreferrer noreferrer noreferrer noreferrer noreferrer noreferrer noreferrer noreferrer noreferrer noreferrer noreferrer noreferrer noreferrer noreferrer noreferrer noreferrer noreferrer noreferrer noreferrer noreferrer noreferrer noreferrer noreferrer noreferrer noreferrer noreferrer noreferrer noreferrer noreferrer noreferrer noreferrer noreferrer noreferrer noreferrer noreferrer noreferrer noreferrer noreferrer noreferrer noreferrer noreferrer noreferrer noreferrer noreferrer noreferrer noreferrer noreferrer noreferrer noreferrer noreferrer noreferrer noreferrer noreferrer noreferrer noreferrer noreferrer noreferrer noreferrer noreferrer noreferrer noreferrer noreferrer noreferrer noreferrer noreferrer noreferrer noreferrer noreferrer noreferrer noreferrer noreferrer noreferrer noreferrer noreferrer noreferrer noreferrer noreferrer noreferrer noreferrer noreferrer noreferrer noreferrer noreferrer noreferrer noreferrer noreferrer noreferrer noreferrer noreferrer noreferrer noreferrer noreferrer noreferrer noreferrer noreferrer noreferrer noreferrer noreferrer noreferrer noreferrer noreferrer noreferrer noreferrer noreferrer noreferrer noreferrer noreferrer noreferrer noreferrer noreferrer noreferrer noreferrer noreferrer noreferrer noreferrer noreferrer noreferrer noreferrer noreferrer noreferrer noreferrer noreferrer noreferrer noreferrer noreferrer noreferrer noreferrer noreferrer noreferrer noreferrer noreferrer noreferrer noreferrer noreferrer noreferrer noreferrer noreferrer noreferrer noreferrer noreferrer noreferrer noreferrer noreferrer noreferrer noreferrer noreferrer noreferrer noreferrer noreferrer noreferrer noreferrer noreferrer noreferrer noreferrer noreferrer noreferrer noreferrer noreferrer noreferrer noreferrer noreferrer noreferrer noreferrer noreferrer noreferrer noreferrer noreferrer noreferrer noreferrer noreferrer noreferrer noreferrer noreferrer noreferrer noreferrer noreferrer noreferrer noreferrer noreferrer noreferrer noreferrer noreferrer noreferrer noreferrer noreferrer noreferrer noreferrer noreferrer noreferrer noreferrer noreferrer noreferrer noreferrer noreferrer noreferrer noreferrer noreferrer noreferrer noreferrer noreferrer noreferrer noreferrer noreferrer noreferrer noreferrer noreferrer noreferrer noreferrer noreferrer noreferrer noreferrer noreferrer noreferrer noreferrer noreferrer noreferrer noreferrer noreferrer noreferrer noreferrer noreferrer noreferrer noreferrer noreferrer noreferrer noreferrer noreferrer noreferrer noreferrer noreferrer noreferrer noreferrer noreferrer noreferrer noreferrer noreferrer noreferrer noreferrer noreferrer noreferrer\" style=\"width:100%;height:100%;display:block;position:absolute;top:0;left:0\"><\/p>\n<h3 class=\"fill text-wrapper\" style=\"white-space:pre-line;overflow-wrap:break-word;word-break:break-word;margin:0;font-family:&quot;Oswald&quot;,sans-serif;font-size:0.388350em;line-height:calc(1.19em + 0.3333333333333333em);text-align:initial;padding:0;color:#000000;background-color:rgba(163,0,3,0.5);background:none\"><span style=\"display:block;position:relative;left:0;top:0;margin:1.3581395348837206% 0;-webkit-box-decoration-break:clone;box-decoration-break:clone\"><span style=\"background-color:rgba(163,0,3,0.5);-webkit-box-decoration-break:clone;box-decoration-break:clone;position:relative;padding:1.550387596899225% 3.10077519379845%;text-align:initial;border-radius:2px 2px 2px 2px;color:transparent\"><span style=\"font-weight: 700\">panoramamoveis.com.br<\/span><\/span><\/span><\/h3>\n<h3 class=\"fill text-wrapper\" style=\"white-space:pre-line;overflow-wrap:break-word;word-break:break-word;margin:0;font-family:&quot;Oswald&quot;,sans-serif;font-size:0.388350em;line-height:calc(1.19em + 0.3333333333333333em);text-align:initial;padding:0;color:#000000;background-color:rgba(163,0,3,0.5);background:none;position:absolute;top:0;left:0;right:0\" aria-hidden=\"true\"><span style=\"display:block;position:relative;left:0;top:0;margin:1.3581395348837206% 0;-webkit-box-decoration-break:clone;box-decoration-break:clone\"><span style=\"background-color:rgba(163,0,3,0.5);-webkit-box-decoration-break:clone;box-decoration-break:clone;position:relative;padding:1.550387596899225% 3.10077519379845%;text-align:initial;border-radius:2px 2px 2px 2px;background:none\"><span style=\"font-weight: 700; color: #fff\">panoramamoveis.com.br<\/span><\/span><\/span><\/h3>\n<p><\/a><\/div>\n<\/div>\n<\/div>\n<\/div>\n<\/div>\n<\/div>\n<\/div>\n<p><\/amp-story-grid-layer><\/amp-story-page><amp-story-page id=\"ed2148c0-dd36-4583-9881-6e026d7c8ebd\" auto-advance-after=\"7s\"><amp-story-grid-layer template=\"vertical\" aspect-ratio=\"412:618\" class=\"grid-layer\"><\/p>\n<div class=\"page-fullbleed-area\" style=\"background-color:#aa0404\">\n<div class=\"page-safe-area\">\n<div style=\"position:absolute;pointer-events:none;left:0;top:-9.25926%;width:100%;height:118.51852%;opacity:1\">\n<div style=\"pointer-events:initial;width:100%;height:100%;display:block;position:absolute;top:0;left:0;z-index:0\" class=\"mask\" id=\"el-1628da2f-0e99-4b22-9066-ceb9012f2f56\">\n<div style=\"position:absolute;width:100%;height:100%;left:0%;top:0%\" data-leaf-element=\"true\"><amp-img layout=\"fill\" src=\"https:\/\/www.panoramamoveis.com.br\/blog-wp\/wp-content\/uploads\/2021\/12\/Panorama-escrivaninha-9.jpg\" alt=\"p\u00e1gina com as Redes Sociais da Panorama Moveis\" srcSet=\"https:\/\/www.panoramamoveis.com.br\/blog-wp\/wp-content\/uploads\/2021\/12\/Panorama-escrivaninha-9.jpg 1080w,https:\/\/www.panoramamoveis.com.br\/blog-wp\/wp-content\/uploads\/2021\/12\/Panorama-escrivaninha-9-864x1536.jpg 864w,https:\/\/www.panoramamoveis.com.br\/blog-wp\/wp-content\/uploads\/2021\/12\/Panorama-escrivaninha-9-768x1365.jpg 768w,https:\/\/www.panoramamoveis.com.br\/blog-wp\/wp-content\/uploads\/2021\/12\/Panorama-escrivaninha-9-576x1024.jpg 576w,https:\/\/www.panoramamoveis.com.br\/blog-wp\/wp-content\/uploads\/2021\/12\/Panorama-escrivaninha-9-169x300.jpg 169w,https:\/\/www.panoramamoveis.com.br\/blog-wp\/wp-content\/uploads\/2021\/12\/Panorama-escrivaninha-9-150x267.jpg 150w\" sizes=\"(min-width: 1024px) 45vh, 100vw\" disable-inline-width=\"true\"><\/amp-img><\/div>\n<\/div>\n<\/div>\n<\/div>\n<\/div>\n<p><\/amp-story-grid-layer><amp-story-grid-layer template=\"vertical\" aspect-ratio=\"412:618\" class=\"grid-layer\"><\/p>\n<div class=\"page-fullbleed-area\">\n<div class=\"page-safe-area\">\n<div style=\"position:absolute;pointer-events:none;left:22.57282%;top:76.53722%;width:53.64078%;height:35.76052%;opacity:1\">\n<div style=\"pointer-events:initial;width:100%;height:100%;display:block;position:absolute;top:0;left:0;z-index:0\" class=\"mask\" id=\"el-35f0f6c3-9f2b-45cf-aba7-b81f2778a037\">\n<div style=\"position:absolute;width:100%;height:100%;left:0%;top:0%\" data-leaf-element=\"true\"><amp-img layout=\"fill\" src=\"https:\/\/www.panoramamoveis.com.br\/blog-wp\/wp-content\/uploads\/2021\/09\/panorama-sem-fundo.png\" alt=\"panorama sem fundo\" srcSet=\"https:\/\/www.panoramamoveis.com.br\/blog-wp\/wp-content\/uploads\/2021\/09\/panorama-sem-fundo.png 500w,https:\/\/www.panoramamoveis.com.br\/blog-wp\/wp-content\/uploads\/2021\/09\/panorama-sem-fundo-300x300.png 300w,https:\/\/www.panoramamoveis.com.br\/blog-wp\/wp-content\/uploads\/2021\/09\/panorama-sem-fundo-150x150.png 150w,https:\/\/www.panoramamoveis.com.br\/blog-wp\/wp-content\/uploads\/2021\/09\/panorama-sem-fundo-96x96.png 96w\" sizes=\"(min-width: 1024px) 24vh, 54vw\" disable-inline-width=\"true\"><\/amp-img><\/div>\n<\/div>\n<\/div>\n<div style=\"position:absolute;pointer-events:none;left:11.65049%;top:0;width:75.97087%;height:26.21359%;opacity:1\">\n<div style=\"pointer-events:initial;width:100%;height:100%;display:block;position:absolute;top:0;left:0;z-index:0;border-radius:0.6389776357827476% 0.6389776357827476% 0.6389776357827476% 0.6389776357827476% \/ 1.2345679012345678% 1.2345679012345678% 1.2345679012345678% 1.2345679012345678%;background-clip:content-box;background-color:rgba(255,255,255,0.5)\" id=\"el-119e1913-6e36-4bbb-b2b4-4fde3e39d283\">\n<h2 class=\"fill text-wrapper\" style=\"white-space:pre-line;overflow-wrap:break-word;word-break:break-word;margin:1.5113630690894575% 0;font-family:&quot;Anton&quot;,sans-serif;font-size:0.485437em;line-height:1.19;text-align:center;padding:1.2779552715654952% 2.5559105431309903%;color:#000000\"><span><span style=\"color: #e23b40\">CLIQUE E&nbsp;<\/span><br \/>\n<span style=\"color: #e23b40\">CONFIRA AS&nbsp;<\/span><br \/>\n<span style=\"color: #e23b40\">REDES SOCIAIS DA PANORAMA M\u00d3VEIS<\/span><\/span><\/h2>\n<\/div>\n<\/div>\n<div style=\"position:absolute;pointer-events:none;left:38.59223%;top:43.85113%;width:15.04854%;height:12.62136%;opacity:1\">\n<div style=\"pointer-events:initial;width:100%;height:100%;display:block;position:absolute;top:0;left:0;z-index:0\" class=\"mask\" id=\"el-d9674f81-16f1-444d-bf9a-de9a7a788d29\"><a href=\"https:\/\/www.instagram.com\/panoramamoveis\/ \" target=\"_blank\" rel=\"noreferrer noopener\" style=\"width:100%;height:100%;display:block;position:absolute;top:0;left:0\"><\/p>\n<div style=\"position:absolute;width:102.8276%;height:145.30619%;left:0%;top:-22.51853%\" data-leaf-element=\"true\"><amp-img layout=\"fill\" src=\"https:\/\/www.panoramamoveis.com.br\/blog-wp\/wp-content\/uploads\/2021\/11\/INSTAGRAM.png\" alt=\"INSTAGRAM\" srcSet=\"https:\/\/www.panoramamoveis.com.br\/blog-wp\/wp-content\/uploads\/2021\/11\/INSTAGRAM.png 3240w,https:\/\/www.panoramamoveis.com.br\/blog-wp\/wp-content\/uploads\/2021\/11\/INSTAGRAM-1980x3520.png 1980w,https:\/\/www.panoramamoveis.com.br\/blog-wp\/wp-content\/uploads\/2021\/11\/INSTAGRAM-1200x2133.png 1200w,https:\/\/www.panoramamoveis.com.br\/blog-wp\/wp-content\/uploads\/2021\/11\/INSTAGRAM-1152x2048.png 1152w,https:\/\/www.panoramamoveis.com.br\/blog-wp\/wp-content\/uploads\/2021\/11\/INSTAGRAM-864x1536.png 864w,https:\/\/www.panoramamoveis.com.br\/blog-wp\/wp-content\/uploads\/2021\/11\/INSTAGRAM-768x1365.png 768w,https:\/\/www.panoramamoveis.com.br\/blog-wp\/wp-content\/uploads\/2021\/11\/INSTAGRAM-576x1024.png 576w,https:\/\/www.panoramamoveis.com.br\/blog-wp\/wp-content\/uploads\/2021\/11\/INSTAGRAM-169x300.png 169w,https:\/\/www.panoramamoveis.com.br\/blog-wp\/wp-content\/uploads\/2021\/11\/INSTAGRAM-150x267.png 150w\" sizes=\"(min-width: 1024px) 7vh, 15vw\" disable-inline-width=\"true\"><\/amp-img><\/div>\n<p><\/a><\/div>\n<\/div>\n<div style=\"position:absolute;pointer-events:none;left:38.1068%;top:24.43366%;width:15.7767%;height:17.96117%;opacity:1\">\n<div style=\"pointer-events:initial;width:100%;height:100%;display:block;position:absolute;top:0;left:0;z-index:0\" class=\"mask\" id=\"el-ecdffeef-58af-4079-9d6f-1d2c5968736b\"><a href=\"https:\/\/www.facebook.com\/Panoramamoveis\/\" data-tooltip-icon=\"https:\/\/www.panoramamoveis.com.br\/blog-wp\/wp-content\/uploads\/2021\/11\/cropped-Panorama-03-scaled-3.jpg\" data-tooltip-text=\"Facebook\" target=\"_blank\" rel=\"noreferrer noopener\" style=\"width:100%;height:100%;display:block;position:absolute;top:0;left:0\"><\/p>\n<div style=\"position:absolute;width:100%;height:104.10408%;left:0%;top:-2.05204%\" data-leaf-element=\"true\"><amp-img layout=\"fill\" src=\"https:\/\/www.panoramamoveis.com.br\/blog-wp\/wp-content\/uploads\/2021\/11\/FACEBOOK.png\" alt=\"FACEBOOK\" srcSet=\"https:\/\/www.panoramamoveis.com.br\/blog-wp\/wp-content\/uploads\/2021\/11\/FACEBOOK.png 3240w,https:\/\/www.panoramamoveis.com.br\/blog-wp\/wp-content\/uploads\/2021\/11\/FACEBOOK-1980x3520.png 1980w,https:\/\/www.panoramamoveis.com.br\/blog-wp\/wp-content\/uploads\/2021\/11\/FACEBOOK-1200x2133.png 1200w,https:\/\/www.panoramamoveis.com.br\/blog-wp\/wp-content\/uploads\/2021\/11\/FACEBOOK-1152x2048.png 1152w,https:\/\/www.panoramamoveis.com.br\/blog-wp\/wp-content\/uploads\/2021\/11\/FACEBOOK-864x1536.png 864w,https:\/\/www.panoramamoveis.com.br\/blog-wp\/wp-content\/uploads\/2021\/11\/FACEBOOK-768x1365.png 768w,https:\/\/www.panoramamoveis.com.br\/blog-wp\/wp-content\/uploads\/2021\/11\/FACEBOOK-576x1024.png 576w,https:\/\/www.panoramamoveis.com.br\/blog-wp\/wp-content\/uploads\/2021\/11\/FACEBOOK-169x300.png 169w,https:\/\/www.panoramamoveis.com.br\/blog-wp\/wp-content\/uploads\/2021\/11\/FACEBOOK-150x267.png 150w\" sizes=\"(min-width: 1024px) 7vh, 16vw\" disable-inline-width=\"true\"><\/amp-img><\/div>\n<p><\/a><\/div>\n<\/div>\n<div style=\"position:absolute;pointer-events:none;left:38.83495%;top:58.09061%;width:14.80583%;height:15.69579%;opacity:1\">\n<div style=\"pointer-events:initial;width:100%;height:100%;display:block;position:absolute;top:0;left:0;z-index:0\" class=\"mask\" id=\"el-06e3e78d-2ac9-4d6a-8a24-73b6ea35f6a5\"><a href=\"https:\/\/br.pinterest.com\/panoramamoveis\/_shop\/ \" target=\"_blank\" rel=\"noreferrer noopener\" style=\"width:100%;height:100%;display:block;position:absolute;top:0;left:0\"><\/p>\n<div style=\"position:absolute;width:100%;height:111.79845%;left:0%;top:-5.89923%\" data-leaf-element=\"true\"><amp-img layout=\"fill\" src=\"https:\/\/www.panoramamoveis.com.br\/blog-wp\/wp-content\/uploads\/2021\/11\/PINTEREST.png\" alt=\"PINTEREST\" srcSet=\"https:\/\/www.panoramamoveis.com.br\/blog-wp\/wp-content\/uploads\/2021\/11\/PINTEREST.png 3240w,https:\/\/www.panoramamoveis.com.br\/blog-wp\/wp-content\/uploads\/2021\/11\/PINTEREST-1980x3520.png 1980w,https:\/\/www.panoramamoveis.com.br\/blog-wp\/wp-content\/uploads\/2021\/11\/PINTEREST-1200x2133.png 1200w,https:\/\/www.panoramamoveis.com.br\/blog-wp\/wp-content\/uploads\/2021\/11\/PINTEREST-1152x2048.png 1152w,https:\/\/www.panoramamoveis.com.br\/blog-wp\/wp-content\/uploads\/2021\/11\/PINTEREST-864x1536.png 864w,https:\/\/www.panoramamoveis.com.br\/blog-wp\/wp-content\/uploads\/2021\/11\/PINTEREST-768x1365.png 768w,https:\/\/www.panoramamoveis.com.br\/blog-wp\/wp-content\/uploads\/2021\/11\/PINTEREST-576x1024.png 576w,https:\/\/www.panoramamoveis.com.br\/blog-wp\/wp-content\/uploads\/2021\/11\/PINTEREST-169x300.png 169w,https:\/\/www.panoramamoveis.com.br\/blog-wp\/wp-content\/uploads\/2021\/11\/PINTEREST-150x267.png 150w\" sizes=\"(min-width: 1024px) 7vh, 15vw\" disable-inline-width=\"true\"><\/amp-img><\/div>\n<p><\/a><\/div>\n<\/div>\n<div style=\"position:absolute;pointer-events:none;left:9.2233%;top:75.40453%;width:79.12621%;height:12.78317%;opacity:1\">\n<div style=\"pointer-events:initial;width:100%;height:100%;display:block;position:absolute;top:0;left:0;z-index:0;border-radius:0.6134969325153374% 0.6134969325153374% 0.6134969325153374% 0.6134969325153374% \/ 2.5316455696202533% 2.5316455696202533% 2.5316455696202533% 2.5316455696202533%;background-clip:content-box;background-color:#a30003\" id=\"el-95494a0a-d0a6-41e1-9b1b-3c6e7d42a128\">\n<p class=\"fill text-wrapper\" style=\"white-space:pre-line;overflow-wrap:break-word;word-break:break-word;margin:-0.08627300613496933% 0;font-family:&quot;Roboto&quot;,sans-serif;font-size:0.323625em;line-height:1.2;text-align:center;padding:1.2269938650306749% 2.4539877300613497%;color:#000000\"><span><span style=\"font-weight: 700; color: #fff\">CONTE\u00daDO PARA VOC\u00ca TRANSFORMAR TODA A SUA CASA<\/span><\/span><\/p>\n<\/div>\n<\/div>\n<\/div>\n<\/div>\n<p><\/amp-story-grid-layer><\/amp-story-page><amp-story-page id=\"15c6a3b3-fc56-492b-899e-57483815b90a\" auto-advance-after=\"7s\"><amp-story-animation layout=\"nodisplay\" trigger=\"visibility\"><script type=\"application\/json\">[{\"selector\":\"#anim-cc16d1a2-4000-4710-abd1-826d658a7b25\",\"keyframes\":{\"opacity\":[0,1]},\"delay\":600,\"duration\":1000,\"easing\":\"cubic-bezier(0.2, 0.6, 0.0, 1)\",\"fill\":\"both\"}]<\/script><\/amp-story-animation><amp-story-animation layout=\"nodisplay\" trigger=\"visibility\"><script type=\"application\/json\">[{\"selector\":\"#anim-246057c6-907f-427a-98f7-5eb1716a143c\",\"keyframes\":{\"transform\":[\"translate3d(0px, -146.58732%, 0)\",\"translate3d(0px, 0px, 0)\"]},\"delay\":600,\"duration\":1000,\"easing\":\"cubic-bezier(0.2, 0.6, 0.0, 1)\",\"fill\":\"both\"}]<\/script><\/amp-story-animation><amp-story-grid-layer template=\"vertical\" aspect-ratio=\"412:618\" class=\"grid-layer\"><\/p>\n<div class=\"page-fullbleed-area\" style=\"background-color:#aa0404\">\n<div class=\"page-safe-area\">\n<div style=\"position:absolute;pointer-events:none;left:0;top:-9.25926%;width:100%;height:118.51852%;opacity:1\">\n<div style=\"pointer-events:initial;width:100%;height:100%;display:block;position:absolute;top:0;left:0;z-index:0\" class=\"mask\" id=\"el-edc5d4dd-104c-46e2-8704-456eea40e721\">\n<div style=\"position:absolute;width:100%;height:100%;left:0%;top:0%\" data-leaf-element=\"true\"><amp-img layout=\"fill\" src=\"https:\/\/www.panoramamoveis.com.br\/blog-wp\/wp-content\/uploads\/2021\/12\/Panorama-escrivaninha-9.jpg\" alt=\"Panorama escrivaninha (9)\" srcSet=\"https:\/\/www.panoramamoveis.com.br\/blog-wp\/wp-content\/uploads\/2021\/12\/Panorama-escrivaninha-9.jpg 1080w,https:\/\/www.panoramamoveis.com.br\/blog-wp\/wp-content\/uploads\/2021\/12\/Panorama-escrivaninha-9-864x1536.jpg 864w,https:\/\/www.panoramamoveis.com.br\/blog-wp\/wp-content\/uploads\/2021\/12\/Panorama-escrivaninha-9-768x1365.jpg 768w,https:\/\/www.panoramamoveis.com.br\/blog-wp\/wp-content\/uploads\/2021\/12\/Panorama-escrivaninha-9-576x1024.jpg 576w,https:\/\/www.panoramamoveis.com.br\/blog-wp\/wp-content\/uploads\/2021\/12\/Panorama-escrivaninha-9-169x300.jpg 169w,https:\/\/www.panoramamoveis.com.br\/blog-wp\/wp-content\/uploads\/2021\/12\/Panorama-escrivaninha-9-150x267.jpg 150w\" sizes=\"(min-width: 1024px) 45vh, 100vw\" disable-inline-width=\"true\"><\/amp-img><\/div>\n<\/div>\n<\/div>\n<\/div>\n<\/div>\n<p><\/amp-story-grid-layer><amp-story-grid-layer template=\"vertical\" aspect-ratio=\"412:618\" class=\"grid-layer\"><\/p>\n<div class=\"page-fullbleed-area\">\n<div class=\"page-safe-area\">\n<div style=\"position:absolute;pointer-events:none;left:13.59223%;top:1.2945%;width:72.81553%;height:22.65372%;opacity:1\">\n<div id=\"anim-cc16d1a2-4000-4710-abd1-826d658a7b25\" class=\"animation-wrapper\" style=\"width:100%;height:100%;display:block;position:absolute;top:0;left:0;--initial-opacity:0;--initial-transform:none\">\n<div id=\"anim-246057c6-907f-427a-98f7-5eb1716a143c\" class=\"animation-wrapper\" style=\"width:100%;height:100%;display:block;position:absolute;top:0;left:0;--initial-opacity:1;--initial-transform:translate3d(0px, -146.58732%, 0)\">\n<div style=\"pointer-events:initial;width:100%;height:100%;display:block;position:absolute;top:0;left:0;z-index:0\" id=\"el-12cac4a5-6139-4484-a353-9f265d6930f8\">\n<h1 class=\"fill text-wrapper\" style=\"white-space:pre-line;overflow-wrap:break-word;word-break:break-word;margin:3.369140625% 0;font-family:&quot;Anton&quot;,sans-serif;font-size:0.647249em;line-height:1;text-align:center;padding:0;color:#000000\"><span><span style=\"color: #e23b40\">Voc\u00ea tamb\u00e9m pode gostar desses artigos:&nbsp;<\/span><\/span><\/h1>\n<\/div>\n<\/div>\n<\/div>\n<\/div>\n<div style=\"position:absolute;pointer-events:none;left:13.59223%;top:30.42071%;width:35.43689%;height:24.27184%;opacity:1\">\n<div style=\"pointer-events:initial;width:100%;height:100%;display:block;position:absolute;top:0;left:0;z-index:0\" class=\"mask\" id=\"el-51e3ffb3-8b33-4918-a008-89f5977154a7\"><a href=\"https:\/\/www.panoramamoveis.com.br\/blog-wp\/web-stories\/racas-de-gatos-pouco-conhecidas\/\" data-tooltip-text=\"\" target=\"_blank\" rel=\"noreferrer\" style=\"width:100%;height:100%;display:block;position:absolute;top:0;left:0\"><\/p>\n<div style=\"position:absolute;width:100%;height:129.7271%;left:0%;top:-14.86355%\" data-leaf-element=\"true\"><amp-img layout=\"fill\" src=\"https:\/\/www.panoramamoveis.com.br\/blog-wp\/wp-content\/uploads\/2022\/06\/DECORAC\u0327A\u0303O-DE-PAREDE-.png\" alt=\"DECORAC\u0327A\u0303O DE PAREDE\" srcSet=\"https:\/\/www.panoramamoveis.com.br\/blog-wp\/wp-content\/uploads\/2022\/06\/DECORAC%CC%A7A%CC%83O-DE-PAREDE-.png 640w,https:\/\/www.panoramamoveis.com.br\/blog-wp\/wp-content\/uploads\/2022\/06\/DECORAC%CC%A7A%CC%83O-DE-PAREDE--225x300.png 225w,https:\/\/www.panoramamoveis.com.br\/blog-wp\/wp-content\/uploads\/2022\/06\/DECORAC%CC%A7A%CC%83O-DE-PAREDE--150x200.png 150w\" sizes=\"(min-width: 1024px) 16vh, 35vw\" disable-inline-width=\"true\"><\/amp-img><\/div>\n<p><\/a><\/div>\n<\/div>\n<div style=\"position:absolute;pointer-events:none;left:12.62136%;top:59.2233%;width:37.37864%;height:24.27184%;opacity:1\">\n<div style=\"pointer-events:initial;width:100%;height:100%;display:block;position:absolute;top:0;left:0;z-index:0\" class=\"mask\" id=\"el-459f6827-372a-4729-8f4e-92258d2eb1bc\"><a href=\"https:\/\/www.panoramamoveis.com.br\/blog-wp\/web-stories\/tipos-de-sabores-que-os-cachorros-mais-gostam\/\" data-tooltip-text=\"\" target=\"_blank\" rel=\"noreferrer\" style=\"width:100%;height:100%;display:block;position:absolute;top:0;left:0\"><\/p>\n<div style=\"position:absolute;width:100%;height:136.83544%;left:0%;top:-18.41772%\" data-leaf-element=\"true\"><amp-img layout=\"fill\" src=\"https:\/\/www.panoramamoveis.com.br\/blog-wp\/wp-content\/uploads\/2022\/07\/CAPA-PAPEL-DE-PAREDE.png\" alt=\"CAPA - PAPEL DE PAREDE\" srcSet=\"https:\/\/www.panoramamoveis.com.br\/blog-wp\/wp-content\/uploads\/2022\/07\/CAPA-PAPEL-DE-PAREDE.png 640w,https:\/\/www.panoramamoveis.com.br\/blog-wp\/wp-content\/uploads\/2022\/07\/CAPA-PAPEL-DE-PAREDE-225x300.png 225w,https:\/\/www.panoramamoveis.com.br\/blog-wp\/wp-content\/uploads\/2022\/07\/CAPA-PAPEL-DE-PAREDE-150x200.png 150w\" sizes=\"(min-width: 1024px) 17vh, 37vw\" disable-inline-width=\"true\"><\/amp-img><\/div>\n<p><\/a><\/div>\n<\/div>\n<div style=\"position:absolute;pointer-events:none;left:23.30097%;top:75.88997%;width:53.64078%;height:35.76052%;opacity:1\">\n<div style=\"pointer-events:initial;width:100%;height:100%;display:block;position:absolute;top:0;left:0;z-index:0\" class=\"mask\" id=\"el-7199a5ac-5069-4b90-90e8-13dd14ebf50c\">\n<div style=\"position:absolute;width:100%;height:100%;left:0%;top:0%\" data-leaf-element=\"true\"><amp-img layout=\"fill\" src=\"https:\/\/www.panoramamoveis.com.br\/blog-wp\/wp-content\/uploads\/2021\/09\/panorama-sem-fundo.png\" alt=\"panorama sem fundo\" srcSet=\"https:\/\/www.panoramamoveis.com.br\/blog-wp\/wp-content\/uploads\/2021\/09\/panorama-sem-fundo.png 500w,https:\/\/www.panoramamoveis.com.br\/blog-wp\/wp-content\/uploads\/2021\/09\/panorama-sem-fundo-300x300.png 300w,https:\/\/www.panoramamoveis.com.br\/blog-wp\/wp-content\/uploads\/2021\/09\/panorama-sem-fundo-150x150.png 150w,https:\/\/www.panoramamoveis.com.br\/blog-wp\/wp-content\/uploads\/2021\/09\/panorama-sem-fundo-96x96.png 96w\" sizes=\"(min-width: 1024px) 24vh, 54vw\" disable-inline-width=\"true\"><\/amp-img><\/div>\n<\/div>\n<\/div>\n<div style=\"position:absolute;pointer-events:none;left:52.18447%;top:62.94498%;width:32.03883%;height:16.99029%;opacity:1\">\n<div style=\"pointer-events:initial;width:100%;height:100%;display:block;position:absolute;top:0;left:0;z-index:0;border-radius:1.5151515151515151% 1.5151515151515151% 1.5151515151515151% 1.5151515151515151% \/ 1.9047619047619049% 1.9047619047619049% 1.9047619047619049% 1.9047619047619049%\" id=\"el-54ef6abd-31d1-4892-a7ba-19de1de2f467\"><a href=\"https:\/\/www.panoramamoveis.com.br\/blog-wp\/web-stories\/tipos-de-sabores-que-os-cachorros-mais-gostam\/\" data-tooltip-text=\"\" target=\"_blank\" rel=\"noreferrer\" style=\"width:100%;height:100%;display:block;position:absolute;top:0;left:0\"><\/p>\n<h3 class=\"fill text-wrapper\" style=\"white-space:pre-line;overflow-wrap:break-word;word-break:break-word;margin:-0.23437499999999947% 0;font-family:&quot;Roboto&quot;,sans-serif;font-size:0.355987em;line-height:1.2;text-align:left;padding:0;color:#000000\"><span><span style=\"font-weight: 700; color: #fff\">Tipos de sabores que os cachorros mais gostam<\/span><\/span><\/h3>\n<p><\/a><\/div>\n<\/div>\n<div style=\"position:absolute;pointer-events:none;left:52.18447%;top:36.24595%;width:34.2233%;height:12.78317%;opacity:1\">\n<div style=\"pointer-events:initial;width:100%;height:100%;display:block;position:absolute;top:0;left:0;z-index:0;border-radius:1.4184397163120568% 1.4184397163120568% 1.4184397163120568% 1.4184397163120568% \/ 2.5316455696202533% 2.5316455696202533% 2.5316455696202533% 2.5316455696202533%\" id=\"el-2e9e818e-1985-44fa-a446-09e4865c2d3a\"><a href=\"https:\/\/www.panoramamoveis.com.br\/blog-wp\/web-stories\/racas-de-gatos-pouco-conhecidas\/\" data-tooltip-text=\"\" target=\"_blank\" rel=\"noreferrer\" style=\"width:100%;height:100%;display:block;position:absolute;top:0;left:0\"><\/p>\n<h3 class=\"fill text-wrapper\" style=\"white-space:pre-line;overflow-wrap:break-word;word-break:break-word;margin:-0.21941489361702077% 0;font-family:&quot;Roboto&quot;,sans-serif;font-size:0.355987em;line-height:1.2;text-align:left;padding:0;color:#000000\"><span><span style=\"font-weight: 700; color: #fff\">Ra\u00e7as de gatos pouco conhecidas<\/span><\/span><\/h3>\n<p><\/a><\/div>\n<\/div>\n<\/div>\n<\/div>\n<p><\/amp-story-grid-layer><\/amp-story-page><\/amp-story><\/body><\/html><\/p>\n","protected":false},"excerpt":{"rendered":"<p>Confira no Web Stories do Panorama M\u00f3veis ra\u00e7as de gatos com pelagem cacheada, que encantam com seu charme \u00fanico e beleza diferenciada. <\/p>\n","protected":false},"author":1,"featured_media":69002,"template":"","meta":{"web_stories_publisher_logo":20,"web_stories_poster":[],"web_stories_products":[],"footnotes":""},"web_story_category":[],"web_story_tag":[],"class_list":["post-68994","web-story","type-web-story","status-publish","has-post-thumbnail","hentry"],"story_data":{"version":47,"pages":[{"elements":[{"opacity":100,"flip":{"vertical":false,"horizontal":false},"rotationAngle":0,"lockAspectRatio":true,"x":348,"y":300,"width":330,"height":586,"mask":{"type":"rectangle"},"isBackground":true,"type":"image","id":"76f7f876-3d4c-4fb3-bb0d-58954ef2886c","scale":100,"focalX":50,"focalY":50,"resource":{"baseColor":"#8a1b18","blurHash":"UTINR9t8a0WV.mofjFj[z;jsXSf6%2jukBWB","type":"image","mimeType":"image\/png","creationDate":"2022-07-17T14:13:08.000Z","src":"https:\/\/www.panoramamoveis.com.br\/blog-wp\/wp-content\/uploads\/2022\/07\/ESPELHOS-PG1.png","width":1080,"height":1920,"id":6244,"alt":"ESPELHOS PG1","sizes":{"medium":{"file":"ESPELHOS-PG1-169x300.png","width":169,"height":300,"filesize":58302,"mimeType":"image\/png","sourceUrl":"https:\/\/www.panoramamoveis.com.br\/blog-wp\/wp-content\/uploads\/2022\/07\/ESPELHOS-PG1-169x300.png"},"large":{"file":"ESPELHOS-PG1-576x1024.png","width":576,"height":1024,"filesize":422030,"mimeType":"image\/png","sourceUrl":"https:\/\/www.panoramamoveis.com.br\/blog-wp\/wp-content\/uploads\/2022\/07\/ESPELHOS-PG1-576x1024.png"},"thumbnail":{"file":"ESPELHOS-PG1-150x150.png","width":150,"height":150,"filesize":33689,"mimeType":"image\/png","sourceUrl":"https:\/\/www.panoramamoveis.com.br\/blog-wp\/wp-content\/uploads\/2022\/07\/ESPELHOS-PG1-150x150.png"},"medium_large":{"file":"ESPELHOS-PG1-768x1365.png","width":768,"height":1365,"filesize":781298,"mimeType":"image\/png","sourceUrl":"https:\/\/www.panoramamoveis.com.br\/blog-wp\/wp-content\/uploads\/2022\/07\/ESPELHOS-PG1-768x1365.png"},"1536x1536":{"file":"ESPELHOS-PG1-864x1536.png","width":864,"height":1536,"filesize":809787,"mimeType":"image\/png","sourceUrl":"https:\/\/www.panoramamoveis.com.br\/blog-wp\/wp-content\/uploads\/2022\/07\/ESPELHOS-PG1-864x1536.png"},"web-stories-poster-portrait":{"file":"ESPELHOS-PG1-640x853.png","width":640,"height":853,"filesize":493572,"mimeType":"image\/png","sourceUrl":"https:\/\/www.panoramamoveis.com.br\/blog-wp\/wp-content\/uploads\/2022\/07\/ESPELHOS-PG1-640x853.png"},"web-stories-publisher-logo":{"file":"ESPELHOS-PG1-96x96.png","width":96,"height":96,"filesize":15577,"mimeType":"image\/png","sourceUrl":"https:\/\/www.panoramamoveis.com.br\/blog-wp\/wp-content\/uploads\/2022\/07\/ESPELHOS-PG1-96x96.png"},"web-stories-thumbnail":{"file":"ESPELHOS-PG1-150x267.png","width":150,"height":267,"filesize":46803,"mimeType":"image\/png","sourceUrl":"https:\/\/www.panoramamoveis.com.br\/blog-wp\/wp-content\/uploads\/2022\/07\/ESPELHOS-PG1-150x267.png"},"full":{"file":"ESPELHOS-PG1.png","width":1080,"height":1920,"mimeType":"image\/png","sourceUrl":"https:\/\/www.panoramamoveis.com.br\/blog-wp\/wp-content\/uploads\/2022\/07\/ESPELHOS-PG1.png"}},"isPlaceholder":false,"isOptimized":false,"isMuted":false,"isExternal":false,"needsProxy":false},"alt":"Sala com 3 espelhos redondos"},{"opacity":100,"flip":{"vertical":false,"horizontal":false},"rotationAngle":0,"lockAspectRatio":false,"scale":100,"focalX":50,"focalY":50,"resource":{"type":"image","mimeType":"image\/jpeg","width":600,"height":443,"sizes":{"medium":{"file":"gato-cacheado-Petlove-300x222.jpg","width":300,"height":222,"filesize":12505,"mimeType":"image\/jpeg","sourceUrl":"https:\/\/www.panoramamoveis.com.br\/blog-wp\/wp-content\/uploads\/2025\/03\/gato-cacheado-Petlove-300x222.jpg"},"thumbnail":{"file":"gato-cacheado-Petlove-150x150.jpg","width":150,"height":150,"filesize":6104,"mimeType":"image\/jpeg","sourceUrl":"https:\/\/www.panoramamoveis.com.br\/blog-wp\/wp-content\/uploads\/2025\/03\/gato-cacheado-Petlove-150x150.jpg"},"web-stories-publisher-logo":{"file":"gato-cacheado-Petlove-96x96.jpg","width":96,"height":96,"filesize":3204,"mimeType":"image\/jpeg","sourceUrl":"https:\/\/www.panoramamoveis.com.br\/blog-wp\/wp-content\/uploads\/2025\/03\/gato-cacheado-Petlove-96x96.jpg"},"web-stories-thumbnail":{"file":"gato-cacheado-Petlove-150x111.jpg","width":150,"height":111,"filesize":4274,"mimeType":"image\/jpeg","sourceUrl":"https:\/\/www.panoramamoveis.com.br\/blog-wp\/wp-content\/uploads\/2025\/03\/gato-cacheado-Petlove-150x111.jpg"},"full":{"file":"gato-cacheado-Petlove.jpg","width":600,"height":443,"mimeType":"image\/jpeg","sourceUrl":"https:\/\/www.panoramamoveis.com.br\/blog-wp\/wp-content\/uploads\/2025\/03\/gato-cacheado-Petlove.jpg"}},"isPlaceholder":false,"isExternal":false,"needsProxy":false,"baseColor":"#9ea1a2","blurHash":"UUHoONofbwt6_4t8axRiRkj[WARj%MaeV[of","creationDate":"2025-03-26T15:04:18","src":"https:\/\/www.panoramamoveis.com.br\/blog-wp\/wp-content\/uploads\/2025\/03\/gato-cacheado-Petlove.jpg","id":69005,"alt":"gato-cacheado-Petlove","local":false},"type":"image","x":22,"y":82,"width":369,"height":393,"mask":{"type":"rectangle","showInLibrary":true,"name":"Ret\u00e2ngulo","path":"M 0,0 1,0 1,1 0,1 0,0 Z","ratio":1,"supportsBorder":true},"id":"bfbfd5a2-c411-4478-bce2-0ce225674ae7"},{"opacity":100,"flip":{"vertical":false,"horizontal":false},"rotationAngle":0,"lockAspectRatio":true,"backgroundTextMode":"FILL","font":{"family":"Anton"},"fontSize":24,"backgroundColor":{"color":{"r":163,"g":0,"b":3,"a":0.7}},"lineHeight":1.2,"textAlign":"center","padding":{"locked":true,"hasHiddenPadding":true,"horizontal":8,"vertical":4},"type":"text","content":"<span style=\"color: #fff\">Confira tudo nesse web stories da Panorama m\u00f3veis<\/span>","borderRadius":{"locked":true,"topLeft":2,"topRight":2,"bottomRight":2,"bottomLeft":2},"x":52,"y":538,"width":309,"height":73,"id":"bf7050a3-2269-4a18-991d-666bc73b2364"},{"opacity":100,"flip":{"vertical":false,"horizontal":false},"rotationAngle":0,"lockAspectRatio":true,"backgroundTextMode":"HIGHLIGHT","font":{"family":"Anton"},"fontSize":25,"backgroundColor":{"color":{"r":163,"g":0,"b":3,"a":0.6}},"lineHeight":1,"textAlign":"left","padding":{"hasHiddenPadding":true,"horizontal":8,"vertical":4},"content":"<span style=\"color: #fff\">Tipos de sabores que os cachorros mais gostam<\/span>","borderRadius":{"locked":true,"topLeft":2,"topRight":2,"bottomRight":2,"bottomLeft":2},"x":49,"y":435,"width":312,"height":79,"basedOn":"0eb8f95a-7e6c-437b-ac68-3824daa840f3","id":"2582c9a8-b4e9-468b-b85d-7bd4cb1c4478","type":"text","marginOffset":-12.63427734375}],"animations":[],"backgroundColor":{"color":{"r":255,"g":255,"b":255}},"type":"page","id":"5087ac86-4e77-42ae-a3bc-6de766d977a9","defaultBackgroundElement":{"opacity":100,"flip":{"vertical":false,"horizontal":false},"rotationAngle":0,"lockAspectRatio":true,"x":1,"y":1,"width":1,"height":1,"mask":{"type":"rectangle"},"isBackground":true,"isDefaultBackground":true,"type":"shape","id":"fd86e440-5b5a-448f-9a3f-d9ffceab6663"},"pageAttachment":{"url":""}},{"elements":[{"opacity":100,"flip":{"vertical":false,"horizontal":false},"rotationAngle":0,"lockAspectRatio":true,"scale":100,"focalX":50,"focalY":49.9999996875,"resource":{"baseColor":"#d0c9c3","blurHash":"UJPskqM{_4xb00tQ-=t7_NM{M{Rj%gs:ayRj","type":"image","mimeType":"image\/png","creationDate":"2022-07-17T14:12:58.000Z","src":"https:\/\/www.panoramamoveis.com.br\/blog-wp\/wp-content\/uploads\/2022\/07\/ESPELHOS-PG4.png","width":1080,"height":1920,"id":6240,"alt":"ESPELHOS PG4","sizes":{"medium":{"file":"ESPELHOS-PG4-169x300.png","width":169,"height":300,"filesize":52785,"mimeType":"image\/png","sourceUrl":"https:\/\/www.panoramamoveis.com.br\/blog-wp\/wp-content\/uploads\/2022\/07\/ESPELHOS-PG4-169x300.png"},"large":{"file":"ESPELHOS-PG4-576x1024.png","width":576,"height":1024,"filesize":395855,"mimeType":"image\/png","sourceUrl":"https:\/\/www.panoramamoveis.com.br\/blog-wp\/wp-content\/uploads\/2022\/07\/ESPELHOS-PG4-576x1024.png"},"thumbnail":{"file":"ESPELHOS-PG4-150x150.png","width":150,"height":150,"filesize":26980,"mimeType":"image\/png","sourceUrl":"https:\/\/www.panoramamoveis.com.br\/blog-wp\/wp-content\/uploads\/2022\/07\/ESPELHOS-PG4-150x150.png"},"medium_large":{"file":"ESPELHOS-PG4-768x1365.png","width":768,"height":1365,"filesize":730853,"mimeType":"image\/png","sourceUrl":"https:\/\/www.panoramamoveis.com.br\/blog-wp\/wp-content\/uploads\/2022\/07\/ESPELHOS-PG4-768x1365.png"},"1536x1536":{"file":"ESPELHOS-PG4-864x1536.png","width":864,"height":1536,"filesize":778363,"mimeType":"image\/png","sourceUrl":"https:\/\/www.panoramamoveis.com.br\/blog-wp\/wp-content\/uploads\/2022\/07\/ESPELHOS-PG4-864x1536.png"},"web-stories-poster-portrait":{"file":"ESPELHOS-PG4-640x853.png","width":640,"height":853,"filesize":420748,"mimeType":"image\/png","sourceUrl":"https:\/\/www.panoramamoveis.com.br\/blog-wp\/wp-content\/uploads\/2022\/07\/ESPELHOS-PG4-640x853.png"},"web-stories-publisher-logo":{"file":"ESPELHOS-PG4-96x96.png","width":96,"height":96,"filesize":12353,"mimeType":"image\/png","sourceUrl":"https:\/\/www.panoramamoveis.com.br\/blog-wp\/wp-content\/uploads\/2022\/07\/ESPELHOS-PG4-96x96.png"},"web-stories-thumbnail":{"file":"ESPELHOS-PG4-150x267.png","width":150,"height":267,"filesize":42771,"mimeType":"image\/png","sourceUrl":"https:\/\/www.panoramamoveis.com.br\/blog-wp\/wp-content\/uploads\/2022\/07\/ESPELHOS-PG4-150x267.png"},"full":{"file":"ESPELHOS-PG4.png","width":1080,"height":1920,"mimeType":"image\/png","sourceUrl":"https:\/\/www.panoramamoveis.com.br\/blog-wp\/wp-content\/uploads\/2022\/07\/ESPELHOS-PG4.png"}},"isPlaceholder":false,"isOptimized":false,"isMuted":false,"isExternal":false,"needsProxy":false},"x":210,"y":540,"width":330,"height":586,"mask":{"type":"rectangle"},"isBackground":true,"id":"4fab43d4-4da3-4001-bb1a-9fe0916893c5","basedOn":"6d51fe17-5b3b-4d0b-82cf-4037a3ffa2f8","alt":"sala com espelho ovalado em cima de bancada de madeira","type":"image"},{"opacity":100,"flip":{"vertical":false,"horizontal":false},"rotationAngle":0,"lockAspectRatio":false,"scale":100,"focalX":50,"focalY":50,"resource":{"type":"image","mimeType":"image\/avif","width":1200,"height":738,"sizes":[],"isPlaceholder":false,"isExternal":false,"needsProxy":false,"baseColor":"#bfb6b9","blurHash":"UIJHwDI99a4mI=b_S5IU~WIUxux^$#R+I?-;","creationDate":"2025-03-26T16:37:08","src":"https:\/\/www.panoramamoveis.com.br\/blog-wp\/wp-content\/uploads\/2025\/03\/Selkirk-Rex.jpg.avif","id":69020,"alt":"Selkirk-Rex.jpg","local":false},"type":"image","x":48,"y":-41,"width":316,"height":393,"mask":{"type":"rectangle","showInLibrary":true,"name":"Ret\u00e2ngulo","path":"M 0,0 1,0 1,1 0,1 0,0 Z","ratio":1,"supportsBorder":true},"id":"5d894f9a-ca42-4dcf-b50b-593569c9bcb8"},{"opacity":100,"flip":{"vertical":false,"horizontal":false},"rotationAngle":270,"lockAspectRatio":true,"scale":100,"focalX":50,"focalY":50,"resource":{"baseColor":"#543833","type":"image","mimeType":"image\/png","creationDate":"2021-11-09T19:36:56","src":"https:\/\/www.panoramamoveis.com.br\/blog-wp\/wp-content\/uploads\/2021\/11\/Panorama-Moveis-click-1.png","width":3240,"height":5760,"id":1933,"alt":"Panorama M\u00f3veis click (1)","sizes":{"medium":{"file":"Panorama-Moveis-click-1-169x300.png","width":169,"height":300,"mimeType":"image\/png","sourceUrl":"https:\/\/www.panoramamoveis.com.br\/blog-wp\/wp-content\/uploads\/2021\/11\/Panorama-Moveis-click-1-169x300.png"},"large":{"file":"Panorama-Moveis-click-1-576x1024.png","width":576,"height":1024,"mimeType":"image\/png","sourceUrl":"https:\/\/www.panoramamoveis.com.br\/blog-wp\/wp-content\/uploads\/2021\/11\/Panorama-Moveis-click-1-576x1024.png"},"thumbnail":{"file":"Panorama-Moveis-click-1-150x150.png","width":150,"height":150,"mimeType":"image\/png","sourceUrl":"https:\/\/www.panoramamoveis.com.br\/blog-wp\/wp-content\/uploads\/2021\/11\/Panorama-Moveis-click-1-150x150.png"},"medium_large":{"file":"Panorama-Moveis-click-1-768x1365.png","width":768,"height":1365,"mimeType":"image\/png","sourceUrl":"https:\/\/www.panoramamoveis.com.br\/blog-wp\/wp-content\/uploads\/2021\/11\/Panorama-Moveis-click-1-768x1365.png"},"1536x1536":{"file":"Panorama-Moveis-click-1-864x1536.png","width":864,"height":1536,"mimeType":"image\/png","sourceUrl":"https:\/\/www.panoramamoveis.com.br\/blog-wp\/wp-content\/uploads\/2021\/11\/Panorama-Moveis-click-1-864x1536.png"},"2048x2048":{"file":"Panorama-Moveis-click-1-1152x2048.png","width":1152,"height":2048,"mimeType":"image\/png","sourceUrl":"https:\/\/www.panoramamoveis.com.br\/blog-wp\/wp-content\/uploads\/2021\/11\/Panorama-Moveis-click-1-1152x2048.png"},"post-thumbnail":{"file":"Panorama-Moveis-click-1-1200x2133.png","width":1200,"height":2133,"mimeType":"image\/png","sourceUrl":"https:\/\/www.panoramamoveis.com.br\/blog-wp\/wp-content\/uploads\/2021\/11\/Panorama-Moveis-click-1-1200x2133.png"},"twentytwenty-fullscreen":{"file":"Panorama-Moveis-click-1-1980x3520.png","width":1980,"height":3520,"mimeType":"image\/png","sourceUrl":"https:\/\/www.panoramamoveis.com.br\/blog-wp\/wp-content\/uploads\/2021\/11\/Panorama-Moveis-click-1-1980x3520.png"},"web-stories-poster-portrait":{"file":"Panorama-Moveis-click-1-640x853.png","width":640,"height":853,"mimeType":"image\/png","sourceUrl":"https:\/\/www.panoramamoveis.com.br\/blog-wp\/wp-content\/uploads\/2021\/11\/Panorama-Moveis-click-1-640x853.png"},"web-stories-publisher-logo":{"file":"Panorama-Moveis-click-1-96x96.png","width":96,"height":96,"mimeType":"image\/png","sourceUrl":"https:\/\/www.panoramamoveis.com.br\/blog-wp\/wp-content\/uploads\/2021\/11\/Panorama-Moveis-click-1-96x96.png"},"web-stories-thumbnail":{"file":"Panorama-Moveis-click-1-150x267.png","width":150,"height":267,"mimeType":"image\/png","sourceUrl":"https:\/\/www.panoramamoveis.com.br\/blog-wp\/wp-content\/uploads\/2021\/11\/Panorama-Moveis-click-1-150x267.png"},"full":{"file":"Panorama-Moveis-click-1.png","width":3240,"height":5760,"mimeType":"image\/png","sourceUrl":"https:\/\/www.panoramamoveis.com.br\/blog-wp\/wp-content\/uploads\/2021\/11\/Panorama-Moveis-click-1.png"}},"isPlaceholder":false,"isOptimized":false,"isMuted":false,"isExternal":false,"provider":"local"},"x":70,"y":-52,"width":56,"height":104,"mask":{"type":"rectangle","showInLibrary":true,"name":"Ret\u00e2ngulo","path":"M 0,0 1,0 1,1 0,1 0,0 Z","ratio":1,"supportsBorder":true},"basedOn":"ff22fdff-46a4-4f87-bd8d-8ebfd8afae43","id":"77928504-5450-43f9-b2a2-db88218aa230","type":"image"},{"opacity":100,"flip":{"vertical":false,"horizontal":false},"rotationAngle":0,"lockAspectRatio":true,"backgroundTextMode":"HIGHLIGHT","font":{"family":"Anton"},"fontSize":24,"backgroundColor":{"color":{"r":163,"g":0,"b":3,"a":0.6}},"lineHeight":1,"textAlign":"left","padding":{"hasHiddenPadding":true,"horizontal":8,"vertical":4},"content":"<span style=\"color: #fff\">Selkirk rex<\/span>","borderRadius":{"locked":true,"topLeft":2,"topRight":2,"bottomRight":2,"bottomLeft":2},"x":48,"y":308,"width":316,"height":44,"basedOn":"b243f3b7-3cf7-4622-8509-1da0a1b3e9f5","id":"9e82a8ee-b0b9-456f-8816-b066d7a9815f","type":"text"},{"opacity":100,"flip":{"vertical":false,"horizontal":false},"rotationAngle":0,"lockAspectRatio":true,"backgroundTextMode":"NONE","font":{"family":"Oswald"},"fontSize":23,"backgroundColor":{"color":{"r":196,"g":196,"b":196}},"lineHeight":1.2,"textAlign":"left","padding":{"locked":true,"hasHiddenPadding":false,"horizontal":null,"vertical":null},"content":"<span style=\"color: #f00\">O Selkirk Rex surgiu nos EUA nos anos 1980, do cruzamento entre uma gata de pelos encaracolados e um Persa. Sua pelagem densa pode ser curta ou longa. Soci\u00e1vel e brincalh\u00e3o, \u00e9 um \u00f3timo companheiro para quem busca um gato afetuoso.&nbsp;<\/span>","borderRadius":{"locked":true,"topLeft":2,"topRight":2,"bottomRight":2,"bottomLeft":2},"x":48,"y":352,"width":314,"height":200,"basedOn":"1db38a2b-ce9d-45f7-9b4b-251abc548bed","marginOffset":-5.0760000000000005,"id":"6102357c-5403-48b7-be82-f6d9b3fe6d71","type":"text"}],"backgroundColor":{"color":{"r":255,"g":255,"b":255}},"animations":[{"targets":["6102357c-5403-48b7-be82-f6d9b3fe6d71"],"id":"b6cf4380-b42b-40ae-be69-91a6efc143eb","type":"effect-fade-in","duration":600,"delay":0}],"type":"page","id":"3f4ac6be-21cd-4804-8c30-3ee2a9552928","defaultBackgroundElement":{"opacity":100,"flip":{"vertical":false,"horizontal":false},"rotationAngle":0,"lockAspectRatio":true,"x":1,"y":1,"width":1,"height":1,"mask":{"type":"rectangle"},"isBackground":true,"isDefaultBackground":true,"type":"shape","id":"a8c80173-9ac5-4023-87d5-f08fb27f6c35"}},{"elements":[{"opacity":100,"flip":{"vertical":false,"horizontal":false},"rotationAngle":0,"lockAspectRatio":true,"scale":100,"focalX":50,"focalY":49.9999996875,"resource":{"baseColor":"#d0c9c3","blurHash":"UJPskqM{_4xb00tQ-=t7_NM{M{Rj%gs:ayRj","type":"image","mimeType":"image\/png","creationDate":"2022-07-17T14:12:58.000Z","src":"https:\/\/www.panoramamoveis.com.br\/blog-wp\/wp-content\/uploads\/2022\/07\/ESPELHOS-PG4.png","width":1080,"height":1920,"id":6240,"alt":"ESPELHOS PG4","sizes":{"medium":{"file":"ESPELHOS-PG4-169x300.png","width":169,"height":300,"filesize":52785,"mimeType":"image\/png","sourceUrl":"https:\/\/www.panoramamoveis.com.br\/blog-wp\/wp-content\/uploads\/2022\/07\/ESPELHOS-PG4-169x300.png"},"large":{"file":"ESPELHOS-PG4-576x1024.png","width":576,"height":1024,"filesize":395855,"mimeType":"image\/png","sourceUrl":"https:\/\/www.panoramamoveis.com.br\/blog-wp\/wp-content\/uploads\/2022\/07\/ESPELHOS-PG4-576x1024.png"},"thumbnail":{"file":"ESPELHOS-PG4-150x150.png","width":150,"height":150,"filesize":26980,"mimeType":"image\/png","sourceUrl":"https:\/\/www.panoramamoveis.com.br\/blog-wp\/wp-content\/uploads\/2022\/07\/ESPELHOS-PG4-150x150.png"},"medium_large":{"file":"ESPELHOS-PG4-768x1365.png","width":768,"height":1365,"filesize":730853,"mimeType":"image\/png","sourceUrl":"https:\/\/www.panoramamoveis.com.br\/blog-wp\/wp-content\/uploads\/2022\/07\/ESPELHOS-PG4-768x1365.png"},"1536x1536":{"file":"ESPELHOS-PG4-864x1536.png","width":864,"height":1536,"filesize":778363,"mimeType":"image\/png","sourceUrl":"https:\/\/www.panoramamoveis.com.br\/blog-wp\/wp-content\/uploads\/2022\/07\/ESPELHOS-PG4-864x1536.png"},"web-stories-poster-portrait":{"file":"ESPELHOS-PG4-640x853.png","width":640,"height":853,"filesize":420748,"mimeType":"image\/png","sourceUrl":"https:\/\/www.panoramamoveis.com.br\/blog-wp\/wp-content\/uploads\/2022\/07\/ESPELHOS-PG4-640x853.png"},"web-stories-publisher-logo":{"file":"ESPELHOS-PG4-96x96.png","width":96,"height":96,"filesize":12353,"mimeType":"image\/png","sourceUrl":"https:\/\/www.panoramamoveis.com.br\/blog-wp\/wp-content\/uploads\/2022\/07\/ESPELHOS-PG4-96x96.png"},"web-stories-thumbnail":{"file":"ESPELHOS-PG4-150x267.png","width":150,"height":267,"filesize":42771,"mimeType":"image\/png","sourceUrl":"https:\/\/www.panoramamoveis.com.br\/blog-wp\/wp-content\/uploads\/2022\/07\/ESPELHOS-PG4-150x267.png"},"full":{"file":"ESPELHOS-PG4.png","width":1080,"height":1920,"mimeType":"image\/png","sourceUrl":"https:\/\/www.panoramamoveis.com.br\/blog-wp\/wp-content\/uploads\/2022\/07\/ESPELHOS-PG4.png"}},"isPlaceholder":false,"isOptimized":false,"isMuted":false,"isExternal":false,"needsProxy":false},"x":210,"y":540,"width":330,"height":586,"mask":{"type":"rectangle"},"isBackground":true,"id":"e1ab8d5d-0a3b-4071-b053-b5802865bc3f","basedOn":"6d51fe17-5b3b-4d0b-82cf-4037a3ffa2f8","alt":"sala com espelho ovalado em cima de bancada de madeira","type":"image"},{"opacity":100,"flip":{"vertical":false,"horizontal":false},"rotationAngle":0,"lockAspectRatio":false,"scale":100,"focalX":50,"focalY":50,"resource":{"type":"image","mimeType":"image\/jpeg","width":1200,"height":800,"sizes":{"medium":{"file":"gato-de-raca-cornish-rex-300x200.jpg","width":300,"height":200,"filesize":11359,"mimeType":"image\/jpeg","sourceUrl":"https:\/\/www.panoramamoveis.com.br\/blog-wp\/wp-content\/uploads\/2025\/03\/gato-de-raca-cornish-rex-300x200.jpg"},"large":{"file":"gato-de-raca-cornish-rex-1024x683.jpg","width":1024,"height":683,"filesize":81509,"mimeType":"image\/jpeg","sourceUrl":"https:\/\/www.panoramamoveis.com.br\/blog-wp\/wp-content\/uploads\/2025\/03\/gato-de-raca-cornish-rex-1024x683.jpg"},"thumbnail":{"file":"gato-de-raca-cornish-rex-150x150.jpg","width":150,"height":150,"filesize":5577,"mimeType":"image\/jpeg","sourceUrl":"https:\/\/www.panoramamoveis.com.br\/blog-wp\/wp-content\/uploads\/2025\/03\/gato-de-raca-cornish-rex-150x150.jpg"},"medium_large":{"file":"gato-de-raca-cornish-rex-768x512.jpg","width":768,"height":512,"filesize":49126,"mimeType":"image\/jpeg","sourceUrl":"https:\/\/www.panoramamoveis.com.br\/blog-wp\/wp-content\/uploads\/2025\/03\/gato-de-raca-cornish-rex-768x512.jpg"},"web-stories-poster-portrait":{"file":"gato-de-raca-cornish-rex-640x800.jpg","width":640,"height":800,"filesize":72209,"mimeType":"image\/jpeg","sourceUrl":"https:\/\/www.panoramamoveis.com.br\/blog-wp\/wp-content\/uploads\/2025\/03\/gato-de-raca-cornish-rex-640x800.jpg"},"web-stories-publisher-logo":{"file":"gato-de-raca-cornish-rex-96x96.jpg","width":96,"height":96,"filesize":2917,"mimeType":"image\/jpeg","sourceUrl":"https:\/\/www.panoramamoveis.com.br\/blog-wp\/wp-content\/uploads\/2025\/03\/gato-de-raca-cornish-rex-96x96.jpg"},"web-stories-thumbnail":{"file":"gato-de-raca-cornish-rex-150x100.jpg","width":150,"height":100,"filesize":4202,"mimeType":"image\/jpeg","sourceUrl":"https:\/\/www.panoramamoveis.com.br\/blog-wp\/wp-content\/uploads\/2025\/03\/gato-de-raca-cornish-rex-150x100.jpg"},"full":{"file":"gato-de-raca-cornish-rex.jpg","width":1200,"height":800,"mimeType":"image\/jpeg","sourceUrl":"https:\/\/www.panoramamoveis.com.br\/blog-wp\/wp-content\/uploads\/2025\/03\/gato-de-raca-cornish-rex.jpg"}},"isPlaceholder":false,"isExternal":false,"needsProxy":false,"baseColor":"#465b33","blurHash":"U7BD=j9Z00~q4.j?-;nm4.%2%ND%nltQocM{","creationDate":"2025-03-26T16:37:49","src":"https:\/\/www.panoramamoveis.com.br\/blog-wp\/wp-content\/uploads\/2025\/03\/gato-de-raca-cornish-rex.jpg","id":69023,"alt":"gato-de-raca-cornish-rex","local":false},"type":"image","x":50,"y":-39,"width":314,"height":391,"mask":{"type":"rectangle","showInLibrary":true,"name":"Ret\u00e2ngulo","path":"M 0,0 1,0 1,1 0,1 0,0 Z","ratio":1,"supportsBorder":true},"id":"5e58dae6-5087-44be-a5e3-ae1fed34348b"},{"opacity":100,"flip":{"vertical":false,"horizontal":false},"rotationAngle":270,"lockAspectRatio":true,"scale":100,"focalX":50,"focalY":50,"resource":{"baseColor":"#543833","type":"image","mimeType":"image\/png","creationDate":"2021-11-09T19:36:56","src":"https:\/\/www.panoramamoveis.com.br\/blog-wp\/wp-content\/uploads\/2021\/11\/Panorama-Moveis-click-1.png","width":3240,"height":5760,"id":1933,"alt":"Panorama M\u00f3veis click (1)","sizes":{"medium":{"file":"Panorama-Moveis-click-1-169x300.png","width":169,"height":300,"mimeType":"image\/png","sourceUrl":"https:\/\/www.panoramamoveis.com.br\/blog-wp\/wp-content\/uploads\/2021\/11\/Panorama-Moveis-click-1-169x300.png"},"large":{"file":"Panorama-Moveis-click-1-576x1024.png","width":576,"height":1024,"mimeType":"image\/png","sourceUrl":"https:\/\/www.panoramamoveis.com.br\/blog-wp\/wp-content\/uploads\/2021\/11\/Panorama-Moveis-click-1-576x1024.png"},"thumbnail":{"file":"Panorama-Moveis-click-1-150x150.png","width":150,"height":150,"mimeType":"image\/png","sourceUrl":"https:\/\/www.panoramamoveis.com.br\/blog-wp\/wp-content\/uploads\/2021\/11\/Panorama-Moveis-click-1-150x150.png"},"medium_large":{"file":"Panorama-Moveis-click-1-768x1365.png","width":768,"height":1365,"mimeType":"image\/png","sourceUrl":"https:\/\/www.panoramamoveis.com.br\/blog-wp\/wp-content\/uploads\/2021\/11\/Panorama-Moveis-click-1-768x1365.png"},"1536x1536":{"file":"Panorama-Moveis-click-1-864x1536.png","width":864,"height":1536,"mimeType":"image\/png","sourceUrl":"https:\/\/www.panoramamoveis.com.br\/blog-wp\/wp-content\/uploads\/2021\/11\/Panorama-Moveis-click-1-864x1536.png"},"2048x2048":{"file":"Panorama-Moveis-click-1-1152x2048.png","width":1152,"height":2048,"mimeType":"image\/png","sourceUrl":"https:\/\/www.panoramamoveis.com.br\/blog-wp\/wp-content\/uploads\/2021\/11\/Panorama-Moveis-click-1-1152x2048.png"},"post-thumbnail":{"file":"Panorama-Moveis-click-1-1200x2133.png","width":1200,"height":2133,"mimeType":"image\/png","sourceUrl":"https:\/\/www.panoramamoveis.com.br\/blog-wp\/wp-content\/uploads\/2021\/11\/Panorama-Moveis-click-1-1200x2133.png"},"twentytwenty-fullscreen":{"file":"Panorama-Moveis-click-1-1980x3520.png","width":1980,"height":3520,"mimeType":"image\/png","sourceUrl":"https:\/\/www.panoramamoveis.com.br\/blog-wp\/wp-content\/uploads\/2021\/11\/Panorama-Moveis-click-1-1980x3520.png"},"web-stories-poster-portrait":{"file":"Panorama-Moveis-click-1-640x853.png","width":640,"height":853,"mimeType":"image\/png","sourceUrl":"https:\/\/www.panoramamoveis.com.br\/blog-wp\/wp-content\/uploads\/2021\/11\/Panorama-Moveis-click-1-640x853.png"},"web-stories-publisher-logo":{"file":"Panorama-Moveis-click-1-96x96.png","width":96,"height":96,"mimeType":"image\/png","sourceUrl":"https:\/\/www.panoramamoveis.com.br\/blog-wp\/wp-content\/uploads\/2021\/11\/Panorama-Moveis-click-1-96x96.png"},"web-stories-thumbnail":{"file":"Panorama-Moveis-click-1-150x267.png","width":150,"height":267,"mimeType":"image\/png","sourceUrl":"https:\/\/www.panoramamoveis.com.br\/blog-wp\/wp-content\/uploads\/2021\/11\/Panorama-Moveis-click-1-150x267.png"},"full":{"file":"Panorama-Moveis-click-1.png","width":3240,"height":5760,"mimeType":"image\/png","sourceUrl":"https:\/\/www.panoramamoveis.com.br\/blog-wp\/wp-content\/uploads\/2021\/11\/Panorama-Moveis-click-1.png"}},"isPlaceholder":false,"isOptimized":false,"isMuted":false,"isExternal":false,"provider":"local"},"x":70,"y":-52,"width":56,"height":104,"mask":{"type":"rectangle","showInLibrary":true,"name":"Ret\u00e2ngulo","path":"M 0,0 1,0 1,1 0,1 0,0 Z","ratio":1,"supportsBorder":true},"basedOn":"ff22fdff-46a4-4f87-bd8d-8ebfd8afae43","id":"d3a7ffe3-b69f-4190-aff0-574c0f2d456f","type":"image"},{"opacity":100,"flip":{"vertical":false,"horizontal":false},"rotationAngle":0,"lockAspectRatio":true,"backgroundTextMode":"HIGHLIGHT","font":{"family":"Anton"},"fontSize":24,"backgroundColor":{"color":{"r":163,"g":0,"b":3,"a":0.6}},"lineHeight":1,"textAlign":"left","padding":{"hasHiddenPadding":true,"horizontal":8,"vertical":4},"content":"<span style=\"color: #fff\">Cornish rex<\/span>","borderRadius":{"locked":true,"topLeft":2,"topRight":2,"bottomRight":2,"bottomLeft":2},"x":49,"y":308,"width":312,"height":44,"basedOn":"b243f3b7-3cf7-4622-8509-1da0a1b3e9f5","id":"5e9ee583-e4e8-4e13-be50-1f5e79d3c245","type":"text"},{"opacity":100,"flip":{"vertical":false,"horizontal":false},"rotationAngle":0,"lockAspectRatio":true,"backgroundTextMode":"NONE","font":{"family":"Oswald"},"fontSize":23,"backgroundColor":{"color":{"r":196,"g":196,"b":196}},"lineHeight":1.2,"textAlign":"left","padding":{"locked":true,"hasHiddenPadding":false,"horizontal":null,"vertical":null},"content":"<span style=\"color: #f00\">\u00c1gil e elegante, o Cornish Rex surgiu na Cornualha, Inglaterra, nos anos 1950. Sua pelagem curta, ondulada e macia real\u00e7a seu charme. Brincalh\u00e3o e en\u00e9rgico, \u00e9 ideal para tutores que apreciam intera\u00e7\u00f5es constantes e momentos de divers\u00e3o.&nbsp;<\/span>","borderRadius":{"locked":true,"topLeft":2,"topRight":2,"bottomRight":2,"bottomLeft":2},"x":50,"y":352,"width":314,"height":200,"basedOn":"1db38a2b-ce9d-45f7-9b4b-251abc548bed","marginOffset":-5.0760000000000005,"id":"a354ec85-897a-4be6-8943-72e85b72e72f","type":"text"}],"backgroundColor":{"color":{"r":255,"g":255,"b":255}},"animations":[{"targets":["a354ec85-897a-4be6-8943-72e85b72e72f"],"id":"e60bd077-db38-4c2c-8bca-be8c3f1f956f","type":"effect-fade-in","duration":600,"delay":0}],"type":"page","id":"baccffb1-4d00-4bb7-b48e-411683572927","defaultBackgroundElement":{"opacity":100,"flip":{"vertical":false,"horizontal":false},"rotationAngle":0,"lockAspectRatio":true,"x":1,"y":1,"width":1,"height":1,"mask":{"type":"rectangle"},"isBackground":true,"isDefaultBackground":true,"type":"shape","id":"a8c80173-9ac5-4023-87d5-f08fb27f6c35"}},{"elements":[{"opacity":100,"flip":{"vertical":false,"horizontal":false},"rotationAngle":0,"lockAspectRatio":true,"scale":100,"focalX":50,"focalY":49.93750093125,"resource":{"baseColor":"#d0c9c3","blurHash":"UJPskqM{_4xb00tQ-=t7_NM{M{Rj%gs:ayRj","type":"image","mimeType":"image\/png","creationDate":"2022-07-17T14:12:58.000Z","src":"https:\/\/www.panoramamoveis.com.br\/blog-wp\/wp-content\/uploads\/2022\/07\/ESPELHOS-PG4.png","width":1080,"height":1920,"id":6240,"alt":"ESPELHOS PG4","sizes":{"medium":{"file":"ESPELHOS-PG4-169x300.png","width":169,"height":300,"filesize":52785,"mimeType":"image\/png","sourceUrl":"https:\/\/www.panoramamoveis.com.br\/blog-wp\/wp-content\/uploads\/2022\/07\/ESPELHOS-PG4-169x300.png"},"large":{"file":"ESPELHOS-PG4-576x1024.png","width":576,"height":1024,"filesize":395855,"mimeType":"image\/png","sourceUrl":"https:\/\/www.panoramamoveis.com.br\/blog-wp\/wp-content\/uploads\/2022\/07\/ESPELHOS-PG4-576x1024.png"},"thumbnail":{"file":"ESPELHOS-PG4-150x150.png","width":150,"height":150,"filesize":26980,"mimeType":"image\/png","sourceUrl":"https:\/\/www.panoramamoveis.com.br\/blog-wp\/wp-content\/uploads\/2022\/07\/ESPELHOS-PG4-150x150.png"},"medium_large":{"file":"ESPELHOS-PG4-768x1365.png","width":768,"height":1365,"filesize":730853,"mimeType":"image\/png","sourceUrl":"https:\/\/www.panoramamoveis.com.br\/blog-wp\/wp-content\/uploads\/2022\/07\/ESPELHOS-PG4-768x1365.png"},"1536x1536":{"file":"ESPELHOS-PG4-864x1536.png","width":864,"height":1536,"filesize":778363,"mimeType":"image\/png","sourceUrl":"https:\/\/www.panoramamoveis.com.br\/blog-wp\/wp-content\/uploads\/2022\/07\/ESPELHOS-PG4-864x1536.png"},"web-stories-poster-portrait":{"file":"ESPELHOS-PG4-640x853.png","width":640,"height":853,"filesize":420748,"mimeType":"image\/png","sourceUrl":"https:\/\/www.panoramamoveis.com.br\/blog-wp\/wp-content\/uploads\/2022\/07\/ESPELHOS-PG4-640x853.png"},"web-stories-publisher-logo":{"file":"ESPELHOS-PG4-96x96.png","width":96,"height":96,"filesize":12353,"mimeType":"image\/png","sourceUrl":"https:\/\/www.panoramamoveis.com.br\/blog-wp\/wp-content\/uploads\/2022\/07\/ESPELHOS-PG4-96x96.png"},"web-stories-thumbnail":{"file":"ESPELHOS-PG4-150x267.png","width":150,"height":267,"filesize":42771,"mimeType":"image\/png","sourceUrl":"https:\/\/www.panoramamoveis.com.br\/blog-wp\/wp-content\/uploads\/2022\/07\/ESPELHOS-PG4-150x267.png"},"full":{"file":"ESPELHOS-PG4.png","width":1080,"height":1920,"mimeType":"image\/png","sourceUrl":"https:\/\/www.panoramamoveis.com.br\/blog-wp\/wp-content\/uploads\/2022\/07\/ESPELHOS-PG4.png"}},"isPlaceholder":false,"isOptimized":false,"isMuted":false,"isExternal":false,"needsProxy":false},"x":210,"y":540,"width":330,"height":586,"mask":{"type":"rectangle"},"isBackground":true,"id":"25de8763-be3f-40bc-9348-1b35d95ca3f7","basedOn":"6d51fe17-5b3b-4d0b-82cf-4037a3ffa2f8","alt":"sala com espelho ovalado em cima de bancada de madeira","type":"image"},{"opacity":100,"flip":{"vertical":false,"horizontal":false},"rotationAngle":0,"lockAspectRatio":false,"scale":100,"focalX":50,"focalY":50,"resource":{"type":"image","mimeType":"image\/jpeg","width":1363,"height":2048,"sizes":{"medium":{"file":"Devon_Rex_Cassini-200x300.jpeg","width":200,"height":300,"filesize":12879,"mimeType":"image\/jpeg","sourceUrl":"https:\/\/www.panoramamoveis.com.br\/blog-wp\/wp-content\/uploads\/2025\/03\/Devon_Rex_Cassini-200x300.jpeg"},"large":{"file":"Devon_Rex_Cassini-682x1024.jpeg","width":682,"height":1024,"filesize":85007,"mimeType":"image\/jpeg","sourceUrl":"https:\/\/www.panoramamoveis.com.br\/blog-wp\/wp-content\/uploads\/2025\/03\/Devon_Rex_Cassini-682x1024.jpeg"},"thumbnail":{"file":"Devon_Rex_Cassini-150x150.jpeg","width":150,"height":150,"filesize":5955,"mimeType":"image\/jpeg","sourceUrl":"https:\/\/www.panoramamoveis.com.br\/blog-wp\/wp-content\/uploads\/2025\/03\/Devon_Rex_Cassini-150x150.jpeg"},"medium_large":{"file":"Devon_Rex_Cassini-768x1154.jpeg","width":768,"height":1154,"filesize":102407,"mimeType":"image\/jpeg","sourceUrl":"https:\/\/www.panoramamoveis.com.br\/blog-wp\/wp-content\/uploads\/2025\/03\/Devon_Rex_Cassini-768x1154.jpeg"},"1536x1536":{"file":"Devon_Rex_Cassini-1022x1536.jpeg","width":1022,"height":1536,"filesize":168351,"mimeType":"image\/jpeg","sourceUrl":"https:\/\/www.panoramamoveis.com.br\/blog-wp\/wp-content\/uploads\/2025\/03\/Devon_Rex_Cassini-1022x1536.jpeg"},"post-thumbnail":{"file":"Devon_Rex_Cassini-1200x1803.jpeg","width":1200,"height":1803,"filesize":226334,"mimeType":"image\/jpeg","sourceUrl":"https:\/\/www.panoramamoveis.com.br\/blog-wp\/wp-content\/uploads\/2025\/03\/Devon_Rex_Cassini-1200x1803.jpeg"},"web-stories-poster-portrait":{"file":"Devon_Rex_Cassini-640x853.jpeg","width":640,"height":853,"filesize":68452,"mimeType":"image\/jpeg","sourceUrl":"https:\/\/www.panoramamoveis.com.br\/blog-wp\/wp-content\/uploads\/2025\/03\/Devon_Rex_Cassini-640x853.jpeg"},"web-stories-publisher-logo":{"file":"Devon_Rex_Cassini-96x96.jpeg","width":96,"height":96,"filesize":3150,"mimeType":"image\/jpeg","sourceUrl":"https:\/\/www.panoramamoveis.com.br\/blog-wp\/wp-content\/uploads\/2025\/03\/Devon_Rex_Cassini-96x96.jpeg"},"web-stories-thumbnail":{"file":"Devon_Rex_Cassini-150x225.jpeg","width":150,"height":225,"filesize":8548,"mimeType":"image\/jpeg","sourceUrl":"https:\/\/www.panoramamoveis.com.br\/blog-wp\/wp-content\/uploads\/2025\/03\/Devon_Rex_Cassini-150x225.jpeg"},"full":{"file":"Devon_Rex_Cassini.jpeg","width":1363,"height":2048,"mimeType":"image\/jpeg","sourceUrl":"https:\/\/www.panoramamoveis.com.br\/blog-wp\/wp-content\/uploads\/2025\/03\/Devon_Rex_Cassini.jpeg"}},"isPlaceholder":false,"isExternal":false,"needsProxy":false,"baseColor":"#b3b7a9","blurHash":"URI5h}~p?aE0_1Dj%3x[?axtIBWWk9ocIVRk","creationDate":"2025-03-26T16:39:22","src":"https:\/\/www.panoramamoveis.com.br\/blog-wp\/wp-content\/uploads\/2025\/03\/Devon_Rex_Cassini.jpeg","id":69024,"alt":"Devon_Rex_Cassini","local":false},"type":"image","x":46,"y":-45,"width":316,"height":397,"mask":{"type":"rectangle","showInLibrary":true,"name":"Ret\u00e2ngulo","path":"M 0,0 1,0 1,1 0,1 0,0 Z","ratio":1,"supportsBorder":true},"id":"5cb86536-6d85-4273-91a8-cf02f8d8b92e"},{"opacity":100,"flip":{"vertical":false,"horizontal":false},"rotationAngle":270,"lockAspectRatio":true,"scale":100,"focalX":50,"focalY":50,"resource":{"baseColor":"#543833","type":"image","mimeType":"image\/png","creationDate":"2021-11-09T19:36:56","src":"https:\/\/www.panoramamoveis.com.br\/blog-wp\/wp-content\/uploads\/2021\/11\/Panorama-Moveis-click-1.png","width":3240,"height":5760,"id":1933,"alt":"Panorama M\u00f3veis click (1)","sizes":{"medium":{"file":"Panorama-Moveis-click-1-169x300.png","width":169,"height":300,"mimeType":"image\/png","sourceUrl":"https:\/\/www.panoramamoveis.com.br\/blog-wp\/wp-content\/uploads\/2021\/11\/Panorama-Moveis-click-1-169x300.png"},"large":{"file":"Panorama-Moveis-click-1-576x1024.png","width":576,"height":1024,"mimeType":"image\/png","sourceUrl":"https:\/\/www.panoramamoveis.com.br\/blog-wp\/wp-content\/uploads\/2021\/11\/Panorama-Moveis-click-1-576x1024.png"},"thumbnail":{"file":"Panorama-Moveis-click-1-150x150.png","width":150,"height":150,"mimeType":"image\/png","sourceUrl":"https:\/\/www.panoramamoveis.com.br\/blog-wp\/wp-content\/uploads\/2021\/11\/Panorama-Moveis-click-1-150x150.png"},"medium_large":{"file":"Panorama-Moveis-click-1-768x1365.png","width":768,"height":1365,"mimeType":"image\/png","sourceUrl":"https:\/\/www.panoramamoveis.com.br\/blog-wp\/wp-content\/uploads\/2021\/11\/Panorama-Moveis-click-1-768x1365.png"},"1536x1536":{"file":"Panorama-Moveis-click-1-864x1536.png","width":864,"height":1536,"mimeType":"image\/png","sourceUrl":"https:\/\/www.panoramamoveis.com.br\/blog-wp\/wp-content\/uploads\/2021\/11\/Panorama-Moveis-click-1-864x1536.png"},"2048x2048":{"file":"Panorama-Moveis-click-1-1152x2048.png","width":1152,"height":2048,"mimeType":"image\/png","sourceUrl":"https:\/\/www.panoramamoveis.com.br\/blog-wp\/wp-content\/uploads\/2021\/11\/Panorama-Moveis-click-1-1152x2048.png"},"post-thumbnail":{"file":"Panorama-Moveis-click-1-1200x2133.png","width":1200,"height":2133,"mimeType":"image\/png","sourceUrl":"https:\/\/www.panoramamoveis.com.br\/blog-wp\/wp-content\/uploads\/2021\/11\/Panorama-Moveis-click-1-1200x2133.png"},"twentytwenty-fullscreen":{"file":"Panorama-Moveis-click-1-1980x3520.png","width":1980,"height":3520,"mimeType":"image\/png","sourceUrl":"https:\/\/www.panoramamoveis.com.br\/blog-wp\/wp-content\/uploads\/2021\/11\/Panorama-Moveis-click-1-1980x3520.png"},"web-stories-poster-portrait":{"file":"Panorama-Moveis-click-1-640x853.png","width":640,"height":853,"mimeType":"image\/png","sourceUrl":"https:\/\/www.panoramamoveis.com.br\/blog-wp\/wp-content\/uploads\/2021\/11\/Panorama-Moveis-click-1-640x853.png"},"web-stories-publisher-logo":{"file":"Panorama-Moveis-click-1-96x96.png","width":96,"height":96,"mimeType":"image\/png","sourceUrl":"https:\/\/www.panoramamoveis.com.br\/blog-wp\/wp-content\/uploads\/2021\/11\/Panorama-Moveis-click-1-96x96.png"},"web-stories-thumbnail":{"file":"Panorama-Moveis-click-1-150x267.png","width":150,"height":267,"mimeType":"image\/png","sourceUrl":"https:\/\/www.panoramamoveis.com.br\/blog-wp\/wp-content\/uploads\/2021\/11\/Panorama-Moveis-click-1-150x267.png"},"full":{"file":"Panorama-Moveis-click-1.png","width":3240,"height":5760,"mimeType":"image\/png","sourceUrl":"https:\/\/www.panoramamoveis.com.br\/blog-wp\/wp-content\/uploads\/2021\/11\/Panorama-Moveis-click-1.png"}},"isPlaceholder":false,"isOptimized":false,"isMuted":false,"isExternal":false,"provider":"local"},"x":70,"y":-52,"width":56,"height":104,"mask":{"type":"rectangle","showInLibrary":true,"name":"Ret\u00e2ngulo","path":"M 0,0 1,0 1,1 0,1 0,0 Z","ratio":1,"supportsBorder":true},"basedOn":"ff22fdff-46a4-4f87-bd8d-8ebfd8afae43","id":"dc4b5286-4cdb-4ca5-98af-09623f37fb01","type":"image"},{"opacity":100,"flip":{"vertical":false,"horizontal":false},"rotationAngle":0,"lockAspectRatio":true,"backgroundTextMode":"NONE","font":{"family":"Oswald"},"fontSize":23,"backgroundColor":{"color":{"r":196,"g":196,"b":196}},"lineHeight":1.2,"textAlign":"left","padding":{"locked":true,"hasHiddenPadding":false,"horizontal":null,"vertical":null},"content":"<span style=\"color: #f00\">Origin\u00e1rio da Inglaterra nos anos 1950, o Devon Rex se destaca pela pelagem ondulada e intelig\u00eancia. Afetuoso e brincalh\u00e3o, cria forte la\u00e7o com os tutores, sendo ideal para quem busca um companheiro soci\u00e1vel, ativo e cheio de energia.&nbsp;<\/span>","borderRadius":{"locked":true,"topLeft":2,"topRight":2,"bottomRight":2,"bottomLeft":2},"x":50,"y":352,"width":312,"height":200,"basedOn":"1db38a2b-ce9d-45f7-9b4b-251abc548bed","marginOffset":-5.0760000000000005,"id":"adf7d771-8f41-4de6-8678-ef9ff6761937","type":"text"},{"opacity":100,"flip":{"vertical":false,"horizontal":false},"rotationAngle":0,"lockAspectRatio":true,"backgroundTextMode":"HIGHLIGHT","font":{"family":"Anton"},"fontSize":24,"backgroundColor":{"color":{"r":163,"g":0,"b":3,"a":0.6}},"lineHeight":1,"textAlign":"left","padding":{"hasHiddenPadding":true,"horizontal":8,"vertical":4},"content":"<span style=\"color: #fff\">Devon rex<\/span>","borderRadius":{"locked":true,"topLeft":2,"topRight":2,"bottomRight":2,"bottomLeft":2},"x":52,"y":308,"width":310,"height":44,"basedOn":"b243f3b7-3cf7-4622-8509-1da0a1b3e9f5","id":"3619a978-e6ec-44d6-a6f7-124f9a6179ba","type":"text"}],"backgroundColor":{"color":{"r":255,"g":255,"b":255}},"animations":[{"targets":["adf7d771-8f41-4de6-8678-ef9ff6761937"],"id":"eef33639-c19d-44de-905c-8857209cfdaa","type":"effect-fade-in","duration":600,"delay":0}],"type":"page","id":"35e803a5-528a-493c-a820-6997ce954d9a","defaultBackgroundElement":{"opacity":100,"flip":{"vertical":false,"horizontal":false},"rotationAngle":0,"lockAspectRatio":true,"x":1,"y":1,"width":1,"height":1,"mask":{"type":"rectangle"},"isBackground":true,"isDefaultBackground":true,"type":"shape","id":"a8c80173-9ac5-4023-87d5-f08fb27f6c35"}},{"elements":[{"opacity":100,"flip":{"vertical":false,"horizontal":false},"rotationAngle":0,"lockAspectRatio":true,"scale":100,"focalX":50,"focalY":49.9999996875,"resource":{"baseColor":"#d0c9c3","blurHash":"UJPskqM{_4xb00tQ-=t7_NM{M{Rj%gs:ayRj","type":"image","mimeType":"image\/png","creationDate":"2022-07-17T14:12:58.000Z","src":"https:\/\/www.panoramamoveis.com.br\/blog-wp\/wp-content\/uploads\/2022\/07\/ESPELHOS-PG4.png","width":1080,"height":1920,"id":6240,"alt":"ESPELHOS PG4","sizes":{"medium":{"file":"ESPELHOS-PG4-169x300.png","width":169,"height":300,"filesize":52785,"mimeType":"image\/png","sourceUrl":"https:\/\/www.panoramamoveis.com.br\/blog-wp\/wp-content\/uploads\/2022\/07\/ESPELHOS-PG4-169x300.png"},"large":{"file":"ESPELHOS-PG4-576x1024.png","width":576,"height":1024,"filesize":395855,"mimeType":"image\/png","sourceUrl":"https:\/\/www.panoramamoveis.com.br\/blog-wp\/wp-content\/uploads\/2022\/07\/ESPELHOS-PG4-576x1024.png"},"thumbnail":{"file":"ESPELHOS-PG4-150x150.png","width":150,"height":150,"filesize":26980,"mimeType":"image\/png","sourceUrl":"https:\/\/www.panoramamoveis.com.br\/blog-wp\/wp-content\/uploads\/2022\/07\/ESPELHOS-PG4-150x150.png"},"medium_large":{"file":"ESPELHOS-PG4-768x1365.png","width":768,"height":1365,"filesize":730853,"mimeType":"image\/png","sourceUrl":"https:\/\/www.panoramamoveis.com.br\/blog-wp\/wp-content\/uploads\/2022\/07\/ESPELHOS-PG4-768x1365.png"},"1536x1536":{"file":"ESPELHOS-PG4-864x1536.png","width":864,"height":1536,"filesize":778363,"mimeType":"image\/png","sourceUrl":"https:\/\/www.panoramamoveis.com.br\/blog-wp\/wp-content\/uploads\/2022\/07\/ESPELHOS-PG4-864x1536.png"},"web-stories-poster-portrait":{"file":"ESPELHOS-PG4-640x853.png","width":640,"height":853,"filesize":420748,"mimeType":"image\/png","sourceUrl":"https:\/\/www.panoramamoveis.com.br\/blog-wp\/wp-content\/uploads\/2022\/07\/ESPELHOS-PG4-640x853.png"},"web-stories-publisher-logo":{"file":"ESPELHOS-PG4-96x96.png","width":96,"height":96,"filesize":12353,"mimeType":"image\/png","sourceUrl":"https:\/\/www.panoramamoveis.com.br\/blog-wp\/wp-content\/uploads\/2022\/07\/ESPELHOS-PG4-96x96.png"},"web-stories-thumbnail":{"file":"ESPELHOS-PG4-150x267.png","width":150,"height":267,"filesize":42771,"mimeType":"image\/png","sourceUrl":"https:\/\/www.panoramamoveis.com.br\/blog-wp\/wp-content\/uploads\/2022\/07\/ESPELHOS-PG4-150x267.png"},"full":{"file":"ESPELHOS-PG4.png","width":1080,"height":1920,"mimeType":"image\/png","sourceUrl":"https:\/\/www.panoramamoveis.com.br\/blog-wp\/wp-content\/uploads\/2022\/07\/ESPELHOS-PG4.png"}},"isPlaceholder":false,"isOptimized":false,"isMuted":false,"isExternal":false,"needsProxy":false},"x":240,"y":570,"width":330,"height":586,"mask":{"type":"rectangle"},"isBackground":true,"id":"5c6c7c64-2486-4eeb-818f-4fcbc5149be7","basedOn":"6d51fe17-5b3b-4d0b-82cf-4037a3ffa2f8","alt":"sala com espelho ovalado em cima de bancada de madeira","type":"image"},{"opacity":100,"flip":{"vertical":false,"horizontal":false},"rotationAngle":0,"lockAspectRatio":false,"scale":100,"focalX":50,"focalY":50,"resource":{"type":"image","mimeType":"image\/jpeg","width":2560,"height":1707,"sizes":{"medium":{"file":"cs1nx493aevb7tkmteinp1bfa-300x200.jpg","width":300,"height":200,"filesize":9917,"mimeType":"image\/jpeg","sourceUrl":"https:\/\/www.panoramamoveis.com.br\/blog-wp\/wp-content\/uploads\/2025\/03\/cs1nx493aevb7tkmteinp1bfa-300x200.jpg"},"large":{"file":"cs1nx493aevb7tkmteinp1bfa-1024x683.jpg","width":1024,"height":683,"filesize":87492,"mimeType":"image\/jpeg","sourceUrl":"https:\/\/www.panoramamoveis.com.br\/blog-wp\/wp-content\/uploads\/2025\/03\/cs1nx493aevb7tkmteinp1bfa-1024x683.jpg"},"thumbnail":{"file":"cs1nx493aevb7tkmteinp1bfa-150x150.jpg","width":150,"height":150,"filesize":5176,"mimeType":"image\/jpeg","sourceUrl":"https:\/\/www.panoramamoveis.com.br\/blog-wp\/wp-content\/uploads\/2025\/03\/cs1nx493aevb7tkmteinp1bfa-150x150.jpg"},"medium_large":{"file":"cs1nx493aevb7tkmteinp1bfa-768x512.jpg","width":768,"height":512,"filesize":51587,"mimeType":"image\/jpeg","sourceUrl":"https:\/\/www.panoramamoveis.com.br\/blog-wp\/wp-content\/uploads\/2025\/03\/cs1nx493aevb7tkmteinp1bfa-768x512.jpg"},"1536x1536":{"file":"cs1nx493aevb7tkmteinp1bfa-1536x1024.jpg","width":1536,"height":1024,"filesize":180123,"mimeType":"image\/jpeg","sourceUrl":"https:\/\/www.panoramamoveis.com.br\/blog-wp\/wp-content\/uploads\/2025\/03\/cs1nx493aevb7tkmteinp1bfa-1536x1024.jpg"},"2048x2048":{"file":"cs1nx493aevb7tkmteinp1bfa-2048x1366.jpg","width":2048,"height":1366,"filesize":298496,"mimeType":"image\/jpeg","sourceUrl":"https:\/\/www.panoramamoveis.com.br\/blog-wp\/wp-content\/uploads\/2025\/03\/cs1nx493aevb7tkmteinp1bfa-2048x1366.jpg"},"post-thumbnail":{"file":"cs1nx493aevb7tkmteinp1bfa-1200x800.jpg","width":1200,"height":800,"filesize":115779,"mimeType":"image\/jpeg","sourceUrl":"https:\/\/www.panoramamoveis.com.br\/blog-wp\/wp-content\/uploads\/2025\/03\/cs1nx493aevb7tkmteinp1bfa-1200x800.jpg"},"twentytwenty-fullscreen":{"file":"cs1nx493aevb7tkmteinp1bfa-1980x1320.jpg","width":1980,"height":1320,"filesize":281394,"mimeType":"image\/jpeg","sourceUrl":"https:\/\/www.panoramamoveis.com.br\/blog-wp\/wp-content\/uploads\/2025\/03\/cs1nx493aevb7tkmteinp1bfa-1980x1320.jpg"},"web-stories-poster-portrait":{"file":"cs1nx493aevb7tkmteinp1bfa-640x853.jpg","width":640,"height":853,"filesize":93651,"mimeType":"image\/jpeg","sourceUrl":"https:\/\/www.panoramamoveis.com.br\/blog-wp\/wp-content\/uploads\/2025\/03\/cs1nx493aevb7tkmteinp1bfa-640x853.jpg"},"web-stories-publisher-logo":{"file":"cs1nx493aevb7tkmteinp1bfa-96x96.jpg","width":96,"height":96,"filesize":2720,"mimeType":"image\/jpeg","sourceUrl":"https:\/\/www.panoramamoveis.com.br\/blog-wp\/wp-content\/uploads\/2025\/03\/cs1nx493aevb7tkmteinp1bfa-96x96.jpg"},"web-stories-thumbnail":{"file":"cs1nx493aevb7tkmteinp1bfa-150x100.jpg","width":150,"height":100,"filesize":3419,"mimeType":"image\/jpeg","sourceUrl":"https:\/\/www.panoramamoveis.com.br\/blog-wp\/wp-content\/uploads\/2025\/03\/cs1nx493aevb7tkmteinp1bfa-150x100.jpg"},"full":{"file":"cs1nx493aevb7tkmteinp1bfa-scaled.jpg","width":2560,"height":1707,"mimeType":"image\/jpeg","sourceUrl":"https:\/\/www.panoramamoveis.com.br\/blog-wp\/wp-content\/uploads\/2025\/03\/cs1nx493aevb7tkmteinp1bfa-scaled.jpg"}},"isPlaceholder":false,"isExternal":false,"needsProxy":false,"baseColor":"#685640","blurHash":"UECr.cNLE1sl~9NHWBjsIVs+ogj]t5s:R+WC","creationDate":"2025-03-26T16:40:26","src":"https:\/\/www.panoramamoveis.com.br\/blog-wp\/wp-content\/uploads\/2025\/03\/cs1nx493aevb7tkmteinp1bfa-scaled.jpg","id":69027,"alt":"cs1nx493aevb7tkmteinp1bfa","local":false},"type":"image","x":46,"y":-35,"width":319,"height":387,"mask":{"type":"rectangle","showInLibrary":true,"name":"Ret\u00e2ngulo","path":"M 0,0 1,0 1,1 0,1 0,0 Z","ratio":1,"supportsBorder":true},"id":"37a036d1-1fed-4628-9624-eec41168a3d5"},{"opacity":100,"flip":{"vertical":false,"horizontal":false},"rotationAngle":0,"lockAspectRatio":true,"backgroundTextMode":"HIGHLIGHT","font":{"family":"Anton"},"fontSize":24,"backgroundColor":{"color":{"r":163,"g":0,"b":3,"a":0.6}},"lineHeight":1,"textAlign":"left","padding":{"hasHiddenPadding":true,"horizontal":8,"vertical":4},"content":"<span style=\"color: #fff\">LaPerm<\/span>","borderRadius":{"locked":true,"topLeft":2,"topRight":2,"bottomRight":2,"bottomLeft":2},"x":53,"y":308,"width":305,"height":44,"basedOn":"b243f3b7-3cf7-4622-8509-1da0a1b3e9f5","id":"93e6e743-8181-4240-8b7a-66dfc08205f8","type":"text"},{"opacity":100,"flip":{"vertical":false,"horizontal":false},"rotationAngle":270,"lockAspectRatio":true,"scale":100,"focalX":50,"focalY":50,"resource":{"baseColor":"#543833","type":"image","mimeType":"image\/png","creationDate":"2021-11-09T19:36:56","src":"https:\/\/www.panoramamoveis.com.br\/blog-wp\/wp-content\/uploads\/2021\/11\/Panorama-Moveis-click-1.png","width":3240,"height":5760,"id":1933,"alt":"Panorama M\u00f3veis click (1)","sizes":{"medium":{"file":"Panorama-Moveis-click-1-169x300.png","width":169,"height":300,"mimeType":"image\/png","sourceUrl":"https:\/\/www.panoramamoveis.com.br\/blog-wp\/wp-content\/uploads\/2021\/11\/Panorama-Moveis-click-1-169x300.png"},"large":{"file":"Panorama-Moveis-click-1-576x1024.png","width":576,"height":1024,"mimeType":"image\/png","sourceUrl":"https:\/\/www.panoramamoveis.com.br\/blog-wp\/wp-content\/uploads\/2021\/11\/Panorama-Moveis-click-1-576x1024.png"},"thumbnail":{"file":"Panorama-Moveis-click-1-150x150.png","width":150,"height":150,"mimeType":"image\/png","sourceUrl":"https:\/\/www.panoramamoveis.com.br\/blog-wp\/wp-content\/uploads\/2021\/11\/Panorama-Moveis-click-1-150x150.png"},"medium_large":{"file":"Panorama-Moveis-click-1-768x1365.png","width":768,"height":1365,"mimeType":"image\/png","sourceUrl":"https:\/\/www.panoramamoveis.com.br\/blog-wp\/wp-content\/uploads\/2021\/11\/Panorama-Moveis-click-1-768x1365.png"},"1536x1536":{"file":"Panorama-Moveis-click-1-864x1536.png","width":864,"height":1536,"mimeType":"image\/png","sourceUrl":"https:\/\/www.panoramamoveis.com.br\/blog-wp\/wp-content\/uploads\/2021\/11\/Panorama-Moveis-click-1-864x1536.png"},"2048x2048":{"file":"Panorama-Moveis-click-1-1152x2048.png","width":1152,"height":2048,"mimeType":"image\/png","sourceUrl":"https:\/\/www.panoramamoveis.com.br\/blog-wp\/wp-content\/uploads\/2021\/11\/Panorama-Moveis-click-1-1152x2048.png"},"post-thumbnail":{"file":"Panorama-Moveis-click-1-1200x2133.png","width":1200,"height":2133,"mimeType":"image\/png","sourceUrl":"https:\/\/www.panoramamoveis.com.br\/blog-wp\/wp-content\/uploads\/2021\/11\/Panorama-Moveis-click-1-1200x2133.png"},"twentytwenty-fullscreen":{"file":"Panorama-Moveis-click-1-1980x3520.png","width":1980,"height":3520,"mimeType":"image\/png","sourceUrl":"https:\/\/www.panoramamoveis.com.br\/blog-wp\/wp-content\/uploads\/2021\/11\/Panorama-Moveis-click-1-1980x3520.png"},"web-stories-poster-portrait":{"file":"Panorama-Moveis-click-1-640x853.png","width":640,"height":853,"mimeType":"image\/png","sourceUrl":"https:\/\/www.panoramamoveis.com.br\/blog-wp\/wp-content\/uploads\/2021\/11\/Panorama-Moveis-click-1-640x853.png"},"web-stories-publisher-logo":{"file":"Panorama-Moveis-click-1-96x96.png","width":96,"height":96,"mimeType":"image\/png","sourceUrl":"https:\/\/www.panoramamoveis.com.br\/blog-wp\/wp-content\/uploads\/2021\/11\/Panorama-Moveis-click-1-96x96.png"},"web-stories-thumbnail":{"file":"Panorama-Moveis-click-1-150x267.png","width":150,"height":267,"mimeType":"image\/png","sourceUrl":"https:\/\/www.panoramamoveis.com.br\/blog-wp\/wp-content\/uploads\/2021\/11\/Panorama-Moveis-click-1-150x267.png"},"full":{"file":"Panorama-Moveis-click-1.png","width":3240,"height":5760,"mimeType":"image\/png","sourceUrl":"https:\/\/www.panoramamoveis.com.br\/blog-wp\/wp-content\/uploads\/2021\/11\/Panorama-Moveis-click-1.png"}},"isPlaceholder":false,"isOptimized":false,"isMuted":false,"isExternal":false,"provider":"local"},"x":70,"y":-52,"width":56,"height":104,"mask":{"type":"rectangle","showInLibrary":true,"name":"Ret\u00e2ngulo","path":"M 0,0 1,0 1,1 0,1 0,0 Z","ratio":1,"supportsBorder":true},"basedOn":"ff22fdff-46a4-4f87-bd8d-8ebfd8afae43","id":"162aabfd-28a2-4a64-9c95-eedf4a07ed8e","type":"image"},{"opacity":100,"flip":{"vertical":false,"horizontal":false},"rotationAngle":0,"lockAspectRatio":true,"backgroundTextMode":"NONE","font":{"family":"Oswald"},"fontSize":23,"backgroundColor":{"color":{"r":196,"g":196,"b":196}},"lineHeight":1.2,"textAlign":"left","padding":{"locked":true,"hasHiddenPadding":false,"horizontal":null,"vertical":null},"content":"<span style=\"color: #f00\">O LaPerm, uma ra\u00e7a americana surgida na d\u00e9cada de 1980, \u00e9 conhecido por seu pelo cacheado. Com temperamento d\u00f3cil e soci\u00e1vel, \u00e9 uma excelente companhia para fam\u00edlias com crian\u00e7as e idosos, sendo tranquila, mas interativa.&nbsp;<\/span>","borderRadius":{"locked":true,"topLeft":2,"topRight":2,"bottomRight":2,"bottomLeft":2},"x":52,"y":352,"width":312,"height":200,"basedOn":"1db38a2b-ce9d-45f7-9b4b-251abc548bed","marginOffset":-5.0760000000000005,"id":"fbd92668-2fca-4988-84b9-f18b7633231d","type":"text"}],"backgroundColor":{"color":{"r":255,"g":255,"b":255}},"animations":[{"targets":["fbd92668-2fca-4988-84b9-f18b7633231d"],"id":"d77937f6-389a-45df-b7ea-bc179a4ad6d4","type":"effect-fade-in","duration":600,"delay":0}],"type":"page","id":"1128a7b0-1e64-4fc3-8e6d-78011d218d35","defaultBackgroundElement":{"opacity":100,"flip":{"vertical":false,"horizontal":false},"rotationAngle":0,"lockAspectRatio":true,"x":1,"y":1,"width":1,"height":1,"mask":{"type":"rectangle"},"isBackground":true,"isDefaultBackground":true,"type":"shape","id":"a8c80173-9ac5-4023-87d5-f08fb27f6c35"}},{"elements":[{"opacity":100,"flip":{"vertical":false,"horizontal":false},"rotationAngle":0,"lockAspectRatio":true,"scale":100,"focalX":50,"focalY":49.9999996875,"resource":{"baseColor":"#d0c9c3","blurHash":"UJPskqM{_4xb00tQ-=t7_NM{M{Rj%gs:ayRj","type":"image","mimeType":"image\/png","creationDate":"2022-07-17T14:12:58.000Z","src":"https:\/\/www.panoramamoveis.com.br\/blog-wp\/wp-content\/uploads\/2022\/07\/ESPELHOS-PG4.png","width":1080,"height":1920,"id":6240,"alt":"ESPELHOS PG4","sizes":{"medium":{"file":"ESPELHOS-PG4-169x300.png","width":169,"height":300,"filesize":52785,"mimeType":"image\/png","sourceUrl":"https:\/\/www.panoramamoveis.com.br\/blog-wp\/wp-content\/uploads\/2022\/07\/ESPELHOS-PG4-169x300.png"},"large":{"file":"ESPELHOS-PG4-576x1024.png","width":576,"height":1024,"filesize":395855,"mimeType":"image\/png","sourceUrl":"https:\/\/www.panoramamoveis.com.br\/blog-wp\/wp-content\/uploads\/2022\/07\/ESPELHOS-PG4-576x1024.png"},"thumbnail":{"file":"ESPELHOS-PG4-150x150.png","width":150,"height":150,"filesize":26980,"mimeType":"image\/png","sourceUrl":"https:\/\/www.panoramamoveis.com.br\/blog-wp\/wp-content\/uploads\/2022\/07\/ESPELHOS-PG4-150x150.png"},"medium_large":{"file":"ESPELHOS-PG4-768x1365.png","width":768,"height":1365,"filesize":730853,"mimeType":"image\/png","sourceUrl":"https:\/\/www.panoramamoveis.com.br\/blog-wp\/wp-content\/uploads\/2022\/07\/ESPELHOS-PG4-768x1365.png"},"1536x1536":{"file":"ESPELHOS-PG4-864x1536.png","width":864,"height":1536,"filesize":778363,"mimeType":"image\/png","sourceUrl":"https:\/\/www.panoramamoveis.com.br\/blog-wp\/wp-content\/uploads\/2022\/07\/ESPELHOS-PG4-864x1536.png"},"web-stories-poster-portrait":{"file":"ESPELHOS-PG4-640x853.png","width":640,"height":853,"filesize":420748,"mimeType":"image\/png","sourceUrl":"https:\/\/www.panoramamoveis.com.br\/blog-wp\/wp-content\/uploads\/2022\/07\/ESPELHOS-PG4-640x853.png"},"web-stories-publisher-logo":{"file":"ESPELHOS-PG4-96x96.png","width":96,"height":96,"filesize":12353,"mimeType":"image\/png","sourceUrl":"https:\/\/www.panoramamoveis.com.br\/blog-wp\/wp-content\/uploads\/2022\/07\/ESPELHOS-PG4-96x96.png"},"web-stories-thumbnail":{"file":"ESPELHOS-PG4-150x267.png","width":150,"height":267,"filesize":42771,"mimeType":"image\/png","sourceUrl":"https:\/\/www.panoramamoveis.com.br\/blog-wp\/wp-content\/uploads\/2022\/07\/ESPELHOS-PG4-150x267.png"},"full":{"file":"ESPELHOS-PG4.png","width":1080,"height":1920,"mimeType":"image\/png","sourceUrl":"https:\/\/www.panoramamoveis.com.br\/blog-wp\/wp-content\/uploads\/2022\/07\/ESPELHOS-PG4.png"}},"isPlaceholder":false,"isOptimized":false,"isMuted":false,"isExternal":false,"needsProxy":false},"x":240,"y":570,"width":330,"height":586,"mask":{"type":"rectangle"},"isBackground":true,"id":"9c84686a-db7a-45b3-9b9b-fa08ede9150b","basedOn":"6d51fe17-5b3b-4d0b-82cf-4037a3ffa2f8","alt":"sala com espelho ovalado em cima de bancada de madeira","type":"image"},{"opacity":100,"flip":{"vertical":false,"horizontal":false},"rotationAngle":0,"lockAspectRatio":false,"scale":100,"focalX":50,"focalY":50,"resource":{"type":"image","mimeType":"image\/jpeg","width":2560,"height":1920,"sizes":{"medium":{"file":"y8ai8dkf97381-300x225.jpg","width":300,"height":225,"filesize":14841,"mimeType":"image\/jpeg","sourceUrl":"https:\/\/www.panoramamoveis.com.br\/blog-wp\/wp-content\/uploads\/2025\/03\/y8ai8dkf97381-300x225.jpg"},"large":{"file":"y8ai8dkf97381-1024x768.jpg","width":1024,"height":768,"filesize":116054,"mimeType":"image\/jpeg","sourceUrl":"https:\/\/www.panoramamoveis.com.br\/blog-wp\/wp-content\/uploads\/2025\/03\/y8ai8dkf97381-1024x768.jpg"},"thumbnail":{"file":"y8ai8dkf97381-150x150.jpg","width":150,"height":150,"filesize":6721,"mimeType":"image\/jpeg","sourceUrl":"https:\/\/www.panoramamoveis.com.br\/blog-wp\/wp-content\/uploads\/2025\/03\/y8ai8dkf97381-150x150.jpg"},"medium_large":{"file":"y8ai8dkf97381-768x576.jpg","width":768,"height":576,"filesize":70167,"mimeType":"image\/jpeg","sourceUrl":"https:\/\/www.panoramamoveis.com.br\/blog-wp\/wp-content\/uploads\/2025\/03\/y8ai8dkf97381-768x576.jpg"},"1536x1536":{"file":"y8ai8dkf97381-1536x1152.jpg","width":1536,"height":1152,"filesize":237181,"mimeType":"image\/jpeg","sourceUrl":"https:\/\/www.panoramamoveis.com.br\/blog-wp\/wp-content\/uploads\/2025\/03\/y8ai8dkf97381-1536x1152.jpg"},"2048x2048":{"file":"y8ai8dkf97381-2048x1536.jpg","width":2048,"height":1536,"filesize":396695,"mimeType":"image\/jpeg","sourceUrl":"https:\/\/www.panoramamoveis.com.br\/blog-wp\/wp-content\/uploads\/2025\/03\/y8ai8dkf97381-2048x1536.jpg"},"post-thumbnail":{"file":"y8ai8dkf97381-1200x900.jpg","width":1200,"height":900,"filesize":152969,"mimeType":"image\/jpeg","sourceUrl":"https:\/\/www.panoramamoveis.com.br\/blog-wp\/wp-content\/uploads\/2025\/03\/y8ai8dkf97381-1200x900.jpg"},"twentytwenty-fullscreen":{"file":"y8ai8dkf97381-1980x1485.jpg","width":1980,"height":1485,"filesize":374542,"mimeType":"image\/jpeg","sourceUrl":"https:\/\/www.panoramamoveis.com.br\/blog-wp\/wp-content\/uploads\/2025\/03\/y8ai8dkf97381-1980x1485.jpg"},"web-stories-poster-portrait":{"file":"y8ai8dkf97381-640x853.jpg","width":640,"height":853,"filesize":92936,"mimeType":"image\/jpeg","sourceUrl":"https:\/\/www.panoramamoveis.com.br\/blog-wp\/wp-content\/uploads\/2025\/03\/y8ai8dkf97381-640x853.jpg"},"web-stories-publisher-logo":{"file":"y8ai8dkf97381-96x96.jpg","width":96,"height":96,"filesize":3460,"mimeType":"image\/jpeg","sourceUrl":"https:\/\/www.panoramamoveis.com.br\/blog-wp\/wp-content\/uploads\/2025\/03\/y8ai8dkf97381-96x96.jpg"},"web-stories-thumbnail":{"file":"y8ai8dkf97381-150x113.jpg","width":150,"height":113,"filesize":5246,"mimeType":"image\/jpeg","sourceUrl":"https:\/\/www.panoramamoveis.com.br\/blog-wp\/wp-content\/uploads\/2025\/03\/y8ai8dkf97381-150x113.jpg"},"full":{"file":"y8ai8dkf97381.jpg","width":2560,"height":1920,"mimeType":"image\/jpeg","sourceUrl":"https:\/\/www.panoramamoveis.com.br\/blog-wp\/wp-content\/uploads\/2025\/03\/y8ai8dkf97381.jpg"}},"isPlaceholder":false,"isExternal":false,"needsProxy":false,"baseColor":"#524e5f","blurHash":"U9Ey6~4T08t1AOR3o$9a03?F~AD*?FtRj;WB","creationDate":"2025-03-26T16:42:42","src":"https:\/\/www.panoramamoveis.com.br\/blog-wp\/wp-content\/uploads\/2025\/03\/y8ai8dkf97381.jpg","id":69030,"alt":"y8ai8dkf97381","local":false},"type":"image","x":45,"y":-39,"width":319,"height":391,"mask":{"type":"rectangle","showInLibrary":true,"name":"Ret\u00e2ngulo","path":"M 0,0 1,0 1,1 0,1 0,0 Z","ratio":1,"supportsBorder":true},"id":"5ccdcd07-9fc2-496b-9c25-26caa785977f"},{"opacity":100,"flip":{"vertical":false,"horizontal":false},"rotationAngle":0,"lockAspectRatio":true,"backgroundTextMode":"HIGHLIGHT","font":{"family":"Anton"},"fontSize":24,"backgroundColor":{"color":{"r":163,"g":0,"b":3,"a":0.6}},"lineHeight":1,"textAlign":"left","padding":{"hasHiddenPadding":true,"horizontal":8,"vertical":4},"content":"<span style=\"color: #fff\">German rex<\/span>","borderRadius":{"locked":true,"topLeft":2,"topRight":2,"bottomRight":2,"bottomLeft":2},"x":51,"y":308,"width":308,"height":44,"basedOn":"b243f3b7-3cf7-4622-8509-1da0a1b3e9f5","id":"59fca1bb-7676-4132-b5c3-d4aa97d11205","type":"text"},{"opacity":100,"flip":{"vertical":false,"horizontal":false},"rotationAngle":270,"lockAspectRatio":true,"scale":100,"focalX":50,"focalY":50,"resource":{"baseColor":"#543833","type":"image","mimeType":"image\/png","creationDate":"2021-11-09T19:36:56","src":"https:\/\/www.panoramamoveis.com.br\/blog-wp\/wp-content\/uploads\/2021\/11\/Panorama-Moveis-click-1.png","width":3240,"height":5760,"id":1933,"alt":"Panorama M\u00f3veis click (1)","sizes":{"medium":{"file":"Panorama-Moveis-click-1-169x300.png","width":169,"height":300,"mimeType":"image\/png","sourceUrl":"https:\/\/www.panoramamoveis.com.br\/blog-wp\/wp-content\/uploads\/2021\/11\/Panorama-Moveis-click-1-169x300.png"},"large":{"file":"Panorama-Moveis-click-1-576x1024.png","width":576,"height":1024,"mimeType":"image\/png","sourceUrl":"https:\/\/www.panoramamoveis.com.br\/blog-wp\/wp-content\/uploads\/2021\/11\/Panorama-Moveis-click-1-576x1024.png"},"thumbnail":{"file":"Panorama-Moveis-click-1-150x150.png","width":150,"height":150,"mimeType":"image\/png","sourceUrl":"https:\/\/www.panoramamoveis.com.br\/blog-wp\/wp-content\/uploads\/2021\/11\/Panorama-Moveis-click-1-150x150.png"},"medium_large":{"file":"Panorama-Moveis-click-1-768x1365.png","width":768,"height":1365,"mimeType":"image\/png","sourceUrl":"https:\/\/www.panoramamoveis.com.br\/blog-wp\/wp-content\/uploads\/2021\/11\/Panorama-Moveis-click-1-768x1365.png"},"1536x1536":{"file":"Panorama-Moveis-click-1-864x1536.png","width":864,"height":1536,"mimeType":"image\/png","sourceUrl":"https:\/\/www.panoramamoveis.com.br\/blog-wp\/wp-content\/uploads\/2021\/11\/Panorama-Moveis-click-1-864x1536.png"},"2048x2048":{"file":"Panorama-Moveis-click-1-1152x2048.png","width":1152,"height":2048,"mimeType":"image\/png","sourceUrl":"https:\/\/www.panoramamoveis.com.br\/blog-wp\/wp-content\/uploads\/2021\/11\/Panorama-Moveis-click-1-1152x2048.png"},"post-thumbnail":{"file":"Panorama-Moveis-click-1-1200x2133.png","width":1200,"height":2133,"mimeType":"image\/png","sourceUrl":"https:\/\/www.panoramamoveis.com.br\/blog-wp\/wp-content\/uploads\/2021\/11\/Panorama-Moveis-click-1-1200x2133.png"},"twentytwenty-fullscreen":{"file":"Panorama-Moveis-click-1-1980x3520.png","width":1980,"height":3520,"mimeType":"image\/png","sourceUrl":"https:\/\/www.panoramamoveis.com.br\/blog-wp\/wp-content\/uploads\/2021\/11\/Panorama-Moveis-click-1-1980x3520.png"},"web-stories-poster-portrait":{"file":"Panorama-Moveis-click-1-640x853.png","width":640,"height":853,"mimeType":"image\/png","sourceUrl":"https:\/\/www.panoramamoveis.com.br\/blog-wp\/wp-content\/uploads\/2021\/11\/Panorama-Moveis-click-1-640x853.png"},"web-stories-publisher-logo":{"file":"Panorama-Moveis-click-1-96x96.png","width":96,"height":96,"mimeType":"image\/png","sourceUrl":"https:\/\/www.panoramamoveis.com.br\/blog-wp\/wp-content\/uploads\/2021\/11\/Panorama-Moveis-click-1-96x96.png"},"web-stories-thumbnail":{"file":"Panorama-Moveis-click-1-150x267.png","width":150,"height":267,"mimeType":"image\/png","sourceUrl":"https:\/\/www.panoramamoveis.com.br\/blog-wp\/wp-content\/uploads\/2021\/11\/Panorama-Moveis-click-1-150x267.png"},"full":{"file":"Panorama-Moveis-click-1.png","width":3240,"height":5760,"mimeType":"image\/png","sourceUrl":"https:\/\/www.panoramamoveis.com.br\/blog-wp\/wp-content\/uploads\/2021\/11\/Panorama-Moveis-click-1.png"}},"isPlaceholder":false,"isOptimized":false,"isMuted":false,"isExternal":false,"provider":"local"},"x":70,"y":-52,"width":56,"height":104,"mask":{"type":"rectangle","showInLibrary":true,"name":"Ret\u00e2ngulo","path":"M 0,0 1,0 1,1 0,1 0,0 Z","ratio":1,"supportsBorder":true},"basedOn":"ff22fdff-46a4-4f87-bd8d-8ebfd8afae43","id":"67d076af-384e-4837-8255-4bdc620cfccf","type":"image"},{"opacity":100,"flip":{"vertical":false,"horizontal":false},"rotationAngle":0,"lockAspectRatio":true,"backgroundTextMode":"NONE","font":{"family":"Oswald"},"fontSize":23,"backgroundColor":{"color":{"r":196,"g":196,"b":196}},"lineHeight":1.2,"textAlign":"left","padding":{"locked":true,"hasHiddenPadding":false,"horizontal":null,"vertical":null},"content":"<span style=\"color: #f00\">O German Rex, origin\u00e1rio da Alemanha p\u00f3s-Segunda Guerra Mundial, tem pelagem curta e ondulada, com textura aveludada. Soci\u00e1vel e afetuoso, \u00e9 uma ra\u00e7a rara, apreciada por sua facilidade de adapta\u00e7\u00e3o ao ambiente familiar e conviv\u00eancia com outros animais de estima\u00e7\u00e3o.<\/span>","borderRadius":{"locked":true,"topLeft":2,"topRight":2,"bottomRight":2,"bottomLeft":2},"x":50,"y":352,"width":310,"height":255,"basedOn":"1db38a2b-ce9d-45f7-9b4b-251abc548bed","marginOffset":-5.0760000000000005,"id":"91a24861-2695-4747-85bf-4165f2cdf5bb","type":"text"}],"backgroundColor":{"color":{"r":255,"g":255,"b":255}},"animations":[{"targets":["91a24861-2695-4747-85bf-4165f2cdf5bb"],"id":"99ac01d1-0202-462c-ac21-961f5d97b7e2","type":"effect-fade-in","duration":600,"delay":0}],"type":"page","id":"0bdac63d-8073-43d6-9ad0-abd31a886d7b","defaultBackgroundElement":{"opacity":100,"flip":{"vertical":false,"horizontal":false},"rotationAngle":0,"lockAspectRatio":true,"x":1,"y":1,"width":1,"height":1,"mask":{"type":"rectangle"},"isBackground":true,"isDefaultBackground":true,"type":"shape","id":"a8c80173-9ac5-4023-87d5-f08fb27f6c35"}},{"elements":[{"opacity":100,"flip":{"vertical":false,"horizontal":false},"rotationAngle":0,"lockAspectRatio":true,"scale":100,"focalX":50,"focalY":49.9999996875,"resource":{"baseColor":"#d0c9c3","blurHash":"UJPskqM{_4xb00tQ-=t7_NM{M{Rj%gs:ayRj","type":"image","mimeType":"image\/png","creationDate":"2022-07-17T14:12:58.000Z","src":"https:\/\/www.panoramamoveis.com.br\/blog-wp\/wp-content\/uploads\/2022\/07\/ESPELHOS-PG4.png","width":1080,"height":1920,"id":6240,"alt":"ESPELHOS PG4","sizes":{"medium":{"file":"ESPELHOS-PG4-169x300.png","width":169,"height":300,"filesize":52785,"mimeType":"image\/png","sourceUrl":"https:\/\/www.panoramamoveis.com.br\/blog-wp\/wp-content\/uploads\/2022\/07\/ESPELHOS-PG4-169x300.png"},"large":{"file":"ESPELHOS-PG4-576x1024.png","width":576,"height":1024,"filesize":395855,"mimeType":"image\/png","sourceUrl":"https:\/\/www.panoramamoveis.com.br\/blog-wp\/wp-content\/uploads\/2022\/07\/ESPELHOS-PG4-576x1024.png"},"thumbnail":{"file":"ESPELHOS-PG4-150x150.png","width":150,"height":150,"filesize":26980,"mimeType":"image\/png","sourceUrl":"https:\/\/www.panoramamoveis.com.br\/blog-wp\/wp-content\/uploads\/2022\/07\/ESPELHOS-PG4-150x150.png"},"medium_large":{"file":"ESPELHOS-PG4-768x1365.png","width":768,"height":1365,"filesize":730853,"mimeType":"image\/png","sourceUrl":"https:\/\/www.panoramamoveis.com.br\/blog-wp\/wp-content\/uploads\/2022\/07\/ESPELHOS-PG4-768x1365.png"},"1536x1536":{"file":"ESPELHOS-PG4-864x1536.png","width":864,"height":1536,"filesize":778363,"mimeType":"image\/png","sourceUrl":"https:\/\/www.panoramamoveis.com.br\/blog-wp\/wp-content\/uploads\/2022\/07\/ESPELHOS-PG4-864x1536.png"},"web-stories-poster-portrait":{"file":"ESPELHOS-PG4-640x853.png","width":640,"height":853,"filesize":420748,"mimeType":"image\/png","sourceUrl":"https:\/\/www.panoramamoveis.com.br\/blog-wp\/wp-content\/uploads\/2022\/07\/ESPELHOS-PG4-640x853.png"},"web-stories-publisher-logo":{"file":"ESPELHOS-PG4-96x96.png","width":96,"height":96,"filesize":12353,"mimeType":"image\/png","sourceUrl":"https:\/\/www.panoramamoveis.com.br\/blog-wp\/wp-content\/uploads\/2022\/07\/ESPELHOS-PG4-96x96.png"},"web-stories-thumbnail":{"file":"ESPELHOS-PG4-150x267.png","width":150,"height":267,"filesize":42771,"mimeType":"image\/png","sourceUrl":"https:\/\/www.panoramamoveis.com.br\/blog-wp\/wp-content\/uploads\/2022\/07\/ESPELHOS-PG4-150x267.png"},"full":{"file":"ESPELHOS-PG4.png","width":1080,"height":1920,"mimeType":"image\/png","sourceUrl":"https:\/\/www.panoramamoveis.com.br\/blog-wp\/wp-content\/uploads\/2022\/07\/ESPELHOS-PG4.png"}},"isPlaceholder":false,"isOptimized":false,"isMuted":false,"isExternal":false,"needsProxy":false},"x":240,"y":570,"width":330,"height":586,"mask":{"type":"rectangle"},"isBackground":true,"id":"6ecd1b8b-b184-41a7-96fe-767b55bae3dc","basedOn":"6d51fe17-5b3b-4d0b-82cf-4037a3ffa2f8","alt":"sala com espelho ovalado em cima de bancada de madeira","type":"image"},{"opacity":100,"flip":{"vertical":false,"horizontal":false},"rotationAngle":0,"lockAspectRatio":false,"scale":100,"focalX":50,"focalY":50,"resource":{"type":"image","mimeType":"image\/jpeg","width":900,"height":1350,"sizes":{"medium":{"file":"65896effb707cf7de116f83a-200x300.jpg","width":200,"height":300,"filesize":13548,"mimeType":"image\/jpeg","sourceUrl":"https:\/\/www.panoramamoveis.com.br\/blog-wp\/wp-content\/uploads\/2025\/03\/65896effb707cf7de116f83a-200x300.jpg"},"large":{"file":"65896effb707cf7de116f83a-683x1024.jpg","width":683,"height":1024,"filesize":98233,"mimeType":"image\/jpeg","sourceUrl":"https:\/\/www.panoramamoveis.com.br\/blog-wp\/wp-content\/uploads\/2025\/03\/65896effb707cf7de116f83a-683x1024.jpg"},"thumbnail":{"file":"65896effb707cf7de116f83a-150x150.jpg","width":150,"height":150,"filesize":6739,"mimeType":"image\/jpeg","sourceUrl":"https:\/\/www.panoramamoveis.com.br\/blog-wp\/wp-content\/uploads\/2025\/03\/65896effb707cf7de116f83a-150x150.jpg"},"medium_large":{"file":"65896effb707cf7de116f83a-768x1152.jpg","width":768,"height":1152,"filesize":118341,"mimeType":"image\/jpeg","sourceUrl":"https:\/\/www.panoramamoveis.com.br\/blog-wp\/wp-content\/uploads\/2025\/03\/65896effb707cf7de116f83a-768x1152.jpg"},"web-stories-poster-portrait":{"file":"65896effb707cf7de116f83a-640x853.jpg","width":640,"height":853,"filesize":83164,"mimeType":"image\/jpeg","sourceUrl":"https:\/\/www.panoramamoveis.com.br\/blog-wp\/wp-content\/uploads\/2025\/03\/65896effb707cf7de116f83a-640x853.jpg"},"web-stories-publisher-logo":{"file":"65896effb707cf7de116f83a-96x96.jpg","width":96,"height":96,"filesize":3407,"mimeType":"image\/jpeg","sourceUrl":"https:\/\/www.panoramamoveis.com.br\/blog-wp\/wp-content\/uploads\/2025\/03\/65896effb707cf7de116f83a-96x96.jpg"},"web-stories-thumbnail":{"file":"65896effb707cf7de116f83a-150x225.jpg","width":150,"height":225,"filesize":8641,"mimeType":"image\/jpeg","sourceUrl":"https:\/\/www.panoramamoveis.com.br\/blog-wp\/wp-content\/uploads\/2025\/03\/65896effb707cf7de116f83a-150x225.jpg"},"full":{"file":"65896effb707cf7de116f83a.jpg","width":900,"height":1350,"mimeType":"image\/jpeg","sourceUrl":"https:\/\/www.panoramamoveis.com.br\/blog-wp\/wp-content\/uploads\/2025\/03\/65896effb707cf7de116f83a.jpg"}},"isPlaceholder":false,"isExternal":false,"needsProxy":false,"baseColor":"#413130","blurHash":"UaN^e*D*~q-;?b%2R*Rj?b%MIAIUITIURPxu","creationDate":"2025-03-26T16:43:37","src":"https:\/\/www.panoramamoveis.com.br\/blog-wp\/wp-content\/uploads\/2025\/03\/65896effb707cf7de116f83a.jpg","id":69033,"alt":"65896effb707cf7de116f83a","local":false},"type":"image","x":48,"y":-42,"width":314,"height":394,"mask":{"type":"rectangle","showInLibrary":true,"name":"Ret\u00e2ngulo","path":"M 0,0 1,0 1,1 0,1 0,0 Z","ratio":1,"supportsBorder":true},"id":"a3f41053-4b28-46f5-8c2a-2e65c6f9dcfd"},{"opacity":100,"flip":{"vertical":false,"horizontal":false},"rotationAngle":0,"lockAspectRatio":true,"backgroundTextMode":"HIGHLIGHT","font":{"family":"Anton"},"fontSize":24,"backgroundColor":{"color":{"r":163,"g":0,"b":3,"a":0.6}},"lineHeight":1,"textAlign":"left","padding":{"hasHiddenPadding":true,"horizontal":8,"vertical":4},"content":"<span style=\"color: #fff\">Ural rex<\/span>","borderRadius":{"locked":true,"topLeft":2,"topRight":2,"bottomRight":2,"bottomLeft":2},"x":52,"y":308,"width":308,"height":44,"basedOn":"b243f3b7-3cf7-4622-8509-1da0a1b3e9f5","id":"153d223b-1105-4851-b910-72a266e81942","type":"text"},{"opacity":100,"flip":{"vertical":false,"horizontal":false},"rotationAngle":270,"lockAspectRatio":true,"scale":100,"focalX":50,"focalY":50,"resource":{"baseColor":"#543833","type":"image","mimeType":"image\/png","creationDate":"2021-11-09T19:36:56","src":"https:\/\/www.panoramamoveis.com.br\/blog-wp\/wp-content\/uploads\/2021\/11\/Panorama-Moveis-click-1.png","width":3240,"height":5760,"id":1933,"alt":"Panorama M\u00f3veis click (1)","sizes":{"medium":{"file":"Panorama-Moveis-click-1-169x300.png","width":169,"height":300,"mimeType":"image\/png","sourceUrl":"https:\/\/www.panoramamoveis.com.br\/blog-wp\/wp-content\/uploads\/2021\/11\/Panorama-Moveis-click-1-169x300.png"},"large":{"file":"Panorama-Moveis-click-1-576x1024.png","width":576,"height":1024,"mimeType":"image\/png","sourceUrl":"https:\/\/www.panoramamoveis.com.br\/blog-wp\/wp-content\/uploads\/2021\/11\/Panorama-Moveis-click-1-576x1024.png"},"thumbnail":{"file":"Panorama-Moveis-click-1-150x150.png","width":150,"height":150,"mimeType":"image\/png","sourceUrl":"https:\/\/www.panoramamoveis.com.br\/blog-wp\/wp-content\/uploads\/2021\/11\/Panorama-Moveis-click-1-150x150.png"},"medium_large":{"file":"Panorama-Moveis-click-1-768x1365.png","width":768,"height":1365,"mimeType":"image\/png","sourceUrl":"https:\/\/www.panoramamoveis.com.br\/blog-wp\/wp-content\/uploads\/2021\/11\/Panorama-Moveis-click-1-768x1365.png"},"1536x1536":{"file":"Panorama-Moveis-click-1-864x1536.png","width":864,"height":1536,"mimeType":"image\/png","sourceUrl":"https:\/\/www.panoramamoveis.com.br\/blog-wp\/wp-content\/uploads\/2021\/11\/Panorama-Moveis-click-1-864x1536.png"},"2048x2048":{"file":"Panorama-Moveis-click-1-1152x2048.png","width":1152,"height":2048,"mimeType":"image\/png","sourceUrl":"https:\/\/www.panoramamoveis.com.br\/blog-wp\/wp-content\/uploads\/2021\/11\/Panorama-Moveis-click-1-1152x2048.png"},"post-thumbnail":{"file":"Panorama-Moveis-click-1-1200x2133.png","width":1200,"height":2133,"mimeType":"image\/png","sourceUrl":"https:\/\/www.panoramamoveis.com.br\/blog-wp\/wp-content\/uploads\/2021\/11\/Panorama-Moveis-click-1-1200x2133.png"},"twentytwenty-fullscreen":{"file":"Panorama-Moveis-click-1-1980x3520.png","width":1980,"height":3520,"mimeType":"image\/png","sourceUrl":"https:\/\/www.panoramamoveis.com.br\/blog-wp\/wp-content\/uploads\/2021\/11\/Panorama-Moveis-click-1-1980x3520.png"},"web-stories-poster-portrait":{"file":"Panorama-Moveis-click-1-640x853.png","width":640,"height":853,"mimeType":"image\/png","sourceUrl":"https:\/\/www.panoramamoveis.com.br\/blog-wp\/wp-content\/uploads\/2021\/11\/Panorama-Moveis-click-1-640x853.png"},"web-stories-publisher-logo":{"file":"Panorama-Moveis-click-1-96x96.png","width":96,"height":96,"mimeType":"image\/png","sourceUrl":"https:\/\/www.panoramamoveis.com.br\/blog-wp\/wp-content\/uploads\/2021\/11\/Panorama-Moveis-click-1-96x96.png"},"web-stories-thumbnail":{"file":"Panorama-Moveis-click-1-150x267.png","width":150,"height":267,"mimeType":"image\/png","sourceUrl":"https:\/\/www.panoramamoveis.com.br\/blog-wp\/wp-content\/uploads\/2021\/11\/Panorama-Moveis-click-1-150x267.png"},"full":{"file":"Panorama-Moveis-click-1.png","width":3240,"height":5760,"mimeType":"image\/png","sourceUrl":"https:\/\/www.panoramamoveis.com.br\/blog-wp\/wp-content\/uploads\/2021\/11\/Panorama-Moveis-click-1.png"}},"isPlaceholder":false,"isOptimized":false,"isMuted":false,"isExternal":false,"provider":"local"},"x":70,"y":-52,"width":56,"height":104,"mask":{"type":"rectangle","showInLibrary":true,"name":"Ret\u00e2ngulo","path":"M 0,0 1,0 1,1 0,1 0,0 Z","ratio":1,"supportsBorder":true},"basedOn":"ff22fdff-46a4-4f87-bd8d-8ebfd8afae43","id":"6a4c4734-4892-496e-a5c7-eb3790a14483","type":"image"},{"opacity":100,"flip":{"vertical":false,"horizontal":false},"rotationAngle":0,"lockAspectRatio":true,"backgroundTextMode":"NONE","font":{"family":"Oswald"},"fontSize":23,"backgroundColor":{"color":{"r":196,"g":196,"b":196}},"lineHeight":1.2,"textAlign":"left","padding":{"locked":true,"hasHiddenPadding":false,"horizontal":null,"vertical":null},"content":"<span style=\"color: #f00\">O Ural Rex, origin\u00e1rio dos Montes Urais, na R\u00fassia, \u00e9 uma ra\u00e7a rara com pelagem ondulada que cobre todo o corpo. Mais reservado, adapta-se melhor a ambientes tranquilos e tutores que apreciam momentos de calma e serenidade.&nbsp;<\/span>","borderRadius":{"locked":true,"topLeft":2,"topRight":2,"bottomRight":2,"bottomLeft":2},"x":51,"y":352,"width":310,"height":200,"basedOn":"1db38a2b-ce9d-45f7-9b4b-251abc548bed","marginOffset":-5.0760000000000005,"id":"f2cf268d-cfc9-4db2-ab60-519aaabc6741","type":"text"}],"backgroundColor":{"color":{"r":255,"g":255,"b":255}},"animations":[{"targets":["f2cf268d-cfc9-4db2-ab60-519aaabc6741"],"id":"197ccc43-0366-4056-b51b-54732f86ec55","type":"effect-fade-in","duration":600,"delay":0}],"type":"page","id":"33ada4fb-45b3-4a97-9d26-7d438c9e2db8","defaultBackgroundElement":{"opacity":100,"flip":{"vertical":false,"horizontal":false},"rotationAngle":0,"lockAspectRatio":true,"x":1,"y":1,"width":1,"height":1,"mask":{"type":"rectangle"},"isBackground":true,"isDefaultBackground":true,"type":"shape","id":"a8c80173-9ac5-4023-87d5-f08fb27f6c35"}},{"elements":[{"opacity":100,"flip":{"vertical":false,"horizontal":false},"rotationAngle":0,"lockAspectRatio":true,"scale":100,"focalX":50,"focalY":49.9999996875,"resource":{"baseColor":"#d0c9c3","blurHash":"UJPskqM{_4xb00tQ-=t7_NM{M{Rj%gs:ayRj","type":"image","mimeType":"image\/png","creationDate":"2022-07-17T14:12:58.000Z","src":"https:\/\/www.panoramamoveis.com.br\/blog-wp\/wp-content\/uploads\/2022\/07\/ESPELHOS-PG4.png","width":1080,"height":1920,"id":6240,"alt":"ESPELHOS PG4","sizes":{"medium":{"file":"ESPELHOS-PG4-169x300.png","width":169,"height":300,"filesize":52785,"mimeType":"image\/png","sourceUrl":"https:\/\/www.panoramamoveis.com.br\/blog-wp\/wp-content\/uploads\/2022\/07\/ESPELHOS-PG4-169x300.png"},"large":{"file":"ESPELHOS-PG4-576x1024.png","width":576,"height":1024,"filesize":395855,"mimeType":"image\/png","sourceUrl":"https:\/\/www.panoramamoveis.com.br\/blog-wp\/wp-content\/uploads\/2022\/07\/ESPELHOS-PG4-576x1024.png"},"thumbnail":{"file":"ESPELHOS-PG4-150x150.png","width":150,"height":150,"filesize":26980,"mimeType":"image\/png","sourceUrl":"https:\/\/www.panoramamoveis.com.br\/blog-wp\/wp-content\/uploads\/2022\/07\/ESPELHOS-PG4-150x150.png"},"medium_large":{"file":"ESPELHOS-PG4-768x1365.png","width":768,"height":1365,"filesize":730853,"mimeType":"image\/png","sourceUrl":"https:\/\/www.panoramamoveis.com.br\/blog-wp\/wp-content\/uploads\/2022\/07\/ESPELHOS-PG4-768x1365.png"},"1536x1536":{"file":"ESPELHOS-PG4-864x1536.png","width":864,"height":1536,"filesize":778363,"mimeType":"image\/png","sourceUrl":"https:\/\/www.panoramamoveis.com.br\/blog-wp\/wp-content\/uploads\/2022\/07\/ESPELHOS-PG4-864x1536.png"},"web-stories-poster-portrait":{"file":"ESPELHOS-PG4-640x853.png","width":640,"height":853,"filesize":420748,"mimeType":"image\/png","sourceUrl":"https:\/\/www.panoramamoveis.com.br\/blog-wp\/wp-content\/uploads\/2022\/07\/ESPELHOS-PG4-640x853.png"},"web-stories-publisher-logo":{"file":"ESPELHOS-PG4-96x96.png","width":96,"height":96,"filesize":12353,"mimeType":"image\/png","sourceUrl":"https:\/\/www.panoramamoveis.com.br\/blog-wp\/wp-content\/uploads\/2022\/07\/ESPELHOS-PG4-96x96.png"},"web-stories-thumbnail":{"file":"ESPELHOS-PG4-150x267.png","width":150,"height":267,"filesize":42771,"mimeType":"image\/png","sourceUrl":"https:\/\/www.panoramamoveis.com.br\/blog-wp\/wp-content\/uploads\/2022\/07\/ESPELHOS-PG4-150x267.png"},"full":{"file":"ESPELHOS-PG4.png","width":1080,"height":1920,"mimeType":"image\/png","sourceUrl":"https:\/\/www.panoramamoveis.com.br\/blog-wp\/wp-content\/uploads\/2022\/07\/ESPELHOS-PG4.png"}},"isPlaceholder":false,"isOptimized":false,"isMuted":false,"isExternal":false,"needsProxy":false},"x":240,"y":570,"width":330,"height":586,"mask":{"type":"rectangle"},"isBackground":true,"id":"51368441-0edd-4e55-83b3-a10dbcb22e08","basedOn":"6d51fe17-5b3b-4d0b-82cf-4037a3ffa2f8","alt":"sala com espelho ovalado em cima de bancada de madeira","type":"image"},{"opacity":100,"flip":{"vertical":false,"horizontal":false},"rotationAngle":0,"lockAspectRatio":false,"scale":100,"focalX":50,"focalY":50,"resource":{"type":"image","mimeType":"image\/jpeg","width":1200,"height":893,"sizes":{"medium":{"file":"races-chats-fises-10-44-55-300x223.jpeg","width":300,"height":223,"filesize":12219,"mimeType":"image\/jpeg","sourceUrl":"https:\/\/www.panoramamoveis.com.br\/blog-wp\/wp-content\/uploads\/2025\/03\/races-chats-fises-10-44-55-300x223.jpeg"},"large":{"file":"races-chats-fises-10-44-55-1024x762.jpeg","width":1024,"height":762,"filesize":86986,"mimeType":"image\/jpeg","sourceUrl":"https:\/\/www.panoramamoveis.com.br\/blog-wp\/wp-content\/uploads\/2025\/03\/races-chats-fises-10-44-55-1024x762.jpeg"},"thumbnail":{"file":"races-chats-fises-10-44-55-150x150.jpeg","width":150,"height":150,"filesize":5966,"mimeType":"image\/jpeg","sourceUrl":"https:\/\/www.panoramamoveis.com.br\/blog-wp\/wp-content\/uploads\/2025\/03\/races-chats-fises-10-44-55-150x150.jpeg"},"medium_large":{"file":"races-chats-fises-10-44-55-768x572.jpeg","width":768,"height":572,"filesize":55752,"mimeType":"image\/jpeg","sourceUrl":"https:\/\/www.panoramamoveis.com.br\/blog-wp\/wp-content\/uploads\/2025\/03\/races-chats-fises-10-44-55-768x572.jpeg"},"web-stories-poster-portrait":{"file":"races-chats-fises-10-44-55-640x853.jpeg","width":640,"height":853,"filesize":68943,"mimeType":"image\/jpeg","sourceUrl":"https:\/\/www.panoramamoveis.com.br\/blog-wp\/wp-content\/uploads\/2025\/03\/races-chats-fises-10-44-55-640x853.jpeg"},"web-stories-publisher-logo":{"file":"races-chats-fises-10-44-55-96x96.jpeg","width":96,"height":96,"filesize":3154,"mimeType":"image\/jpeg","sourceUrl":"https:\/\/www.panoramamoveis.com.br\/blog-wp\/wp-content\/uploads\/2025\/03\/races-chats-fises-10-44-55-96x96.jpeg"},"web-stories-thumbnail":{"file":"races-chats-fises-10-44-55-150x112.jpeg","width":150,"height":112,"filesize":4438,"mimeType":"image\/jpeg","sourceUrl":"https:\/\/www.panoramamoveis.com.br\/blog-wp\/wp-content\/uploads\/2025\/03\/races-chats-fises-10-44-55-150x112.jpeg"},"full":{"file":"races-chats-fises-10-44-55.jpeg","width":1200,"height":893,"mimeType":"image\/jpeg","sourceUrl":"https:\/\/www.panoramamoveis.com.br\/blog-wp\/wp-content\/uploads\/2025\/03\/races-chats-fises-10-44-55.jpeg"}},"isPlaceholder":false,"isExternal":false,"needsProxy":false,"baseColor":"#1c1c17","blurHash":"UAGbu4a#00%200D%~qtRIVxu?aoyNGt6xuM|","creationDate":"2025-03-26T16:46:16","src":"https:\/\/www.panoramamoveis.com.br\/blog-wp\/wp-content\/uploads\/2025\/03\/races-chats-fises-10-44-55.jpeg","id":69037,"alt":"races-chats-fises-10-44-55","local":false},"type":"image","x":48,"y":-44,"width":316,"height":397,"mask":{"type":"rectangle","showInLibrary":true,"name":"Ret\u00e2ngulo","path":"M 0,0 1,0 1,1 0,1 0,0 Z","ratio":1,"supportsBorder":true},"id":"e19e72f2-d638-4ca4-8146-662992cf35a3"},{"opacity":100,"flip":{"vertical":false,"horizontal":false},"rotationAngle":0,"lockAspectRatio":true,"backgroundTextMode":"HIGHLIGHT","font":{"family":"Anton"},"fontSize":24,"backgroundColor":{"color":{"r":163,"g":0,"b":3,"a":0.6}},"lineHeight":1,"textAlign":"left","padding":{"hasHiddenPadding":true,"horizontal":8,"vertical":4},"content":"<span style=\"color: #fff\">Skookum<\/span>","borderRadius":{"locked":true,"topLeft":2,"topRight":2,"bottomRight":2,"bottomLeft":2},"x":53,"y":308,"width":308,"height":44,"basedOn":"b243f3b7-3cf7-4622-8509-1da0a1b3e9f5","id":"e24c00af-5226-4017-9153-fb775b169f2a","type":"text"},{"opacity":100,"flip":{"vertical":false,"horizontal":false},"rotationAngle":270,"lockAspectRatio":true,"scale":100,"focalX":50,"focalY":50,"resource":{"baseColor":"#543833","type":"image","mimeType":"image\/png","creationDate":"2021-11-09T19:36:56","src":"https:\/\/www.panoramamoveis.com.br\/blog-wp\/wp-content\/uploads\/2021\/11\/Panorama-Moveis-click-1.png","width":3240,"height":5760,"id":1933,"alt":"Panorama M\u00f3veis click (1)","sizes":{"medium":{"file":"Panorama-Moveis-click-1-169x300.png","width":169,"height":300,"mimeType":"image\/png","sourceUrl":"https:\/\/www.panoramamoveis.com.br\/blog-wp\/wp-content\/uploads\/2021\/11\/Panorama-Moveis-click-1-169x300.png"},"large":{"file":"Panorama-Moveis-click-1-576x1024.png","width":576,"height":1024,"mimeType":"image\/png","sourceUrl":"https:\/\/www.panoramamoveis.com.br\/blog-wp\/wp-content\/uploads\/2021\/11\/Panorama-Moveis-click-1-576x1024.png"},"thumbnail":{"file":"Panorama-Moveis-click-1-150x150.png","width":150,"height":150,"mimeType":"image\/png","sourceUrl":"https:\/\/www.panoramamoveis.com.br\/blog-wp\/wp-content\/uploads\/2021\/11\/Panorama-Moveis-click-1-150x150.png"},"medium_large":{"file":"Panorama-Moveis-click-1-768x1365.png","width":768,"height":1365,"mimeType":"image\/png","sourceUrl":"https:\/\/www.panoramamoveis.com.br\/blog-wp\/wp-content\/uploads\/2021\/11\/Panorama-Moveis-click-1-768x1365.png"},"1536x1536":{"file":"Panorama-Moveis-click-1-864x1536.png","width":864,"height":1536,"mimeType":"image\/png","sourceUrl":"https:\/\/www.panoramamoveis.com.br\/blog-wp\/wp-content\/uploads\/2021\/11\/Panorama-Moveis-click-1-864x1536.png"},"2048x2048":{"file":"Panorama-Moveis-click-1-1152x2048.png","width":1152,"height":2048,"mimeType":"image\/png","sourceUrl":"https:\/\/www.panoramamoveis.com.br\/blog-wp\/wp-content\/uploads\/2021\/11\/Panorama-Moveis-click-1-1152x2048.png"},"post-thumbnail":{"file":"Panorama-Moveis-click-1-1200x2133.png","width":1200,"height":2133,"mimeType":"image\/png","sourceUrl":"https:\/\/www.panoramamoveis.com.br\/blog-wp\/wp-content\/uploads\/2021\/11\/Panorama-Moveis-click-1-1200x2133.png"},"twentytwenty-fullscreen":{"file":"Panorama-Moveis-click-1-1980x3520.png","width":1980,"height":3520,"mimeType":"image\/png","sourceUrl":"https:\/\/www.panoramamoveis.com.br\/blog-wp\/wp-content\/uploads\/2021\/11\/Panorama-Moveis-click-1-1980x3520.png"},"web-stories-poster-portrait":{"file":"Panorama-Moveis-click-1-640x853.png","width":640,"height":853,"mimeType":"image\/png","sourceUrl":"https:\/\/www.panoramamoveis.com.br\/blog-wp\/wp-content\/uploads\/2021\/11\/Panorama-Moveis-click-1-640x853.png"},"web-stories-publisher-logo":{"file":"Panorama-Moveis-click-1-96x96.png","width":96,"height":96,"mimeType":"image\/png","sourceUrl":"https:\/\/www.panoramamoveis.com.br\/blog-wp\/wp-content\/uploads\/2021\/11\/Panorama-Moveis-click-1-96x96.png"},"web-stories-thumbnail":{"file":"Panorama-Moveis-click-1-150x267.png","width":150,"height":267,"mimeType":"image\/png","sourceUrl":"https:\/\/www.panoramamoveis.com.br\/blog-wp\/wp-content\/uploads\/2021\/11\/Panorama-Moveis-click-1-150x267.png"},"full":{"file":"Panorama-Moveis-click-1.png","width":3240,"height":5760,"mimeType":"image\/png","sourceUrl":"https:\/\/www.panoramamoveis.com.br\/blog-wp\/wp-content\/uploads\/2021\/11\/Panorama-Moveis-click-1.png"}},"isPlaceholder":false,"isOptimized":false,"isMuted":false,"isExternal":false,"provider":"local"},"x":70,"y":-52,"width":56,"height":104,"mask":{"type":"rectangle","showInLibrary":true,"name":"Ret\u00e2ngulo","path":"M 0,0 1,0 1,1 0,1 0,0 Z","ratio":1,"supportsBorder":true},"basedOn":"ff22fdff-46a4-4f87-bd8d-8ebfd8afae43","id":"98dde729-4e7e-498f-9b62-817224ab11c3","type":"image"},{"opacity":100,"flip":{"vertical":false,"horizontal":false},"rotationAngle":0,"lockAspectRatio":true,"backgroundTextMode":"NONE","font":{"family":"Oswald"},"fontSize":23,"backgroundColor":{"color":{"r":196,"g":196,"b":196}},"lineHeight":1.2,"textAlign":"left","padding":{"locked":true,"hasHiddenPadding":false,"horizontal":null,"vertical":null},"content":"<span style=\"color: #f00\">O skookum \u00e9 uma ra\u00e7a experimental criada nos anos 1990 nos Estados Unidos, fruto do cruzamento entre LaPerm e munchkin. Com pelagem cacheada e patas curtas, \u00e9 conhecida por sua natureza curiosa, ativa e \u00fanica.&nbsp;<\/span>","borderRadius":{"locked":true,"topLeft":2,"topRight":2,"bottomRight":2,"bottomLeft":2},"x":51,"y":352,"width":310,"height":200,"basedOn":"1db38a2b-ce9d-45f7-9b4b-251abc548bed","marginOffset":-5.0760000000000005,"id":"8a8e1298-7c27-4637-b7c1-1e0ea3d90a8b","type":"text"}],"backgroundColor":{"color":{"r":255,"g":255,"b":255}},"animations":[{"targets":["8a8e1298-7c27-4637-b7c1-1e0ea3d90a8b"],"id":"36be0bf3-5bcf-4530-8a40-f8a69fd657aa","type":"effect-fade-in","duration":600,"delay":0}],"type":"page","id":"05af683d-cda1-4a55-9a17-700c84a7637e","defaultBackgroundElement":{"opacity":100,"flip":{"vertical":false,"horizontal":false},"rotationAngle":0,"lockAspectRatio":true,"x":1,"y":1,"width":1,"height":1,"mask":{"type":"rectangle"},"isBackground":true,"isDefaultBackground":true,"type":"shape","id":"a8c80173-9ac5-4023-87d5-f08fb27f6c35"}},{"elements":[{"opacity":100,"flip":{"vertical":false,"horizontal":false},"rotationAngle":0,"lockAspectRatio":true,"scale":100,"focalX":50,"focalY":50,"resource":{"baseColor":"#863a30","blurHash":"UOO:qpIo_N-q0JW;-q%MMxV[tRRi%hxbe.M_","type":"image","mimeType":"image\/png","creationDate":"2022-07-17T14:12:43.000Z","src":"https:\/\/www.panoramamoveis.com.br\/blog-wp\/wp-content\/uploads\/2022\/07\/ESPELHOS-PG8.png","width":1080,"height":1920,"id":6236,"alt":"ESPELHOS PG8","sizes":{"medium":{"file":"ESPELHOS-PG8-169x300.png","width":169,"height":300,"filesize":56648,"mimeType":"image\/png","sourceUrl":"https:\/\/www.panoramamoveis.com.br\/blog-wp\/wp-content\/uploads\/2022\/07\/ESPELHOS-PG8-169x300.png"},"large":{"file":"ESPELHOS-PG8-576x1024.png","width":576,"height":1024,"filesize":402337,"mimeType":"image\/png","sourceUrl":"https:\/\/www.panoramamoveis.com.br\/blog-wp\/wp-content\/uploads\/2022\/07\/ESPELHOS-PG8-576x1024.png"},"thumbnail":{"file":"ESPELHOS-PG8-150x150.png","width":150,"height":150,"filesize":30462,"mimeType":"image\/png","sourceUrl":"https:\/\/www.panoramamoveis.com.br\/blog-wp\/wp-content\/uploads\/2022\/07\/ESPELHOS-PG8-150x150.png"},"medium_large":{"file":"ESPELHOS-PG8-768x1365.png","width":768,"height":1365,"filesize":754249,"mimeType":"image\/png","sourceUrl":"https:\/\/www.panoramamoveis.com.br\/blog-wp\/wp-content\/uploads\/2022\/07\/ESPELHOS-PG8-768x1365.png"},"1536x1536":{"file":"ESPELHOS-PG8-864x1536.png","width":864,"height":1536,"filesize":762017,"mimeType":"image\/png","sourceUrl":"https:\/\/www.panoramamoveis.com.br\/blog-wp\/wp-content\/uploads\/2022\/07\/ESPELHOS-PG8-864x1536.png"},"web-stories-poster-portrait":{"file":"ESPELHOS-PG8-640x853.png","width":640,"height":853,"filesize":430456,"mimeType":"image\/png","sourceUrl":"https:\/\/www.panoramamoveis.com.br\/blog-wp\/wp-content\/uploads\/2022\/07\/ESPELHOS-PG8-640x853.png"},"web-stories-publisher-logo":{"file":"ESPELHOS-PG8-96x96.png","width":96,"height":96,"filesize":14037,"mimeType":"image\/png","sourceUrl":"https:\/\/www.panoramamoveis.com.br\/blog-wp\/wp-content\/uploads\/2022\/07\/ESPELHOS-PG8-96x96.png"},"web-stories-thumbnail":{"file":"ESPELHOS-PG8-150x267.png","width":150,"height":267,"filesize":46086,"mimeType":"image\/png","sourceUrl":"https:\/\/www.panoramamoveis.com.br\/blog-wp\/wp-content\/uploads\/2022\/07\/ESPELHOS-PG8-150x267.png"},"full":{"file":"ESPELHOS-PG8.png","width":1080,"height":1920,"mimeType":"image\/png","sourceUrl":"https:\/\/www.panoramamoveis.com.br\/blog-wp\/wp-content\/uploads\/2022\/07\/ESPELHOS-PG8.png"}},"isPlaceholder":false,"isOptimized":false,"isMuted":false,"isExternal":false,"needsProxy":false},"x":48,"y":0,"width":330,"height":586,"mask":{"type":"rectangle"},"isBackground":true,"id":"25441bee-bbc9-4568-b4c5-45c602c7d5ae","alt":"Sala com parede verde  e sof\u00e1 claro","type":"image"},{"opacity":100,"flip":{"vertical":false,"horizontal":false},"rotationAngle":0,"lockAspectRatio":true,"backgroundTextMode":"FILL","font":{"family":"Oswald"},"fontSize":24,"backgroundColor":{"color":{"r":196,"g":196,"b":196,"a":0.1}},"lineHeight":1.5,"textAlign":"left","padding":{"locked":true,"hasHiddenPadding":true,"horizontal":8,"vertical":4},"content":"<span style=\"font-weight: 700; color: #e23b40\">O nosso blog \u00e9 super completo, com as melhores dicas e curiosidades!<\/span>\n\n<span style=\"font-weight: 700; color: #e23b40\">Confira clicando abaixo!<\/span>","borderRadius":{"locked":true,"topLeft":2,"topRight":2,"bottomRight":2,"bottomLeft":2},"x":48,"y":348,"width":316,"height":188,"id":"d263f58c-8230-433d-ae89-0042b05382b4","marginOffset":7.21875,"type":"text"},{"opacity":100,"flip":{"vertical":false,"horizontal":false},"rotationAngle":0,"lockAspectRatio":true,"scale":100,"focalX":50,"focalY":50,"resource":{"baseColor":"#e5d4d4","type":"image","mimeType":"image\/png","creationDate":"2021-10-05T06:38:34","src":"https:\/\/www.panoramamoveis.com.br\/blog-wp\/wp-content\/uploads\/2021\/10\/click-aqui.png","width":1080,"height":1080,"id":757,"alt":"click aqui","sizes":{"medium":{"file":"click-aqui-300x300.png","width":300,"height":300,"mimeType":"image\/png","sourceUrl":"https:\/\/www.panoramamoveis.com.br\/blog-wp\/wp-content\/uploads\/2021\/10\/click-aqui-300x300.png"},"large":{"file":"click-aqui-1024x1024.png","width":1024,"height":1024,"mimeType":"image\/png","sourceUrl":"https:\/\/www.panoramamoveis.com.br\/blog-wp\/wp-content\/uploads\/2021\/10\/click-aqui-1024x1024.png"},"thumbnail":{"file":"click-aqui-150x150.png","width":150,"height":150,"mimeType":"image\/png","sourceUrl":"https:\/\/www.panoramamoveis.com.br\/blog-wp\/wp-content\/uploads\/2021\/10\/click-aqui-150x150.png"},"medium_large":{"file":"click-aqui-768x768.png","width":768,"height":768,"mimeType":"image\/png","sourceUrl":"https:\/\/www.panoramamoveis.com.br\/blog-wp\/wp-content\/uploads\/2021\/10\/click-aqui-768x768.png"},"web-stories-poster-portrait":{"file":"click-aqui-640x853.png","width":640,"height":853,"mimeType":"image\/png","sourceUrl":"https:\/\/www.panoramamoveis.com.br\/blog-wp\/wp-content\/uploads\/2021\/10\/click-aqui-640x853.png"},"web-stories-publisher-logo":{"file":"click-aqui-96x96.png","width":96,"height":96,"mimeType":"image\/png","sourceUrl":"https:\/\/www.panoramamoveis.com.br\/blog-wp\/wp-content\/uploads\/2021\/10\/click-aqui-96x96.png"},"web-stories-thumbnail":{"file":"click-aqui-150x150.png","width":150,"height":150,"mimeType":"image\/png","sourceUrl":"https:\/\/www.panoramamoveis.com.br\/blog-wp\/wp-content\/uploads\/2021\/10\/click-aqui-150x150.png"},"full":{"file":"click-aqui.png","width":1080,"height":1080,"mimeType":"image\/png","sourceUrl":"https:\/\/www.panoramamoveis.com.br\/blog-wp\/wp-content\/uploads\/2021\/10\/click-aqui.png"}},"isPlaceholder":false,"isOptimized":false,"isMuted":false,"provider":"local","isExternal":false},"width":70,"height":69,"mask":{"type":"rectangle","showInLibrary":true,"name":"Rectangle","path":"M 0,0 1,0 1,1 0,1 0,0 Z","ratio":1,"supportsBorder":true},"basedOn":"b9ae82de-c57f-4987-a4ac-26a9f25c01c3","x":286,"y":544,"link":{"needsProxy":false,"url":"https:\/\/www.panoramamoveis.com.br\/moveis\/iluminacao?utm_source=web-stories","rel":["noreferrer","noreferrer","noreferrer","noreferrer","noreferrer","noreferrer","noreferrer","noreferrer","noreferrer","noreferrer","noreferrer","noreferrer","noreferrer"],"icon":"https:\/\/www.panoramamoveis.com.br\/blog-wp\/wp-content\/uploads\/2021\/11\/cropped-cropped-Panorama-03-scaled-3-1.jpg","desc":"\t\t\tIlumina\u00e7\u00e3o: Com At\u00e9 50% OFF, 12x Sem Juros | Panorama M\u00f3veis\n\t"},"id":"faf3d080-78c9-46d9-a229-0e6051d30e1c","type":"image"},{"opacity":100,"flip":{"vertical":false,"horizontal":false},"rotationAngle":270,"lockAspectRatio":true,"scale":100,"focalX":50,"focalY":50,"resource":{"baseColor":"#543833","type":"image","mimeType":"image\/png","creationDate":"2021-11-09T19:36:56","src":"https:\/\/www.panoramamoveis.com.br\/blog-wp\/wp-content\/uploads\/2021\/11\/Panorama-Moveis-click-1.png","width":3240,"height":5760,"id":1933,"alt":"Panorama M\u00f3veis click (1)","sizes":{"medium":{"file":"Panorama-Moveis-click-1-169x300.png","width":169,"height":300,"mimeType":"image\/png","sourceUrl":"https:\/\/www.panoramamoveis.com.br\/blog-wp\/wp-content\/uploads\/2021\/11\/Panorama-Moveis-click-1-169x300.png"},"large":{"file":"Panorama-Moveis-click-1-576x1024.png","width":576,"height":1024,"mimeType":"image\/png","sourceUrl":"https:\/\/www.panoramamoveis.com.br\/blog-wp\/wp-content\/uploads\/2021\/11\/Panorama-Moveis-click-1-576x1024.png"},"thumbnail":{"file":"Panorama-Moveis-click-1-150x150.png","width":150,"height":150,"mimeType":"image\/png","sourceUrl":"https:\/\/www.panoramamoveis.com.br\/blog-wp\/wp-content\/uploads\/2021\/11\/Panorama-Moveis-click-1-150x150.png"},"medium_large":{"file":"Panorama-Moveis-click-1-768x1365.png","width":768,"height":1365,"mimeType":"image\/png","sourceUrl":"https:\/\/www.panoramamoveis.com.br\/blog-wp\/wp-content\/uploads\/2021\/11\/Panorama-Moveis-click-1-768x1365.png"},"1536x1536":{"file":"Panorama-Moveis-click-1-864x1536.png","width":864,"height":1536,"mimeType":"image\/png","sourceUrl":"https:\/\/www.panoramamoveis.com.br\/blog-wp\/wp-content\/uploads\/2021\/11\/Panorama-Moveis-click-1-864x1536.png"},"2048x2048":{"file":"Panorama-Moveis-click-1-1152x2048.png","width":1152,"height":2048,"mimeType":"image\/png","sourceUrl":"https:\/\/www.panoramamoveis.com.br\/blog-wp\/wp-content\/uploads\/2021\/11\/Panorama-Moveis-click-1-1152x2048.png"},"post-thumbnail":{"file":"Panorama-Moveis-click-1-1200x2133.png","width":1200,"height":2133,"mimeType":"image\/png","sourceUrl":"https:\/\/www.panoramamoveis.com.br\/blog-wp\/wp-content\/uploads\/2021\/11\/Panorama-Moveis-click-1-1200x2133.png"},"twentytwenty-fullscreen":{"file":"Panorama-Moveis-click-1-1980x3520.png","width":1980,"height":3520,"mimeType":"image\/png","sourceUrl":"https:\/\/www.panoramamoveis.com.br\/blog-wp\/wp-content\/uploads\/2021\/11\/Panorama-Moveis-click-1-1980x3520.png"},"web-stories-poster-portrait":{"file":"Panorama-Moveis-click-1-640x853.png","width":640,"height":853,"mimeType":"image\/png","sourceUrl":"https:\/\/www.panoramamoveis.com.br\/blog-wp\/wp-content\/uploads\/2021\/11\/Panorama-Moveis-click-1-640x853.png"},"web-stories-publisher-logo":{"file":"Panorama-Moveis-click-1-96x96.png","width":96,"height":96,"mimeType":"image\/png","sourceUrl":"https:\/\/www.panoramamoveis.com.br\/blog-wp\/wp-content\/uploads\/2021\/11\/Panorama-Moveis-click-1-96x96.png"},"web-stories-thumbnail":{"file":"Panorama-Moveis-click-1-150x267.png","width":150,"height":267,"mimeType":"image\/png","sourceUrl":"https:\/\/www.panoramamoveis.com.br\/blog-wp\/wp-content\/uploads\/2021\/11\/Panorama-Moveis-click-1-150x267.png"},"full":{"file":"Panorama-Moveis-click-1.png","width":3240,"height":5760,"mimeType":"image\/png","sourceUrl":"https:\/\/www.panoramamoveis.com.br\/blog-wp\/wp-content\/uploads\/2021\/11\/Panorama-Moveis-click-1.png"}},"isPlaceholder":false,"isOptimized":false,"isMuted":false,"isExternal":false,"provider":"local"},"x":82,"y":-41,"width":56,"height":104,"mask":{"type":"rectangle","showInLibrary":true,"name":"Ret\u00e2ngulo","path":"M 0,0 1,0 1,1 0,1 0,0 Z","ratio":1,"supportsBorder":true},"basedOn":"c3f8539f-a4f0-4f0b-a80a-eb440f257c0a","id":"821eeabc-f102-43e4-9e24-59116833bbd8","type":"image"},{"opacity":100,"flip":{"vertical":false,"horizontal":false},"rotationAngle":0,"lockAspectRatio":true,"backgroundTextMode":"NONE","font":{"family":"Oswald"},"fontSize":28,"backgroundColor":{"color":{"r":196,"g":196,"b":196}},"lineHeight":1.2,"textAlign":"initial","padding":{"locked":true,"hasHiddenPadding":false},"content":"<span style=\"font-weight: 700; color: #eee\">CLIQUE AQUI!<\/span>","borderRadius":{"locked":true,"topLeft":2,"topRight":2,"bottomRight":2,"bottomLeft":2},"x":125,"y":558,"width":161,"height":41,"basedOn":"23a443fc-27b4-4bca-bf25-4761dfc814ec","id":"9946d571-ad4d-41c2-8a09-5b2ec5603cd6","link":{"needsProxy":false,"url":"https:\/\/www.panoramamoveis.com.br\/blog?utm_source=web-stories","rel":[],"icon":"","desc":"Panorama M\u00f3veis: Blog de M\u00f3veis e Artigos Para Decora\u00e7\u00e3o"},"marginOffset":-7.896000000000001,"type":"text"}],"backgroundColor":{"color":{"r":255,"g":255,"b":255}},"animations":[{"targets":["faf3d080-78c9-46d9-a229-0e6051d30e1c"],"id":"0e714ad3-9517-4a78-835e-81e225625284","type":"effect-pulse","scale":0.5,"iterations":1,"duration":1450,"delay":0},{"id":"17d9bb70-0b42-42ef-bc5b-2b70564fc19b","type":"effect-pulse","targets":["9946d571-ad4d-41c2-8a09-5b2ec5603cd6"],"scale":0.5,"iterations":5,"duration":1450,"delay":0}],"type":"page","id":"e28a730a-4392-40fb-9392-e9ed6bef8858","defaultBackgroundElement":{"opacity":100,"flip":{"vertical":false,"horizontal":false},"rotationAngle":0,"lockAspectRatio":true,"x":1,"y":1,"width":1,"height":1,"mask":{"type":"rectangle"},"isBackground":true,"isDefaultBackground":true,"type":"shape","id":"dfb98c8e-8012-4f8c-992a-73f0d8e92a4f"}},{"elements":[{"opacity":100,"flip":{"vertical":false,"horizontal":false},"rotationAngle":0,"lockAspectRatio":true,"x":48,"y":0,"width":330,"height":586,"mask":{"type":"rectangle"},"isBackground":true,"type":"image","id":"9fb73b11-b73e-4d31-9893-73773fb54053","scale":100,"focalX":50,"focalY":50,"resource":{"baseColor":"#dfdedc","blurHash":"U9Q0EpRi-;bw0_xuxatl~WIUkWt7+}xv%Ns;","type":"image","mimeType":"image\/png","creationDate":"2022-07-17T14:12:47.000Z","src":"https:\/\/www.panoramamoveis.com.br\/blog-wp\/wp-content\/uploads\/2022\/07\/ESPELHOS-PG9.png","width":1080,"height":1920,"id":6237,"alt":"ESPELHOS PG9","sizes":{"medium":{"file":"ESPELHOS-PG9-169x300.png","width":169,"height":300,"filesize":50429,"mimeType":"image\/png","sourceUrl":"https:\/\/www.panoramamoveis.com.br\/blog-wp\/wp-content\/uploads\/2022\/07\/ESPELHOS-PG9-169x300.png"},"large":{"file":"ESPELHOS-PG9-576x1024.png","width":576,"height":1024,"filesize":326728,"mimeType":"image\/png","sourceUrl":"https:\/\/www.panoramamoveis.com.br\/blog-wp\/wp-content\/uploads\/2022\/07\/ESPELHOS-PG9-576x1024.png"},"thumbnail":{"file":"ESPELHOS-PG9-150x150.png","width":150,"height":150,"filesize":26568,"mimeType":"image\/png","sourceUrl":"https:\/\/www.panoramamoveis.com.br\/blog-wp\/wp-content\/uploads\/2022\/07\/ESPELHOS-PG9-150x150.png"},"medium_large":{"file":"ESPELHOS-PG9-768x1365.png","width":768,"height":1365,"filesize":688522,"mimeType":"image\/png","sourceUrl":"https:\/\/www.panoramamoveis.com.br\/blog-wp\/wp-content\/uploads\/2022\/07\/ESPELHOS-PG9-768x1365.png"},"1536x1536":{"file":"ESPELHOS-PG9-864x1536.png","width":864,"height":1536,"filesize":603797,"mimeType":"image\/png","sourceUrl":"https:\/\/www.panoramamoveis.com.br\/blog-wp\/wp-content\/uploads\/2022\/07\/ESPELHOS-PG9-864x1536.png"},"web-stories-poster-portrait":{"file":"ESPELHOS-PG9-640x853.png","width":640,"height":853,"filesize":388417,"mimeType":"image\/png","sourceUrl":"https:\/\/www.panoramamoveis.com.br\/blog-wp\/wp-content\/uploads\/2022\/07\/ESPELHOS-PG9-640x853.png"},"web-stories-publisher-logo":{"file":"ESPELHOS-PG9-96x96.png","width":96,"height":96,"filesize":12452,"mimeType":"image\/png","sourceUrl":"https:\/\/www.panoramamoveis.com.br\/blog-wp\/wp-content\/uploads\/2022\/07\/ESPELHOS-PG9-96x96.png"},"web-stories-thumbnail":{"file":"ESPELHOS-PG9-150x267.png","width":150,"height":267,"filesize":40672,"mimeType":"image\/png","sourceUrl":"https:\/\/www.panoramamoveis.com.br\/blog-wp\/wp-content\/uploads\/2022\/07\/ESPELHOS-PG9-150x267.png"},"full":{"file":"ESPELHOS-PG9.png","width":1080,"height":1920,"mimeType":"image\/png","sourceUrl":"https:\/\/www.panoramamoveis.com.br\/blog-wp\/wp-content\/uploads\/2022\/07\/ESPELHOS-PG9.png"}},"isPlaceholder":false,"isOptimized":false,"isMuted":false,"isExternal":false,"needsProxy":false},"basedOn":"75808ddf-12ac-44cb-b520-2a3e88c53ff3","alt":"Sala com sof\u00e1 cinza e 2 espelhos redondos"},{"opacity":100,"flip":{"vertical":false,"horizontal":false},"rotationAngle":0,"lockAspectRatio":true,"backgroundTextMode":"FILL","font":{"family":"Oswald"},"fontSize":24,"backgroundColor":{"color":{"r":255,"g":255,"b":255,"a":0.5}},"lineHeight":1.19,"textAlign":"left","padding":{"locked":true,"hasHiddenPadding":true,"horizontal":8,"vertical":4},"type":"text","content":"<span style=\"font-weight: 700; color: #e23b40\">Com as dicas e sele\u00e7\u00e3o de m\u00f3veis da Panorama M\u00f3veis, voc\u00ea consegue deixar a sua casa exatamente do seu jeito.&nbsp;<\/span>","borderRadius":{"locked":true,"topLeft":2,"topRight":2,"bottomRight":2,"bottomLeft":2},"x":48,"y":327,"width":317,"height":129,"id":"d55968b3-c922-4819-954f-952ca85d62e4","marginOffset":-6.716000000000001},{"opacity":100,"flip":{"vertical":false,"horizontal":false},"rotationAngle":0,"lockAspectRatio":true,"scale":100,"focalX":50,"focalY":50,"resource":{"baseColor":"#e5d4d4","type":"image","mimeType":"image\/png","creationDate":"2021-10-05T06:38:34","src":"https:\/\/www.panoramamoveis.com.br\/blog-wp\/wp-content\/uploads\/2021\/10\/click-aqui.png","width":1080,"height":1080,"id":757,"alt":"click aqui","sizes":{"medium":{"file":"click-aqui-300x300.png","width":300,"height":300,"mimeType":"image\/png","sourceUrl":"https:\/\/www.panoramamoveis.com.br\/blog-wp\/wp-content\/uploads\/2021\/10\/click-aqui-300x300.png"},"large":{"file":"click-aqui-1024x1024.png","width":1024,"height":1024,"mimeType":"image\/png","sourceUrl":"https:\/\/www.panoramamoveis.com.br\/blog-wp\/wp-content\/uploads\/2021\/10\/click-aqui-1024x1024.png"},"thumbnail":{"file":"click-aqui-150x150.png","width":150,"height":150,"mimeType":"image\/png","sourceUrl":"https:\/\/www.panoramamoveis.com.br\/blog-wp\/wp-content\/uploads\/2021\/10\/click-aqui-150x150.png"},"medium_large":{"file":"click-aqui-768x768.png","width":768,"height":768,"mimeType":"image\/png","sourceUrl":"https:\/\/www.panoramamoveis.com.br\/blog-wp\/wp-content\/uploads\/2021\/10\/click-aqui-768x768.png"},"web-stories-poster-portrait":{"file":"click-aqui-640x853.png","width":640,"height":853,"mimeType":"image\/png","sourceUrl":"https:\/\/www.panoramamoveis.com.br\/blog-wp\/wp-content\/uploads\/2021\/10\/click-aqui-640x853.png"},"web-stories-publisher-logo":{"file":"click-aqui-96x96.png","width":96,"height":96,"mimeType":"image\/png","sourceUrl":"https:\/\/www.panoramamoveis.com.br\/blog-wp\/wp-content\/uploads\/2021\/10\/click-aqui-96x96.png"},"web-stories-thumbnail":{"file":"click-aqui-150x150.png","width":150,"height":150,"mimeType":"image\/png","sourceUrl":"https:\/\/www.panoramamoveis.com.br\/blog-wp\/wp-content\/uploads\/2021\/10\/click-aqui-150x150.png"},"full":{"file":"click-aqui.png","width":1080,"height":1080,"mimeType":"image\/png","sourceUrl":"https:\/\/www.panoramamoveis.com.br\/blog-wp\/wp-content\/uploads\/2021\/10\/click-aqui.png"}},"isPlaceholder":false,"isOptimized":false,"isMuted":false,"provider":"local","isExternal":false},"type":"image","width":52,"height":51,"mask":{"type":"rectangle","showInLibrary":true,"name":"Rectangle","path":"M 0,0 1,0 1,1 0,1 0,0 Z","ratio":1,"supportsBorder":true},"basedOn":"ff931274-1fbf-4643-aab1-692e48ab9db7","x":335,"y":487,"id":"b9ae82de-c57f-4987-a4ac-26a9f25c01c3","link":{"url":"https:\/\/www.panoramamoveis.com.br?utm_source=web-stories","icon":"https:\/\/www.panoramamoveis.com.br\/blog-wp\/wp-content\/uploads\/2021\/11\/cropped-cropped-Panorama-03-scaled-3.jpg","desc":"Panorama M\u00f3veis: Loja Online de M\u00f3veis e Decora\u00e7\u00e3o"}},{"opacity":100,"flip":{"vertical":false,"horizontal":false},"rotationAngle":0,"lockAspectRatio":true,"scale":100,"focalX":50,"focalY":50,"resource":{"baseColor":"#d0c1b7","type":"image","mimeType":"image\/png","creationDate":"2021-09-24T21:09:53","src":"https:\/\/www.panoramamoveis.com.br\/blog-wp\/wp-content\/uploads\/2021\/09\/panorama-sem-fundo.png","width":500,"height":500,"id":451,"alt":"panorama sem fundo","sizes":{"medium":{"file":"panorama-sem-fundo-300x300.png","width":300,"height":300,"mimeType":"image\/png","sourceUrl":"https:\/\/www.panoramamoveis.com.br\/blog-wp\/wp-content\/uploads\/2021\/09\/panorama-sem-fundo-300x300.png"},"thumbnail":{"file":"panorama-sem-fundo-150x150.png","width":150,"height":150,"mimeType":"image\/png","sourceUrl":"https:\/\/www.panoramamoveis.com.br\/blog-wp\/wp-content\/uploads\/2021\/09\/panorama-sem-fundo-150x150.png"},"web-stories-publisher-logo":{"file":"panorama-sem-fundo-96x96.png","width":96,"height":96,"mimeType":"image\/png","sourceUrl":"https:\/\/www.panoramamoveis.com.br\/blog-wp\/wp-content\/uploads\/2021\/09\/panorama-sem-fundo-96x96.png"},"web-stories-thumbnail":{"file":"panorama-sem-fundo-150x150.png","width":150,"height":150,"mimeType":"image\/png","sourceUrl":"https:\/\/www.panoramamoveis.com.br\/blog-wp\/wp-content\/uploads\/2021\/09\/panorama-sem-fundo-150x150.png"},"full":{"file":"panorama-sem-fundo.png","width":500,"height":500,"mimeType":"image\/png","sourceUrl":"https:\/\/www.panoramamoveis.com.br\/blog-wp\/wp-content\/uploads\/2021\/09\/panorama-sem-fundo.png"}},"isPlaceholder":false,"isOptimized":false,"isMuted":false,"provider":"local","isExternal":false},"width":203,"height":203,"mask":{"type":"rectangle","showInLibrary":true,"name":"Rectangle","path":"M 0,0 1,0 1,1 0,1 0,0 Z","ratio":1,"supportsBorder":true},"type":"image","basedOn":"afa563fd-7f47-4f20-b23c-97943ac63b40","x":103,"y":472,"id":"e93d8fd0-edf5-47cc-a5fb-d42894479cdb"},{"opacity":100,"flip":{"vertical":false,"horizontal":false},"rotationAngle":0,"lockAspectRatio":true,"backgroundTextMode":"HIGHLIGHT","font":{"family":"Oswald"},"fontSize":24,"backgroundColor":{"color":{"r":163,"g":0,"b":3,"a":0.5}},"lineHeight":1.19,"textAlign":"initial","padding":{"locked":true,"hasHiddenPadding":true,"horizontal":8,"vertical":4},"type":"text","content":"<span style=\"font-weight: 700; color: #fff\">panoramamoveis.com.br<\/span>","borderRadius":{"locked":true,"topLeft":2,"topRight":2,"bottomRight":2,"bottomLeft":2},"x":56,"y":491,"width":258,"height":44,"id":"2a09327b-efa0-40c7-9c4b-d6302b5eec4a","link":{"needsProxy":false,"url":"https:\/\/www.panoramamoveis.com.br?utm_source=web-stories","rel":["noreferrer","noreferrer","noreferrer","noreferrer","noreferrer","noreferrer","noreferrer","noreferrer","noreferrer","noreferrer","noreferrer","noreferrer","noreferrer","noreferrer","noreferrer","noreferrer","noreferrer","noreferrer","noreferrer","noreferrer","noreferrer","noreferrer","noreferrer","noreferrer","noreferrer","noreferrer","noreferrer","noreferrer","noreferrer","noreferrer","noreferrer","noreferrer","noreferrer","noreferrer","noreferrer","noreferrer","noreferrer","noreferrer","noreferrer","noreferrer","noreferrer","noreferrer","noreferrer","noreferrer","noreferrer","noreferrer","noreferrer","noreferrer","noreferrer","noreferrer","noreferrer","noreferrer","noreferrer","noreferrer","noreferrer","noreferrer","noreferrer","noreferrer","noreferrer","noreferrer","noreferrer","noreferrer","noreferrer","noreferrer","noreferrer","noreferrer","noreferrer","noreferrer","noreferrer","noreferrer","noreferrer","noreferrer","noreferrer","noreferrer","noreferrer","noreferrer","noreferrer","noreferrer","noreferrer","noreferrer","noreferrer","noreferrer","noreferrer","noreferrer","noreferrer","noreferrer","noreferrer","noreferrer","noreferrer","noreferrer","noreferrer","noreferrer","noreferrer","noreferrer","noreferrer","noreferrer","noreferrer","noreferrer","noreferrer","noreferrer","noreferrer","noreferrer","noreferrer","noreferrer","noreferrer","noreferrer","noreferrer","noreferrer","noreferrer","noreferrer","noreferrer","noreferrer","noreferrer","noreferrer","noreferrer","noreferrer","noreferrer","noreferrer","noreferrer","noreferrer","noreferrer","noreferrer","noreferrer","noreferrer","noreferrer","noreferrer","noreferrer","noreferrer","noreferrer","noreferrer","noreferrer","noreferrer","noreferrer","noreferrer","noreferrer","noreferrer","noreferrer","noreferrer","noreferrer","noreferrer","noreferrer","noreferrer","noreferrer","noreferrer","noreferrer","noreferrer","noreferrer","noreferrer","noreferrer","noreferrer","noreferrer","noreferrer","noreferrer","noreferrer","noreferrer","noreferrer","noreferrer","noreferrer","noreferrer","noreferrer","noreferrer","noreferrer","noreferrer","noreferrer","noreferrer","noreferrer","noreferrer","noreferrer","noreferrer","noreferrer","noreferrer","noreferrer","noreferrer","noreferrer","noreferrer","noreferrer","noreferrer","noreferrer","noreferrer","noreferrer","noreferrer","noreferrer","noreferrer","noreferrer","noreferrer","noreferrer","noreferrer","noreferrer","noreferrer","noreferrer","noreferrer","noreferrer","noreferrer","noreferrer","noreferrer","noreferrer","noreferrer","noreferrer","noreferrer","noreferrer","noreferrer","noreferrer","noreferrer","noreferrer","noreferrer","noreferrer","noreferrer","noreferrer","noreferrer","noreferrer","noreferrer","noreferrer","noreferrer","noreferrer","noreferrer","noreferrer","noreferrer","noreferrer","noreferrer","noreferrer","noreferrer","noreferrer","noreferrer","noreferrer","noreferrer","noreferrer","noreferrer","noreferrer","noreferrer","noreferrer","noreferrer","noreferrer","noreferrer","noreferrer","noreferrer","noreferrer","noreferrer","noreferrer","noreferrer","noreferrer","noreferrer","noreferrer","noreferrer","noreferrer","noreferrer","noreferrer","noreferrer","noreferrer","noreferrer","noreferrer","noreferrer","noreferrer","noreferrer","noreferrer","noreferrer","noreferrer","noreferrer","noreferrer","noreferrer","noreferrer","noreferrer","noreferrer","noreferrer","noreferrer","noreferrer","noreferrer","noreferrer","noreferrer","noreferrer","noreferrer","noreferrer","noreferrer","noreferrer","noreferrer","noreferrer","noreferrer","noreferrer","noreferrer","noreferrer","noreferrer","noreferrer","noreferrer","noreferrer","noreferrer","noreferrer","noreferrer","noreferrer","noreferrer","noreferrer","noreferrer","noreferrer","noreferrer","noreferrer","noreferrer","noreferrer","noreferrer","noreferrer","noreferrer","noreferrer","noreferrer","noreferrer","noreferrer","noreferrer","noreferrer","noreferrer","noreferrer","noreferrer","noreferrer","noreferrer","noreferrer","noreferrer","noreferrer","noreferrer","noreferrer","noreferrer","noreferrer","noreferrer","noreferrer","noreferrer","noreferrer","noreferrer","noreferrer","noreferrer","noreferrer","noreferrer","noreferrer","noreferrer","noreferrer","noreferrer","noreferrer","noreferrer","noreferrer","noreferrer","noreferrer","noreferrer","noreferrer","noreferrer","noreferrer","noreferrer","noreferrer","noreferrer","noreferrer","noreferrer","noreferrer","noreferrer","noreferrer","noreferrer","noreferrer","noreferrer","noreferrer","noreferrer","noreferrer","noreferrer","noreferrer","noreferrer","noreferrer","noreferrer","noreferrer","noreferrer","noreferrer","noreferrer","noreferrer","noreferrer","noreferrer","noreferrer","noreferrer","noreferrer","noreferrer","noreferrer","noreferrer","noreferrer","noreferrer","noreferrer","noreferrer","noreferrer","noreferrer","noreferrer","noreferrer","noreferrer","noreferrer","noreferrer","noreferrer","noreferrer","noreferrer","noreferrer","noreferrer","noreferrer","noreferrer","noreferrer","noreferrer","noreferrer","noreferrer","noreferrer","noreferrer","noreferrer","noreferrer","noreferrer","noreferrer","noreferrer","noreferrer","noreferrer","noreferrer","noreferrer","noreferrer","noreferrer","noreferrer","noreferrer","noreferrer","noreferrer","noreferrer","noreferrer","noreferrer","noreferrer","noreferrer","noreferrer","noreferrer","noreferrer","noreferrer","noreferrer","noreferrer","noreferrer","noreferrer","noreferrer","noreferrer","noreferrer","noreferrer","noreferrer","noreferrer","noreferrer","noreferrer","noreferrer","noreferrer","noreferrer","noreferrer","noreferrer","noreferrer","noreferrer","noreferrer","noreferrer","noreferrer","noreferrer","noreferrer","noreferrer","noreferrer","noreferrer","noreferrer","noreferrer","noreferrer","noreferrer","noreferrer","noreferrer","noreferrer","noreferrer","noreferrer","noreferrer","noreferrer","noreferrer","noreferrer","noreferrer","noreferrer","noreferrer","noreferrer","noreferrer","noreferrer","noreferrer","noreferrer","noreferrer","noreferrer","noreferrer","noreferrer","noreferrer","noreferrer","noreferrer","noreferrer","noreferrer","noreferrer","noreferrer","noreferrer","noreferrer","noreferrer","noreferrer","noreferrer","noreferrer","noreferrer","noreferrer","noreferrer","noreferrer","noreferrer","noreferrer","noreferrer","noreferrer","noreferrer","noreferrer","noreferrer","noreferrer","noreferrer","noreferrer","noreferrer","noreferrer","noreferrer","noreferrer","noreferrer","noreferrer","noreferrer","noreferrer","noreferrer","noreferrer","noreferrer","noreferrer","noreferrer","noreferrer","noreferrer","noreferrer","noreferrer","noreferrer","noreferrer","noreferrer","noreferrer","noreferrer","noreferrer","noreferrer","noreferrer","noreferrer","noreferrer","noreferrer","noreferrer","noreferrer","noreferrer","noreferrer","noreferrer","noreferrer"],"icon":"https:\/\/www.panoramamoveis.com.br\/blog-wp\/wp-content\/uploads\/2021\/11\/cropped-cropped-Panorama-03-scaled-3.jpg","desc":"Panorama M\u00f3veis: Loja Online de M\u00f3veis e Decora\u00e7\u00e3o"},"marginOffset":-7.299999999999997}],"animations":[{"targets":["b9ae82de-c57f-4987-a4ac-26a9f25c01c3"],"id":"f5ee1159-47f4-4ece-b5dd-055da9f0a501","type":"effect-pulse","scale":0.5,"iterations":1,"duration":1450,"delay":0},{"id":"eee5fa4d-bff0-43eb-b28b-b867a247dc1f","type":"effect-whoosh-in","whooshInDir":"leftToRight","duration":600,"delay":0,"targets":["2a09327b-efa0-40c7-9c4b-d6302b5eec4a"]}],"backgroundColor":{"color":{"r":255,"g":255,"b":255}},"type":"page","id":"cf3f0ee3-4f14-4a21-b304-7d1029fa044c","defaultBackgroundElement":{"opacity":100,"flip":{"vertical":false,"horizontal":false},"rotationAngle":0,"lockAspectRatio":true,"x":1,"y":1,"width":1,"height":1,"mask":{"type":"rectangle"},"isBackground":true,"isDefaultBackground":true,"type":"shape","id":"a8c80173-9ac5-4023-87d5-f08fb27f6c35"}},{"elements":[{"opacity":100,"flip":{"vertical":false,"horizontal":false},"rotationAngle":0,"lockAspectRatio":true,"x":48,"y":0,"width":330,"height":586,"mask":{"type":"rectangle"},"isBackground":true,"type":"image","id":"1628da2f-0e99-4b22-9066-ceb9012f2f56","scale":100,"focalX":50,"focalY":50,"resource":{"baseColor":"#aa0404","type":"image","mimeType":"image\/jpeg","creationDate":"2021-12-15T19:42:20","src":"https:\/\/www.panoramamoveis.com.br\/blog-wp\/wp-content\/uploads\/2021\/12\/Panorama-escrivaninha-9.jpg","width":1080,"height":1920,"id":3286,"alt":"Panorama escrivaninha (9)","sizes":{"medium":{"file":"Panorama-escrivaninha-9-169x300.jpg","width":169,"height":300,"mimeType":"image\/jpeg","sourceUrl":"https:\/\/www.panoramamoveis.com.br\/blog-wp\/wp-content\/uploads\/2021\/12\/Panorama-escrivaninha-9-169x300.jpg"},"large":{"file":"Panorama-escrivaninha-9-576x1024.jpg","width":576,"height":1024,"mimeType":"image\/jpeg","sourceUrl":"https:\/\/www.panoramamoveis.com.br\/blog-wp\/wp-content\/uploads\/2021\/12\/Panorama-escrivaninha-9-576x1024.jpg"},"thumbnail":{"file":"Panorama-escrivaninha-9-150x150.jpg","width":150,"height":150,"mimeType":"image\/jpeg","sourceUrl":"https:\/\/www.panoramamoveis.com.br\/blog-wp\/wp-content\/uploads\/2021\/12\/Panorama-escrivaninha-9-150x150.jpg"},"medium_large":{"file":"Panorama-escrivaninha-9-768x1365.jpg","width":768,"height":1365,"mimeType":"image\/jpeg","sourceUrl":"https:\/\/www.panoramamoveis.com.br\/blog-wp\/wp-content\/uploads\/2021\/12\/Panorama-escrivaninha-9-768x1365.jpg"},"1536x1536":{"file":"Panorama-escrivaninha-9-864x1536.jpg","width":864,"height":1536,"mimeType":"image\/jpeg","sourceUrl":"https:\/\/www.panoramamoveis.com.br\/blog-wp\/wp-content\/uploads\/2021\/12\/Panorama-escrivaninha-9-864x1536.jpg"},"web-stories-poster-portrait":{"file":"Panorama-escrivaninha-9-640x853.jpg","width":640,"height":853,"mimeType":"image\/jpeg","sourceUrl":"https:\/\/www.panoramamoveis.com.br\/blog-wp\/wp-content\/uploads\/2021\/12\/Panorama-escrivaninha-9-640x853.jpg"},"web-stories-publisher-logo":{"file":"Panorama-escrivaninha-9-96x96.jpg","width":96,"height":96,"mimeType":"image\/jpeg","sourceUrl":"https:\/\/www.panoramamoveis.com.br\/blog-wp\/wp-content\/uploads\/2021\/12\/Panorama-escrivaninha-9-96x96.jpg"},"web-stories-thumbnail":{"file":"Panorama-escrivaninha-9-150x267.jpg","width":150,"height":267,"mimeType":"image\/jpeg","sourceUrl":"https:\/\/www.panoramamoveis.com.br\/blog-wp\/wp-content\/uploads\/2021\/12\/Panorama-escrivaninha-9-150x267.jpg"},"full":{"file":"Panorama-escrivaninha-9.jpg","width":1080,"height":1920,"mimeType":"image\/jpeg","sourceUrl":"https:\/\/www.panoramamoveis.com.br\/blog-wp\/wp-content\/uploads\/2021\/12\/Panorama-escrivaninha-9.jpg"}},"isPlaceholder":false,"isOptimized":false,"isMuted":false,"isExternal":false,"needsProxy":false,"provider":"local"},"basedOn":"75808ddf-12ac-44cb-b520-2a3e88c53ff3","alt":"p\u00e1gina com as Redes Sociais da Panorama Moveis"},{"opacity":100,"flip":{"vertical":false,"horizontal":false},"rotationAngle":0,"lockAspectRatio":true,"scale":100,"focalX":50,"focalY":50,"resource":{"baseColor":"#d0c1b7","type":"image","mimeType":"image\/png","creationDate":"2021-09-24T21:09:53","src":"https:\/\/www.panoramamoveis.com.br\/blog-wp\/wp-content\/uploads\/2021\/09\/panorama-sem-fundo.png","width":500,"height":500,"id":451,"alt":"panorama sem fundo","sizes":{"medium":{"file":"panorama-sem-fundo-300x300.png","width":300,"height":300,"mimeType":"image\/png","sourceUrl":"https:\/\/www.panoramamoveis.com.br\/blog-wp\/wp-content\/uploads\/2021\/09\/panorama-sem-fundo-300x300.png"},"thumbnail":{"file":"panorama-sem-fundo-150x150.png","width":150,"height":150,"mimeType":"image\/png","sourceUrl":"https:\/\/www.panoramamoveis.com.br\/blog-wp\/wp-content\/uploads\/2021\/09\/panorama-sem-fundo-150x150.png"},"web-stories-publisher-logo":{"file":"panorama-sem-fundo-96x96.png","width":96,"height":96,"mimeType":"image\/png","sourceUrl":"https:\/\/www.panoramamoveis.com.br\/blog-wp\/wp-content\/uploads\/2021\/09\/panorama-sem-fundo-96x96.png"},"web-stories-thumbnail":{"file":"panorama-sem-fundo-150x150.png","width":150,"height":150,"mimeType":"image\/png","sourceUrl":"https:\/\/www.panoramamoveis.com.br\/blog-wp\/wp-content\/uploads\/2021\/09\/panorama-sem-fundo-150x150.png"},"full":{"file":"panorama-sem-fundo.png","width":500,"height":500,"mimeType":"image\/png","sourceUrl":"https:\/\/www.panoramamoveis.com.br\/blog-wp\/wp-content\/uploads\/2021\/09\/panorama-sem-fundo.png"}},"isPlaceholder":false,"isOptimized":false,"isMuted":false,"provider":"local","isExternal":false},"width":221,"height":221,"mask":{"type":"rectangle","showInLibrary":true,"name":"Rectangle","path":"M 0,0 1,0 1,1 0,1 0,0 Z","ratio":1,"supportsBorder":true},"type":"image","basedOn":"7ba25700-0940-4984-8a68-260461f0cada","x":93,"y":473,"link":null,"id":"35f0f6c3-9f2b-45cf-aba7-b81f2778a037"},{"opacity":100,"flip":{"vertical":false,"horizontal":false},"rotationAngle":0,"lockAspectRatio":true,"backgroundTextMode":"FILL","font":{"family":"Anton"},"fontSize":30,"backgroundColor":{"color":{"r":255,"g":255,"b":255,"a":0.5}},"lineHeight":1.19,"textAlign":"center","padding":{"locked":true,"hasHiddenPadding":true,"horizontal":8,"vertical":4},"type":"text","content":"<span style=\"color: #e23b40\">CLIQUE E&nbsp;<\/span>\n<span style=\"color: #e23b40\">CONFIRA AS&nbsp;<\/span>\n<span style=\"color: #e23b40\">REDES SOCIAIS DA PANORAMA M\u00d3VEIS<\/span>","borderRadius":{"locked":true,"topLeft":2,"topRight":2,"bottomRight":2,"bottomLeft":2},"x":48,"y":0,"width":313,"height":162,"id":"119e1913-6e36-4bbb-b2b4-4fde3e39d283"},{"opacity":100,"flip":{"vertical":false,"horizontal":false},"rotationAngle":0,"lockAspectRatio":true,"scale":102.82759885554987,"focalX":48.6250778550601,"focalY":49.90738890551466,"resource":{"baseColor":"#f9f6f4","type":"image","mimeType":"image\/png","creationDate":"2021-11-05T00:41:18","src":"https:\/\/www.panoramamoveis.com.br\/blog-wp\/wp-content\/uploads\/2021\/11\/INSTAGRAM.png","width":3240,"height":5760,"id":1839,"alt":"INSTAGRAM","sizes":{"medium":{"file":"INSTAGRAM-169x300.png","width":169,"height":300,"mimeType":"image\/png","sourceUrl":"https:\/\/www.panoramamoveis.com.br\/blog-wp\/wp-content\/uploads\/2021\/11\/INSTAGRAM-169x300.png"},"large":{"file":"INSTAGRAM-576x1024.png","width":576,"height":1024,"mimeType":"image\/png","sourceUrl":"https:\/\/www.panoramamoveis.com.br\/blog-wp\/wp-content\/uploads\/2021\/11\/INSTAGRAM-576x1024.png"},"thumbnail":{"file":"INSTAGRAM-150x150.png","width":150,"height":150,"mimeType":"image\/png","sourceUrl":"https:\/\/www.panoramamoveis.com.br\/blog-wp\/wp-content\/uploads\/2021\/11\/INSTAGRAM-150x150.png"},"medium_large":{"file":"INSTAGRAM-768x1365.png","width":768,"height":1365,"mimeType":"image\/png","sourceUrl":"https:\/\/www.panoramamoveis.com.br\/blog-wp\/wp-content\/uploads\/2021\/11\/INSTAGRAM-768x1365.png"},"1536x1536":{"file":"INSTAGRAM-864x1536.png","width":864,"height":1536,"mimeType":"image\/png","sourceUrl":"https:\/\/www.panoramamoveis.com.br\/blog-wp\/wp-content\/uploads\/2021\/11\/INSTAGRAM-864x1536.png"},"2048x2048":{"file":"INSTAGRAM-1152x2048.png","width":1152,"height":2048,"mimeType":"image\/png","sourceUrl":"https:\/\/www.panoramamoveis.com.br\/blog-wp\/wp-content\/uploads\/2021\/11\/INSTAGRAM-1152x2048.png"},"post-thumbnail":{"file":"INSTAGRAM-1200x2133.png","width":1200,"height":2133,"mimeType":"image\/png","sourceUrl":"https:\/\/www.panoramamoveis.com.br\/blog-wp\/wp-content\/uploads\/2021\/11\/INSTAGRAM-1200x2133.png"},"twentytwenty-fullscreen":{"file":"INSTAGRAM-1980x3520.png","width":1980,"height":3520,"mimeType":"image\/png","sourceUrl":"https:\/\/www.panoramamoveis.com.br\/blog-wp\/wp-content\/uploads\/2021\/11\/INSTAGRAM-1980x3520.png"},"web-stories-poster-portrait":{"file":"INSTAGRAM-640x853.png","width":640,"height":853,"mimeType":"image\/png","sourceUrl":"https:\/\/www.panoramamoveis.com.br\/blog-wp\/wp-content\/uploads\/2021\/11\/INSTAGRAM-640x853.png"},"web-stories-publisher-logo":{"file":"INSTAGRAM-96x96.png","width":96,"height":96,"mimeType":"image\/png","sourceUrl":"https:\/\/www.panoramamoveis.com.br\/blog-wp\/wp-content\/uploads\/2021\/11\/INSTAGRAM-96x96.png"},"web-stories-thumbnail":{"file":"INSTAGRAM-150x267.png","width":150,"height":267,"mimeType":"image\/png","sourceUrl":"https:\/\/www.panoramamoveis.com.br\/blog-wp\/wp-content\/uploads\/2021\/11\/INSTAGRAM-150x267.png"},"full":{"file":"INSTAGRAM.png","width":3240,"height":5760,"mimeType":"image\/png","sourceUrl":"https:\/\/www.panoramamoveis.com.br\/blog-wp\/wp-content\/uploads\/2021\/11\/INSTAGRAM.png"}},"isPlaceholder":false,"isOptimized":false,"isMuted":false,"isExternal":false,"provider":"local"},"type":"image","x":159,"y":271,"width":62,"height":78,"mask":{"type":"rectangle","showInLibrary":true,"name":"Ret\u00e2ngulo","path":"M 0,0 1,0 1,1 0,1 0,0 Z","ratio":1,"supportsBorder":true},"id":"d9674f81-16f1-444d-bf9a-de9a7a788d29","resizeWidth":177.203,"resizeHeight":221.82524,"link":{"url":"https:\/\/www.instagram.com\/panoramamoveis\/ ","icon":null,"desc":null}},{"opacity":100,"flip":{"vertical":false,"horizontal":false},"rotationAngle":0,"lockAspectRatio":true,"scale":100,"focalX":50,"focalY":50,"resource":{"baseColor":"#343333","type":"image","mimeType":"image\/png","creationDate":"2021-11-05T00:52:33","src":"https:\/\/www.panoramamoveis.com.br\/blog-wp\/wp-content\/uploads\/2021\/11\/FACEBOOK.png","width":3240,"height":5760,"id":1850,"alt":"FACEBOOK","sizes":{"medium":{"file":"FACEBOOK-169x300.png","width":169,"height":300,"mimeType":"image\/png","sourceUrl":"https:\/\/www.panoramamoveis.com.br\/blog-wp\/wp-content\/uploads\/2021\/11\/FACEBOOK-169x300.png"},"large":{"file":"FACEBOOK-576x1024.png","width":576,"height":1024,"mimeType":"image\/png","sourceUrl":"https:\/\/www.panoramamoveis.com.br\/blog-wp\/wp-content\/uploads\/2021\/11\/FACEBOOK-576x1024.png"},"thumbnail":{"file":"FACEBOOK-150x150.png","width":150,"height":150,"mimeType":"image\/png","sourceUrl":"https:\/\/www.panoramamoveis.com.br\/blog-wp\/wp-content\/uploads\/2021\/11\/FACEBOOK-150x150.png"},"medium_large":{"file":"FACEBOOK-768x1365.png","width":768,"height":1365,"mimeType":"image\/png","sourceUrl":"https:\/\/www.panoramamoveis.com.br\/blog-wp\/wp-content\/uploads\/2021\/11\/FACEBOOK-768x1365.png"},"1536x1536":{"file":"FACEBOOK-864x1536.png","width":864,"height":1536,"mimeType":"image\/png","sourceUrl":"https:\/\/www.panoramamoveis.com.br\/blog-wp\/wp-content\/uploads\/2021\/11\/FACEBOOK-864x1536.png"},"2048x2048":{"file":"FACEBOOK-1152x2048.png","width":1152,"height":2048,"mimeType":"image\/png","sourceUrl":"https:\/\/www.panoramamoveis.com.br\/blog-wp\/wp-content\/uploads\/2021\/11\/FACEBOOK-1152x2048.png"},"post-thumbnail":{"file":"FACEBOOK-1200x2133.png","width":1200,"height":2133,"mimeType":"image\/png","sourceUrl":"https:\/\/www.panoramamoveis.com.br\/blog-wp\/wp-content\/uploads\/2021\/11\/FACEBOOK-1200x2133.png"},"twentytwenty-fullscreen":{"file":"FACEBOOK-1980x3520.png","width":1980,"height":3520,"mimeType":"image\/png","sourceUrl":"https:\/\/www.panoramamoveis.com.br\/blog-wp\/wp-content\/uploads\/2021\/11\/FACEBOOK-1980x3520.png"},"web-stories-poster-portrait":{"file":"FACEBOOK-640x853.png","width":640,"height":853,"mimeType":"image\/png","sourceUrl":"https:\/\/www.panoramamoveis.com.br\/blog-wp\/wp-content\/uploads\/2021\/11\/FACEBOOK-640x853.png"},"web-stories-publisher-logo":{"file":"FACEBOOK-96x96.png","width":96,"height":96,"mimeType":"image\/png","sourceUrl":"https:\/\/www.panoramamoveis.com.br\/blog-wp\/wp-content\/uploads\/2021\/11\/FACEBOOK-96x96.png"},"web-stories-thumbnail":{"file":"FACEBOOK-150x267.png","width":150,"height":267,"mimeType":"image\/png","sourceUrl":"https:\/\/www.panoramamoveis.com.br\/blog-wp\/wp-content\/uploads\/2021\/11\/FACEBOOK-150x267.png"},"full":{"file":"FACEBOOK.png","width":3240,"height":5760,"mimeType":"image\/png","sourceUrl":"https:\/\/www.panoramamoveis.com.br\/blog-wp\/wp-content\/uploads\/2021\/11\/FACEBOOK.png"}},"isPlaceholder":false,"isOptimized":false,"isMuted":false,"isExternal":false,"provider":"local"},"type":"image","x":157,"y":151,"width":65,"height":111,"mask":{"type":"rectangle","showInLibrary":true,"name":"Ret\u00e2ngulo","path":"M 0,0 1,0 1,1 0,1 0,0 Z","ratio":1,"supportsBorder":true},"id":"ecdffeef-58af-4079-9d6f-1d2c5968736b","link":{"url":"https:\/\/www.facebook.com\/Panoramamoveis\/","icon":"https:\/\/www.panoramamoveis.com.br\/blog-wp\/wp-content\/uploads\/2021\/11\/cropped-Panorama-03-scaled-3.jpg","desc":"Facebook"}},{"opacity":100,"flip":{"vertical":false,"horizontal":false},"rotationAngle":0,"lockAspectRatio":false,"scale":100,"focalX":50,"focalY":50,"resource":{"baseColor":"#ffffff","type":"image","mimeType":"image\/png","creationDate":"2021-11-05T00:41:28","src":"https:\/\/www.panoramamoveis.com.br\/blog-wp\/wp-content\/uploads\/2021\/11\/PINTEREST.png","width":3240,"height":5760,"id":1840,"alt":"PINTEREST","sizes":{"medium":{"file":"PINTEREST-169x300.png","width":169,"height":300,"mimeType":"image\/png","sourceUrl":"https:\/\/www.panoramamoveis.com.br\/blog-wp\/wp-content\/uploads\/2021\/11\/PINTEREST-169x300.png"},"large":{"file":"PINTEREST-576x1024.png","width":576,"height":1024,"mimeType":"image\/png","sourceUrl":"https:\/\/www.panoramamoveis.com.br\/blog-wp\/wp-content\/uploads\/2021\/11\/PINTEREST-576x1024.png"},"thumbnail":{"file":"PINTEREST-150x150.png","width":150,"height":150,"mimeType":"image\/png","sourceUrl":"https:\/\/www.panoramamoveis.com.br\/blog-wp\/wp-content\/uploads\/2021\/11\/PINTEREST-150x150.png"},"medium_large":{"file":"PINTEREST-768x1365.png","width":768,"height":1365,"mimeType":"image\/png","sourceUrl":"https:\/\/www.panoramamoveis.com.br\/blog-wp\/wp-content\/uploads\/2021\/11\/PINTEREST-768x1365.png"},"1536x1536":{"file":"PINTEREST-864x1536.png","width":864,"height":1536,"mimeType":"image\/png","sourceUrl":"https:\/\/www.panoramamoveis.com.br\/blog-wp\/wp-content\/uploads\/2021\/11\/PINTEREST-864x1536.png"},"2048x2048":{"file":"PINTEREST-1152x2048.png","width":1152,"height":2048,"mimeType":"image\/png","sourceUrl":"https:\/\/www.panoramamoveis.com.br\/blog-wp\/wp-content\/uploads\/2021\/11\/PINTEREST-1152x2048.png"},"post-thumbnail":{"file":"PINTEREST-1200x2133.png","width":1200,"height":2133,"mimeType":"image\/png","sourceUrl":"https:\/\/www.panoramamoveis.com.br\/blog-wp\/wp-content\/uploads\/2021\/11\/PINTEREST-1200x2133.png"},"twentytwenty-fullscreen":{"file":"PINTEREST-1980x3520.png","width":1980,"height":3520,"mimeType":"image\/png","sourceUrl":"https:\/\/www.panoramamoveis.com.br\/blog-wp\/wp-content\/uploads\/2021\/11\/PINTEREST-1980x3520.png"},"web-stories-poster-portrait":{"file":"PINTEREST-640x853.png","width":640,"height":853,"mimeType":"image\/png","sourceUrl":"https:\/\/www.panoramamoveis.com.br\/blog-wp\/wp-content\/uploads\/2021\/11\/PINTEREST-640x853.png"},"web-stories-publisher-logo":{"file":"PINTEREST-96x96.png","width":96,"height":96,"mimeType":"image\/png","sourceUrl":"https:\/\/www.panoramamoveis.com.br\/blog-wp\/wp-content\/uploads\/2021\/11\/PINTEREST-96x96.png"},"web-stories-thumbnail":{"file":"PINTEREST-150x267.png","width":150,"height":267,"mimeType":"image\/png","sourceUrl":"https:\/\/www.panoramamoveis.com.br\/blog-wp\/wp-content\/uploads\/2021\/11\/PINTEREST-150x267.png"},"full":{"file":"PINTEREST.png","width":3240,"height":5760,"mimeType":"image\/png","sourceUrl":"https:\/\/www.panoramamoveis.com.br\/blog-wp\/wp-content\/uploads\/2021\/11\/PINTEREST.png"}},"isPlaceholder":false,"isOptimized":false,"isMuted":false,"isExternal":false,"provider":"local"},"type":"image","x":160,"y":359,"width":61,"height":97,"mask":{"type":"rectangle","showInLibrary":true,"name":"Ret\u00e2ngulo","path":"M 0,0 1,0 1,1 0,1 0,0 Z","ratio":1,"supportsBorder":true},"id":"06e3e78d-2ac9-4d6a-8a24-73b6ea35f6a5","link":{"url":"https:\/\/br.pinterest.com\/panoramamoveis\/_shop\/ ","icon":null,"desc":null}},{"opacity":100,"flip":{"vertical":false,"horizontal":false},"rotationAngle":0,"lockAspectRatio":true,"backgroundTextMode":"FILL","font":{"family":"Roboto"},"fontSize":20,"backgroundColor":{"color":{"r":163,"g":0,"b":3,"a":1}},"lineHeight":1.2,"textAlign":"center","padding":{"locked":true,"hasHiddenPadding":true,"horizontal":8,"vertical":4},"type":"text","content":"<span style=\"font-weight: 700; color: #fff\">CONTE\u00daDO PARA VOC\u00ca TRANSFORMAR TODA A SUA CASA<\/span>","borderRadius":{"locked":true,"topLeft":2,"topRight":2,"bottomRight":2,"bottomLeft":2},"x":38,"y":466,"width":326,"height":79,"id":"95494a0a-d0a6-41e1-9b1b-3c6e7d42a128"}],"animations":[],"backgroundColor":{"color":{"r":255,"g":255,"b":255}},"type":"page","id":"ed2148c0-dd36-4583-9881-6e026d7c8ebd","defaultBackgroundElement":{"opacity":100,"flip":{"vertical":false,"horizontal":false},"rotationAngle":0,"lockAspectRatio":true,"x":1,"y":1,"width":1,"height":1,"mask":{"type":"rectangle"},"isBackground":true,"isDefaultBackground":true,"type":"shape","id":"a8c80173-9ac5-4023-87d5-f08fb27f6c35"}},{"elements":[{"opacity":100,"flip":{"vertical":false,"horizontal":false},"rotationAngle":0,"lockAspectRatio":true,"x":48,"y":0,"width":330,"height":586,"mask":{"type":"rectangle"},"isBackground":true,"type":"image","id":"edc5d4dd-104c-46e2-8704-456eea40e721","scale":100,"focalX":50,"focalY":50,"resource":{"baseColor":"#aa0404","type":"image","mimeType":"image\/jpeg","creationDate":"2021-12-15T19:42:20","src":"https:\/\/www.panoramamoveis.com.br\/blog-wp\/wp-content\/uploads\/2021\/12\/Panorama-escrivaninha-9.jpg","width":1080,"height":1920,"id":3286,"alt":"Panorama escrivaninha (9)","sizes":{"medium":{"file":"Panorama-escrivaninha-9-169x300.jpg","width":169,"height":300,"mimeType":"image\/jpeg","sourceUrl":"https:\/\/www.panoramamoveis.com.br\/blog-wp\/wp-content\/uploads\/2021\/12\/Panorama-escrivaninha-9-169x300.jpg"},"large":{"file":"Panorama-escrivaninha-9-576x1024.jpg","width":576,"height":1024,"mimeType":"image\/jpeg","sourceUrl":"https:\/\/www.panoramamoveis.com.br\/blog-wp\/wp-content\/uploads\/2021\/12\/Panorama-escrivaninha-9-576x1024.jpg"},"thumbnail":{"file":"Panorama-escrivaninha-9-150x150.jpg","width":150,"height":150,"mimeType":"image\/jpeg","sourceUrl":"https:\/\/www.panoramamoveis.com.br\/blog-wp\/wp-content\/uploads\/2021\/12\/Panorama-escrivaninha-9-150x150.jpg"},"medium_large":{"file":"Panorama-escrivaninha-9-768x1365.jpg","width":768,"height":1365,"mimeType":"image\/jpeg","sourceUrl":"https:\/\/www.panoramamoveis.com.br\/blog-wp\/wp-content\/uploads\/2021\/12\/Panorama-escrivaninha-9-768x1365.jpg"},"1536x1536":{"file":"Panorama-escrivaninha-9-864x1536.jpg","width":864,"height":1536,"mimeType":"image\/jpeg","sourceUrl":"https:\/\/www.panoramamoveis.com.br\/blog-wp\/wp-content\/uploads\/2021\/12\/Panorama-escrivaninha-9-864x1536.jpg"},"web-stories-poster-portrait":{"file":"Panorama-escrivaninha-9-640x853.jpg","width":640,"height":853,"mimeType":"image\/jpeg","sourceUrl":"https:\/\/www.panoramamoveis.com.br\/blog-wp\/wp-content\/uploads\/2021\/12\/Panorama-escrivaninha-9-640x853.jpg"},"web-stories-publisher-logo":{"file":"Panorama-escrivaninha-9-96x96.jpg","width":96,"height":96,"mimeType":"image\/jpeg","sourceUrl":"https:\/\/www.panoramamoveis.com.br\/blog-wp\/wp-content\/uploads\/2021\/12\/Panorama-escrivaninha-9-96x96.jpg"},"web-stories-thumbnail":{"file":"Panorama-escrivaninha-9-150x267.jpg","width":150,"height":267,"mimeType":"image\/jpeg","sourceUrl":"https:\/\/www.panoramamoveis.com.br\/blog-wp\/wp-content\/uploads\/2021\/12\/Panorama-escrivaninha-9-150x267.jpg"},"full":{"file":"Panorama-escrivaninha-9.jpg","width":1080,"height":1920,"mimeType":"image\/jpeg","sourceUrl":"https:\/\/www.panoramamoveis.com.br\/blog-wp\/wp-content\/uploads\/2021\/12\/Panorama-escrivaninha-9.jpg"}},"isPlaceholder":false,"isOptimized":false,"isMuted":false,"isExternal":false,"needsProxy":false,"provider":"local"}},{"opacity":100,"flip":{"vertical":false,"horizontal":false},"rotationAngle":0,"lockAspectRatio":true,"backgroundTextMode":"NONE","font":{"family":"Anton"},"fontSize":40,"backgroundColor":{"color":{"r":196,"g":196,"b":196}},"lineHeight":1,"textAlign":"center","padding":{"horizontal":0,"vertical":0},"width":300,"height":140,"content":"<span style=\"color: #e23b40\">Voc\u00ea tamb\u00e9m pode gostar desses artigos:&nbsp;<\/span>","type":"text","marginOffset":0,"basedOn":"ea464837-bf0a-41b7-b279-dd02dd565399","x":56,"y":8,"id":"12cac4a5-6139-4484-a353-9f265d6930f8","link":null},{"opacity":100,"flip":{"vertical":false,"horizontal":false},"rotationAngle":0,"lockAspectRatio":true,"scale":100,"focalX":50,"focalY":50,"resource":{"baseColor":"#baab9f","blurHash":"U7LNPl004TIo_NW.wzxY00%2tlM{RqM{E1xu","type":"image","mimeType":"image\/png","creationDate":"2022-06-27T23:27:51","src":"https:\/\/www.panoramamoveis.com.br\/blog-wp\/wp-content\/uploads\/2022\/06\/DECORAC\u0327A\u0303O-DE-PAREDE-.png","width":640,"height":853,"id":5941,"alt":"DECORAC\u0327A\u0303O DE PAREDE","sizes":{"medium":{"file":"DECORAC\u0327A\u0303O-DE-PAREDE--225x300.png","width":225,"height":300,"filesize":75023,"mimeType":"image\/png","sourceUrl":"https:\/\/www.panoramamoveis.com.br\/blog-wp\/wp-content\/uploads\/2022\/06\/DECORAC\u0327A\u0303O-DE-PAREDE--225x300.png"},"thumbnail":{"file":"DECORAC\u0327A\u0303O-DE-PAREDE--150x150.png","width":150,"height":150,"filesize":26374,"mimeType":"image\/png","sourceUrl":"https:\/\/www.panoramamoveis.com.br\/blog-wp\/wp-content\/uploads\/2022\/06\/DECORAC\u0327A\u0303O-DE-PAREDE--150x150.png"},"web-stories-publisher-logo":{"file":"DECORAC\u0327A\u0303O-DE-PAREDE--96x96.png","width":96,"height":96,"filesize":11787,"mimeType":"image\/png","sourceUrl":"https:\/\/www.panoramamoveis.com.br\/blog-wp\/wp-content\/uploads\/2022\/06\/DECORAC\u0327A\u0303O-DE-PAREDE--96x96.png"},"web-stories-thumbnail":{"file":"DECORAC\u0327A\u0303O-DE-PAREDE--150x200.png","width":150,"height":200,"filesize":35145,"mimeType":"image\/png","sourceUrl":"https:\/\/www.panoramamoveis.com.br\/blog-wp\/wp-content\/uploads\/2022\/06\/DECORAC\u0327A\u0303O-DE-PAREDE--150x200.png"},"full":{"file":"DECORAC\u0327A\u0303O-DE-PAREDE-.png","width":640,"height":853,"mimeType":"image\/png","sourceUrl":"https:\/\/www.panoramamoveis.com.br\/blog-wp\/wp-content\/uploads\/2022\/06\/DECORAC\u0327A\u0303O-DE-PAREDE-.png"}},"isPlaceholder":false,"isOptimized":false,"isMuted":false,"isExternal":false,"needsProxy":false},"type":"image","x":56,"y":188,"width":146,"height":150,"mask":{"type":"rectangle","showInLibrary":true,"name":"Ret\u00e2ngulo","path":"M 0,0 1,0 1,1 0,1 0,0 Z","ratio":1,"supportsBorder":true},"id":"51e3ffb3-8b33-4918-a008-89f5977154a7","link":{"needsProxy":false,"url":"https:\/\/www.panoramamoveis.com.br\/blog-wp\/web-stories\/racas-de-gatos-pouco-conhecidas\/","rel":[],"type":"regular","pageId":null,"icon":"","desc":""}},{"opacity":100,"flip":{"vertical":false,"horizontal":false},"rotationAngle":0,"lockAspectRatio":true,"scale":100,"focalX":50,"focalY":50,"resource":{"baseColor":"#ccc4be","blurHash":"UZOWg6D%X9IU~qM_oyWA.8%MsmoeSOozM{oz","type":"image","mimeType":"image\/png","creationDate":"2022-07-17T14:39:25","src":"https:\/\/www.panoramamoveis.com.br\/blog-wp\/wp-content\/uploads\/2022\/07\/CAPA-PAPEL-DE-PAREDE.png","width":640,"height":853,"id":6274,"alt":"CAPA - PAPEL DE PAREDE","sizes":{"medium":{"file":"CAPA-PAPEL-DE-PAREDE-225x300.png","width":225,"height":300,"filesize":79890,"mimeType":"image\/png","sourceUrl":"https:\/\/www.panoramamoveis.com.br\/blog-wp\/wp-content\/uploads\/2022\/07\/CAPA-PAPEL-DE-PAREDE-225x300.png"},"thumbnail":{"file":"CAPA-PAPEL-DE-PAREDE-150x150.png","width":150,"height":150,"filesize":31347,"mimeType":"image\/png","sourceUrl":"https:\/\/www.panoramamoveis.com.br\/blog-wp\/wp-content\/uploads\/2022\/07\/CAPA-PAPEL-DE-PAREDE-150x150.png"},"web-stories-publisher-logo":{"file":"CAPA-PAPEL-DE-PAREDE-96x96.png","width":96,"height":96,"filesize":14198,"mimeType":"image\/png","sourceUrl":"https:\/\/www.panoramamoveis.com.br\/blog-wp\/wp-content\/uploads\/2022\/07\/CAPA-PAPEL-DE-PAREDE-96x96.png"},"web-stories-thumbnail":{"file":"CAPA-PAPEL-DE-PAREDE-150x200.png","width":150,"height":200,"filesize":37672,"mimeType":"image\/png","sourceUrl":"https:\/\/www.panoramamoveis.com.br\/blog-wp\/wp-content\/uploads\/2022\/07\/CAPA-PAPEL-DE-PAREDE-150x200.png"},"full":{"file":"CAPA-PAPEL-DE-PAREDE.png","width":640,"height":853,"mimeType":"image\/png","sourceUrl":"https:\/\/www.panoramamoveis.com.br\/blog-wp\/wp-content\/uploads\/2022\/07\/CAPA-PAPEL-DE-PAREDE.png"}},"isPlaceholder":false,"isOptimized":false,"isMuted":false,"isExternal":false,"needsProxy":false},"type":"image","x":52,"y":366,"width":154,"height":150,"mask":{"type":"rectangle","showInLibrary":true,"name":"Ret\u00e2ngulo","path":"M 0,0 1,0 1,1 0,1 0,0 Z","ratio":1,"supportsBorder":true},"id":"459f6827-372a-4729-8f4e-92258d2eb1bc","link":{"needsProxy":false,"url":"https:\/\/www.panoramamoveis.com.br\/blog-wp\/web-stories\/tipos-de-sabores-que-os-cachorros-mais-gostam\/","rel":[],"type":"regular","pageId":null,"icon":"","desc":""}},{"opacity":100,"flip":{"vertical":false,"horizontal":false},"rotationAngle":0,"lockAspectRatio":true,"scale":100,"focalX":50,"focalY":50,"resource":{"baseColor":"#d0c1b7","type":"image","mimeType":"image\/png","creationDate":"2021-09-24T21:09:53","src":"https:\/\/www.panoramamoveis.com.br\/blog-wp\/wp-content\/uploads\/2021\/09\/panorama-sem-fundo.png","width":500,"height":500,"id":451,"alt":"panorama sem fundo","sizes":{"medium":{"file":"panorama-sem-fundo-300x300.png","width":300,"height":300,"mimeType":"image\/png","sourceUrl":"https:\/\/www.panoramamoveis.com.br\/blog-wp\/wp-content\/uploads\/2021\/09\/panorama-sem-fundo-300x300.png"},"thumbnail":{"file":"panorama-sem-fundo-150x150.png","width":150,"height":150,"mimeType":"image\/png","sourceUrl":"https:\/\/www.panoramamoveis.com.br\/blog-wp\/wp-content\/uploads\/2021\/09\/panorama-sem-fundo-150x150.png"},"web-stories-publisher-logo":{"file":"panorama-sem-fundo-96x96.png","width":96,"height":96,"mimeType":"image\/png","sourceUrl":"https:\/\/www.panoramamoveis.com.br\/blog-wp\/wp-content\/uploads\/2021\/09\/panorama-sem-fundo-96x96.png"},"web-stories-thumbnail":{"file":"panorama-sem-fundo-150x150.png","width":150,"height":150,"mimeType":"image\/png","sourceUrl":"https:\/\/www.panoramamoveis.com.br\/blog-wp\/wp-content\/uploads\/2021\/09\/panorama-sem-fundo-150x150.png"},"full":{"file":"panorama-sem-fundo.png","width":500,"height":500,"mimeType":"image\/png","sourceUrl":"https:\/\/www.panoramamoveis.com.br\/blog-wp\/wp-content\/uploads\/2021\/09\/panorama-sem-fundo.png"}},"isPlaceholder":false,"isOptimized":false,"isMuted":false,"provider":"local","isExternal":false},"width":221,"height":221,"mask":{"type":"rectangle","showInLibrary":true,"name":"Rectangle","path":"M 0,0 1,0 1,1 0,1 0,0 Z","ratio":1,"supportsBorder":true},"type":"image","basedOn":"35f0f6c3-9f2b-45cf-aba7-b81f2778a037","x":96,"y":469,"link":null,"id":"7199a5ac-5069-4b90-90e8-13dd14ebf50c"},{"opacity":100,"flip":{"vertical":false,"horizontal":false},"rotationAngle":0,"lockAspectRatio":true,"backgroundTextMode":"NONE","font":{"family":"Roboto"},"fontSize":22,"backgroundColor":{"color":{"r":196,"g":196,"b":196}},"lineHeight":1.2,"textAlign":"left","padding":{"locked":true,"hasHiddenPadding":false,"horizontal":0,"vertical":0},"content":"<span style=\"font-weight: 700; color: #fff\">Tipos de sabores que os cachorros mais gostam<\/span>","borderRadius":{"locked":true,"topLeft":2,"topRight":2,"bottomRight":2,"bottomLeft":2},"x":215,"y":389,"width":132,"height":105,"marginOffset":0.5625,"link":{"needsProxy":false,"url":"https:\/\/www.panoramamoveis.com.br\/blog-wp\/web-stories\/tipos-de-sabores-que-os-cachorros-mais-gostam\/","rel":[],"type":"regular","pageId":null,"desc":""},"basedOn":"89d00239-a8ce-419a-86c0-5da87df26329","id":"54ef6abd-31d1-4892-a7ba-19de1de2f467","type":"text"},{"opacity":100,"flip":{"vertical":false,"horizontal":false},"rotationAngle":0,"lockAspectRatio":true,"backgroundTextMode":"NONE","font":{"family":"Roboto"},"fontSize":22,"backgroundColor":{"color":{"r":196,"g":196,"b":196}},"lineHeight":1.2,"textAlign":"left","padding":{"locked":true,"hasHiddenPadding":false,"horizontal":0,"vertical":0},"content":"<span style=\"font-weight: 700; color: #fff\">Ra\u00e7as de gatos pouco conhecidas<\/span>","borderRadius":{"locked":true,"topLeft":2,"topRight":2,"bottomRight":2,"bottomLeft":2},"x":215,"y":224,"width":141,"height":79,"marginOffset":0.5625,"link":{"needsProxy":false,"url":"https:\/\/www.panoramamoveis.com.br\/blog-wp\/web-stories\/racas-de-gatos-pouco-conhecidas\/","rel":[],"type":"regular","pageId":null,"icon":"","desc":""},"basedOn":"89d00239-a8ce-419a-86c0-5da87df26329","id":"2e9e818e-1985-44fa-a446-09e4865c2d3a","type":"text"}],"animations":[{"targets":["12cac4a5-6139-4484-a353-9f265d6930f8"],"id":"486d8ff1-6297-4392-a3d6-e1e0f94546b2","type":"effect-fly-in","flyInDir":"topToBottom","duration":1000,"delay":600}],"backgroundColor":{"color":{"r":255,"g":255,"b":255}},"type":"page","id":"15c6a3b3-fc56-492b-899e-57483815b90a","defaultBackgroundElement":{"opacity":100,"flip":{"vertical":false,"horizontal":false},"rotationAngle":0,"lockAspectRatio":true,"x":1,"y":1,"width":1,"height":1,"mask":{"type":"rectangle"},"isBackground":true,"isDefaultBackground":true,"type":"shape","id":"ef7dcffa-b120-44c3-845e-2314d51819c1"}}],"fonts":{"Anton":{"family":"Anton","fallbacks":["sans-serif"],"weights":[400],"styles":["regular"],"variants":[[0,400]],"service":"fonts.google.com","metrics":{"upm":2048,"asc":2409,"des":-674,"tAsc":2409,"tDes":-674,"tLGap":0,"wAsc":2876,"wDes":674,"xH":1500,"capH":1760,"yMin":-667,"yMax":2874,"hAsc":2409,"hDes":-674,"lGap":0}},"Oswald":{"family":"Oswald","fallbacks":["sans-serif"],"weights":[200,300,400,500,600,700],"styles":["regular"],"variants":[[0,200],[0,300],[0,400],[0,500],[0,600],[0,700]],"service":"fonts.google.com","metrics":{"upm":1000,"asc":1193,"des":-289,"tAsc":1193,"tDes":-289,"tLGap":0,"wAsc":1325,"wDes":377,"xH":578,"capH":810,"yMin":-287,"yMax":1297,"hAsc":1193,"hDes":-289,"lGap":0}},"Roboto":{"family":"Roboto","fallbacks":["sans-serif"],"weights":[100,300,400,500,700,900],"styles":["italic","regular"],"variants":[[0,100],[1,100],[0,300],[1,300],[0,400],[1,400],[0,500],[1,500],[0,700],[1,700],[0,900],[1,900]],"service":"fonts.google.com","metrics":{"upm":2048,"asc":1900,"des":-500,"tAsc":1536,"tDes":-512,"tLGap":102,"wAsc":1946,"wDes":512,"xH":1082,"capH":1456,"yMin":-555,"yMax":2163,"hAsc":1900,"hDes":-500,"lGap":0}}},"autoAdvance":true,"defaultPageDuration":7,"currentStoryStyles":{"colors":[{"color":{"r":163,"g":0,"b":3,"a":1}}]}},"story_poster":{"id":69002,"url":"https:\/\/www.panoramamoveis.com.br\/blog-wp\/wp-content\/uploads\/2025\/03\/cropped-gato-Selkirk-rex-1024x683-1.jpg","width":640,"height":853,"needsProxy":false},"_links":{"self":[{"href":"https:\/\/www.panoramamoveis.com.br\/blog-wp\/wp-json\/web-stories\/v1\/web-story\/68994","targetHints":{"allow":["GET"]}}],"collection":[{"href":"https:\/\/www.panoramamoveis.com.br\/blog-wp\/wp-json\/web-stories\/v1\/web-story"}],"about":[{"href":"https:\/\/www.panoramamoveis.com.br\/blog-wp\/wp-json\/wp\/v2\/types\/web-story"}],"author":[{"embeddable":true,"href":"https:\/\/www.panoramamoveis.com.br\/blog-wp\/wp-json\/web-stories\/v1\/users\/1"}],"version-history":[{"count":10,"href":"https:\/\/www.panoramamoveis.com.br\/blog-wp\/wp-json\/web-stories\/v1\/web-story\/68994\/revisions"}],"predecessor-version":[{"id":69641,"href":"https:\/\/www.panoramamoveis.com.br\/blog-wp\/wp-json\/web-stories\/v1\/web-story\/68994\/revisions\/69641"}],"wp:featuredmedia":[{"embeddable":true,"href":"https:\/\/www.panoramamoveis.com.br\/blog-wp\/wp-json\/web-stories\/v1\/media\/69002"}],"wp:attachment":[{"href":"https:\/\/www.panoramamoveis.com.br\/blog-wp\/wp-json\/web-stories\/v1\/media?parent=68994"}],"wp:term":[{"taxonomy":"web_story_category","embeddable":true,"href":"https:\/\/www.panoramamoveis.com.br\/blog-wp\/wp-json\/web-stories\/v1\/web_story_category?post=68994"},{"taxonomy":"web_story_tag","embeddable":true,"href":"https:\/\/www.panoramamoveis.com.br\/blog-wp\/wp-json\/web-stories\/v1\/web_story_tag?post=68994"}],"wp:lock":[{"embeddable":true,"href":"https:\/\/www.panoramamoveis.com.br\/blog-wp\/wp-json\/web-stories\/v1\/web-story\/68994\/lock"}],"wp:publisherlogo":[{"embeddable":true,"href":"https:\/\/www.panoramamoveis.com.br\/blog-wp\/wp-json\/web-stories\/v1\/media\/20"}],"curies":[{"name":"wp","href":"https:\/\/api.w.org\/{rel}","templated":true}]}}