{"id":66458,"date":"2025-03-11T07:30:00","date_gmt":"2025-03-11T10:30:00","guid":{"rendered":"https:\/\/www.panoramamoveis.com.br\/blog-wp\/?post_type=web-story&#038;p=66458"},"modified":"2025-03-03T15:34:27","modified_gmt":"2025-03-03T18:34:27","slug":"5-anos-da-pandemia-de-covid-19","status":"publish","type":"web-story","link":"https:\/\/www.panoramamoveis.com.br\/blog-wp\/web-stories\/5-anos-da-pandemia-de-covid-19\/","title":{"rendered":"5 anos da Pandemia de Covid-19"},"content":{"rendered":"<p><html amp=\"\" lang=\"en\"><head><meta charSet=\"utf-8\"\/><meta name=\"viewport\" content=\"width=device-width,minimum-scale=1,initial-scale=1\"\/><script async=\"\" src=\"https:\/\/cdn.ampproject.org\/v0.js\"><\/script><script async=\"\" src=\"https:\/\/cdn.ampproject.org\/v0\/amp-story-1.0.js\" custom-element=\"amp-story\"><\/script><link href=\"https:\/\/fonts.googleapis.com\/css2?display=swap&amp;family=Anton&amp;family=Oswald%3Awght%40400%3B700&amp;family=Roboto%3Awght%40700\" rel=\"stylesheet\"\/><link href=\"https:\/\/www.panoramamoveis.com.br\/blog-wp\/wp-content\/uploads\/2022\/07\/ESPELHOS-PG1.png\" rel=\"preload\" as=\"image\"\/>\n<style amp-boilerplate=\"\">body{-webkit-animation:-amp-start 8s steps(1,end) 0s 1 normal both;-moz-animation:-amp-start 8s steps(1,end) 0s 1 normal both;-ms-animation:-amp-start 8s steps(1,end) 0s 1 normal both;animation:-amp-start 8s steps(1,end) 0s 1 normal both}@-webkit-keyframes -amp-start{from{visibility:hidden}to{visibility:visible}}@-moz-keyframes -amp-start{from{visibility:hidden}to{visibility:visible}}@-ms-keyframes -amp-start{from{visibility:hidden}to{visibility:visible}}@-o-keyframes -amp-start{from{visibility:hidden}to{visibility:visible}}@keyframes -amp-start{from{visibility:hidden}to{visibility:visible}}<\/style>\n<p><noscript><\/p>\n<style amp-boilerplate=\"\">body{-webkit-animation:none;-moz-animation:none;-ms-animation:none;animation:none}<\/style>\n<p><\/noscript><\/p>\n<style amp-custom=\"\">\n              h1, h2, h3 { font-weight: normal; }<\/p>\n<p>              amp-story-page {\n                background-color: #131516;\n              }<\/p>\n<p>              amp-story-grid-layer {\n                overflow: visible;\n              }<\/p>\n<p>              @media (max-aspect-ratio: 9 \/ 16)  {\n                @media (min-aspect-ratio: 320 \/ 678) {\n                  amp-story-grid-layer.grid-layer {\n                    margin-top: calc((100% \/ 0.5625 - 100% \/ 0.6666666666666666) \/ 2);\n                  }\n                }\n              }<\/p>\n<p>              @media not all and (min-resolution:.001dpcm) {\n                @media {\n                  p.text-wrapper > span {\n                    font-size: calc(100% - 0.5px);\n                  }\n                }\n              }<\/p>\n<p>              .page-fullbleed-area,\n              .page-background-overlay-area {\n                position: absolute;\n                overflow: hidden;\n                width: 100%;\n                left: 0;\n                height: calc(1.1851851851851851 * 100%);\n                top: calc((1 - 1.1851851851851851) * 100% \/ 2);\n              }<\/p>\n<p>              .element-overlay-area {\n                position: absolute;\n                width: 100%;\n                height: 100%;\n                top: 0;\n                left: 0;\n              }<\/p>\n<p>              .page-safe-area {\n                overflow: visible;\n                position: absolute;\n                top: 0;\n                bottom: 0;\n                left: 0;\n                right: 0;\n                width: 100%;\n                height: calc(0.84375 * 100%);\n                margin: auto 0;\n              }<\/p>\n<p>              .mask {\n                position: absolute;\n                overflow: hidden;\n              }<\/p>\n<p>              .fill {\n                position: absolute;\n                top: 0;\n                left: 0;\n                right: 0;\n                bottom: 0;\n                margin: 0;\n              }<\/p>\n<p>              @media (prefers-reduced-motion: no-preference) {\n                .animation-wrapper {\n                  opacity: var(--initial-opacity);\n                  transform: var(--initial-transform);\n                }\n              }<\/p>\n<p>              amp-story-grid-layer.align-bottom {\n                align-content: end;\n                padding: 0;\n                \/*\n                  AMP CTA Layer will exactly occupy 74px regardless of any device.\n                  To space out captions 74px from the BOTTOM (AMP CTA Layer),\n                  74px from the TOP should also be spaced out and thus: 2 * 74px\n                  will be the desired max-height.\n                *\/\n                max-height: calc(100vh - (2 * 74px));\n              }<\/p>\n<p>              .captions-area {\n                padding: 0 32px 0;\n              }<\/p>\n<p>              amp-story-captions {\n                margin-bottom: 16px;\n                text-align: center;\n              }<\/p>\n<p>              amp-story-audio-sticker {\n                height: 100%;\n              }<\/p>\n<p>              .audio-sticker {\n                font-family: -apple-system, BlinkMacSystemFont, 'Segoe UI', Roboto, Oxygen-Sans, Ubuntu, Cantarell, 'Helvetica Neue', sans-serif;\n              }\n              <\/style>\n<p><meta name=\"web-stories-replace-head-start\"\/><title>5 anos da Pandemia de Covid-19<\/title><link rel=\"canonical\" href=\"https:\/\/www.panoramamoveis.com.br\/blog-wp\/?post_type=web-story&amp;p=66458\"\/><meta name=\"web-stories-replace-head-end\"\/><\/head><body><amp-story standalone=\"\" publisher=\"Blog Panorama M\u00f3veis\" publisher-logo-src=\"https:\/\/www.panoramamoveis.com.br\/blog-wp\/wp-content\/uploads\/2021\/09\/webstories-logo.jpg\" title=\"5 anos da Pandemia de Covid-19\" poster-portrait-src=\"https:\/\/www.panoramamoveis.com.br\/blog-wp\/wp-content\/uploads\/2025\/03\/cropped-afroamerican-masculino-vestindo-mascara-medica_23-2148508980.jpg\"><amp-story-page id=\"5087ac86-4e77-42ae-a3bc-6de766d977a9\" auto-advance-after=\"7s\"><amp-story-grid-layer template=\"vertical\" aspect-ratio=\"412:618\" class=\"grid-layer\"><\/p>\n<div class=\"page-fullbleed-area\" style=\"background-color:#8a1b18\">\n<div class=\"page-safe-area\">\n<div style=\"position:absolute;pointer-events:none;left:0;top:-9.25926%;width:100%;height:118.51852%;opacity:1\">\n<div style=\"pointer-events:initial;width:100%;height:100%;display:block;position:absolute;top:0;left:0;z-index:0\" class=\"mask\" id=\"el-76f7f876-3d4c-4fb3-bb0d-58954ef2886c\">\n<div style=\"position:absolute;width:100%;height:100%;left:0%;top:0%\" data-leaf-element=\"true\"><amp-img layout=\"fill\" src=\"https:\/\/www.panoramamoveis.com.br\/blog-wp\/wp-content\/uploads\/2022\/07\/ESPELHOS-PG1.png\" alt=\"Sala com 3 espelhos redondos\" srcSet=\"https:\/\/www.panoramamoveis.com.br\/blog-wp\/wp-content\/uploads\/2022\/07\/ESPELHOS-PG1.png 1080w,https:\/\/www.panoramamoveis.com.br\/blog-wp\/wp-content\/uploads\/2022\/07\/ESPELHOS-PG1-864x1536.png 864w,https:\/\/www.panoramamoveis.com.br\/blog-wp\/wp-content\/uploads\/2022\/07\/ESPELHOS-PG1-768x1365.png 768w,https:\/\/www.panoramamoveis.com.br\/blog-wp\/wp-content\/uploads\/2022\/07\/ESPELHOS-PG1-576x1024.png 576w,https:\/\/www.panoramamoveis.com.br\/blog-wp\/wp-content\/uploads\/2022\/07\/ESPELHOS-PG1-169x300.png 169w,https:\/\/www.panoramamoveis.com.br\/blog-wp\/wp-content\/uploads\/2022\/07\/ESPELHOS-PG1-150x267.png 150w\" sizes=\"(min-width: 1024px) 45vh, 100vw\" disable-inline-width=\"true\"><\/amp-img><\/div>\n<\/div>\n<\/div>\n<\/div>\n<\/div>\n<p><\/amp-story-grid-layer><amp-story-grid-layer template=\"vertical\" aspect-ratio=\"412:618\" class=\"grid-layer\"><\/p>\n<div class=\"page-fullbleed-area\">\n<div class=\"page-safe-area\">\n<div style=\"position:absolute;pointer-events:none;left:6.06796%;top:13.75405%;width:87.62136%;height:62.62136%;opacity:1\">\n<div style=\"pointer-events:initial;width:100%;height:100%;display:block;position:absolute;top:0;left:0;z-index:0\" class=\"mask\" id=\"el-afe24b42-eb1a-40c6-b5f9-04be6cfa56b4\">\n<div style=\"position:absolute;width:142.93629%;height:100%;left:-21.46814%;top:0%\" data-leaf-element=\"true\"><amp-img layout=\"fill\" src=\"https:\/\/www.panoramamoveis.com.br\/blog-wp\/wp-content\/uploads\/2025\/03\/coronavirus.webp\" alt=\"coronavirus\" srcSet=\"https:\/\/www.panoramamoveis.com.br\/blog-wp\/wp-content\/uploads\/2025\/03\/coronavirus.webp 1200w,https:\/\/www.panoramamoveis.com.br\/blog-wp\/wp-content\/uploads\/2025\/03\/coronavirus-1024x768.webp 1024w,https:\/\/www.panoramamoveis.com.br\/blog-wp\/wp-content\/uploads\/2025\/03\/coronavirus-768x576.webp 768w,https:\/\/www.panoramamoveis.com.br\/blog-wp\/wp-content\/uploads\/2025\/03\/coronavirus-300x225.webp 300w,https:\/\/www.panoramamoveis.com.br\/blog-wp\/wp-content\/uploads\/2025\/03\/coronavirus-150x113.webp 150w\" sizes=\"(min-width: 1024px) 39vh, 88vw\" disable-inline-width=\"true\"><\/amp-img><\/div>\n<\/div>\n<\/div>\n<div style=\"position:absolute;pointer-events:none;left:12.62136%;top:87.05502%;width:75%;height:11.8123%;opacity:1\">\n<div style=\"pointer-events:initial;width:100%;height:100%;display:block;position:absolute;top:0;left:0;z-index:0;border-radius:0.6472491909385114% 0.6472491909385114% 0.6472491909385114% 0.6472491909385114% \/ 2.73972602739726% 2.73972602739726% 2.73972602739726% 2.73972602739726%;background-clip:content-box;background-color:rgba(163,0,3,0.7)\" id=\"el-bf7050a3-2269-4a18-991d-666bc73b2364\">\n<h3 class=\"fill text-wrapper\" style=\"white-space:pre-line;overflow-wrap:break-word;word-break:break-word;margin:1.1859071601941753% 0;font-family:&quot;Anton&quot;,sans-serif;font-size:0.388350em;line-height:1.2;text-align:center;padding:1.2944983818770228% 2.5889967637540456%;color:#000000\"><span><span style=\"color: #fff\">Confira tudo nesse web stories da Panorama m\u00f3veis<\/span><\/span><\/h3>\n<\/div>\n<\/div>\n<div style=\"position:absolute;pointer-events:none;left:10.67961%;top:69.90291%;width:78.8835%;height:12.78317%;opacity:1\">\n<div style=\"pointer-events:initial;width:100%;height:100%;display:block;position:absolute;top:0;left:0;z-index:0;border-radius:0.6153846153846154% 0.6153846153846154% 0.6153846153846154% 0.6153846153846154% \/ 2.5316455696202533% 2.5316455696202533% 2.5316455696202533% 2.5316455696202533%\" id=\"el-2582c9a8-b4e9-468b-b85d-7bd4cb1c4478\">\n<h3 class=\"fill text-wrapper\" style=\"white-space:pre-line;overflow-wrap:break-word;word-break:break-word;margin:0;font-family:&quot;Anton&quot;,sans-serif;font-size:0.404531em;line-height:calc(1em + 0.32000019775987504em);text-align:center;padding:0;color:#000000;background-color:rgba(163,0,3,0.6);background:none\"><span style=\"display:block;position:relative;left:0;top:0;margin:1.9437349759615383% 0;-webkit-box-decoration-break:clone;box-decoration-break:clone\"><span style=\"background-color:rgba(163,0,3,0.6);-webkit-box-decoration-break:clone;box-decoration-break:clone;position:relative;padding:1.2307692307692308% 2.4615384615384617%;text-align:center;border-radius:2px 2px 2px 2px;color:transparent\">5 anos da Declara\u00e7\u00e3o de pandemia da Covid-19<\/span><\/span><\/h3>\n<h3 class=\"fill text-wrapper\" style=\"white-space:pre-line;overflow-wrap:break-word;word-break:break-word;margin:0;font-family:&quot;Anton&quot;,sans-serif;font-size:0.404531em;line-height:calc(1em + 0.32000019775987504em);text-align:center;padding:0;color:#000000;background-color:rgba(163,0,3,0.6);background:none;position:absolute;top:0;left:0;right:0\" aria-hidden=\"true\"><span style=\"display:block;position:relative;left:0;top:0;margin:1.9437349759615383% 0;-webkit-box-decoration-break:clone;box-decoration-break:clone\"><span style=\"background-color:rgba(163,0,3,0.6);-webkit-box-decoration-break:clone;box-decoration-break:clone;position:relative;padding:1.2307692307692308% 2.4615384615384617%;text-align:center;border-radius:2px 2px 2px 2px;background:none\"><span style=\"color: #fff\">5 anos da Declara\u00e7\u00e3o de pandemia da Covid-19<\/span><\/span><\/span><\/h3>\n<\/div>\n<\/div>\n<\/div>\n<\/div>\n<p><\/amp-story-grid-layer><\/amp-story-page><amp-story-page id=\"3f4ac6be-21cd-4804-8c30-3ee2a9552928\" auto-advance-after=\"7s\"><amp-story-animation layout=\"nodisplay\" trigger=\"visibility\"><script type=\"application\/json\">[{\"selector\":\"#anim-7f7e47c6-e211-4bc5-8c65-974832c50059\",\"keyframes\":{\"opacity\":[0,1]},\"delay\":0,\"duration\":600,\"easing\":\"cubic-bezier(0.4, 0.4, 0.0, 1)\",\"fill\":\"both\"}]<\/script><\/amp-story-animation><amp-story-grid-layer template=\"vertical\" aspect-ratio=\"412:618\" class=\"grid-layer\"><\/p>\n<div class=\"page-fullbleed-area\" style=\"background-color:#d0c9c3\">\n<div class=\"page-safe-area\">\n<div style=\"position:absolute;pointer-events:none;left:0;top:-9.25926%;width:100%;height:118.51852%;opacity:1\">\n<div style=\"pointer-events:initial;width:100%;height:100%;display:block;position:absolute;top:0;left:0;z-index:0\" class=\"mask\" id=\"el-4fab43d4-4da3-4001-bb1a-9fe0916893c5\">\n<div style=\"position:absolute;width:100%;height:100%;left:0%;top:0%\" data-leaf-element=\"true\"><amp-img layout=\"fill\" src=\"https:\/\/www.panoramamoveis.com.br\/blog-wp\/wp-content\/uploads\/2022\/07\/ESPELHOS-PG4.png\" alt=\"sala com espelho ovalado em cima de bancada de madeira\" srcSet=\"https:\/\/www.panoramamoveis.com.br\/blog-wp\/wp-content\/uploads\/2022\/07\/ESPELHOS-PG4.png 1080w,https:\/\/www.panoramamoveis.com.br\/blog-wp\/wp-content\/uploads\/2022\/07\/ESPELHOS-PG4-864x1536.png 864w,https:\/\/www.panoramamoveis.com.br\/blog-wp\/wp-content\/uploads\/2022\/07\/ESPELHOS-PG4-768x1365.png 768w,https:\/\/www.panoramamoveis.com.br\/blog-wp\/wp-content\/uploads\/2022\/07\/ESPELHOS-PG4-576x1024.png 576w,https:\/\/www.panoramamoveis.com.br\/blog-wp\/wp-content\/uploads\/2022\/07\/ESPELHOS-PG4-169x300.png 169w,https:\/\/www.panoramamoveis.com.br\/blog-wp\/wp-content\/uploads\/2022\/07\/ESPELHOS-PG4-150x267.png 150w\" sizes=\"(min-width: 1024px) 45vh, 100vw\" disable-inline-width=\"true\"><\/amp-img><\/div>\n<\/div>\n<\/div>\n<\/div>\n<\/div>\n<p><\/amp-story-grid-layer><amp-story-grid-layer template=\"vertical\" aspect-ratio=\"412:618\" class=\"grid-layer\"><\/p>\n<div class=\"page-fullbleed-area\">\n<div class=\"page-safe-area\">\n<div style=\"position:absolute;pointer-events:none;left:11.65049%;top:-4.69256%;width:76.94175%;height:61.8123%;opacity:1\">\n<div style=\"pointer-events:initial;width:100%;height:100%;display:block;position:absolute;top:0;left:0;z-index:0\" class=\"mask\" id=\"el-75e783bb-4d4a-4eed-bebf-d04fe60c2030\">\n<div style=\"position:absolute;width:180.92779%;height:100%;left:-40.46389%;top:0%\" data-leaf-element=\"true\"><amp-img layout=\"fill\" src=\"https:\/\/www.panoramamoveis.com.br\/blog-wp\/wp-content\/uploads\/2025\/03\/medico-epidemiologista-lutando-com-coronavirus-covid-19-a-enfermeira-usa-roupa-de-protecao-e-mascara-durante-o-surto-de-covid19_1153-6297.jpg\" alt=\"medico-epidemiologista-lutando-com-coronavirus-covid-19-a-enfermeira-usa-roupa-de-protecao-e-mascara-durante-o-surto-de-covid19_1153-6297\" srcSet=\"https:\/\/www.panoramamoveis.com.br\/blog-wp\/wp-content\/uploads\/2025\/03\/medico-epidemiologista-lutando-com-coronavirus-covid-19-a-enfermeira-usa-roupa-de-protecao-e-mascara-durante-o-surto-de-covid19_1153-6297.jpg 1060w,https:\/\/www.panoramamoveis.com.br\/blog-wp\/wp-content\/uploads\/2025\/03\/medico-epidemiologista-lutando-com-coronavirus-covid-19-a-enfermeira-usa-roupa-de-protecao-e-mascara-durante-o-surto-de-covid19_1153-6297-1024x682.jpg 1024w,https:\/\/www.panoramamoveis.com.br\/blog-wp\/wp-content\/uploads\/2025\/03\/medico-epidemiologista-lutando-com-coronavirus-covid-19-a-enfermeira-usa-roupa-de-protecao-e-mascara-durante-o-surto-de-covid19_1153-6297-768x512.jpg 768w,https:\/\/www.panoramamoveis.com.br\/blog-wp\/wp-content\/uploads\/2025\/03\/medico-epidemiologista-lutando-com-coronavirus-covid-19-a-enfermeira-usa-roupa-de-protecao-e-mascara-durante-o-surto-de-covid19_1153-6297-300x200.jpg 300w,https:\/\/www.panoramamoveis.com.br\/blog-wp\/wp-content\/uploads\/2025\/03\/medico-epidemiologista-lutando-com-coronavirus-covid-19-a-enfermeira-usa-roupa-de-protecao-e-mascara-durante-o-surto-de-covid19_1153-6297-150x100.jpg 150w\" sizes=\"(min-width: 1024px) 35vh, 77vw\" disable-inline-width=\"true\"><\/amp-img><\/div>\n<\/div>\n<\/div>\n<div style=\"position:absolute;pointer-events:none;left:16.99029%;top:-8.41424%;width:13.59223%;height:16.82848%;transform:rotate(270deg);opacity:1\">\n<div style=\"pointer-events:initial;width:100%;height:100%;display:block;position:absolute;top:0;left:0;z-index:0\" class=\"mask\" id=\"el-77928504-5450-43f9-b2a2-db88218aa230\">\n<div style=\"position:absolute;width:104.46432%;height:100%;left:-2.23216%;top:0%\" data-leaf-element=\"true\"><amp-img layout=\"fill\" src=\"https:\/\/www.panoramamoveis.com.br\/blog-wp\/wp-content\/uploads\/2021\/11\/Panorama-Moveis-click-1.png\" alt=\"Panorama M\u00f3veis click (1)\" srcSet=\"https:\/\/www.panoramamoveis.com.br\/blog-wp\/wp-content\/uploads\/2021\/11\/Panorama-Moveis-click-1.png 3240w,https:\/\/www.panoramamoveis.com.br\/blog-wp\/wp-content\/uploads\/2021\/11\/Panorama-Moveis-click-1-1980x3520.png 1980w,https:\/\/www.panoramamoveis.com.br\/blog-wp\/wp-content\/uploads\/2021\/11\/Panorama-Moveis-click-1-1200x2133.png 1200w,https:\/\/www.panoramamoveis.com.br\/blog-wp\/wp-content\/uploads\/2021\/11\/Panorama-Moveis-click-1-1152x2048.png 1152w,https:\/\/www.panoramamoveis.com.br\/blog-wp\/wp-content\/uploads\/2021\/11\/Panorama-Moveis-click-1-864x1536.png 864w,https:\/\/www.panoramamoveis.com.br\/blog-wp\/wp-content\/uploads\/2021\/11\/Panorama-Moveis-click-1-768x1365.png 768w,https:\/\/www.panoramamoveis.com.br\/blog-wp\/wp-content\/uploads\/2021\/11\/Panorama-Moveis-click-1-576x1024.png 576w,https:\/\/www.panoramamoveis.com.br\/blog-wp\/wp-content\/uploads\/2021\/11\/Panorama-Moveis-click-1-169x300.png 169w,https:\/\/www.panoramamoveis.com.br\/blog-wp\/wp-content\/uploads\/2021\/11\/Panorama-Moveis-click-1-150x267.png 150w\" sizes=\"(min-width: 1024px) 6vh, 14vw\" disable-inline-width=\"true\"><\/amp-img><\/div>\n<\/div>\n<\/div>\n<div style=\"position:absolute;pointer-events:none;left:11.65049%;top:50.16181%;width:75.97087%;height:7.11974%;opacity:1\">\n<div style=\"pointer-events:initial;width:100%;height:100%;display:block;position:absolute;top:0;left:0;z-index:0;border-radius:0.6389776357827476% 0.6389776357827476% 0.6389776357827476% 0.6389776357827476% \/ 4.545454545454546% 4.545454545454546% 4.545454545454546% 4.545454545454546%\" id=\"el-9e82a8ee-b0b9-456f-8816-b066d7a9815f\">\n<h3 class=\"fill text-wrapper\" style=\"white-space:pre-line;overflow-wrap:break-word;word-break:break-word;margin:0;font-family:&quot;Anton&quot;,sans-serif;font-size:0.388350em;line-height:calc(1em + 0.3333333333333333em);text-align:left;padding:0;color:#000000;background-color:rgba(163,0,3,0.6);background:none\"><span style=\"display:block;position:relative;left:0;top:0;margin:1.9375249600638977% 0;-webkit-box-decoration-break:clone;box-decoration-break:clone\"><span style=\"background-color:rgba(163,0,3,0.6);-webkit-box-decoration-break:clone;box-decoration-break:clone;position:relative;padding:1.2779552715654952% 2.5559105431309903%;text-align:left;border-radius:2px 2px 2px 2px;color:transparent\">Primeiro caso no Brasil<\/span><\/span><\/h3>\n<h3 class=\"fill text-wrapper\" style=\"white-space:pre-line;overflow-wrap:break-word;word-break:break-word;margin:0;font-family:&quot;Anton&quot;,sans-serif;font-size:0.388350em;line-height:calc(1em + 0.3333333333333333em);text-align:left;padding:0;color:#000000;background-color:rgba(163,0,3,0.6);background:none;position:absolute;top:0;left:0;right:0\" aria-hidden=\"true\"><span style=\"display:block;position:relative;left:0;top:0;margin:1.9375249600638977% 0;-webkit-box-decoration-break:clone;box-decoration-break:clone\"><span style=\"background-color:rgba(163,0,3,0.6);-webkit-box-decoration-break:clone;box-decoration-break:clone;position:relative;padding:1.2779552715654952% 2.5559105431309903%;text-align:left;border-radius:2px 2px 2px 2px;background:none\"><span style=\"color: #fff\">Primeiro caso no Brasil<\/span><\/span><\/span><\/h3>\n<\/div>\n<\/div>\n<div style=\"position:absolute;pointer-events:none;left:12.62136%;top:57.11974%;width:74.75728%;height:41.26214%;opacity:1\">\n<div id=\"anim-7f7e47c6-e211-4bc5-8c65-974832c50059\" class=\"animation-wrapper\" style=\"width:100%;height:100%;display:block;position:absolute;top:0;left:0;--initial-opacity:0;--initial-transform:none\">\n<div style=\"pointer-events:initial;width:100%;height:100%;display:block;position:absolute;top:0;left:0;z-index:0;border-radius:0.6493506493506493% 0.6493506493506493% 0.6493506493506493% 0.6493506493506493% \/ 0.7843137254901961% 0.7843137254901961% 0.7843137254901961% 0.7843137254901961%\" id=\"el-6102357c-5403-48b7-be82-f6d9b3fe6d71\">\n<h3 class=\"fill text-wrapper\" style=\"white-space:pre-line;overflow-wrap:break-word;word-break:break-word;margin:1.052922077922078% 0;font-family:&quot;Oswald&quot;,sans-serif;font-size:0.372168em;line-height:1.2;text-align:left;padding:0;color:#000000\"><span><span style=\"color: #f00\">Embora a COVID-19 j\u00e1 estivesse espalhada em boa parte do mundo, no Brasil o primeiro caso s\u00f3 foi registrado oficialmente em 26 de fevereiro de 2020.<\/span><\/p>\n<p><span style=\"color: #f00\">Pouco tempo depois, no dia 11 de mar\u00e7o de 2020 a OMS declarou a pandemia global.<\/span><\/span><\/h3>\n<\/div>\n<\/div>\n<\/div>\n<\/div>\n<\/div>\n<p><\/amp-story-grid-layer><\/amp-story-page><amp-story-page id=\"35e803a5-528a-493c-a820-6997ce954d9a\" auto-advance-after=\"7s\"><amp-story-animation layout=\"nodisplay\" trigger=\"visibility\"><script type=\"application\/json\">[{\"selector\":\"#anim-9c1d0ac6-cc1f-4506-bb42-8c5424dd7d1c\",\"keyframes\":{\"opacity\":[0,1]},\"delay\":0,\"duration\":600,\"easing\":\"cubic-bezier(0.4, 0.4, 0.0, 1)\",\"fill\":\"both\"}]<\/script><\/amp-story-animation><amp-story-grid-layer template=\"vertical\" aspect-ratio=\"412:618\" class=\"grid-layer\"><\/p>\n<div class=\"page-fullbleed-area\" style=\"background-color:#d0c9c3\">\n<div class=\"page-safe-area\">\n<div style=\"position:absolute;pointer-events:none;left:0;top:-9.25926%;width:100%;height:118.51852%;opacity:1\">\n<div style=\"pointer-events:initial;width:100%;height:100%;display:block;position:absolute;top:0;left:0;z-index:0\" class=\"mask\" id=\"el-25de8763-be3f-40bc-9348-1b35d95ca3f7\">\n<div style=\"position:absolute;width:100%;height:100%;left:0%;top:0%\" data-leaf-element=\"true\"><amp-img layout=\"fill\" src=\"https:\/\/www.panoramamoveis.com.br\/blog-wp\/wp-content\/uploads\/2022\/07\/ESPELHOS-PG4.png\" alt=\"sala com espelho ovalado em cima de bancada de madeira\" srcSet=\"https:\/\/www.panoramamoveis.com.br\/blog-wp\/wp-content\/uploads\/2022\/07\/ESPELHOS-PG4.png 1080w,https:\/\/www.panoramamoveis.com.br\/blog-wp\/wp-content\/uploads\/2022\/07\/ESPELHOS-PG4-864x1536.png 864w,https:\/\/www.panoramamoveis.com.br\/blog-wp\/wp-content\/uploads\/2022\/07\/ESPELHOS-PG4-768x1365.png 768w,https:\/\/www.panoramamoveis.com.br\/blog-wp\/wp-content\/uploads\/2022\/07\/ESPELHOS-PG4-576x1024.png 576w,https:\/\/www.panoramamoveis.com.br\/blog-wp\/wp-content\/uploads\/2022\/07\/ESPELHOS-PG4-169x300.png 169w,https:\/\/www.panoramamoveis.com.br\/blog-wp\/wp-content\/uploads\/2022\/07\/ESPELHOS-PG4-150x267.png 150w\" sizes=\"(min-width: 1024px) 45vh, 100vw\" disable-inline-width=\"true\"><\/amp-img><\/div>\n<\/div>\n<\/div>\n<\/div>\n<\/div>\n<p><\/amp-story-grid-layer><amp-story-grid-layer template=\"vertical\" aspect-ratio=\"412:618\" class=\"grid-layer\"><\/p>\n<div class=\"page-fullbleed-area\">\n<div class=\"page-safe-area\">\n<div style=\"position:absolute;pointer-events:none;left:11.65049%;top:-6.14887%;width:76.69903%;height:63.43042%;opacity:1\">\n<div style=\"pointer-events:initial;width:100%;height:100%;display:block;position:absolute;top:0;left:0;z-index:0\" class=\"mask\" id=\"el-8f9a2f82-b6b9-4c88-9428-abfb59fbc900\">\n<div style=\"position:absolute;width:186.25165%;height:100%;left:-43.12583%;top:0%\" data-leaf-element=\"true\"><amp-img layout=\"fill\" src=\"https:\/\/www.panoramamoveis.com.br\/blog-wp\/wp-content\/uploads\/2025\/03\/melhores-amigos-assistindo-servico-de-streaming-juntos-na-sala-de-estar_23-2149007862.jpg\" alt=\"melhores-amigos-assistindo-servico-de-streaming-juntos-na-sala-de-estar_23-2149007862\" srcSet=\"https:\/\/www.panoramamoveis.com.br\/blog-wp\/wp-content\/uploads\/2025\/03\/melhores-amigos-assistindo-servico-de-streaming-juntos-na-sala-de-estar_23-2149007862.jpg 1060w,https:\/\/www.panoramamoveis.com.br\/blog-wp\/wp-content\/uploads\/2025\/03\/melhores-amigos-assistindo-servico-de-streaming-juntos-na-sala-de-estar_23-2149007862-1024x682.jpg 1024w,https:\/\/www.panoramamoveis.com.br\/blog-wp\/wp-content\/uploads\/2025\/03\/melhores-amigos-assistindo-servico-de-streaming-juntos-na-sala-de-estar_23-2149007862-768x512.jpg 768w,https:\/\/www.panoramamoveis.com.br\/blog-wp\/wp-content\/uploads\/2025\/03\/melhores-amigos-assistindo-servico-de-streaming-juntos-na-sala-de-estar_23-2149007862-300x200.jpg 300w,https:\/\/www.panoramamoveis.com.br\/blog-wp\/wp-content\/uploads\/2025\/03\/melhores-amigos-assistindo-servico-de-streaming-juntos-na-sala-de-estar_23-2149007862-150x100.jpg 150w\" sizes=\"(min-width: 1024px) 35vh, 77vw\" disable-inline-width=\"true\"><\/amp-img><\/div>\n<\/div>\n<\/div>\n<div style=\"position:absolute;pointer-events:none;left:16.99029%;top:-8.41424%;width:13.59223%;height:16.82848%;transform:rotate(270deg);opacity:1\">\n<div style=\"pointer-events:initial;width:100%;height:100%;display:block;position:absolute;top:0;left:0;z-index:0\" class=\"mask\" id=\"el-dc4b5286-4cdb-4ca5-98af-09623f37fb01\">\n<div style=\"position:absolute;width:104.46432%;height:100%;left:-2.23216%;top:0%\" data-leaf-element=\"true\"><amp-img layout=\"fill\" src=\"https:\/\/www.panoramamoveis.com.br\/blog-wp\/wp-content\/uploads\/2021\/11\/Panorama-Moveis-click-1.png\" alt=\"Panorama M\u00f3veis click (1)\" srcSet=\"https:\/\/www.panoramamoveis.com.br\/blog-wp\/wp-content\/uploads\/2021\/11\/Panorama-Moveis-click-1.png 3240w,https:\/\/www.panoramamoveis.com.br\/blog-wp\/wp-content\/uploads\/2021\/11\/Panorama-Moveis-click-1-1980x3520.png 1980w,https:\/\/www.panoramamoveis.com.br\/blog-wp\/wp-content\/uploads\/2021\/11\/Panorama-Moveis-click-1-1200x2133.png 1200w,https:\/\/www.panoramamoveis.com.br\/blog-wp\/wp-content\/uploads\/2021\/11\/Panorama-Moveis-click-1-1152x2048.png 1152w,https:\/\/www.panoramamoveis.com.br\/blog-wp\/wp-content\/uploads\/2021\/11\/Panorama-Moveis-click-1-864x1536.png 864w,https:\/\/www.panoramamoveis.com.br\/blog-wp\/wp-content\/uploads\/2021\/11\/Panorama-Moveis-click-1-768x1365.png 768w,https:\/\/www.panoramamoveis.com.br\/blog-wp\/wp-content\/uploads\/2021\/11\/Panorama-Moveis-click-1-576x1024.png 576w,https:\/\/www.panoramamoveis.com.br\/blog-wp\/wp-content\/uploads\/2021\/11\/Panorama-Moveis-click-1-169x300.png 169w,https:\/\/www.panoramamoveis.com.br\/blog-wp\/wp-content\/uploads\/2021\/11\/Panorama-Moveis-click-1-150x267.png 150w\" sizes=\"(min-width: 1024px) 6vh, 14vw\" disable-inline-width=\"true\"><\/amp-img><\/div>\n<\/div>\n<\/div>\n<div style=\"position:absolute;pointer-events:none;left:12.86408%;top:57.28155%;width:74.02913%;height:45.63107%;opacity:1\">\n<div id=\"anim-9c1d0ac6-cc1f-4506-bb42-8c5424dd7d1c\" class=\"animation-wrapper\" style=\"width:100%;height:100%;display:block;position:absolute;top:0;left:0;--initial-opacity:0;--initial-transform:none\">\n<div style=\"pointer-events:initial;width:100%;height:100%;display:block;position:absolute;top:0;left:0;z-index:0;border-radius:0.6557377049180327% 0.6557377049180327% 0.6557377049180327% 0.6557377049180327% \/ 0.7092198581560284% 0.7092198581560284% 0.7092198581560284% 0.7092198581560284%\" id=\"el-adf7d771-8f41-4de6-8678-ef9ff6761937\">\n<h3 class=\"fill text-wrapper\" style=\"white-space:pre-line;overflow-wrap:break-word;word-break:break-word;margin:1.0632786885245902% 0;font-family:&quot;Oswald&quot;,sans-serif;font-size:0.372168em;line-height:1.2;text-align:left;padding:0;color:#000000\"><span><span style=\"color: #f00\">Em pouco tempo, em abril daquele ano, Manaus (AM) viu seus hospitais colapsarem. N\u00e3o havia leito de UTI para todos os doentes.<\/span><\/p>\n<p><span style=\"color: #f00\">Fato esse que fez com que em Maio o Brasil atingisse a marca de 10 mil morto e se tornasse o epicentro da doen\u00e7a no mundo.<\/span><\/p>\n<p><\/span><\/h3>\n<\/div>\n<\/div>\n<\/div>\n<div style=\"position:absolute;pointer-events:none;left:11.65049%;top:50.32362%;width:76.69903%;height:7.11974%;opacity:1\">\n<div style=\"pointer-events:initial;width:100%;height:100%;display:block;position:absolute;top:0;left:0;z-index:0;border-radius:0.6329113924050633% 0.6329113924050633% 0.6329113924050633% 0.6329113924050633% \/ 4.545454545454546% 4.545454545454546% 4.545454545454546% 4.545454545454546%\" id=\"el-3619a978-e6ec-44d6-a6f7-124f9a6179ba\">\n<h3 class=\"fill text-wrapper\" style=\"white-space:pre-line;overflow-wrap:break-word;word-break:break-word;margin:0;font-family:&quot;Anton&quot;,sans-serif;font-size:0.388350em;line-height:calc(1em + 0.3333333333333333em);text-align:left;padding:0;color:#000000;background-color:rgba(163,0,3,0.6);background:none\"><span style=\"display:block;position:relative;left:0;top:0;margin:1.9191307357594938% 0;-webkit-box-decoration-break:clone;box-decoration-break:clone\"><span style=\"background-color:rgba(163,0,3,0.6);-webkit-box-decoration-break:clone;box-decoration-break:clone;position:relative;padding:1.2658227848101267% 2.5316455696202533%;text-align:left;border-radius:2px 2px 2px 2px;color:transparent\">O primeiro Colapso<\/span><\/span><\/h3>\n<h3 class=\"fill text-wrapper\" style=\"white-space:pre-line;overflow-wrap:break-word;word-break:break-word;margin:0;font-family:&quot;Anton&quot;,sans-serif;font-size:0.388350em;line-height:calc(1em + 0.3333333333333333em);text-align:left;padding:0;color:#000000;background-color:rgba(163,0,3,0.6);background:none;position:absolute;top:0;left:0;right:0\" aria-hidden=\"true\"><span style=\"display:block;position:relative;left:0;top:0;margin:1.9191307357594938% 0;-webkit-box-decoration-break:clone;box-decoration-break:clone\"><span style=\"background-color:rgba(163,0,3,0.6);-webkit-box-decoration-break:clone;box-decoration-break:clone;position:relative;padding:1.2658227848101267% 2.5316455696202533%;text-align:left;border-radius:2px 2px 2px 2px;background:none\"><span style=\"color: #fff\">O primeiro Colapso<\/span><\/span><\/span><\/h3>\n<\/div>\n<\/div>\n<\/div>\n<\/div>\n<p><\/amp-story-grid-layer><\/amp-story-page><amp-story-page id=\"1128a7b0-1e64-4fc3-8e6d-78011d218d35\" auto-advance-after=\"7s\"><amp-story-animation layout=\"nodisplay\" trigger=\"visibility\"><script type=\"application\/json\">[{\"selector\":\"#anim-ff845791-6e7f-4cbb-b47b-9e7ccbb3b07e\",\"keyframes\":{\"opacity\":[0,1]},\"delay\":0,\"duration\":600,\"easing\":\"cubic-bezier(0.4, 0.4, 0.0, 1)\",\"fill\":\"both\"}]<\/script><\/amp-story-animation><amp-story-grid-layer template=\"vertical\" aspect-ratio=\"412:618\" class=\"grid-layer\"><\/p>\n<div class=\"page-fullbleed-area\" style=\"background-color:#d0c9c3\">\n<div class=\"page-safe-area\">\n<div style=\"position:absolute;pointer-events:none;left:0;top:-9.25926%;width:100%;height:118.51852%;opacity:1\">\n<div style=\"pointer-events:initial;width:100%;height:100%;display:block;position:absolute;top:0;left:0;z-index:0\" class=\"mask\" id=\"el-5c6c7c64-2486-4eeb-818f-4fcbc5149be7\">\n<div style=\"position:absolute;width:100%;height:100%;left:0%;top:0%\" data-leaf-element=\"true\"><amp-img layout=\"fill\" src=\"https:\/\/www.panoramamoveis.com.br\/blog-wp\/wp-content\/uploads\/2022\/07\/ESPELHOS-PG4.png\" alt=\"sala com espelho ovalado em cima de bancada de madeira\" srcSet=\"https:\/\/www.panoramamoveis.com.br\/blog-wp\/wp-content\/uploads\/2022\/07\/ESPELHOS-PG4.png 1080w,https:\/\/www.panoramamoveis.com.br\/blog-wp\/wp-content\/uploads\/2022\/07\/ESPELHOS-PG4-864x1536.png 864w,https:\/\/www.panoramamoveis.com.br\/blog-wp\/wp-content\/uploads\/2022\/07\/ESPELHOS-PG4-768x1365.png 768w,https:\/\/www.panoramamoveis.com.br\/blog-wp\/wp-content\/uploads\/2022\/07\/ESPELHOS-PG4-576x1024.png 576w,https:\/\/www.panoramamoveis.com.br\/blog-wp\/wp-content\/uploads\/2022\/07\/ESPELHOS-PG4-169x300.png 169w,https:\/\/www.panoramamoveis.com.br\/blog-wp\/wp-content\/uploads\/2022\/07\/ESPELHOS-PG4-150x267.png 150w\" sizes=\"(min-width: 1024px) 45vh, 100vw\" disable-inline-width=\"true\"><\/amp-img><\/div>\n<\/div>\n<\/div>\n<\/div>\n<\/div>\n<p><\/amp-story-grid-layer><amp-story-grid-layer template=\"vertical\" aspect-ratio=\"412:618\" class=\"grid-layer\"><\/p>\n<div class=\"page-fullbleed-area\">\n<div class=\"page-safe-area\">\n<div style=\"position:absolute;pointer-events:none;left:11.65049%;top:-5.98706%;width:76.69903%;height:63.1068%;opacity:1\">\n<div style=\"pointer-events:initial;width:100%;height:100%;display:block;position:absolute;top:0;left:0;z-index:0\" class=\"mask\" id=\"el-e3aec3c1-8cbe-4db5-acbf-b24015f331e0\">\n<div style=\"position:absolute;width:187.70757%;height:100%;left:-43.85379%;top:0%\" data-leaf-element=\"true\"><amp-img layout=\"fill\" src=\"https:\/\/www.panoramamoveis.com.br\/blog-wp\/wp-content\/uploads\/2025\/03\/20200422011019512749o.jpg\" alt=\"20200422011019512749o\" srcSet=\"https:\/\/www.panoramamoveis.com.br\/blog-wp\/wp-content\/uploads\/2025\/03\/20200422011019512749o.jpg 800w,https:\/\/www.panoramamoveis.com.br\/blog-wp\/wp-content\/uploads\/2025\/03\/20200422011019512749o-768x505.jpg 768w,https:\/\/www.panoramamoveis.com.br\/blog-wp\/wp-content\/uploads\/2025\/03\/20200422011019512749o-300x197.jpg 300w,https:\/\/www.panoramamoveis.com.br\/blog-wp\/wp-content\/uploads\/2025\/03\/20200422011019512749o-150x99.jpg 150w\" sizes=\"(min-width: 1024px) 35vh, 77vw\" disable-inline-width=\"true\"><\/amp-img><\/div>\n<\/div>\n<\/div>\n<div style=\"position:absolute;pointer-events:none;left:11.65049%;top:50%;width:75.72816%;height:7.11974%;opacity:1\">\n<div style=\"pointer-events:initial;width:100%;height:100%;display:block;position:absolute;top:0;left:0;z-index:0;border-radius:0.641025641025641% 0.641025641025641% 0.641025641025641% 0.641025641025641% \/ 4.545454545454546% 4.545454545454546% 4.545454545454546% 4.545454545454546%\" id=\"el-93e6e743-8181-4240-8b7a-66dfc08205f8\">\n<h3 class=\"fill text-wrapper\" style=\"white-space:pre-line;overflow-wrap:break-word;word-break:break-word;margin:0;font-family:&quot;Anton&quot;,sans-serif;font-size:0.388350em;line-height:calc(1em + 0.3333333333333333em);text-align:left;padding:0;color:#000000;background-color:rgba(163,0,3,0.6);background:none\"><span style=\"display:block;position:relative;left:0;top:0;margin:1.9437349759615383% 0;-webkit-box-decoration-break:clone;box-decoration-break:clone\"><span style=\"background-color:rgba(163,0,3,0.6);-webkit-box-decoration-break:clone;box-decoration-break:clone;position:relative;padding:1.282051282051282% 2.564102564102564%;text-align:left;border-radius:2px 2px 2px 2px;color:transparent\">Mais de 1000 mortes por dia<\/span><\/span><\/h3>\n<h3 class=\"fill text-wrapper\" style=\"white-space:pre-line;overflow-wrap:break-word;word-break:break-word;margin:0;font-family:&quot;Anton&quot;,sans-serif;font-size:0.388350em;line-height:calc(1em + 0.3333333333333333em);text-align:left;padding:0;color:#000000;background-color:rgba(163,0,3,0.6);background:none;position:absolute;top:0;left:0;right:0\" aria-hidden=\"true\"><span style=\"display:block;position:relative;left:0;top:0;margin:1.9437349759615383% 0;-webkit-box-decoration-break:clone;box-decoration-break:clone\"><span style=\"background-color:rgba(163,0,3,0.6);-webkit-box-decoration-break:clone;box-decoration-break:clone;position:relative;padding:1.282051282051282% 2.564102564102564%;text-align:left;border-radius:2px 2px 2px 2px;background:none\"><span style=\"color: #fff\">Mais de 1000 mortes por dia<\/span><\/span><\/span><\/h3>\n<\/div>\n<\/div>\n<div style=\"position:absolute;pointer-events:none;left:16.99029%;top:-8.41424%;width:13.59223%;height:16.82848%;transform:rotate(270deg);opacity:1\">\n<div style=\"pointer-events:initial;width:100%;height:100%;display:block;position:absolute;top:0;left:0;z-index:0\" class=\"mask\" id=\"el-162aabfd-28a2-4a64-9c95-eedf4a07ed8e\">\n<div style=\"position:absolute;width:104.46432%;height:100%;left:-2.23216%;top:0%\" data-leaf-element=\"true\"><amp-img layout=\"fill\" src=\"https:\/\/www.panoramamoveis.com.br\/blog-wp\/wp-content\/uploads\/2021\/11\/Panorama-Moveis-click-1.png\" alt=\"Panorama M\u00f3veis click (1)\" srcSet=\"https:\/\/www.panoramamoveis.com.br\/blog-wp\/wp-content\/uploads\/2021\/11\/Panorama-Moveis-click-1.png 3240w,https:\/\/www.panoramamoveis.com.br\/blog-wp\/wp-content\/uploads\/2021\/11\/Panorama-Moveis-click-1-1980x3520.png 1980w,https:\/\/www.panoramamoveis.com.br\/blog-wp\/wp-content\/uploads\/2021\/11\/Panorama-Moveis-click-1-1200x2133.png 1200w,https:\/\/www.panoramamoveis.com.br\/blog-wp\/wp-content\/uploads\/2021\/11\/Panorama-Moveis-click-1-1152x2048.png 1152w,https:\/\/www.panoramamoveis.com.br\/blog-wp\/wp-content\/uploads\/2021\/11\/Panorama-Moveis-click-1-864x1536.png 864w,https:\/\/www.panoramamoveis.com.br\/blog-wp\/wp-content\/uploads\/2021\/11\/Panorama-Moveis-click-1-768x1365.png 768w,https:\/\/www.panoramamoveis.com.br\/blog-wp\/wp-content\/uploads\/2021\/11\/Panorama-Moveis-click-1-576x1024.png 576w,https:\/\/www.panoramamoveis.com.br\/blog-wp\/wp-content\/uploads\/2021\/11\/Panorama-Moveis-click-1-169x300.png 169w,https:\/\/www.panoramamoveis.com.br\/blog-wp\/wp-content\/uploads\/2021\/11\/Panorama-Moveis-click-1-150x267.png 150w\" sizes=\"(min-width: 1024px) 6vh, 14vw\" disable-inline-width=\"true\"><\/amp-img><\/div>\n<\/div>\n<\/div>\n<div style=\"position:absolute;pointer-events:none;left:12.37864%;top:57.11974%;width:75.24272%;height:41.26214%;opacity:1\">\n<div id=\"anim-ff845791-6e7f-4cbb-b47b-9e7ccbb3b07e\" class=\"animation-wrapper\" style=\"width:100%;height:100%;display:block;position:absolute;top:0;left:0;--initial-opacity:0;--initial-transform:none\">\n<div style=\"pointer-events:initial;width:100%;height:100%;display:block;position:absolute;top:0;left:0;z-index:0;border-radius:0.6451612903225806% 0.6451612903225806% 0.6451612903225806% 0.6451612903225806% \/ 0.7843137254901961% 0.7843137254901961% 0.7843137254901961% 0.7843137254901961%\" id=\"el-fbd92668-2fca-4988-84b9-f18b7633231d\">\n<h3 class=\"fill text-wrapper\" style=\"white-space:pre-line;overflow-wrap:break-word;word-break:break-word;margin:1.0461290322580645% 0;font-family:&quot;Oswald&quot;,sans-serif;font-size:0.372168em;line-height:1.2;text-align:left;padding:0;color:#000000\"><span><span style=\"color: #f00\">Em julho daquele ano, o pa\u00eds j\u00e1 registrada mais de 1000 mortes por dia somente por COVID-19.<\/span><\/p>\n<p><span style=\"color: #f00\">Enquanto as classes mais baixas sofriam com a falta d&#8217;agua e acesso \u00e0 sa\u00fade, outros grupos se isolavam em home office \u00e0 espera de um milagre.<\/span><\/p>\n<p><\/span><\/h3>\n<\/div>\n<\/div>\n<\/div>\n<\/div>\n<\/div>\n<p><\/amp-story-grid-layer><\/amp-story-page><amp-story-page id=\"7b9a6ba1-838e-4ed1-b376-abee7b3ad3c1\" auto-advance-after=\"7s\"><amp-story-animation layout=\"nodisplay\" trigger=\"visibility\"><script type=\"application\/json\">[{\"selector\":\"#anim-7a67643c-5d18-48ba-afc1-a5fc2002454c\",\"keyframes\":{\"opacity\":[0,1]},\"delay\":0,\"duration\":600,\"easing\":\"cubic-bezier(0.4, 0.4, 0.0, 1)\",\"fill\":\"both\"}]<\/script><\/amp-story-animation><amp-story-grid-layer template=\"vertical\" aspect-ratio=\"412:618\" class=\"grid-layer\"><\/p>\n<div class=\"page-fullbleed-area\" style=\"background-color:#d0c9c3\">\n<div class=\"page-safe-area\">\n<div style=\"position:absolute;pointer-events:none;left:0;top:-9.25926%;width:100%;height:118.51852%;opacity:1\">\n<div style=\"pointer-events:initial;width:100%;height:100%;display:block;position:absolute;top:0;left:0;z-index:0\" class=\"mask\" id=\"el-5f47bf81-460d-44e1-b366-4e4398b80e15\">\n<div style=\"position:absolute;width:100%;height:100%;left:0%;top:0%\" data-leaf-element=\"true\"><amp-img layout=\"fill\" src=\"https:\/\/www.panoramamoveis.com.br\/blog-wp\/wp-content\/uploads\/2022\/07\/ESPELHOS-PG4.png\" alt=\"sala com espelho ovalado em cima de bancada de madeira\" srcSet=\"https:\/\/www.panoramamoveis.com.br\/blog-wp\/wp-content\/uploads\/2022\/07\/ESPELHOS-PG4.png 1080w,https:\/\/www.panoramamoveis.com.br\/blog-wp\/wp-content\/uploads\/2022\/07\/ESPELHOS-PG4-864x1536.png 864w,https:\/\/www.panoramamoveis.com.br\/blog-wp\/wp-content\/uploads\/2022\/07\/ESPELHOS-PG4-768x1365.png 768w,https:\/\/www.panoramamoveis.com.br\/blog-wp\/wp-content\/uploads\/2022\/07\/ESPELHOS-PG4-576x1024.png 576w,https:\/\/www.panoramamoveis.com.br\/blog-wp\/wp-content\/uploads\/2022\/07\/ESPELHOS-PG4-169x300.png 169w,https:\/\/www.panoramamoveis.com.br\/blog-wp\/wp-content\/uploads\/2022\/07\/ESPELHOS-PG4-150x267.png 150w\" sizes=\"(min-width: 1024px) 45vh, 100vw\" disable-inline-width=\"true\"><\/amp-img><\/div>\n<\/div>\n<\/div>\n<\/div>\n<\/div>\n<p><\/amp-story-grid-layer><amp-story-grid-layer template=\"vertical\" aspect-ratio=\"412:618\" class=\"grid-layer\"><\/p>\n<div class=\"page-fullbleed-area\">\n<div class=\"page-safe-area\">\n<div style=\"position:absolute;pointer-events:none;left:11.65049%;top:-5.66343%;width:76.69903%;height:62.78317%;opacity:1\">\n<div style=\"pointer-events:initial;width:100%;height:100%;display:block;position:absolute;top:0;left:0;z-index:0\" class=\"mask\" id=\"el-ea86ee2e-e60e-492c-afd8-4eb2e1b853c2\">\n<div style=\"position:absolute;width:102.9808%;height:100%;left:-1.4904%;top:0%\" data-leaf-element=\"true\"><amp-img layout=\"fill\" src=\"https:\/\/www.panoramamoveis.com.br\/blog-wp\/wp-content\/uploads\/2025\/03\/ministeriosaude-crop-20200519155229-660x372-2.jpg\" alt=\"ministeriosaude-crop-20200519155229-660x372\" srcSet=\"https:\/\/www.panoramamoveis.com.br\/blog-wp\/wp-content\/uploads\/2025\/03\/ministeriosaude-crop-20200519155229-660x372-2.jpg 312w,https:\/\/www.panoramamoveis.com.br\/blog-wp\/wp-content\/uploads\/2025\/03\/ministeriosaude-crop-20200519155229-660x372-2-252x300.jpg 252w,https:\/\/www.panoramamoveis.com.br\/blog-wp\/wp-content\/uploads\/2025\/03\/ministeriosaude-crop-20200519155229-660x372-2-150x179.jpg 150w\" sizes=\"(min-width: 1024px) 35vh, 77vw\" disable-inline-width=\"true\"><\/amp-img><\/div>\n<\/div>\n<\/div>\n<div style=\"position:absolute;pointer-events:none;left:11.65049%;top:44.82201%;width:75.97087%;height:12.29773%;opacity:1\">\n<div style=\"pointer-events:initial;width:100%;height:100%;display:block;position:absolute;top:0;left:0;z-index:0;border-radius:0.6389776357827476% 0.6389776357827476% 0.6389776357827476% 0.6389776357827476% \/ 2.631578947368421% 2.631578947368421% 2.631578947368421% 2.631578947368421%\" id=\"el-83b8bfca-2472-4f72-9818-5e6ebb7cd456\">\n<h3 class=\"fill text-wrapper\" style=\"white-space:pre-line;overflow-wrap:break-word;word-break:break-word;margin:0;font-family:&quot;Anton&quot;,sans-serif;font-size:0.388350em;line-height:calc(1em + 0.3333333333333333em);text-align:left;padding:0;color:#000000;background-color:rgba(163,0,3,0.6);background:none\"><span style=\"display:block;position:relative;left:0;top:0;margin:1.9375249600638977% 0;-webkit-box-decoration-break:clone;box-decoration-break:clone\"><span style=\"background-color:rgba(163,0,3,0.6);-webkit-box-decoration-break:clone;box-decoration-break:clone;position:relative;padding:1.2779552715654952% 2.5559105431309903%;text-align:left;border-radius:2px 2px 2px 2px;color:transparent\">Sem um plano para lidar com a doen\u00e7a<\/span><\/span><\/h3>\n<h3 class=\"fill text-wrapper\" style=\"white-space:pre-line;overflow-wrap:break-word;word-break:break-word;margin:0;font-family:&quot;Anton&quot;,sans-serif;font-size:0.388350em;line-height:calc(1em + 0.3333333333333333em);text-align:left;padding:0;color:#000000;background-color:rgba(163,0,3,0.6);background:none;position:absolute;top:0;left:0;right:0\" aria-hidden=\"true\"><span style=\"display:block;position:relative;left:0;top:0;margin:1.9375249600638977% 0;-webkit-box-decoration-break:clone;box-decoration-break:clone\"><span style=\"background-color:rgba(163,0,3,0.6);-webkit-box-decoration-break:clone;box-decoration-break:clone;position:relative;padding:1.2779552715654952% 2.5559105431309903%;text-align:left;border-radius:2px 2px 2px 2px;background:none\"><span style=\"color: #fff\">Sem um plano para lidar com a doen\u00e7a<\/span><\/span><\/span><\/h3>\n<\/div>\n<\/div>\n<div style=\"position:absolute;pointer-events:none;left:16.99029%;top:-8.41424%;width:13.59223%;height:16.82848%;transform:rotate(270deg);opacity:1\">\n<div style=\"pointer-events:initial;width:100%;height:100%;display:block;position:absolute;top:0;left:0;z-index:0\" class=\"mask\" id=\"el-ede1c524-98b2-45f3-af44-34978374b940\">\n<div style=\"position:absolute;width:104.46432%;height:100%;left:-2.23216%;top:0%\" data-leaf-element=\"true\"><amp-img layout=\"fill\" src=\"https:\/\/www.panoramamoveis.com.br\/blog-wp\/wp-content\/uploads\/2021\/11\/Panorama-Moveis-click-1.png\" alt=\"Panorama M\u00f3veis click (1)\" srcSet=\"https:\/\/www.panoramamoveis.com.br\/blog-wp\/wp-content\/uploads\/2021\/11\/Panorama-Moveis-click-1.png 3240w,https:\/\/www.panoramamoveis.com.br\/blog-wp\/wp-content\/uploads\/2021\/11\/Panorama-Moveis-click-1-1980x3520.png 1980w,https:\/\/www.panoramamoveis.com.br\/blog-wp\/wp-content\/uploads\/2021\/11\/Panorama-Moveis-click-1-1200x2133.png 1200w,https:\/\/www.panoramamoveis.com.br\/blog-wp\/wp-content\/uploads\/2021\/11\/Panorama-Moveis-click-1-1152x2048.png 1152w,https:\/\/www.panoramamoveis.com.br\/blog-wp\/wp-content\/uploads\/2021\/11\/Panorama-Moveis-click-1-864x1536.png 864w,https:\/\/www.panoramamoveis.com.br\/blog-wp\/wp-content\/uploads\/2021\/11\/Panorama-Moveis-click-1-768x1365.png 768w,https:\/\/www.panoramamoveis.com.br\/blog-wp\/wp-content\/uploads\/2021\/11\/Panorama-Moveis-click-1-576x1024.png 576w,https:\/\/www.panoramamoveis.com.br\/blog-wp\/wp-content\/uploads\/2021\/11\/Panorama-Moveis-click-1-169x300.png 169w,https:\/\/www.panoramamoveis.com.br\/blog-wp\/wp-content\/uploads\/2021\/11\/Panorama-Moveis-click-1-150x267.png 150w\" sizes=\"(min-width: 1024px) 6vh, 14vw\" disable-inline-width=\"true\"><\/amp-img><\/div>\n<\/div>\n<\/div>\n<div style=\"position:absolute;pointer-events:none;left:12.37864%;top:57.11974%;width:75.24272%;height:41.26214%;opacity:1\">\n<div id=\"anim-7a67643c-5d18-48ba-afc1-a5fc2002454c\" class=\"animation-wrapper\" style=\"width:100%;height:100%;display:block;position:absolute;top:0;left:0;--initial-opacity:0;--initial-transform:none\">\n<div style=\"pointer-events:initial;width:100%;height:100%;display:block;position:absolute;top:0;left:0;z-index:0;border-radius:0.6451612903225806% 0.6451612903225806% 0.6451612903225806% 0.6451612903225806% \/ 0.7843137254901961% 0.7843137254901961% 0.7843137254901961% 0.7843137254901961%\" id=\"el-032dca4e-ec38-4d55-b099-b7ac49deb989\">\n<h3 class=\"fill text-wrapper\" style=\"white-space:pre-line;overflow-wrap:break-word;word-break:break-word;margin:1.0461290322580645% 0;font-family:&quot;Oswald&quot;,sans-serif;font-size:0.372168em;line-height:1.2;text-align:left;padding:0;color:#000000\"><span><span style=\"color: #f00\">Em dezembro, apesar dos mais de 190 mil mortos, no Brasil ainda n\u00e3o havia um plano concreto para enfrentar a doen\u00e7a.<\/span><\/p>\n<p><span style=\"color: #f00\">Para se ter uma id\u00e9ia, de mar\u00e7o a dezembro o pa\u00eds teve tr\u00eas ministros de sa\u00fade diferentes. Cada um com um forma de enxergar a doen\u00e7a.<\/span><\/span><\/h3>\n<\/div>\n<\/div>\n<\/div>\n<\/div>\n<\/div>\n<p><\/amp-story-grid-layer><\/amp-story-page><amp-story-page id=\"f02d5e43-2c3e-4887-8cf1-87ea191cad1b\" auto-advance-after=\"7s\"><amp-story-animation layout=\"nodisplay\" trigger=\"visibility\"><script type=\"application\/json\">[{\"selector\":\"#anim-32bc35e0-762d-4750-8414-e39e4b4a8881\",\"keyframes\":{\"opacity\":[0,1]},\"delay\":0,\"duration\":600,\"easing\":\"cubic-bezier(0.4, 0.4, 0.0, 1)\",\"fill\":\"both\"}]<\/script><\/amp-story-animation><amp-story-grid-layer template=\"vertical\" aspect-ratio=\"412:618\" class=\"grid-layer\"><\/p>\n<div class=\"page-fullbleed-area\" style=\"background-color:#d0c9c3\">\n<div class=\"page-safe-area\">\n<div style=\"position:absolute;pointer-events:none;left:0;top:-9.25926%;width:100%;height:118.51852%;opacity:1\">\n<div style=\"pointer-events:initial;width:100%;height:100%;display:block;position:absolute;top:0;left:0;z-index:0\" class=\"mask\" id=\"el-92c58eaf-8d37-4444-b830-7102b7b19d11\">\n<div style=\"position:absolute;width:100%;height:100%;left:0%;top:0%\" data-leaf-element=\"true\"><amp-img layout=\"fill\" src=\"https:\/\/www.panoramamoveis.com.br\/blog-wp\/wp-content\/uploads\/2022\/07\/ESPELHOS-PG4.png\" alt=\"sala com espelho ovalado em cima de bancada de madeira\" srcSet=\"https:\/\/www.panoramamoveis.com.br\/blog-wp\/wp-content\/uploads\/2022\/07\/ESPELHOS-PG4.png 1080w,https:\/\/www.panoramamoveis.com.br\/blog-wp\/wp-content\/uploads\/2022\/07\/ESPELHOS-PG4-864x1536.png 864w,https:\/\/www.panoramamoveis.com.br\/blog-wp\/wp-content\/uploads\/2022\/07\/ESPELHOS-PG4-768x1365.png 768w,https:\/\/www.panoramamoveis.com.br\/blog-wp\/wp-content\/uploads\/2022\/07\/ESPELHOS-PG4-576x1024.png 576w,https:\/\/www.panoramamoveis.com.br\/blog-wp\/wp-content\/uploads\/2022\/07\/ESPELHOS-PG4-169x300.png 169w,https:\/\/www.panoramamoveis.com.br\/blog-wp\/wp-content\/uploads\/2022\/07\/ESPELHOS-PG4-150x267.png 150w\" sizes=\"(min-width: 1024px) 45vh, 100vw\" disable-inline-width=\"true\"><\/amp-img><\/div>\n<\/div>\n<\/div>\n<\/div>\n<\/div>\n<p><\/amp-story-grid-layer><amp-story-grid-layer template=\"vertical\" aspect-ratio=\"412:618\" class=\"grid-layer\"><\/p>\n<div class=\"page-fullbleed-area\">\n<div class=\"page-safe-area\">\n<div style=\"position:absolute;pointer-events:none;left:12.13592%;top:-5.98706%;width:76.21359%;height:63.1068%;opacity:1\">\n<div style=\"pointer-events:initial;width:100%;height:100%;display:block;position:absolute;top:0;left:0;z-index:0\" class=\"mask\" id=\"el-4fcf4fe4-77ca-4a31-8b2c-6ffa2a4bc485\">\n<div style=\"position:absolute;width:186.48168%;height:100%;left:-43.24084%;top:0%\" data-leaf-element=\"true\"><amp-img layout=\"fill\" src=\"https:\/\/www.panoramamoveis.com.br\/blog-wp\/wp-content\/uploads\/2025\/03\/close-de-um-pediatra-preparando-vacina-para-uma-crianca_637285-10527-1.jpg\" alt=\"close-de-um-pediatra-preparando-vacina-para-uma-crianca_637285-10527\" srcSet=\"https:\/\/www.panoramamoveis.com.br\/blog-wp\/wp-content\/uploads\/2025\/03\/close-de-um-pediatra-preparando-vacina-para-uma-crianca_637285-10527-1.jpg 1060w,https:\/\/www.panoramamoveis.com.br\/blog-wp\/wp-content\/uploads\/2025\/03\/close-de-um-pediatra-preparando-vacina-para-uma-crianca_637285-10527-1-1024x682.jpg 1024w,https:\/\/www.panoramamoveis.com.br\/blog-wp\/wp-content\/uploads\/2025\/03\/close-de-um-pediatra-preparando-vacina-para-uma-crianca_637285-10527-1-768x512.jpg 768w,https:\/\/www.panoramamoveis.com.br\/blog-wp\/wp-content\/uploads\/2025\/03\/close-de-um-pediatra-preparando-vacina-para-uma-crianca_637285-10527-1-300x200.jpg 300w,https:\/\/www.panoramamoveis.com.br\/blog-wp\/wp-content\/uploads\/2025\/03\/close-de-um-pediatra-preparando-vacina-para-uma-crianca_637285-10527-1-150x100.jpg 150w\" sizes=\"(min-width: 1024px) 34vh, 76vw\" disable-inline-width=\"true\"><\/amp-img><\/div>\n<\/div>\n<\/div>\n<div style=\"position:absolute;pointer-events:none;left:12.37864%;top:50%;width:75.97087%;height:7.11974%;opacity:1\">\n<div style=\"pointer-events:initial;width:100%;height:100%;display:block;position:absolute;top:0;left:0;z-index:0;border-radius:0.6389776357827476% 0.6389776357827476% 0.6389776357827476% 0.6389776357827476% \/ 4.545454545454546% 4.545454545454546% 4.545454545454546% 4.545454545454546%\" id=\"el-38847915-1a56-4277-895c-77a92f6a37f1\">\n<h3 class=\"fill text-wrapper\" style=\"white-space:pre-line;overflow-wrap:break-word;word-break:break-word;margin:0;font-family:&quot;Anton&quot;,sans-serif;font-size:0.388350em;line-height:calc(1em + 0.3333333333333333em);text-align:left;padding:0;color:#000000;background-color:rgba(163,0,3,0.6);background:none\"><span style=\"display:block;position:relative;left:0;top:0;margin:1.9375249600638977% 0;-webkit-box-decoration-break:clone;box-decoration-break:clone\"><span style=\"background-color:rgba(163,0,3,0.6);-webkit-box-decoration-break:clone;box-decoration-break:clone;position:relative;padding:1.2779552715654952% 2.5559105431309903%;text-align:left;border-radius:2px 2px 2px 2px;color:transparent\">Aprova\u00e7\u00e3o da Vacina<\/span><\/span><\/h3>\n<h3 class=\"fill text-wrapper\" style=\"white-space:pre-line;overflow-wrap:break-word;word-break:break-word;margin:0;font-family:&quot;Anton&quot;,sans-serif;font-size:0.388350em;line-height:calc(1em + 0.3333333333333333em);text-align:left;padding:0;color:#000000;background-color:rgba(163,0,3,0.6);background:none;position:absolute;top:0;left:0;right:0\" aria-hidden=\"true\"><span style=\"display:block;position:relative;left:0;top:0;margin:1.9375249600638977% 0;-webkit-box-decoration-break:clone;box-decoration-break:clone\"><span style=\"background-color:rgba(163,0,3,0.6);-webkit-box-decoration-break:clone;box-decoration-break:clone;position:relative;padding:1.2779552715654952% 2.5559105431309903%;text-align:left;border-radius:2px 2px 2px 2px;background:none\"><span style=\"color: #fff\">Aprova\u00e7\u00e3o da Vacina<\/span><\/span><\/span><\/h3>\n<\/div>\n<\/div>\n<div style=\"position:absolute;pointer-events:none;left:16.99029%;top:-8.41424%;width:13.59223%;height:16.82848%;transform:rotate(270deg);opacity:1\">\n<div style=\"pointer-events:initial;width:100%;height:100%;display:block;position:absolute;top:0;left:0;z-index:0\" class=\"mask\" id=\"el-3785536e-89c5-486e-987a-721846f9b468\">\n<div style=\"position:absolute;width:104.46432%;height:100%;left:-2.23216%;top:0%\" data-leaf-element=\"true\"><amp-img layout=\"fill\" src=\"https:\/\/www.panoramamoveis.com.br\/blog-wp\/wp-content\/uploads\/2021\/11\/Panorama-Moveis-click-1.png\" alt=\"Panorama M\u00f3veis click (1)\" srcSet=\"https:\/\/www.panoramamoveis.com.br\/blog-wp\/wp-content\/uploads\/2021\/11\/Panorama-Moveis-click-1.png 3240w,https:\/\/www.panoramamoveis.com.br\/blog-wp\/wp-content\/uploads\/2021\/11\/Panorama-Moveis-click-1-1980x3520.png 1980w,https:\/\/www.panoramamoveis.com.br\/blog-wp\/wp-content\/uploads\/2021\/11\/Panorama-Moveis-click-1-1200x2133.png 1200w,https:\/\/www.panoramamoveis.com.br\/blog-wp\/wp-content\/uploads\/2021\/11\/Panorama-Moveis-click-1-1152x2048.png 1152w,https:\/\/www.panoramamoveis.com.br\/blog-wp\/wp-content\/uploads\/2021\/11\/Panorama-Moveis-click-1-864x1536.png 864w,https:\/\/www.panoramamoveis.com.br\/blog-wp\/wp-content\/uploads\/2021\/11\/Panorama-Moveis-click-1-768x1365.png 768w,https:\/\/www.panoramamoveis.com.br\/blog-wp\/wp-content\/uploads\/2021\/11\/Panorama-Moveis-click-1-576x1024.png 576w,https:\/\/www.panoramamoveis.com.br\/blog-wp\/wp-content\/uploads\/2021\/11\/Panorama-Moveis-click-1-169x300.png 169w,https:\/\/www.panoramamoveis.com.br\/blog-wp\/wp-content\/uploads\/2021\/11\/Panorama-Moveis-click-1-150x267.png 150w\" sizes=\"(min-width: 1024px) 6vh, 14vw\" disable-inline-width=\"true\"><\/amp-img><\/div>\n<\/div>\n<\/div>\n<div style=\"position:absolute;pointer-events:none;left:12.13592%;top:57.11974%;width:75.24272%;height:36.73139%;opacity:1\">\n<div id=\"anim-32bc35e0-762d-4750-8414-e39e4b4a8881\" class=\"animation-wrapper\" style=\"width:100%;height:100%;display:block;position:absolute;top:0;left:0;--initial-opacity:0;--initial-transform:none\">\n<div style=\"pointer-events:initial;width:100%;height:100%;display:block;position:absolute;top:0;left:0;z-index:0;border-radius:0.6451612903225806% 0.6451612903225806% 0.6451612903225806% 0.6451612903225806% \/ 0.881057268722467% 0.881057268722467% 0.881057268722467% 0.881057268722467%\" id=\"el-79275aa8-b6ee-481a-9b83-268759d31ed4\">\n<h3 class=\"fill text-wrapper\" style=\"white-space:pre-line;overflow-wrap:break-word;word-break:break-word;margin:1.0461290322580645% 0;font-family:&quot;Oswald&quot;,sans-serif;font-size:0.372168em;line-height:1.2;text-align:left;padding:0;color:#000000\"><span><span style=\"color: #f00\">Em janeiro de 2021, quase 1 ano ap\u00f3s a declara\u00e7\u00e3o de pandemia, o Supremo Tribunal Federa, aprovou, juntamente com a ANVISA, a produ\u00e7\u00e3o da vacina CoronaVAc do Instituto Butantan e a Astrazeneca da FioCruz.<\/span><\/p>\n<p><\/span><\/h3>\n<\/div>\n<\/div>\n<\/div>\n<\/div>\n<\/div>\n<p><\/amp-story-grid-layer><\/amp-story-page><amp-story-page id=\"0bdac63d-8073-43d6-9ad0-abd31a886d7b\" auto-advance-after=\"7s\"><amp-story-animation layout=\"nodisplay\" trigger=\"visibility\"><script type=\"application\/json\">[{\"selector\":\"#anim-99aca950-a5f2-46bb-8f57-e5c8192be176\",\"keyframes\":{\"opacity\":[0,1]},\"delay\":0,\"duration\":600,\"easing\":\"cubic-bezier(0.4, 0.4, 0.0, 1)\",\"fill\":\"both\"}]<\/script><\/amp-story-animation><amp-story-grid-layer template=\"vertical\" aspect-ratio=\"412:618\" class=\"grid-layer\"><\/p>\n<div class=\"page-fullbleed-area\" style=\"background-color:#d0c9c3\">\n<div class=\"page-safe-area\">\n<div style=\"position:absolute;pointer-events:none;left:0;top:-9.25926%;width:100%;height:118.51852%;opacity:1\">\n<div style=\"pointer-events:initial;width:100%;height:100%;display:block;position:absolute;top:0;left:0;z-index:0\" class=\"mask\" id=\"el-9c84686a-db7a-45b3-9b9b-fa08ede9150b\">\n<div style=\"position:absolute;width:100%;height:100%;left:0%;top:0%\" data-leaf-element=\"true\"><amp-img layout=\"fill\" src=\"https:\/\/www.panoramamoveis.com.br\/blog-wp\/wp-content\/uploads\/2022\/07\/ESPELHOS-PG4.png\" alt=\"sala com espelho ovalado em cima de bancada de madeira\" srcSet=\"https:\/\/www.panoramamoveis.com.br\/blog-wp\/wp-content\/uploads\/2022\/07\/ESPELHOS-PG4.png 1080w,https:\/\/www.panoramamoveis.com.br\/blog-wp\/wp-content\/uploads\/2022\/07\/ESPELHOS-PG4-864x1536.png 864w,https:\/\/www.panoramamoveis.com.br\/blog-wp\/wp-content\/uploads\/2022\/07\/ESPELHOS-PG4-768x1365.png 768w,https:\/\/www.panoramamoveis.com.br\/blog-wp\/wp-content\/uploads\/2022\/07\/ESPELHOS-PG4-576x1024.png 576w,https:\/\/www.panoramamoveis.com.br\/blog-wp\/wp-content\/uploads\/2022\/07\/ESPELHOS-PG4-169x300.png 169w,https:\/\/www.panoramamoveis.com.br\/blog-wp\/wp-content\/uploads\/2022\/07\/ESPELHOS-PG4-150x267.png 150w\" sizes=\"(min-width: 1024px) 45vh, 100vw\" disable-inline-width=\"true\"><\/amp-img><\/div>\n<\/div>\n<\/div>\n<\/div>\n<\/div>\n<p><\/amp-story-grid-layer><amp-story-grid-layer template=\"vertical\" aspect-ratio=\"412:618\" class=\"grid-layer\"><\/p>\n<div class=\"page-fullbleed-area\">\n<div class=\"page-safe-area\">\n<div style=\"position:absolute;pointer-events:none;left:11.8932%;top:-5.98706%;width:76.21359%;height:63.1068%;opacity:1\">\n<div style=\"pointer-events:initial;width:100%;height:100%;display:block;position:absolute;top:0;left:0;z-index:0\" class=\"mask\" id=\"el-3a6c6fda-4ac6-44ca-b8d4-c5bd7d4d6573\">\n<div style=\"position:absolute;width:186.48168%;height:100%;left:-43.24084%;top:0%\" data-leaf-element=\"true\"><amp-img layout=\"fill\" src=\"https:\/\/www.panoramamoveis.com.br\/blog-wp\/wp-content\/uploads\/2025\/03\/mulher-vestindo-uma-mascara-medica-usando-desinfetante-para-as-maos_23-2148501800.jpg\" alt=\"mulher-vestindo-uma-mascara-medica-usando-desinfetante-para-as-maos_23-2148501800\" srcSet=\"https:\/\/www.panoramamoveis.com.br\/blog-wp\/wp-content\/uploads\/2025\/03\/mulher-vestindo-uma-mascara-medica-usando-desinfetante-para-as-maos_23-2148501800.jpg 1060w,https:\/\/www.panoramamoveis.com.br\/blog-wp\/wp-content\/uploads\/2025\/03\/mulher-vestindo-uma-mascara-medica-usando-desinfetante-para-as-maos_23-2148501800-1024x682.jpg 1024w,https:\/\/www.panoramamoveis.com.br\/blog-wp\/wp-content\/uploads\/2025\/03\/mulher-vestindo-uma-mascara-medica-usando-desinfetante-para-as-maos_23-2148501800-768x512.jpg 768w,https:\/\/www.panoramamoveis.com.br\/blog-wp\/wp-content\/uploads\/2025\/03\/mulher-vestindo-uma-mascara-medica-usando-desinfetante-para-as-maos_23-2148501800-300x200.jpg 300w,https:\/\/www.panoramamoveis.com.br\/blog-wp\/wp-content\/uploads\/2025\/03\/mulher-vestindo-uma-mascara-medica-usando-desinfetante-para-as-maos_23-2148501800-150x100.jpg 150w\" sizes=\"(min-width: 1024px) 34vh, 76vw\" disable-inline-width=\"true\"><\/amp-img><\/div>\n<\/div>\n<\/div>\n<div style=\"position:absolute;pointer-events:none;left:12.13592%;top:50%;width:75.24272%;height:7.11974%;opacity:1\">\n<div style=\"pointer-events:initial;width:100%;height:100%;display:block;position:absolute;top:0;left:0;z-index:0;border-radius:0.6451612903225806% 0.6451612903225806% 0.6451612903225806% 0.6451612903225806% \/ 4.545454545454546% 4.545454545454546% 4.545454545454546% 4.545454545454546%\" id=\"el-59fca1bb-7676-4132-b5c3-d4aa97d11205\">\n<h3 class=\"fill text-wrapper\" style=\"white-space:pre-line;overflow-wrap:break-word;word-break:break-word;margin:0;font-family:&quot;Anton&quot;,sans-serif;font-size:0.388350em;line-height:calc(1em + 0.3333333333333333em);text-align:left;padding:0;color:#000000;background-color:rgba(163,0,3,0.6);background:none\"><span style=\"display:block;position:relative;left:0;top:0;margin:1.956275201612903% 0;-webkit-box-decoration-break:clone;box-decoration-break:clone\"><span style=\"background-color:rgba(163,0,3,0.6);-webkit-box-decoration-break:clone;box-decoration-break:clone;position:relative;padding:1.2903225806451613% 2.5806451612903225%;text-align:left;border-radius:2px 2px 2px 2px;color:transparent\">Um ano ap\u00f3s o in\u00edcio<\/span><\/span><\/h3>\n<h3 class=\"fill text-wrapper\" style=\"white-space:pre-line;overflow-wrap:break-word;word-break:break-word;margin:0;font-family:&quot;Anton&quot;,sans-serif;font-size:0.388350em;line-height:calc(1em + 0.3333333333333333em);text-align:left;padding:0;color:#000000;background-color:rgba(163,0,3,0.6);background:none;position:absolute;top:0;left:0;right:0\" aria-hidden=\"true\"><span style=\"display:block;position:relative;left:0;top:0;margin:1.956275201612903% 0;-webkit-box-decoration-break:clone;box-decoration-break:clone\"><span style=\"background-color:rgba(163,0,3,0.6);-webkit-box-decoration-break:clone;box-decoration-break:clone;position:relative;padding:1.2903225806451613% 2.5806451612903225%;text-align:left;border-radius:2px 2px 2px 2px;background:none\"><span style=\"color: #fff\">Um ano ap\u00f3s o in\u00edcio<\/span><\/span><\/span><\/h3>\n<\/div>\n<\/div>\n<div style=\"position:absolute;pointer-events:none;left:16.99029%;top:-8.41424%;width:13.59223%;height:16.82848%;transform:rotate(270deg);opacity:1\">\n<div style=\"pointer-events:initial;width:100%;height:100%;display:block;position:absolute;top:0;left:0;z-index:0\" class=\"mask\" id=\"el-67d076af-384e-4837-8255-4bdc620cfccf\">\n<div style=\"position:absolute;width:104.46432%;height:100%;left:-2.23216%;top:0%\" data-leaf-element=\"true\"><amp-img layout=\"fill\" src=\"https:\/\/www.panoramamoveis.com.br\/blog-wp\/wp-content\/uploads\/2021\/11\/Panorama-Moveis-click-1.png\" alt=\"Panorama M\u00f3veis click (1)\" srcSet=\"https:\/\/www.panoramamoveis.com.br\/blog-wp\/wp-content\/uploads\/2021\/11\/Panorama-Moveis-click-1.png 3240w,https:\/\/www.panoramamoveis.com.br\/blog-wp\/wp-content\/uploads\/2021\/11\/Panorama-Moveis-click-1-1980x3520.png 1980w,https:\/\/www.panoramamoveis.com.br\/blog-wp\/wp-content\/uploads\/2021\/11\/Panorama-Moveis-click-1-1200x2133.png 1200w,https:\/\/www.panoramamoveis.com.br\/blog-wp\/wp-content\/uploads\/2021\/11\/Panorama-Moveis-click-1-1152x2048.png 1152w,https:\/\/www.panoramamoveis.com.br\/blog-wp\/wp-content\/uploads\/2021\/11\/Panorama-Moveis-click-1-864x1536.png 864w,https:\/\/www.panoramamoveis.com.br\/blog-wp\/wp-content\/uploads\/2021\/11\/Panorama-Moveis-click-1-768x1365.png 768w,https:\/\/www.panoramamoveis.com.br\/blog-wp\/wp-content\/uploads\/2021\/11\/Panorama-Moveis-click-1-576x1024.png 576w,https:\/\/www.panoramamoveis.com.br\/blog-wp\/wp-content\/uploads\/2021\/11\/Panorama-Moveis-click-1-169x300.png 169w,https:\/\/www.panoramamoveis.com.br\/blog-wp\/wp-content\/uploads\/2021\/11\/Panorama-Moveis-click-1-150x267.png 150w\" sizes=\"(min-width: 1024px) 6vh, 14vw\" disable-inline-width=\"true\"><\/amp-img><\/div>\n<\/div>\n<\/div>\n<div style=\"position:absolute;pointer-events:none;left:12.37864%;top:57.11974%;width:75.24272%;height:41.26214%;opacity:1\">\n<div id=\"anim-99aca950-a5f2-46bb-8f57-e5c8192be176\" class=\"animation-wrapper\" style=\"width:100%;height:100%;display:block;position:absolute;top:0;left:0;--initial-opacity:0;--initial-transform:none\">\n<div style=\"pointer-events:initial;width:100%;height:100%;display:block;position:absolute;top:0;left:0;z-index:0;border-radius:0.6451612903225806% 0.6451612903225806% 0.6451612903225806% 0.6451612903225806% \/ 0.7843137254901961% 0.7843137254901961% 0.7843137254901961% 0.7843137254901961%\" id=\"el-91a24861-2695-4747-85bf-4165f2cdf5bb\">\n<h3 class=\"fill text-wrapper\" style=\"white-space:pre-line;overflow-wrap:break-word;word-break:break-word;margin:1.0461290322580645% 0;font-family:&quot;Oswald&quot;,sans-serif;font-size:0.372168em;line-height:1.2;text-align:left;padding:0;color:#000000\"><span><span style=\"color: #f00\">Apesar da aprova\u00e7\u00e3o das vacinas, em 3 mar\u00e7o de 2021 o Brasil registrou 4249 mortes em 24h.&nbsp;Com UTIs colapsadas e dificuldade de distribui\u00e7\u00e3o de oxig\u00eanio, o cen\u00e1rio era desanimador. Naquele momento o Brasil atingia a marca de 620 mil morte e tornava-se o 2\u00ba pa\u00eds com mais \u00f3bitos no mundo.<\/span><\/span><\/h3>\n<\/div>\n<\/div>\n<\/div>\n<\/div>\n<\/div>\n<p><\/amp-story-grid-layer><\/amp-story-page><amp-story-page id=\"5370872b-d0c0-48ce-af3b-985b1480ee5d\" auto-advance-after=\"7s\"><amp-story-animation layout=\"nodisplay\" trigger=\"visibility\"><script type=\"application\/json\">[{\"selector\":\"#anim-f3d258e3-69c5-4fc1-a6d6-30eea5ab328d\",\"keyframes\":{\"opacity\":[0,1]},\"delay\":0,\"duration\":600,\"easing\":\"cubic-bezier(0.4, 0.4, 0.0, 1)\",\"fill\":\"both\"}]<\/script><\/amp-story-animation><amp-story-grid-layer template=\"vertical\" aspect-ratio=\"412:618\" class=\"grid-layer\"><\/p>\n<div class=\"page-fullbleed-area\" style=\"background-color:#d0c9c3\">\n<div class=\"page-safe-area\">\n<div style=\"position:absolute;pointer-events:none;left:0;top:-9.25926%;width:100%;height:118.51852%;opacity:1\">\n<div style=\"pointer-events:initial;width:100%;height:100%;display:block;position:absolute;top:0;left:0;z-index:0\" class=\"mask\" id=\"el-7cb15a92-c278-4433-8063-ac5a80c10204\">\n<div style=\"position:absolute;width:100%;height:100%;left:0%;top:0%\" data-leaf-element=\"true\"><amp-img layout=\"fill\" src=\"https:\/\/www.panoramamoveis.com.br\/blog-wp\/wp-content\/uploads\/2022\/07\/ESPELHOS-PG4.png\" alt=\"sala com espelho ovalado em cima de bancada de madeira\" srcSet=\"https:\/\/www.panoramamoveis.com.br\/blog-wp\/wp-content\/uploads\/2022\/07\/ESPELHOS-PG4.png 1080w,https:\/\/www.panoramamoveis.com.br\/blog-wp\/wp-content\/uploads\/2022\/07\/ESPELHOS-PG4-864x1536.png 864w,https:\/\/www.panoramamoveis.com.br\/blog-wp\/wp-content\/uploads\/2022\/07\/ESPELHOS-PG4-768x1365.png 768w,https:\/\/www.panoramamoveis.com.br\/blog-wp\/wp-content\/uploads\/2022\/07\/ESPELHOS-PG4-576x1024.png 576w,https:\/\/www.panoramamoveis.com.br\/blog-wp\/wp-content\/uploads\/2022\/07\/ESPELHOS-PG4-169x300.png 169w,https:\/\/www.panoramamoveis.com.br\/blog-wp\/wp-content\/uploads\/2022\/07\/ESPELHOS-PG4-150x267.png 150w\" sizes=\"(min-width: 1024px) 45vh, 100vw\" disable-inline-width=\"true\"><\/amp-img><\/div>\n<\/div>\n<\/div>\n<\/div>\n<\/div>\n<p><\/amp-story-grid-layer><amp-story-grid-layer template=\"vertical\" aspect-ratio=\"412:618\" class=\"grid-layer\"><\/p>\n<div class=\"page-fullbleed-area\">\n<div class=\"page-safe-area\">\n<div style=\"position:absolute;pointer-events:none;left:11.65049%;top:-5.82524%;width:76.69903%;height:63.1068%;opacity:1\">\n<div style=\"pointer-events:initial;width:100%;height:100%;display:block;position:absolute;top:0;left:0;z-index:0\" class=\"mask\" id=\"el-a696fe4d-cdbf-4f58-b531-b5af2d284f0a\">\n<div style=\"position:absolute;width:185.56424%;height:100%;left:-42.78212%;top:0%\" data-leaf-element=\"true\"><amp-img layout=\"fill\" src=\"https:\/\/www.panoramamoveis.com.br\/blog-wp\/wp-content\/uploads\/2025\/03\/medico-dando-vacina-a-crianca-usando-luvas_23-2148801373.jpg\" alt=\"medico-dando-vacina-a-crianca-usando-luvas_23-2148801373\" srcSet=\"https:\/\/www.panoramamoveis.com.br\/blog-wp\/wp-content\/uploads\/2025\/03\/medico-dando-vacina-a-crianca-usando-luvas_23-2148801373.jpg 1060w,https:\/\/www.panoramamoveis.com.br\/blog-wp\/wp-content\/uploads\/2025\/03\/medico-dando-vacina-a-crianca-usando-luvas_23-2148801373-1024x681.jpg 1024w,https:\/\/www.panoramamoveis.com.br\/blog-wp\/wp-content\/uploads\/2025\/03\/medico-dando-vacina-a-crianca-usando-luvas_23-2148801373-768x511.jpg 768w,https:\/\/www.panoramamoveis.com.br\/blog-wp\/wp-content\/uploads\/2025\/03\/medico-dando-vacina-a-crianca-usando-luvas_23-2148801373-300x200.jpg 300w,https:\/\/www.panoramamoveis.com.br\/blog-wp\/wp-content\/uploads\/2025\/03\/medico-dando-vacina-a-crianca-usando-luvas_23-2148801373-150x100.jpg 150w\" sizes=\"(min-width: 1024px) 35vh, 77vw\" disable-inline-width=\"true\"><\/amp-img><\/div>\n<\/div>\n<\/div>\n<div style=\"position:absolute;pointer-events:none;left:11.65049%;top:50.16181%;width:75.24272%;height:7.11974%;opacity:1\">\n<div style=\"pointer-events:initial;width:100%;height:100%;display:block;position:absolute;top:0;left:0;z-index:0;border-radius:0.6451612903225806% 0.6451612903225806% 0.6451612903225806% 0.6451612903225806% \/ 4.545454545454546% 4.545454545454546% 4.545454545454546% 4.545454545454546%\" id=\"el-7e1543a1-505d-4bda-8083-526f21c8aa9c\">\n<h3 class=\"fill text-wrapper\" style=\"white-space:pre-line;overflow-wrap:break-word;word-break:break-word;margin:0;font-family:&quot;Anton&quot;,sans-serif;font-size:0.388350em;line-height:calc(1em + 0.3333333333333333em);text-align:left;padding:0;color:#000000;background-color:rgba(163,0,3,0.6);background:none\"><span style=\"display:block;position:relative;left:0;top:0;margin:1.956275201612903% 0;-webkit-box-decoration-break:clone;box-decoration-break:clone\"><span style=\"background-color:rgba(163,0,3,0.6);-webkit-box-decoration-break:clone;box-decoration-break:clone;position:relative;padding:1.2903225806451613% 2.5806451612903225%;text-align:left;border-radius:2px 2px 2px 2px;color:transparent\">Desacelera\u00e7\u00e3o e Reabertura<\/span><\/span><\/h3>\n<h3 class=\"fill text-wrapper\" style=\"white-space:pre-line;overflow-wrap:break-word;word-break:break-word;margin:0;font-family:&quot;Anton&quot;,sans-serif;font-size:0.388350em;line-height:calc(1em + 0.3333333333333333em);text-align:left;padding:0;color:#000000;background-color:rgba(163,0,3,0.6);background:none;position:absolute;top:0;left:0;right:0\" aria-hidden=\"true\"><span style=\"display:block;position:relative;left:0;top:0;margin:1.956275201612903% 0;-webkit-box-decoration-break:clone;box-decoration-break:clone\"><span style=\"background-color:rgba(163,0,3,0.6);-webkit-box-decoration-break:clone;box-decoration-break:clone;position:relative;padding:1.2903225806451613% 2.5806451612903225%;text-align:left;border-radius:2px 2px 2px 2px;background:none\"><span style=\"color: #fff\">Desacelera\u00e7\u00e3o e Reabertura<\/span><\/span><\/span><\/h3>\n<\/div>\n<\/div>\n<div style=\"position:absolute;pointer-events:none;left:16.99029%;top:-8.41424%;width:13.59223%;height:16.82848%;transform:rotate(270deg);opacity:1\">\n<div style=\"pointer-events:initial;width:100%;height:100%;display:block;position:absolute;top:0;left:0;z-index:0\" class=\"mask\" id=\"el-1f8214fe-e364-4c08-a3d7-7593ca0f8600\">\n<div style=\"position:absolute;width:104.46432%;height:100%;left:-2.23216%;top:0%\" data-leaf-element=\"true\"><amp-img layout=\"fill\" src=\"https:\/\/www.panoramamoveis.com.br\/blog-wp\/wp-content\/uploads\/2021\/11\/Panorama-Moveis-click-1.png\" alt=\"Panorama M\u00f3veis click (1)\" srcSet=\"https:\/\/www.panoramamoveis.com.br\/blog-wp\/wp-content\/uploads\/2021\/11\/Panorama-Moveis-click-1.png 3240w,https:\/\/www.panoramamoveis.com.br\/blog-wp\/wp-content\/uploads\/2021\/11\/Panorama-Moveis-click-1-1980x3520.png 1980w,https:\/\/www.panoramamoveis.com.br\/blog-wp\/wp-content\/uploads\/2021\/11\/Panorama-Moveis-click-1-1200x2133.png 1200w,https:\/\/www.panoramamoveis.com.br\/blog-wp\/wp-content\/uploads\/2021\/11\/Panorama-Moveis-click-1-1152x2048.png 1152w,https:\/\/www.panoramamoveis.com.br\/blog-wp\/wp-content\/uploads\/2021\/11\/Panorama-Moveis-click-1-864x1536.png 864w,https:\/\/www.panoramamoveis.com.br\/blog-wp\/wp-content\/uploads\/2021\/11\/Panorama-Moveis-click-1-768x1365.png 768w,https:\/\/www.panoramamoveis.com.br\/blog-wp\/wp-content\/uploads\/2021\/11\/Panorama-Moveis-click-1-576x1024.png 576w,https:\/\/www.panoramamoveis.com.br\/blog-wp\/wp-content\/uploads\/2021\/11\/Panorama-Moveis-click-1-169x300.png 169w,https:\/\/www.panoramamoveis.com.br\/blog-wp\/wp-content\/uploads\/2021\/11\/Panorama-Moveis-click-1-150x267.png 150w\" sizes=\"(min-width: 1024px) 6vh, 14vw\" disable-inline-width=\"true\"><\/amp-img><\/div>\n<\/div>\n<\/div>\n<div style=\"position:absolute;pointer-events:none;left:12.37864%;top:57.28155%;width:75.24272%;height:41.26214%;opacity:1\">\n<div id=\"anim-f3d258e3-69c5-4fc1-a6d6-30eea5ab328d\" class=\"animation-wrapper\" style=\"width:100%;height:100%;display:block;position:absolute;top:0;left:0;--initial-opacity:0;--initial-transform:none\">\n<div style=\"pointer-events:initial;width:100%;height:100%;display:block;position:absolute;top:0;left:0;z-index:0;border-radius:0.6451612903225806% 0.6451612903225806% 0.6451612903225806% 0.6451612903225806% \/ 0.7843137254901961% 0.7843137254901961% 0.7843137254901961% 0.7843137254901961%\" id=\"el-09796854-f3a3-4731-8189-6a206c0f03ee\">\n<h3 class=\"fill text-wrapper\" style=\"white-space:pre-line;overflow-wrap:break-word;word-break:break-word;margin:1.0461290322580645% 0;font-family:&quot;Oswald&quot;,sans-serif;font-size:0.372168em;line-height:1.2;text-align:left;padding:0;color:#000000\"><span><span style=\"color: #f00\">At\u00e9 meados de 2022, cerca de 80% da popula\u00e7\u00e3o j\u00e1 estava vacinada com duas doses, fazendo com que os \u00f3bitos reduzissem drastricamente.<\/span><\/p>\n<p><span style=\"color: #f00\">Naquele momento a&nbsp;pandemia rumava para o fim, com um saldo de 700 mil mortes e reabertura do com\u00e9rcio e eventos em geral.<\/span><\/span><\/h3>\n<\/div>\n<\/div>\n<\/div>\n<\/div>\n<\/div>\n<p><\/amp-story-grid-layer><\/amp-story-page><amp-story-page id=\"42b5084e-c1fb-4c16-87a4-3dc08a32107f\" auto-advance-after=\"7s\"><amp-story-animation layout=\"nodisplay\" trigger=\"visibility\"><script type=\"application\/json\">[{\"selector\":\"#anim-9b9965ac-3465-4fae-b36c-808f16e0549b\",\"keyframes\":{\"opacity\":[0,1]},\"delay\":0,\"duration\":600,\"easing\":\"cubic-bezier(0.4, 0.4, 0.0, 1)\",\"fill\":\"both\"}]<\/script><\/amp-story-animation><amp-story-grid-layer template=\"vertical\" aspect-ratio=\"412:618\" class=\"grid-layer\"><\/p>\n<div class=\"page-fullbleed-area\" style=\"background-color:#d0c9c3\">\n<div class=\"page-safe-area\">\n<div style=\"position:absolute;pointer-events:none;left:0;top:-9.25926%;width:100%;height:118.51852%;opacity:1\">\n<div style=\"pointer-events:initial;width:100%;height:100%;display:block;position:absolute;top:0;left:0;z-index:0\" class=\"mask\" id=\"el-8afe1f39-8a25-43e3-887f-1a9670f72bf9\">\n<div style=\"position:absolute;width:100%;height:100%;left:0%;top:0%\" data-leaf-element=\"true\"><amp-img layout=\"fill\" src=\"https:\/\/www.panoramamoveis.com.br\/blog-wp\/wp-content\/uploads\/2022\/07\/ESPELHOS-PG4.png\" alt=\"sala com espelho ovalado em cima de bancada de madeira\" srcSet=\"https:\/\/www.panoramamoveis.com.br\/blog-wp\/wp-content\/uploads\/2022\/07\/ESPELHOS-PG4.png 1080w,https:\/\/www.panoramamoveis.com.br\/blog-wp\/wp-content\/uploads\/2022\/07\/ESPELHOS-PG4-864x1536.png 864w,https:\/\/www.panoramamoveis.com.br\/blog-wp\/wp-content\/uploads\/2022\/07\/ESPELHOS-PG4-768x1365.png 768w,https:\/\/www.panoramamoveis.com.br\/blog-wp\/wp-content\/uploads\/2022\/07\/ESPELHOS-PG4-576x1024.png 576w,https:\/\/www.panoramamoveis.com.br\/blog-wp\/wp-content\/uploads\/2022\/07\/ESPELHOS-PG4-169x300.png 169w,https:\/\/www.panoramamoveis.com.br\/blog-wp\/wp-content\/uploads\/2022\/07\/ESPELHOS-PG4-150x267.png 150w\" sizes=\"(min-width: 1024px) 45vh, 100vw\" disable-inline-width=\"true\"><\/amp-img><\/div>\n<\/div>\n<\/div>\n<\/div>\n<\/div>\n<p><\/amp-story-grid-layer><amp-story-grid-layer template=\"vertical\" aspect-ratio=\"412:618\" class=\"grid-layer\"><\/p>\n<div class=\"page-fullbleed-area\">\n<div class=\"page-safe-area\">\n<div style=\"position:absolute;pointer-events:none;left:12.62136%;top:-5.98706%;width:75.72816%;height:63.26861%;opacity:1\">\n<div style=\"pointer-events:initial;width:100%;height:100%;display:block;position:absolute;top:0;left:0;z-index:0\" class=\"mask\" id=\"el-bfabbd51-5c59-4400-94ac-a8a361549d3c\">\n<div style=\"position:absolute;width:188.42516%;height:100%;left:-44.21258%;top:0%\" data-leaf-element=\"true\"><amp-img layout=\"fill\" src=\"https:\/\/www.panoramamoveis.com.br\/blog-wp\/wp-content\/uploads\/2025\/03\/mulher-sorridente-de-vista-frontal-segurando-a-mascara_23-2149455839.jpg\" alt=\"mulher-sorridente-de-vista-frontal-segurando-a-mascara_23-2149455839\" srcSet=\"https:\/\/www.panoramamoveis.com.br\/blog-wp\/wp-content\/uploads\/2025\/03\/mulher-sorridente-de-vista-frontal-segurando-a-mascara_23-2149455839.jpg 1060w,https:\/\/www.panoramamoveis.com.br\/blog-wp\/wp-content\/uploads\/2025\/03\/mulher-sorridente-de-vista-frontal-segurando-a-mascara_23-2149455839-1024x681.jpg 1024w,https:\/\/www.panoramamoveis.com.br\/blog-wp\/wp-content\/uploads\/2025\/03\/mulher-sorridente-de-vista-frontal-segurando-a-mascara_23-2149455839-768x511.jpg 768w,https:\/\/www.panoramamoveis.com.br\/blog-wp\/wp-content\/uploads\/2025\/03\/mulher-sorridente-de-vista-frontal-segurando-a-mascara_23-2149455839-300x200.jpg 300w,https:\/\/www.panoramamoveis.com.br\/blog-wp\/wp-content\/uploads\/2025\/03\/mulher-sorridente-de-vista-frontal-segurando-a-mascara_23-2149455839-150x100.jpg 150w\" sizes=\"(min-width: 1024px) 34vh, 76vw\" disable-inline-width=\"true\"><\/amp-img><\/div>\n<\/div>\n<\/div>\n<div style=\"position:absolute;pointer-events:none;left:12.37864%;top:57.28155%;width:75.24272%;height:41.26214%;opacity:1\">\n<div id=\"anim-9b9965ac-3465-4fae-b36c-808f16e0549b\" class=\"animation-wrapper\" style=\"width:100%;height:100%;display:block;position:absolute;top:0;left:0;--initial-opacity:0;--initial-transform:none\">\n<div style=\"pointer-events:initial;width:100%;height:100%;display:block;position:absolute;top:0;left:0;z-index:0;border-radius:0.6451612903225806% 0.6451612903225806% 0.6451612903225806% 0.6451612903225806% \/ 0.7843137254901961% 0.7843137254901961% 0.7843137254901961% 0.7843137254901961%\" id=\"el-05afb1ea-c65b-4884-9eea-290829d230bf\">\n<h3 class=\"fill text-wrapper\" style=\"white-space:pre-line;overflow-wrap:break-word;word-break:break-word;margin:1.0461290322580645% 0;font-family:&quot;Oswald&quot;,sans-serif;font-size:0.372168em;line-height:1.2;text-align:left;padding:0;color:#000000\"><span><span style=\"color: #f00\">No dia 5 de maio de 2023, ap\u00f3s longos 3 anos, a Organiza\u00e7\u00e3o Mundial da Sa\u00fade, declarou o fim da pandemia global da COVID-19.<\/span><\/p>\n<p><span style=\"color: #f00\">Enquanto isso, no Brasil. o governo seguiu \u00e0s recomenda\u00e7\u00f5es, mas manteve alerta para grupos de risco, como idores e gestantes.<\/span><\/span><\/h3>\n<\/div>\n<\/div>\n<\/div>\n<div style=\"position:absolute;pointer-events:none;left:12.13592%;top:50.16181%;width:75.24272%;height:7.11974%;opacity:1\">\n<div style=\"pointer-events:initial;width:100%;height:100%;display:block;position:absolute;top:0;left:0;z-index:0;border-radius:0.6451612903225806% 0.6451612903225806% 0.6451612903225806% 0.6451612903225806% \/ 4.545454545454546% 4.545454545454546% 4.545454545454546% 4.545454545454546%\" id=\"el-5140405d-0aab-469a-9899-a2f8dae1c495\">\n<h3 class=\"fill text-wrapper\" style=\"white-space:pre-line;overflow-wrap:break-word;word-break:break-word;margin:0;font-family:&quot;Anton&quot;,sans-serif;font-size:0.388350em;line-height:calc(1em + 0.3333333333333333em);text-align:left;padding:0;color:#000000;background-color:rgba(163,0,3,0.6);background:none\"><span style=\"display:block;position:relative;left:0;top:0;margin:1.956275201612903% 0;-webkit-box-decoration-break:clone;box-decoration-break:clone\"><span style=\"background-color:rgba(163,0,3,0.6);-webkit-box-decoration-break:clone;box-decoration-break:clone;position:relative;padding:1.2903225806451613% 2.5806451612903225%;text-align:left;border-radius:2px 2px 2px 2px;color:transparent\">O Fim oficial da Pandemia<\/span><\/span><\/h3>\n<h3 class=\"fill text-wrapper\" style=\"white-space:pre-line;overflow-wrap:break-word;word-break:break-word;margin:0;font-family:&quot;Anton&quot;,sans-serif;font-size:0.388350em;line-height:calc(1em + 0.3333333333333333em);text-align:left;padding:0;color:#000000;background-color:rgba(163,0,3,0.6);background:none;position:absolute;top:0;left:0;right:0\" aria-hidden=\"true\"><span style=\"display:block;position:relative;left:0;top:0;margin:1.956275201612903% 0;-webkit-box-decoration-break:clone;box-decoration-break:clone\"><span style=\"background-color:rgba(163,0,3,0.6);-webkit-box-decoration-break:clone;box-decoration-break:clone;position:relative;padding:1.2903225806451613% 2.5806451612903225%;text-align:left;border-radius:2px 2px 2px 2px;background:none\"><span style=\"color: #fff\">O Fim oficial da Pandemia<\/span><\/span><\/span><\/h3>\n<\/div>\n<\/div>\n<div style=\"position:absolute;pointer-events:none;left:16.99029%;top:-8.41424%;width:13.59223%;height:16.82848%;transform:rotate(270deg);opacity:1\">\n<div style=\"pointer-events:initial;width:100%;height:100%;display:block;position:absolute;top:0;left:0;z-index:0\" class=\"mask\" id=\"el-86456607-222f-43f9-ac84-f8f2014e9f37\">\n<div style=\"position:absolute;width:104.46432%;height:100%;left:-2.23216%;top:0%\" data-leaf-element=\"true\"><amp-img layout=\"fill\" src=\"https:\/\/www.panoramamoveis.com.br\/blog-wp\/wp-content\/uploads\/2021\/11\/Panorama-Moveis-click-1.png\" alt=\"Panorama M\u00f3veis click (1)\" srcSet=\"https:\/\/www.panoramamoveis.com.br\/blog-wp\/wp-content\/uploads\/2021\/11\/Panorama-Moveis-click-1.png 3240w,https:\/\/www.panoramamoveis.com.br\/blog-wp\/wp-content\/uploads\/2021\/11\/Panorama-Moveis-click-1-1980x3520.png 1980w,https:\/\/www.panoramamoveis.com.br\/blog-wp\/wp-content\/uploads\/2021\/11\/Panorama-Moveis-click-1-1200x2133.png 1200w,https:\/\/www.panoramamoveis.com.br\/blog-wp\/wp-content\/uploads\/2021\/11\/Panorama-Moveis-click-1-1152x2048.png 1152w,https:\/\/www.panoramamoveis.com.br\/blog-wp\/wp-content\/uploads\/2021\/11\/Panorama-Moveis-click-1-864x1536.png 864w,https:\/\/www.panoramamoveis.com.br\/blog-wp\/wp-content\/uploads\/2021\/11\/Panorama-Moveis-click-1-768x1365.png 768w,https:\/\/www.panoramamoveis.com.br\/blog-wp\/wp-content\/uploads\/2021\/11\/Panorama-Moveis-click-1-576x1024.png 576w,https:\/\/www.panoramamoveis.com.br\/blog-wp\/wp-content\/uploads\/2021\/11\/Panorama-Moveis-click-1-169x300.png 169w,https:\/\/www.panoramamoveis.com.br\/blog-wp\/wp-content\/uploads\/2021\/11\/Panorama-Moveis-click-1-150x267.png 150w\" sizes=\"(min-width: 1024px) 6vh, 14vw\" disable-inline-width=\"true\"><\/amp-img><\/div>\n<\/div>\n<\/div>\n<\/div>\n<\/div>\n<p><\/amp-story-grid-layer><\/amp-story-page><amp-story-page id=\"aa388e8a-8bac-41a3-90eb-b762d537f30a\" auto-advance-after=\"7s\"><amp-story-animation layout=\"nodisplay\" trigger=\"visibility\"><script type=\"application\/json\">[{\"selector\":\"#anim-a6bb0b0d-53f1-4469-ad44-4cf0e8e17ca0\",\"keyframes\":{\"opacity\":[0,1]},\"delay\":0,\"duration\":600,\"easing\":\"cubic-bezier(0.4, 0.4, 0.0, 1)\",\"fill\":\"both\"}]<\/script><\/amp-story-animation><amp-story-grid-layer template=\"vertical\" aspect-ratio=\"412:618\" class=\"grid-layer\"><\/p>\n<div class=\"page-fullbleed-area\" style=\"background-color:#d0c9c3\">\n<div class=\"page-safe-area\">\n<div style=\"position:absolute;pointer-events:none;left:0;top:-9.25926%;width:100%;height:118.51852%;opacity:1\">\n<div style=\"pointer-events:initial;width:100%;height:100%;display:block;position:absolute;top:0;left:0;z-index:0\" class=\"mask\" id=\"el-e8507dc7-1897-41ec-bcf6-9672d70878ac\">\n<div style=\"position:absolute;width:100%;height:100%;left:0%;top:0%\" data-leaf-element=\"true\"><amp-img layout=\"fill\" src=\"https:\/\/www.panoramamoveis.com.br\/blog-wp\/wp-content\/uploads\/2022\/07\/ESPELHOS-PG4.png\" alt=\"sala com espelho ovalado em cima de bancada de madeira\" srcSet=\"https:\/\/www.panoramamoveis.com.br\/blog-wp\/wp-content\/uploads\/2022\/07\/ESPELHOS-PG4.png 1080w,https:\/\/www.panoramamoveis.com.br\/blog-wp\/wp-content\/uploads\/2022\/07\/ESPELHOS-PG4-864x1536.png 864w,https:\/\/www.panoramamoveis.com.br\/blog-wp\/wp-content\/uploads\/2022\/07\/ESPELHOS-PG4-768x1365.png 768w,https:\/\/www.panoramamoveis.com.br\/blog-wp\/wp-content\/uploads\/2022\/07\/ESPELHOS-PG4-576x1024.png 576w,https:\/\/www.panoramamoveis.com.br\/blog-wp\/wp-content\/uploads\/2022\/07\/ESPELHOS-PG4-169x300.png 169w,https:\/\/www.panoramamoveis.com.br\/blog-wp\/wp-content\/uploads\/2022\/07\/ESPELHOS-PG4-150x267.png 150w\" sizes=\"(min-width: 1024px) 45vh, 100vw\" disable-inline-width=\"true\"><\/amp-img><\/div>\n<\/div>\n<\/div>\n<\/div>\n<\/div>\n<p><\/amp-story-grid-layer><amp-story-grid-layer template=\"vertical\" aspect-ratio=\"412:618\" class=\"grid-layer\"><\/p>\n<div class=\"page-fullbleed-area\">\n<div class=\"page-safe-area\">\n<div style=\"position:absolute;pointer-events:none;left:12.13592%;top:-6.31068%;width:76.21359%;height:63.43042%;opacity:1\">\n<div style=\"pointer-events:initial;width:100%;height:100%;display:block;position:absolute;top:0;left:0;z-index:0\" class=\"mask\" id=\"el-bd05458b-7b14-48fd-9626-0d3caf8ad4fa\">\n<div style=\"position:absolute;width:187.43798%;height:100%;left:-43.71899%;top:0%\" data-leaf-element=\"true\"><amp-img layout=\"fill\" src=\"https:\/\/www.panoramamoveis.com.br\/blog-wp\/wp-content\/uploads\/2025\/03\/close-up-de-maos-empilhadas_23-2147664378.jpg\" alt=\"close-up-de-maos-empilhadas_23-2147664378\" srcSet=\"https:\/\/www.panoramamoveis.com.br\/blog-wp\/wp-content\/uploads\/2025\/03\/close-up-de-maos-empilhadas_23-2147664378.jpg 1060w,https:\/\/www.panoramamoveis.com.br\/blog-wp\/wp-content\/uploads\/2025\/03\/close-up-de-maos-empilhadas_23-2147664378-1024x682.jpg 1024w,https:\/\/www.panoramamoveis.com.br\/blog-wp\/wp-content\/uploads\/2025\/03\/close-up-de-maos-empilhadas_23-2147664378-768x512.jpg 768w,https:\/\/www.panoramamoveis.com.br\/blog-wp\/wp-content\/uploads\/2025\/03\/close-up-de-maos-empilhadas_23-2147664378-300x200.jpg 300w,https:\/\/www.panoramamoveis.com.br\/blog-wp\/wp-content\/uploads\/2025\/03\/close-up-de-maos-empilhadas_23-2147664378-150x100.jpg 150w\" sizes=\"(min-width: 1024px) 34vh, 76vw\" disable-inline-width=\"true\"><\/amp-img><\/div>\n<\/div>\n<\/div>\n<div style=\"position:absolute;pointer-events:none;left:12.37864%;top:57.11974%;width:75.24272%;height:50.16181%;opacity:1\">\n<div id=\"anim-a6bb0b0d-53f1-4469-ad44-4cf0e8e17ca0\" class=\"animation-wrapper\" style=\"width:100%;height:100%;display:block;position:absolute;top:0;left:0;--initial-opacity:0;--initial-transform:none\">\n<div style=\"pointer-events:initial;width:100%;height:100%;display:block;position:absolute;top:0;left:0;z-index:0;border-radius:0.6451612903225806% 0.6451612903225806% 0.6451612903225806% 0.6451612903225806% \/ 0.6451612903225806% 0.6451612903225806% 0.6451612903225806% 0.6451612903225806%\" id=\"el-5e60df89-a43e-4d85-8823-60bcdaeb2e1e\">\n<h3 class=\"fill text-wrapper\" style=\"white-space:pre-line;overflow-wrap:break-word;word-break:break-word;margin:1.0461290322580645% 0;font-family:&quot;Oswald&quot;,sans-serif;font-size:0.372168em;line-height:1.2;text-align:left;padding:0;color:#000000\"><span><span style=\"color: #f00\">Esse per\u00edodo escancarou diversos problemas que enfregamos, como uma polariza\u00e7\u00e3o pol\u00edtica entre poderes federais, estaduais e municipais.&nbsp;<\/span><br \/>\n<span style=\"color: #f00\">Reafirmou a importante do SUS para nosso pa\u00eds. E escancarou as diferen\u00e7as sociais que o pa\u00eds enfrenta.<\/span><\/p>\n<p><\/span><\/h3>\n<\/div>\n<\/div>\n<\/div>\n<div style=\"position:absolute;pointer-events:none;left:12.37864%;top:44.82201%;width:75.24272%;height:12.29773%;opacity:1\">\n<div style=\"pointer-events:initial;width:100%;height:100%;display:block;position:absolute;top:0;left:0;z-index:0;border-radius:0.6451612903225806% 0.6451612903225806% 0.6451612903225806% 0.6451612903225806% \/ 2.631578947368421% 2.631578947368421% 2.631578947368421% 2.631578947368421%\" id=\"el-6047306d-0e67-4264-be11-c902492a9693\">\n<h3 class=\"fill text-wrapper\" style=\"white-space:pre-line;overflow-wrap:break-word;word-break:break-word;margin:0;font-family:&quot;Anton&quot;,sans-serif;font-size:0.388350em;line-height:calc(1em + 0.3333333333333333em);text-align:left;padding:0;color:#000000;background-color:rgba(163,0,3,0.6);background:none\"><span style=\"display:block;position:relative;left:0;top:0;margin:1.956275201612903% 0;-webkit-box-decoration-break:clone;box-decoration-break:clone\"><span style=\"background-color:rgba(163,0,3,0.6);-webkit-box-decoration-break:clone;box-decoration-break:clone;position:relative;padding:1.2903225806451613% 2.5806451612903225%;text-align:left;border-radius:2px 2px 2px 2px;color:transparent\">O Legado da Pandemia no Brasil<\/span><\/span><\/h3>\n<h3 class=\"fill text-wrapper\" style=\"white-space:pre-line;overflow-wrap:break-word;word-break:break-word;margin:0;font-family:&quot;Anton&quot;,sans-serif;font-size:0.388350em;line-height:calc(1em + 0.3333333333333333em);text-align:left;padding:0;color:#000000;background-color:rgba(163,0,3,0.6);background:none;position:absolute;top:0;left:0;right:0\" aria-hidden=\"true\"><span style=\"display:block;position:relative;left:0;top:0;margin:1.956275201612903% 0;-webkit-box-decoration-break:clone;box-decoration-break:clone\"><span style=\"background-color:rgba(163,0,3,0.6);-webkit-box-decoration-break:clone;box-decoration-break:clone;position:relative;padding:1.2903225806451613% 2.5806451612903225%;text-align:left;border-radius:2px 2px 2px 2px;background:none\"><span style=\"color: #fff\">O Legado da Pandemia no Brasil<\/span><\/span><\/span><\/h3>\n<\/div>\n<\/div>\n<div style=\"position:absolute;pointer-events:none;left:16.99029%;top:-8.41424%;width:13.59223%;height:16.82848%;transform:rotate(270deg);opacity:1\">\n<div style=\"pointer-events:initial;width:100%;height:100%;display:block;position:absolute;top:0;left:0;z-index:0\" class=\"mask\" id=\"el-bdf0215c-98b5-4be8-ba81-dd569ccb7ca9\">\n<div style=\"position:absolute;width:104.46432%;height:100%;left:-2.23216%;top:0%\" data-leaf-element=\"true\"><amp-img layout=\"fill\" src=\"https:\/\/www.panoramamoveis.com.br\/blog-wp\/wp-content\/uploads\/2021\/11\/Panorama-Moveis-click-1.png\" alt=\"Panorama M\u00f3veis click (1)\" srcSet=\"https:\/\/www.panoramamoveis.com.br\/blog-wp\/wp-content\/uploads\/2021\/11\/Panorama-Moveis-click-1.png 3240w,https:\/\/www.panoramamoveis.com.br\/blog-wp\/wp-content\/uploads\/2021\/11\/Panorama-Moveis-click-1-1980x3520.png 1980w,https:\/\/www.panoramamoveis.com.br\/blog-wp\/wp-content\/uploads\/2021\/11\/Panorama-Moveis-click-1-1200x2133.png 1200w,https:\/\/www.panoramamoveis.com.br\/blog-wp\/wp-content\/uploads\/2021\/11\/Panorama-Moveis-click-1-1152x2048.png 1152w,https:\/\/www.panoramamoveis.com.br\/blog-wp\/wp-content\/uploads\/2021\/11\/Panorama-Moveis-click-1-864x1536.png 864w,https:\/\/www.panoramamoveis.com.br\/blog-wp\/wp-content\/uploads\/2021\/11\/Panorama-Moveis-click-1-768x1365.png 768w,https:\/\/www.panoramamoveis.com.br\/blog-wp\/wp-content\/uploads\/2021\/11\/Panorama-Moveis-click-1-576x1024.png 576w,https:\/\/www.panoramamoveis.com.br\/blog-wp\/wp-content\/uploads\/2021\/11\/Panorama-Moveis-click-1-169x300.png 169w,https:\/\/www.panoramamoveis.com.br\/blog-wp\/wp-content\/uploads\/2021\/11\/Panorama-Moveis-click-1-150x267.png 150w\" sizes=\"(min-width: 1024px) 6vh, 14vw\" disable-inline-width=\"true\"><\/amp-img><\/div>\n<\/div>\n<\/div>\n<\/div>\n<\/div>\n<p><\/amp-story-grid-layer><\/amp-story-page><amp-story-page id=\"66a0ac8c-ba37-494b-b185-c3c180339647\" auto-advance-after=\"7s\"><amp-story-animation layout=\"nodisplay\" trigger=\"visibility\"><script type=\"application\/json\">[{\"selector\":\"#anim-5c89aa0d-3f4e-4203-b52a-c2eb70700340\",\"keyframes\":{\"transform\":[\"scale(1)\",\"scale(1.5)\",\"scale(0.95)\",\"scale(1)\"],\"offset\":[0,0.33,0.66,1]},\"delay\":0,\"duration\":1450,\"easing\":\"ease-in-out\",\"fill\":\"both\",\"iterations\":1}]<\/script><\/amp-story-animation><amp-story-animation layout=\"nodisplay\" trigger=\"visibility\"><script type=\"application\/json\">[{\"selector\":\"#anim-89b55f2e-56bf-43e0-9f51-a56a4d022454\",\"keyframes\":{\"transform\":[\"scale(1)\",\"scale(1.5)\",\"scale(0.95)\",\"scale(1)\"],\"offset\":[0,0.33,0.66,1]},\"delay\":0,\"duration\":1450,\"easing\":\"ease-in-out\",\"fill\":\"both\",\"iterations\":5}]<\/script><\/amp-story-animation><amp-story-grid-layer template=\"vertical\" aspect-ratio=\"412:618\" class=\"grid-layer\"><\/p>\n<div class=\"page-fullbleed-area\" style=\"background-color:#863a30\">\n<div class=\"page-safe-area\">\n<div style=\"position:absolute;pointer-events:none;left:0;top:-9.25926%;width:100%;height:118.51852%;opacity:1\">\n<div style=\"pointer-events:initial;width:100%;height:100%;display:block;position:absolute;top:0;left:0;z-index:0\" class=\"mask\" id=\"el-fc963da3-13ed-4c85-946f-6ff12080ee09\">\n<div style=\"position:absolute;width:100%;height:100%;left:0%;top:0%\" data-leaf-element=\"true\"><amp-img layout=\"fill\" src=\"https:\/\/www.panoramamoveis.com.br\/blog-wp\/wp-content\/uploads\/2022\/07\/ESPELHOS-PG8.png\" alt=\"Sala com parede verde  e sof\u00e1 claro\" srcSet=\"https:\/\/www.panoramamoveis.com.br\/blog-wp\/wp-content\/uploads\/2022\/07\/ESPELHOS-PG8.png 1080w,https:\/\/www.panoramamoveis.com.br\/blog-wp\/wp-content\/uploads\/2022\/07\/ESPELHOS-PG8-864x1536.png 864w,https:\/\/www.panoramamoveis.com.br\/blog-wp\/wp-content\/uploads\/2022\/07\/ESPELHOS-PG8-768x1365.png 768w,https:\/\/www.panoramamoveis.com.br\/blog-wp\/wp-content\/uploads\/2022\/07\/ESPELHOS-PG8-576x1024.png 576w,https:\/\/www.panoramamoveis.com.br\/blog-wp\/wp-content\/uploads\/2022\/07\/ESPELHOS-PG8-169x300.png 169w,https:\/\/www.panoramamoveis.com.br\/blog-wp\/wp-content\/uploads\/2022\/07\/ESPELHOS-PG8-150x267.png 150w\" sizes=\"(min-width: 1024px) 45vh, 100vw\" disable-inline-width=\"true\"><\/amp-img><\/div>\n<\/div>\n<\/div>\n<\/div>\n<\/div>\n<p><\/amp-story-grid-layer><amp-story-grid-layer template=\"vertical\" aspect-ratio=\"412:618\" class=\"grid-layer\"><\/p>\n<div class=\"page-fullbleed-area\">\n<div class=\"page-safe-area\">\n<div style=\"position:absolute;pointer-events:none;left:11.65049%;top:56.31068%;width:76.69903%;height:30.42071%;opacity:1\">\n<div style=\"pointer-events:initial;width:100%;height:100%;display:block;position:absolute;top:0;left:0;z-index:0;border-radius:0.6329113924050633% 0.6329113924050633% 0.6329113924050633% 0.6329113924050633% \/ 1.0638297872340425% 1.0638297872340425% 1.0638297872340425% 1.0638297872340425%;background-clip:content-box;background-color:rgba(196,196,196,0.1)\" id=\"el-5e68c346-e37c-4bb3-9020-a630be36084e\">\n<h3 class=\"fill text-wrapper\" style=\"white-space:pre-line;overflow-wrap:break-word;word-break:break-word;margin:-0.06835443037974717% 0;font-family:&quot;Oswald&quot;,sans-serif;font-size:0.388350em;line-height:1.5;text-align:left;padding:1.2658227848101267% 2.5316455696202533%;color:#000000\"><span><span style=\"font-weight: 700; color: #e23b40\">O nosso blog \u00e9 super completo, com as melhores dicas e curiosidades!<\/span><\/p>\n<p><span style=\"font-weight: 700; color: #e23b40\">Confira clicando abaixo!<\/span><\/span><\/h3>\n<\/div>\n<\/div>\n<div style=\"position:absolute;pointer-events:none;left:69.41748%;top:88.02589%;width:16.99029%;height:11.16505%;opacity:1\">\n<div id=\"anim-5c89aa0d-3f4e-4203-b52a-c2eb70700340\" class=\"animation-wrapper\" style=\"width:100%;height:100%;display:block;position:absolute;top:0;left:0;--initial-opacity:1;--initial-transform:scale(1)\">\n<div style=\"pointer-events:initial;width:100%;height:100%;display:block;position:absolute;top:0;left:0;z-index:0\" class=\"mask\" id=\"el-1342f69e-ca15-4206-97ea-e8836e6a0267\"><a href=\"https:\/\/www.panoramamoveis.com.br\/moveis\/iluminacao?utm_source=web-stories\" data-tooltip-icon=\"https:\/\/www.panoramamoveis.com.br\/blog-wp\/wp-content\/uploads\/2021\/11\/cropped-cropped-Panorama-03-scaled-3-1.jpg\" data-tooltip-text=\"\t\t\tIlumina\u00e7\u00e3o: Com At\u00e9 50% OFF, 12x Sem Juros | Panorama M\u00f3veis\n\t\" target=\"_blank\" rel=\"noreferrer noreferrer noreferrer noreferrer noreferrer noreferrer noreferrer noreferrer noreferrer noreferrer noreferrer noreferrer noreferrer noreferrer\" style=\"width:100%;height:100%;display:block;position:absolute;top:0;left:0\"><\/p>\n<div style=\"position:absolute;width:100%;height:101.44925%;left:0%;top:-0.72463%\" data-leaf-element=\"true\"><amp-img layout=\"fill\" src=\"https:\/\/www.panoramamoveis.com.br\/blog-wp\/wp-content\/uploads\/2021\/10\/click-aqui.png\" alt=\"click aqui\" srcSet=\"https:\/\/www.panoramamoveis.com.br\/blog-wp\/wp-content\/uploads\/2021\/10\/click-aqui.png 1080w,https:\/\/www.panoramamoveis.com.br\/blog-wp\/wp-content\/uploads\/2021\/10\/click-aqui-1024x1024.png 1024w,https:\/\/www.panoramamoveis.com.br\/blog-wp\/wp-content\/uploads\/2021\/10\/click-aqui-768x768.png 768w,https:\/\/www.panoramamoveis.com.br\/blog-wp\/wp-content\/uploads\/2021\/10\/click-aqui-300x300.png 300w,https:\/\/www.panoramamoveis.com.br\/blog-wp\/wp-content\/uploads\/2021\/10\/click-aqui-150x150.png 150w,https:\/\/www.panoramamoveis.com.br\/blog-wp\/wp-content\/uploads\/2021\/10\/click-aqui-96x96.png 96w\" sizes=\"(min-width: 1024px) 8vh, 17vw\" disable-inline-width=\"true\"><\/amp-img><\/div>\n<p><\/a><\/div>\n<\/div>\n<\/div>\n<div style=\"position:absolute;pointer-events:none;left:19.90291%;top:-6.6343%;width:13.59223%;height:16.82848%;transform:rotate(270deg);opacity:1\">\n<div style=\"pointer-events:initial;width:100%;height:100%;display:block;position:absolute;top:0;left:0;z-index:0\" class=\"mask\" id=\"el-381b00cb-a11a-43d3-a8eb-d2a3e1bada8e\">\n<div style=\"position:absolute;width:104.46432%;height:100%;left:-2.23216%;top:0%\" data-leaf-element=\"true\"><amp-img layout=\"fill\" src=\"https:\/\/www.panoramamoveis.com.br\/blog-wp\/wp-content\/uploads\/2021\/11\/Panorama-Moveis-click-1.png\" alt=\"Panorama M\u00f3veis click (1)\" srcSet=\"https:\/\/www.panoramamoveis.com.br\/blog-wp\/wp-content\/uploads\/2021\/11\/Panorama-Moveis-click-1.png 3240w,https:\/\/www.panoramamoveis.com.br\/blog-wp\/wp-content\/uploads\/2021\/11\/Panorama-Moveis-click-1-1980x3520.png 1980w,https:\/\/www.panoramamoveis.com.br\/blog-wp\/wp-content\/uploads\/2021\/11\/Panorama-Moveis-click-1-1200x2133.png 1200w,https:\/\/www.panoramamoveis.com.br\/blog-wp\/wp-content\/uploads\/2021\/11\/Panorama-Moveis-click-1-1152x2048.png 1152w,https:\/\/www.panoramamoveis.com.br\/blog-wp\/wp-content\/uploads\/2021\/11\/Panorama-Moveis-click-1-864x1536.png 864w,https:\/\/www.panoramamoveis.com.br\/blog-wp\/wp-content\/uploads\/2021\/11\/Panorama-Moveis-click-1-768x1365.png 768w,https:\/\/www.panoramamoveis.com.br\/blog-wp\/wp-content\/uploads\/2021\/11\/Panorama-Moveis-click-1-576x1024.png 576w,https:\/\/www.panoramamoveis.com.br\/blog-wp\/wp-content\/uploads\/2021\/11\/Panorama-Moveis-click-1-169x300.png 169w,https:\/\/www.panoramamoveis.com.br\/blog-wp\/wp-content\/uploads\/2021\/11\/Panorama-Moveis-click-1-150x267.png 150w\" sizes=\"(min-width: 1024px) 6vh, 14vw\" disable-inline-width=\"true\"><\/amp-img><\/div>\n<\/div>\n<\/div>\n<div style=\"position:absolute;pointer-events:none;left:30.33981%;top:90.29126%;width:39.07767%;height:6.6343%;opacity:1\">\n<div id=\"anim-89b55f2e-56bf-43e0-9f51-a56a4d022454\" class=\"animation-wrapper\" style=\"width:100%;height:100%;display:block;position:absolute;top:0;left:0;--initial-opacity:1;--initial-transform:scale(1)\">\n<div style=\"pointer-events:initial;width:100%;height:100%;display:block;position:absolute;top:0;left:0;z-index:0;border-radius:1.2422360248447204% 1.2422360248447204% 1.2422360248447204% 1.2422360248447204% \/ 4.878048780487805% 4.878048780487805% 4.878048780487805% 4.878048780487805%\" id=\"el-dbd11309-135c-4f19-a1d0-ab0435048fc7\"><a href=\"https:\/\/www.panoramamoveis.com.br\/blog?utm_source=web-stories\" data-tooltip-text=\"Panorama M\u00f3veis: Blog de M\u00f3veis e Artigos Para Decora\u00e7\u00e3o\" target=\"_blank\" rel=\"noreferrer\" style=\"width:100%;height:100%;display:block;position:absolute;top:0;left:0\"><\/p>\n<h2 class=\"fill text-wrapper\" style=\"white-space:pre-line;overflow-wrap:break-word;word-break:break-word;margin:2.4521739130434783% 0;font-family:&quot;Oswald&quot;,sans-serif;font-size:0.453074em;line-height:1.2;text-align:initial;padding:0;color:#000000\"><span><span style=\"font-weight: 700; color: #eee\">CLIQUE AQUI!<\/span><\/span><\/h2>\n<p><\/a><\/div>\n<\/div>\n<\/div>\n<\/div>\n<\/div>\n<p><\/amp-story-grid-layer><\/amp-story-page><amp-story-page id=\"cf3f0ee3-4f14-4a21-b304-7d1029fa044c\" auto-advance-after=\"7s\"><amp-story-animation layout=\"nodisplay\" trigger=\"visibility\"><script type=\"application\/json\">[{\"selector\":\"#anim-63120a94-e681-4e23-b1e2-f8ed046b4530\",\"keyframes\":{\"transform\":[\"scale(1)\",\"scale(1.5)\",\"scale(0.95)\",\"scale(1)\"],\"offset\":[0,0.33,0.66,1]},\"delay\":0,\"duration\":1450,\"easing\":\"ease-in-out\",\"fill\":\"both\",\"iterations\":1}]<\/script><\/amp-story-animation><amp-story-animation layout=\"nodisplay\" trigger=\"visibility\"><script type=\"application\/json\">[{\"selector\":\"#anim-79731df1-5c70-4815-8bd3-ad5c3dce9ba8\",\"keyframes\":{\"transform\":[\"translate3d(-121.70542%, 0px, 0)\",\"translate3d(0px, 0px, 0)\"]},\"delay\":0,\"duration\":600,\"easing\":\"cubic-bezier(0.4, 0.4, 0.0, 1)\",\"fill\":\"both\"}]<\/script><\/amp-story-animation><amp-story-animation layout=\"nodisplay\" trigger=\"visibility\"><script type=\"application\/json\">[{\"selector\":\"#anim-53116672-8ee6-43f5-860d-072464dbda9f\",\"keyframes\":{\"opacity\":[0,1]},\"delay\":0,\"duration\":600,\"easing\":\"cubic-bezier(0.4, 0.4, 0.0, 1)\",\"fill\":\"both\"}]<\/script><\/amp-story-animation><amp-story-animation layout=\"nodisplay\" trigger=\"visibility\"><script type=\"application\/json\">[{\"selector\":\"#anim-86548d6f-2ae7-4756-91e7-3c790deb2c94\",\"keyframes\":{\"transform\":[\"scale(0.15)\",\"scale(1)\"]},\"delay\":0,\"duration\":600,\"easing\":\"cubic-bezier(0.4, 0.4, 0.0, 1)\",\"fill\":\"forwards\"}]<\/script><\/amp-story-animation><amp-story-grid-layer template=\"vertical\" aspect-ratio=\"412:618\" class=\"grid-layer\"><\/p>\n<div class=\"page-fullbleed-area\" style=\"background-color:#dfdedc\">\n<div class=\"page-safe-area\">\n<div style=\"position:absolute;pointer-events:none;left:0;top:-9.25926%;width:100%;height:118.51852%;opacity:1\">\n<div style=\"pointer-events:initial;width:100%;height:100%;display:block;position:absolute;top:0;left:0;z-index:0\" class=\"mask\" id=\"el-9fb73b11-b73e-4d31-9893-73773fb54053\">\n<div style=\"position:absolute;width:100%;height:100%;left:0%;top:0%\" data-leaf-element=\"true\"><amp-img layout=\"fill\" src=\"https:\/\/www.panoramamoveis.com.br\/blog-wp\/wp-content\/uploads\/2022\/07\/ESPELHOS-PG9.png\" alt=\"Sala com sof\u00e1 cinza e 2 espelhos redondos\" srcSet=\"https:\/\/www.panoramamoveis.com.br\/blog-wp\/wp-content\/uploads\/2022\/07\/ESPELHOS-PG9.png 1080w,https:\/\/www.panoramamoveis.com.br\/blog-wp\/wp-content\/uploads\/2022\/07\/ESPELHOS-PG9-864x1536.png 864w,https:\/\/www.panoramamoveis.com.br\/blog-wp\/wp-content\/uploads\/2022\/07\/ESPELHOS-PG9-768x1365.png 768w,https:\/\/www.panoramamoveis.com.br\/blog-wp\/wp-content\/uploads\/2022\/07\/ESPELHOS-PG9-576x1024.png 576w,https:\/\/www.panoramamoveis.com.br\/blog-wp\/wp-content\/uploads\/2022\/07\/ESPELHOS-PG9-169x300.png 169w,https:\/\/www.panoramamoveis.com.br\/blog-wp\/wp-content\/uploads\/2022\/07\/ESPELHOS-PG9-150x267.png 150w\" sizes=\"(min-width: 1024px) 45vh, 100vw\" disable-inline-width=\"true\"><\/amp-img><\/div>\n<\/div>\n<\/div>\n<\/div>\n<\/div>\n<p><\/amp-story-grid-layer><amp-story-grid-layer template=\"vertical\" aspect-ratio=\"412:618\" class=\"grid-layer\"><\/p>\n<div class=\"page-fullbleed-area\">\n<div class=\"page-safe-area\">\n<div style=\"position:absolute;pointer-events:none;left:11.65049%;top:52.91262%;width:76.94175%;height:20.87379%;opacity:1\">\n<div style=\"pointer-events:initial;width:100%;height:100%;display:block;position:absolute;top:0;left:0;z-index:0;border-radius:0.6309148264984227% 0.6309148264984227% 0.6309148264984227% 0.6309148264984227% \/ 1.550387596899225% 1.550387596899225% 1.550387596899225% 1.550387596899225%;background-clip:content-box;background-color:rgba(255,255,255,0.5)\" id=\"el-d55968b3-c922-4819-954f-952ca85d62e4\">\n<h3 class=\"fill text-wrapper\" style=\"white-space:pre-line;overflow-wrap:break-word;word-break:break-word;margin:1.1053627760252365% 0;font-family:&quot;Oswald&quot;,sans-serif;font-size:0.388350em;line-height:1.19;text-align:left;padding:1.2618296529968454% 2.5236593059936907%;color:#000000\"><span><span style=\"font-weight: 700; color: #e23b40\">Com as dicas e sele\u00e7\u00e3o de m\u00f3veis da Panorama M\u00f3veis, voc\u00ea consegue deixar a sua casa exatamente do seu jeito.&nbsp;<\/span><\/span><\/h3>\n<\/div>\n<\/div>\n<div style=\"position:absolute;pointer-events:none;left:81.31068%;top:78.80259%;width:12.62136%;height:8.25243%;opacity:1\">\n<div id=\"anim-63120a94-e681-4e23-b1e2-f8ed046b4530\" class=\"animation-wrapper\" style=\"width:100%;height:100%;display:block;position:absolute;top:0;left:0;--initial-opacity:1;--initial-transform:scale(1)\">\n<div style=\"pointer-events:initial;width:100%;height:100%;display:block;position:absolute;top:0;left:0;z-index:0\" class=\"mask\" id=\"el-b9ae82de-c57f-4987-a4ac-26a9f25c01c3\"><a href=\"https:\/\/www.panoramamoveis.com.br?utm_source=web-stories\" data-tooltip-icon=\"https:\/\/www.panoramamoveis.com.br\/blog-wp\/wp-content\/uploads\/2021\/11\/cropped-cropped-Panorama-03-scaled-3.jpg\" data-tooltip-text=\"Panorama M\u00f3veis: Loja Online de M\u00f3veis e Decora\u00e7\u00e3o\" target=\"_blank\" rel=\"noreferrer\" style=\"width:100%;height:100%;display:block;position:absolute;top:0;left:0\"><\/p>\n<div style=\"position:absolute;width:100%;height:101.96076%;left:0%;top:-0.98038%\" data-leaf-element=\"true\"><amp-img layout=\"fill\" src=\"https:\/\/www.panoramamoveis.com.br\/blog-wp\/wp-content\/uploads\/2021\/10\/click-aqui.png\" alt=\"click aqui\" srcSet=\"https:\/\/www.panoramamoveis.com.br\/blog-wp\/wp-content\/uploads\/2021\/10\/click-aqui.png 1080w,https:\/\/www.panoramamoveis.com.br\/blog-wp\/wp-content\/uploads\/2021\/10\/click-aqui-1024x1024.png 1024w,https:\/\/www.panoramamoveis.com.br\/blog-wp\/wp-content\/uploads\/2021\/10\/click-aqui-768x768.png 768w,https:\/\/www.panoramamoveis.com.br\/blog-wp\/wp-content\/uploads\/2021\/10\/click-aqui-300x300.png 300w,https:\/\/www.panoramamoveis.com.br\/blog-wp\/wp-content\/uploads\/2021\/10\/click-aqui-150x150.png 150w,https:\/\/www.panoramamoveis.com.br\/blog-wp\/wp-content\/uploads\/2021\/10\/click-aqui-96x96.png 96w\" sizes=\"(min-width: 1024px) 6vh, 13vw\" disable-inline-width=\"true\"><\/amp-img><\/div>\n<p><\/a><\/div>\n<\/div>\n<\/div>\n<div style=\"position:absolute;pointer-events:none;left:25%;top:76.3754%;width:49.27184%;height:32.8479%;opacity:1\">\n<div style=\"pointer-events:initial;width:100%;height:100%;display:block;position:absolute;top:0;left:0;z-index:0\" class=\"mask\" id=\"el-e93d8fd0-edf5-47cc-a5fb-d42894479cdb\">\n<div style=\"position:absolute;width:100.00002%;height:100%;left:-0.00001%;top:0%\" data-leaf-element=\"true\"><amp-img layout=\"fill\" src=\"https:\/\/www.panoramamoveis.com.br\/blog-wp\/wp-content\/uploads\/2021\/09\/panorama-sem-fundo.png\" alt=\"panorama sem fundo\" srcSet=\"https:\/\/www.panoramamoveis.com.br\/blog-wp\/wp-content\/uploads\/2021\/09\/panorama-sem-fundo.png 500w,https:\/\/www.panoramamoveis.com.br\/blog-wp\/wp-content\/uploads\/2021\/09\/panorama-sem-fundo-300x300.png 300w,https:\/\/www.panoramamoveis.com.br\/blog-wp\/wp-content\/uploads\/2021\/09\/panorama-sem-fundo-150x150.png 150w,https:\/\/www.panoramamoveis.com.br\/blog-wp\/wp-content\/uploads\/2021\/09\/panorama-sem-fundo-96x96.png 96w\" sizes=\"(min-width: 1024px) 22vh, 49vw\" disable-inline-width=\"true\"><\/amp-img><\/div>\n<\/div>\n<\/div>\n<div style=\"position:absolute;pointer-events:none;left:13.59223%;top:79.44984%;width:62.62136%;height:7.11974%;opacity:1\">\n<div id=\"anim-79731df1-5c70-4815-8bd3-ad5c3dce9ba8\" class=\"animation-wrapper\" style=\"width:100%;height:100%;display:block;position:absolute;top:0;left:0;--initial-opacity:1;--initial-transform:translate3d(-121.70542%, 0px, 0)\">\n<div id=\"anim-53116672-8ee6-43f5-860d-072464dbda9f\" class=\"animation-wrapper\" style=\"width:100%;height:100%;display:block;position:absolute;top:0;left:0;--initial-opacity:0;--initial-transform:none\">\n<div id=\"anim-86548d6f-2ae7-4756-91e7-3c790deb2c94\" class=\"animation-wrapper\" style=\"width:100%;height:100%;display:block;position:absolute;top:0;left:0;--initial-opacity:1;--initial-transform:scale(0.15)\">\n<div style=\"pointer-events:initial;width:100%;height:100%;display:block;position:absolute;top:0;left:0;z-index:0;border-radius:0.7751937984496124% 0.7751937984496124% 0.7751937984496124% 0.7751937984496124% \/ 4.545454545454546% 4.545454545454546% 4.545454545454546% 4.545454545454546%\" id=\"el-2a09327b-efa0-40c7-9c4b-d6302b5eec4a\"><a href=\"https:\/\/www.panoramamoveis.com.br?utm_source=web-stories\" data-tooltip-icon=\"https:\/\/www.panoramamoveis.com.br\/blog-wp\/wp-content\/uploads\/2021\/11\/cropped-cropped-Panorama-03-scaled-3.jpg\" data-tooltip-text=\"Panorama M\u00f3veis: Loja Online de M\u00f3veis e Decora\u00e7\u00e3o\" target=\"_blank\" rel=\"noreferrer noreferrer noreferrer noreferrer noreferrer noreferrer noreferrer noreferrer noreferrer noreferrer noreferrer noreferrer noreferrer noreferrer noreferrer noreferrer noreferrer noreferrer noreferrer noreferrer noreferrer noreferrer noreferrer noreferrer noreferrer noreferrer noreferrer noreferrer noreferrer noreferrer noreferrer noreferrer noreferrer noreferrer noreferrer noreferrer noreferrer noreferrer noreferrer noreferrer noreferrer noreferrer noreferrer noreferrer noreferrer noreferrer noreferrer noreferrer noreferrer noreferrer noreferrer noreferrer noreferrer noreferrer noreferrer noreferrer noreferrer noreferrer noreferrer noreferrer noreferrer noreferrer noreferrer noreferrer noreferrer noreferrer noreferrer noreferrer noreferrer noreferrer noreferrer noreferrer noreferrer noreferrer noreferrer noreferrer noreferrer noreferrer noreferrer noreferrer noreferrer noreferrer noreferrer noreferrer noreferrer noreferrer noreferrer noreferrer noreferrer noreferrer noreferrer noreferrer noreferrer noreferrer noreferrer noreferrer noreferrer noreferrer noreferrer noreferrer noreferrer noreferrer noreferrer noreferrer noreferrer noreferrer noreferrer noreferrer noreferrer noreferrer noreferrer noreferrer noreferrer noreferrer noreferrer noreferrer noreferrer noreferrer noreferrer noreferrer noreferrer noreferrer noreferrer noreferrer noreferrer noreferrer noreferrer noreferrer noreferrer noreferrer noreferrer noreferrer noreferrer noreferrer noreferrer noreferrer noreferrer noreferrer noreferrer noreferrer noreferrer noreferrer noreferrer noreferrer noreferrer noreferrer noreferrer noreferrer noreferrer noreferrer noreferrer noreferrer noreferrer noreferrer noreferrer noreferrer noreferrer noreferrer noreferrer noreferrer noreferrer noreferrer noreferrer noreferrer noreferrer noreferrer noreferrer noreferrer noreferrer noreferrer noreferrer noreferrer noreferrer noreferrer noreferrer noreferrer noreferrer noreferrer noreferrer noreferrer noreferrer noreferrer noreferrer noreferrer noreferrer noreferrer noreferrer noreferrer noreferrer noreferrer noreferrer noreferrer noreferrer noreferrer noreferrer noreferrer noreferrer noreferrer noreferrer noreferrer noreferrer noreferrer noreferrer noreferrer noreferrer noreferrer noreferrer noreferrer noreferrer noreferrer noreferrer noreferrer noreferrer noreferrer noreferrer noreferrer noreferrer noreferrer noreferrer noreferrer noreferrer noreferrer noreferrer noreferrer noreferrer noreferrer noreferrer noreferrer noreferrer noreferrer noreferrer noreferrer noreferrer noreferrer noreferrer noreferrer noreferrer noreferrer noreferrer noreferrer noreferrer noreferrer noreferrer noreferrer noreferrer noreferrer noreferrer noreferrer noreferrer noreferrer noreferrer noreferrer noreferrer noreferrer noreferrer noreferrer noreferrer noreferrer noreferrer noreferrer noreferrer noreferrer noreferrer noreferrer noreferrer noreferrer noreferrer noreferrer noreferrer noreferrer noreferrer noreferrer noreferrer noreferrer noreferrer noreferrer noreferrer noreferrer noreferrer noreferrer noreferrer noreferrer noreferrer noreferrer noreferrer noreferrer noreferrer noreferrer noreferrer noreferrer noreferrer noreferrer noreferrer noreferrer noreferrer noreferrer noreferrer noreferrer noreferrer noreferrer noreferrer noreferrer noreferrer noreferrer noreferrer noreferrer noreferrer noreferrer noreferrer noreferrer noreferrer noreferrer noreferrer noreferrer noreferrer noreferrer noreferrer noreferrer noreferrer noreferrer noreferrer noreferrer noreferrer noreferrer noreferrer noreferrer noreferrer noreferrer noreferrer noreferrer noreferrer noreferrer noreferrer noreferrer noreferrer noreferrer noreferrer noreferrer noreferrer noreferrer noreferrer noreferrer noreferrer noreferrer noreferrer noreferrer noreferrer noreferrer noreferrer noreferrer noreferrer noreferrer noreferrer noreferrer noreferrer noreferrer noreferrer noreferrer noreferrer noreferrer noreferrer noreferrer noreferrer noreferrer noreferrer noreferrer noreferrer noreferrer noreferrer noreferrer noreferrer noreferrer noreferrer noreferrer noreferrer noreferrer noreferrer noreferrer noreferrer noreferrer noreferrer noreferrer noreferrer noreferrer noreferrer noreferrer noreferrer noreferrer noreferrer noreferrer noreferrer noreferrer noreferrer noreferrer noreferrer noreferrer noreferrer noreferrer noreferrer noreferrer noreferrer noreferrer noreferrer noreferrer noreferrer noreferrer noreferrer noreferrer noreferrer noreferrer noreferrer noreferrer noreferrer noreferrer noreferrer noreferrer noreferrer noreferrer noreferrer noreferrer noreferrer noreferrer noreferrer noreferrer noreferrer noreferrer noreferrer noreferrer noreferrer noreferrer noreferrer noreferrer noreferrer noreferrer noreferrer noreferrer noreferrer noreferrer noreferrer noreferrer noreferrer noreferrer noreferrer noreferrer noreferrer noreferrer noreferrer noreferrer noreferrer noreferrer noreferrer noreferrer noreferrer noreferrer noreferrer noreferrer noreferrer noreferrer noreferrer noreferrer noreferrer noreferrer noreferrer noreferrer noreferrer noreferrer noreferrer noreferrer noreferrer noreferrer noreferrer noreferrer noreferrer noreferrer noreferrer noreferrer noreferrer noreferrer noreferrer noreferrer noreferrer noreferrer noreferrer noreferrer noreferrer noreferrer noreferrer noreferrer noreferrer noreferrer noreferrer noreferrer noreferrer noreferrer noreferrer noreferrer noreferrer noreferrer noreferrer noreferrer noreferrer noreferrer noreferrer noreferrer noreferrer noreferrer noreferrer noreferrer noreferrer noreferrer noreferrer noreferrer noreferrer noreferrer noreferrer noreferrer noreferrer noreferrer noreferrer noreferrer noreferrer noreferrer noreferrer noreferrer noreferrer noreferrer noreferrer noreferrer noreferrer noreferrer noreferrer noreferrer\" style=\"width:100%;height:100%;display:block;position:absolute;top:0;left:0\"><\/p>\n<h3 class=\"fill text-wrapper\" style=\"white-space:pre-line;overflow-wrap:break-word;word-break:break-word;margin:0;font-family:&quot;Oswald&quot;,sans-serif;font-size:0.388350em;line-height:calc(1.19em + 0.3333333333333333em);text-align:initial;padding:0;color:#000000;background-color:rgba(163,0,3,0.5);background:none\"><span style=\"display:block;position:relative;left:0;top:0;margin:1.3581395348837206% 0;-webkit-box-decoration-break:clone;box-decoration-break:clone\"><span style=\"background-color:rgba(163,0,3,0.5);-webkit-box-decoration-break:clone;box-decoration-break:clone;position:relative;padding:1.550387596899225% 3.10077519379845%;text-align:initial;border-radius:2px 2px 2px 2px;color:transparent\"><span style=\"font-weight: 700\">panoramamoveis.com.br<\/span><\/span><\/span><\/h3>\n<h3 class=\"fill text-wrapper\" style=\"white-space:pre-line;overflow-wrap:break-word;word-break:break-word;margin:0;font-family:&quot;Oswald&quot;,sans-serif;font-size:0.388350em;line-height:calc(1.19em + 0.3333333333333333em);text-align:initial;padding:0;color:#000000;background-color:rgba(163,0,3,0.5);background:none;position:absolute;top:0;left:0;right:0\" aria-hidden=\"true\"><span style=\"display:block;position:relative;left:0;top:0;margin:1.3581395348837206% 0;-webkit-box-decoration-break:clone;box-decoration-break:clone\"><span style=\"background-color:rgba(163,0,3,0.5);-webkit-box-decoration-break:clone;box-decoration-break:clone;position:relative;padding:1.550387596899225% 3.10077519379845%;text-align:initial;border-radius:2px 2px 2px 2px;background:none\"><span style=\"font-weight: 700; color: #fff\">panoramamoveis.com.br<\/span><\/span><\/span><\/h3>\n<p><\/a><\/div>\n<\/div>\n<\/div>\n<\/div>\n<\/div>\n<\/div>\n<\/div>\n<p><\/amp-story-grid-layer><\/amp-story-page><amp-story-page id=\"ed2148c0-dd36-4583-9881-6e026d7c8ebd\" auto-advance-after=\"7s\"><amp-story-grid-layer template=\"vertical\" aspect-ratio=\"412:618\" class=\"grid-layer\"><\/p>\n<div class=\"page-fullbleed-area\" style=\"background-color:#aa0404\">\n<div class=\"page-safe-area\">\n<div style=\"position:absolute;pointer-events:none;left:0;top:-9.25926%;width:100%;height:118.51852%;opacity:1\">\n<div style=\"pointer-events:initial;width:100%;height:100%;display:block;position:absolute;top:0;left:0;z-index:0\" class=\"mask\" id=\"el-1628da2f-0e99-4b22-9066-ceb9012f2f56\">\n<div style=\"position:absolute;width:100%;height:100%;left:0%;top:0%\" data-leaf-element=\"true\"><amp-img layout=\"fill\" src=\"https:\/\/www.panoramamoveis.com.br\/blog-wp\/wp-content\/uploads\/2021\/12\/Panorama-escrivaninha-9.jpg\" alt=\"p\u00e1gina com as Redes Sociais da Panorama Moveis\" srcSet=\"https:\/\/www.panoramamoveis.com.br\/blog-wp\/wp-content\/uploads\/2021\/12\/Panorama-escrivaninha-9.jpg 1080w,https:\/\/www.panoramamoveis.com.br\/blog-wp\/wp-content\/uploads\/2021\/12\/Panorama-escrivaninha-9-864x1536.jpg 864w,https:\/\/www.panoramamoveis.com.br\/blog-wp\/wp-content\/uploads\/2021\/12\/Panorama-escrivaninha-9-768x1365.jpg 768w,https:\/\/www.panoramamoveis.com.br\/blog-wp\/wp-content\/uploads\/2021\/12\/Panorama-escrivaninha-9-576x1024.jpg 576w,https:\/\/www.panoramamoveis.com.br\/blog-wp\/wp-content\/uploads\/2021\/12\/Panorama-escrivaninha-9-169x300.jpg 169w,https:\/\/www.panoramamoveis.com.br\/blog-wp\/wp-content\/uploads\/2021\/12\/Panorama-escrivaninha-9-150x267.jpg 150w\" sizes=\"(min-width: 1024px) 45vh, 100vw\" disable-inline-width=\"true\"><\/amp-img><\/div>\n<\/div>\n<\/div>\n<\/div>\n<\/div>\n<p><\/amp-story-grid-layer><amp-story-grid-layer template=\"vertical\" aspect-ratio=\"412:618\" class=\"grid-layer\"><\/p>\n<div class=\"page-fullbleed-area\">\n<div class=\"page-safe-area\">\n<div style=\"position:absolute;pointer-events:none;left:22.57282%;top:76.53722%;width:53.64078%;height:35.76052%;opacity:1\">\n<div style=\"pointer-events:initial;width:100%;height:100%;display:block;position:absolute;top:0;left:0;z-index:0\" class=\"mask\" id=\"el-35f0f6c3-9f2b-45cf-aba7-b81f2778a037\">\n<div style=\"position:absolute;width:100%;height:100%;left:0%;top:0%\" data-leaf-element=\"true\"><amp-img layout=\"fill\" src=\"https:\/\/www.panoramamoveis.com.br\/blog-wp\/wp-content\/uploads\/2021\/09\/panorama-sem-fundo.png\" alt=\"panorama sem fundo\" srcSet=\"https:\/\/www.panoramamoveis.com.br\/blog-wp\/wp-content\/uploads\/2021\/09\/panorama-sem-fundo.png 500w,https:\/\/www.panoramamoveis.com.br\/blog-wp\/wp-content\/uploads\/2021\/09\/panorama-sem-fundo-300x300.png 300w,https:\/\/www.panoramamoveis.com.br\/blog-wp\/wp-content\/uploads\/2021\/09\/panorama-sem-fundo-150x150.png 150w,https:\/\/www.panoramamoveis.com.br\/blog-wp\/wp-content\/uploads\/2021\/09\/panorama-sem-fundo-96x96.png 96w\" sizes=\"(min-width: 1024px) 24vh, 54vw\" disable-inline-width=\"true\"><\/amp-img><\/div>\n<\/div>\n<\/div>\n<div style=\"position:absolute;pointer-events:none;left:11.65049%;top:0;width:75.97087%;height:26.21359%;opacity:1\">\n<div style=\"pointer-events:initial;width:100%;height:100%;display:block;position:absolute;top:0;left:0;z-index:0;border-radius:0.6389776357827476% 0.6389776357827476% 0.6389776357827476% 0.6389776357827476% \/ 1.2345679012345678% 1.2345679012345678% 1.2345679012345678% 1.2345679012345678%;background-clip:content-box;background-color:rgba(255,255,255,0.5)\" id=\"el-119e1913-6e36-4bbb-b2b4-4fde3e39d283\">\n<h2 class=\"fill text-wrapper\" style=\"white-space:pre-line;overflow-wrap:break-word;word-break:break-word;margin:1.5113630690894575% 0;font-family:&quot;Anton&quot;,sans-serif;font-size:0.485437em;line-height:1.19;text-align:center;padding:1.2779552715654952% 2.5559105431309903%;color:#000000\"><span><span style=\"color: #e23b40\">CLIQUE E&nbsp;<\/span><br \/>\n<span style=\"color: #e23b40\">CONFIRA AS&nbsp;<\/span><br \/>\n<span style=\"color: #e23b40\">REDES SOCIAIS DA PANORAMA M\u00d3VEIS<\/span><\/span><\/h2>\n<\/div>\n<\/div>\n<div style=\"position:absolute;pointer-events:none;left:38.59223%;top:43.85113%;width:15.04854%;height:12.62136%;opacity:1\">\n<div style=\"pointer-events:initial;width:100%;height:100%;display:block;position:absolute;top:0;left:0;z-index:0\" class=\"mask\" id=\"el-d9674f81-16f1-444d-bf9a-de9a7a788d29\"><a href=\"https:\/\/www.instagram.com\/panoramamoveis\/ \" target=\"_blank\" rel=\"noreferrer noopener\" style=\"width:100%;height:100%;display:block;position:absolute;top:0;left:0\"><\/p>\n<div style=\"position:absolute;width:102.8276%;height:145.30619%;left:0%;top:-22.51853%\" data-leaf-element=\"true\"><amp-img layout=\"fill\" src=\"https:\/\/www.panoramamoveis.com.br\/blog-wp\/wp-content\/uploads\/2021\/11\/INSTAGRAM.png\" alt=\"INSTAGRAM\" srcSet=\"https:\/\/www.panoramamoveis.com.br\/blog-wp\/wp-content\/uploads\/2021\/11\/INSTAGRAM.png 3240w,https:\/\/www.panoramamoveis.com.br\/blog-wp\/wp-content\/uploads\/2021\/11\/INSTAGRAM-1980x3520.png 1980w,https:\/\/www.panoramamoveis.com.br\/blog-wp\/wp-content\/uploads\/2021\/11\/INSTAGRAM-1200x2133.png 1200w,https:\/\/www.panoramamoveis.com.br\/blog-wp\/wp-content\/uploads\/2021\/11\/INSTAGRAM-1152x2048.png 1152w,https:\/\/www.panoramamoveis.com.br\/blog-wp\/wp-content\/uploads\/2021\/11\/INSTAGRAM-864x1536.png 864w,https:\/\/www.panoramamoveis.com.br\/blog-wp\/wp-content\/uploads\/2021\/11\/INSTAGRAM-768x1365.png 768w,https:\/\/www.panoramamoveis.com.br\/blog-wp\/wp-content\/uploads\/2021\/11\/INSTAGRAM-576x1024.png 576w,https:\/\/www.panoramamoveis.com.br\/blog-wp\/wp-content\/uploads\/2021\/11\/INSTAGRAM-169x300.png 169w,https:\/\/www.panoramamoveis.com.br\/blog-wp\/wp-content\/uploads\/2021\/11\/INSTAGRAM-150x267.png 150w\" sizes=\"(min-width: 1024px) 7vh, 15vw\" disable-inline-width=\"true\"><\/amp-img><\/div>\n<p><\/a><\/div>\n<\/div>\n<div style=\"position:absolute;pointer-events:none;left:38.1068%;top:24.43366%;width:15.7767%;height:17.96117%;opacity:1\">\n<div style=\"pointer-events:initial;width:100%;height:100%;display:block;position:absolute;top:0;left:0;z-index:0\" class=\"mask\" id=\"el-ecdffeef-58af-4079-9d6f-1d2c5968736b\"><a href=\"https:\/\/www.facebook.com\/Panoramamoveis\/\" data-tooltip-icon=\"https:\/\/www.panoramamoveis.com.br\/blog-wp\/wp-content\/uploads\/2021\/11\/cropped-Panorama-03-scaled-3.jpg\" data-tooltip-text=\"Facebook\" target=\"_blank\" rel=\"noreferrer noopener\" style=\"width:100%;height:100%;display:block;position:absolute;top:0;left:0\"><\/p>\n<div style=\"position:absolute;width:100%;height:104.10408%;left:0%;top:-2.05204%\" data-leaf-element=\"true\"><amp-img layout=\"fill\" src=\"https:\/\/www.panoramamoveis.com.br\/blog-wp\/wp-content\/uploads\/2021\/11\/FACEBOOK.png\" alt=\"FACEBOOK\" srcSet=\"https:\/\/www.panoramamoveis.com.br\/blog-wp\/wp-content\/uploads\/2021\/11\/FACEBOOK.png 3240w,https:\/\/www.panoramamoveis.com.br\/blog-wp\/wp-content\/uploads\/2021\/11\/FACEBOOK-1980x3520.png 1980w,https:\/\/www.panoramamoveis.com.br\/blog-wp\/wp-content\/uploads\/2021\/11\/FACEBOOK-1200x2133.png 1200w,https:\/\/www.panoramamoveis.com.br\/blog-wp\/wp-content\/uploads\/2021\/11\/FACEBOOK-1152x2048.png 1152w,https:\/\/www.panoramamoveis.com.br\/blog-wp\/wp-content\/uploads\/2021\/11\/FACEBOOK-864x1536.png 864w,https:\/\/www.panoramamoveis.com.br\/blog-wp\/wp-content\/uploads\/2021\/11\/FACEBOOK-768x1365.png 768w,https:\/\/www.panoramamoveis.com.br\/blog-wp\/wp-content\/uploads\/2021\/11\/FACEBOOK-576x1024.png 576w,https:\/\/www.panoramamoveis.com.br\/blog-wp\/wp-content\/uploads\/2021\/11\/FACEBOOK-169x300.png 169w,https:\/\/www.panoramamoveis.com.br\/blog-wp\/wp-content\/uploads\/2021\/11\/FACEBOOK-150x267.png 150w\" sizes=\"(min-width: 1024px) 7vh, 16vw\" disable-inline-width=\"true\"><\/amp-img><\/div>\n<p><\/a><\/div>\n<\/div>\n<div style=\"position:absolute;pointer-events:none;left:38.83495%;top:58.09061%;width:14.80583%;height:15.69579%;opacity:1\">\n<div style=\"pointer-events:initial;width:100%;height:100%;display:block;position:absolute;top:0;left:0;z-index:0\" class=\"mask\" id=\"el-06e3e78d-2ac9-4d6a-8a24-73b6ea35f6a5\"><a href=\"https:\/\/br.pinterest.com\/panoramamoveis\/_shop\/ \" target=\"_blank\" rel=\"noreferrer noopener\" style=\"width:100%;height:100%;display:block;position:absolute;top:0;left:0\"><\/p>\n<div style=\"position:absolute;width:100%;height:111.79845%;left:0%;top:-5.89923%\" data-leaf-element=\"true\"><amp-img layout=\"fill\" src=\"https:\/\/www.panoramamoveis.com.br\/blog-wp\/wp-content\/uploads\/2021\/11\/PINTEREST.png\" alt=\"PINTEREST\" srcSet=\"https:\/\/www.panoramamoveis.com.br\/blog-wp\/wp-content\/uploads\/2021\/11\/PINTEREST.png 3240w,https:\/\/www.panoramamoveis.com.br\/blog-wp\/wp-content\/uploads\/2021\/11\/PINTEREST-1980x3520.png 1980w,https:\/\/www.panoramamoveis.com.br\/blog-wp\/wp-content\/uploads\/2021\/11\/PINTEREST-1200x2133.png 1200w,https:\/\/www.panoramamoveis.com.br\/blog-wp\/wp-content\/uploads\/2021\/11\/PINTEREST-1152x2048.png 1152w,https:\/\/www.panoramamoveis.com.br\/blog-wp\/wp-content\/uploads\/2021\/11\/PINTEREST-864x1536.png 864w,https:\/\/www.panoramamoveis.com.br\/blog-wp\/wp-content\/uploads\/2021\/11\/PINTEREST-768x1365.png 768w,https:\/\/www.panoramamoveis.com.br\/blog-wp\/wp-content\/uploads\/2021\/11\/PINTEREST-576x1024.png 576w,https:\/\/www.panoramamoveis.com.br\/blog-wp\/wp-content\/uploads\/2021\/11\/PINTEREST-169x300.png 169w,https:\/\/www.panoramamoveis.com.br\/blog-wp\/wp-content\/uploads\/2021\/11\/PINTEREST-150x267.png 150w\" sizes=\"(min-width: 1024px) 7vh, 15vw\" disable-inline-width=\"true\"><\/amp-img><\/div>\n<p><\/a><\/div>\n<\/div>\n<div style=\"position:absolute;pointer-events:none;left:9.2233%;top:75.40453%;width:79.12621%;height:12.78317%;opacity:1\">\n<div style=\"pointer-events:initial;width:100%;height:100%;display:block;position:absolute;top:0;left:0;z-index:0;border-radius:0.6134969325153374% 0.6134969325153374% 0.6134969325153374% 0.6134969325153374% \/ 2.5316455696202533% 2.5316455696202533% 2.5316455696202533% 2.5316455696202533%;background-clip:content-box;background-color:#a30003\" id=\"el-95494a0a-d0a6-41e1-9b1b-3c6e7d42a128\">\n<p class=\"fill text-wrapper\" style=\"white-space:pre-line;overflow-wrap:break-word;word-break:break-word;margin:-0.08627300613496933% 0;font-family:&quot;Roboto&quot;,sans-serif;font-size:0.323625em;line-height:1.2;text-align:center;padding:1.2269938650306749% 2.4539877300613497%;color:#000000\"><span><span style=\"font-weight: 700; color: #fff\">CONTE\u00daDO PARA VOC\u00ca TRANSFORMAR TODA A SUA CASA<\/span><\/span><\/p>\n<\/div>\n<\/div>\n<\/div>\n<\/div>\n<p><\/amp-story-grid-layer><\/amp-story-page><amp-story-page id=\"15c6a3b3-fc56-492b-899e-57483815b90a\" auto-advance-after=\"7s\"><amp-story-animation layout=\"nodisplay\" trigger=\"visibility\"><script type=\"application\/json\">[{\"selector\":\"#anim-5f66c419-77d0-455c-ab1f-94f6aba4e13b\",\"keyframes\":{\"opacity\":[0,1]},\"delay\":600,\"duration\":1000,\"easing\":\"cubic-bezier(0.2, 0.6, 0.0, 1)\",\"fill\":\"both\"}]<\/script><\/amp-story-animation><amp-story-animation layout=\"nodisplay\" trigger=\"visibility\"><script type=\"application\/json\">[{\"selector\":\"#anim-f8f2f973-1101-4fe8-b036-8bec2da9a8a4\",\"keyframes\":{\"transform\":[\"translate3d(0px, -146.58732%, 0)\",\"translate3d(0px, 0px, 0)\"]},\"delay\":600,\"duration\":1000,\"easing\":\"cubic-bezier(0.2, 0.6, 0.0, 1)\",\"fill\":\"both\"}]<\/script><\/amp-story-animation><amp-story-grid-layer template=\"vertical\" aspect-ratio=\"412:618\" class=\"grid-layer\"><\/p>\n<div class=\"page-fullbleed-area\" style=\"background-color:#aa0404\">\n<div class=\"page-safe-area\">\n<div style=\"position:absolute;pointer-events:none;left:0;top:-9.25926%;width:100%;height:118.51852%;opacity:1\">\n<div style=\"pointer-events:initial;width:100%;height:100%;display:block;position:absolute;top:0;left:0;z-index:0\" class=\"mask\" id=\"el-edc5d4dd-104c-46e2-8704-456eea40e721\">\n<div style=\"position:absolute;width:100%;height:100%;left:0%;top:0%\" data-leaf-element=\"true\"><amp-img layout=\"fill\" src=\"https:\/\/www.panoramamoveis.com.br\/blog-wp\/wp-content\/uploads\/2021\/12\/Panorama-escrivaninha-9.jpg\" alt=\"Panorama escrivaninha (9)\" srcSet=\"https:\/\/www.panoramamoveis.com.br\/blog-wp\/wp-content\/uploads\/2021\/12\/Panorama-escrivaninha-9.jpg 1080w,https:\/\/www.panoramamoveis.com.br\/blog-wp\/wp-content\/uploads\/2021\/12\/Panorama-escrivaninha-9-864x1536.jpg 864w,https:\/\/www.panoramamoveis.com.br\/blog-wp\/wp-content\/uploads\/2021\/12\/Panorama-escrivaninha-9-768x1365.jpg 768w,https:\/\/www.panoramamoveis.com.br\/blog-wp\/wp-content\/uploads\/2021\/12\/Panorama-escrivaninha-9-576x1024.jpg 576w,https:\/\/www.panoramamoveis.com.br\/blog-wp\/wp-content\/uploads\/2021\/12\/Panorama-escrivaninha-9-169x300.jpg 169w,https:\/\/www.panoramamoveis.com.br\/blog-wp\/wp-content\/uploads\/2021\/12\/Panorama-escrivaninha-9-150x267.jpg 150w\" sizes=\"(min-width: 1024px) 45vh, 100vw\" disable-inline-width=\"true\"><\/amp-img><\/div>\n<\/div>\n<\/div>\n<\/div>\n<\/div>\n<p><\/amp-story-grid-layer><amp-story-grid-layer template=\"vertical\" aspect-ratio=\"412:618\" class=\"grid-layer\"><\/p>\n<div class=\"page-fullbleed-area\">\n<div class=\"page-safe-area\">\n<div style=\"position:absolute;pointer-events:none;left:13.59223%;top:1.2945%;width:72.81553%;height:22.65372%;opacity:1\">\n<div id=\"anim-5f66c419-77d0-455c-ab1f-94f6aba4e13b\" class=\"animation-wrapper\" style=\"width:100%;height:100%;display:block;position:absolute;top:0;left:0;--initial-opacity:0;--initial-transform:none\">\n<div id=\"anim-f8f2f973-1101-4fe8-b036-8bec2da9a8a4\" class=\"animation-wrapper\" style=\"width:100%;height:100%;display:block;position:absolute;top:0;left:0;--initial-opacity:1;--initial-transform:translate3d(0px, -146.58732%, 0)\">\n<div style=\"pointer-events:initial;width:100%;height:100%;display:block;position:absolute;top:0;left:0;z-index:0\" id=\"el-12cac4a5-6139-4484-a353-9f265d6930f8\">\n<h1 class=\"fill text-wrapper\" style=\"white-space:pre-line;overflow-wrap:break-word;word-break:break-word;margin:3.369140625% 0;font-family:&quot;Anton&quot;,sans-serif;font-size:0.647249em;line-height:1;text-align:center;padding:0;color:#000000\"><span><span style=\"color: #e23b40\">Voc\u00ea tamb\u00e9m pode gostar desses artigos:&nbsp;<\/span><\/span><\/h1>\n<\/div>\n<\/div>\n<\/div>\n<\/div>\n<div style=\"position:absolute;pointer-events:none;left:13.59223%;top:30.2589%;width:35.43689%;height:24.27184%;opacity:1\">\n<div style=\"pointer-events:initial;width:100%;height:100%;display:block;position:absolute;top:0;left:0;z-index:0\" class=\"mask\" id=\"el-51e3ffb3-8b33-4918-a008-89f5977154a7\"><a href=\"https:\/\/www.panoramamoveis.com.br\/blog-wp\/web-stories\/a-historia-do-acidente-nuclear-de-fukushima-i\/\" data-tooltip-text=\"\" target=\"_blank\" rel=\"noreferrer\" style=\"width:100%;height:100%;display:block;position:absolute;top:0;left:0\"><\/p>\n<div style=\"position:absolute;width:100%;height:129.7271%;left:0%;top:-14.86355%\" data-leaf-element=\"true\"><amp-img layout=\"fill\" src=\"https:\/\/www.panoramamoveis.com.br\/blog-wp\/wp-content\/uploads\/2022\/06\/DECORAC\u0327A\u0303O-DE-PAREDE-.png\" alt=\"DECORAC\u0327A\u0303O DE PAREDE\" srcSet=\"https:\/\/www.panoramamoveis.com.br\/blog-wp\/wp-content\/uploads\/2022\/06\/DECORAC%CC%A7A%CC%83O-DE-PAREDE-.png 640w,https:\/\/www.panoramamoveis.com.br\/blog-wp\/wp-content\/uploads\/2022\/06\/DECORAC%CC%A7A%CC%83O-DE-PAREDE--225x300.png 225w,https:\/\/www.panoramamoveis.com.br\/blog-wp\/wp-content\/uploads\/2022\/06\/DECORAC%CC%A7A%CC%83O-DE-PAREDE--150x200.png 150w\" sizes=\"(min-width: 1024px) 16vh, 35vw\" disable-inline-width=\"true\"><\/amp-img><\/div>\n<p><\/a><\/div>\n<\/div>\n<div style=\"position:absolute;pointer-events:none;left:12.62136%;top:59.06149%;width:37.37864%;height:24.27184%;opacity:1\">\n<div style=\"pointer-events:initial;width:100%;height:100%;display:block;position:absolute;top:0;left:0;z-index:0\" class=\"mask\" id=\"el-459f6827-372a-4729-8f4e-92258d2eb1bc\"><a href=\"https:\/\/www.panoramamoveis.com.br\/blog-wp\/web-stories\/a-historia-do-acidente-nuclear-de-fukushima-i\/\" data-tooltip-icon=\"https:\/\/www.panoramamoveis.com.br\/blog-wp\/wp-content\/uploads\/2025\/02\/cropped-pesquisador-em-traje-de-protecao-coletando-lixo-plastico-em-saco-de-lixo-preto-ao-ar-livre-em-um-dia-ensolarado_651396-1844.jpg\" data-tooltip-text=\"https:\/\/www.panoramamoveis.com.br\/blog-wp\/web-stories\/como-identificar-sites-seguro-para-comprar\/\" target=\"_blank\" rel=\"noreferrer\" style=\"width:100%;height:100%;display:block;position:absolute;top:0;left:0\"><\/p>\n<div style=\"position:absolute;width:100%;height:136.83544%;left:0%;top:-18.41772%\" data-leaf-element=\"true\"><amp-img layout=\"fill\" src=\"https:\/\/www.panoramamoveis.com.br\/blog-wp\/wp-content\/uploads\/2022\/07\/CAPA-PAPEL-DE-PAREDE.png\" alt=\"CAPA - PAPEL DE PAREDE\" srcSet=\"https:\/\/www.panoramamoveis.com.br\/blog-wp\/wp-content\/uploads\/2022\/07\/CAPA-PAPEL-DE-PAREDE.png 640w,https:\/\/www.panoramamoveis.com.br\/blog-wp\/wp-content\/uploads\/2022\/07\/CAPA-PAPEL-DE-PAREDE-225x300.png 225w,https:\/\/www.panoramamoveis.com.br\/blog-wp\/wp-content\/uploads\/2022\/07\/CAPA-PAPEL-DE-PAREDE-150x200.png 150w\" sizes=\"(min-width: 1024px) 17vh, 37vw\" disable-inline-width=\"true\"><\/amp-img><\/div>\n<p><\/a><\/div>\n<\/div>\n<div style=\"position:absolute;pointer-events:none;left:23.30097%;top:75.88997%;width:53.64078%;height:35.76052%;opacity:1\">\n<div style=\"pointer-events:initial;width:100%;height:100%;display:block;position:absolute;top:0;left:0;z-index:0\" class=\"mask\" id=\"el-7199a5ac-5069-4b90-90e8-13dd14ebf50c\">\n<div style=\"position:absolute;width:100%;height:100%;left:0%;top:0%\" data-leaf-element=\"true\"><amp-img layout=\"fill\" src=\"https:\/\/www.panoramamoveis.com.br\/blog-wp\/wp-content\/uploads\/2021\/09\/panorama-sem-fundo.png\" alt=\"panorama sem fundo\" srcSet=\"https:\/\/www.panoramamoveis.com.br\/blog-wp\/wp-content\/uploads\/2021\/09\/panorama-sem-fundo.png 500w,https:\/\/www.panoramamoveis.com.br\/blog-wp\/wp-content\/uploads\/2021\/09\/panorama-sem-fundo-300x300.png 300w,https:\/\/www.panoramamoveis.com.br\/blog-wp\/wp-content\/uploads\/2021\/09\/panorama-sem-fundo-150x150.png 150w,https:\/\/www.panoramamoveis.com.br\/blog-wp\/wp-content\/uploads\/2021\/09\/panorama-sem-fundo-96x96.png 96w\" sizes=\"(min-width: 1024px) 24vh, 54vw\" disable-inline-width=\"true\"><\/amp-img><\/div>\n<\/div>\n<\/div>\n<div style=\"position:absolute;pointer-events:none;left:53.39806%;top:33.81877%;width:36.8932%;height:16.99029%;opacity:1\">\n<div style=\"pointer-events:initial;width:100%;height:100%;display:block;position:absolute;top:0;left:0;z-index:0;border-radius:1.3157894736842104% 1.3157894736842104% 1.3157894736842104% 1.3157894736842104% \/ 1.9047619047619049% 1.9047619047619049% 1.9047619047619049% 1.9047619047619049%\" id=\"el-54ef6abd-31d1-4892-a7ba-19de1de2f467\"><a href=\"https:\/\/www.panoramamoveis.com.br\/blog-wp\/web-stories\/a-historia-do-acidente-nuclear-de-fukushima-i\/\" data-tooltip-icon=\"https:\/\/www.panoramamoveis.com.br\/blog-wp\/wp-content\/uploads\/2025\/02\/cropped-pesquisador-em-traje-de-protecao-coletando-lixo-plastico-em-saco-de-lixo-preto-ao-ar-livre-em-um-dia-ensolarado_651396-1844.jpg\" data-tooltip-text=\"A Hist\u00f3ria do Acidente Nuclear de Fukushima I - Blog Panorama M\u00f3veis\" target=\"_blank\" rel=\"noreferrer\" style=\"width:100%;height:100%;display:block;position:absolute;top:0;left:0\"><\/p>\n<h3 class=\"fill text-wrapper\" style=\"white-space:pre-line;overflow-wrap:break-word;word-break:break-word;margin:-0.20353618421052586% 0;font-family:&quot;Roboto&quot;,sans-serif;font-size:0.355987em;line-height:1.2;text-align:left;padding:0;color:#000000\"><span><span style=\"font-weight: 700; color: #fff\">A Hist\u00f3ria do Acidente Nuclear de Fukushima I<\/span><\/span><\/h3>\n<p><\/a><\/div>\n<\/div>\n<div style=\"position:absolute;pointer-events:none;left:53.39806%;top:62.78317%;width:33.00971%;height:16.99029%;opacity:1\">\n<div style=\"pointer-events:initial;width:100%;height:100%;display:block;position:absolute;top:0;left:0;z-index:0;border-radius:1.4705882352941175% 1.4705882352941175% 1.4705882352941175% 1.4705882352941175% \/ 1.9047619047619049% 1.9047619047619049% 1.9047619047619049% 1.9047619047619049%\" id=\"el-2e9e818e-1985-44fa-a446-09e4865c2d3a\"><a href=\"https:\/\/www.panoramamoveis.com.br\/blog-wp\/web-stories\/como-identificar-sites-seguro-para-comprar\/\" data-tooltip-text=\"\" target=\"_blank\" rel=\"noreferrer\" style=\"width:100%;height:100%;display:block;position:absolute;top:0;left:0\"><\/p>\n<h3 class=\"fill text-wrapper\" style=\"white-space:pre-line;overflow-wrap:break-word;word-break:break-word;margin:-0.22748161764705832% 0;font-family:&quot;Roboto&quot;,sans-serif;font-size:0.355987em;line-height:1.2;text-align:left;padding:0;color:#000000\"><span><span style=\"font-weight: 700; color: #fff\">Como identificar sites seguros para comprar<\/span><\/span><\/h3>\n<p><\/a><\/div>\n<\/div>\n<\/div>\n<\/div>\n<p><\/amp-story-grid-layer><\/amp-story-page><\/amp-story><\/body><\/html><\/p>\n","protected":false},"excerpt":{"rendered":"<p>A hist\u00f3ria da COVID-19 no Brasil, com mais de 700 mil mortes, negacionismo e desigualdade. Confira no Web Stories da Panorama a jornada de luta, resili\u00eancia e li\u00e7\u00f5es n\u00e3o aprendidas.<\/p>\n","protected":false},"author":1,"featured_media":66460,"template":"","meta":{"web_stories_publisher_logo":20,"web_stories_poster":[],"web_stories_products":[],"footnotes":""},"web_story_category":[],"web_story_tag":[],"class_list":["post-66458","web-story","type-web-story","status-publish","has-post-thumbnail","hentry"],"story_data":{"version":47,"pages":[{"elements":[{"opacity":100,"flip":{"vertical":false,"horizontal":false},"rotationAngle":0,"lockAspectRatio":true,"x":348,"y":300,"width":330,"height":586,"mask":{"type":"rectangle"},"isBackground":true,"type":"image","id":"76f7f876-3d4c-4fb3-bb0d-58954ef2886c","scale":100,"focalX":50,"focalY":50,"resource":{"baseColor":"#8a1b18","blurHash":"UTINR9t8a0WV.mofjFj[z;jsXSf6%2jukBWB","type":"image","mimeType":"image\/png","creationDate":"2022-07-17T14:13:08.000Z","src":"https:\/\/www.panoramamoveis.com.br\/blog-wp\/wp-content\/uploads\/2022\/07\/ESPELHOS-PG1.png","width":1080,"height":1920,"id":6244,"alt":"ESPELHOS PG1","sizes":{"medium":{"file":"ESPELHOS-PG1-169x300.png","width":169,"height":300,"filesize":58302,"mimeType":"image\/png","sourceUrl":"https:\/\/www.panoramamoveis.com.br\/blog-wp\/wp-content\/uploads\/2022\/07\/ESPELHOS-PG1-169x300.png"},"large":{"file":"ESPELHOS-PG1-576x1024.png","width":576,"height":1024,"filesize":422030,"mimeType":"image\/png","sourceUrl":"https:\/\/www.panoramamoveis.com.br\/blog-wp\/wp-content\/uploads\/2022\/07\/ESPELHOS-PG1-576x1024.png"},"thumbnail":{"file":"ESPELHOS-PG1-150x150.png","width":150,"height":150,"filesize":33689,"mimeType":"image\/png","sourceUrl":"https:\/\/www.panoramamoveis.com.br\/blog-wp\/wp-content\/uploads\/2022\/07\/ESPELHOS-PG1-150x150.png"},"medium_large":{"file":"ESPELHOS-PG1-768x1365.png","width":768,"height":1365,"filesize":781298,"mimeType":"image\/png","sourceUrl":"https:\/\/www.panoramamoveis.com.br\/blog-wp\/wp-content\/uploads\/2022\/07\/ESPELHOS-PG1-768x1365.png"},"1536x1536":{"file":"ESPELHOS-PG1-864x1536.png","width":864,"height":1536,"filesize":809787,"mimeType":"image\/png","sourceUrl":"https:\/\/www.panoramamoveis.com.br\/blog-wp\/wp-content\/uploads\/2022\/07\/ESPELHOS-PG1-864x1536.png"},"web-stories-poster-portrait":{"file":"ESPELHOS-PG1-640x853.png","width":640,"height":853,"filesize":493572,"mimeType":"image\/png","sourceUrl":"https:\/\/www.panoramamoveis.com.br\/blog-wp\/wp-content\/uploads\/2022\/07\/ESPELHOS-PG1-640x853.png"},"web-stories-publisher-logo":{"file":"ESPELHOS-PG1-96x96.png","width":96,"height":96,"filesize":15577,"mimeType":"image\/png","sourceUrl":"https:\/\/www.panoramamoveis.com.br\/blog-wp\/wp-content\/uploads\/2022\/07\/ESPELHOS-PG1-96x96.png"},"web-stories-thumbnail":{"file":"ESPELHOS-PG1-150x267.png","width":150,"height":267,"filesize":46803,"mimeType":"image\/png","sourceUrl":"https:\/\/www.panoramamoveis.com.br\/blog-wp\/wp-content\/uploads\/2022\/07\/ESPELHOS-PG1-150x267.png"},"full":{"file":"ESPELHOS-PG1.png","width":1080,"height":1920,"mimeType":"image\/png","sourceUrl":"https:\/\/www.panoramamoveis.com.br\/blog-wp\/wp-content\/uploads\/2022\/07\/ESPELHOS-PG1.png"}},"isPlaceholder":false,"isOptimized":false,"isMuted":false,"isExternal":false,"needsProxy":false},"alt":"Sala com 3 espelhos redondos"},{"opacity":100,"flip":{"vertical":false,"horizontal":false},"rotationAngle":0,"lockAspectRatio":false,"scale":100,"focalX":50,"focalY":50,"resource":{"type":"image","mimeType":"image\/webp","width":1200,"height":900,"sizes":{"medium":{"file":"coronavirus-300x225.webp","width":300,"height":225,"filesize":13902,"mimeType":"image\/webp","sourceUrl":"https:\/\/www.panoramamoveis.com.br\/blog-wp\/wp-content\/uploads\/2025\/03\/coronavirus-300x225.webp"},"large":{"file":"coronavirus-1024x768.webp","width":1024,"height":768,"filesize":60876,"mimeType":"image\/webp","sourceUrl":"https:\/\/www.panoramamoveis.com.br\/blog-wp\/wp-content\/uploads\/2025\/03\/coronavirus-1024x768.webp"},"thumbnail":{"file":"coronavirus-150x150.webp","width":150,"height":150,"filesize":7566,"mimeType":"image\/webp","sourceUrl":"https:\/\/www.panoramamoveis.com.br\/blog-wp\/wp-content\/uploads\/2025\/03\/coronavirus-150x150.webp"},"medium_large":{"file":"coronavirus-768x576.webp","width":768,"height":576,"filesize":44510,"mimeType":"image\/webp","sourceUrl":"https:\/\/www.panoramamoveis.com.br\/blog-wp\/wp-content\/uploads\/2025\/03\/coronavirus-768x576.webp"},"web-stories-poster-portrait":{"file":"coronavirus-640x853.webp","width":640,"height":853,"filesize":64382,"mimeType":"image\/webp","sourceUrl":"https:\/\/www.panoramamoveis.com.br\/blog-wp\/wp-content\/uploads\/2025\/03\/coronavirus-640x853.webp"},"web-stories-publisher-logo":{"file":"coronavirus-96x96.webp","width":96,"height":96,"filesize":3772,"mimeType":"image\/webp","sourceUrl":"https:\/\/www.panoramamoveis.com.br\/blog-wp\/wp-content\/uploads\/2025\/03\/coronavirus-96x96.webp"},"web-stories-thumbnail":{"file":"coronavirus-150x113.webp","width":150,"height":113,"filesize":4694,"mimeType":"image\/webp","sourceUrl":"https:\/\/www.panoramamoveis.com.br\/blog-wp\/wp-content\/uploads\/2025\/03\/coronavirus-150x113.webp"},"full":{"file":"coronavirus.webp","width":1200,"height":900,"mimeType":"image\/webp","sourceUrl":"https:\/\/www.panoramamoveis.com.br\/blog-wp\/wp-content\/uploads\/2025\/03\/coronavirus.webp"}},"isPlaceholder":false,"isExternal":false,"needsProxy":false,"baseColor":"#442e2d","blurHash":"U5C~9*0y00~WxGkBayNH00-p%#IUS3jZW;s.","creationDate":"2025-03-03T17:15:43","src":"https:\/\/www.panoramamoveis.com.br\/blog-wp\/wp-content\/uploads\/2025\/03\/coronavirus.webp","id":66463,"alt":"coronavirus","local":false},"type":"image","x":25,"y":85,"width":361,"height":387,"mask":{"type":"rectangle","showInLibrary":true,"name":"Ret\u00e2ngulo","path":"M 0,0 1,0 1,1 0,1 0,0 Z","ratio":1,"supportsBorder":true},"id":"afe24b42-eb1a-40c6-b5f9-04be6cfa56b4"},{"opacity":100,"flip":{"vertical":false,"horizontal":false},"rotationAngle":0,"lockAspectRatio":true,"backgroundTextMode":"FILL","font":{"family":"Anton"},"fontSize":24,"backgroundColor":{"color":{"r":163,"g":0,"b":3,"a":0.7}},"lineHeight":1.2,"textAlign":"center","padding":{"locked":true,"hasHiddenPadding":true,"horizontal":8,"vertical":4},"type":"text","content":"<span style=\"color: #fff\">Confira tudo nesse web stories da Panorama m\u00f3veis<\/span>","borderRadius":{"locked":true,"topLeft":2,"topRight":2,"bottomRight":2,"bottomLeft":2},"x":52,"y":538,"width":309,"height":73,"id":"bf7050a3-2269-4a18-991d-666bc73b2364"},{"opacity":100,"flip":{"vertical":false,"horizontal":false},"rotationAngle":0,"lockAspectRatio":true,"backgroundTextMode":"HIGHLIGHT","font":{"family":"Anton"},"fontSize":25,"backgroundColor":{"color":{"r":163,"g":0,"b":3,"a":0.6}},"lineHeight":1,"textAlign":"center","padding":{"hasHiddenPadding":true,"horizontal":8,"vertical":4},"content":"<span style=\"color: #fff\">5 anos da Declara\u00e7\u00e3o de pandemia da Covid-19<\/span>","borderRadius":{"locked":true,"topLeft":2,"topRight":2,"bottomRight":2,"bottomLeft":2},"x":44,"y":432,"width":325,"height":79,"basedOn":"0eb8f95a-7e6c-437b-ac68-3824daa840f3","id":"2582c9a8-b4e9-468b-b85d-7bd4cb1c4478","type":"text","marginOffset":-12.63427734375}],"animations":[],"backgroundColor":{"color":{"r":255,"g":255,"b":255}},"type":"page","id":"5087ac86-4e77-42ae-a3bc-6de766d977a9","defaultBackgroundElement":{"opacity":100,"flip":{"vertical":false,"horizontal":false},"rotationAngle":0,"lockAspectRatio":true,"x":1,"y":1,"width":1,"height":1,"mask":{"type":"rectangle"},"isBackground":true,"isDefaultBackground":true,"type":"shape","id":"fd86e440-5b5a-448f-9a3f-d9ffceab6663"},"pageAttachment":{"url":""}},{"elements":[{"opacity":100,"flip":{"vertical":false,"horizontal":false},"rotationAngle":0,"lockAspectRatio":true,"scale":100,"focalX":50,"focalY":49.9999996875,"resource":{"baseColor":"#d0c9c3","blurHash":"UJPskqM{_4xb00tQ-=t7_NM{M{Rj%gs:ayRj","type":"image","mimeType":"image\/png","creationDate":"2022-07-17T14:12:58.000Z","src":"https:\/\/www.panoramamoveis.com.br\/blog-wp\/wp-content\/uploads\/2022\/07\/ESPELHOS-PG4.png","width":1080,"height":1920,"id":6240,"alt":"ESPELHOS PG4","sizes":{"medium":{"file":"ESPELHOS-PG4-169x300.png","width":169,"height":300,"filesize":52785,"mimeType":"image\/png","sourceUrl":"https:\/\/www.panoramamoveis.com.br\/blog-wp\/wp-content\/uploads\/2022\/07\/ESPELHOS-PG4-169x300.png"},"large":{"file":"ESPELHOS-PG4-576x1024.png","width":576,"height":1024,"filesize":395855,"mimeType":"image\/png","sourceUrl":"https:\/\/www.panoramamoveis.com.br\/blog-wp\/wp-content\/uploads\/2022\/07\/ESPELHOS-PG4-576x1024.png"},"thumbnail":{"file":"ESPELHOS-PG4-150x150.png","width":150,"height":150,"filesize":26980,"mimeType":"image\/png","sourceUrl":"https:\/\/www.panoramamoveis.com.br\/blog-wp\/wp-content\/uploads\/2022\/07\/ESPELHOS-PG4-150x150.png"},"medium_large":{"file":"ESPELHOS-PG4-768x1365.png","width":768,"height":1365,"filesize":730853,"mimeType":"image\/png","sourceUrl":"https:\/\/www.panoramamoveis.com.br\/blog-wp\/wp-content\/uploads\/2022\/07\/ESPELHOS-PG4-768x1365.png"},"1536x1536":{"file":"ESPELHOS-PG4-864x1536.png","width":864,"height":1536,"filesize":778363,"mimeType":"image\/png","sourceUrl":"https:\/\/www.panoramamoveis.com.br\/blog-wp\/wp-content\/uploads\/2022\/07\/ESPELHOS-PG4-864x1536.png"},"web-stories-poster-portrait":{"file":"ESPELHOS-PG4-640x853.png","width":640,"height":853,"filesize":420748,"mimeType":"image\/png","sourceUrl":"https:\/\/www.panoramamoveis.com.br\/blog-wp\/wp-content\/uploads\/2022\/07\/ESPELHOS-PG4-640x853.png"},"web-stories-publisher-logo":{"file":"ESPELHOS-PG4-96x96.png","width":96,"height":96,"filesize":12353,"mimeType":"image\/png","sourceUrl":"https:\/\/www.panoramamoveis.com.br\/blog-wp\/wp-content\/uploads\/2022\/07\/ESPELHOS-PG4-96x96.png"},"web-stories-thumbnail":{"file":"ESPELHOS-PG4-150x267.png","width":150,"height":267,"filesize":42771,"mimeType":"image\/png","sourceUrl":"https:\/\/www.panoramamoveis.com.br\/blog-wp\/wp-content\/uploads\/2022\/07\/ESPELHOS-PG4-150x267.png"},"full":{"file":"ESPELHOS-PG4.png","width":1080,"height":1920,"mimeType":"image\/png","sourceUrl":"https:\/\/www.panoramamoveis.com.br\/blog-wp\/wp-content\/uploads\/2022\/07\/ESPELHOS-PG4.png"}},"isPlaceholder":false,"isOptimized":false,"isMuted":false,"isExternal":false,"needsProxy":false},"x":210,"y":540,"width":330,"height":586,"mask":{"type":"rectangle"},"isBackground":true,"id":"4fab43d4-4da3-4001-bb1a-9fe0916893c5","basedOn":"6d51fe17-5b3b-4d0b-82cf-4037a3ffa2f8","alt":"sala com espelho ovalado em cima de bancada de madeira","type":"image"},{"opacity":100,"flip":{"vertical":false,"horizontal":false},"rotationAngle":0,"lockAspectRatio":false,"scale":100,"focalX":50,"focalY":50,"resource":{"type":"image","mimeType":"image\/jpeg","width":1060,"height":706,"sizes":{"medium":{"file":"medico-epidemiologista-lutando-com-coronavirus-covid-19-a-enfermeira-usa-roupa-de-protecao-e-mascara-durante-o-surto-de-covid19_1153-6297-300x200.jpg","width":300,"height":200,"filesize":10443,"mimeType":"image\/jpeg","sourceUrl":"https:\/\/www.panoramamoveis.com.br\/blog-wp\/wp-content\/uploads\/2025\/03\/medico-epidemiologista-lutando-com-coronavirus-covid-19-a-enfermeira-usa-roupa-de-protecao-e-mascara-durante-o-surto-de-covid19_1153-6297-300x200.jpg"},"large":{"file":"medico-epidemiologista-lutando-com-coronavirus-covid-19-a-enfermeira-usa-roupa-de-protecao-e-mascara-durante-o-surto-de-covid19_1153-6297-1024x682.jpg","width":1024,"height":682,"filesize":61173,"mimeType":"image\/jpeg","sourceUrl":"https:\/\/www.panoramamoveis.com.br\/blog-wp\/wp-content\/uploads\/2025\/03\/medico-epidemiologista-lutando-com-coronavirus-covid-19-a-enfermeira-usa-roupa-de-protecao-e-mascara-durante-o-surto-de-covid19_1153-6297-1024x682.jpg"},"thumbnail":{"file":"medico-epidemiologista-lutando-com-coronavirus-covid-19-a-enfermeira-usa-roupa-de-protecao-e-mascara-durante-o-surto-de-covid19_1153-6297-150x150.jpg","width":150,"height":150,"filesize":5794,"mimeType":"image\/jpeg","sourceUrl":"https:\/\/www.panoramamoveis.com.br\/blog-wp\/wp-content\/uploads\/2025\/03\/medico-epidemiologista-lutando-com-coronavirus-covid-19-a-enfermeira-usa-roupa-de-protecao-e-mascara-durante-o-surto-de-covid19_1153-6297-150x150.jpg"},"medium_large":{"file":"medico-epidemiologista-lutando-com-coronavirus-covid-19-a-enfermeira-usa-roupa-de-protecao-e-mascara-durante-o-surto-de-covid19_1153-6297-768x512.jpg","width":768,"height":512,"filesize":39999,"mimeType":"image\/jpeg","sourceUrl":"https:\/\/www.panoramamoveis.com.br\/blog-wp\/wp-content\/uploads\/2025\/03\/medico-epidemiologista-lutando-com-coronavirus-covid-19-a-enfermeira-usa-roupa-de-protecao-e-mascara-durante-o-surto-de-covid19_1153-6297-768x512.jpg"},"web-stories-poster-portrait":{"file":"medico-epidemiologista-lutando-com-coronavirus-covid-19-a-enfermeira-usa-roupa-de-protecao-e-mascara-durante-o-surto-de-covid19_1153-6297-640x706.jpg","width":640,"height":706,"filesize":53078,"mimeType":"image\/jpeg","sourceUrl":"https:\/\/www.panoramamoveis.com.br\/blog-wp\/wp-content\/uploads\/2025\/03\/medico-epidemiologista-lutando-com-coronavirus-covid-19-a-enfermeira-usa-roupa-de-protecao-e-mascara-durante-o-surto-de-covid19_1153-6297-640x706.jpg"},"web-stories-publisher-logo":{"file":"medico-epidemiologista-lutando-com-coronavirus-covid-19-a-enfermeira-usa-roupa-de-protecao-e-mascara-durante-o-surto-de-covid19_1153-6297-96x96.jpg","width":96,"height":96,"filesize":3231,"mimeType":"image\/jpeg","sourceUrl":"https:\/\/www.panoramamoveis.com.br\/blog-wp\/wp-content\/uploads\/2025\/03\/medico-epidemiologista-lutando-com-coronavirus-covid-19-a-enfermeira-usa-roupa-de-protecao-e-mascara-durante-o-surto-de-covid19_1153-6297-96x96.jpg"},"web-stories-thumbnail":{"file":"medico-epidemiologista-lutando-com-coronavirus-covid-19-a-enfermeira-usa-roupa-de-protecao-e-mascara-durante-o-surto-de-covid19_1153-6297-150x100.jpg","width":150,"height":100,"filesize":4190,"mimeType":"image\/jpeg","sourceUrl":"https:\/\/www.panoramamoveis.com.br\/blog-wp\/wp-content\/uploads\/2025\/03\/medico-epidemiologista-lutando-com-coronavirus-covid-19-a-enfermeira-usa-roupa-de-protecao-e-mascara-durante-o-surto-de-covid19_1153-6297-150x100.jpg"},"full":{"file":"medico-epidemiologista-lutando-com-coronavirus-covid-19-a-enfermeira-usa-roupa-de-protecao-e-mascara-durante-o-surto-de-covid19_1153-6297.jpg","width":1060,"height":706,"mimeType":"image\/jpeg","sourceUrl":"https:\/\/www.panoramamoveis.com.br\/blog-wp\/wp-content\/uploads\/2025\/03\/medico-epidemiologista-lutando-com-coronavirus-covid-19-a-enfermeira-usa-roupa-de-protecao-e-mascara-durante-o-surto-de-covid19_1153-6297.jpg"}},"isPlaceholder":false,"isExternal":false,"needsProxy":false,"baseColor":"#20282b","blurHash":"UA9kETI900Rn8wV@.TRi8^o#.8aJyYaeDO%M","creationDate":"2025-03-03T17:21:26","src":"https:\/\/www.panoramamoveis.com.br\/blog-wp\/wp-content\/uploads\/2025\/03\/medico-epidemiologista-lutando-com-coronavirus-covid-19-a-enfermeira-usa-roupa-de-protecao-e-mascara-durante-o-surto-de-covid19_1153-6297.jpg","id":66464,"alt":"medico-epidemiologista-lutando-com-coronavirus-covid-19-a-enfermeira-usa-roupa-de-protecao-e-mascara-durante-o-surto-de-covid19_1153-6297","local":false},"type":"image","x":48,"y":-29,"width":317,"height":382,"mask":{"type":"rectangle","showInLibrary":true,"name":"Ret\u00e2ngulo","path":"M 0,0 1,0 1,1 0,1 0,0 Z","ratio":1,"supportsBorder":true},"id":"75e783bb-4d4a-4eed-bebf-d04fe60c2030"},{"opacity":100,"flip":{"vertical":false,"horizontal":false},"rotationAngle":270,"lockAspectRatio":true,"scale":100,"focalX":50,"focalY":50,"resource":{"baseColor":"#543833","type":"image","mimeType":"image\/png","creationDate":"2021-11-09T19:36:56","src":"https:\/\/www.panoramamoveis.com.br\/blog-wp\/wp-content\/uploads\/2021\/11\/Panorama-Moveis-click-1.png","width":3240,"height":5760,"id":1933,"alt":"Panorama M\u00f3veis click (1)","sizes":{"medium":{"file":"Panorama-Moveis-click-1-169x300.png","width":169,"height":300,"mimeType":"image\/png","sourceUrl":"https:\/\/www.panoramamoveis.com.br\/blog-wp\/wp-content\/uploads\/2021\/11\/Panorama-Moveis-click-1-169x300.png"},"large":{"file":"Panorama-Moveis-click-1-576x1024.png","width":576,"height":1024,"mimeType":"image\/png","sourceUrl":"https:\/\/www.panoramamoveis.com.br\/blog-wp\/wp-content\/uploads\/2021\/11\/Panorama-Moveis-click-1-576x1024.png"},"thumbnail":{"file":"Panorama-Moveis-click-1-150x150.png","width":150,"height":150,"mimeType":"image\/png","sourceUrl":"https:\/\/www.panoramamoveis.com.br\/blog-wp\/wp-content\/uploads\/2021\/11\/Panorama-Moveis-click-1-150x150.png"},"medium_large":{"file":"Panorama-Moveis-click-1-768x1365.png","width":768,"height":1365,"mimeType":"image\/png","sourceUrl":"https:\/\/www.panoramamoveis.com.br\/blog-wp\/wp-content\/uploads\/2021\/11\/Panorama-Moveis-click-1-768x1365.png"},"1536x1536":{"file":"Panorama-Moveis-click-1-864x1536.png","width":864,"height":1536,"mimeType":"image\/png","sourceUrl":"https:\/\/www.panoramamoveis.com.br\/blog-wp\/wp-content\/uploads\/2021\/11\/Panorama-Moveis-click-1-864x1536.png"},"2048x2048":{"file":"Panorama-Moveis-click-1-1152x2048.png","width":1152,"height":2048,"mimeType":"image\/png","sourceUrl":"https:\/\/www.panoramamoveis.com.br\/blog-wp\/wp-content\/uploads\/2021\/11\/Panorama-Moveis-click-1-1152x2048.png"},"post-thumbnail":{"file":"Panorama-Moveis-click-1-1200x2133.png","width":1200,"height":2133,"mimeType":"image\/png","sourceUrl":"https:\/\/www.panoramamoveis.com.br\/blog-wp\/wp-content\/uploads\/2021\/11\/Panorama-Moveis-click-1-1200x2133.png"},"twentytwenty-fullscreen":{"file":"Panorama-Moveis-click-1-1980x3520.png","width":1980,"height":3520,"mimeType":"image\/png","sourceUrl":"https:\/\/www.panoramamoveis.com.br\/blog-wp\/wp-content\/uploads\/2021\/11\/Panorama-Moveis-click-1-1980x3520.png"},"web-stories-poster-portrait":{"file":"Panorama-Moveis-click-1-640x853.png","width":640,"height":853,"mimeType":"image\/png","sourceUrl":"https:\/\/www.panoramamoveis.com.br\/blog-wp\/wp-content\/uploads\/2021\/11\/Panorama-Moveis-click-1-640x853.png"},"web-stories-publisher-logo":{"file":"Panorama-Moveis-click-1-96x96.png","width":96,"height":96,"mimeType":"image\/png","sourceUrl":"https:\/\/www.panoramamoveis.com.br\/blog-wp\/wp-content\/uploads\/2021\/11\/Panorama-Moveis-click-1-96x96.png"},"web-stories-thumbnail":{"file":"Panorama-Moveis-click-1-150x267.png","width":150,"height":267,"mimeType":"image\/png","sourceUrl":"https:\/\/www.panoramamoveis.com.br\/blog-wp\/wp-content\/uploads\/2021\/11\/Panorama-Moveis-click-1-150x267.png"},"full":{"file":"Panorama-Moveis-click-1.png","width":3240,"height":5760,"mimeType":"image\/png","sourceUrl":"https:\/\/www.panoramamoveis.com.br\/blog-wp\/wp-content\/uploads\/2021\/11\/Panorama-Moveis-click-1.png"}},"isPlaceholder":false,"isOptimized":false,"isMuted":false,"isExternal":false,"provider":"local"},"x":70,"y":-52,"width":56,"height":104,"mask":{"type":"rectangle","showInLibrary":true,"name":"Ret\u00e2ngulo","path":"M 0,0 1,0 1,1 0,1 0,0 Z","ratio":1,"supportsBorder":true},"basedOn":"ff22fdff-46a4-4f87-bd8d-8ebfd8afae43","id":"77928504-5450-43f9-b2a2-db88218aa230","type":"image"},{"opacity":100,"flip":{"vertical":false,"horizontal":false},"rotationAngle":0,"lockAspectRatio":true,"backgroundTextMode":"HIGHLIGHT","font":{"family":"Anton"},"fontSize":24,"backgroundColor":{"color":{"r":163,"g":0,"b":3,"a":0.6}},"lineHeight":1,"textAlign":"left","padding":{"hasHiddenPadding":true,"horizontal":8,"vertical":4},"content":"<span style=\"color: #fff\">Primeiro caso no Brasil<\/span>","borderRadius":{"locked":true,"topLeft":2,"topRight":2,"bottomRight":2,"bottomLeft":2},"x":48,"y":310,"width":313,"height":44,"basedOn":"b243f3b7-3cf7-4622-8509-1da0a1b3e9f5","id":"9e82a8ee-b0b9-456f-8816-b066d7a9815f","type":"text"},{"opacity":100,"flip":{"vertical":false,"horizontal":false},"rotationAngle":0,"lockAspectRatio":true,"backgroundTextMode":"NONE","font":{"family":"Oswald"},"fontSize":23,"backgroundColor":{"color":{"r":196,"g":196,"b":196}},"lineHeight":1.2,"textAlign":"left","padding":{"locked":true,"hasHiddenPadding":false,"horizontal":null,"vertical":null},"content":"<span style=\"color: #f00\">Embora a COVID-19 j\u00e1 estivesse espalhada em boa parte do mundo, no Brasil o primeiro caso s\u00f3 foi registrado oficialmente em 26 de fevereiro de 2020.<\/span>\n\n<span style=\"color: #f00\">Pouco tempo depois, no dia 11 de mar\u00e7o de 2020 a OMS declarou a pandemia global.<\/span>","borderRadius":{"locked":true,"topLeft":2,"topRight":2,"bottomRight":2,"bottomLeft":2},"x":52,"y":353,"width":308,"height":255,"basedOn":"1db38a2b-ce9d-45f7-9b4b-251abc548bed","marginOffset":-5.0760000000000005,"id":"6102357c-5403-48b7-be82-f6d9b3fe6d71","type":"text"}],"backgroundColor":{"color":{"r":255,"g":255,"b":255}},"animations":[{"targets":["6102357c-5403-48b7-be82-f6d9b3fe6d71"],"id":"b6cf4380-b42b-40ae-be69-91a6efc143eb","type":"effect-fade-in","duration":600,"delay":0}],"type":"page","id":"3f4ac6be-21cd-4804-8c30-3ee2a9552928","defaultBackgroundElement":{"opacity":100,"flip":{"vertical":false,"horizontal":false},"rotationAngle":0,"lockAspectRatio":true,"x":1,"y":1,"width":1,"height":1,"mask":{"type":"rectangle"},"isBackground":true,"isDefaultBackground":true,"type":"shape","id":"a8c80173-9ac5-4023-87d5-f08fb27f6c35"}},{"elements":[{"opacity":100,"flip":{"vertical":false,"horizontal":false},"rotationAngle":0,"lockAspectRatio":true,"scale":100,"focalX":50,"focalY":49.9999996875,"resource":{"baseColor":"#d0c9c3","blurHash":"UJPskqM{_4xb00tQ-=t7_NM{M{Rj%gs:ayRj","type":"image","mimeType":"image\/png","creationDate":"2022-07-17T14:12:58.000Z","src":"https:\/\/www.panoramamoveis.com.br\/blog-wp\/wp-content\/uploads\/2022\/07\/ESPELHOS-PG4.png","width":1080,"height":1920,"id":6240,"alt":"ESPELHOS PG4","sizes":{"medium":{"file":"ESPELHOS-PG4-169x300.png","width":169,"height":300,"filesize":52785,"mimeType":"image\/png","sourceUrl":"https:\/\/www.panoramamoveis.com.br\/blog-wp\/wp-content\/uploads\/2022\/07\/ESPELHOS-PG4-169x300.png"},"large":{"file":"ESPELHOS-PG4-576x1024.png","width":576,"height":1024,"filesize":395855,"mimeType":"image\/png","sourceUrl":"https:\/\/www.panoramamoveis.com.br\/blog-wp\/wp-content\/uploads\/2022\/07\/ESPELHOS-PG4-576x1024.png"},"thumbnail":{"file":"ESPELHOS-PG4-150x150.png","width":150,"height":150,"filesize":26980,"mimeType":"image\/png","sourceUrl":"https:\/\/www.panoramamoveis.com.br\/blog-wp\/wp-content\/uploads\/2022\/07\/ESPELHOS-PG4-150x150.png"},"medium_large":{"file":"ESPELHOS-PG4-768x1365.png","width":768,"height":1365,"filesize":730853,"mimeType":"image\/png","sourceUrl":"https:\/\/www.panoramamoveis.com.br\/blog-wp\/wp-content\/uploads\/2022\/07\/ESPELHOS-PG4-768x1365.png"},"1536x1536":{"file":"ESPELHOS-PG4-864x1536.png","width":864,"height":1536,"filesize":778363,"mimeType":"image\/png","sourceUrl":"https:\/\/www.panoramamoveis.com.br\/blog-wp\/wp-content\/uploads\/2022\/07\/ESPELHOS-PG4-864x1536.png"},"web-stories-poster-portrait":{"file":"ESPELHOS-PG4-640x853.png","width":640,"height":853,"filesize":420748,"mimeType":"image\/png","sourceUrl":"https:\/\/www.panoramamoveis.com.br\/blog-wp\/wp-content\/uploads\/2022\/07\/ESPELHOS-PG4-640x853.png"},"web-stories-publisher-logo":{"file":"ESPELHOS-PG4-96x96.png","width":96,"height":96,"filesize":12353,"mimeType":"image\/png","sourceUrl":"https:\/\/www.panoramamoveis.com.br\/blog-wp\/wp-content\/uploads\/2022\/07\/ESPELHOS-PG4-96x96.png"},"web-stories-thumbnail":{"file":"ESPELHOS-PG4-150x267.png","width":150,"height":267,"filesize":42771,"mimeType":"image\/png","sourceUrl":"https:\/\/www.panoramamoveis.com.br\/blog-wp\/wp-content\/uploads\/2022\/07\/ESPELHOS-PG4-150x267.png"},"full":{"file":"ESPELHOS-PG4.png","width":1080,"height":1920,"mimeType":"image\/png","sourceUrl":"https:\/\/www.panoramamoveis.com.br\/blog-wp\/wp-content\/uploads\/2022\/07\/ESPELHOS-PG4.png"}},"isPlaceholder":false,"isOptimized":false,"isMuted":false,"isExternal":false,"needsProxy":false},"x":210,"y":540,"width":330,"height":586,"mask":{"type":"rectangle"},"isBackground":true,"id":"25de8763-be3f-40bc-9348-1b35d95ca3f7","basedOn":"6d51fe17-5b3b-4d0b-82cf-4037a3ffa2f8","alt":"sala com espelho ovalado em cima de bancada de madeira","type":"image"},{"opacity":100,"flip":{"vertical":false,"horizontal":false},"rotationAngle":0,"lockAspectRatio":false,"scale":100,"focalX":50,"focalY":50,"resource":{"type":"image","mimeType":"image\/jpeg","width":1060,"height":706,"sizes":{"medium":{"file":"melhores-amigos-assistindo-servico-de-streaming-juntos-na-sala-de-estar_23-2149007862-300x200.jpg","width":300,"height":200,"filesize":14012,"mimeType":"image\/jpeg","sourceUrl":"https:\/\/www.panoramamoveis.com.br\/blog-wp\/wp-content\/uploads\/2025\/03\/melhores-amigos-assistindo-servico-de-streaming-juntos-na-sala-de-estar_23-2149007862-300x200.jpg"},"large":{"file":"melhores-amigos-assistindo-servico-de-streaming-juntos-na-sala-de-estar_23-2149007862-1024x682.jpg","width":1024,"height":682,"filesize":90821,"mimeType":"image\/jpeg","sourceUrl":"https:\/\/www.panoramamoveis.com.br\/blog-wp\/wp-content\/uploads\/2025\/03\/melhores-amigos-assistindo-servico-de-streaming-juntos-na-sala-de-estar_23-2149007862-1024x682.jpg"},"thumbnail":{"file":"melhores-amigos-assistindo-servico-de-streaming-juntos-na-sala-de-estar_23-2149007862-150x150.jpg","width":150,"height":150,"filesize":6852,"mimeType":"image\/jpeg","sourceUrl":"https:\/\/www.panoramamoveis.com.br\/blog-wp\/wp-content\/uploads\/2025\/03\/melhores-amigos-assistindo-servico-de-streaming-juntos-na-sala-de-estar_23-2149007862-150x150.jpg"},"medium_large":{"file":"melhores-amigos-assistindo-servico-de-streaming-juntos-na-sala-de-estar_23-2149007862-768x512.jpg","width":768,"height":512,"filesize":58154,"mimeType":"image\/jpeg","sourceUrl":"https:\/\/www.panoramamoveis.com.br\/blog-wp\/wp-content\/uploads\/2025\/03\/melhores-amigos-assistindo-servico-de-streaming-juntos-na-sala-de-estar_23-2149007862-768x512.jpg"},"web-stories-poster-portrait":{"file":"melhores-amigos-assistindo-servico-de-streaming-juntos-na-sala-de-estar_23-2149007862-640x706.jpg","width":640,"height":706,"filesize":70777,"mimeType":"image\/jpeg","sourceUrl":"https:\/\/www.panoramamoveis.com.br\/blog-wp\/wp-content\/uploads\/2025\/03\/melhores-amigos-assistindo-servico-de-streaming-juntos-na-sala-de-estar_23-2149007862-640x706.jpg"},"web-stories-publisher-logo":{"file":"melhores-amigos-assistindo-servico-de-streaming-juntos-na-sala-de-estar_23-2149007862-96x96.jpg","width":96,"height":96,"filesize":3648,"mimeType":"image\/jpeg","sourceUrl":"https:\/\/www.panoramamoveis.com.br\/blog-wp\/wp-content\/uploads\/2025\/03\/melhores-amigos-assistindo-servico-de-streaming-juntos-na-sala-de-estar_23-2149007862-96x96.jpg"},"web-stories-thumbnail":{"file":"melhores-amigos-assistindo-servico-de-streaming-juntos-na-sala-de-estar_23-2149007862-150x100.jpg","width":150,"height":100,"filesize":5361,"mimeType":"image\/jpeg","sourceUrl":"https:\/\/www.panoramamoveis.com.br\/blog-wp\/wp-content\/uploads\/2025\/03\/melhores-amigos-assistindo-servico-de-streaming-juntos-na-sala-de-estar_23-2149007862-150x100.jpg"},"full":{"file":"melhores-amigos-assistindo-servico-de-streaming-juntos-na-sala-de-estar_23-2149007862.jpg","width":1060,"height":706,"mimeType":"image\/jpeg","sourceUrl":"https:\/\/www.panoramamoveis.com.br\/blog-wp\/wp-content\/uploads\/2025\/03\/melhores-amigos-assistindo-servico-de-streaming-juntos-na-sala-de-estar_23-2149007862.jpg"}},"isPlaceholder":false,"isExternal":false,"needsProxy":false,"baseColor":"#3a3f4a","blurHash":"UADJ9Z;1E9?rE4OXI:9a03-.~TH]_2a0sC%K","creationDate":"2025-03-03T17:25:57","src":"https:\/\/www.panoramamoveis.com.br\/blog-wp\/wp-content\/uploads\/2025\/03\/melhores-amigos-assistindo-servico-de-streaming-juntos-na-sala-de-estar_23-2149007862.jpg","id":66465,"alt":"melhores-amigos-assistindo-servico-de-streaming-juntos-na-sala-de-estar_23-2149007862","local":false},"type":"image","x":48,"y":-38,"width":316,"height":392,"mask":{"type":"rectangle","showInLibrary":true,"name":"Ret\u00e2ngulo","path":"M 0,0 1,0 1,1 0,1 0,0 Z","ratio":1,"supportsBorder":true},"id":"8f9a2f82-b6b9-4c88-9428-abfb59fbc900"},{"opacity":100,"flip":{"vertical":false,"horizontal":false},"rotationAngle":270,"lockAspectRatio":true,"scale":100,"focalX":50,"focalY":50,"resource":{"baseColor":"#543833","type":"image","mimeType":"image\/png","creationDate":"2021-11-09T19:36:56","src":"https:\/\/www.panoramamoveis.com.br\/blog-wp\/wp-content\/uploads\/2021\/11\/Panorama-Moveis-click-1.png","width":3240,"height":5760,"id":1933,"alt":"Panorama M\u00f3veis click (1)","sizes":{"medium":{"file":"Panorama-Moveis-click-1-169x300.png","width":169,"height":300,"mimeType":"image\/png","sourceUrl":"https:\/\/www.panoramamoveis.com.br\/blog-wp\/wp-content\/uploads\/2021\/11\/Panorama-Moveis-click-1-169x300.png"},"large":{"file":"Panorama-Moveis-click-1-576x1024.png","width":576,"height":1024,"mimeType":"image\/png","sourceUrl":"https:\/\/www.panoramamoveis.com.br\/blog-wp\/wp-content\/uploads\/2021\/11\/Panorama-Moveis-click-1-576x1024.png"},"thumbnail":{"file":"Panorama-Moveis-click-1-150x150.png","width":150,"height":150,"mimeType":"image\/png","sourceUrl":"https:\/\/www.panoramamoveis.com.br\/blog-wp\/wp-content\/uploads\/2021\/11\/Panorama-Moveis-click-1-150x150.png"},"medium_large":{"file":"Panorama-Moveis-click-1-768x1365.png","width":768,"height":1365,"mimeType":"image\/png","sourceUrl":"https:\/\/www.panoramamoveis.com.br\/blog-wp\/wp-content\/uploads\/2021\/11\/Panorama-Moveis-click-1-768x1365.png"},"1536x1536":{"file":"Panorama-Moveis-click-1-864x1536.png","width":864,"height":1536,"mimeType":"image\/png","sourceUrl":"https:\/\/www.panoramamoveis.com.br\/blog-wp\/wp-content\/uploads\/2021\/11\/Panorama-Moveis-click-1-864x1536.png"},"2048x2048":{"file":"Panorama-Moveis-click-1-1152x2048.png","width":1152,"height":2048,"mimeType":"image\/png","sourceUrl":"https:\/\/www.panoramamoveis.com.br\/blog-wp\/wp-content\/uploads\/2021\/11\/Panorama-Moveis-click-1-1152x2048.png"},"post-thumbnail":{"file":"Panorama-Moveis-click-1-1200x2133.png","width":1200,"height":2133,"mimeType":"image\/png","sourceUrl":"https:\/\/www.panoramamoveis.com.br\/blog-wp\/wp-content\/uploads\/2021\/11\/Panorama-Moveis-click-1-1200x2133.png"},"twentytwenty-fullscreen":{"file":"Panorama-Moveis-click-1-1980x3520.png","width":1980,"height":3520,"mimeType":"image\/png","sourceUrl":"https:\/\/www.panoramamoveis.com.br\/blog-wp\/wp-content\/uploads\/2021\/11\/Panorama-Moveis-click-1-1980x3520.png"},"web-stories-poster-portrait":{"file":"Panorama-Moveis-click-1-640x853.png","width":640,"height":853,"mimeType":"image\/png","sourceUrl":"https:\/\/www.panoramamoveis.com.br\/blog-wp\/wp-content\/uploads\/2021\/11\/Panorama-Moveis-click-1-640x853.png"},"web-stories-publisher-logo":{"file":"Panorama-Moveis-click-1-96x96.png","width":96,"height":96,"mimeType":"image\/png","sourceUrl":"https:\/\/www.panoramamoveis.com.br\/blog-wp\/wp-content\/uploads\/2021\/11\/Panorama-Moveis-click-1-96x96.png"},"web-stories-thumbnail":{"file":"Panorama-Moveis-click-1-150x267.png","width":150,"height":267,"mimeType":"image\/png","sourceUrl":"https:\/\/www.panoramamoveis.com.br\/blog-wp\/wp-content\/uploads\/2021\/11\/Panorama-Moveis-click-1-150x267.png"},"full":{"file":"Panorama-Moveis-click-1.png","width":3240,"height":5760,"mimeType":"image\/png","sourceUrl":"https:\/\/www.panoramamoveis.com.br\/blog-wp\/wp-content\/uploads\/2021\/11\/Panorama-Moveis-click-1.png"}},"isPlaceholder":false,"isOptimized":false,"isMuted":false,"isExternal":false,"provider":"local"},"x":70,"y":-52,"width":56,"height":104,"mask":{"type":"rectangle","showInLibrary":true,"name":"Ret\u00e2ngulo","path":"M 0,0 1,0 1,1 0,1 0,0 Z","ratio":1,"supportsBorder":true},"basedOn":"ff22fdff-46a4-4f87-bd8d-8ebfd8afae43","id":"dc4b5286-4cdb-4ca5-98af-09623f37fb01","type":"image"},{"opacity":100,"flip":{"vertical":false,"horizontal":false},"rotationAngle":0,"lockAspectRatio":true,"backgroundTextMode":"NONE","font":{"family":"Oswald"},"fontSize":23,"backgroundColor":{"color":{"r":196,"g":196,"b":196}},"lineHeight":1.2,"textAlign":"left","padding":{"locked":true,"hasHiddenPadding":false,"horizontal":null,"vertical":null},"content":"<span style=\"color: #f00\">Em pouco tempo, em abril daquele ano, Manaus (AM) viu seus hospitais colapsarem. N\u00e3o havia leito de UTI para todos os doentes.<\/span>\n\n<span style=\"color: #f00\">Fato esse que fez com que em Maio o Brasil atingisse a marca de 10 mil morto e se tornasse o epicentro da doen\u00e7a no mundo.<\/span>\n","borderRadius":{"locked":true,"topLeft":2,"topRight":2,"bottomRight":2,"bottomLeft":2},"x":53,"y":354,"width":305,"height":282,"basedOn":"1db38a2b-ce9d-45f7-9b4b-251abc548bed","marginOffset":-5.0760000000000005,"id":"adf7d771-8f41-4de6-8678-ef9ff6761937","type":"text"},{"opacity":100,"flip":{"vertical":false,"horizontal":false},"rotationAngle":0,"lockAspectRatio":true,"backgroundTextMode":"HIGHLIGHT","font":{"family":"Anton"},"fontSize":24,"backgroundColor":{"color":{"r":163,"g":0,"b":3,"a":0.6}},"lineHeight":1,"textAlign":"left","padding":{"hasHiddenPadding":true,"horizontal":8,"vertical":4},"content":"<span style=\"color: #fff\">O primeiro Colapso<\/span>","borderRadius":{"locked":true,"topLeft":2,"topRight":2,"bottomRight":2,"bottomLeft":2},"x":48,"y":311,"width":316,"height":44,"basedOn":"b243f3b7-3cf7-4622-8509-1da0a1b3e9f5","id":"3619a978-e6ec-44d6-a6f7-124f9a6179ba","type":"text"}],"backgroundColor":{"color":{"r":255,"g":255,"b":255}},"animations":[{"targets":["adf7d771-8f41-4de6-8678-ef9ff6761937"],"id":"eef33639-c19d-44de-905c-8857209cfdaa","type":"effect-fade-in","duration":600,"delay":0}],"type":"page","id":"35e803a5-528a-493c-a820-6997ce954d9a","defaultBackgroundElement":{"opacity":100,"flip":{"vertical":false,"horizontal":false},"rotationAngle":0,"lockAspectRatio":true,"x":1,"y":1,"width":1,"height":1,"mask":{"type":"rectangle"},"isBackground":true,"isDefaultBackground":true,"type":"shape","id":"a8c80173-9ac5-4023-87d5-f08fb27f6c35"}},{"elements":[{"opacity":100,"flip":{"vertical":false,"horizontal":false},"rotationAngle":0,"lockAspectRatio":true,"scale":100,"focalX":50,"focalY":49.9999996875,"resource":{"baseColor":"#d0c9c3","blurHash":"UJPskqM{_4xb00tQ-=t7_NM{M{Rj%gs:ayRj","type":"image","mimeType":"image\/png","creationDate":"2022-07-17T14:12:58.000Z","src":"https:\/\/www.panoramamoveis.com.br\/blog-wp\/wp-content\/uploads\/2022\/07\/ESPELHOS-PG4.png","width":1080,"height":1920,"id":6240,"alt":"ESPELHOS PG4","sizes":{"medium":{"file":"ESPELHOS-PG4-169x300.png","width":169,"height":300,"filesize":52785,"mimeType":"image\/png","sourceUrl":"https:\/\/www.panoramamoveis.com.br\/blog-wp\/wp-content\/uploads\/2022\/07\/ESPELHOS-PG4-169x300.png"},"large":{"file":"ESPELHOS-PG4-576x1024.png","width":576,"height":1024,"filesize":395855,"mimeType":"image\/png","sourceUrl":"https:\/\/www.panoramamoveis.com.br\/blog-wp\/wp-content\/uploads\/2022\/07\/ESPELHOS-PG4-576x1024.png"},"thumbnail":{"file":"ESPELHOS-PG4-150x150.png","width":150,"height":150,"filesize":26980,"mimeType":"image\/png","sourceUrl":"https:\/\/www.panoramamoveis.com.br\/blog-wp\/wp-content\/uploads\/2022\/07\/ESPELHOS-PG4-150x150.png"},"medium_large":{"file":"ESPELHOS-PG4-768x1365.png","width":768,"height":1365,"filesize":730853,"mimeType":"image\/png","sourceUrl":"https:\/\/www.panoramamoveis.com.br\/blog-wp\/wp-content\/uploads\/2022\/07\/ESPELHOS-PG4-768x1365.png"},"1536x1536":{"file":"ESPELHOS-PG4-864x1536.png","width":864,"height":1536,"filesize":778363,"mimeType":"image\/png","sourceUrl":"https:\/\/www.panoramamoveis.com.br\/blog-wp\/wp-content\/uploads\/2022\/07\/ESPELHOS-PG4-864x1536.png"},"web-stories-poster-portrait":{"file":"ESPELHOS-PG4-640x853.png","width":640,"height":853,"filesize":420748,"mimeType":"image\/png","sourceUrl":"https:\/\/www.panoramamoveis.com.br\/blog-wp\/wp-content\/uploads\/2022\/07\/ESPELHOS-PG4-640x853.png"},"web-stories-publisher-logo":{"file":"ESPELHOS-PG4-96x96.png","width":96,"height":96,"filesize":12353,"mimeType":"image\/png","sourceUrl":"https:\/\/www.panoramamoveis.com.br\/blog-wp\/wp-content\/uploads\/2022\/07\/ESPELHOS-PG4-96x96.png"},"web-stories-thumbnail":{"file":"ESPELHOS-PG4-150x267.png","width":150,"height":267,"filesize":42771,"mimeType":"image\/png","sourceUrl":"https:\/\/www.panoramamoveis.com.br\/blog-wp\/wp-content\/uploads\/2022\/07\/ESPELHOS-PG4-150x267.png"},"full":{"file":"ESPELHOS-PG4.png","width":1080,"height":1920,"mimeType":"image\/png","sourceUrl":"https:\/\/www.panoramamoveis.com.br\/blog-wp\/wp-content\/uploads\/2022\/07\/ESPELHOS-PG4.png"}},"isPlaceholder":false,"isOptimized":false,"isMuted":false,"isExternal":false,"needsProxy":false},"x":240,"y":570,"width":330,"height":586,"mask":{"type":"rectangle"},"isBackground":true,"id":"5c6c7c64-2486-4eeb-818f-4fcbc5149be7","basedOn":"6d51fe17-5b3b-4d0b-82cf-4037a3ffa2f8","alt":"sala com espelho ovalado em cima de bancada de madeira","type":"image"},{"opacity":100,"flip":{"vertical":false,"horizontal":false},"rotationAngle":0,"lockAspectRatio":false,"scale":100,"focalX":50,"focalY":50,"resource":{"type":"image","mimeType":"image\/jpeg","width":800,"height":526,"sizes":{"medium":{"file":"20200422011019512749o-300x197.jpg","width":300,"height":197,"filesize":27501,"mimeType":"image\/jpeg","sourceUrl":"https:\/\/www.panoramamoveis.com.br\/blog-wp\/wp-content\/uploads\/2025\/03\/20200422011019512749o-300x197.jpg"},"thumbnail":{"file":"20200422011019512749o-150x150.jpg","width":150,"height":150,"filesize":11566,"mimeType":"image\/jpeg","sourceUrl":"https:\/\/www.panoramamoveis.com.br\/blog-wp\/wp-content\/uploads\/2025\/03\/20200422011019512749o-150x150.jpg"},"medium_large":{"file":"20200422011019512749o-768x505.jpg","width":768,"height":505,"filesize":145848,"mimeType":"image\/jpeg","sourceUrl":"https:\/\/www.panoramamoveis.com.br\/blog-wp\/wp-content\/uploads\/2025\/03\/20200422011019512749o-768x505.jpg"},"web-stories-poster-portrait":{"file":"20200422011019512749o-640x526.jpg","width":640,"height":526,"filesize":123534,"mimeType":"image\/jpeg","sourceUrl":"https:\/\/www.panoramamoveis.com.br\/blog-wp\/wp-content\/uploads\/2025\/03\/20200422011019512749o-640x526.jpg"},"web-stories-publisher-logo":{"file":"20200422011019512749o-96x96.jpg","width":96,"height":96,"filesize":5008,"mimeType":"image\/jpeg","sourceUrl":"https:\/\/www.panoramamoveis.com.br\/blog-wp\/wp-content\/uploads\/2025\/03\/20200422011019512749o-96x96.jpg"},"web-stories-thumbnail":{"file":"20200422011019512749o-150x99.jpg","width":150,"height":99,"filesize":7687,"mimeType":"image\/jpeg","sourceUrl":"https:\/\/www.panoramamoveis.com.br\/blog-wp\/wp-content\/uploads\/2025\/03\/20200422011019512749o-150x99.jpg"},"full":{"file":"20200422011019512749o.jpg","width":800,"height":526,"mimeType":"image\/jpeg","sourceUrl":"https:\/\/www.panoramamoveis.com.br\/blog-wp\/wp-content\/uploads\/2025\/03\/20200422011019512749o.jpg"}},"isPlaceholder":false,"isExternal":false,"needsProxy":false,"baseColor":"#966441","blurHash":"UBHw0.0NNHNb~UeUENxWR*t6NHf*IqtQIpbF","creationDate":"2025-03-03T17:28:56","src":"https:\/\/www.panoramamoveis.com.br\/blog-wp\/wp-content\/uploads\/2025\/03\/20200422011019512749o.jpg","id":66466,"alt":"20200422011019512749o","local":false},"type":"image","x":48,"y":-37,"width":316,"height":390,"mask":{"type":"rectangle","showInLibrary":true,"name":"Ret\u00e2ngulo","path":"M 0,0 1,0 1,1 0,1 0,0 Z","ratio":1,"supportsBorder":true},"id":"e3aec3c1-8cbe-4db5-acbf-b24015f331e0"},{"opacity":100,"flip":{"vertical":false,"horizontal":false},"rotationAngle":0,"lockAspectRatio":true,"backgroundTextMode":"HIGHLIGHT","font":{"family":"Anton"},"fontSize":24,"backgroundColor":{"color":{"r":163,"g":0,"b":3,"a":0.6}},"lineHeight":1,"textAlign":"left","padding":{"hasHiddenPadding":true,"horizontal":8,"vertical":4},"content":"<span style=\"color: #fff\">Mais de 1000 mortes por dia<\/span>","borderRadius":{"locked":true,"topLeft":2,"topRight":2,"bottomRight":2,"bottomLeft":2},"x":48,"y":309,"width":312,"height":44,"basedOn":"b243f3b7-3cf7-4622-8509-1da0a1b3e9f5","id":"93e6e743-8181-4240-8b7a-66dfc08205f8","type":"text"},{"opacity":100,"flip":{"vertical":false,"horizontal":false},"rotationAngle":270,"lockAspectRatio":true,"scale":100,"focalX":50,"focalY":50,"resource":{"baseColor":"#543833","type":"image","mimeType":"image\/png","creationDate":"2021-11-09T19:36:56","src":"https:\/\/www.panoramamoveis.com.br\/blog-wp\/wp-content\/uploads\/2021\/11\/Panorama-Moveis-click-1.png","width":3240,"height":5760,"id":1933,"alt":"Panorama M\u00f3veis click (1)","sizes":{"medium":{"file":"Panorama-Moveis-click-1-169x300.png","width":169,"height":300,"mimeType":"image\/png","sourceUrl":"https:\/\/www.panoramamoveis.com.br\/blog-wp\/wp-content\/uploads\/2021\/11\/Panorama-Moveis-click-1-169x300.png"},"large":{"file":"Panorama-Moveis-click-1-576x1024.png","width":576,"height":1024,"mimeType":"image\/png","sourceUrl":"https:\/\/www.panoramamoveis.com.br\/blog-wp\/wp-content\/uploads\/2021\/11\/Panorama-Moveis-click-1-576x1024.png"},"thumbnail":{"file":"Panorama-Moveis-click-1-150x150.png","width":150,"height":150,"mimeType":"image\/png","sourceUrl":"https:\/\/www.panoramamoveis.com.br\/blog-wp\/wp-content\/uploads\/2021\/11\/Panorama-Moveis-click-1-150x150.png"},"medium_large":{"file":"Panorama-Moveis-click-1-768x1365.png","width":768,"height":1365,"mimeType":"image\/png","sourceUrl":"https:\/\/www.panoramamoveis.com.br\/blog-wp\/wp-content\/uploads\/2021\/11\/Panorama-Moveis-click-1-768x1365.png"},"1536x1536":{"file":"Panorama-Moveis-click-1-864x1536.png","width":864,"height":1536,"mimeType":"image\/png","sourceUrl":"https:\/\/www.panoramamoveis.com.br\/blog-wp\/wp-content\/uploads\/2021\/11\/Panorama-Moveis-click-1-864x1536.png"},"2048x2048":{"file":"Panorama-Moveis-click-1-1152x2048.png","width":1152,"height":2048,"mimeType":"image\/png","sourceUrl":"https:\/\/www.panoramamoveis.com.br\/blog-wp\/wp-content\/uploads\/2021\/11\/Panorama-Moveis-click-1-1152x2048.png"},"post-thumbnail":{"file":"Panorama-Moveis-click-1-1200x2133.png","width":1200,"height":2133,"mimeType":"image\/png","sourceUrl":"https:\/\/www.panoramamoveis.com.br\/blog-wp\/wp-content\/uploads\/2021\/11\/Panorama-Moveis-click-1-1200x2133.png"},"twentytwenty-fullscreen":{"file":"Panorama-Moveis-click-1-1980x3520.png","width":1980,"height":3520,"mimeType":"image\/png","sourceUrl":"https:\/\/www.panoramamoveis.com.br\/blog-wp\/wp-content\/uploads\/2021\/11\/Panorama-Moveis-click-1-1980x3520.png"},"web-stories-poster-portrait":{"file":"Panorama-Moveis-click-1-640x853.png","width":640,"height":853,"mimeType":"image\/png","sourceUrl":"https:\/\/www.panoramamoveis.com.br\/blog-wp\/wp-content\/uploads\/2021\/11\/Panorama-Moveis-click-1-640x853.png"},"web-stories-publisher-logo":{"file":"Panorama-Moveis-click-1-96x96.png","width":96,"height":96,"mimeType":"image\/png","sourceUrl":"https:\/\/www.panoramamoveis.com.br\/blog-wp\/wp-content\/uploads\/2021\/11\/Panorama-Moveis-click-1-96x96.png"},"web-stories-thumbnail":{"file":"Panorama-Moveis-click-1-150x267.png","width":150,"height":267,"mimeType":"image\/png","sourceUrl":"https:\/\/www.panoramamoveis.com.br\/blog-wp\/wp-content\/uploads\/2021\/11\/Panorama-Moveis-click-1-150x267.png"},"full":{"file":"Panorama-Moveis-click-1.png","width":3240,"height":5760,"mimeType":"image\/png","sourceUrl":"https:\/\/www.panoramamoveis.com.br\/blog-wp\/wp-content\/uploads\/2021\/11\/Panorama-Moveis-click-1.png"}},"isPlaceholder":false,"isOptimized":false,"isMuted":false,"isExternal":false,"provider":"local"},"x":70,"y":-52,"width":56,"height":104,"mask":{"type":"rectangle","showInLibrary":true,"name":"Ret\u00e2ngulo","path":"M 0,0 1,0 1,1 0,1 0,0 Z","ratio":1,"supportsBorder":true},"basedOn":"ff22fdff-46a4-4f87-bd8d-8ebfd8afae43","id":"162aabfd-28a2-4a64-9c95-eedf4a07ed8e","type":"image"},{"opacity":100,"flip":{"vertical":false,"horizontal":false},"rotationAngle":0,"lockAspectRatio":true,"backgroundTextMode":"NONE","font":{"family":"Oswald"},"fontSize":23,"backgroundColor":{"color":{"r":196,"g":196,"b":196}},"lineHeight":1.2,"textAlign":"left","padding":{"locked":true,"hasHiddenPadding":false,"horizontal":null,"vertical":null},"content":"<span style=\"color: #f00\">Em julho daquele ano, o pa\u00eds j\u00e1 registrada mais de 1000 mortes por dia somente por COVID-19.<\/span>\n\n<span style=\"color: #f00\">Enquanto as classes mais baixas sofriam com a falta d'agua e acesso \u00e0 sa\u00fade, outros grupos se isolavam em home office \u00e0 espera de um milagre.<\/span>\n","borderRadius":{"locked":true,"topLeft":2,"topRight":2,"bottomRight":2,"bottomLeft":2},"x":51,"y":353,"width":310,"height":255,"basedOn":"1db38a2b-ce9d-45f7-9b4b-251abc548bed","marginOffset":-5.0760000000000005,"id":"fbd92668-2fca-4988-84b9-f18b7633231d","type":"text"}],"backgroundColor":{"color":{"r":255,"g":255,"b":255}},"animations":[{"targets":["fbd92668-2fca-4988-84b9-f18b7633231d"],"id":"d77937f6-389a-45df-b7ea-bc179a4ad6d4","type":"effect-fade-in","duration":600,"delay":0}],"type":"page","id":"1128a7b0-1e64-4fc3-8e6d-78011d218d35","defaultBackgroundElement":{"opacity":100,"flip":{"vertical":false,"horizontal":false},"rotationAngle":0,"lockAspectRatio":true,"x":1,"y":1,"width":1,"height":1,"mask":{"type":"rectangle"},"isBackground":true,"isDefaultBackground":true,"type":"shape","id":"a8c80173-9ac5-4023-87d5-f08fb27f6c35"}},{"elements":[{"opacity":100,"flip":{"vertical":false,"horizontal":false},"rotationAngle":0,"lockAspectRatio":true,"scale":100,"focalX":50,"focalY":49.9999996875,"resource":{"baseColor":"#d0c9c3","blurHash":"UJPskqM{_4xb00tQ-=t7_NM{M{Rj%gs:ayRj","type":"image","mimeType":"image\/png","creationDate":"2022-07-17T14:12:58.000Z","src":"https:\/\/www.panoramamoveis.com.br\/blog-wp\/wp-content\/uploads\/2022\/07\/ESPELHOS-PG4.png","width":1080,"height":1920,"id":6240,"alt":"ESPELHOS PG4","sizes":{"medium":{"file":"ESPELHOS-PG4-169x300.png","width":169,"height":300,"filesize":52785,"mimeType":"image\/png","sourceUrl":"https:\/\/www.panoramamoveis.com.br\/blog-wp\/wp-content\/uploads\/2022\/07\/ESPELHOS-PG4-169x300.png"},"large":{"file":"ESPELHOS-PG4-576x1024.png","width":576,"height":1024,"filesize":395855,"mimeType":"image\/png","sourceUrl":"https:\/\/www.panoramamoveis.com.br\/blog-wp\/wp-content\/uploads\/2022\/07\/ESPELHOS-PG4-576x1024.png"},"thumbnail":{"file":"ESPELHOS-PG4-150x150.png","width":150,"height":150,"filesize":26980,"mimeType":"image\/png","sourceUrl":"https:\/\/www.panoramamoveis.com.br\/blog-wp\/wp-content\/uploads\/2022\/07\/ESPELHOS-PG4-150x150.png"},"medium_large":{"file":"ESPELHOS-PG4-768x1365.png","width":768,"height":1365,"filesize":730853,"mimeType":"image\/png","sourceUrl":"https:\/\/www.panoramamoveis.com.br\/blog-wp\/wp-content\/uploads\/2022\/07\/ESPELHOS-PG4-768x1365.png"},"1536x1536":{"file":"ESPELHOS-PG4-864x1536.png","width":864,"height":1536,"filesize":778363,"mimeType":"image\/png","sourceUrl":"https:\/\/www.panoramamoveis.com.br\/blog-wp\/wp-content\/uploads\/2022\/07\/ESPELHOS-PG4-864x1536.png"},"web-stories-poster-portrait":{"file":"ESPELHOS-PG4-640x853.png","width":640,"height":853,"filesize":420748,"mimeType":"image\/png","sourceUrl":"https:\/\/www.panoramamoveis.com.br\/blog-wp\/wp-content\/uploads\/2022\/07\/ESPELHOS-PG4-640x853.png"},"web-stories-publisher-logo":{"file":"ESPELHOS-PG4-96x96.png","width":96,"height":96,"filesize":12353,"mimeType":"image\/png","sourceUrl":"https:\/\/www.panoramamoveis.com.br\/blog-wp\/wp-content\/uploads\/2022\/07\/ESPELHOS-PG4-96x96.png"},"web-stories-thumbnail":{"file":"ESPELHOS-PG4-150x267.png","width":150,"height":267,"filesize":42771,"mimeType":"image\/png","sourceUrl":"https:\/\/www.panoramamoveis.com.br\/blog-wp\/wp-content\/uploads\/2022\/07\/ESPELHOS-PG4-150x267.png"},"full":{"file":"ESPELHOS-PG4.png","width":1080,"height":1920,"mimeType":"image\/png","sourceUrl":"https:\/\/www.panoramamoveis.com.br\/blog-wp\/wp-content\/uploads\/2022\/07\/ESPELHOS-PG4.png"}},"isPlaceholder":false,"isOptimized":false,"isMuted":false,"isExternal":false,"needsProxy":false},"x":240,"y":570,"width":330,"height":586,"mask":{"type":"rectangle"},"isBackground":true,"id":"5f47bf81-460d-44e1-b366-4e4398b80e15","basedOn":"6d51fe17-5b3b-4d0b-82cf-4037a3ffa2f8","alt":"sala com espelho ovalado em cima de bancada de madeira","type":"image"},{"opacity":100,"flip":{"vertical":false,"horizontal":false},"rotationAngle":0,"lockAspectRatio":false,"scale":100,"focalX":50,"focalY":50,"resource":{"type":"image","mimeType":"image\/jpeg","width":312,"height":372,"sizes":{"medium":{"file":"ministeriosaude-crop-20200519155229-660x372-2-252x300.jpg","width":252,"height":300,"filesize":15375,"mimeType":"image\/jpeg","sourceUrl":"https:\/\/www.panoramamoveis.com.br\/blog-wp\/wp-content\/uploads\/2025\/03\/ministeriosaude-crop-20200519155229-660x372-2-252x300.jpg"},"thumbnail":{"file":"ministeriosaude-crop-20200519155229-660x372-2-150x150.jpg","width":150,"height":150,"filesize":5395,"mimeType":"image\/jpeg","sourceUrl":"https:\/\/www.panoramamoveis.com.br\/blog-wp\/wp-content\/uploads\/2025\/03\/ministeriosaude-crop-20200519155229-660x372-2-150x150.jpg"},"web-stories-publisher-logo":{"file":"ministeriosaude-crop-20200519155229-660x372-2-96x96.jpg","width":96,"height":96,"filesize":2816,"mimeType":"image\/jpeg","sourceUrl":"https:\/\/www.panoramamoveis.com.br\/blog-wp\/wp-content\/uploads\/2025\/03\/ministeriosaude-crop-20200519155229-660x372-2-96x96.jpg"},"web-stories-thumbnail":{"file":"ministeriosaude-crop-20200519155229-660x372-2-150x179.jpg","width":150,"height":179,"filesize":6258,"mimeType":"image\/jpeg","sourceUrl":"https:\/\/www.panoramamoveis.com.br\/blog-wp\/wp-content\/uploads\/2025\/03\/ministeriosaude-crop-20200519155229-660x372-2-150x179.jpg"},"full":{"file":"ministeriosaude-crop-20200519155229-660x372-2.jpg","width":312,"height":372,"mimeType":"image\/jpeg","sourceUrl":"https:\/\/www.panoramamoveis.com.br\/blog-wp\/wp-content\/uploads\/2025\/03\/ministeriosaude-crop-20200519155229-660x372-2.jpg"}},"isPlaceholder":false,"isExternal":false,"needsProxy":false,"baseColor":"#7a7b73","blurHash":"UIDviz~qbJt7NHbIRQfPD%RPaeaeMxWBofWB","creationDate":"2025-03-03T17:38:01","src":"https:\/\/www.panoramamoveis.com.br\/blog-wp\/wp-content\/uploads\/2025\/03\/ministeriosaude-crop-20200519155229-660x372-2.jpg","id":66469,"alt":"ministeriosaude-crop-20200519155229-660x372","local":false},"type":"image","x":48,"y":-35,"width":316,"height":388,"mask":{"type":"rectangle","showInLibrary":true,"name":"Ret\u00e2ngulo","path":"M 0,0 1,0 1,1 0,1 0,0 Z","ratio":1,"supportsBorder":true},"id":"ea86ee2e-e60e-492c-afd8-4eb2e1b853c2"},{"opacity":100,"flip":{"vertical":false,"horizontal":false},"rotationAngle":0,"lockAspectRatio":true,"backgroundTextMode":"HIGHLIGHT","font":{"family":"Anton"},"fontSize":24,"backgroundColor":{"color":{"r":163,"g":0,"b":3,"a":0.6}},"lineHeight":1,"textAlign":"left","padding":{"hasHiddenPadding":true,"horizontal":8,"vertical":4},"content":"<span style=\"color: #fff\">Sem um plano para lidar com a doen\u00e7a<\/span>","borderRadius":{"locked":true,"topLeft":2,"topRight":2,"bottomRight":2,"bottomLeft":2},"x":48,"y":277,"width":313,"height":76,"basedOn":"b243f3b7-3cf7-4622-8509-1da0a1b3e9f5","id":"83b8bfca-2472-4f72-9818-5e6ebb7cd456","type":"text"},{"opacity":100,"flip":{"vertical":false,"horizontal":false},"rotationAngle":270,"lockAspectRatio":true,"scale":100,"focalX":50,"focalY":50,"resource":{"baseColor":"#543833","type":"image","mimeType":"image\/png","creationDate":"2021-11-09T19:36:56","src":"https:\/\/www.panoramamoveis.com.br\/blog-wp\/wp-content\/uploads\/2021\/11\/Panorama-Moveis-click-1.png","width":3240,"height":5760,"id":1933,"alt":"Panorama M\u00f3veis click (1)","sizes":{"medium":{"file":"Panorama-Moveis-click-1-169x300.png","width":169,"height":300,"mimeType":"image\/png","sourceUrl":"https:\/\/www.panoramamoveis.com.br\/blog-wp\/wp-content\/uploads\/2021\/11\/Panorama-Moveis-click-1-169x300.png"},"large":{"file":"Panorama-Moveis-click-1-576x1024.png","width":576,"height":1024,"mimeType":"image\/png","sourceUrl":"https:\/\/www.panoramamoveis.com.br\/blog-wp\/wp-content\/uploads\/2021\/11\/Panorama-Moveis-click-1-576x1024.png"},"thumbnail":{"file":"Panorama-Moveis-click-1-150x150.png","width":150,"height":150,"mimeType":"image\/png","sourceUrl":"https:\/\/www.panoramamoveis.com.br\/blog-wp\/wp-content\/uploads\/2021\/11\/Panorama-Moveis-click-1-150x150.png"},"medium_large":{"file":"Panorama-Moveis-click-1-768x1365.png","width":768,"height":1365,"mimeType":"image\/png","sourceUrl":"https:\/\/www.panoramamoveis.com.br\/blog-wp\/wp-content\/uploads\/2021\/11\/Panorama-Moveis-click-1-768x1365.png"},"1536x1536":{"file":"Panorama-Moveis-click-1-864x1536.png","width":864,"height":1536,"mimeType":"image\/png","sourceUrl":"https:\/\/www.panoramamoveis.com.br\/blog-wp\/wp-content\/uploads\/2021\/11\/Panorama-Moveis-click-1-864x1536.png"},"2048x2048":{"file":"Panorama-Moveis-click-1-1152x2048.png","width":1152,"height":2048,"mimeType":"image\/png","sourceUrl":"https:\/\/www.panoramamoveis.com.br\/blog-wp\/wp-content\/uploads\/2021\/11\/Panorama-Moveis-click-1-1152x2048.png"},"post-thumbnail":{"file":"Panorama-Moveis-click-1-1200x2133.png","width":1200,"height":2133,"mimeType":"image\/png","sourceUrl":"https:\/\/www.panoramamoveis.com.br\/blog-wp\/wp-content\/uploads\/2021\/11\/Panorama-Moveis-click-1-1200x2133.png"},"twentytwenty-fullscreen":{"file":"Panorama-Moveis-click-1-1980x3520.png","width":1980,"height":3520,"mimeType":"image\/png","sourceUrl":"https:\/\/www.panoramamoveis.com.br\/blog-wp\/wp-content\/uploads\/2021\/11\/Panorama-Moveis-click-1-1980x3520.png"},"web-stories-poster-portrait":{"file":"Panorama-Moveis-click-1-640x853.png","width":640,"height":853,"mimeType":"image\/png","sourceUrl":"https:\/\/www.panoramamoveis.com.br\/blog-wp\/wp-content\/uploads\/2021\/11\/Panorama-Moveis-click-1-640x853.png"},"web-stories-publisher-logo":{"file":"Panorama-Moveis-click-1-96x96.png","width":96,"height":96,"mimeType":"image\/png","sourceUrl":"https:\/\/www.panoramamoveis.com.br\/blog-wp\/wp-content\/uploads\/2021\/11\/Panorama-Moveis-click-1-96x96.png"},"web-stories-thumbnail":{"file":"Panorama-Moveis-click-1-150x267.png","width":150,"height":267,"mimeType":"image\/png","sourceUrl":"https:\/\/www.panoramamoveis.com.br\/blog-wp\/wp-content\/uploads\/2021\/11\/Panorama-Moveis-click-1-150x267.png"},"full":{"file":"Panorama-Moveis-click-1.png","width":3240,"height":5760,"mimeType":"image\/png","sourceUrl":"https:\/\/www.panoramamoveis.com.br\/blog-wp\/wp-content\/uploads\/2021\/11\/Panorama-Moveis-click-1.png"}},"isPlaceholder":false,"isOptimized":false,"isMuted":false,"isExternal":false,"provider":"local"},"x":70,"y":-52,"width":56,"height":104,"mask":{"type":"rectangle","showInLibrary":true,"name":"Ret\u00e2ngulo","path":"M 0,0 1,0 1,1 0,1 0,0 Z","ratio":1,"supportsBorder":true},"basedOn":"ff22fdff-46a4-4f87-bd8d-8ebfd8afae43","id":"ede1c524-98b2-45f3-af44-34978374b940","type":"image"},{"opacity":100,"flip":{"vertical":false,"horizontal":false},"rotationAngle":0,"lockAspectRatio":true,"backgroundTextMode":"NONE","font":{"family":"Oswald"},"fontSize":23,"backgroundColor":{"color":{"r":196,"g":196,"b":196}},"lineHeight":1.2,"textAlign":"left","padding":{"locked":true,"hasHiddenPadding":false,"horizontal":null,"vertical":null},"content":"<span style=\"color: #f00\">Em dezembro, apesar dos mais de 190 mil mortos, no Brasil ainda n\u00e3o havia um plano concreto para enfrentar a doen\u00e7a.<\/span>\n\n<span style=\"color: #f00\">Para se ter uma id\u00e9ia, de mar\u00e7o a dezembro o pa\u00eds teve tr\u00eas ministros de sa\u00fade diferentes. Cada um com um forma de enxergar a doen\u00e7a.<\/span>","borderRadius":{"locked":true,"topLeft":2,"topRight":2,"bottomRight":2,"bottomLeft":2},"x":51,"y":353,"width":310,"height":255,"basedOn":"1db38a2b-ce9d-45f7-9b4b-251abc548bed","marginOffset":-5.0760000000000005,"id":"032dca4e-ec38-4d55-b099-b7ac49deb989","type":"text"}],"backgroundColor":{"color":{"r":255,"g":255,"b":255}},"animations":[{"targets":["032dca4e-ec38-4d55-b099-b7ac49deb989"],"id":"ecdbf3c1-e6ae-4d5c-a0df-513663698c0f","type":"effect-fade-in","duration":600,"delay":0}],"type":"page","id":"7b9a6ba1-838e-4ed1-b376-abee7b3ad3c1","defaultBackgroundElement":{"opacity":100,"flip":{"vertical":false,"horizontal":false},"rotationAngle":0,"lockAspectRatio":true,"x":1,"y":1,"width":1,"height":1,"mask":{"type":"rectangle"},"isBackground":true,"isDefaultBackground":true,"type":"shape","id":"a8c80173-9ac5-4023-87d5-f08fb27f6c35"}},{"elements":[{"opacity":100,"flip":{"vertical":false,"horizontal":false},"rotationAngle":0,"lockAspectRatio":true,"scale":100,"focalX":50,"focalY":49.9999996875,"resource":{"baseColor":"#d0c9c3","blurHash":"UJPskqM{_4xb00tQ-=t7_NM{M{Rj%gs:ayRj","type":"image","mimeType":"image\/png","creationDate":"2022-07-17T14:12:58.000Z","src":"https:\/\/www.panoramamoveis.com.br\/blog-wp\/wp-content\/uploads\/2022\/07\/ESPELHOS-PG4.png","width":1080,"height":1920,"id":6240,"alt":"ESPELHOS PG4","sizes":{"medium":{"file":"ESPELHOS-PG4-169x300.png","width":169,"height":300,"filesize":52785,"mimeType":"image\/png","sourceUrl":"https:\/\/www.panoramamoveis.com.br\/blog-wp\/wp-content\/uploads\/2022\/07\/ESPELHOS-PG4-169x300.png"},"large":{"file":"ESPELHOS-PG4-576x1024.png","width":576,"height":1024,"filesize":395855,"mimeType":"image\/png","sourceUrl":"https:\/\/www.panoramamoveis.com.br\/blog-wp\/wp-content\/uploads\/2022\/07\/ESPELHOS-PG4-576x1024.png"},"thumbnail":{"file":"ESPELHOS-PG4-150x150.png","width":150,"height":150,"filesize":26980,"mimeType":"image\/png","sourceUrl":"https:\/\/www.panoramamoveis.com.br\/blog-wp\/wp-content\/uploads\/2022\/07\/ESPELHOS-PG4-150x150.png"},"medium_large":{"file":"ESPELHOS-PG4-768x1365.png","width":768,"height":1365,"filesize":730853,"mimeType":"image\/png","sourceUrl":"https:\/\/www.panoramamoveis.com.br\/blog-wp\/wp-content\/uploads\/2022\/07\/ESPELHOS-PG4-768x1365.png"},"1536x1536":{"file":"ESPELHOS-PG4-864x1536.png","width":864,"height":1536,"filesize":778363,"mimeType":"image\/png","sourceUrl":"https:\/\/www.panoramamoveis.com.br\/blog-wp\/wp-content\/uploads\/2022\/07\/ESPELHOS-PG4-864x1536.png"},"web-stories-poster-portrait":{"file":"ESPELHOS-PG4-640x853.png","width":640,"height":853,"filesize":420748,"mimeType":"image\/png","sourceUrl":"https:\/\/www.panoramamoveis.com.br\/blog-wp\/wp-content\/uploads\/2022\/07\/ESPELHOS-PG4-640x853.png"},"web-stories-publisher-logo":{"file":"ESPELHOS-PG4-96x96.png","width":96,"height":96,"filesize":12353,"mimeType":"image\/png","sourceUrl":"https:\/\/www.panoramamoveis.com.br\/blog-wp\/wp-content\/uploads\/2022\/07\/ESPELHOS-PG4-96x96.png"},"web-stories-thumbnail":{"file":"ESPELHOS-PG4-150x267.png","width":150,"height":267,"filesize":42771,"mimeType":"image\/png","sourceUrl":"https:\/\/www.panoramamoveis.com.br\/blog-wp\/wp-content\/uploads\/2022\/07\/ESPELHOS-PG4-150x267.png"},"full":{"file":"ESPELHOS-PG4.png","width":1080,"height":1920,"mimeType":"image\/png","sourceUrl":"https:\/\/www.panoramamoveis.com.br\/blog-wp\/wp-content\/uploads\/2022\/07\/ESPELHOS-PG4.png"}},"isPlaceholder":false,"isOptimized":false,"isMuted":false,"isExternal":false,"needsProxy":false},"x":240,"y":570,"width":330,"height":586,"mask":{"type":"rectangle"},"isBackground":true,"id":"92c58eaf-8d37-4444-b830-7102b7b19d11","basedOn":"6d51fe17-5b3b-4d0b-82cf-4037a3ffa2f8","alt":"sala com espelho ovalado em cima de bancada de madeira","type":"image"},{"opacity":100,"flip":{"vertical":false,"horizontal":false},"rotationAngle":0,"lockAspectRatio":false,"scale":100,"focalX":50,"focalY":50,"resource":{"type":"image","mimeType":"image\/jpeg","width":1060,"height":706,"sizes":{"medium":{"file":"close-de-um-pediatra-preparando-vacina-para-uma-crianca_637285-10527-1-300x200.jpg","width":300,"height":200,"filesize":10745,"mimeType":"image\/jpeg","sourceUrl":"https:\/\/www.panoramamoveis.com.br\/blog-wp\/wp-content\/uploads\/2025\/03\/close-de-um-pediatra-preparando-vacina-para-uma-crianca_637285-10527-1-300x200.jpg"},"large":{"file":"close-de-um-pediatra-preparando-vacina-para-uma-crianca_637285-10527-1-1024x682.jpg","width":1024,"height":682,"filesize":59989,"mimeType":"image\/jpeg","sourceUrl":"https:\/\/www.panoramamoveis.com.br\/blog-wp\/wp-content\/uploads\/2025\/03\/close-de-um-pediatra-preparando-vacina-para-uma-crianca_637285-10527-1-1024x682.jpg"},"thumbnail":{"file":"close-de-um-pediatra-preparando-vacina-para-uma-crianca_637285-10527-1-150x150.jpg","width":150,"height":150,"filesize":5571,"mimeType":"image\/jpeg","sourceUrl":"https:\/\/www.panoramamoveis.com.br\/blog-wp\/wp-content\/uploads\/2025\/03\/close-de-um-pediatra-preparando-vacina-para-uma-crianca_637285-10527-1-150x150.jpg"},"medium_large":{"file":"close-de-um-pediatra-preparando-vacina-para-uma-crianca_637285-10527-1-768x512.jpg","width":768,"height":512,"filesize":39447,"mimeType":"image\/jpeg","sourceUrl":"https:\/\/www.panoramamoveis.com.br\/blog-wp\/wp-content\/uploads\/2025\/03\/close-de-um-pediatra-preparando-vacina-para-uma-crianca_637285-10527-1-768x512.jpg"},"web-stories-poster-portrait":{"file":"close-de-um-pediatra-preparando-vacina-para-uma-crianca_637285-10527-1-640x706.jpg","width":640,"height":706,"filesize":44410,"mimeType":"image\/jpeg","sourceUrl":"https:\/\/www.panoramamoveis.com.br\/blog-wp\/wp-content\/uploads\/2025\/03\/close-de-um-pediatra-preparando-vacina-para-uma-crianca_637285-10527-1-640x706.jpg"},"web-stories-publisher-logo":{"file":"close-de-um-pediatra-preparando-vacina-para-uma-crianca_637285-10527-1-96x96.jpg","width":96,"height":96,"filesize":3152,"mimeType":"image\/jpeg","sourceUrl":"https:\/\/www.panoramamoveis.com.br\/blog-wp\/wp-content\/uploads\/2025\/03\/close-de-um-pediatra-preparando-vacina-para-uma-crianca_637285-10527-1-96x96.jpg"},"web-stories-thumbnail":{"file":"close-de-um-pediatra-preparando-vacina-para-uma-crianca_637285-10527-1-150x100.jpg","width":150,"height":100,"filesize":4472,"mimeType":"image\/jpeg","sourceUrl":"https:\/\/www.panoramamoveis.com.br\/blog-wp\/wp-content\/uploads\/2025\/03\/close-de-um-pediatra-preparando-vacina-para-uma-crianca_637285-10527-1-150x100.jpg"},"full":{"file":"close-de-um-pediatra-preparando-vacina-para-uma-crianca_637285-10527-1.jpg","width":1060,"height":706,"mimeType":"image\/jpeg","sourceUrl":"https:\/\/www.panoramamoveis.com.br\/blog-wp\/wp-content\/uploads\/2025\/03\/close-de-um-pediatra-preparando-vacina-para-uma-crianca_637285-10527-1.jpg"}},"isPlaceholder":false,"isExternal":false,"needsProxy":false,"baseColor":"#c5c0ba","blurHash":"UEIhjU010K~A00bc0M56?b,AIT.TOuDh${xt","creationDate":"2025-03-03T17:43:20","src":"https:\/\/www.panoramamoveis.com.br\/blog-wp\/wp-content\/uploads\/2025\/03\/close-de-um-pediatra-preparando-vacina-para-uma-crianca_637285-10527-1.jpg","id":66473,"alt":"close-de-um-pediatra-preparando-vacina-para-uma-crianca_637285-10527","local":false},"type":"image","x":50,"y":-37,"width":314,"height":390,"mask":{"type":"rectangle","showInLibrary":true,"name":"Ret\u00e2ngulo","path":"M 0,0 1,0 1,1 0,1 0,0 Z","ratio":1,"supportsBorder":true},"id":"4fcf4fe4-77ca-4a31-8b2c-6ffa2a4bc485"},{"opacity":100,"flip":{"vertical":false,"horizontal":false},"rotationAngle":0,"lockAspectRatio":true,"backgroundTextMode":"HIGHLIGHT","font":{"family":"Anton"},"fontSize":24,"backgroundColor":{"color":{"r":163,"g":0,"b":3,"a":0.6}},"lineHeight":1,"textAlign":"left","padding":{"hasHiddenPadding":true,"horizontal":8,"vertical":4},"content":"<span style=\"color: #fff\">Aprova\u00e7\u00e3o da Vacina<\/span>","borderRadius":{"locked":true,"topLeft":2,"topRight":2,"bottomRight":2,"bottomLeft":2},"x":51,"y":309,"width":313,"height":44,"basedOn":"b243f3b7-3cf7-4622-8509-1da0a1b3e9f5","id":"38847915-1a56-4277-895c-77a92f6a37f1","type":"text"},{"opacity":100,"flip":{"vertical":false,"horizontal":false},"rotationAngle":270,"lockAspectRatio":true,"scale":100,"focalX":50,"focalY":50,"resource":{"baseColor":"#543833","type":"image","mimeType":"image\/png","creationDate":"2021-11-09T19:36:56","src":"https:\/\/www.panoramamoveis.com.br\/blog-wp\/wp-content\/uploads\/2021\/11\/Panorama-Moveis-click-1.png","width":3240,"height":5760,"id":1933,"alt":"Panorama M\u00f3veis click (1)","sizes":{"medium":{"file":"Panorama-Moveis-click-1-169x300.png","width":169,"height":300,"mimeType":"image\/png","sourceUrl":"https:\/\/www.panoramamoveis.com.br\/blog-wp\/wp-content\/uploads\/2021\/11\/Panorama-Moveis-click-1-169x300.png"},"large":{"file":"Panorama-Moveis-click-1-576x1024.png","width":576,"height":1024,"mimeType":"image\/png","sourceUrl":"https:\/\/www.panoramamoveis.com.br\/blog-wp\/wp-content\/uploads\/2021\/11\/Panorama-Moveis-click-1-576x1024.png"},"thumbnail":{"file":"Panorama-Moveis-click-1-150x150.png","width":150,"height":150,"mimeType":"image\/png","sourceUrl":"https:\/\/www.panoramamoveis.com.br\/blog-wp\/wp-content\/uploads\/2021\/11\/Panorama-Moveis-click-1-150x150.png"},"medium_large":{"file":"Panorama-Moveis-click-1-768x1365.png","width":768,"height":1365,"mimeType":"image\/png","sourceUrl":"https:\/\/www.panoramamoveis.com.br\/blog-wp\/wp-content\/uploads\/2021\/11\/Panorama-Moveis-click-1-768x1365.png"},"1536x1536":{"file":"Panorama-Moveis-click-1-864x1536.png","width":864,"height":1536,"mimeType":"image\/png","sourceUrl":"https:\/\/www.panoramamoveis.com.br\/blog-wp\/wp-content\/uploads\/2021\/11\/Panorama-Moveis-click-1-864x1536.png"},"2048x2048":{"file":"Panorama-Moveis-click-1-1152x2048.png","width":1152,"height":2048,"mimeType":"image\/png","sourceUrl":"https:\/\/www.panoramamoveis.com.br\/blog-wp\/wp-content\/uploads\/2021\/11\/Panorama-Moveis-click-1-1152x2048.png"},"post-thumbnail":{"file":"Panorama-Moveis-click-1-1200x2133.png","width":1200,"height":2133,"mimeType":"image\/png","sourceUrl":"https:\/\/www.panoramamoveis.com.br\/blog-wp\/wp-content\/uploads\/2021\/11\/Panorama-Moveis-click-1-1200x2133.png"},"twentytwenty-fullscreen":{"file":"Panorama-Moveis-click-1-1980x3520.png","width":1980,"height":3520,"mimeType":"image\/png","sourceUrl":"https:\/\/www.panoramamoveis.com.br\/blog-wp\/wp-content\/uploads\/2021\/11\/Panorama-Moveis-click-1-1980x3520.png"},"web-stories-poster-portrait":{"file":"Panorama-Moveis-click-1-640x853.png","width":640,"height":853,"mimeType":"image\/png","sourceUrl":"https:\/\/www.panoramamoveis.com.br\/blog-wp\/wp-content\/uploads\/2021\/11\/Panorama-Moveis-click-1-640x853.png"},"web-stories-publisher-logo":{"file":"Panorama-Moveis-click-1-96x96.png","width":96,"height":96,"mimeType":"image\/png","sourceUrl":"https:\/\/www.panoramamoveis.com.br\/blog-wp\/wp-content\/uploads\/2021\/11\/Panorama-Moveis-click-1-96x96.png"},"web-stories-thumbnail":{"file":"Panorama-Moveis-click-1-150x267.png","width":150,"height":267,"mimeType":"image\/png","sourceUrl":"https:\/\/www.panoramamoveis.com.br\/blog-wp\/wp-content\/uploads\/2021\/11\/Panorama-Moveis-click-1-150x267.png"},"full":{"file":"Panorama-Moveis-click-1.png","width":3240,"height":5760,"mimeType":"image\/png","sourceUrl":"https:\/\/www.panoramamoveis.com.br\/blog-wp\/wp-content\/uploads\/2021\/11\/Panorama-Moveis-click-1.png"}},"isPlaceholder":false,"isOptimized":false,"isMuted":false,"isExternal":false,"provider":"local"},"x":70,"y":-52,"width":56,"height":104,"mask":{"type":"rectangle","showInLibrary":true,"name":"Ret\u00e2ngulo","path":"M 0,0 1,0 1,1 0,1 0,0 Z","ratio":1,"supportsBorder":true},"basedOn":"ff22fdff-46a4-4f87-bd8d-8ebfd8afae43","id":"3785536e-89c5-486e-987a-721846f9b468","type":"image"},{"opacity":100,"flip":{"vertical":false,"horizontal":false},"rotationAngle":0,"lockAspectRatio":true,"backgroundTextMode":"NONE","font":{"family":"Oswald"},"fontSize":23,"backgroundColor":{"color":{"r":196,"g":196,"b":196}},"lineHeight":1.2,"textAlign":"left","padding":{"locked":true,"hasHiddenPadding":false,"horizontal":null,"vertical":null},"content":"<span style=\"color: #f00\">Em janeiro de 2021, quase 1 ano ap\u00f3s a declara\u00e7\u00e3o de pandemia, o Supremo Tribunal Federa, aprovou, juntamente com a ANVISA, a produ\u00e7\u00e3o da vacina CoronaVAc do Instituto Butantan e a Astrazeneca da FioCruz.<\/span>\n","borderRadius":{"locked":true,"topLeft":2,"topRight":2,"bottomRight":2,"bottomLeft":2},"x":50,"y":353,"width":310,"height":227,"basedOn":"1db38a2b-ce9d-45f7-9b4b-251abc548bed","marginOffset":-5.0760000000000005,"id":"79275aa8-b6ee-481a-9b83-268759d31ed4","type":"text"}],"backgroundColor":{"color":{"r":255,"g":255,"b":255}},"animations":[{"targets":["79275aa8-b6ee-481a-9b83-268759d31ed4"],"id":"f5fe2e1e-babf-419e-a07d-9d25a8706c36","type":"effect-fade-in","duration":600,"delay":0}],"type":"page","id":"f02d5e43-2c3e-4887-8cf1-87ea191cad1b","defaultBackgroundElement":{"opacity":100,"flip":{"vertical":false,"horizontal":false},"rotationAngle":0,"lockAspectRatio":true,"x":1,"y":1,"width":1,"height":1,"mask":{"type":"rectangle"},"isBackground":true,"isDefaultBackground":true,"type":"shape","id":"a8c80173-9ac5-4023-87d5-f08fb27f6c35"}},{"elements":[{"opacity":100,"flip":{"vertical":false,"horizontal":false},"rotationAngle":0,"lockAspectRatio":true,"scale":100,"focalX":50,"focalY":49.9999996875,"resource":{"baseColor":"#d0c9c3","blurHash":"UJPskqM{_4xb00tQ-=t7_NM{M{Rj%gs:ayRj","type":"image","mimeType":"image\/png","creationDate":"2022-07-17T14:12:58.000Z","src":"https:\/\/www.panoramamoveis.com.br\/blog-wp\/wp-content\/uploads\/2022\/07\/ESPELHOS-PG4.png","width":1080,"height":1920,"id":6240,"alt":"ESPELHOS PG4","sizes":{"medium":{"file":"ESPELHOS-PG4-169x300.png","width":169,"height":300,"filesize":52785,"mimeType":"image\/png","sourceUrl":"https:\/\/www.panoramamoveis.com.br\/blog-wp\/wp-content\/uploads\/2022\/07\/ESPELHOS-PG4-169x300.png"},"large":{"file":"ESPELHOS-PG4-576x1024.png","width":576,"height":1024,"filesize":395855,"mimeType":"image\/png","sourceUrl":"https:\/\/www.panoramamoveis.com.br\/blog-wp\/wp-content\/uploads\/2022\/07\/ESPELHOS-PG4-576x1024.png"},"thumbnail":{"file":"ESPELHOS-PG4-150x150.png","width":150,"height":150,"filesize":26980,"mimeType":"image\/png","sourceUrl":"https:\/\/www.panoramamoveis.com.br\/blog-wp\/wp-content\/uploads\/2022\/07\/ESPELHOS-PG4-150x150.png"},"medium_large":{"file":"ESPELHOS-PG4-768x1365.png","width":768,"height":1365,"filesize":730853,"mimeType":"image\/png","sourceUrl":"https:\/\/www.panoramamoveis.com.br\/blog-wp\/wp-content\/uploads\/2022\/07\/ESPELHOS-PG4-768x1365.png"},"1536x1536":{"file":"ESPELHOS-PG4-864x1536.png","width":864,"height":1536,"filesize":778363,"mimeType":"image\/png","sourceUrl":"https:\/\/www.panoramamoveis.com.br\/blog-wp\/wp-content\/uploads\/2022\/07\/ESPELHOS-PG4-864x1536.png"},"web-stories-poster-portrait":{"file":"ESPELHOS-PG4-640x853.png","width":640,"height":853,"filesize":420748,"mimeType":"image\/png","sourceUrl":"https:\/\/www.panoramamoveis.com.br\/blog-wp\/wp-content\/uploads\/2022\/07\/ESPELHOS-PG4-640x853.png"},"web-stories-publisher-logo":{"file":"ESPELHOS-PG4-96x96.png","width":96,"height":96,"filesize":12353,"mimeType":"image\/png","sourceUrl":"https:\/\/www.panoramamoveis.com.br\/blog-wp\/wp-content\/uploads\/2022\/07\/ESPELHOS-PG4-96x96.png"},"web-stories-thumbnail":{"file":"ESPELHOS-PG4-150x267.png","width":150,"height":267,"filesize":42771,"mimeType":"image\/png","sourceUrl":"https:\/\/www.panoramamoveis.com.br\/blog-wp\/wp-content\/uploads\/2022\/07\/ESPELHOS-PG4-150x267.png"},"full":{"file":"ESPELHOS-PG4.png","width":1080,"height":1920,"mimeType":"image\/png","sourceUrl":"https:\/\/www.panoramamoveis.com.br\/blog-wp\/wp-content\/uploads\/2022\/07\/ESPELHOS-PG4.png"}},"isPlaceholder":false,"isOptimized":false,"isMuted":false,"isExternal":false,"needsProxy":false},"x":240,"y":570,"width":330,"height":586,"mask":{"type":"rectangle"},"isBackground":true,"id":"9c84686a-db7a-45b3-9b9b-fa08ede9150b","basedOn":"6d51fe17-5b3b-4d0b-82cf-4037a3ffa2f8","alt":"sala com espelho ovalado em cima de bancada de madeira","type":"image"},{"opacity":100,"flip":{"vertical":false,"horizontal":false},"rotationAngle":0,"lockAspectRatio":false,"scale":100,"focalX":50,"focalY":50,"resource":{"type":"image","mimeType":"image\/jpeg","width":1060,"height":706,"sizes":{"medium":{"file":"mulher-vestindo-uma-mascara-medica-usando-desinfetante-para-as-maos_23-2148501800-300x200.jpg","width":300,"height":200,"filesize":10687,"mimeType":"image\/jpeg","sourceUrl":"https:\/\/www.panoramamoveis.com.br\/blog-wp\/wp-content\/uploads\/2025\/03\/mulher-vestindo-uma-mascara-medica-usando-desinfetante-para-as-maos_23-2148501800-300x200.jpg"},"large":{"file":"mulher-vestindo-uma-mascara-medica-usando-desinfetante-para-as-maos_23-2148501800-1024x682.jpg","width":1024,"height":682,"filesize":57354,"mimeType":"image\/jpeg","sourceUrl":"https:\/\/www.panoramamoveis.com.br\/blog-wp\/wp-content\/uploads\/2025\/03\/mulher-vestindo-uma-mascara-medica-usando-desinfetante-para-as-maos_23-2148501800-1024x682.jpg"},"thumbnail":{"file":"mulher-vestindo-uma-mascara-medica-usando-desinfetante-para-as-maos_23-2148501800-150x150.jpg","width":150,"height":150,"filesize":5622,"mimeType":"image\/jpeg","sourceUrl":"https:\/\/www.panoramamoveis.com.br\/blog-wp\/wp-content\/uploads\/2025\/03\/mulher-vestindo-uma-mascara-medica-usando-desinfetante-para-as-maos_23-2148501800-150x150.jpg"},"medium_large":{"file":"mulher-vestindo-uma-mascara-medica-usando-desinfetante-para-as-maos_23-2148501800-768x512.jpg","width":768,"height":512,"filesize":37776,"mimeType":"image\/jpeg","sourceUrl":"https:\/\/www.panoramamoveis.com.br\/blog-wp\/wp-content\/uploads\/2025\/03\/mulher-vestindo-uma-mascara-medica-usando-desinfetante-para-as-maos_23-2148501800-768x512.jpg"},"web-stories-poster-portrait":{"file":"mulher-vestindo-uma-mascara-medica-usando-desinfetante-para-as-maos_23-2148501800-640x706.jpg","width":640,"height":706,"filesize":43092,"mimeType":"image\/jpeg","sourceUrl":"https:\/\/www.panoramamoveis.com.br\/blog-wp\/wp-content\/uploads\/2025\/03\/mulher-vestindo-uma-mascara-medica-usando-desinfetante-para-as-maos_23-2148501800-640x706.jpg"},"web-stories-publisher-logo":{"file":"mulher-vestindo-uma-mascara-medica-usando-desinfetante-para-as-maos_23-2148501800-96x96.jpg","width":96,"height":96,"filesize":3213,"mimeType":"image\/jpeg","sourceUrl":"https:\/\/www.panoramamoveis.com.br\/blog-wp\/wp-content\/uploads\/2025\/03\/mulher-vestindo-uma-mascara-medica-usando-desinfetante-para-as-maos_23-2148501800-96x96.jpg"},"web-stories-thumbnail":{"file":"mulher-vestindo-uma-mascara-medica-usando-desinfetante-para-as-maos_23-2148501800-150x100.jpg","width":150,"height":100,"filesize":4520,"mimeType":"image\/jpeg","sourceUrl":"https:\/\/www.panoramamoveis.com.br\/blog-wp\/wp-content\/uploads\/2025\/03\/mulher-vestindo-uma-mascara-medica-usando-desinfetante-para-as-maos_23-2148501800-150x100.jpg"},"full":{"file":"mulher-vestindo-uma-mascara-medica-usando-desinfetante-para-as-maos_23-2148501800.jpg","width":1060,"height":706,"mimeType":"image\/jpeg","sourceUrl":"https:\/\/www.panoramamoveis.com.br\/blog-wp\/wp-content\/uploads\/2025\/03\/mulher-vestindo-uma-mascara-medica-usando-desinfetante-para-as-maos_23-2148501800.jpg"}},"isPlaceholder":false,"isExternal":false,"needsProxy":false,"baseColor":"#3b3a2f","blurHash":"U9Fhx4~W00Di009Z=|xu$w^j?bX.E+o}M{Mw","creationDate":"2025-03-03T17:50:13","src":"https:\/\/www.panoramamoveis.com.br\/blog-wp\/wp-content\/uploads\/2025\/03\/mulher-vestindo-uma-mascara-medica-usando-desinfetante-para-as-maos_23-2148501800.jpg","id":66476,"alt":"mulher-vestindo-uma-mascara-medica-usando-desinfetante-para-as-maos_23-2148501800","local":false},"type":"image","x":49,"y":-37,"width":314,"height":390,"mask":{"type":"rectangle","showInLibrary":true,"name":"Ret\u00e2ngulo","path":"M 0,0 1,0 1,1 0,1 0,0 Z","ratio":1,"supportsBorder":true},"id":"3a6c6fda-4ac6-44ca-b8d4-c5bd7d4d6573"},{"opacity":100,"flip":{"vertical":false,"horizontal":false},"rotationAngle":0,"lockAspectRatio":true,"backgroundTextMode":"HIGHLIGHT","font":{"family":"Anton"},"fontSize":24,"backgroundColor":{"color":{"r":163,"g":0,"b":3,"a":0.6}},"lineHeight":1,"textAlign":"left","padding":{"hasHiddenPadding":true,"horizontal":8,"vertical":4},"content":"<span style=\"color: #fff\">Um ano ap\u00f3s o in\u00edcio<\/span>","borderRadius":{"locked":true,"topLeft":2,"topRight":2,"bottomRight":2,"bottomLeft":2},"x":50,"y":309,"width":310,"height":44,"basedOn":"b243f3b7-3cf7-4622-8509-1da0a1b3e9f5","id":"59fca1bb-7676-4132-b5c3-d4aa97d11205","type":"text"},{"opacity":100,"flip":{"vertical":false,"horizontal":false},"rotationAngle":270,"lockAspectRatio":true,"scale":100,"focalX":50,"focalY":50,"resource":{"baseColor":"#543833","type":"image","mimeType":"image\/png","creationDate":"2021-11-09T19:36:56","src":"https:\/\/www.panoramamoveis.com.br\/blog-wp\/wp-content\/uploads\/2021\/11\/Panorama-Moveis-click-1.png","width":3240,"height":5760,"id":1933,"alt":"Panorama M\u00f3veis click (1)","sizes":{"medium":{"file":"Panorama-Moveis-click-1-169x300.png","width":169,"height":300,"mimeType":"image\/png","sourceUrl":"https:\/\/www.panoramamoveis.com.br\/blog-wp\/wp-content\/uploads\/2021\/11\/Panorama-Moveis-click-1-169x300.png"},"large":{"file":"Panorama-Moveis-click-1-576x1024.png","width":576,"height":1024,"mimeType":"image\/png","sourceUrl":"https:\/\/www.panoramamoveis.com.br\/blog-wp\/wp-content\/uploads\/2021\/11\/Panorama-Moveis-click-1-576x1024.png"},"thumbnail":{"file":"Panorama-Moveis-click-1-150x150.png","width":150,"height":150,"mimeType":"image\/png","sourceUrl":"https:\/\/www.panoramamoveis.com.br\/blog-wp\/wp-content\/uploads\/2021\/11\/Panorama-Moveis-click-1-150x150.png"},"medium_large":{"file":"Panorama-Moveis-click-1-768x1365.png","width":768,"height":1365,"mimeType":"image\/png","sourceUrl":"https:\/\/www.panoramamoveis.com.br\/blog-wp\/wp-content\/uploads\/2021\/11\/Panorama-Moveis-click-1-768x1365.png"},"1536x1536":{"file":"Panorama-Moveis-click-1-864x1536.png","width":864,"height":1536,"mimeType":"image\/png","sourceUrl":"https:\/\/www.panoramamoveis.com.br\/blog-wp\/wp-content\/uploads\/2021\/11\/Panorama-Moveis-click-1-864x1536.png"},"2048x2048":{"file":"Panorama-Moveis-click-1-1152x2048.png","width":1152,"height":2048,"mimeType":"image\/png","sourceUrl":"https:\/\/www.panoramamoveis.com.br\/blog-wp\/wp-content\/uploads\/2021\/11\/Panorama-Moveis-click-1-1152x2048.png"},"post-thumbnail":{"file":"Panorama-Moveis-click-1-1200x2133.png","width":1200,"height":2133,"mimeType":"image\/png","sourceUrl":"https:\/\/www.panoramamoveis.com.br\/blog-wp\/wp-content\/uploads\/2021\/11\/Panorama-Moveis-click-1-1200x2133.png"},"twentytwenty-fullscreen":{"file":"Panorama-Moveis-click-1-1980x3520.png","width":1980,"height":3520,"mimeType":"image\/png","sourceUrl":"https:\/\/www.panoramamoveis.com.br\/blog-wp\/wp-content\/uploads\/2021\/11\/Panorama-Moveis-click-1-1980x3520.png"},"web-stories-poster-portrait":{"file":"Panorama-Moveis-click-1-640x853.png","width":640,"height":853,"mimeType":"image\/png","sourceUrl":"https:\/\/www.panoramamoveis.com.br\/blog-wp\/wp-content\/uploads\/2021\/11\/Panorama-Moveis-click-1-640x853.png"},"web-stories-publisher-logo":{"file":"Panorama-Moveis-click-1-96x96.png","width":96,"height":96,"mimeType":"image\/png","sourceUrl":"https:\/\/www.panoramamoveis.com.br\/blog-wp\/wp-content\/uploads\/2021\/11\/Panorama-Moveis-click-1-96x96.png"},"web-stories-thumbnail":{"file":"Panorama-Moveis-click-1-150x267.png","width":150,"height":267,"mimeType":"image\/png","sourceUrl":"https:\/\/www.panoramamoveis.com.br\/blog-wp\/wp-content\/uploads\/2021\/11\/Panorama-Moveis-click-1-150x267.png"},"full":{"file":"Panorama-Moveis-click-1.png","width":3240,"height":5760,"mimeType":"image\/png","sourceUrl":"https:\/\/www.panoramamoveis.com.br\/blog-wp\/wp-content\/uploads\/2021\/11\/Panorama-Moveis-click-1.png"}},"isPlaceholder":false,"isOptimized":false,"isMuted":false,"isExternal":false,"provider":"local"},"x":70,"y":-52,"width":56,"height":104,"mask":{"type":"rectangle","showInLibrary":true,"name":"Ret\u00e2ngulo","path":"M 0,0 1,0 1,1 0,1 0,0 Z","ratio":1,"supportsBorder":true},"basedOn":"ff22fdff-46a4-4f87-bd8d-8ebfd8afae43","id":"67d076af-384e-4837-8255-4bdc620cfccf","type":"image"},{"opacity":100,"flip":{"vertical":false,"horizontal":false},"rotationAngle":0,"lockAspectRatio":true,"backgroundTextMode":"NONE","font":{"family":"Oswald"},"fontSize":23,"backgroundColor":{"color":{"r":196,"g":196,"b":196}},"lineHeight":1.2,"textAlign":"left","padding":{"locked":true,"hasHiddenPadding":false,"horizontal":null,"vertical":null},"content":"<span style=\"color: #f00\">Apesar da aprova\u00e7\u00e3o das vacinas, em 3 mar\u00e7o de 2021 o Brasil registrou 4249 mortes em 24h.&nbsp;Com UTIs colapsadas e dificuldade de distribui\u00e7\u00e3o de oxig\u00eanio, o cen\u00e1rio era desanimador. Naquele momento o Brasil atingia a marca de 620 mil morte e tornava-se o 2\u00ba pa\u00eds com mais \u00f3bitos no mundo.<\/span>","borderRadius":{"locked":true,"topLeft":2,"topRight":2,"bottomRight":2,"bottomLeft":2},"x":51,"y":353,"width":310,"height":255,"basedOn":"1db38a2b-ce9d-45f7-9b4b-251abc548bed","marginOffset":-5.0760000000000005,"id":"91a24861-2695-4747-85bf-4165f2cdf5bb","type":"text"}],"backgroundColor":{"color":{"r":255,"g":255,"b":255}},"animations":[{"targets":["91a24861-2695-4747-85bf-4165f2cdf5bb"],"id":"99ac01d1-0202-462c-ac21-961f5d97b7e2","type":"effect-fade-in","duration":600,"delay":0}],"type":"page","id":"0bdac63d-8073-43d6-9ad0-abd31a886d7b","defaultBackgroundElement":{"opacity":100,"flip":{"vertical":false,"horizontal":false},"rotationAngle":0,"lockAspectRatio":true,"x":1,"y":1,"width":1,"height":1,"mask":{"type":"rectangle"},"isBackground":true,"isDefaultBackground":true,"type":"shape","id":"a8c80173-9ac5-4023-87d5-f08fb27f6c35"}},{"elements":[{"opacity":100,"flip":{"vertical":false,"horizontal":false},"rotationAngle":0,"lockAspectRatio":true,"scale":100,"focalX":50,"focalY":49.9999996875,"resource":{"baseColor":"#d0c9c3","blurHash":"UJPskqM{_4xb00tQ-=t7_NM{M{Rj%gs:ayRj","type":"image","mimeType":"image\/png","creationDate":"2022-07-17T14:12:58.000Z","src":"https:\/\/www.panoramamoveis.com.br\/blog-wp\/wp-content\/uploads\/2022\/07\/ESPELHOS-PG4.png","width":1080,"height":1920,"id":6240,"alt":"ESPELHOS PG4","sizes":{"medium":{"file":"ESPELHOS-PG4-169x300.png","width":169,"height":300,"filesize":52785,"mimeType":"image\/png","sourceUrl":"https:\/\/www.panoramamoveis.com.br\/blog-wp\/wp-content\/uploads\/2022\/07\/ESPELHOS-PG4-169x300.png"},"large":{"file":"ESPELHOS-PG4-576x1024.png","width":576,"height":1024,"filesize":395855,"mimeType":"image\/png","sourceUrl":"https:\/\/www.panoramamoveis.com.br\/blog-wp\/wp-content\/uploads\/2022\/07\/ESPELHOS-PG4-576x1024.png"},"thumbnail":{"file":"ESPELHOS-PG4-150x150.png","width":150,"height":150,"filesize":26980,"mimeType":"image\/png","sourceUrl":"https:\/\/www.panoramamoveis.com.br\/blog-wp\/wp-content\/uploads\/2022\/07\/ESPELHOS-PG4-150x150.png"},"medium_large":{"file":"ESPELHOS-PG4-768x1365.png","width":768,"height":1365,"filesize":730853,"mimeType":"image\/png","sourceUrl":"https:\/\/www.panoramamoveis.com.br\/blog-wp\/wp-content\/uploads\/2022\/07\/ESPELHOS-PG4-768x1365.png"},"1536x1536":{"file":"ESPELHOS-PG4-864x1536.png","width":864,"height":1536,"filesize":778363,"mimeType":"image\/png","sourceUrl":"https:\/\/www.panoramamoveis.com.br\/blog-wp\/wp-content\/uploads\/2022\/07\/ESPELHOS-PG4-864x1536.png"},"web-stories-poster-portrait":{"file":"ESPELHOS-PG4-640x853.png","width":640,"height":853,"filesize":420748,"mimeType":"image\/png","sourceUrl":"https:\/\/www.panoramamoveis.com.br\/blog-wp\/wp-content\/uploads\/2022\/07\/ESPELHOS-PG4-640x853.png"},"web-stories-publisher-logo":{"file":"ESPELHOS-PG4-96x96.png","width":96,"height":96,"filesize":12353,"mimeType":"image\/png","sourceUrl":"https:\/\/www.panoramamoveis.com.br\/blog-wp\/wp-content\/uploads\/2022\/07\/ESPELHOS-PG4-96x96.png"},"web-stories-thumbnail":{"file":"ESPELHOS-PG4-150x267.png","width":150,"height":267,"filesize":42771,"mimeType":"image\/png","sourceUrl":"https:\/\/www.panoramamoveis.com.br\/blog-wp\/wp-content\/uploads\/2022\/07\/ESPELHOS-PG4-150x267.png"},"full":{"file":"ESPELHOS-PG4.png","width":1080,"height":1920,"mimeType":"image\/png","sourceUrl":"https:\/\/www.panoramamoveis.com.br\/blog-wp\/wp-content\/uploads\/2022\/07\/ESPELHOS-PG4.png"}},"isPlaceholder":false,"isOptimized":false,"isMuted":false,"isExternal":false,"needsProxy":false},"x":240,"y":570,"width":330,"height":586,"mask":{"type":"rectangle"},"isBackground":true,"id":"7cb15a92-c278-4433-8063-ac5a80c10204","basedOn":"6d51fe17-5b3b-4d0b-82cf-4037a3ffa2f8","alt":"sala com espelho ovalado em cima de bancada de madeira","type":"image"},{"opacity":100,"flip":{"vertical":false,"horizontal":false},"rotationAngle":0,"lockAspectRatio":false,"scale":100,"focalX":50,"focalY":50,"resource":{"type":"image","mimeType":"image\/jpeg","width":1060,"height":705,"sizes":{"medium":{"file":"medico-dando-vacina-a-crianca-usando-luvas_23-2148801373-300x200.jpg","width":300,"height":200,"filesize":11215,"mimeType":"image\/jpeg","sourceUrl":"https:\/\/www.panoramamoveis.com.br\/blog-wp\/wp-content\/uploads\/2025\/03\/medico-dando-vacina-a-crianca-usando-luvas_23-2148801373-300x200.jpg"},"large":{"file":"medico-dando-vacina-a-crianca-usando-luvas_23-2148801373-1024x681.jpg","width":1024,"height":681,"filesize":64175,"mimeType":"image\/jpeg","sourceUrl":"https:\/\/www.panoramamoveis.com.br\/blog-wp\/wp-content\/uploads\/2025\/03\/medico-dando-vacina-a-crianca-usando-luvas_23-2148801373-1024x681.jpg"},"thumbnail":{"file":"medico-dando-vacina-a-crianca-usando-luvas_23-2148801373-150x150.jpg","width":150,"height":150,"filesize":5948,"mimeType":"image\/jpeg","sourceUrl":"https:\/\/www.panoramamoveis.com.br\/blog-wp\/wp-content\/uploads\/2025\/03\/medico-dando-vacina-a-crianca-usando-luvas_23-2148801373-150x150.jpg"},"medium_large":{"file":"medico-dando-vacina-a-crianca-usando-luvas_23-2148801373-768x511.jpg","width":768,"height":511,"filesize":41885,"mimeType":"image\/jpeg","sourceUrl":"https:\/\/www.panoramamoveis.com.br\/blog-wp\/wp-content\/uploads\/2025\/03\/medico-dando-vacina-a-crianca-usando-luvas_23-2148801373-768x511.jpg"},"web-stories-poster-portrait":{"file":"medico-dando-vacina-a-crianca-usando-luvas_23-2148801373-640x705.jpg","width":640,"height":705,"filesize":49550,"mimeType":"image\/jpeg","sourceUrl":"https:\/\/www.panoramamoveis.com.br\/blog-wp\/wp-content\/uploads\/2025\/03\/medico-dando-vacina-a-crianca-usando-luvas_23-2148801373-640x705.jpg"},"web-stories-publisher-logo":{"file":"medico-dando-vacina-a-crianca-usando-luvas_23-2148801373-96x96.jpg","width":96,"height":96,"filesize":3311,"mimeType":"image\/jpeg","sourceUrl":"https:\/\/www.panoramamoveis.com.br\/blog-wp\/wp-content\/uploads\/2025\/03\/medico-dando-vacina-a-crianca-usando-luvas_23-2148801373-96x96.jpg"},"web-stories-thumbnail":{"file":"medico-dando-vacina-a-crianca-usando-luvas_23-2148801373-150x100.jpg","width":150,"height":100,"filesize":4680,"mimeType":"image\/jpeg","sourceUrl":"https:\/\/www.panoramamoveis.com.br\/blog-wp\/wp-content\/uploads\/2025\/03\/medico-dando-vacina-a-crianca-usando-luvas_23-2148801373-150x100.jpg"},"full":{"file":"medico-dando-vacina-a-crianca-usando-luvas_23-2148801373.jpg","width":1060,"height":705,"mimeType":"image\/jpeg","sourceUrl":"https:\/\/www.panoramamoveis.com.br\/blog-wp\/wp-content\/uploads\/2025\/03\/medico-dando-vacina-a-crianca-usando-luvas_23-2148801373.jpg"}},"isPlaceholder":false,"isExternal":false,"needsProxy":false,"baseColor":"#ac9489","blurHash":"UQK1B+^k~q%#-5M|S%t7Mx9ZnNr=tRxuShxa","creationDate":"2025-03-03T17:52:01","src":"https:\/\/www.panoramamoveis.com.br\/blog-wp\/wp-content\/uploads\/2025\/03\/medico-dando-vacina-a-crianca-usando-luvas_23-2148801373.jpg","id":66477,"alt":"medico-dando-vacina-a-crianca-usando-luvas_23-2148801373","local":false},"type":"image","x":48,"y":-36,"width":316,"height":390,"mask":{"type":"rectangle","showInLibrary":true,"name":"Ret\u00e2ngulo","path":"M 0,0 1,0 1,1 0,1 0,0 Z","ratio":1,"supportsBorder":true},"id":"a696fe4d-cdbf-4f58-b531-b5af2d284f0a"},{"opacity":100,"flip":{"vertical":false,"horizontal":false},"rotationAngle":0,"lockAspectRatio":true,"backgroundTextMode":"HIGHLIGHT","font":{"family":"Anton"},"fontSize":24,"backgroundColor":{"color":{"r":163,"g":0,"b":3,"a":0.6}},"lineHeight":1,"textAlign":"left","padding":{"hasHiddenPadding":true,"horizontal":8,"vertical":4},"content":"<span style=\"color: #fff\">Desacelera\u00e7\u00e3o e Reabertura<\/span>","borderRadius":{"locked":true,"topLeft":2,"topRight":2,"bottomRight":2,"bottomLeft":2},"x":48,"y":310,"width":310,"height":44,"basedOn":"b243f3b7-3cf7-4622-8509-1da0a1b3e9f5","id":"7e1543a1-505d-4bda-8083-526f21c8aa9c","type":"text"},{"opacity":100,"flip":{"vertical":false,"horizontal":false},"rotationAngle":270,"lockAspectRatio":true,"scale":100,"focalX":50,"focalY":50,"resource":{"baseColor":"#543833","type":"image","mimeType":"image\/png","creationDate":"2021-11-09T19:36:56","src":"https:\/\/www.panoramamoveis.com.br\/blog-wp\/wp-content\/uploads\/2021\/11\/Panorama-Moveis-click-1.png","width":3240,"height":5760,"id":1933,"alt":"Panorama M\u00f3veis click (1)","sizes":{"medium":{"file":"Panorama-Moveis-click-1-169x300.png","width":169,"height":300,"mimeType":"image\/png","sourceUrl":"https:\/\/www.panoramamoveis.com.br\/blog-wp\/wp-content\/uploads\/2021\/11\/Panorama-Moveis-click-1-169x300.png"},"large":{"file":"Panorama-Moveis-click-1-576x1024.png","width":576,"height":1024,"mimeType":"image\/png","sourceUrl":"https:\/\/www.panoramamoveis.com.br\/blog-wp\/wp-content\/uploads\/2021\/11\/Panorama-Moveis-click-1-576x1024.png"},"thumbnail":{"file":"Panorama-Moveis-click-1-150x150.png","width":150,"height":150,"mimeType":"image\/png","sourceUrl":"https:\/\/www.panoramamoveis.com.br\/blog-wp\/wp-content\/uploads\/2021\/11\/Panorama-Moveis-click-1-150x150.png"},"medium_large":{"file":"Panorama-Moveis-click-1-768x1365.png","width":768,"height":1365,"mimeType":"image\/png","sourceUrl":"https:\/\/www.panoramamoveis.com.br\/blog-wp\/wp-content\/uploads\/2021\/11\/Panorama-Moveis-click-1-768x1365.png"},"1536x1536":{"file":"Panorama-Moveis-click-1-864x1536.png","width":864,"height":1536,"mimeType":"image\/png","sourceUrl":"https:\/\/www.panoramamoveis.com.br\/blog-wp\/wp-content\/uploads\/2021\/11\/Panorama-Moveis-click-1-864x1536.png"},"2048x2048":{"file":"Panorama-Moveis-click-1-1152x2048.png","width":1152,"height":2048,"mimeType":"image\/png","sourceUrl":"https:\/\/www.panoramamoveis.com.br\/blog-wp\/wp-content\/uploads\/2021\/11\/Panorama-Moveis-click-1-1152x2048.png"},"post-thumbnail":{"file":"Panorama-Moveis-click-1-1200x2133.png","width":1200,"height":2133,"mimeType":"image\/png","sourceUrl":"https:\/\/www.panoramamoveis.com.br\/blog-wp\/wp-content\/uploads\/2021\/11\/Panorama-Moveis-click-1-1200x2133.png"},"twentytwenty-fullscreen":{"file":"Panorama-Moveis-click-1-1980x3520.png","width":1980,"height":3520,"mimeType":"image\/png","sourceUrl":"https:\/\/www.panoramamoveis.com.br\/blog-wp\/wp-content\/uploads\/2021\/11\/Panorama-Moveis-click-1-1980x3520.png"},"web-stories-poster-portrait":{"file":"Panorama-Moveis-click-1-640x853.png","width":640,"height":853,"mimeType":"image\/png","sourceUrl":"https:\/\/www.panoramamoveis.com.br\/blog-wp\/wp-content\/uploads\/2021\/11\/Panorama-Moveis-click-1-640x853.png"},"web-stories-publisher-logo":{"file":"Panorama-Moveis-click-1-96x96.png","width":96,"height":96,"mimeType":"image\/png","sourceUrl":"https:\/\/www.panoramamoveis.com.br\/blog-wp\/wp-content\/uploads\/2021\/11\/Panorama-Moveis-click-1-96x96.png"},"web-stories-thumbnail":{"file":"Panorama-Moveis-click-1-150x267.png","width":150,"height":267,"mimeType":"image\/png","sourceUrl":"https:\/\/www.panoramamoveis.com.br\/blog-wp\/wp-content\/uploads\/2021\/11\/Panorama-Moveis-click-1-150x267.png"},"full":{"file":"Panorama-Moveis-click-1.png","width":3240,"height":5760,"mimeType":"image\/png","sourceUrl":"https:\/\/www.panoramamoveis.com.br\/blog-wp\/wp-content\/uploads\/2021\/11\/Panorama-Moveis-click-1.png"}},"isPlaceholder":false,"isOptimized":false,"isMuted":false,"isExternal":false,"provider":"local"},"x":70,"y":-52,"width":56,"height":104,"mask":{"type":"rectangle","showInLibrary":true,"name":"Ret\u00e2ngulo","path":"M 0,0 1,0 1,1 0,1 0,0 Z","ratio":1,"supportsBorder":true},"basedOn":"ff22fdff-46a4-4f87-bd8d-8ebfd8afae43","id":"1f8214fe-e364-4c08-a3d7-7593ca0f8600","type":"image"},{"opacity":100,"flip":{"vertical":false,"horizontal":false},"rotationAngle":0,"lockAspectRatio":true,"backgroundTextMode":"NONE","font":{"family":"Oswald"},"fontSize":23,"backgroundColor":{"color":{"r":196,"g":196,"b":196}},"lineHeight":1.2,"textAlign":"left","padding":{"locked":true,"hasHiddenPadding":false,"horizontal":null,"vertical":null},"content":"<span style=\"color: #f00\">At\u00e9 meados de 2022, cerca de 80% da popula\u00e7\u00e3o j\u00e1 estava vacinada com duas doses, fazendo com que os \u00f3bitos reduzissem drastricamente.<\/span>\n\n<span style=\"color: #f00\">Naquele momento a&nbsp;pandemia rumava para o fim, com um saldo de 700 mil mortes e reabertura do com\u00e9rcio e eventos em geral.<\/span>","borderRadius":{"locked":true,"topLeft":2,"topRight":2,"bottomRight":2,"bottomLeft":2},"x":51,"y":354,"width":310,"height":255,"basedOn":"1db38a2b-ce9d-45f7-9b4b-251abc548bed","marginOffset":-5.0760000000000005,"id":"09796854-f3a3-4731-8189-6a206c0f03ee","type":"text"}],"backgroundColor":{"color":{"r":255,"g":255,"b":255}},"animations":[{"targets":["09796854-f3a3-4731-8189-6a206c0f03ee"],"id":"96b97f5b-7cc9-495e-8142-3b5983700f7e","type":"effect-fade-in","duration":600,"delay":0}],"type":"page","id":"5370872b-d0c0-48ce-af3b-985b1480ee5d","defaultBackgroundElement":{"opacity":100,"flip":{"vertical":false,"horizontal":false},"rotationAngle":0,"lockAspectRatio":true,"x":1,"y":1,"width":1,"height":1,"mask":{"type":"rectangle"},"isBackground":true,"isDefaultBackground":true,"type":"shape","id":"a8c80173-9ac5-4023-87d5-f08fb27f6c35"}},{"elements":[{"opacity":100,"flip":{"vertical":false,"horizontal":false},"rotationAngle":0,"lockAspectRatio":true,"scale":100,"focalX":50,"focalY":49.9999996875,"resource":{"baseColor":"#d0c9c3","blurHash":"UJPskqM{_4xb00tQ-=t7_NM{M{Rj%gs:ayRj","type":"image","mimeType":"image\/png","creationDate":"2022-07-17T14:12:58.000Z","src":"https:\/\/www.panoramamoveis.com.br\/blog-wp\/wp-content\/uploads\/2022\/07\/ESPELHOS-PG4.png","width":1080,"height":1920,"id":6240,"alt":"ESPELHOS PG4","sizes":{"medium":{"file":"ESPELHOS-PG4-169x300.png","width":169,"height":300,"filesize":52785,"mimeType":"image\/png","sourceUrl":"https:\/\/www.panoramamoveis.com.br\/blog-wp\/wp-content\/uploads\/2022\/07\/ESPELHOS-PG4-169x300.png"},"large":{"file":"ESPELHOS-PG4-576x1024.png","width":576,"height":1024,"filesize":395855,"mimeType":"image\/png","sourceUrl":"https:\/\/www.panoramamoveis.com.br\/blog-wp\/wp-content\/uploads\/2022\/07\/ESPELHOS-PG4-576x1024.png"},"thumbnail":{"file":"ESPELHOS-PG4-150x150.png","width":150,"height":150,"filesize":26980,"mimeType":"image\/png","sourceUrl":"https:\/\/www.panoramamoveis.com.br\/blog-wp\/wp-content\/uploads\/2022\/07\/ESPELHOS-PG4-150x150.png"},"medium_large":{"file":"ESPELHOS-PG4-768x1365.png","width":768,"height":1365,"filesize":730853,"mimeType":"image\/png","sourceUrl":"https:\/\/www.panoramamoveis.com.br\/blog-wp\/wp-content\/uploads\/2022\/07\/ESPELHOS-PG4-768x1365.png"},"1536x1536":{"file":"ESPELHOS-PG4-864x1536.png","width":864,"height":1536,"filesize":778363,"mimeType":"image\/png","sourceUrl":"https:\/\/www.panoramamoveis.com.br\/blog-wp\/wp-content\/uploads\/2022\/07\/ESPELHOS-PG4-864x1536.png"},"web-stories-poster-portrait":{"file":"ESPELHOS-PG4-640x853.png","width":640,"height":853,"filesize":420748,"mimeType":"image\/png","sourceUrl":"https:\/\/www.panoramamoveis.com.br\/blog-wp\/wp-content\/uploads\/2022\/07\/ESPELHOS-PG4-640x853.png"},"web-stories-publisher-logo":{"file":"ESPELHOS-PG4-96x96.png","width":96,"height":96,"filesize":12353,"mimeType":"image\/png","sourceUrl":"https:\/\/www.panoramamoveis.com.br\/blog-wp\/wp-content\/uploads\/2022\/07\/ESPELHOS-PG4-96x96.png"},"web-stories-thumbnail":{"file":"ESPELHOS-PG4-150x267.png","width":150,"height":267,"filesize":42771,"mimeType":"image\/png","sourceUrl":"https:\/\/www.panoramamoveis.com.br\/blog-wp\/wp-content\/uploads\/2022\/07\/ESPELHOS-PG4-150x267.png"},"full":{"file":"ESPELHOS-PG4.png","width":1080,"height":1920,"mimeType":"image\/png","sourceUrl":"https:\/\/www.panoramamoveis.com.br\/blog-wp\/wp-content\/uploads\/2022\/07\/ESPELHOS-PG4.png"}},"isPlaceholder":false,"isOptimized":false,"isMuted":false,"isExternal":false,"needsProxy":false},"x":240,"y":570,"width":330,"height":586,"mask":{"type":"rectangle"},"isBackground":true,"id":"8afe1f39-8a25-43e3-887f-1a9670f72bf9","basedOn":"6d51fe17-5b3b-4d0b-82cf-4037a3ffa2f8","alt":"sala com espelho ovalado em cima de bancada de madeira","type":"image"},{"opacity":100,"flip":{"vertical":false,"horizontal":false},"rotationAngle":0,"lockAspectRatio":false,"scale":100,"focalX":50,"focalY":50,"resource":{"type":"image","mimeType":"image\/jpeg","width":1060,"height":705,"sizes":{"medium":{"file":"mulher-sorridente-de-vista-frontal-segurando-a-mascara_23-2149455839-300x200.jpg","width":300,"height":200,"filesize":12715,"mimeType":"image\/jpeg","sourceUrl":"https:\/\/www.panoramamoveis.com.br\/blog-wp\/wp-content\/uploads\/2025\/03\/mulher-sorridente-de-vista-frontal-segurando-a-mascara_23-2149455839-300x200.jpg"},"large":{"file":"mulher-sorridente-de-vista-frontal-segurando-a-mascara_23-2149455839-1024x681.jpg","width":1024,"height":681,"filesize":74279,"mimeType":"image\/jpeg","sourceUrl":"https:\/\/www.panoramamoveis.com.br\/blog-wp\/wp-content\/uploads\/2025\/03\/mulher-sorridente-de-vista-frontal-segurando-a-mascara_23-2149455839-1024x681.jpg"},"thumbnail":{"file":"mulher-sorridente-de-vista-frontal-segurando-a-mascara_23-2149455839-150x150.jpg","width":150,"height":150,"filesize":6384,"mimeType":"image\/jpeg","sourceUrl":"https:\/\/www.panoramamoveis.com.br\/blog-wp\/wp-content\/uploads\/2025\/03\/mulher-sorridente-de-vista-frontal-segurando-a-mascara_23-2149455839-150x150.jpg"},"medium_large":{"file":"mulher-sorridente-de-vista-frontal-segurando-a-mascara_23-2149455839-768x511.jpg","width":768,"height":511,"filesize":48750,"mimeType":"image\/jpeg","sourceUrl":"https:\/\/www.panoramamoveis.com.br\/blog-wp\/wp-content\/uploads\/2025\/03\/mulher-sorridente-de-vista-frontal-segurando-a-mascara_23-2149455839-768x511.jpg"},"web-stories-poster-portrait":{"file":"mulher-sorridente-de-vista-frontal-segurando-a-mascara_23-2149455839-640x705.jpg","width":640,"height":705,"filesize":54176,"mimeType":"image\/jpeg","sourceUrl":"https:\/\/www.panoramamoveis.com.br\/blog-wp\/wp-content\/uploads\/2025\/03\/mulher-sorridente-de-vista-frontal-segurando-a-mascara_23-2149455839-640x705.jpg"},"web-stories-publisher-logo":{"file":"mulher-sorridente-de-vista-frontal-segurando-a-mascara_23-2149455839-96x96.jpg","width":96,"height":96,"filesize":3551,"mimeType":"image\/jpeg","sourceUrl":"https:\/\/www.panoramamoveis.com.br\/blog-wp\/wp-content\/uploads\/2025\/03\/mulher-sorridente-de-vista-frontal-segurando-a-mascara_23-2149455839-96x96.jpg"},"web-stories-thumbnail":{"file":"mulher-sorridente-de-vista-frontal-segurando-a-mascara_23-2149455839-150x100.jpg","width":150,"height":100,"filesize":4930,"mimeType":"image\/jpeg","sourceUrl":"https:\/\/www.panoramamoveis.com.br\/blog-wp\/wp-content\/uploads\/2025\/03\/mulher-sorridente-de-vista-frontal-segurando-a-mascara_23-2149455839-150x100.jpg"},"full":{"file":"mulher-sorridente-de-vista-frontal-segurando-a-mascara_23-2149455839.jpg","width":1060,"height":705,"mimeType":"image\/jpeg","sourceUrl":"https:\/\/www.panoramamoveis.com.br\/blog-wp\/wp-content\/uploads\/2025\/03\/mulher-sorridente-de-vista-frontal-segurando-a-mascara_23-2149455839.jpg"}},"isPlaceholder":false,"isExternal":false,"needsProxy":false,"baseColor":"#37312c","blurHash":"UaG[$j?Z-;Ri~W-;x]RjMyogtSbIR.j]xGxb","creationDate":"2025-03-03T18:05:13","src":"https:\/\/www.panoramamoveis.com.br\/blog-wp\/wp-content\/uploads\/2025\/03\/mulher-sorridente-de-vista-frontal-segurando-a-mascara_23-2149455839.jpg","id":66480,"alt":"mulher-sorridente-de-vista-frontal-segurando-a-mascara_23-2149455839","local":false},"type":"image","x":52,"y":-37,"width":312,"height":391,"mask":{"type":"rectangle","showInLibrary":true,"name":"Ret\u00e2ngulo","path":"M 0,0 1,0 1,1 0,1 0,0 Z","ratio":1,"supportsBorder":true},"id":"bfabbd51-5c59-4400-94ac-a8a361549d3c"},{"opacity":100,"flip":{"vertical":false,"horizontal":false},"rotationAngle":0,"lockAspectRatio":true,"backgroundTextMode":"NONE","font":{"family":"Oswald"},"fontSize":23,"backgroundColor":{"color":{"r":196,"g":196,"b":196}},"lineHeight":1.2,"textAlign":"left","padding":{"locked":true,"hasHiddenPadding":false,"horizontal":null,"vertical":null},"content":"<span style=\"color: #f00\">No dia 5 de maio de 2023, ap\u00f3s longos 3 anos, a Organiza\u00e7\u00e3o Mundial da Sa\u00fade, declarou o fim da pandemia global da COVID-19.<\/span>\n\n<span style=\"color: #f00\">Enquanto isso, no Brasil. o governo seguiu \u00e0s recomenda\u00e7\u00f5es, mas manteve alerta para grupos de risco, como idores e gestantes.<\/span>","borderRadius":{"locked":true,"topLeft":2,"topRight":2,"bottomRight":2,"bottomLeft":2},"x":51,"y":354,"width":310,"height":255,"basedOn":"1db38a2b-ce9d-45f7-9b4b-251abc548bed","marginOffset":-5.0760000000000005,"id":"05afb1ea-c65b-4884-9eea-290829d230bf","type":"text"},{"opacity":100,"flip":{"vertical":false,"horizontal":false},"rotationAngle":0,"lockAspectRatio":true,"backgroundTextMode":"HIGHLIGHT","font":{"family":"Anton"},"fontSize":24,"backgroundColor":{"color":{"r":163,"g":0,"b":3,"a":0.6}},"lineHeight":1,"textAlign":"left","padding":{"hasHiddenPadding":true,"horizontal":8,"vertical":4},"content":"<span style=\"color: #fff\">O Fim oficial da Pandemia<\/span>","borderRadius":{"locked":true,"topLeft":2,"topRight":2,"bottomRight":2,"bottomLeft":2},"x":50,"y":310,"width":310,"height":44,"basedOn":"b243f3b7-3cf7-4622-8509-1da0a1b3e9f5","id":"5140405d-0aab-469a-9899-a2f8dae1c495","type":"text"},{"opacity":100,"flip":{"vertical":false,"horizontal":false},"rotationAngle":270,"lockAspectRatio":true,"scale":100,"focalX":50,"focalY":50,"resource":{"baseColor":"#543833","type":"image","mimeType":"image\/png","creationDate":"2021-11-09T19:36:56","src":"https:\/\/www.panoramamoveis.com.br\/blog-wp\/wp-content\/uploads\/2021\/11\/Panorama-Moveis-click-1.png","width":3240,"height":5760,"id":1933,"alt":"Panorama M\u00f3veis click (1)","sizes":{"medium":{"file":"Panorama-Moveis-click-1-169x300.png","width":169,"height":300,"mimeType":"image\/png","sourceUrl":"https:\/\/www.panoramamoveis.com.br\/blog-wp\/wp-content\/uploads\/2021\/11\/Panorama-Moveis-click-1-169x300.png"},"large":{"file":"Panorama-Moveis-click-1-576x1024.png","width":576,"height":1024,"mimeType":"image\/png","sourceUrl":"https:\/\/www.panoramamoveis.com.br\/blog-wp\/wp-content\/uploads\/2021\/11\/Panorama-Moveis-click-1-576x1024.png"},"thumbnail":{"file":"Panorama-Moveis-click-1-150x150.png","width":150,"height":150,"mimeType":"image\/png","sourceUrl":"https:\/\/www.panoramamoveis.com.br\/blog-wp\/wp-content\/uploads\/2021\/11\/Panorama-Moveis-click-1-150x150.png"},"medium_large":{"file":"Panorama-Moveis-click-1-768x1365.png","width":768,"height":1365,"mimeType":"image\/png","sourceUrl":"https:\/\/www.panoramamoveis.com.br\/blog-wp\/wp-content\/uploads\/2021\/11\/Panorama-Moveis-click-1-768x1365.png"},"1536x1536":{"file":"Panorama-Moveis-click-1-864x1536.png","width":864,"height":1536,"mimeType":"image\/png","sourceUrl":"https:\/\/www.panoramamoveis.com.br\/blog-wp\/wp-content\/uploads\/2021\/11\/Panorama-Moveis-click-1-864x1536.png"},"2048x2048":{"file":"Panorama-Moveis-click-1-1152x2048.png","width":1152,"height":2048,"mimeType":"image\/png","sourceUrl":"https:\/\/www.panoramamoveis.com.br\/blog-wp\/wp-content\/uploads\/2021\/11\/Panorama-Moveis-click-1-1152x2048.png"},"post-thumbnail":{"file":"Panorama-Moveis-click-1-1200x2133.png","width":1200,"height":2133,"mimeType":"image\/png","sourceUrl":"https:\/\/www.panoramamoveis.com.br\/blog-wp\/wp-content\/uploads\/2021\/11\/Panorama-Moveis-click-1-1200x2133.png"},"twentytwenty-fullscreen":{"file":"Panorama-Moveis-click-1-1980x3520.png","width":1980,"height":3520,"mimeType":"image\/png","sourceUrl":"https:\/\/www.panoramamoveis.com.br\/blog-wp\/wp-content\/uploads\/2021\/11\/Panorama-Moveis-click-1-1980x3520.png"},"web-stories-poster-portrait":{"file":"Panorama-Moveis-click-1-640x853.png","width":640,"height":853,"mimeType":"image\/png","sourceUrl":"https:\/\/www.panoramamoveis.com.br\/blog-wp\/wp-content\/uploads\/2021\/11\/Panorama-Moveis-click-1-640x853.png"},"web-stories-publisher-logo":{"file":"Panorama-Moveis-click-1-96x96.png","width":96,"height":96,"mimeType":"image\/png","sourceUrl":"https:\/\/www.panoramamoveis.com.br\/blog-wp\/wp-content\/uploads\/2021\/11\/Panorama-Moveis-click-1-96x96.png"},"web-stories-thumbnail":{"file":"Panorama-Moveis-click-1-150x267.png","width":150,"height":267,"mimeType":"image\/png","sourceUrl":"https:\/\/www.panoramamoveis.com.br\/blog-wp\/wp-content\/uploads\/2021\/11\/Panorama-Moveis-click-1-150x267.png"},"full":{"file":"Panorama-Moveis-click-1.png","width":3240,"height":5760,"mimeType":"image\/png","sourceUrl":"https:\/\/www.panoramamoveis.com.br\/blog-wp\/wp-content\/uploads\/2021\/11\/Panorama-Moveis-click-1.png"}},"isPlaceholder":false,"isOptimized":false,"isMuted":false,"isExternal":false,"provider":"local"},"x":70,"y":-52,"width":56,"height":104,"mask":{"type":"rectangle","showInLibrary":true,"name":"Ret\u00e2ngulo","path":"M 0,0 1,0 1,1 0,1 0,0 Z","ratio":1,"supportsBorder":true},"basedOn":"ff22fdff-46a4-4f87-bd8d-8ebfd8afae43","id":"86456607-222f-43f9-ac84-f8f2014e9f37","type":"image"}],"backgroundColor":{"color":{"r":255,"g":255,"b":255}},"animations":[{"targets":["05afb1ea-c65b-4884-9eea-290829d230bf"],"id":"d758bc7e-f9ea-4c95-a90d-e6a58f6606cd","type":"effect-fade-in","duration":600,"delay":0}],"type":"page","id":"42b5084e-c1fb-4c16-87a4-3dc08a32107f","defaultBackgroundElement":{"opacity":100,"flip":{"vertical":false,"horizontal":false},"rotationAngle":0,"lockAspectRatio":true,"x":1,"y":1,"width":1,"height":1,"mask":{"type":"rectangle"},"isBackground":true,"isDefaultBackground":true,"type":"shape","id":"a8c80173-9ac5-4023-87d5-f08fb27f6c35"}},{"elements":[{"opacity":100,"flip":{"vertical":false,"horizontal":false},"rotationAngle":0,"lockAspectRatio":true,"scale":100,"focalX":50,"focalY":49.9999996875,"resource":{"baseColor":"#d0c9c3","blurHash":"UJPskqM{_4xb00tQ-=t7_NM{M{Rj%gs:ayRj","type":"image","mimeType":"image\/png","creationDate":"2022-07-17T14:12:58.000Z","src":"https:\/\/www.panoramamoveis.com.br\/blog-wp\/wp-content\/uploads\/2022\/07\/ESPELHOS-PG4.png","width":1080,"height":1920,"id":6240,"alt":"ESPELHOS PG4","sizes":{"medium":{"file":"ESPELHOS-PG4-169x300.png","width":169,"height":300,"filesize":52785,"mimeType":"image\/png","sourceUrl":"https:\/\/www.panoramamoveis.com.br\/blog-wp\/wp-content\/uploads\/2022\/07\/ESPELHOS-PG4-169x300.png"},"large":{"file":"ESPELHOS-PG4-576x1024.png","width":576,"height":1024,"filesize":395855,"mimeType":"image\/png","sourceUrl":"https:\/\/www.panoramamoveis.com.br\/blog-wp\/wp-content\/uploads\/2022\/07\/ESPELHOS-PG4-576x1024.png"},"thumbnail":{"file":"ESPELHOS-PG4-150x150.png","width":150,"height":150,"filesize":26980,"mimeType":"image\/png","sourceUrl":"https:\/\/www.panoramamoveis.com.br\/blog-wp\/wp-content\/uploads\/2022\/07\/ESPELHOS-PG4-150x150.png"},"medium_large":{"file":"ESPELHOS-PG4-768x1365.png","width":768,"height":1365,"filesize":730853,"mimeType":"image\/png","sourceUrl":"https:\/\/www.panoramamoveis.com.br\/blog-wp\/wp-content\/uploads\/2022\/07\/ESPELHOS-PG4-768x1365.png"},"1536x1536":{"file":"ESPELHOS-PG4-864x1536.png","width":864,"height":1536,"filesize":778363,"mimeType":"image\/png","sourceUrl":"https:\/\/www.panoramamoveis.com.br\/blog-wp\/wp-content\/uploads\/2022\/07\/ESPELHOS-PG4-864x1536.png"},"web-stories-poster-portrait":{"file":"ESPELHOS-PG4-640x853.png","width":640,"height":853,"filesize":420748,"mimeType":"image\/png","sourceUrl":"https:\/\/www.panoramamoveis.com.br\/blog-wp\/wp-content\/uploads\/2022\/07\/ESPELHOS-PG4-640x853.png"},"web-stories-publisher-logo":{"file":"ESPELHOS-PG4-96x96.png","width":96,"height":96,"filesize":12353,"mimeType":"image\/png","sourceUrl":"https:\/\/www.panoramamoveis.com.br\/blog-wp\/wp-content\/uploads\/2022\/07\/ESPELHOS-PG4-96x96.png"},"web-stories-thumbnail":{"file":"ESPELHOS-PG4-150x267.png","width":150,"height":267,"filesize":42771,"mimeType":"image\/png","sourceUrl":"https:\/\/www.panoramamoveis.com.br\/blog-wp\/wp-content\/uploads\/2022\/07\/ESPELHOS-PG4-150x267.png"},"full":{"file":"ESPELHOS-PG4.png","width":1080,"height":1920,"mimeType":"image\/png","sourceUrl":"https:\/\/www.panoramamoveis.com.br\/blog-wp\/wp-content\/uploads\/2022\/07\/ESPELHOS-PG4.png"}},"isPlaceholder":false,"isOptimized":false,"isMuted":false,"isExternal":false,"needsProxy":false},"x":240,"y":570,"width":330,"height":586,"mask":{"type":"rectangle"},"isBackground":true,"id":"e8507dc7-1897-41ec-bcf6-9672d70878ac","basedOn":"6d51fe17-5b3b-4d0b-82cf-4037a3ffa2f8","alt":"sala com espelho ovalado em cima de bancada de madeira","type":"image"},{"opacity":100,"flip":{"vertical":false,"horizontal":false},"rotationAngle":0,"lockAspectRatio":false,"scale":100,"focalX":50,"focalY":50,"resource":{"type":"image","mimeType":"image\/jpeg","width":1060,"height":706,"sizes":{"medium":{"file":"close-up-de-maos-empilhadas_23-2147664378-300x200.jpg","width":300,"height":200,"filesize":12401,"mimeType":"image\/jpeg","sourceUrl":"https:\/\/www.panoramamoveis.com.br\/blog-wp\/wp-content\/uploads\/2025\/03\/close-up-de-maos-empilhadas_23-2147664378-300x200.jpg"},"large":{"file":"close-up-de-maos-empilhadas_23-2147664378-1024x682.jpg","width":1024,"height":682,"filesize":72840,"mimeType":"image\/jpeg","sourceUrl":"https:\/\/www.panoramamoveis.com.br\/blog-wp\/wp-content\/uploads\/2025\/03\/close-up-de-maos-empilhadas_23-2147664378-1024x682.jpg"},"thumbnail":{"file":"close-up-de-maos-empilhadas_23-2147664378-150x150.jpg","width":150,"height":150,"filesize":6321,"mimeType":"image\/jpeg","sourceUrl":"https:\/\/www.panoramamoveis.com.br\/blog-wp\/wp-content\/uploads\/2025\/03\/close-up-de-maos-empilhadas_23-2147664378-150x150.jpg"},"medium_large":{"file":"close-up-de-maos-empilhadas_23-2147664378-768x512.jpg","width":768,"height":512,"filesize":47221,"mimeType":"image\/jpeg","sourceUrl":"https:\/\/www.panoramamoveis.com.br\/blog-wp\/wp-content\/uploads\/2025\/03\/close-up-de-maos-empilhadas_23-2147664378-768x512.jpg"},"web-stories-poster-portrait":{"file":"close-up-de-maos-empilhadas_23-2147664378-640x706.jpg","width":640,"height":706,"filesize":54965,"mimeType":"image\/jpeg","sourceUrl":"https:\/\/www.panoramamoveis.com.br\/blog-wp\/wp-content\/uploads\/2025\/03\/close-up-de-maos-empilhadas_23-2147664378-640x706.jpg"},"web-stories-publisher-logo":{"file":"close-up-de-maos-empilhadas_23-2147664378-96x96.jpg","width":96,"height":96,"filesize":3485,"mimeType":"image\/jpeg","sourceUrl":"https:\/\/www.panoramamoveis.com.br\/blog-wp\/wp-content\/uploads\/2025\/03\/close-up-de-maos-empilhadas_23-2147664378-96x96.jpg"},"web-stories-thumbnail":{"file":"close-up-de-maos-empilhadas_23-2147664378-150x100.jpg","width":150,"height":100,"filesize":5136,"mimeType":"image\/jpeg","sourceUrl":"https:\/\/www.panoramamoveis.com.br\/blog-wp\/wp-content\/uploads\/2025\/03\/close-up-de-maos-empilhadas_23-2147664378-150x100.jpg"},"full":{"file":"close-up-de-maos-empilhadas_23-2147664378.jpg","width":1060,"height":706,"mimeType":"image\/jpeg","sourceUrl":"https:\/\/www.panoramamoveis.com.br\/blog-wp\/wp-content\/uploads\/2025\/03\/close-up-de-maos-empilhadas_23-2147664378.jpg"}},"isPlaceholder":false,"isExternal":false,"needsProxy":false,"baseColor":"#c5b9b5","blurHash":"ULJai,McFMTe~DH=a0tR5XH=rq-o^jtSRjRj","creationDate":"2025-03-03T18:06:04","src":"https:\/\/www.panoramamoveis.com.br\/blog-wp\/wp-content\/uploads\/2025\/03\/close-up-de-maos-empilhadas_23-2147664378.jpg","id":66481,"alt":"close-up-de-maos-empilhadas_23-2147664378","local":false},"type":"image","x":50,"y":-39,"width":314,"height":392,"mask":{"type":"rectangle","showInLibrary":true,"name":"Ret\u00e2ngulo","path":"M 0,0 1,0 1,1 0,1 0,0 Z","ratio":1,"supportsBorder":true},"id":"bd05458b-7b14-48fd-9626-0d3caf8ad4fa"},{"opacity":100,"flip":{"vertical":false,"horizontal":false},"rotationAngle":0,"lockAspectRatio":true,"backgroundTextMode":"NONE","font":{"family":"Oswald"},"fontSize":23,"backgroundColor":{"color":{"r":196,"g":196,"b":196}},"lineHeight":1.2,"textAlign":"left","padding":{"locked":true,"hasHiddenPadding":false,"horizontal":null,"vertical":null},"content":"<span style=\"color: #f00\">Esse per\u00edodo escancarou diversos problemas que enfregamos, como uma polariza\u00e7\u00e3o pol\u00edtica entre poderes federais, estaduais e municipais.&nbsp;<\/span>\n<span style=\"color: #f00\">Reafirmou a importante do SUS para nosso pa\u00eds. E escancarou as diferen\u00e7as sociais que o pa\u00eds enfrenta.<\/span>\n\n","borderRadius":{"locked":true,"topLeft":2,"topRight":2,"bottomRight":2,"bottomLeft":2},"x":51,"y":353,"width":310,"height":310,"basedOn":"1db38a2b-ce9d-45f7-9b4b-251abc548bed","marginOffset":-5.0760000000000005,"id":"5e60df89-a43e-4d85-8823-60bcdaeb2e1e","type":"text"},{"opacity":100,"flip":{"vertical":false,"horizontal":false},"rotationAngle":0,"lockAspectRatio":true,"backgroundTextMode":"HIGHLIGHT","font":{"family":"Anton"},"fontSize":24,"backgroundColor":{"color":{"r":163,"g":0,"b":3,"a":0.6}},"lineHeight":1,"textAlign":"left","padding":{"hasHiddenPadding":true,"horizontal":8,"vertical":4},"content":"<span style=\"color: #fff\">O Legado da Pandemia no Brasil<\/span>","borderRadius":{"locked":true,"topLeft":2,"topRight":2,"bottomRight":2,"bottomLeft":2},"x":51,"y":277,"width":310,"height":76,"basedOn":"b243f3b7-3cf7-4622-8509-1da0a1b3e9f5","id":"6047306d-0e67-4264-be11-c902492a9693","type":"text"},{"opacity":100,"flip":{"vertical":false,"horizontal":false},"rotationAngle":270,"lockAspectRatio":true,"scale":100,"focalX":50,"focalY":50,"resource":{"baseColor":"#543833","type":"image","mimeType":"image\/png","creationDate":"2021-11-09T19:36:56","src":"https:\/\/www.panoramamoveis.com.br\/blog-wp\/wp-content\/uploads\/2021\/11\/Panorama-Moveis-click-1.png","width":3240,"height":5760,"id":1933,"alt":"Panorama M\u00f3veis click (1)","sizes":{"medium":{"file":"Panorama-Moveis-click-1-169x300.png","width":169,"height":300,"mimeType":"image\/png","sourceUrl":"https:\/\/www.panoramamoveis.com.br\/blog-wp\/wp-content\/uploads\/2021\/11\/Panorama-Moveis-click-1-169x300.png"},"large":{"file":"Panorama-Moveis-click-1-576x1024.png","width":576,"height":1024,"mimeType":"image\/png","sourceUrl":"https:\/\/www.panoramamoveis.com.br\/blog-wp\/wp-content\/uploads\/2021\/11\/Panorama-Moveis-click-1-576x1024.png"},"thumbnail":{"file":"Panorama-Moveis-click-1-150x150.png","width":150,"height":150,"mimeType":"image\/png","sourceUrl":"https:\/\/www.panoramamoveis.com.br\/blog-wp\/wp-content\/uploads\/2021\/11\/Panorama-Moveis-click-1-150x150.png"},"medium_large":{"file":"Panorama-Moveis-click-1-768x1365.png","width":768,"height":1365,"mimeType":"image\/png","sourceUrl":"https:\/\/www.panoramamoveis.com.br\/blog-wp\/wp-content\/uploads\/2021\/11\/Panorama-Moveis-click-1-768x1365.png"},"1536x1536":{"file":"Panorama-Moveis-click-1-864x1536.png","width":864,"height":1536,"mimeType":"image\/png","sourceUrl":"https:\/\/www.panoramamoveis.com.br\/blog-wp\/wp-content\/uploads\/2021\/11\/Panorama-Moveis-click-1-864x1536.png"},"2048x2048":{"file":"Panorama-Moveis-click-1-1152x2048.png","width":1152,"height":2048,"mimeType":"image\/png","sourceUrl":"https:\/\/www.panoramamoveis.com.br\/blog-wp\/wp-content\/uploads\/2021\/11\/Panorama-Moveis-click-1-1152x2048.png"},"post-thumbnail":{"file":"Panorama-Moveis-click-1-1200x2133.png","width":1200,"height":2133,"mimeType":"image\/png","sourceUrl":"https:\/\/www.panoramamoveis.com.br\/blog-wp\/wp-content\/uploads\/2021\/11\/Panorama-Moveis-click-1-1200x2133.png"},"twentytwenty-fullscreen":{"file":"Panorama-Moveis-click-1-1980x3520.png","width":1980,"height":3520,"mimeType":"image\/png","sourceUrl":"https:\/\/www.panoramamoveis.com.br\/blog-wp\/wp-content\/uploads\/2021\/11\/Panorama-Moveis-click-1-1980x3520.png"},"web-stories-poster-portrait":{"file":"Panorama-Moveis-click-1-640x853.png","width":640,"height":853,"mimeType":"image\/png","sourceUrl":"https:\/\/www.panoramamoveis.com.br\/blog-wp\/wp-content\/uploads\/2021\/11\/Panorama-Moveis-click-1-640x853.png"},"web-stories-publisher-logo":{"file":"Panorama-Moveis-click-1-96x96.png","width":96,"height":96,"mimeType":"image\/png","sourceUrl":"https:\/\/www.panoramamoveis.com.br\/blog-wp\/wp-content\/uploads\/2021\/11\/Panorama-Moveis-click-1-96x96.png"},"web-stories-thumbnail":{"file":"Panorama-Moveis-click-1-150x267.png","width":150,"height":267,"mimeType":"image\/png","sourceUrl":"https:\/\/www.panoramamoveis.com.br\/blog-wp\/wp-content\/uploads\/2021\/11\/Panorama-Moveis-click-1-150x267.png"},"full":{"file":"Panorama-Moveis-click-1.png","width":3240,"height":5760,"mimeType":"image\/png","sourceUrl":"https:\/\/www.panoramamoveis.com.br\/blog-wp\/wp-content\/uploads\/2021\/11\/Panorama-Moveis-click-1.png"}},"isPlaceholder":false,"isOptimized":false,"isMuted":false,"isExternal":false,"provider":"local"},"x":70,"y":-52,"width":56,"height":104,"mask":{"type":"rectangle","showInLibrary":true,"name":"Ret\u00e2ngulo","path":"M 0,0 1,0 1,1 0,1 0,0 Z","ratio":1,"supportsBorder":true},"basedOn":"ff22fdff-46a4-4f87-bd8d-8ebfd8afae43","id":"bdf0215c-98b5-4be8-ba81-dd569ccb7ca9","type":"image"}],"backgroundColor":{"color":{"r":255,"g":255,"b":255}},"animations":[{"targets":["5e60df89-a43e-4d85-8823-60bcdaeb2e1e"],"id":"0d1ccf37-1e0e-44bd-81bd-6ae294ec0e12","type":"effect-fade-in","duration":600,"delay":0}],"type":"page","id":"aa388e8a-8bac-41a3-90eb-b762d537f30a","defaultBackgroundElement":{"opacity":100,"flip":{"vertical":false,"horizontal":false},"rotationAngle":0,"lockAspectRatio":true,"x":1,"y":1,"width":1,"height":1,"mask":{"type":"rectangle"},"isBackground":true,"isDefaultBackground":true,"type":"shape","id":"a8c80173-9ac5-4023-87d5-f08fb27f6c35"}},{"elements":[{"opacity":100,"flip":{"vertical":false,"horizontal":false},"rotationAngle":0,"lockAspectRatio":true,"x":48,"y":0,"width":330,"height":586,"mask":{"type":"rectangle"},"isBackground":true,"type":"image","id":"fc963da3-13ed-4c85-946f-6ff12080ee09","scale":100,"focalX":50,"focalY":50,"resource":{"baseColor":"#863a30","blurHash":"UOO:qpIo_N-q0JW;-q%MMxV[tRRi%hxbe.M_","type":"image","mimeType":"image\/png","creationDate":"2022-07-17T14:12:43.000Z","src":"https:\/\/www.panoramamoveis.com.br\/blog-wp\/wp-content\/uploads\/2022\/07\/ESPELHOS-PG8.png","width":1080,"height":1920,"id":6236,"alt":"ESPELHOS PG8","sizes":{"medium":{"file":"ESPELHOS-PG8-169x300.png","width":169,"height":300,"filesize":56648,"mimeType":"image\/png","sourceUrl":"https:\/\/www.panoramamoveis.com.br\/blog-wp\/wp-content\/uploads\/2022\/07\/ESPELHOS-PG8-169x300.png"},"large":{"file":"ESPELHOS-PG8-576x1024.png","width":576,"height":1024,"filesize":402337,"mimeType":"image\/png","sourceUrl":"https:\/\/www.panoramamoveis.com.br\/blog-wp\/wp-content\/uploads\/2022\/07\/ESPELHOS-PG8-576x1024.png"},"thumbnail":{"file":"ESPELHOS-PG8-150x150.png","width":150,"height":150,"filesize":30462,"mimeType":"image\/png","sourceUrl":"https:\/\/www.panoramamoveis.com.br\/blog-wp\/wp-content\/uploads\/2022\/07\/ESPELHOS-PG8-150x150.png"},"medium_large":{"file":"ESPELHOS-PG8-768x1365.png","width":768,"height":1365,"filesize":754249,"mimeType":"image\/png","sourceUrl":"https:\/\/www.panoramamoveis.com.br\/blog-wp\/wp-content\/uploads\/2022\/07\/ESPELHOS-PG8-768x1365.png"},"1536x1536":{"file":"ESPELHOS-PG8-864x1536.png","width":864,"height":1536,"filesize":762017,"mimeType":"image\/png","sourceUrl":"https:\/\/www.panoramamoveis.com.br\/blog-wp\/wp-content\/uploads\/2022\/07\/ESPELHOS-PG8-864x1536.png"},"web-stories-poster-portrait":{"file":"ESPELHOS-PG8-640x853.png","width":640,"height":853,"filesize":430456,"mimeType":"image\/png","sourceUrl":"https:\/\/www.panoramamoveis.com.br\/blog-wp\/wp-content\/uploads\/2022\/07\/ESPELHOS-PG8-640x853.png"},"web-stories-publisher-logo":{"file":"ESPELHOS-PG8-96x96.png","width":96,"height":96,"filesize":14037,"mimeType":"image\/png","sourceUrl":"https:\/\/www.panoramamoveis.com.br\/blog-wp\/wp-content\/uploads\/2022\/07\/ESPELHOS-PG8-96x96.png"},"web-stories-thumbnail":{"file":"ESPELHOS-PG8-150x267.png","width":150,"height":267,"filesize":46086,"mimeType":"image\/png","sourceUrl":"https:\/\/www.panoramamoveis.com.br\/blog-wp\/wp-content\/uploads\/2022\/07\/ESPELHOS-PG8-150x267.png"},"full":{"file":"ESPELHOS-PG8.png","width":1080,"height":1920,"mimeType":"image\/png","sourceUrl":"https:\/\/www.panoramamoveis.com.br\/blog-wp\/wp-content\/uploads\/2022\/07\/ESPELHOS-PG8.png"}},"isPlaceholder":false,"isOptimized":false,"isMuted":false,"isExternal":false,"needsProxy":false},"alt":"Sala com parede verde  e sof\u00e1 claro"},{"opacity":100,"flip":{"vertical":false,"horizontal":false},"rotationAngle":0,"lockAspectRatio":true,"backgroundTextMode":"FILL","font":{"family":"Oswald"},"fontSize":24,"backgroundColor":{"color":{"r":196,"g":196,"b":196,"a":0.1}},"lineHeight":1.5,"textAlign":"left","padding":{"locked":true,"hasHiddenPadding":true,"horizontal":8,"vertical":4},"type":"text","content":"<span style=\"font-weight: 700; color: #e23b40\">O nosso blog \u00e9 super completo, com as melhores dicas e curiosidades!<\/span>\n\n<span style=\"font-weight: 700; color: #e23b40\">Confira clicando abaixo!<\/span>","borderRadius":{"locked":true,"topLeft":2,"topRight":2,"bottomRight":2,"bottomLeft":2},"x":48,"y":348,"width":316,"height":188,"id":"5e68c346-e37c-4bb3-9020-a630be36084e","marginOffset":7.21875},{"opacity":100,"flip":{"vertical":false,"horizontal":false},"rotationAngle":0,"lockAspectRatio":true,"scale":100,"focalX":50,"focalY":50,"resource":{"baseColor":"#e5d4d4","type":"image","mimeType":"image\/png","creationDate":"2021-10-05T06:38:34","src":"https:\/\/www.panoramamoveis.com.br\/blog-wp\/wp-content\/uploads\/2021\/10\/click-aqui.png","width":1080,"height":1080,"id":757,"alt":"click aqui","sizes":{"medium":{"file":"click-aqui-300x300.png","width":300,"height":300,"mimeType":"image\/png","sourceUrl":"https:\/\/www.panoramamoveis.com.br\/blog-wp\/wp-content\/uploads\/2021\/10\/click-aqui-300x300.png"},"large":{"file":"click-aqui-1024x1024.png","width":1024,"height":1024,"mimeType":"image\/png","sourceUrl":"https:\/\/www.panoramamoveis.com.br\/blog-wp\/wp-content\/uploads\/2021\/10\/click-aqui-1024x1024.png"},"thumbnail":{"file":"click-aqui-150x150.png","width":150,"height":150,"mimeType":"image\/png","sourceUrl":"https:\/\/www.panoramamoveis.com.br\/blog-wp\/wp-content\/uploads\/2021\/10\/click-aqui-150x150.png"},"medium_large":{"file":"click-aqui-768x768.png","width":768,"height":768,"mimeType":"image\/png","sourceUrl":"https:\/\/www.panoramamoveis.com.br\/blog-wp\/wp-content\/uploads\/2021\/10\/click-aqui-768x768.png"},"web-stories-poster-portrait":{"file":"click-aqui-640x853.png","width":640,"height":853,"mimeType":"image\/png","sourceUrl":"https:\/\/www.panoramamoveis.com.br\/blog-wp\/wp-content\/uploads\/2021\/10\/click-aqui-640x853.png"},"web-stories-publisher-logo":{"file":"click-aqui-96x96.png","width":96,"height":96,"mimeType":"image\/png","sourceUrl":"https:\/\/www.panoramamoveis.com.br\/blog-wp\/wp-content\/uploads\/2021\/10\/click-aqui-96x96.png"},"web-stories-thumbnail":{"file":"click-aqui-150x150.png","width":150,"height":150,"mimeType":"image\/png","sourceUrl":"https:\/\/www.panoramamoveis.com.br\/blog-wp\/wp-content\/uploads\/2021\/10\/click-aqui-150x150.png"},"full":{"file":"click-aqui.png","width":1080,"height":1080,"mimeType":"image\/png","sourceUrl":"https:\/\/www.panoramamoveis.com.br\/blog-wp\/wp-content\/uploads\/2021\/10\/click-aqui.png"}},"isPlaceholder":false,"isOptimized":false,"isMuted":false,"provider":"local","isExternal":false},"type":"image","width":70,"height":69,"mask":{"type":"rectangle","showInLibrary":true,"name":"Rectangle","path":"M 0,0 1,0 1,1 0,1 0,0 Z","ratio":1,"supportsBorder":true},"basedOn":"b9ae82de-c57f-4987-a4ac-26a9f25c01c3","x":286,"y":544,"link":{"needsProxy":false,"url":"https:\/\/www.panoramamoveis.com.br\/moveis\/iluminacao?utm_source=web-stories","rel":["noreferrer","noreferrer","noreferrer","noreferrer","noreferrer","noreferrer","noreferrer","noreferrer","noreferrer","noreferrer","noreferrer","noreferrer","noreferrer"],"icon":"https:\/\/www.panoramamoveis.com.br\/blog-wp\/wp-content\/uploads\/2021\/11\/cropped-cropped-Panorama-03-scaled-3-1.jpg","desc":"\t\t\tIlumina\u00e7\u00e3o: Com At\u00e9 50% OFF, 12x Sem Juros | Panorama M\u00f3veis\n\t"},"id":"1342f69e-ca15-4206-97ea-e8836e6a0267"},{"opacity":100,"flip":{"vertical":false,"horizontal":false},"rotationAngle":270,"lockAspectRatio":true,"scale":100,"focalX":50,"focalY":50,"resource":{"baseColor":"#543833","type":"image","mimeType":"image\/png","creationDate":"2021-11-09T19:36:56","src":"https:\/\/www.panoramamoveis.com.br\/blog-wp\/wp-content\/uploads\/2021\/11\/Panorama-Moveis-click-1.png","width":3240,"height":5760,"id":1933,"alt":"Panorama M\u00f3veis click (1)","sizes":{"medium":{"file":"Panorama-Moveis-click-1-169x300.png","width":169,"height":300,"mimeType":"image\/png","sourceUrl":"https:\/\/www.panoramamoveis.com.br\/blog-wp\/wp-content\/uploads\/2021\/11\/Panorama-Moveis-click-1-169x300.png"},"large":{"file":"Panorama-Moveis-click-1-576x1024.png","width":576,"height":1024,"mimeType":"image\/png","sourceUrl":"https:\/\/www.panoramamoveis.com.br\/blog-wp\/wp-content\/uploads\/2021\/11\/Panorama-Moveis-click-1-576x1024.png"},"thumbnail":{"file":"Panorama-Moveis-click-1-150x150.png","width":150,"height":150,"mimeType":"image\/png","sourceUrl":"https:\/\/www.panoramamoveis.com.br\/blog-wp\/wp-content\/uploads\/2021\/11\/Panorama-Moveis-click-1-150x150.png"},"medium_large":{"file":"Panorama-Moveis-click-1-768x1365.png","width":768,"height":1365,"mimeType":"image\/png","sourceUrl":"https:\/\/www.panoramamoveis.com.br\/blog-wp\/wp-content\/uploads\/2021\/11\/Panorama-Moveis-click-1-768x1365.png"},"1536x1536":{"file":"Panorama-Moveis-click-1-864x1536.png","width":864,"height":1536,"mimeType":"image\/png","sourceUrl":"https:\/\/www.panoramamoveis.com.br\/blog-wp\/wp-content\/uploads\/2021\/11\/Panorama-Moveis-click-1-864x1536.png"},"2048x2048":{"file":"Panorama-Moveis-click-1-1152x2048.png","width":1152,"height":2048,"mimeType":"image\/png","sourceUrl":"https:\/\/www.panoramamoveis.com.br\/blog-wp\/wp-content\/uploads\/2021\/11\/Panorama-Moveis-click-1-1152x2048.png"},"post-thumbnail":{"file":"Panorama-Moveis-click-1-1200x2133.png","width":1200,"height":2133,"mimeType":"image\/png","sourceUrl":"https:\/\/www.panoramamoveis.com.br\/blog-wp\/wp-content\/uploads\/2021\/11\/Panorama-Moveis-click-1-1200x2133.png"},"twentytwenty-fullscreen":{"file":"Panorama-Moveis-click-1-1980x3520.png","width":1980,"height":3520,"mimeType":"image\/png","sourceUrl":"https:\/\/www.panoramamoveis.com.br\/blog-wp\/wp-content\/uploads\/2021\/11\/Panorama-Moveis-click-1-1980x3520.png"},"web-stories-poster-portrait":{"file":"Panorama-Moveis-click-1-640x853.png","width":640,"height":853,"mimeType":"image\/png","sourceUrl":"https:\/\/www.panoramamoveis.com.br\/blog-wp\/wp-content\/uploads\/2021\/11\/Panorama-Moveis-click-1-640x853.png"},"web-stories-publisher-logo":{"file":"Panorama-Moveis-click-1-96x96.png","width":96,"height":96,"mimeType":"image\/png","sourceUrl":"https:\/\/www.panoramamoveis.com.br\/blog-wp\/wp-content\/uploads\/2021\/11\/Panorama-Moveis-click-1-96x96.png"},"web-stories-thumbnail":{"file":"Panorama-Moveis-click-1-150x267.png","width":150,"height":267,"mimeType":"image\/png","sourceUrl":"https:\/\/www.panoramamoveis.com.br\/blog-wp\/wp-content\/uploads\/2021\/11\/Panorama-Moveis-click-1-150x267.png"},"full":{"file":"Panorama-Moveis-click-1.png","width":3240,"height":5760,"mimeType":"image\/png","sourceUrl":"https:\/\/www.panoramamoveis.com.br\/blog-wp\/wp-content\/uploads\/2021\/11\/Panorama-Moveis-click-1.png"}},"isPlaceholder":false,"isOptimized":false,"isMuted":false,"isExternal":false,"provider":"local"},"type":"image","x":82,"y":-41,"width":56,"height":104,"mask":{"type":"rectangle","showInLibrary":true,"name":"Ret\u00e2ngulo","path":"M 0,0 1,0 1,1 0,1 0,0 Z","ratio":1,"supportsBorder":true},"basedOn":"c3f8539f-a4f0-4f0b-a80a-eb440f257c0a","id":"381b00cb-a11a-43d3-a8eb-d2a3e1bada8e"},{"opacity":100,"flip":{"vertical":false,"horizontal":false},"rotationAngle":0,"lockAspectRatio":true,"backgroundTextMode":"NONE","font":{"family":"Oswald"},"fontSize":28,"backgroundColor":{"color":{"r":196,"g":196,"b":196}},"lineHeight":1.2,"textAlign":"initial","padding":{"locked":true,"hasHiddenPadding":false},"type":"text","content":"<span style=\"font-weight: 700; color: #eee\">CLIQUE AQUI!<\/span>","borderRadius":{"locked":true,"topLeft":2,"topRight":2,"bottomRight":2,"bottomLeft":2},"x":125,"y":558,"width":161,"height":41,"basedOn":"23a443fc-27b4-4bca-bf25-4761dfc814ec","id":"dbd11309-135c-4f19-a1d0-ab0435048fc7","link":{"needsProxy":false,"url":"https:\/\/www.panoramamoveis.com.br\/blog?utm_source=web-stories","rel":[],"icon":"","desc":"Panorama M\u00f3veis: Blog de M\u00f3veis e Artigos Para Decora\u00e7\u00e3o"},"marginOffset":-7.896000000000001}],"animations":[{"targets":["1342f69e-ca15-4206-97ea-e8836e6a0267"],"id":"a08a4ec2-ec3a-44db-8f73-b2bcffed4e69","type":"effect-pulse","scale":0.5,"iterations":1,"duration":1450,"delay":0},{"id":"cd94a8f2-eb5e-4771-8f81-81c3ac7fdc15","type":"effect-pulse","targets":["dbd11309-135c-4f19-a1d0-ab0435048fc7"],"scale":0.5,"iterations":5,"duration":1450,"delay":0}],"backgroundColor":{"color":{"r":255,"g":255,"b":255}},"type":"page","id":"66a0ac8c-ba37-494b-b185-c3c180339647","defaultBackgroundElement":{"opacity":100,"flip":{"vertical":false,"horizontal":false},"rotationAngle":0,"lockAspectRatio":true,"x":1,"y":1,"width":1,"height":1,"mask":{"type":"rectangle"},"isBackground":true,"isDefaultBackground":true,"type":"shape","id":"dfb98c8e-8012-4f8c-992a-73f0d8e92a4f"}},{"elements":[{"opacity":100,"flip":{"vertical":false,"horizontal":false},"rotationAngle":0,"lockAspectRatio":true,"x":48,"y":0,"width":330,"height":586,"mask":{"type":"rectangle"},"isBackground":true,"type":"image","id":"9fb73b11-b73e-4d31-9893-73773fb54053","scale":100,"focalX":50,"focalY":50,"resource":{"baseColor":"#dfdedc","blurHash":"U9Q0EpRi-;bw0_xuxatl~WIUkWt7+}xv%Ns;","type":"image","mimeType":"image\/png","creationDate":"2022-07-17T14:12:47.000Z","src":"https:\/\/www.panoramamoveis.com.br\/blog-wp\/wp-content\/uploads\/2022\/07\/ESPELHOS-PG9.png","width":1080,"height":1920,"id":6237,"alt":"ESPELHOS PG9","sizes":{"medium":{"file":"ESPELHOS-PG9-169x300.png","width":169,"height":300,"filesize":50429,"mimeType":"image\/png","sourceUrl":"https:\/\/www.panoramamoveis.com.br\/blog-wp\/wp-content\/uploads\/2022\/07\/ESPELHOS-PG9-169x300.png"},"large":{"file":"ESPELHOS-PG9-576x1024.png","width":576,"height":1024,"filesize":326728,"mimeType":"image\/png","sourceUrl":"https:\/\/www.panoramamoveis.com.br\/blog-wp\/wp-content\/uploads\/2022\/07\/ESPELHOS-PG9-576x1024.png"},"thumbnail":{"file":"ESPELHOS-PG9-150x150.png","width":150,"height":150,"filesize":26568,"mimeType":"image\/png","sourceUrl":"https:\/\/www.panoramamoveis.com.br\/blog-wp\/wp-content\/uploads\/2022\/07\/ESPELHOS-PG9-150x150.png"},"medium_large":{"file":"ESPELHOS-PG9-768x1365.png","width":768,"height":1365,"filesize":688522,"mimeType":"image\/png","sourceUrl":"https:\/\/www.panoramamoveis.com.br\/blog-wp\/wp-content\/uploads\/2022\/07\/ESPELHOS-PG9-768x1365.png"},"1536x1536":{"file":"ESPELHOS-PG9-864x1536.png","width":864,"height":1536,"filesize":603797,"mimeType":"image\/png","sourceUrl":"https:\/\/www.panoramamoveis.com.br\/blog-wp\/wp-content\/uploads\/2022\/07\/ESPELHOS-PG9-864x1536.png"},"web-stories-poster-portrait":{"file":"ESPELHOS-PG9-640x853.png","width":640,"height":853,"filesize":388417,"mimeType":"image\/png","sourceUrl":"https:\/\/www.panoramamoveis.com.br\/blog-wp\/wp-content\/uploads\/2022\/07\/ESPELHOS-PG9-640x853.png"},"web-stories-publisher-logo":{"file":"ESPELHOS-PG9-96x96.png","width":96,"height":96,"filesize":12452,"mimeType":"image\/png","sourceUrl":"https:\/\/www.panoramamoveis.com.br\/blog-wp\/wp-content\/uploads\/2022\/07\/ESPELHOS-PG9-96x96.png"},"web-stories-thumbnail":{"file":"ESPELHOS-PG9-150x267.png","width":150,"height":267,"filesize":40672,"mimeType":"image\/png","sourceUrl":"https:\/\/www.panoramamoveis.com.br\/blog-wp\/wp-content\/uploads\/2022\/07\/ESPELHOS-PG9-150x267.png"},"full":{"file":"ESPELHOS-PG9.png","width":1080,"height":1920,"mimeType":"image\/png","sourceUrl":"https:\/\/www.panoramamoveis.com.br\/blog-wp\/wp-content\/uploads\/2022\/07\/ESPELHOS-PG9.png"}},"isPlaceholder":false,"isOptimized":false,"isMuted":false,"isExternal":false,"needsProxy":false},"basedOn":"75808ddf-12ac-44cb-b520-2a3e88c53ff3","alt":"Sala com sof\u00e1 cinza e 2 espelhos redondos"},{"opacity":100,"flip":{"vertical":false,"horizontal":false},"rotationAngle":0,"lockAspectRatio":true,"backgroundTextMode":"FILL","font":{"family":"Oswald"},"fontSize":24,"backgroundColor":{"color":{"r":255,"g":255,"b":255,"a":0.5}},"lineHeight":1.19,"textAlign":"left","padding":{"locked":true,"hasHiddenPadding":true,"horizontal":8,"vertical":4},"type":"text","content":"<span style=\"font-weight: 700; color: #e23b40\">Com as dicas e sele\u00e7\u00e3o de m\u00f3veis da Panorama M\u00f3veis, voc\u00ea consegue deixar a sua casa exatamente do seu jeito.&nbsp;<\/span>","borderRadius":{"locked":true,"topLeft":2,"topRight":2,"bottomRight":2,"bottomLeft":2},"x":48,"y":327,"width":317,"height":129,"id":"d55968b3-c922-4819-954f-952ca85d62e4","marginOffset":-6.716000000000001},{"opacity":100,"flip":{"vertical":false,"horizontal":false},"rotationAngle":0,"lockAspectRatio":true,"scale":100,"focalX":50,"focalY":50,"resource":{"baseColor":"#e5d4d4","type":"image","mimeType":"image\/png","creationDate":"2021-10-05T06:38:34","src":"https:\/\/www.panoramamoveis.com.br\/blog-wp\/wp-content\/uploads\/2021\/10\/click-aqui.png","width":1080,"height":1080,"id":757,"alt":"click aqui","sizes":{"medium":{"file":"click-aqui-300x300.png","width":300,"height":300,"mimeType":"image\/png","sourceUrl":"https:\/\/www.panoramamoveis.com.br\/blog-wp\/wp-content\/uploads\/2021\/10\/click-aqui-300x300.png"},"large":{"file":"click-aqui-1024x1024.png","width":1024,"height":1024,"mimeType":"image\/png","sourceUrl":"https:\/\/www.panoramamoveis.com.br\/blog-wp\/wp-content\/uploads\/2021\/10\/click-aqui-1024x1024.png"},"thumbnail":{"file":"click-aqui-150x150.png","width":150,"height":150,"mimeType":"image\/png","sourceUrl":"https:\/\/www.panoramamoveis.com.br\/blog-wp\/wp-content\/uploads\/2021\/10\/click-aqui-150x150.png"},"medium_large":{"file":"click-aqui-768x768.png","width":768,"height":768,"mimeType":"image\/png","sourceUrl":"https:\/\/www.panoramamoveis.com.br\/blog-wp\/wp-content\/uploads\/2021\/10\/click-aqui-768x768.png"},"web-stories-poster-portrait":{"file":"click-aqui-640x853.png","width":640,"height":853,"mimeType":"image\/png","sourceUrl":"https:\/\/www.panoramamoveis.com.br\/blog-wp\/wp-content\/uploads\/2021\/10\/click-aqui-640x853.png"},"web-stories-publisher-logo":{"file":"click-aqui-96x96.png","width":96,"height":96,"mimeType":"image\/png","sourceUrl":"https:\/\/www.panoramamoveis.com.br\/blog-wp\/wp-content\/uploads\/2021\/10\/click-aqui-96x96.png"},"web-stories-thumbnail":{"file":"click-aqui-150x150.png","width":150,"height":150,"mimeType":"image\/png","sourceUrl":"https:\/\/www.panoramamoveis.com.br\/blog-wp\/wp-content\/uploads\/2021\/10\/click-aqui-150x150.png"},"full":{"file":"click-aqui.png","width":1080,"height":1080,"mimeType":"image\/png","sourceUrl":"https:\/\/www.panoramamoveis.com.br\/blog-wp\/wp-content\/uploads\/2021\/10\/click-aqui.png"}},"isPlaceholder":false,"isOptimized":false,"isMuted":false,"provider":"local","isExternal":false},"type":"image","width":52,"height":51,"mask":{"type":"rectangle","showInLibrary":true,"name":"Rectangle","path":"M 0,0 1,0 1,1 0,1 0,0 Z","ratio":1,"supportsBorder":true},"basedOn":"ff931274-1fbf-4643-aab1-692e48ab9db7","x":335,"y":487,"id":"b9ae82de-c57f-4987-a4ac-26a9f25c01c3","link":{"url":"https:\/\/www.panoramamoveis.com.br?utm_source=web-stories","icon":"https:\/\/www.panoramamoveis.com.br\/blog-wp\/wp-content\/uploads\/2021\/11\/cropped-cropped-Panorama-03-scaled-3.jpg","desc":"Panorama M\u00f3veis: Loja Online de M\u00f3veis e Decora\u00e7\u00e3o"}},{"opacity":100,"flip":{"vertical":false,"horizontal":false},"rotationAngle":0,"lockAspectRatio":true,"scale":100,"focalX":50,"focalY":50,"resource":{"baseColor":"#d0c1b7","type":"image","mimeType":"image\/png","creationDate":"2021-09-24T21:09:53","src":"https:\/\/www.panoramamoveis.com.br\/blog-wp\/wp-content\/uploads\/2021\/09\/panorama-sem-fundo.png","width":500,"height":500,"id":451,"alt":"panorama sem fundo","sizes":{"medium":{"file":"panorama-sem-fundo-300x300.png","width":300,"height":300,"mimeType":"image\/png","sourceUrl":"https:\/\/www.panoramamoveis.com.br\/blog-wp\/wp-content\/uploads\/2021\/09\/panorama-sem-fundo-300x300.png"},"thumbnail":{"file":"panorama-sem-fundo-150x150.png","width":150,"height":150,"mimeType":"image\/png","sourceUrl":"https:\/\/www.panoramamoveis.com.br\/blog-wp\/wp-content\/uploads\/2021\/09\/panorama-sem-fundo-150x150.png"},"web-stories-publisher-logo":{"file":"panorama-sem-fundo-96x96.png","width":96,"height":96,"mimeType":"image\/png","sourceUrl":"https:\/\/www.panoramamoveis.com.br\/blog-wp\/wp-content\/uploads\/2021\/09\/panorama-sem-fundo-96x96.png"},"web-stories-thumbnail":{"file":"panorama-sem-fundo-150x150.png","width":150,"height":150,"mimeType":"image\/png","sourceUrl":"https:\/\/www.panoramamoveis.com.br\/blog-wp\/wp-content\/uploads\/2021\/09\/panorama-sem-fundo-150x150.png"},"full":{"file":"panorama-sem-fundo.png","width":500,"height":500,"mimeType":"image\/png","sourceUrl":"https:\/\/www.panoramamoveis.com.br\/blog-wp\/wp-content\/uploads\/2021\/09\/panorama-sem-fundo.png"}},"isPlaceholder":false,"isOptimized":false,"isMuted":false,"provider":"local","isExternal":false},"width":203,"height":203,"mask":{"type":"rectangle","showInLibrary":true,"name":"Rectangle","path":"M 0,0 1,0 1,1 0,1 0,0 Z","ratio":1,"supportsBorder":true},"type":"image","basedOn":"afa563fd-7f47-4f20-b23c-97943ac63b40","x":103,"y":472,"id":"e93d8fd0-edf5-47cc-a5fb-d42894479cdb"},{"opacity":100,"flip":{"vertical":false,"horizontal":false},"rotationAngle":0,"lockAspectRatio":true,"backgroundTextMode":"HIGHLIGHT","font":{"family":"Oswald"},"fontSize":24,"backgroundColor":{"color":{"r":163,"g":0,"b":3,"a":0.5}},"lineHeight":1.19,"textAlign":"initial","padding":{"locked":true,"hasHiddenPadding":true,"horizontal":8,"vertical":4},"type":"text","content":"<span style=\"font-weight: 700; color: #fff\">panoramamoveis.com.br<\/span>","borderRadius":{"locked":true,"topLeft":2,"topRight":2,"bottomRight":2,"bottomLeft":2},"x":56,"y":491,"width":258,"height":44,"id":"2a09327b-efa0-40c7-9c4b-d6302b5eec4a","link":{"needsProxy":false,"url":"https:\/\/www.panoramamoveis.com.br?utm_source=web-stories","rel":["noreferrer","noreferrer","noreferrer","noreferrer","noreferrer","noreferrer","noreferrer","noreferrer","noreferrer","noreferrer","noreferrer","noreferrer","noreferrer","noreferrer","noreferrer","noreferrer","noreferrer","noreferrer","noreferrer","noreferrer","noreferrer","noreferrer","noreferrer","noreferrer","noreferrer","noreferrer","noreferrer","noreferrer","noreferrer","noreferrer","noreferrer","noreferrer","noreferrer","noreferrer","noreferrer","noreferrer","noreferrer","noreferrer","noreferrer","noreferrer","noreferrer","noreferrer","noreferrer","noreferrer","noreferrer","noreferrer","noreferrer","noreferrer","noreferrer","noreferrer","noreferrer","noreferrer","noreferrer","noreferrer","noreferrer","noreferrer","noreferrer","noreferrer","noreferrer","noreferrer","noreferrer","noreferrer","noreferrer","noreferrer","noreferrer","noreferrer","noreferrer","noreferrer","noreferrer","noreferrer","noreferrer","noreferrer","noreferrer","noreferrer","noreferrer","noreferrer","noreferrer","noreferrer","noreferrer","noreferrer","noreferrer","noreferrer","noreferrer","noreferrer","noreferrer","noreferrer","noreferrer","noreferrer","noreferrer","noreferrer","noreferrer","noreferrer","noreferrer","noreferrer","noreferrer","noreferrer","noreferrer","noreferrer","noreferrer","noreferrer","noreferrer","noreferrer","noreferrer","noreferrer","noreferrer","noreferrer","noreferrer","noreferrer","noreferrer","noreferrer","noreferrer","noreferrer","noreferrer","noreferrer","noreferrer","noreferrer","noreferrer","noreferrer","noreferrer","noreferrer","noreferrer","noreferrer","noreferrer","noreferrer","noreferrer","noreferrer","noreferrer","noreferrer","noreferrer","noreferrer","noreferrer","noreferrer","noreferrer","noreferrer","noreferrer","noreferrer","noreferrer","noreferrer","noreferrer","noreferrer","noreferrer","noreferrer","noreferrer","noreferrer","noreferrer","noreferrer","noreferrer","noreferrer","noreferrer","noreferrer","noreferrer","noreferrer","noreferrer","noreferrer","noreferrer","noreferrer","noreferrer","noreferrer","noreferrer","noreferrer","noreferrer","noreferrer","noreferrer","noreferrer","noreferrer","noreferrer","noreferrer","noreferrer","noreferrer","noreferrer","noreferrer","noreferrer","noreferrer","noreferrer","noreferrer","noreferrer","noreferrer","noreferrer","noreferrer","noreferrer","noreferrer","noreferrer","noreferrer","noreferrer","noreferrer","noreferrer","noreferrer","noreferrer","noreferrer","noreferrer","noreferrer","noreferrer","noreferrer","noreferrer","noreferrer","noreferrer","noreferrer","noreferrer","noreferrer","noreferrer","noreferrer","noreferrer","noreferrer","noreferrer","noreferrer","noreferrer","noreferrer","noreferrer","noreferrer","noreferrer","noreferrer","noreferrer","noreferrer","noreferrer","noreferrer","noreferrer","noreferrer","noreferrer","noreferrer","noreferrer","noreferrer","noreferrer","noreferrer","noreferrer","noreferrer","noreferrer","noreferrer","noreferrer","noreferrer","noreferrer","noreferrer","noreferrer","noreferrer","noreferrer","noreferrer","noreferrer","noreferrer","noreferrer","noreferrer","noreferrer","noreferrer","noreferrer","noreferrer","noreferrer","noreferrer","noreferrer","noreferrer","noreferrer","noreferrer","noreferrer","noreferrer","noreferrer","noreferrer","noreferrer","noreferrer","noreferrer","noreferrer","noreferrer","noreferrer","noreferrer","noreferrer","noreferrer","noreferrer","noreferrer","noreferrer","noreferrer","noreferrer","noreferrer","noreferrer","noreferrer","noreferrer","noreferrer","noreferrer","noreferrer","noreferrer","noreferrer","noreferrer","noreferrer","noreferrer","noreferrer","noreferrer","noreferrer","noreferrer","noreferrer","noreferrer","noreferrer","noreferrer","noreferrer","noreferrer","noreferrer","noreferrer","noreferrer","noreferrer","noreferrer","noreferrer","noreferrer","noreferrer","noreferrer","noreferrer","noreferrer","noreferrer","noreferrer","noreferrer","noreferrer","noreferrer","noreferrer","noreferrer","noreferrer","noreferrer","noreferrer","noreferrer","noreferrer","noreferrer","noreferrer","noreferrer","noreferrer","noreferrer","noreferrer","noreferrer","noreferrer","noreferrer","noreferrer","noreferrer","noreferrer","noreferrer","noreferrer","noreferrer","noreferrer","noreferrer","noreferrer","noreferrer","noreferrer","noreferrer","noreferrer","noreferrer","noreferrer","noreferrer","noreferrer","noreferrer","noreferrer","noreferrer","noreferrer","noreferrer","noreferrer","noreferrer","noreferrer","noreferrer","noreferrer","noreferrer","noreferrer","noreferrer","noreferrer","noreferrer","noreferrer","noreferrer","noreferrer","noreferrer","noreferrer","noreferrer","noreferrer","noreferrer","noreferrer","noreferrer","noreferrer","noreferrer","noreferrer","noreferrer","noreferrer","noreferrer","noreferrer","noreferrer","noreferrer","noreferrer","noreferrer","noreferrer","noreferrer","noreferrer","noreferrer","noreferrer","noreferrer","noreferrer","noreferrer","noreferrer","noreferrer","noreferrer","noreferrer","noreferrer","noreferrer","noreferrer","noreferrer","noreferrer","noreferrer","noreferrer","noreferrer","noreferrer","noreferrer","noreferrer","noreferrer","noreferrer","noreferrer","noreferrer","noreferrer","noreferrer","noreferrer","noreferrer","noreferrer","noreferrer","noreferrer","noreferrer","noreferrer","noreferrer","noreferrer","noreferrer","noreferrer","noreferrer","noreferrer","noreferrer","noreferrer","noreferrer","noreferrer","noreferrer","noreferrer","noreferrer","noreferrer","noreferrer","noreferrer","noreferrer","noreferrer","noreferrer","noreferrer","noreferrer","noreferrer","noreferrer","noreferrer","noreferrer","noreferrer","noreferrer","noreferrer","noreferrer","noreferrer","noreferrer","noreferrer","noreferrer","noreferrer","noreferrer","noreferrer","noreferrer","noreferrer","noreferrer","noreferrer","noreferrer","noreferrer","noreferrer","noreferrer","noreferrer","noreferrer","noreferrer","noreferrer","noreferrer","noreferrer","noreferrer","noreferrer","noreferrer","noreferrer","noreferrer","noreferrer","noreferrer","noreferrer","noreferrer","noreferrer","noreferrer","noreferrer","noreferrer","noreferrer","noreferrer","noreferrer","noreferrer","noreferrer","noreferrer","noreferrer","noreferrer","noreferrer","noreferrer","noreferrer","noreferrer","noreferrer","noreferrer","noreferrer","noreferrer","noreferrer","noreferrer","noreferrer","noreferrer","noreferrer","noreferrer","noreferrer","noreferrer","noreferrer","noreferrer","noreferrer","noreferrer","noreferrer","noreferrer","noreferrer","noreferrer","noreferrer","noreferrer","noreferrer","noreferrer","noreferrer","noreferrer","noreferrer","noreferrer","noreferrer","noreferrer","noreferrer","noreferrer","noreferrer","noreferrer","noreferrer","noreferrer","noreferrer","noreferrer","noreferrer","noreferrer","noreferrer","noreferrer","noreferrer","noreferrer","noreferrer","noreferrer"],"icon":"https:\/\/www.panoramamoveis.com.br\/blog-wp\/wp-content\/uploads\/2021\/11\/cropped-cropped-Panorama-03-scaled-3.jpg","desc":"Panorama M\u00f3veis: Loja Online de M\u00f3veis e Decora\u00e7\u00e3o"},"marginOffset":-7.299999999999997}],"animations":[{"targets":["b9ae82de-c57f-4987-a4ac-26a9f25c01c3"],"id":"f5ee1159-47f4-4ece-b5dd-055da9f0a501","type":"effect-pulse","scale":0.5,"iterations":1,"duration":1450,"delay":0},{"id":"eee5fa4d-bff0-43eb-b28b-b867a247dc1f","type":"effect-whoosh-in","whooshInDir":"leftToRight","duration":600,"delay":0,"targets":["2a09327b-efa0-40c7-9c4b-d6302b5eec4a"]}],"backgroundColor":{"color":{"r":255,"g":255,"b":255}},"type":"page","id":"cf3f0ee3-4f14-4a21-b304-7d1029fa044c","defaultBackgroundElement":{"opacity":100,"flip":{"vertical":false,"horizontal":false},"rotationAngle":0,"lockAspectRatio":true,"x":1,"y":1,"width":1,"height":1,"mask":{"type":"rectangle"},"isBackground":true,"isDefaultBackground":true,"type":"shape","id":"a8c80173-9ac5-4023-87d5-f08fb27f6c35"}},{"elements":[{"opacity":100,"flip":{"vertical":false,"horizontal":false},"rotationAngle":0,"lockAspectRatio":true,"x":48,"y":0,"width":330,"height":586,"mask":{"type":"rectangle"},"isBackground":true,"type":"image","id":"1628da2f-0e99-4b22-9066-ceb9012f2f56","scale":100,"focalX":50,"focalY":50,"resource":{"baseColor":"#aa0404","type":"image","mimeType":"image\/jpeg","creationDate":"2021-12-15T19:42:20","src":"https:\/\/www.panoramamoveis.com.br\/blog-wp\/wp-content\/uploads\/2021\/12\/Panorama-escrivaninha-9.jpg","width":1080,"height":1920,"id":3286,"alt":"Panorama escrivaninha (9)","sizes":{"medium":{"file":"Panorama-escrivaninha-9-169x300.jpg","width":169,"height":300,"mimeType":"image\/jpeg","sourceUrl":"https:\/\/www.panoramamoveis.com.br\/blog-wp\/wp-content\/uploads\/2021\/12\/Panorama-escrivaninha-9-169x300.jpg"},"large":{"file":"Panorama-escrivaninha-9-576x1024.jpg","width":576,"height":1024,"mimeType":"image\/jpeg","sourceUrl":"https:\/\/www.panoramamoveis.com.br\/blog-wp\/wp-content\/uploads\/2021\/12\/Panorama-escrivaninha-9-576x1024.jpg"},"thumbnail":{"file":"Panorama-escrivaninha-9-150x150.jpg","width":150,"height":150,"mimeType":"image\/jpeg","sourceUrl":"https:\/\/www.panoramamoveis.com.br\/blog-wp\/wp-content\/uploads\/2021\/12\/Panorama-escrivaninha-9-150x150.jpg"},"medium_large":{"file":"Panorama-escrivaninha-9-768x1365.jpg","width":768,"height":1365,"mimeType":"image\/jpeg","sourceUrl":"https:\/\/www.panoramamoveis.com.br\/blog-wp\/wp-content\/uploads\/2021\/12\/Panorama-escrivaninha-9-768x1365.jpg"},"1536x1536":{"file":"Panorama-escrivaninha-9-864x1536.jpg","width":864,"height":1536,"mimeType":"image\/jpeg","sourceUrl":"https:\/\/www.panoramamoveis.com.br\/blog-wp\/wp-content\/uploads\/2021\/12\/Panorama-escrivaninha-9-864x1536.jpg"},"web-stories-poster-portrait":{"file":"Panorama-escrivaninha-9-640x853.jpg","width":640,"height":853,"mimeType":"image\/jpeg","sourceUrl":"https:\/\/www.panoramamoveis.com.br\/blog-wp\/wp-content\/uploads\/2021\/12\/Panorama-escrivaninha-9-640x853.jpg"},"web-stories-publisher-logo":{"file":"Panorama-escrivaninha-9-96x96.jpg","width":96,"height":96,"mimeType":"image\/jpeg","sourceUrl":"https:\/\/www.panoramamoveis.com.br\/blog-wp\/wp-content\/uploads\/2021\/12\/Panorama-escrivaninha-9-96x96.jpg"},"web-stories-thumbnail":{"file":"Panorama-escrivaninha-9-150x267.jpg","width":150,"height":267,"mimeType":"image\/jpeg","sourceUrl":"https:\/\/www.panoramamoveis.com.br\/blog-wp\/wp-content\/uploads\/2021\/12\/Panorama-escrivaninha-9-150x267.jpg"},"full":{"file":"Panorama-escrivaninha-9.jpg","width":1080,"height":1920,"mimeType":"image\/jpeg","sourceUrl":"https:\/\/www.panoramamoveis.com.br\/blog-wp\/wp-content\/uploads\/2021\/12\/Panorama-escrivaninha-9.jpg"}},"isPlaceholder":false,"isOptimized":false,"isMuted":false,"isExternal":false,"needsProxy":false,"provider":"local"},"basedOn":"75808ddf-12ac-44cb-b520-2a3e88c53ff3","alt":"p\u00e1gina com as Redes Sociais da Panorama Moveis"},{"opacity":100,"flip":{"vertical":false,"horizontal":false},"rotationAngle":0,"lockAspectRatio":true,"scale":100,"focalX":50,"focalY":50,"resource":{"baseColor":"#d0c1b7","type":"image","mimeType":"image\/png","creationDate":"2021-09-24T21:09:53","src":"https:\/\/www.panoramamoveis.com.br\/blog-wp\/wp-content\/uploads\/2021\/09\/panorama-sem-fundo.png","width":500,"height":500,"id":451,"alt":"panorama sem fundo","sizes":{"medium":{"file":"panorama-sem-fundo-300x300.png","width":300,"height":300,"mimeType":"image\/png","sourceUrl":"https:\/\/www.panoramamoveis.com.br\/blog-wp\/wp-content\/uploads\/2021\/09\/panorama-sem-fundo-300x300.png"},"thumbnail":{"file":"panorama-sem-fundo-150x150.png","width":150,"height":150,"mimeType":"image\/png","sourceUrl":"https:\/\/www.panoramamoveis.com.br\/blog-wp\/wp-content\/uploads\/2021\/09\/panorama-sem-fundo-150x150.png"},"web-stories-publisher-logo":{"file":"panorama-sem-fundo-96x96.png","width":96,"height":96,"mimeType":"image\/png","sourceUrl":"https:\/\/www.panoramamoveis.com.br\/blog-wp\/wp-content\/uploads\/2021\/09\/panorama-sem-fundo-96x96.png"},"web-stories-thumbnail":{"file":"panorama-sem-fundo-150x150.png","width":150,"height":150,"mimeType":"image\/png","sourceUrl":"https:\/\/www.panoramamoveis.com.br\/blog-wp\/wp-content\/uploads\/2021\/09\/panorama-sem-fundo-150x150.png"},"full":{"file":"panorama-sem-fundo.png","width":500,"height":500,"mimeType":"image\/png","sourceUrl":"https:\/\/www.panoramamoveis.com.br\/blog-wp\/wp-content\/uploads\/2021\/09\/panorama-sem-fundo.png"}},"isPlaceholder":false,"isOptimized":false,"isMuted":false,"provider":"local","isExternal":false},"width":221,"height":221,"mask":{"type":"rectangle","showInLibrary":true,"name":"Rectangle","path":"M 0,0 1,0 1,1 0,1 0,0 Z","ratio":1,"supportsBorder":true},"type":"image","basedOn":"7ba25700-0940-4984-8a68-260461f0cada","x":93,"y":473,"link":null,"id":"35f0f6c3-9f2b-45cf-aba7-b81f2778a037"},{"opacity":100,"flip":{"vertical":false,"horizontal":false},"rotationAngle":0,"lockAspectRatio":true,"backgroundTextMode":"FILL","font":{"family":"Anton"},"fontSize":30,"backgroundColor":{"color":{"r":255,"g":255,"b":255,"a":0.5}},"lineHeight":1.19,"textAlign":"center","padding":{"locked":true,"hasHiddenPadding":true,"horizontal":8,"vertical":4},"type":"text","content":"<span style=\"color: #e23b40\">CLIQUE E&nbsp;<\/span>\n<span style=\"color: #e23b40\">CONFIRA AS&nbsp;<\/span>\n<span style=\"color: #e23b40\">REDES SOCIAIS DA PANORAMA M\u00d3VEIS<\/span>","borderRadius":{"locked":true,"topLeft":2,"topRight":2,"bottomRight":2,"bottomLeft":2},"x":48,"y":0,"width":313,"height":162,"id":"119e1913-6e36-4bbb-b2b4-4fde3e39d283"},{"opacity":100,"flip":{"vertical":false,"horizontal":false},"rotationAngle":0,"lockAspectRatio":true,"scale":102.82759885554987,"focalX":48.6250778550601,"focalY":49.90738890551466,"resource":{"baseColor":"#f9f6f4","type":"image","mimeType":"image\/png","creationDate":"2021-11-05T00:41:18","src":"https:\/\/www.panoramamoveis.com.br\/blog-wp\/wp-content\/uploads\/2021\/11\/INSTAGRAM.png","width":3240,"height":5760,"id":1839,"alt":"INSTAGRAM","sizes":{"medium":{"file":"INSTAGRAM-169x300.png","width":169,"height":300,"mimeType":"image\/png","sourceUrl":"https:\/\/www.panoramamoveis.com.br\/blog-wp\/wp-content\/uploads\/2021\/11\/INSTAGRAM-169x300.png"},"large":{"file":"INSTAGRAM-576x1024.png","width":576,"height":1024,"mimeType":"image\/png","sourceUrl":"https:\/\/www.panoramamoveis.com.br\/blog-wp\/wp-content\/uploads\/2021\/11\/INSTAGRAM-576x1024.png"},"thumbnail":{"file":"INSTAGRAM-150x150.png","width":150,"height":150,"mimeType":"image\/png","sourceUrl":"https:\/\/www.panoramamoveis.com.br\/blog-wp\/wp-content\/uploads\/2021\/11\/INSTAGRAM-150x150.png"},"medium_large":{"file":"INSTAGRAM-768x1365.png","width":768,"height":1365,"mimeType":"image\/png","sourceUrl":"https:\/\/www.panoramamoveis.com.br\/blog-wp\/wp-content\/uploads\/2021\/11\/INSTAGRAM-768x1365.png"},"1536x1536":{"file":"INSTAGRAM-864x1536.png","width":864,"height":1536,"mimeType":"image\/png","sourceUrl":"https:\/\/www.panoramamoveis.com.br\/blog-wp\/wp-content\/uploads\/2021\/11\/INSTAGRAM-864x1536.png"},"2048x2048":{"file":"INSTAGRAM-1152x2048.png","width":1152,"height":2048,"mimeType":"image\/png","sourceUrl":"https:\/\/www.panoramamoveis.com.br\/blog-wp\/wp-content\/uploads\/2021\/11\/INSTAGRAM-1152x2048.png"},"post-thumbnail":{"file":"INSTAGRAM-1200x2133.png","width":1200,"height":2133,"mimeType":"image\/png","sourceUrl":"https:\/\/www.panoramamoveis.com.br\/blog-wp\/wp-content\/uploads\/2021\/11\/INSTAGRAM-1200x2133.png"},"twentytwenty-fullscreen":{"file":"INSTAGRAM-1980x3520.png","width":1980,"height":3520,"mimeType":"image\/png","sourceUrl":"https:\/\/www.panoramamoveis.com.br\/blog-wp\/wp-content\/uploads\/2021\/11\/INSTAGRAM-1980x3520.png"},"web-stories-poster-portrait":{"file":"INSTAGRAM-640x853.png","width":640,"height":853,"mimeType":"image\/png","sourceUrl":"https:\/\/www.panoramamoveis.com.br\/blog-wp\/wp-content\/uploads\/2021\/11\/INSTAGRAM-640x853.png"},"web-stories-publisher-logo":{"file":"INSTAGRAM-96x96.png","width":96,"height":96,"mimeType":"image\/png","sourceUrl":"https:\/\/www.panoramamoveis.com.br\/blog-wp\/wp-content\/uploads\/2021\/11\/INSTAGRAM-96x96.png"},"web-stories-thumbnail":{"file":"INSTAGRAM-150x267.png","width":150,"height":267,"mimeType":"image\/png","sourceUrl":"https:\/\/www.panoramamoveis.com.br\/blog-wp\/wp-content\/uploads\/2021\/11\/INSTAGRAM-150x267.png"},"full":{"file":"INSTAGRAM.png","width":3240,"height":5760,"mimeType":"image\/png","sourceUrl":"https:\/\/www.panoramamoveis.com.br\/blog-wp\/wp-content\/uploads\/2021\/11\/INSTAGRAM.png"}},"isPlaceholder":false,"isOptimized":false,"isMuted":false,"isExternal":false,"provider":"local"},"type":"image","x":159,"y":271,"width":62,"height":78,"mask":{"type":"rectangle","showInLibrary":true,"name":"Ret\u00e2ngulo","path":"M 0,0 1,0 1,1 0,1 0,0 Z","ratio":1,"supportsBorder":true},"id":"d9674f81-16f1-444d-bf9a-de9a7a788d29","resizeWidth":177.203,"resizeHeight":221.82524,"link":{"url":"https:\/\/www.instagram.com\/panoramamoveis\/ ","icon":null,"desc":null}},{"opacity":100,"flip":{"vertical":false,"horizontal":false},"rotationAngle":0,"lockAspectRatio":true,"scale":100,"focalX":50,"focalY":50,"resource":{"baseColor":"#343333","type":"image","mimeType":"image\/png","creationDate":"2021-11-05T00:52:33","src":"https:\/\/www.panoramamoveis.com.br\/blog-wp\/wp-content\/uploads\/2021\/11\/FACEBOOK.png","width":3240,"height":5760,"id":1850,"alt":"FACEBOOK","sizes":{"medium":{"file":"FACEBOOK-169x300.png","width":169,"height":300,"mimeType":"image\/png","sourceUrl":"https:\/\/www.panoramamoveis.com.br\/blog-wp\/wp-content\/uploads\/2021\/11\/FACEBOOK-169x300.png"},"large":{"file":"FACEBOOK-576x1024.png","width":576,"height":1024,"mimeType":"image\/png","sourceUrl":"https:\/\/www.panoramamoveis.com.br\/blog-wp\/wp-content\/uploads\/2021\/11\/FACEBOOK-576x1024.png"},"thumbnail":{"file":"FACEBOOK-150x150.png","width":150,"height":150,"mimeType":"image\/png","sourceUrl":"https:\/\/www.panoramamoveis.com.br\/blog-wp\/wp-content\/uploads\/2021\/11\/FACEBOOK-150x150.png"},"medium_large":{"file":"FACEBOOK-768x1365.png","width":768,"height":1365,"mimeType":"image\/png","sourceUrl":"https:\/\/www.panoramamoveis.com.br\/blog-wp\/wp-content\/uploads\/2021\/11\/FACEBOOK-768x1365.png"},"1536x1536":{"file":"FACEBOOK-864x1536.png","width":864,"height":1536,"mimeType":"image\/png","sourceUrl":"https:\/\/www.panoramamoveis.com.br\/blog-wp\/wp-content\/uploads\/2021\/11\/FACEBOOK-864x1536.png"},"2048x2048":{"file":"FACEBOOK-1152x2048.png","width":1152,"height":2048,"mimeType":"image\/png","sourceUrl":"https:\/\/www.panoramamoveis.com.br\/blog-wp\/wp-content\/uploads\/2021\/11\/FACEBOOK-1152x2048.png"},"post-thumbnail":{"file":"FACEBOOK-1200x2133.png","width":1200,"height":2133,"mimeType":"image\/png","sourceUrl":"https:\/\/www.panoramamoveis.com.br\/blog-wp\/wp-content\/uploads\/2021\/11\/FACEBOOK-1200x2133.png"},"twentytwenty-fullscreen":{"file":"FACEBOOK-1980x3520.png","width":1980,"height":3520,"mimeType":"image\/png","sourceUrl":"https:\/\/www.panoramamoveis.com.br\/blog-wp\/wp-content\/uploads\/2021\/11\/FACEBOOK-1980x3520.png"},"web-stories-poster-portrait":{"file":"FACEBOOK-640x853.png","width":640,"height":853,"mimeType":"image\/png","sourceUrl":"https:\/\/www.panoramamoveis.com.br\/blog-wp\/wp-content\/uploads\/2021\/11\/FACEBOOK-640x853.png"},"web-stories-publisher-logo":{"file":"FACEBOOK-96x96.png","width":96,"height":96,"mimeType":"image\/png","sourceUrl":"https:\/\/www.panoramamoveis.com.br\/blog-wp\/wp-content\/uploads\/2021\/11\/FACEBOOK-96x96.png"},"web-stories-thumbnail":{"file":"FACEBOOK-150x267.png","width":150,"height":267,"mimeType":"image\/png","sourceUrl":"https:\/\/www.panoramamoveis.com.br\/blog-wp\/wp-content\/uploads\/2021\/11\/FACEBOOK-150x267.png"},"full":{"file":"FACEBOOK.png","width":3240,"height":5760,"mimeType":"image\/png","sourceUrl":"https:\/\/www.panoramamoveis.com.br\/blog-wp\/wp-content\/uploads\/2021\/11\/FACEBOOK.png"}},"isPlaceholder":false,"isOptimized":false,"isMuted":false,"isExternal":false,"provider":"local"},"type":"image","x":157,"y":151,"width":65,"height":111,"mask":{"type":"rectangle","showInLibrary":true,"name":"Ret\u00e2ngulo","path":"M 0,0 1,0 1,1 0,1 0,0 Z","ratio":1,"supportsBorder":true},"id":"ecdffeef-58af-4079-9d6f-1d2c5968736b","link":{"url":"https:\/\/www.facebook.com\/Panoramamoveis\/","icon":"https:\/\/www.panoramamoveis.com.br\/blog-wp\/wp-content\/uploads\/2021\/11\/cropped-Panorama-03-scaled-3.jpg","desc":"Facebook"}},{"opacity":100,"flip":{"vertical":false,"horizontal":false},"rotationAngle":0,"lockAspectRatio":false,"scale":100,"focalX":50,"focalY":50,"resource":{"baseColor":"#ffffff","type":"image","mimeType":"image\/png","creationDate":"2021-11-05T00:41:28","src":"https:\/\/www.panoramamoveis.com.br\/blog-wp\/wp-content\/uploads\/2021\/11\/PINTEREST.png","width":3240,"height":5760,"id":1840,"alt":"PINTEREST","sizes":{"medium":{"file":"PINTEREST-169x300.png","width":169,"height":300,"mimeType":"image\/png","sourceUrl":"https:\/\/www.panoramamoveis.com.br\/blog-wp\/wp-content\/uploads\/2021\/11\/PINTEREST-169x300.png"},"large":{"file":"PINTEREST-576x1024.png","width":576,"height":1024,"mimeType":"image\/png","sourceUrl":"https:\/\/www.panoramamoveis.com.br\/blog-wp\/wp-content\/uploads\/2021\/11\/PINTEREST-576x1024.png"},"thumbnail":{"file":"PINTEREST-150x150.png","width":150,"height":150,"mimeType":"image\/png","sourceUrl":"https:\/\/www.panoramamoveis.com.br\/blog-wp\/wp-content\/uploads\/2021\/11\/PINTEREST-150x150.png"},"medium_large":{"file":"PINTEREST-768x1365.png","width":768,"height":1365,"mimeType":"image\/png","sourceUrl":"https:\/\/www.panoramamoveis.com.br\/blog-wp\/wp-content\/uploads\/2021\/11\/PINTEREST-768x1365.png"},"1536x1536":{"file":"PINTEREST-864x1536.png","width":864,"height":1536,"mimeType":"image\/png","sourceUrl":"https:\/\/www.panoramamoveis.com.br\/blog-wp\/wp-content\/uploads\/2021\/11\/PINTEREST-864x1536.png"},"2048x2048":{"file":"PINTEREST-1152x2048.png","width":1152,"height":2048,"mimeType":"image\/png","sourceUrl":"https:\/\/www.panoramamoveis.com.br\/blog-wp\/wp-content\/uploads\/2021\/11\/PINTEREST-1152x2048.png"},"post-thumbnail":{"file":"PINTEREST-1200x2133.png","width":1200,"height":2133,"mimeType":"image\/png","sourceUrl":"https:\/\/www.panoramamoveis.com.br\/blog-wp\/wp-content\/uploads\/2021\/11\/PINTEREST-1200x2133.png"},"twentytwenty-fullscreen":{"file":"PINTEREST-1980x3520.png","width":1980,"height":3520,"mimeType":"image\/png","sourceUrl":"https:\/\/www.panoramamoveis.com.br\/blog-wp\/wp-content\/uploads\/2021\/11\/PINTEREST-1980x3520.png"},"web-stories-poster-portrait":{"file":"PINTEREST-640x853.png","width":640,"height":853,"mimeType":"image\/png","sourceUrl":"https:\/\/www.panoramamoveis.com.br\/blog-wp\/wp-content\/uploads\/2021\/11\/PINTEREST-640x853.png"},"web-stories-publisher-logo":{"file":"PINTEREST-96x96.png","width":96,"height":96,"mimeType":"image\/png","sourceUrl":"https:\/\/www.panoramamoveis.com.br\/blog-wp\/wp-content\/uploads\/2021\/11\/PINTEREST-96x96.png"},"web-stories-thumbnail":{"file":"PINTEREST-150x267.png","width":150,"height":267,"mimeType":"image\/png","sourceUrl":"https:\/\/www.panoramamoveis.com.br\/blog-wp\/wp-content\/uploads\/2021\/11\/PINTEREST-150x267.png"},"full":{"file":"PINTEREST.png","width":3240,"height":5760,"mimeType":"image\/png","sourceUrl":"https:\/\/www.panoramamoveis.com.br\/blog-wp\/wp-content\/uploads\/2021\/11\/PINTEREST.png"}},"isPlaceholder":false,"isOptimized":false,"isMuted":false,"isExternal":false,"provider":"local"},"type":"image","x":160,"y":359,"width":61,"height":97,"mask":{"type":"rectangle","showInLibrary":true,"name":"Ret\u00e2ngulo","path":"M 0,0 1,0 1,1 0,1 0,0 Z","ratio":1,"supportsBorder":true},"id":"06e3e78d-2ac9-4d6a-8a24-73b6ea35f6a5","link":{"url":"https:\/\/br.pinterest.com\/panoramamoveis\/_shop\/ ","icon":null,"desc":null}},{"opacity":100,"flip":{"vertical":false,"horizontal":false},"rotationAngle":0,"lockAspectRatio":true,"backgroundTextMode":"FILL","font":{"family":"Roboto"},"fontSize":20,"backgroundColor":{"color":{"r":163,"g":0,"b":3,"a":1}},"lineHeight":1.2,"textAlign":"center","padding":{"locked":true,"hasHiddenPadding":true,"horizontal":8,"vertical":4},"type":"text","content":"<span style=\"font-weight: 700; color: #fff\">CONTE\u00daDO PARA VOC\u00ca TRANSFORMAR TODA A SUA CASA<\/span>","borderRadius":{"locked":true,"topLeft":2,"topRight":2,"bottomRight":2,"bottomLeft":2},"x":38,"y":466,"width":326,"height":79,"id":"95494a0a-d0a6-41e1-9b1b-3c6e7d42a128"}],"animations":[],"backgroundColor":{"color":{"r":255,"g":255,"b":255}},"type":"page","id":"ed2148c0-dd36-4583-9881-6e026d7c8ebd","defaultBackgroundElement":{"opacity":100,"flip":{"vertical":false,"horizontal":false},"rotationAngle":0,"lockAspectRatio":true,"x":1,"y":1,"width":1,"height":1,"mask":{"type":"rectangle"},"isBackground":true,"isDefaultBackground":true,"type":"shape","id":"a8c80173-9ac5-4023-87d5-f08fb27f6c35"}},{"elements":[{"opacity":100,"flip":{"vertical":false,"horizontal":false},"rotationAngle":0,"lockAspectRatio":true,"x":48,"y":0,"width":330,"height":586,"mask":{"type":"rectangle"},"isBackground":true,"type":"image","id":"edc5d4dd-104c-46e2-8704-456eea40e721","scale":100,"focalX":50,"focalY":50,"resource":{"baseColor":"#aa0404","type":"image","mimeType":"image\/jpeg","creationDate":"2021-12-15T19:42:20","src":"https:\/\/www.panoramamoveis.com.br\/blog-wp\/wp-content\/uploads\/2021\/12\/Panorama-escrivaninha-9.jpg","width":1080,"height":1920,"id":3286,"alt":"Panorama escrivaninha (9)","sizes":{"medium":{"file":"Panorama-escrivaninha-9-169x300.jpg","width":169,"height":300,"mimeType":"image\/jpeg","sourceUrl":"https:\/\/www.panoramamoveis.com.br\/blog-wp\/wp-content\/uploads\/2021\/12\/Panorama-escrivaninha-9-169x300.jpg"},"large":{"file":"Panorama-escrivaninha-9-576x1024.jpg","width":576,"height":1024,"mimeType":"image\/jpeg","sourceUrl":"https:\/\/www.panoramamoveis.com.br\/blog-wp\/wp-content\/uploads\/2021\/12\/Panorama-escrivaninha-9-576x1024.jpg"},"thumbnail":{"file":"Panorama-escrivaninha-9-150x150.jpg","width":150,"height":150,"mimeType":"image\/jpeg","sourceUrl":"https:\/\/www.panoramamoveis.com.br\/blog-wp\/wp-content\/uploads\/2021\/12\/Panorama-escrivaninha-9-150x150.jpg"},"medium_large":{"file":"Panorama-escrivaninha-9-768x1365.jpg","width":768,"height":1365,"mimeType":"image\/jpeg","sourceUrl":"https:\/\/www.panoramamoveis.com.br\/blog-wp\/wp-content\/uploads\/2021\/12\/Panorama-escrivaninha-9-768x1365.jpg"},"1536x1536":{"file":"Panorama-escrivaninha-9-864x1536.jpg","width":864,"height":1536,"mimeType":"image\/jpeg","sourceUrl":"https:\/\/www.panoramamoveis.com.br\/blog-wp\/wp-content\/uploads\/2021\/12\/Panorama-escrivaninha-9-864x1536.jpg"},"web-stories-poster-portrait":{"file":"Panorama-escrivaninha-9-640x853.jpg","width":640,"height":853,"mimeType":"image\/jpeg","sourceUrl":"https:\/\/www.panoramamoveis.com.br\/blog-wp\/wp-content\/uploads\/2021\/12\/Panorama-escrivaninha-9-640x853.jpg"},"web-stories-publisher-logo":{"file":"Panorama-escrivaninha-9-96x96.jpg","width":96,"height":96,"mimeType":"image\/jpeg","sourceUrl":"https:\/\/www.panoramamoveis.com.br\/blog-wp\/wp-content\/uploads\/2021\/12\/Panorama-escrivaninha-9-96x96.jpg"},"web-stories-thumbnail":{"file":"Panorama-escrivaninha-9-150x267.jpg","width":150,"height":267,"mimeType":"image\/jpeg","sourceUrl":"https:\/\/www.panoramamoveis.com.br\/blog-wp\/wp-content\/uploads\/2021\/12\/Panorama-escrivaninha-9-150x267.jpg"},"full":{"file":"Panorama-escrivaninha-9.jpg","width":1080,"height":1920,"mimeType":"image\/jpeg","sourceUrl":"https:\/\/www.panoramamoveis.com.br\/blog-wp\/wp-content\/uploads\/2021\/12\/Panorama-escrivaninha-9.jpg"}},"isPlaceholder":false,"isOptimized":false,"isMuted":false,"isExternal":false,"needsProxy":false,"provider":"local"}},{"opacity":100,"flip":{"vertical":false,"horizontal":false},"rotationAngle":0,"lockAspectRatio":true,"backgroundTextMode":"NONE","font":{"family":"Anton"},"fontSize":40,"backgroundColor":{"color":{"r":196,"g":196,"b":196}},"lineHeight":1,"textAlign":"center","padding":{"horizontal":0,"vertical":0},"width":300,"height":140,"content":"<span style=\"color: #e23b40\">Voc\u00ea tamb\u00e9m pode gostar desses artigos:&nbsp;<\/span>","type":"text","marginOffset":0,"basedOn":"ea464837-bf0a-41b7-b279-dd02dd565399","x":56,"y":8,"id":"12cac4a5-6139-4484-a353-9f265d6930f8","link":null},{"opacity":100,"flip":{"vertical":false,"horizontal":false},"rotationAngle":0,"lockAspectRatio":true,"scale":100,"focalX":50,"focalY":50,"resource":{"baseColor":"#baab9f","blurHash":"U7LNPl004TIo_NW.wzxY00%2tlM{RqM{E1xu","type":"image","mimeType":"image\/png","creationDate":"2022-06-27T23:27:51","src":"https:\/\/www.panoramamoveis.com.br\/blog-wp\/wp-content\/uploads\/2022\/06\/DECORAC\u0327A\u0303O-DE-PAREDE-.png","width":640,"height":853,"id":5941,"alt":"DECORAC\u0327A\u0303O DE PAREDE","sizes":{"medium":{"file":"DECORAC\u0327A\u0303O-DE-PAREDE--225x300.png","width":225,"height":300,"filesize":75023,"mimeType":"image\/png","sourceUrl":"https:\/\/www.panoramamoveis.com.br\/blog-wp\/wp-content\/uploads\/2022\/06\/DECORAC\u0327A\u0303O-DE-PAREDE--225x300.png"},"thumbnail":{"file":"DECORAC\u0327A\u0303O-DE-PAREDE--150x150.png","width":150,"height":150,"filesize":26374,"mimeType":"image\/png","sourceUrl":"https:\/\/www.panoramamoveis.com.br\/blog-wp\/wp-content\/uploads\/2022\/06\/DECORAC\u0327A\u0303O-DE-PAREDE--150x150.png"},"web-stories-publisher-logo":{"file":"DECORAC\u0327A\u0303O-DE-PAREDE--96x96.png","width":96,"height":96,"filesize":11787,"mimeType":"image\/png","sourceUrl":"https:\/\/www.panoramamoveis.com.br\/blog-wp\/wp-content\/uploads\/2022\/06\/DECORAC\u0327A\u0303O-DE-PAREDE--96x96.png"},"web-stories-thumbnail":{"file":"DECORAC\u0327A\u0303O-DE-PAREDE--150x200.png","width":150,"height":200,"filesize":35145,"mimeType":"image\/png","sourceUrl":"https:\/\/www.panoramamoveis.com.br\/blog-wp\/wp-content\/uploads\/2022\/06\/DECORAC\u0327A\u0303O-DE-PAREDE--150x200.png"},"full":{"file":"DECORAC\u0327A\u0303O-DE-PAREDE-.png","width":640,"height":853,"mimeType":"image\/png","sourceUrl":"https:\/\/www.panoramamoveis.com.br\/blog-wp\/wp-content\/uploads\/2022\/06\/DECORAC\u0327A\u0303O-DE-PAREDE-.png"}},"isPlaceholder":false,"isOptimized":false,"isMuted":false,"isExternal":false,"needsProxy":false},"type":"image","x":56,"y":187,"width":146,"height":150,"mask":{"type":"rectangle","showInLibrary":true,"name":"Ret\u00e2ngulo","path":"M 0,0 1,0 1,1 0,1 0,0 Z","ratio":1,"supportsBorder":true},"id":"51e3ffb3-8b33-4918-a008-89f5977154a7","link":{"needsProxy":false,"url":"https:\/\/www.panoramamoveis.com.br\/blog-wp\/web-stories\/a-historia-do-acidente-nuclear-de-fukushima-i\/","rel":[],"type":"regular","pageId":null,"icon":"","desc":""}},{"opacity":100,"flip":{"vertical":false,"horizontal":false},"rotationAngle":0,"lockAspectRatio":true,"scale":100,"focalX":50,"focalY":50,"resource":{"baseColor":"#ccc4be","blurHash":"UZOWg6D%X9IU~qM_oyWA.8%MsmoeSOozM{oz","type":"image","mimeType":"image\/png","creationDate":"2022-07-17T14:39:25","src":"https:\/\/www.panoramamoveis.com.br\/blog-wp\/wp-content\/uploads\/2022\/07\/CAPA-PAPEL-DE-PAREDE.png","width":640,"height":853,"id":6274,"alt":"CAPA - PAPEL DE PAREDE","sizes":{"medium":{"file":"CAPA-PAPEL-DE-PAREDE-225x300.png","width":225,"height":300,"filesize":79890,"mimeType":"image\/png","sourceUrl":"https:\/\/www.panoramamoveis.com.br\/blog-wp\/wp-content\/uploads\/2022\/07\/CAPA-PAPEL-DE-PAREDE-225x300.png"},"thumbnail":{"file":"CAPA-PAPEL-DE-PAREDE-150x150.png","width":150,"height":150,"filesize":31347,"mimeType":"image\/png","sourceUrl":"https:\/\/www.panoramamoveis.com.br\/blog-wp\/wp-content\/uploads\/2022\/07\/CAPA-PAPEL-DE-PAREDE-150x150.png"},"web-stories-publisher-logo":{"file":"CAPA-PAPEL-DE-PAREDE-96x96.png","width":96,"height":96,"filesize":14198,"mimeType":"image\/png","sourceUrl":"https:\/\/www.panoramamoveis.com.br\/blog-wp\/wp-content\/uploads\/2022\/07\/CAPA-PAPEL-DE-PAREDE-96x96.png"},"web-stories-thumbnail":{"file":"CAPA-PAPEL-DE-PAREDE-150x200.png","width":150,"height":200,"filesize":37672,"mimeType":"image\/png","sourceUrl":"https:\/\/www.panoramamoveis.com.br\/blog-wp\/wp-content\/uploads\/2022\/07\/CAPA-PAPEL-DE-PAREDE-150x200.png"},"full":{"file":"CAPA-PAPEL-DE-PAREDE.png","width":640,"height":853,"mimeType":"image\/png","sourceUrl":"https:\/\/www.panoramamoveis.com.br\/blog-wp\/wp-content\/uploads\/2022\/07\/CAPA-PAPEL-DE-PAREDE.png"}},"isPlaceholder":false,"isOptimized":false,"isMuted":false,"isExternal":false,"needsProxy":false},"type":"image","x":52,"y":365,"width":154,"height":150,"mask":{"type":"rectangle","showInLibrary":true,"name":"Ret\u00e2ngulo","path":"M 0,0 1,0 1,1 0,1 0,0 Z","ratio":1,"supportsBorder":true},"id":"459f6827-372a-4729-8f4e-92258d2eb1bc","link":{"needsProxy":false,"url":"https:\/\/www.panoramamoveis.com.br\/blog-wp\/web-stories\/a-historia-do-acidente-nuclear-de-fukushima-i\/","rel":[],"type":"regular","pageId":null,"icon":"https:\/\/www.panoramamoveis.com.br\/blog-wp\/wp-content\/uploads\/2025\/02\/cropped-pesquisador-em-traje-de-protecao-coletando-lixo-plastico-em-saco-de-lixo-preto-ao-ar-livre-em-um-dia-ensolarado_651396-1844.jpg","desc":"https:\/\/www.panoramamoveis.com.br\/blog-wp\/web-stories\/como-identificar-sites-seguro-para-comprar\/"}},{"opacity":100,"flip":{"vertical":false,"horizontal":false},"rotationAngle":0,"lockAspectRatio":true,"scale":100,"focalX":50,"focalY":50,"resource":{"baseColor":"#d0c1b7","type":"image","mimeType":"image\/png","creationDate":"2021-09-24T21:09:53","src":"https:\/\/www.panoramamoveis.com.br\/blog-wp\/wp-content\/uploads\/2021\/09\/panorama-sem-fundo.png","width":500,"height":500,"id":451,"alt":"panorama sem fundo","sizes":{"medium":{"file":"panorama-sem-fundo-300x300.png","width":300,"height":300,"mimeType":"image\/png","sourceUrl":"https:\/\/www.panoramamoveis.com.br\/blog-wp\/wp-content\/uploads\/2021\/09\/panorama-sem-fundo-300x300.png"},"thumbnail":{"file":"panorama-sem-fundo-150x150.png","width":150,"height":150,"mimeType":"image\/png","sourceUrl":"https:\/\/www.panoramamoveis.com.br\/blog-wp\/wp-content\/uploads\/2021\/09\/panorama-sem-fundo-150x150.png"},"web-stories-publisher-logo":{"file":"panorama-sem-fundo-96x96.png","width":96,"height":96,"mimeType":"image\/png","sourceUrl":"https:\/\/www.panoramamoveis.com.br\/blog-wp\/wp-content\/uploads\/2021\/09\/panorama-sem-fundo-96x96.png"},"web-stories-thumbnail":{"file":"panorama-sem-fundo-150x150.png","width":150,"height":150,"mimeType":"image\/png","sourceUrl":"https:\/\/www.panoramamoveis.com.br\/blog-wp\/wp-content\/uploads\/2021\/09\/panorama-sem-fundo-150x150.png"},"full":{"file":"panorama-sem-fundo.png","width":500,"height":500,"mimeType":"image\/png","sourceUrl":"https:\/\/www.panoramamoveis.com.br\/blog-wp\/wp-content\/uploads\/2021\/09\/panorama-sem-fundo.png"}},"isPlaceholder":false,"isOptimized":false,"isMuted":false,"provider":"local","isExternal":false},"width":221,"height":221,"mask":{"type":"rectangle","showInLibrary":true,"name":"Rectangle","path":"M 0,0 1,0 1,1 0,1 0,0 Z","ratio":1,"supportsBorder":true},"type":"image","basedOn":"35f0f6c3-9f2b-45cf-aba7-b81f2778a037","x":96,"y":469,"link":null,"id":"7199a5ac-5069-4b90-90e8-13dd14ebf50c"},{"opacity":100,"flip":{"vertical":false,"horizontal":false},"rotationAngle":0,"lockAspectRatio":true,"backgroundTextMode":"NONE","font":{"family":"Roboto"},"fontSize":22,"backgroundColor":{"color":{"r":196,"g":196,"b":196}},"lineHeight":1.2,"textAlign":"left","padding":{"locked":true,"hasHiddenPadding":false,"horizontal":0,"vertical":0},"content":"<span style=\"font-weight: 700; color: #fff\">A Hist\u00f3ria do Acidente Nuclear de Fukushima I<\/span>","borderRadius":{"locked":true,"topLeft":2,"topRight":2,"bottomRight":2,"bottomLeft":2},"x":220,"y":209,"width":152,"height":105,"marginOffset":0.5625,"link":{"needsProxy":false,"url":"https:\/\/www.panoramamoveis.com.br\/blog-wp\/web-stories\/a-historia-do-acidente-nuclear-de-fukushima-i\/","rel":[],"type":"regular","pageId":null,"icon":"https:\/\/www.panoramamoveis.com.br\/blog-wp\/wp-content\/uploads\/2025\/02\/cropped-pesquisador-em-traje-de-protecao-coletando-lixo-plastico-em-saco-de-lixo-preto-ao-ar-livre-em-um-dia-ensolarado_651396-1844.jpg","desc":"A Hist\u00f3ria do Acidente Nuclear de Fukushima I - Blog Panorama M\u00f3veis"},"basedOn":"89d00239-a8ce-419a-86c0-5da87df26329","id":"54ef6abd-31d1-4892-a7ba-19de1de2f467","type":"text"},{"opacity":100,"flip":{"vertical":false,"horizontal":false},"rotationAngle":0,"lockAspectRatio":true,"backgroundTextMode":"NONE","font":{"family":"Roboto"},"fontSize":22,"backgroundColor":{"color":{"r":196,"g":196,"b":196}},"lineHeight":1.2,"textAlign":"left","padding":{"locked":true,"hasHiddenPadding":false,"horizontal":0,"vertical":0},"content":"<span style=\"font-weight: 700; color: #fff\">Como identificar sites seguros para comprar<\/span>","borderRadius":{"locked":true,"topLeft":2,"topRight":2,"bottomRight":2,"bottomLeft":2},"x":220,"y":388,"width":136,"height":105,"marginOffset":0.5625,"link":{"needsProxy":false,"url":"https:\/\/www.panoramamoveis.com.br\/blog-wp\/web-stories\/como-identificar-sites-seguro-para-comprar\/","rel":[],"type":"regular","pageId":null,"icon":"","desc":""},"basedOn":"89d00239-a8ce-419a-86c0-5da87df26329","id":"2e9e818e-1985-44fa-a446-09e4865c2d3a","type":"text"}],"animations":[{"targets":["12cac4a5-6139-4484-a353-9f265d6930f8"],"id":"486d8ff1-6297-4392-a3d6-e1e0f94546b2","type":"effect-fly-in","flyInDir":"topToBottom","duration":1000,"delay":600}],"backgroundColor":{"color":{"r":255,"g":255,"b":255}},"type":"page","id":"15c6a3b3-fc56-492b-899e-57483815b90a","defaultBackgroundElement":{"opacity":100,"flip":{"vertical":false,"horizontal":false},"rotationAngle":0,"lockAspectRatio":true,"x":1,"y":1,"width":1,"height":1,"mask":{"type":"rectangle"},"isBackground":true,"isDefaultBackground":true,"type":"shape","id":"ef7dcffa-b120-44c3-845e-2314d51819c1"}}],"fonts":{"Anton":{"family":"Anton","fallbacks":["sans-serif"],"weights":[400],"styles":["regular"],"variants":[[0,400]],"service":"fonts.google.com","metrics":{"upm":2048,"asc":2409,"des":-674,"tAsc":2409,"tDes":-674,"tLGap":0,"wAsc":2876,"wDes":674,"xH":1500,"capH":1760,"yMin":-667,"yMax":2874,"hAsc":2409,"hDes":-674,"lGap":0}},"Oswald":{"family":"Oswald","fallbacks":["sans-serif"],"weights":[200,300,400,500,600,700],"styles":["regular"],"variants":[[0,200],[0,300],[0,400],[0,500],[0,600],[0,700]],"service":"fonts.google.com","metrics":{"upm":1000,"asc":1193,"des":-289,"tAsc":1193,"tDes":-289,"tLGap":0,"wAsc":1325,"wDes":377,"xH":578,"capH":810,"yMin":-287,"yMax":1297,"hAsc":1193,"hDes":-289,"lGap":0}},"Roboto":{"family":"Roboto","fallbacks":["sans-serif"],"weights":[100,300,400,500,700,900],"styles":["italic","regular"],"variants":[[0,100],[1,100],[0,300],[1,300],[0,400],[1,400],[0,500],[1,500],[0,700],[1,700],[0,900],[1,900]],"service":"fonts.google.com","metrics":{"upm":2048,"asc":1900,"des":-500,"tAsc":1536,"tDes":-512,"tLGap":102,"wAsc":1946,"wDes":512,"xH":1082,"capH":1456,"yMin":-555,"yMax":2163,"hAsc":1900,"hDes":-500,"lGap":0}}},"autoAdvance":true,"defaultPageDuration":7,"currentStoryStyles":{"colors":[{"color":{"r":163,"g":0,"b":3,"a":1}}]}},"story_poster":{"id":66460,"url":"https:\/\/www.panoramamoveis.com.br\/blog-wp\/wp-content\/uploads\/2025\/03\/cropped-afroamerican-masculino-vestindo-mascara-medica_23-2148508980.jpg","width":640,"height":853,"needsProxy":false},"_links":{"self":[{"href":"https:\/\/www.panoramamoveis.com.br\/blog-wp\/wp-json\/web-stories\/v1\/web-story\/66458","targetHints":{"allow":["GET"]}}],"collection":[{"href":"https:\/\/www.panoramamoveis.com.br\/blog-wp\/wp-json\/web-stories\/v1\/web-story"}],"about":[{"href":"https:\/\/www.panoramamoveis.com.br\/blog-wp\/wp-json\/wp\/v2\/types\/web-story"}],"author":[{"embeddable":true,"href":"https:\/\/www.panoramamoveis.com.br\/blog-wp\/wp-json\/web-stories\/v1\/users\/1"}],"version-history":[{"count":10,"href":"https:\/\/www.panoramamoveis.com.br\/blog-wp\/wp-json\/web-stories\/v1\/web-story\/66458\/revisions"}],"predecessor-version":[{"id":66890,"href":"https:\/\/www.panoramamoveis.com.br\/blog-wp\/wp-json\/web-stories\/v1\/web-story\/66458\/revisions\/66890"}],"wp:featuredmedia":[{"embeddable":true,"href":"https:\/\/www.panoramamoveis.com.br\/blog-wp\/wp-json\/web-stories\/v1\/media\/66460"}],"wp:attachment":[{"href":"https:\/\/www.panoramamoveis.com.br\/blog-wp\/wp-json\/web-stories\/v1\/media?parent=66458"}],"wp:term":[{"taxonomy":"web_story_category","embeddable":true,"href":"https:\/\/www.panoramamoveis.com.br\/blog-wp\/wp-json\/web-stories\/v1\/web_story_category?post=66458"},{"taxonomy":"web_story_tag","embeddable":true,"href":"https:\/\/www.panoramamoveis.com.br\/blog-wp\/wp-json\/web-stories\/v1\/web_story_tag?post=66458"}],"wp:lock":[{"embeddable":true,"href":"https:\/\/www.panoramamoveis.com.br\/blog-wp\/wp-json\/web-stories\/v1\/web-story\/66458\/lock"}],"wp:publisherlogo":[{"embeddable":true,"href":"https:\/\/www.panoramamoveis.com.br\/blog-wp\/wp-json\/web-stories\/v1\/media\/20"}],"curies":[{"name":"wp","href":"https:\/\/api.w.org\/{rel}","templated":true}]}}