{"id":65579,"date":"2025-03-06T06:30:00","date_gmt":"2025-03-06T09:30:00","guid":{"rendered":"https:\/\/www.panoramamoveis.com.br\/blog-wp\/?post_type=web-story&#038;p=65579"},"modified":"2025-02-21T17:12:07","modified_gmt":"2025-02-21T20:12:07","slug":"como-atrair-passarinhos-para-o-seu-quintal","status":"publish","type":"web-story","link":"https:\/\/www.panoramamoveis.com.br\/blog-wp\/web-stories\/como-atrair-passarinhos-para-o-seu-quintal\/","title":{"rendered":"Como atrair Passarinhos para o seu quintal"},"content":{"rendered":"<p><html amp=\"\" lang=\"en\"><head><meta charSet=\"utf-8\"\/><meta name=\"viewport\" content=\"width=device-width,minimum-scale=1,initial-scale=1\"\/><script async=\"\" src=\"https:\/\/cdn.ampproject.org\/v0.js\"><\/script><script async=\"\" src=\"https:\/\/cdn.ampproject.org\/v0\/amp-story-1.0.js\" custom-element=\"amp-story\"><\/script><link href=\"https:\/\/fonts.googleapis.com\/css2?display=swap&amp;family=Anton&amp;family=Oswald%3Awght%40400%3B700&amp;family=Roboto%3Awght%40700\" rel=\"stylesheet\"\/><link href=\"https:\/\/www.panoramamoveis.com.br\/blog-wp\/wp-content\/uploads\/2022\/07\/ESPELHOS-PG1.png\" rel=\"preload\" as=\"image\"\/>\n<style amp-boilerplate=\"\">body{-webkit-animation:-amp-start 8s steps(1,end) 0s 1 normal both;-moz-animation:-amp-start 8s steps(1,end) 0s 1 normal both;-ms-animation:-amp-start 8s steps(1,end) 0s 1 normal both;animation:-amp-start 8s steps(1,end) 0s 1 normal both}@-webkit-keyframes -amp-start{from{visibility:hidden}to{visibility:visible}}@-moz-keyframes -amp-start{from{visibility:hidden}to{visibility:visible}}@-ms-keyframes -amp-start{from{visibility:hidden}to{visibility:visible}}@-o-keyframes -amp-start{from{visibility:hidden}to{visibility:visible}}@keyframes -amp-start{from{visibility:hidden}to{visibility:visible}}<\/style>\n<p><noscript><\/p>\n<style amp-boilerplate=\"\">body{-webkit-animation:none;-moz-animation:none;-ms-animation:none;animation:none}<\/style>\n<p><\/noscript><\/p>\n<style amp-custom=\"\">\n              h1, h2, h3 { font-weight: normal; }<\/p>\n<p>              amp-story-page {\n                background-color: #131516;\n              }<\/p>\n<p>              amp-story-grid-layer {\n                overflow: visible;\n              }<\/p>\n<p>              @media (max-aspect-ratio: 9 \/ 16)  {\n                @media (min-aspect-ratio: 320 \/ 678) {\n                  amp-story-grid-layer.grid-layer {\n                    margin-top: calc((100% \/ 0.5625 - 100% \/ 0.6666666666666666) \/ 2);\n                  }\n                }\n              }<\/p>\n<p>              @media not all and (min-resolution:.001dpcm) {\n                @media {\n                  p.text-wrapper > span {\n                    font-size: calc(100% - 0.5px);\n                  }\n                }\n              }<\/p>\n<p>              .page-fullbleed-area,\n              .page-background-overlay-area {\n                position: absolute;\n                overflow: hidden;\n                width: 100%;\n                left: 0;\n                height: calc(1.1851851851851851 * 100%);\n                top: calc((1 - 1.1851851851851851) * 100% \/ 2);\n              }<\/p>\n<p>              .element-overlay-area {\n                position: absolute;\n                width: 100%;\n                height: 100%;\n                top: 0;\n                left: 0;\n              }<\/p>\n<p>              .page-safe-area {\n                overflow: visible;\n                position: absolute;\n                top: 0;\n                bottom: 0;\n                left: 0;\n                right: 0;\n                width: 100%;\n                height: calc(0.84375 * 100%);\n                margin: auto 0;\n              }<\/p>\n<p>              .mask {\n                position: absolute;\n                overflow: hidden;\n              }<\/p>\n<p>              .fill {\n                position: absolute;\n                top: 0;\n                left: 0;\n                right: 0;\n                bottom: 0;\n                margin: 0;\n              }<\/p>\n<p>              @media (prefers-reduced-motion: no-preference) {\n                .animation-wrapper {\n                  opacity: var(--initial-opacity);\n                  transform: var(--initial-transform);\n                }\n              }<\/p>\n<p>              amp-story-grid-layer.align-bottom {\n                align-content: end;\n                padding: 0;\n                \/*\n                  AMP CTA Layer will exactly occupy 74px regardless of any device.\n                  To space out captions 74px from the BOTTOM (AMP CTA Layer),\n                  74px from the TOP should also be spaced out and thus: 2 * 74px\n                  will be the desired max-height.\n                *\/\n                max-height: calc(100vh - (2 * 74px));\n              }<\/p>\n<p>              .captions-area {\n                padding: 0 32px 0;\n              }<\/p>\n<p>              amp-story-captions {\n                margin-bottom: 16px;\n                text-align: center;\n              }<\/p>\n<p>              amp-story-audio-sticker {\n                height: 100%;\n              }<\/p>\n<p>              .audio-sticker {\n                font-family: -apple-system, BlinkMacSystemFont, 'Segoe UI', Roboto, Oxygen-Sans, Ubuntu, Cantarell, 'Helvetica Neue', sans-serif;\n              }\n              <\/style>\n<p><meta name=\"web-stories-replace-head-start\"\/><title>Como atrair Passarinhos para o seu quintal<\/title><link rel=\"canonical\" href=\"https:\/\/www.panoramamoveis.com.br\/blog-wp\/?post_type=web-story&amp;p=65579\"\/><meta name=\"web-stories-replace-head-end\"\/><\/head><body><amp-story standalone=\"\" publisher=\"Blog Panorama M\u00f3veis\" publisher-logo-src=\"https:\/\/www.panoramamoveis.com.br\/blog-wp\/wp-content\/uploads\/2021\/09\/webstories-logo.jpg\" title=\"Como atrair Passarinhos para o seu quintal\" poster-portrait-src=\"https:\/\/www.panoramamoveis.com.br\/blog-wp\/wp-content\/uploads\/2025\/02\/cropped-papagaio-exotico-na-selva_1385-1417.jpg\"><amp-story-page id=\"5087ac86-4e77-42ae-a3bc-6de766d977a9\" auto-advance-after=\"7s\"><amp-story-grid-layer template=\"vertical\" aspect-ratio=\"412:618\" class=\"grid-layer\"><\/p>\n<div class=\"page-fullbleed-area\" style=\"background-color:#8a1b18\">\n<div class=\"page-safe-area\">\n<div style=\"position:absolute;pointer-events:none;left:0;top:-9.25926%;width:100%;height:118.51852%;opacity:1\">\n<div style=\"pointer-events:initial;width:100%;height:100%;display:block;position:absolute;top:0;left:0;z-index:0\" class=\"mask\" id=\"el-76f7f876-3d4c-4fb3-bb0d-58954ef2886c\">\n<div style=\"position:absolute;width:100%;height:100%;left:0%;top:0%\" data-leaf-element=\"true\"><amp-img layout=\"fill\" src=\"https:\/\/www.panoramamoveis.com.br\/blog-wp\/wp-content\/uploads\/2022\/07\/ESPELHOS-PG1.png\" alt=\"Sala com 3 espelhos redondos\" srcSet=\"https:\/\/www.panoramamoveis.com.br\/blog-wp\/wp-content\/uploads\/2022\/07\/ESPELHOS-PG1.png 1080w,https:\/\/www.panoramamoveis.com.br\/blog-wp\/wp-content\/uploads\/2022\/07\/ESPELHOS-PG1-864x1536.png 864w,https:\/\/www.panoramamoveis.com.br\/blog-wp\/wp-content\/uploads\/2022\/07\/ESPELHOS-PG1-768x1365.png 768w,https:\/\/www.panoramamoveis.com.br\/blog-wp\/wp-content\/uploads\/2022\/07\/ESPELHOS-PG1-576x1024.png 576w,https:\/\/www.panoramamoveis.com.br\/blog-wp\/wp-content\/uploads\/2022\/07\/ESPELHOS-PG1-169x300.png 169w,https:\/\/www.panoramamoveis.com.br\/blog-wp\/wp-content\/uploads\/2022\/07\/ESPELHOS-PG1-150x267.png 150w\" sizes=\"(min-width: 1024px) 45vh, 100vw\" disable-inline-width=\"true\"><\/amp-img><\/div>\n<\/div>\n<\/div>\n<\/div>\n<\/div>\n<p><\/amp-story-grid-layer><amp-story-grid-layer template=\"vertical\" aspect-ratio=\"412:618\" class=\"grid-layer\"><\/p>\n<div class=\"page-fullbleed-area\">\n<div class=\"page-safe-area\">\n<div style=\"position:absolute;pointer-events:none;left:6.31068%;top:13.43042%;width:87.13592%;height:62.45955%;opacity:1\">\n<div style=\"pointer-events:initial;width:100%;height:100%;display:block;position:absolute;top:0;left:0;z-index:0\" class=\"mask\" id=\"el-25bf57ca-9669-40a6-8df1-88d5b7874aba\">\n<div style=\"position:absolute;width:100%;height:140.01049%;left:0%;top:-20.00525%\" data-leaf-element=\"true\"><amp-img layout=\"fill\" src=\"https:\/\/www.panoramamoveis.com.br\/blog-wp\/wp-content\/uploads\/2025\/02\/passaro-multicolorido_181624-32550.jpg\" alt=\"passaro-multicolorido_181624-32550\" srcSet=\"https:\/\/www.panoramamoveis.com.br\/blog-wp\/wp-content\/uploads\/2025\/02\/passaro-multicolorido_181624-32550.jpg 740w,https:\/\/www.panoramamoveis.com.br\/blog-wp\/wp-content\/uploads\/2025\/02\/passaro-multicolorido_181624-32550-680x1024.jpg 680w,https:\/\/www.panoramamoveis.com.br\/blog-wp\/wp-content\/uploads\/2025\/02\/passaro-multicolorido_181624-32550-199x300.jpg 199w,https:\/\/www.panoramamoveis.com.br\/blog-wp\/wp-content\/uploads\/2025\/02\/passaro-multicolorido_181624-32550-150x226.jpg 150w\" sizes=\"(min-width: 1024px) 39vh, 87vw\" disable-inline-width=\"true\"><\/amp-img><\/div>\n<\/div>\n<\/div>\n<div style=\"position:absolute;pointer-events:none;left:12.37864%;top:83.65696%;width:75%;height:11.8123%;opacity:1\">\n<div style=\"pointer-events:initial;width:100%;height:100%;display:block;position:absolute;top:0;left:0;z-index:0;border-radius:0.6472491909385114% 0.6472491909385114% 0.6472491909385114% 0.6472491909385114% \/ 2.73972602739726% 2.73972602739726% 2.73972602739726% 2.73972602739726%;background-clip:content-box;background-color:rgba(163,0,3,0.7)\" id=\"el-bf7050a3-2269-4a18-991d-666bc73b2364\">\n<h3 class=\"fill text-wrapper\" style=\"white-space:pre-line;overflow-wrap:break-word;word-break:break-word;margin:1.1859071601941753% 0;font-family:&quot;Anton&quot;,sans-serif;font-size:0.388350em;line-height:1.2;text-align:center;padding:1.2944983818770228% 2.5889967637540456%;color:#000000\"><span><span style=\"color: #fff\">Confira tudo nesse web stories da Panorama m\u00f3veis<\/span><\/span><\/h3>\n<\/div>\n<\/div>\n<div style=\"position:absolute;pointer-events:none;left:11.65049%;top:69.41748%;width:78.8835%;height:12.29773%;opacity:1\">\n<div style=\"pointer-events:initial;width:100%;height:100%;display:block;position:absolute;top:0;left:0;z-index:0;border-radius:0.6153846153846154% 0.6153846153846154% 0.6153846153846154% 0.6153846153846154% \/ 2.631578947368421% 2.631578947368421% 2.631578947368421% 2.631578947368421%\" id=\"el-2582c9a8-b4e9-468b-b85d-7bd4cb1c4478\">\n<h3 class=\"fill text-wrapper\" style=\"white-space:pre-line;overflow-wrap:break-word;word-break:break-word;margin:0;font-family:&quot;Anton&quot;,sans-serif;font-size:0.388350em;line-height:calc(1em + 0.3333333333333333em);text-align:left;padding:0;color:#000000;background-color:rgba(163,0,3,0.6);background:none\"><span style=\"display:block;position:relative;left:0;top:0;margin:1.8659855769230769% 0;-webkit-box-decoration-break:clone;box-decoration-break:clone\"><span style=\"background-color:rgba(163,0,3,0.6);-webkit-box-decoration-break:clone;box-decoration-break:clone;position:relative;padding:1.2307692307692308% 2.4615384615384617%;text-align:left;border-radius:2px 2px 2px 2px;color:transparent\">Como atrair Passarinhos para o seu quintal<\/span><\/span><\/h3>\n<h3 class=\"fill text-wrapper\" style=\"white-space:pre-line;overflow-wrap:break-word;word-break:break-word;margin:0;font-family:&quot;Anton&quot;,sans-serif;font-size:0.388350em;line-height:calc(1em + 0.3333333333333333em);text-align:left;padding:0;color:#000000;background-color:rgba(163,0,3,0.6);background:none;position:absolute;top:0;left:0;right:0\" aria-hidden=\"true\"><span style=\"display:block;position:relative;left:0;top:0;margin:1.8659855769230769% 0;-webkit-box-decoration-break:clone;box-decoration-break:clone\"><span style=\"background-color:rgba(163,0,3,0.6);-webkit-box-decoration-break:clone;box-decoration-break:clone;position:relative;padding:1.2307692307692308% 2.4615384615384617%;text-align:left;border-radius:2px 2px 2px 2px;background:none\"><span style=\"color: #fff\">Como atrair Passarinhos para o seu quintal<\/span><\/span><\/span><\/h3>\n<\/div>\n<\/div>\n<\/div>\n<\/div>\n<p><\/amp-story-grid-layer><\/amp-story-page><amp-story-page id=\"3f4ac6be-21cd-4804-8c30-3ee2a9552928\" auto-advance-after=\"7s\"><amp-story-animation layout=\"nodisplay\" trigger=\"visibility\"><script type=\"application\/json\">[{\"selector\":\"#anim-e03b3c05-95cb-41f4-82dc-33c2cffe1ddc\",\"keyframes\":{\"opacity\":[0,1]},\"delay\":0,\"duration\":600,\"easing\":\"cubic-bezier(0.4, 0.4, 0.0, 1)\",\"fill\":\"both\"}]<\/script><\/amp-story-animation><amp-story-grid-layer template=\"vertical\" aspect-ratio=\"412:618\" class=\"grid-layer\"><\/p>\n<div class=\"page-fullbleed-area\" style=\"background-color:#d0c9c3\">\n<div class=\"page-safe-area\">\n<div style=\"position:absolute;pointer-events:none;left:0;top:-9.25926%;width:100%;height:118.51852%;opacity:1\">\n<div style=\"pointer-events:initial;width:100%;height:100%;display:block;position:absolute;top:0;left:0;z-index:0\" class=\"mask\" id=\"el-4fab43d4-4da3-4001-bb1a-9fe0916893c5\">\n<div style=\"position:absolute;width:100%;height:100%;left:0%;top:0%\" data-leaf-element=\"true\"><amp-img layout=\"fill\" src=\"https:\/\/www.panoramamoveis.com.br\/blog-wp\/wp-content\/uploads\/2022\/07\/ESPELHOS-PG4.png\" alt=\"sala com espelho ovalado em cima de bancada de madeira\" srcSet=\"https:\/\/www.panoramamoveis.com.br\/blog-wp\/wp-content\/uploads\/2022\/07\/ESPELHOS-PG4.png 1080w,https:\/\/www.panoramamoveis.com.br\/blog-wp\/wp-content\/uploads\/2022\/07\/ESPELHOS-PG4-864x1536.png 864w,https:\/\/www.panoramamoveis.com.br\/blog-wp\/wp-content\/uploads\/2022\/07\/ESPELHOS-PG4-768x1365.png 768w,https:\/\/www.panoramamoveis.com.br\/blog-wp\/wp-content\/uploads\/2022\/07\/ESPELHOS-PG4-576x1024.png 576w,https:\/\/www.panoramamoveis.com.br\/blog-wp\/wp-content\/uploads\/2022\/07\/ESPELHOS-PG4-169x300.png 169w,https:\/\/www.panoramamoveis.com.br\/blog-wp\/wp-content\/uploads\/2022\/07\/ESPELHOS-PG4-150x267.png 150w\" sizes=\"(min-width: 1024px) 45vh, 100vw\" disable-inline-width=\"true\"><\/amp-img><\/div>\n<\/div>\n<\/div>\n<\/div>\n<\/div>\n<p><\/amp-story-grid-layer><amp-story-grid-layer template=\"vertical\" aspect-ratio=\"412:618\" class=\"grid-layer\"><\/p>\n<div class=\"page-fullbleed-area\">\n<div class=\"page-safe-area\">\n<div style=\"position:absolute;pointer-events:none;left:11.8932%;top:-5.66343%;width:76.69903%;height:62.78317%;opacity:1\">\n<div style=\"pointer-events:initial;width:100%;height:100%;display:block;position:absolute;top:0;left:0;z-index:0\" class=\"mask\" id=\"el-a25f49dd-b189-4c99-a8f5-93037ee32f65\">\n<div style=\"position:absolute;width:100%;height:122.16495%;left:0%;top:-11.08248%\" data-leaf-element=\"true\"><amp-img layout=\"fill\" src=\"https:\/\/www.panoramamoveis.com.br\/blog-wp\/wp-content\/uploads\/2025\/02\/frutos-de-outono-pendurados-em-um-galho-de-arvore-no-jardim_114579-33327.jpg\" alt=\"frutos-de-outono-pendurados-em-um-galho-de-arvore-no-jardim_114579-33327\" srcSet=\"https:\/\/www.panoramamoveis.com.br\/blog-wp\/wp-content\/uploads\/2025\/02\/frutos-de-outono-pendurados-em-um-galho-de-arvore-no-jardim_114579-33327.jpg 740w,https:\/\/www.panoramamoveis.com.br\/blog-wp\/wp-content\/uploads\/2025\/02\/frutos-de-outono-pendurados-em-um-galho-de-arvore-no-jardim_114579-33327-683x1024.jpg 683w,https:\/\/www.panoramamoveis.com.br\/blog-wp\/wp-content\/uploads\/2025\/02\/frutos-de-outono-pendurados-em-um-galho-de-arvore-no-jardim_114579-33327-200x300.jpg 200w,https:\/\/www.panoramamoveis.com.br\/blog-wp\/wp-content\/uploads\/2025\/02\/frutos-de-outono-pendurados-em-um-galho-de-arvore-no-jardim_114579-33327-150x225.jpg 150w\" sizes=\"(min-width: 1024px) 35vh, 77vw\" disable-inline-width=\"true\"><\/amp-img><\/div>\n<\/div>\n<\/div>\n<div style=\"position:absolute;pointer-events:none;left:16.99029%;top:-8.41424%;width:13.59223%;height:16.82848%;transform:rotate(270deg);opacity:1\">\n<div style=\"pointer-events:initial;width:100%;height:100%;display:block;position:absolute;top:0;left:0;z-index:0\" class=\"mask\" id=\"el-77928504-5450-43f9-b2a2-db88218aa230\">\n<div style=\"position:absolute;width:104.46432%;height:100%;left:-2.23216%;top:0%\" data-leaf-element=\"true\"><amp-img layout=\"fill\" src=\"https:\/\/www.panoramamoveis.com.br\/blog-wp\/wp-content\/uploads\/2021\/11\/Panorama-Moveis-click-1.png\" alt=\"Panorama M\u00f3veis click (1)\" srcSet=\"https:\/\/www.panoramamoveis.com.br\/blog-wp\/wp-content\/uploads\/2021\/11\/Panorama-Moveis-click-1.png 3240w,https:\/\/www.panoramamoveis.com.br\/blog-wp\/wp-content\/uploads\/2021\/11\/Panorama-Moveis-click-1-1980x3520.png 1980w,https:\/\/www.panoramamoveis.com.br\/blog-wp\/wp-content\/uploads\/2021\/11\/Panorama-Moveis-click-1-1200x2133.png 1200w,https:\/\/www.panoramamoveis.com.br\/blog-wp\/wp-content\/uploads\/2021\/11\/Panorama-Moveis-click-1-1152x2048.png 1152w,https:\/\/www.panoramamoveis.com.br\/blog-wp\/wp-content\/uploads\/2021\/11\/Panorama-Moveis-click-1-864x1536.png 864w,https:\/\/www.panoramamoveis.com.br\/blog-wp\/wp-content\/uploads\/2021\/11\/Panorama-Moveis-click-1-768x1365.png 768w,https:\/\/www.panoramamoveis.com.br\/blog-wp\/wp-content\/uploads\/2021\/11\/Panorama-Moveis-click-1-576x1024.png 576w,https:\/\/www.panoramamoveis.com.br\/blog-wp\/wp-content\/uploads\/2021\/11\/Panorama-Moveis-click-1-169x300.png 169w,https:\/\/www.panoramamoveis.com.br\/blog-wp\/wp-content\/uploads\/2021\/11\/Panorama-Moveis-click-1-150x267.png 150w\" sizes=\"(min-width: 1024px) 6vh, 14vw\" disable-inline-width=\"true\"><\/amp-img><\/div>\n<\/div>\n<\/div>\n<div style=\"position:absolute;pointer-events:none;left:11.8932%;top:50%;width:75.97087%;height:7.11974%;opacity:1\">\n<div style=\"pointer-events:initial;width:100%;height:100%;display:block;position:absolute;top:0;left:0;z-index:0;border-radius:0.6389776357827476% 0.6389776357827476% 0.6389776357827476% 0.6389776357827476% \/ 4.545454545454546% 4.545454545454546% 4.545454545454546% 4.545454545454546%\" id=\"el-9e82a8ee-b0b9-456f-8816-b066d7a9815f\">\n<h3 class=\"fill text-wrapper\" style=\"white-space:pre-line;overflow-wrap:break-word;word-break:break-word;margin:0;font-family:&quot;Anton&quot;,sans-serif;font-size:0.388350em;line-height:calc(1em + 0.3333333333333333em);text-align:left;padding:0;color:#000000;background-color:rgba(163,0,3,0.6);background:none\"><span style=\"display:block;position:relative;left:0;top:0;margin:1.9375249600638977% 0;-webkit-box-decoration-break:clone;box-decoration-break:clone\"><span style=\"background-color:rgba(163,0,3,0.6);-webkit-box-decoration-break:clone;box-decoration-break:clone;position:relative;padding:1.2779552715654952% 2.5559105431309903%;text-align:left;border-radius:2px 2px 2px 2px;color:transparent\">Ofere\u00e7a Alimento Natural<\/span><\/span><\/h3>\n<h3 class=\"fill text-wrapper\" style=\"white-space:pre-line;overflow-wrap:break-word;word-break:break-word;margin:0;font-family:&quot;Anton&quot;,sans-serif;font-size:0.388350em;line-height:calc(1em + 0.3333333333333333em);text-align:left;padding:0;color:#000000;background-color:rgba(163,0,3,0.6);background:none;position:absolute;top:0;left:0;right:0\" aria-hidden=\"true\"><span style=\"display:block;position:relative;left:0;top:0;margin:1.9375249600638977% 0;-webkit-box-decoration-break:clone;box-decoration-break:clone\"><span style=\"background-color:rgba(163,0,3,0.6);-webkit-box-decoration-break:clone;box-decoration-break:clone;position:relative;padding:1.2779552715654952% 2.5559105431309903%;text-align:left;border-radius:2px 2px 2px 2px;background:none\"><span style=\"color: #fff\">Ofere\u00e7a Alimento Natural<\/span><\/span><\/span><\/h3>\n<\/div>\n<\/div>\n<div style=\"position:absolute;pointer-events:none;left:13.59223%;top:57.11974%;width:74.75728%;height:45.63107%;opacity:1\">\n<div id=\"anim-e03b3c05-95cb-41f4-82dc-33c2cffe1ddc\" class=\"animation-wrapper\" style=\"width:100%;height:100%;display:block;position:absolute;top:0;left:0;--initial-opacity:0;--initial-transform:none\">\n<div style=\"pointer-events:initial;width:100%;height:100%;display:block;position:absolute;top:0;left:0;z-index:0;border-radius:0.6493506493506493% 0.6493506493506493% 0.6493506493506493% 0.6493506493506493% \/ 0.7092198581560284% 0.7092198581560284% 0.7092198581560284% 0.7092198581560284%\" id=\"el-6102357c-5403-48b7-be82-f6d9b3fe6d71\">\n<h3 class=\"fill text-wrapper\" style=\"white-space:pre-line;overflow-wrap:break-word;word-break:break-word;margin:1.052922077922078% 0;font-family:&quot;Oswald&quot;,sans-serif;font-size:0.372168em;line-height:1.2;text-align:left;padding:0;color:#000000\"><span><span style=\"color: #f00\">Uma das melhores maneiras de atrair passarinhos para o seu quintal \u00e9 oferecer alimentos naturais.<\/span><\/p>\n<p><span style=\"color: #f00\">Contudo, lembre-se que diferentes esp\u00e9cies de p\u00e1ssaros t\u00eam gosto alimentares variados. Isso significa que se voc\u00ea quiser variar as esp\u00e9cies \u00e9 preciso variar o alimento.<\/span><\/p>\n<p><\/span><\/h3>\n<\/div>\n<\/div>\n<\/div>\n<\/div>\n<\/div>\n<p><\/amp-story-grid-layer><\/amp-story-page><amp-story-page id=\"35e803a5-528a-493c-a820-6997ce954d9a\" auto-advance-after=\"7s\"><amp-story-animation layout=\"nodisplay\" trigger=\"visibility\"><script type=\"application\/json\">[{\"selector\":\"#anim-8b04cbf3-6788-495b-8e42-fd47eace468e\",\"keyframes\":{\"opacity\":[0,1]},\"delay\":0,\"duration\":600,\"easing\":\"cubic-bezier(0.4, 0.4, 0.0, 1)\",\"fill\":\"both\"}]<\/script><\/amp-story-animation><amp-story-grid-layer template=\"vertical\" aspect-ratio=\"412:618\" class=\"grid-layer\"><\/p>\n<div class=\"page-fullbleed-area\" style=\"background-color:#d0c9c3\">\n<div class=\"page-safe-area\">\n<div style=\"position:absolute;pointer-events:none;left:0;top:-9.25926%;width:100%;height:118.51852%;opacity:1\">\n<div style=\"pointer-events:initial;width:100%;height:100%;display:block;position:absolute;top:0;left:0;z-index:0\" class=\"mask\" id=\"el-25de8763-be3f-40bc-9348-1b35d95ca3f7\">\n<div style=\"position:absolute;width:100%;height:100%;left:0%;top:0%\" data-leaf-element=\"true\"><amp-img layout=\"fill\" src=\"https:\/\/www.panoramamoveis.com.br\/blog-wp\/wp-content\/uploads\/2022\/07\/ESPELHOS-PG4.png\" alt=\"sala com espelho ovalado em cima de bancada de madeira\" srcSet=\"https:\/\/www.panoramamoveis.com.br\/blog-wp\/wp-content\/uploads\/2022\/07\/ESPELHOS-PG4.png 1080w,https:\/\/www.panoramamoveis.com.br\/blog-wp\/wp-content\/uploads\/2022\/07\/ESPELHOS-PG4-864x1536.png 864w,https:\/\/www.panoramamoveis.com.br\/blog-wp\/wp-content\/uploads\/2022\/07\/ESPELHOS-PG4-768x1365.png 768w,https:\/\/www.panoramamoveis.com.br\/blog-wp\/wp-content\/uploads\/2022\/07\/ESPELHOS-PG4-576x1024.png 576w,https:\/\/www.panoramamoveis.com.br\/blog-wp\/wp-content\/uploads\/2022\/07\/ESPELHOS-PG4-169x300.png 169w,https:\/\/www.panoramamoveis.com.br\/blog-wp\/wp-content\/uploads\/2022\/07\/ESPELHOS-PG4-150x267.png 150w\" sizes=\"(min-width: 1024px) 45vh, 100vw\" disable-inline-width=\"true\"><\/amp-img><\/div>\n<\/div>\n<\/div>\n<\/div>\n<\/div>\n<p><\/amp-story-grid-layer><amp-story-grid-layer template=\"vertical\" aspect-ratio=\"412:618\" class=\"grid-layer\"><\/p>\n<div class=\"page-fullbleed-area\">\n<div class=\"page-safe-area\">\n<div style=\"position:absolute;pointer-events:none;left:11.65049%;top:-6.31068%;width:76.69903%;height:63.43042%;opacity:1\">\n<div style=\"pointer-events:initial;width:100%;height:100%;display:block;position:absolute;top:0;left:0;z-index:0\" class=\"mask\" id=\"el-c1d579de-ca62-4aab-89e6-d5d6b65970ae\">\n<div style=\"position:absolute;width:126.86198%;height:100%;left:-13.43099%;top:0%\" data-leaf-element=\"true\"><amp-img layout=\"fill\" src=\"https:\/\/www.panoramamoveis.com.br\/blog-wp\/wp-content\/uploads\/2025\/02\/aproximacao-de-um-belo-passaro-de-acafrao-bebendo-agua-de-um-balde_181624-56682.jpg\" alt=\"aproximacao-de-um-belo-passaro-de-acafrao-bebendo-agua-de-um-balde_181624-56682\" srcSet=\"https:\/\/www.panoramamoveis.com.br\/blog-wp\/wp-content\/uploads\/2025\/02\/aproximacao-de-um-belo-passaro-de-acafrao-bebendo-agua-de-um-balde_181624-56682.jpg 722w,https:\/\/www.panoramamoveis.com.br\/blog-wp\/wp-content\/uploads\/2025\/02\/aproximacao-de-um-belo-passaro-de-acafrao-bebendo-agua-de-um-balde_181624-56682-300x293.jpg 300w,https:\/\/www.panoramamoveis.com.br\/blog-wp\/wp-content\/uploads\/2025\/02\/aproximacao-de-um-belo-passaro-de-acafrao-bebendo-agua-de-um-balde_181624-56682-150x147.jpg 150w\" sizes=\"(min-width: 1024px) 35vh, 77vw\" disable-inline-width=\"true\"><\/amp-img><\/div>\n<\/div>\n<\/div>\n<div style=\"position:absolute;pointer-events:none;left:16.99029%;top:-8.41424%;width:13.59223%;height:16.82848%;transform:rotate(270deg);opacity:1\">\n<div style=\"pointer-events:initial;width:100%;height:100%;display:block;position:absolute;top:0;left:0;z-index:0\" class=\"mask\" id=\"el-dc4b5286-4cdb-4ca5-98af-09623f37fb01\">\n<div style=\"position:absolute;width:104.46432%;height:100%;left:-2.23216%;top:0%\" data-leaf-element=\"true\"><amp-img layout=\"fill\" src=\"https:\/\/www.panoramamoveis.com.br\/blog-wp\/wp-content\/uploads\/2021\/11\/Panorama-Moveis-click-1.png\" alt=\"Panorama M\u00f3veis click (1)\" srcSet=\"https:\/\/www.panoramamoveis.com.br\/blog-wp\/wp-content\/uploads\/2021\/11\/Panorama-Moveis-click-1.png 3240w,https:\/\/www.panoramamoveis.com.br\/blog-wp\/wp-content\/uploads\/2021\/11\/Panorama-Moveis-click-1-1980x3520.png 1980w,https:\/\/www.panoramamoveis.com.br\/blog-wp\/wp-content\/uploads\/2021\/11\/Panorama-Moveis-click-1-1200x2133.png 1200w,https:\/\/www.panoramamoveis.com.br\/blog-wp\/wp-content\/uploads\/2021\/11\/Panorama-Moveis-click-1-1152x2048.png 1152w,https:\/\/www.panoramamoveis.com.br\/blog-wp\/wp-content\/uploads\/2021\/11\/Panorama-Moveis-click-1-864x1536.png 864w,https:\/\/www.panoramamoveis.com.br\/blog-wp\/wp-content\/uploads\/2021\/11\/Panorama-Moveis-click-1-768x1365.png 768w,https:\/\/www.panoramamoveis.com.br\/blog-wp\/wp-content\/uploads\/2021\/11\/Panorama-Moveis-click-1-576x1024.png 576w,https:\/\/www.panoramamoveis.com.br\/blog-wp\/wp-content\/uploads\/2021\/11\/Panorama-Moveis-click-1-169x300.png 169w,https:\/\/www.panoramamoveis.com.br\/blog-wp\/wp-content\/uploads\/2021\/11\/Panorama-Moveis-click-1-150x267.png 150w\" sizes=\"(min-width: 1024px) 6vh, 14vw\" disable-inline-width=\"true\"><\/amp-img><\/div>\n<\/div>\n<\/div>\n<div style=\"position:absolute;pointer-events:none;left:13.1068%;top:57.11974%;width:74.02913%;height:41.26214%;opacity:1\">\n<div id=\"anim-8b04cbf3-6788-495b-8e42-fd47eace468e\" class=\"animation-wrapper\" style=\"width:100%;height:100%;display:block;position:absolute;top:0;left:0;--initial-opacity:0;--initial-transform:none\">\n<div style=\"pointer-events:initial;width:100%;height:100%;display:block;position:absolute;top:0;left:0;z-index:0;border-radius:0.6557377049180327% 0.6557377049180327% 0.6557377049180327% 0.6557377049180327% \/ 0.7843137254901961% 0.7843137254901961% 0.7843137254901961% 0.7843137254901961%\" id=\"el-adf7d771-8f41-4de6-8678-ef9ff6761937\">\n<h3 class=\"fill text-wrapper\" style=\"white-space:pre-line;overflow-wrap:break-word;word-break:break-word;margin:1.0632786885245902% 0;font-family:&quot;Oswald&quot;,sans-serif;font-size:0.372168em;line-height:1.2;text-align:left;padding:0;color:#000000\"><span><span style=\"color: #f00\">\u00c1gua \u00e9 um elemento essencial para a vida, n\u00e3o apenas para saciar a sede, mas tamb\u00e9m para manter a higiene e regular a temperatura do corpo.&nbsp;<\/span><\/p>\n<p><span style=\"color: #f00\">Oferecer \u00e1gua fresca no seu quintal \u00e9 uma maneira simples e eficaz de atrair diversas esp\u00e9cies de aves.&nbsp;<\/span><\/span><\/h3>\n<\/div>\n<\/div>\n<\/div>\n<div style=\"position:absolute;pointer-events:none;left:11.65049%;top:50%;width:76.69903%;height:7.11974%;opacity:1\">\n<div style=\"pointer-events:initial;width:100%;height:100%;display:block;position:absolute;top:0;left:0;z-index:0;border-radius:0.6329113924050633% 0.6329113924050633% 0.6329113924050633% 0.6329113924050633% \/ 4.545454545454546% 4.545454545454546% 4.545454545454546% 4.545454545454546%\" id=\"el-3619a978-e6ec-44d6-a6f7-124f9a6179ba\">\n<h3 class=\"fill text-wrapper\" style=\"white-space:pre-line;overflow-wrap:break-word;word-break:break-word;margin:0;font-family:&quot;Anton&quot;,sans-serif;font-size:0.388350em;line-height:calc(1em + 0.3333333333333333em);text-align:left;padding:0;color:#000000;background-color:rgba(163,0,3,0.6);background:none\"><span style=\"display:block;position:relative;left:0;top:0;margin:1.9191307357594938% 0;-webkit-box-decoration-break:clone;box-decoration-break:clone\"><span style=\"background-color:rgba(163,0,3,0.6);-webkit-box-decoration-break:clone;box-decoration-break:clone;position:relative;padding:1.2658227848101267% 2.5316455696202533%;text-align:left;border-radius:2px 2px 2px 2px;color:transparent\">Instale Bebedouros e Banheira<\/span><\/span><\/h3>\n<h3 class=\"fill text-wrapper\" style=\"white-space:pre-line;overflow-wrap:break-word;word-break:break-word;margin:0;font-family:&quot;Anton&quot;,sans-serif;font-size:0.388350em;line-height:calc(1em + 0.3333333333333333em);text-align:left;padding:0;color:#000000;background-color:rgba(163,0,3,0.6);background:none;position:absolute;top:0;left:0;right:0\" aria-hidden=\"true\"><span style=\"display:block;position:relative;left:0;top:0;margin:1.9191307357594938% 0;-webkit-box-decoration-break:clone;box-decoration-break:clone\"><span style=\"background-color:rgba(163,0,3,0.6);-webkit-box-decoration-break:clone;box-decoration-break:clone;position:relative;padding:1.2658227848101267% 2.5316455696202533%;text-align:left;border-radius:2px 2px 2px 2px;background:none\"><span style=\"color: #fff\">Instale <\/span><span style=\"color: #fff\">Bebedouros <\/span><span style=\"color: #fff\">e Banheira<\/span><\/span><\/span><\/h3>\n<\/div>\n<\/div>\n<\/div>\n<\/div>\n<p><\/amp-story-grid-layer><\/amp-story-page><amp-story-page id=\"1128a7b0-1e64-4fc3-8e6d-78011d218d35\" auto-advance-after=\"7s\"><amp-story-animation layout=\"nodisplay\" trigger=\"visibility\"><script type=\"application\/json\">[{\"selector\":\"#anim-ebd720f1-1c66-4f74-96d4-a7138219200c\",\"keyframes\":{\"opacity\":[0,1]},\"delay\":0,\"duration\":600,\"easing\":\"cubic-bezier(0.4, 0.4, 0.0, 1)\",\"fill\":\"both\"}]<\/script><\/amp-story-animation><amp-story-grid-layer template=\"vertical\" aspect-ratio=\"412:618\" class=\"grid-layer\"><\/p>\n<div class=\"page-fullbleed-area\" style=\"background-color:#d0c9c3\">\n<div class=\"page-safe-area\">\n<div style=\"position:absolute;pointer-events:none;left:0;top:-9.25926%;width:100%;height:118.51852%;opacity:1\">\n<div style=\"pointer-events:initial;width:100%;height:100%;display:block;position:absolute;top:0;left:0;z-index:0\" class=\"mask\" id=\"el-5c6c7c64-2486-4eeb-818f-4fcbc5149be7\">\n<div style=\"position:absolute;width:100%;height:100%;left:0%;top:0%\" data-leaf-element=\"true\"><amp-img layout=\"fill\" src=\"https:\/\/www.panoramamoveis.com.br\/blog-wp\/wp-content\/uploads\/2022\/07\/ESPELHOS-PG4.png\" alt=\"sala com espelho ovalado em cima de bancada de madeira\" srcSet=\"https:\/\/www.panoramamoveis.com.br\/blog-wp\/wp-content\/uploads\/2022\/07\/ESPELHOS-PG4.png 1080w,https:\/\/www.panoramamoveis.com.br\/blog-wp\/wp-content\/uploads\/2022\/07\/ESPELHOS-PG4-864x1536.png 864w,https:\/\/www.panoramamoveis.com.br\/blog-wp\/wp-content\/uploads\/2022\/07\/ESPELHOS-PG4-768x1365.png 768w,https:\/\/www.panoramamoveis.com.br\/blog-wp\/wp-content\/uploads\/2022\/07\/ESPELHOS-PG4-576x1024.png 576w,https:\/\/www.panoramamoveis.com.br\/blog-wp\/wp-content\/uploads\/2022\/07\/ESPELHOS-PG4-169x300.png 169w,https:\/\/www.panoramamoveis.com.br\/blog-wp\/wp-content\/uploads\/2022\/07\/ESPELHOS-PG4-150x267.png 150w\" sizes=\"(min-width: 1024px) 45vh, 100vw\" disable-inline-width=\"true\"><\/amp-img><\/div>\n<\/div>\n<\/div>\n<\/div>\n<\/div>\n<p><\/amp-story-grid-layer><amp-story-grid-layer template=\"vertical\" aspect-ratio=\"412:618\" class=\"grid-layer\"><\/p>\n<div class=\"page-fullbleed-area\">\n<div class=\"page-safe-area\">\n<div style=\"position:absolute;pointer-events:none;left:11.65049%;top:-6.14887%;width:75.97087%;height:63.26861%;opacity:1\">\n<div style=\"pointer-events:initial;width:100%;height:100%;display:block;position:absolute;top:0;left:0;z-index:0\" class=\"mask\" id=\"el-022b6ef3-de24-4361-8940-37df7613e309\">\n<div style=\"position:absolute;width:134.29799%;height:100%;left:-17.149%;top:0%\" data-leaf-element=\"true\"><amp-img layout=\"fill\" src=\"https:\/\/www.panoramamoveis.com.br\/blog-wp\/wp-content\/uploads\/2025\/02\/foto-de-foco-seletivo-de-um-passaro-no-alto-de-arvores_181624-38304-1.jpg\" alt=\"foto-de-foco-seletivo-de-um-passaro-no-alto-de-arvores_181624-38304\" srcSet=\"https:\/\/www.panoramamoveis.com.br\/blog-wp\/wp-content\/uploads\/2025\/02\/foto-de-foco-seletivo-de-um-passaro-no-alto-de-arvores_181624-38304-1.jpg 759w,https:\/\/www.panoramamoveis.com.br\/blog-wp\/wp-content\/uploads\/2025\/02\/foto-de-foco-seletivo-de-um-passaro-no-alto-de-arvores_181624-38304-1-300x279.jpg 300w,https:\/\/www.panoramamoveis.com.br\/blog-wp\/wp-content\/uploads\/2025\/02\/foto-de-foco-seletivo-de-um-passaro-no-alto-de-arvores_181624-38304-1-150x140.jpg 150w\" sizes=\"(min-width: 1024px) 34vh, 76vw\" disable-inline-width=\"true\"><\/amp-img><\/div>\n<\/div>\n<\/div>\n<div style=\"position:absolute;pointer-events:none;left:11.8932%;top:50%;width:75.72816%;height:7.11974%;opacity:1\">\n<div style=\"pointer-events:initial;width:100%;height:100%;display:block;position:absolute;top:0;left:0;z-index:0;border-radius:0.641025641025641% 0.641025641025641% 0.641025641025641% 0.641025641025641% \/ 4.545454545454546% 4.545454545454546% 4.545454545454546% 4.545454545454546%\" id=\"el-93e6e743-8181-4240-8b7a-66dfc08205f8\">\n<h3 class=\"fill text-wrapper\" style=\"white-space:pre-line;overflow-wrap:break-word;word-break:break-word;margin:0;font-family:&quot;Anton&quot;,sans-serif;font-size:0.388350em;line-height:calc(1em + 0.3333333333333333em);text-align:left;padding:0;color:#000000;background-color:rgba(163,0,3,0.6);background:none\"><span style=\"display:block;position:relative;left:0;top:0;margin:1.9437349759615383% 0;-webkit-box-decoration-break:clone;box-decoration-break:clone\"><span style=\"background-color:rgba(163,0,3,0.6);-webkit-box-decoration-break:clone;box-decoration-break:clone;position:relative;padding:1.282051282051282% 2.564102564102564%;text-align:left;border-radius:2px 2px 2px 2px;color:transparent\">Use Comedouros<\/span><\/span><\/h3>\n<h3 class=\"fill text-wrapper\" style=\"white-space:pre-line;overflow-wrap:break-word;word-break:break-word;margin:0;font-family:&quot;Anton&quot;,sans-serif;font-size:0.388350em;line-height:calc(1em + 0.3333333333333333em);text-align:left;padding:0;color:#000000;background-color:rgba(163,0,3,0.6);background:none;position:absolute;top:0;left:0;right:0\" aria-hidden=\"true\"><span style=\"display:block;position:relative;left:0;top:0;margin:1.9437349759615383% 0;-webkit-box-decoration-break:clone;box-decoration-break:clone\"><span style=\"background-color:rgba(163,0,3,0.6);-webkit-box-decoration-break:clone;box-decoration-break:clone;position:relative;padding:1.282051282051282% 2.564102564102564%;text-align:left;border-radius:2px 2px 2px 2px;background:none\"><span style=\"color: #fff\">Use Comedouros&nbsp;<\/span><\/span><\/span><\/h3>\n<\/div>\n<\/div>\n<div style=\"position:absolute;pointer-events:none;left:16.99029%;top:-8.41424%;width:13.59223%;height:16.82848%;transform:rotate(270deg);opacity:1\">\n<div style=\"pointer-events:initial;width:100%;height:100%;display:block;position:absolute;top:0;left:0;z-index:0\" class=\"mask\" id=\"el-162aabfd-28a2-4a64-9c95-eedf4a07ed8e\">\n<div style=\"position:absolute;width:104.46432%;height:100%;left:-2.23216%;top:0%\" data-leaf-element=\"true\"><amp-img layout=\"fill\" src=\"https:\/\/www.panoramamoveis.com.br\/blog-wp\/wp-content\/uploads\/2021\/11\/Panorama-Moveis-click-1.png\" alt=\"Panorama M\u00f3veis click (1)\" srcSet=\"https:\/\/www.panoramamoveis.com.br\/blog-wp\/wp-content\/uploads\/2021\/11\/Panorama-Moveis-click-1.png 3240w,https:\/\/www.panoramamoveis.com.br\/blog-wp\/wp-content\/uploads\/2021\/11\/Panorama-Moveis-click-1-1980x3520.png 1980w,https:\/\/www.panoramamoveis.com.br\/blog-wp\/wp-content\/uploads\/2021\/11\/Panorama-Moveis-click-1-1200x2133.png 1200w,https:\/\/www.panoramamoveis.com.br\/blog-wp\/wp-content\/uploads\/2021\/11\/Panorama-Moveis-click-1-1152x2048.png 1152w,https:\/\/www.panoramamoveis.com.br\/blog-wp\/wp-content\/uploads\/2021\/11\/Panorama-Moveis-click-1-864x1536.png 864w,https:\/\/www.panoramamoveis.com.br\/blog-wp\/wp-content\/uploads\/2021\/11\/Panorama-Moveis-click-1-768x1365.png 768w,https:\/\/www.panoramamoveis.com.br\/blog-wp\/wp-content\/uploads\/2021\/11\/Panorama-Moveis-click-1-576x1024.png 576w,https:\/\/www.panoramamoveis.com.br\/blog-wp\/wp-content\/uploads\/2021\/11\/Panorama-Moveis-click-1-169x300.png 169w,https:\/\/www.panoramamoveis.com.br\/blog-wp\/wp-content\/uploads\/2021\/11\/Panorama-Moveis-click-1-150x267.png 150w\" sizes=\"(min-width: 1024px) 6vh, 14vw\" disable-inline-width=\"true\"><\/amp-img><\/div>\n<\/div>\n<\/div>\n<div style=\"position:absolute;pointer-events:none;left:13.1068%;top:57.11974%;width:75.24272%;height:45.63107%;opacity:1\">\n<div id=\"anim-ebd720f1-1c66-4f74-96d4-a7138219200c\" class=\"animation-wrapper\" style=\"width:100%;height:100%;display:block;position:absolute;top:0;left:0;--initial-opacity:0;--initial-transform:none\">\n<div style=\"pointer-events:initial;width:100%;height:100%;display:block;position:absolute;top:0;left:0;z-index:0;border-radius:0.6451612903225806% 0.6451612903225806% 0.6451612903225806% 0.6451612903225806% \/ 0.7092198581560284% 0.7092198581560284% 0.7092198581560284% 0.7092198581560284%\" id=\"el-fbd92668-2fca-4988-84b9-f18b7633231d\">\n<h3 class=\"fill text-wrapper\" style=\"white-space:pre-line;overflow-wrap:break-word;word-break:break-word;margin:1.0461290322580645% 0;font-family:&quot;Oswald&quot;,sans-serif;font-size:0.372168em;line-height:1.2;text-align:left;padding:0;color:#000000\"><span><span style=\"color: #f00\">Os comedouros com sementes s\u00e3o uma das formas mais populares e eficazes de atrair p\u00e1ssaros para o seu quintal.&nbsp;<\/span><\/p>\n<p><span style=\"color: #f00\">Eles oferecem uma fonte de alimento f\u00e1cil e acess\u00edvel, especialmente em \u00e1reas urbanas onde os recursos naturais podem ser escassos.<\/span><\/p>\n<p><\/span><\/h3>\n<\/div>\n<\/div>\n<\/div>\n<\/div>\n<\/div>\n<p><\/amp-story-grid-layer><\/amp-story-page><amp-story-page id=\"7b9a6ba1-838e-4ed1-b376-abee7b3ad3c1\" auto-advance-after=\"7s\"><amp-story-animation layout=\"nodisplay\" trigger=\"visibility\"><script type=\"application\/json\">[{\"selector\":\"#anim-c65e91be-0670-4676-9f98-f0a53c63b5dd\",\"keyframes\":{\"opacity\":[0,1]},\"delay\":0,\"duration\":600,\"easing\":\"cubic-bezier(0.4, 0.4, 0.0, 1)\",\"fill\":\"both\"}]<\/script><\/amp-story-animation><amp-story-grid-layer template=\"vertical\" aspect-ratio=\"412:618\" class=\"grid-layer\"><\/p>\n<div class=\"page-fullbleed-area\" style=\"background-color:#d0c9c3\">\n<div class=\"page-safe-area\">\n<div style=\"position:absolute;pointer-events:none;left:0;top:-9.25926%;width:100%;height:118.51852%;opacity:1\">\n<div style=\"pointer-events:initial;width:100%;height:100%;display:block;position:absolute;top:0;left:0;z-index:0\" class=\"mask\" id=\"el-5f47bf81-460d-44e1-b366-4e4398b80e15\">\n<div style=\"position:absolute;width:100%;height:100%;left:0%;top:0%\" data-leaf-element=\"true\"><amp-img layout=\"fill\" src=\"https:\/\/www.panoramamoveis.com.br\/blog-wp\/wp-content\/uploads\/2022\/07\/ESPELHOS-PG4.png\" alt=\"sala com espelho ovalado em cima de bancada de madeira\" srcSet=\"https:\/\/www.panoramamoveis.com.br\/blog-wp\/wp-content\/uploads\/2022\/07\/ESPELHOS-PG4.png 1080w,https:\/\/www.panoramamoveis.com.br\/blog-wp\/wp-content\/uploads\/2022\/07\/ESPELHOS-PG4-864x1536.png 864w,https:\/\/www.panoramamoveis.com.br\/blog-wp\/wp-content\/uploads\/2022\/07\/ESPELHOS-PG4-768x1365.png 768w,https:\/\/www.panoramamoveis.com.br\/blog-wp\/wp-content\/uploads\/2022\/07\/ESPELHOS-PG4-576x1024.png 576w,https:\/\/www.panoramamoveis.com.br\/blog-wp\/wp-content\/uploads\/2022\/07\/ESPELHOS-PG4-169x300.png 169w,https:\/\/www.panoramamoveis.com.br\/blog-wp\/wp-content\/uploads\/2022\/07\/ESPELHOS-PG4-150x267.png 150w\" sizes=\"(min-width: 1024px) 45vh, 100vw\" disable-inline-width=\"true\"><\/amp-img><\/div>\n<\/div>\n<\/div>\n<\/div>\n<\/div>\n<p><\/amp-story-grid-layer><amp-story-grid-layer template=\"vertical\" aspect-ratio=\"412:618\" class=\"grid-layer\"><\/p>\n<div class=\"page-fullbleed-area\">\n<div class=\"page-safe-area\">\n<div style=\"position:absolute;pointer-events:none;left:11.65049%;top:-5.66343%;width:76.69903%;height:62.78317%;opacity:1\">\n<div style=\"pointer-events:initial;width:100%;height:100%;display:block;position:absolute;top:0;left:0;z-index:0\" class=\"mask\" id=\"el-1fc10d96-bcb0-416c-aa44-45c6ed059bd2\">\n<div style=\"position:absolute;width:184.35112%;height:100%;left:-42.17556%;top:0%\" data-leaf-element=\"true\"><amp-img layout=\"fill\" src=\"https:\/\/www.panoramamoveis.com.br\/blog-wp\/wp-content\/uploads\/2025\/02\/o-famoso-jardim-botanico-do-funchal-ilha-da-madeira-portugal_231208-6663.jpg\" alt=\"o-famoso-jardim-botanico-do-funchal-ilha-da-madeira-portugal_231208-6663\" srcSet=\"https:\/\/www.panoramamoveis.com.br\/blog-wp\/wp-content\/uploads\/2025\/02\/o-famoso-jardim-botanico-do-funchal-ilha-da-madeira-portugal_231208-6663.jpg 1060w,https:\/\/www.panoramamoveis.com.br\/blog-wp\/wp-content\/uploads\/2025\/02\/o-famoso-jardim-botanico-do-funchal-ilha-da-madeira-portugal_231208-6663-1024x682.jpg 1024w,https:\/\/www.panoramamoveis.com.br\/blog-wp\/wp-content\/uploads\/2025\/02\/o-famoso-jardim-botanico-do-funchal-ilha-da-madeira-portugal_231208-6663-768x512.jpg 768w,https:\/\/www.panoramamoveis.com.br\/blog-wp\/wp-content\/uploads\/2025\/02\/o-famoso-jardim-botanico-do-funchal-ilha-da-madeira-portugal_231208-6663-300x200.jpg 300w,https:\/\/www.panoramamoveis.com.br\/blog-wp\/wp-content\/uploads\/2025\/02\/o-famoso-jardim-botanico-do-funchal-ilha-da-madeira-portugal_231208-6663-150x100.jpg 150w\" sizes=\"(min-width: 1024px) 35vh, 77vw\" disable-inline-width=\"true\"><\/amp-img><\/div>\n<\/div>\n<\/div>\n<div style=\"position:absolute;pointer-events:none;left:11.40777%;top:44.82201%;width:75.97087%;height:12.29773%;opacity:1\">\n<div style=\"pointer-events:initial;width:100%;height:100%;display:block;position:absolute;top:0;left:0;z-index:0;border-radius:0.6389776357827476% 0.6389776357827476% 0.6389776357827476% 0.6389776357827476% \/ 2.631578947368421% 2.631578947368421% 2.631578947368421% 2.631578947368421%\" id=\"el-83b8bfca-2472-4f72-9818-5e6ebb7cd456\">\n<h3 class=\"fill text-wrapper\" style=\"white-space:pre-line;overflow-wrap:break-word;word-break:break-word;margin:0;font-family:&quot;Anton&quot;,sans-serif;font-size:0.388350em;line-height:calc(1em + 0.3333333333333333em);text-align:left;padding:0;color:#000000;background-color:rgba(163,0,3,0.6);background:none\"><span style=\"display:block;position:relative;left:0;top:0;margin:1.9375249600638977% 0;-webkit-box-decoration-break:clone;box-decoration-break:clone\"><span style=\"background-color:rgba(163,0,3,0.6);-webkit-box-decoration-break:clone;box-decoration-break:clone;position:relative;padding:1.2779552715654952% 2.5559105431309903%;text-align:left;border-radius:2px 2px 2px 2px;color:transparent\">Cultive Plantas que Atraem P\u00e1ssaro<\/span><\/span><\/h3>\n<h3 class=\"fill text-wrapper\" style=\"white-space:pre-line;overflow-wrap:break-word;word-break:break-word;margin:0;font-family:&quot;Anton&quot;,sans-serif;font-size:0.388350em;line-height:calc(1em + 0.3333333333333333em);text-align:left;padding:0;color:#000000;background-color:rgba(163,0,3,0.6);background:none;position:absolute;top:0;left:0;right:0\" aria-hidden=\"true\"><span style=\"display:block;position:relative;left:0;top:0;margin:1.9375249600638977% 0;-webkit-box-decoration-break:clone;box-decoration-break:clone\"><span style=\"background-color:rgba(163,0,3,0.6);-webkit-box-decoration-break:clone;box-decoration-break:clone;position:relative;padding:1.2779552715654952% 2.5559105431309903%;text-align:left;border-radius:2px 2px 2px 2px;background:none\"><span style=\"color: #fff\">Cultive Plantas que Atraem P\u00e1ssaro<\/span><\/span><\/span><\/h3>\n<\/div>\n<\/div>\n<div style=\"position:absolute;pointer-events:none;left:16.99029%;top:-8.41424%;width:13.59223%;height:16.82848%;transform:rotate(270deg);opacity:1\">\n<div style=\"pointer-events:initial;width:100%;height:100%;display:block;position:absolute;top:0;left:0;z-index:0\" class=\"mask\" id=\"el-ede1c524-98b2-45f3-af44-34978374b940\">\n<div style=\"position:absolute;width:104.46432%;height:100%;left:-2.23216%;top:0%\" data-leaf-element=\"true\"><amp-img layout=\"fill\" src=\"https:\/\/www.panoramamoveis.com.br\/blog-wp\/wp-content\/uploads\/2021\/11\/Panorama-Moveis-click-1.png\" alt=\"Panorama M\u00f3veis click (1)\" srcSet=\"https:\/\/www.panoramamoveis.com.br\/blog-wp\/wp-content\/uploads\/2021\/11\/Panorama-Moveis-click-1.png 3240w,https:\/\/www.panoramamoveis.com.br\/blog-wp\/wp-content\/uploads\/2021\/11\/Panorama-Moveis-click-1-1980x3520.png 1980w,https:\/\/www.panoramamoveis.com.br\/blog-wp\/wp-content\/uploads\/2021\/11\/Panorama-Moveis-click-1-1200x2133.png 1200w,https:\/\/www.panoramamoveis.com.br\/blog-wp\/wp-content\/uploads\/2021\/11\/Panorama-Moveis-click-1-1152x2048.png 1152w,https:\/\/www.panoramamoveis.com.br\/blog-wp\/wp-content\/uploads\/2021\/11\/Panorama-Moveis-click-1-864x1536.png 864w,https:\/\/www.panoramamoveis.com.br\/blog-wp\/wp-content\/uploads\/2021\/11\/Panorama-Moveis-click-1-768x1365.png 768w,https:\/\/www.panoramamoveis.com.br\/blog-wp\/wp-content\/uploads\/2021\/11\/Panorama-Moveis-click-1-576x1024.png 576w,https:\/\/www.panoramamoveis.com.br\/blog-wp\/wp-content\/uploads\/2021\/11\/Panorama-Moveis-click-1-169x300.png 169w,https:\/\/www.panoramamoveis.com.br\/blog-wp\/wp-content\/uploads\/2021\/11\/Panorama-Moveis-click-1-150x267.png 150w\" sizes=\"(min-width: 1024px) 6vh, 14vw\" disable-inline-width=\"true\"><\/amp-img><\/div>\n<\/div>\n<\/div>\n<div style=\"position:absolute;pointer-events:none;left:11.8932%;top:57.11974%;width:75.24272%;height:41.26214%;opacity:1\">\n<div id=\"anim-c65e91be-0670-4676-9f98-f0a53c63b5dd\" class=\"animation-wrapper\" style=\"width:100%;height:100%;display:block;position:absolute;top:0;left:0;--initial-opacity:0;--initial-transform:none\">\n<div style=\"pointer-events:initial;width:100%;height:100%;display:block;position:absolute;top:0;left:0;z-index:0;border-radius:0.6451612903225806% 0.6451612903225806% 0.6451612903225806% 0.6451612903225806% \/ 0.7843137254901961% 0.7843137254901961% 0.7843137254901961% 0.7843137254901961%\" id=\"el-032dca4e-ec38-4d55-b099-b7ac49deb989\">\n<h3 class=\"fill text-wrapper\" style=\"white-space:pre-line;overflow-wrap:break-word;word-break:break-word;margin:1.0461290322580645% 0;font-family:&quot;Oswald&quot;,sans-serif;font-size:0.372168em;line-height:1.2;text-align:left;padding:0;color:#000000\"><span><span style=\"color: #f00\">Algumas plantas, como o girassol, a lavanda e o hibisco, s\u00e3o conhecidas por atrair aves devido \u00e0s suas sementes, flores ou n\u00e9ctar.<\/span><\/p>\n<p><span style=\"color: #f00\">Al\u00e9m de enfeitar sua casa com as plantas, voc\u00ea ainda poder\u00e1 enfeit\u00e1-la com os passarinhos que ir\u00e1 atrair.<\/span><\/p>\n<p><\/span><\/h3>\n<\/div>\n<\/div>\n<\/div>\n<\/div>\n<\/div>\n<p><\/amp-story-grid-layer><\/amp-story-page><amp-story-page id=\"0bdac63d-8073-43d6-9ad0-abd31a886d7b\" auto-advance-after=\"7s\"><amp-story-animation layout=\"nodisplay\" trigger=\"visibility\"><script type=\"application\/json\">[{\"selector\":\"#anim-da9c7cf0-35ca-4c1b-98b2-ef196d06c6c9\",\"keyframes\":{\"opacity\":[0,1]},\"delay\":0,\"duration\":600,\"easing\":\"cubic-bezier(0.4, 0.4, 0.0, 1)\",\"fill\":\"both\"}]<\/script><\/amp-story-animation><amp-story-grid-layer template=\"vertical\" aspect-ratio=\"412:618\" class=\"grid-layer\"><\/p>\n<div class=\"page-fullbleed-area\" style=\"background-color:#d0c9c3\">\n<div class=\"page-safe-area\">\n<div style=\"position:absolute;pointer-events:none;left:0;top:-9.25926%;width:100%;height:118.51852%;opacity:1\">\n<div style=\"pointer-events:initial;width:100%;height:100%;display:block;position:absolute;top:0;left:0;z-index:0\" class=\"mask\" id=\"el-9c84686a-db7a-45b3-9b9b-fa08ede9150b\">\n<div style=\"position:absolute;width:100%;height:100%;left:0%;top:0%\" data-leaf-element=\"true\"><amp-img layout=\"fill\" src=\"https:\/\/www.panoramamoveis.com.br\/blog-wp\/wp-content\/uploads\/2022\/07\/ESPELHOS-PG4.png\" alt=\"sala com espelho ovalado em cima de bancada de madeira\" srcSet=\"https:\/\/www.panoramamoveis.com.br\/blog-wp\/wp-content\/uploads\/2022\/07\/ESPELHOS-PG4.png 1080w,https:\/\/www.panoramamoveis.com.br\/blog-wp\/wp-content\/uploads\/2022\/07\/ESPELHOS-PG4-864x1536.png 864w,https:\/\/www.panoramamoveis.com.br\/blog-wp\/wp-content\/uploads\/2022\/07\/ESPELHOS-PG4-768x1365.png 768w,https:\/\/www.panoramamoveis.com.br\/blog-wp\/wp-content\/uploads\/2022\/07\/ESPELHOS-PG4-576x1024.png 576w,https:\/\/www.panoramamoveis.com.br\/blog-wp\/wp-content\/uploads\/2022\/07\/ESPELHOS-PG4-169x300.png 169w,https:\/\/www.panoramamoveis.com.br\/blog-wp\/wp-content\/uploads\/2022\/07\/ESPELHOS-PG4-150x267.png 150w\" sizes=\"(min-width: 1024px) 45vh, 100vw\" disable-inline-width=\"true\"><\/amp-img><\/div>\n<\/div>\n<\/div>\n<\/div>\n<\/div>\n<p><\/amp-story-grid-layer><amp-story-grid-layer template=\"vertical\" aspect-ratio=\"412:618\" class=\"grid-layer\"><\/p>\n<div class=\"page-fullbleed-area\">\n<div class=\"page-safe-area\">\n<div style=\"position:absolute;pointer-events:none;left:12.13592%;top:-5.66343%;width:75.72816%;height:62.78317%;opacity:1\">\n<div style=\"pointer-events:initial;width:100%;height:100%;display:block;position:absolute;top:0;left:0;z-index:0\" class=\"mask\" id=\"el-27ee1b8c-8d7e-433d-97d8-9b782e2341d0\">\n<div style=\"position:absolute;width:187.24503%;height:100%;left:-43.62252%;top:0%\" data-leaf-element=\"true\"><amp-img layout=\"fill\" src=\"https:\/\/www.panoramamoveis.com.br\/blog-wp\/wp-content\/uploads\/2025\/02\/close-up-foto-de-uma-casa-de-passaro-fofa-em-vermelho-e-azul-com-um-coracao-pendurado-em-uma-arvore_181624-36735.jpg\" alt=\"close-up-foto-de-uma-casa-de-passaro-fofa-em-vermelho-e-azul-com-um-coracao-pendurado-em-uma-arvore_181624-36735\" srcSet=\"https:\/\/www.panoramamoveis.com.br\/blog-wp\/wp-content\/uploads\/2025\/02\/close-up-foto-de-uma-casa-de-passaro-fofa-em-vermelho-e-azul-com-um-coracao-pendurado-em-uma-arvore_181624-36735.jpg 1060w,https:\/\/www.panoramamoveis.com.br\/blog-wp\/wp-content\/uploads\/2025\/02\/close-up-foto-de-uma-casa-de-passaro-fofa-em-vermelho-e-azul-com-um-coracao-pendurado-em-uma-arvore_181624-36735-1024x680.jpg 1024w,https:\/\/www.panoramamoveis.com.br\/blog-wp\/wp-content\/uploads\/2025\/02\/close-up-foto-de-uma-casa-de-passaro-fofa-em-vermelho-e-azul-com-um-coracao-pendurado-em-uma-arvore_181624-36735-768x510.jpg 768w,https:\/\/www.panoramamoveis.com.br\/blog-wp\/wp-content\/uploads\/2025\/02\/close-up-foto-de-uma-casa-de-passaro-fofa-em-vermelho-e-azul-com-um-coracao-pendurado-em-uma-arvore_181624-36735-300x199.jpg 300w,https:\/\/www.panoramamoveis.com.br\/blog-wp\/wp-content\/uploads\/2025\/02\/close-up-foto-de-uma-casa-de-passaro-fofa-em-vermelho-e-azul-com-um-coracao-pendurado-em-uma-arvore_181624-36735-150x100.jpg 150w\" sizes=\"(min-width: 1024px) 34vh, 76vw\" disable-inline-width=\"true\"><\/amp-img><\/div>\n<\/div>\n<\/div>\n<div style=\"position:absolute;pointer-events:none;left:12.13592%;top:50%;width:75.24272%;height:7.11974%;opacity:1\">\n<div style=\"pointer-events:initial;width:100%;height:100%;display:block;position:absolute;top:0;left:0;z-index:0;border-radius:0.6451612903225806% 0.6451612903225806% 0.6451612903225806% 0.6451612903225806% \/ 4.545454545454546% 4.545454545454546% 4.545454545454546% 4.545454545454546%\" id=\"el-59fca1bb-7676-4132-b5c3-d4aa97d11205\">\n<h3 class=\"fill text-wrapper\" style=\"white-space:pre-line;overflow-wrap:break-word;word-break:break-word;margin:0;font-family:&quot;Anton&quot;,sans-serif;font-size:0.388350em;line-height:calc(1em + 0.3333333333333333em);text-align:left;padding:0;color:#000000;background-color:rgba(163,0,3,0.6);background:none\"><span style=\"display:block;position:relative;left:0;top:0;margin:1.956275201612903% 0;-webkit-box-decoration-break:clone;box-decoration-break:clone\"><span style=\"background-color:rgba(163,0,3,0.6);-webkit-box-decoration-break:clone;box-decoration-break:clone;position:relative;padding:1.2903225806451613% 2.5806451612903225%;text-align:left;border-radius:2px 2px 2px 2px;color:transparent\">Crie Abrigos Seguro<\/span><\/span><\/h3>\n<h3 class=\"fill text-wrapper\" style=\"white-space:pre-line;overflow-wrap:break-word;word-break:break-word;margin:0;font-family:&quot;Anton&quot;,sans-serif;font-size:0.388350em;line-height:calc(1em + 0.3333333333333333em);text-align:left;padding:0;color:#000000;background-color:rgba(163,0,3,0.6);background:none;position:absolute;top:0;left:0;right:0\" aria-hidden=\"true\"><span style=\"display:block;position:relative;left:0;top:0;margin:1.956275201612903% 0;-webkit-box-decoration-break:clone;box-decoration-break:clone\"><span style=\"background-color:rgba(163,0,3,0.6);-webkit-box-decoration-break:clone;box-decoration-break:clone;position:relative;padding:1.2903225806451613% 2.5806451612903225%;text-align:left;border-radius:2px 2px 2px 2px;background:none\"><span style=\"color: #fff\">Crie Abrigos Seguro<\/span><\/span><\/span><\/h3>\n<\/div>\n<\/div>\n<div style=\"position:absolute;pointer-events:none;left:16.99029%;top:-8.41424%;width:13.59223%;height:16.82848%;transform:rotate(270deg);opacity:1\">\n<div style=\"pointer-events:initial;width:100%;height:100%;display:block;position:absolute;top:0;left:0;z-index:0\" class=\"mask\" id=\"el-67d076af-384e-4837-8255-4bdc620cfccf\">\n<div style=\"position:absolute;width:104.46432%;height:100%;left:-2.23216%;top:0%\" data-leaf-element=\"true\"><amp-img layout=\"fill\" src=\"https:\/\/www.panoramamoveis.com.br\/blog-wp\/wp-content\/uploads\/2021\/11\/Panorama-Moveis-click-1.png\" alt=\"Panorama M\u00f3veis click (1)\" srcSet=\"https:\/\/www.panoramamoveis.com.br\/blog-wp\/wp-content\/uploads\/2021\/11\/Panorama-Moveis-click-1.png 3240w,https:\/\/www.panoramamoveis.com.br\/blog-wp\/wp-content\/uploads\/2021\/11\/Panorama-Moveis-click-1-1980x3520.png 1980w,https:\/\/www.panoramamoveis.com.br\/blog-wp\/wp-content\/uploads\/2021\/11\/Panorama-Moveis-click-1-1200x2133.png 1200w,https:\/\/www.panoramamoveis.com.br\/blog-wp\/wp-content\/uploads\/2021\/11\/Panorama-Moveis-click-1-1152x2048.png 1152w,https:\/\/www.panoramamoveis.com.br\/blog-wp\/wp-content\/uploads\/2021\/11\/Panorama-Moveis-click-1-864x1536.png 864w,https:\/\/www.panoramamoveis.com.br\/blog-wp\/wp-content\/uploads\/2021\/11\/Panorama-Moveis-click-1-768x1365.png 768w,https:\/\/www.panoramamoveis.com.br\/blog-wp\/wp-content\/uploads\/2021\/11\/Panorama-Moveis-click-1-576x1024.png 576w,https:\/\/www.panoramamoveis.com.br\/blog-wp\/wp-content\/uploads\/2021\/11\/Panorama-Moveis-click-1-169x300.png 169w,https:\/\/www.panoramamoveis.com.br\/blog-wp\/wp-content\/uploads\/2021\/11\/Panorama-Moveis-click-1-150x267.png 150w\" sizes=\"(min-width: 1024px) 6vh, 14vw\" disable-inline-width=\"true\"><\/amp-img><\/div>\n<\/div>\n<\/div>\n<div style=\"position:absolute;pointer-events:none;left:12.37864%;top:57.11974%;width:75.24272%;height:41.26214%;opacity:1\">\n<div id=\"anim-da9c7cf0-35ca-4c1b-98b2-ef196d06c6c9\" class=\"animation-wrapper\" style=\"width:100%;height:100%;display:block;position:absolute;top:0;left:0;--initial-opacity:0;--initial-transform:none\">\n<div style=\"pointer-events:initial;width:100%;height:100%;display:block;position:absolute;top:0;left:0;z-index:0;border-radius:0.6451612903225806% 0.6451612903225806% 0.6451612903225806% 0.6451612903225806% \/ 0.7843137254901961% 0.7843137254901961% 0.7843137254901961% 0.7843137254901961%\" id=\"el-91a24861-2695-4747-85bf-4165f2cdf5bb\">\n<h3 class=\"fill text-wrapper\" style=\"white-space:pre-line;overflow-wrap:break-word;word-break:break-word;margin:1.0461290322580645% 0;font-family:&quot;Oswald&quot;,sans-serif;font-size:0.372168em;line-height:1.2;text-align:left;padding:0;color:#000000\"><span><span style=\"color: #f00\">Oferecer abrigo seguro \u00e9 fundamental para atrair e manter p\u00e1ssaros no seu quintal.&nbsp;<\/span><\/p>\n<p><span style=\"color: #f00\">Eles precisam de locais protegidos para descansar, nidificar (fazer ninhos) e se esconder de predadores, como gatos e aves de rapina. &nbsp;<\/span><\/p>\n<p><\/span><\/h3>\n<\/div>\n<\/div>\n<\/div>\n<\/div>\n<\/div>\n<p><\/amp-story-grid-layer><\/amp-story-page><amp-story-page id=\"0ffbc6ad-1d65-4fb1-8465-3ae06fcf3d8d\" auto-advance-after=\"7s\"><amp-story-animation layout=\"nodisplay\" trigger=\"visibility\"><script type=\"application\/json\">[{\"selector\":\"#anim-059e24aa-39df-47c3-a1f0-4e3748271d53\",\"keyframes\":{\"opacity\":[0,1]},\"delay\":0,\"duration\":600,\"easing\":\"cubic-bezier(0.4, 0.4, 0.0, 1)\",\"fill\":\"both\"}]<\/script><\/amp-story-animation><amp-story-grid-layer template=\"vertical\" aspect-ratio=\"412:618\" class=\"grid-layer\"><\/p>\n<div class=\"page-fullbleed-area\" style=\"background-color:#d0c9c3\">\n<div class=\"page-safe-area\">\n<div style=\"position:absolute;pointer-events:none;left:0;top:-9.25926%;width:100%;height:118.51852%;opacity:1\">\n<div style=\"pointer-events:initial;width:100%;height:100%;display:block;position:absolute;top:0;left:0;z-index:0\" class=\"mask\" id=\"el-c25ef01e-dd2b-4b3f-a31b-6ca29b142b32\">\n<div style=\"position:absolute;width:100%;height:100%;left:0%;top:0%\" data-leaf-element=\"true\"><amp-img layout=\"fill\" src=\"https:\/\/www.panoramamoveis.com.br\/blog-wp\/wp-content\/uploads\/2022\/07\/ESPELHOS-PG4.png\" alt=\"sala com espelho ovalado em cima de bancada de madeira\" srcSet=\"https:\/\/www.panoramamoveis.com.br\/blog-wp\/wp-content\/uploads\/2022\/07\/ESPELHOS-PG4.png 1080w,https:\/\/www.panoramamoveis.com.br\/blog-wp\/wp-content\/uploads\/2022\/07\/ESPELHOS-PG4-864x1536.png 864w,https:\/\/www.panoramamoveis.com.br\/blog-wp\/wp-content\/uploads\/2022\/07\/ESPELHOS-PG4-768x1365.png 768w,https:\/\/www.panoramamoveis.com.br\/blog-wp\/wp-content\/uploads\/2022\/07\/ESPELHOS-PG4-576x1024.png 576w,https:\/\/www.panoramamoveis.com.br\/blog-wp\/wp-content\/uploads\/2022\/07\/ESPELHOS-PG4-169x300.png 169w,https:\/\/www.panoramamoveis.com.br\/blog-wp\/wp-content\/uploads\/2022\/07\/ESPELHOS-PG4-150x267.png 150w\" sizes=\"(min-width: 1024px) 45vh, 100vw\" disable-inline-width=\"true\"><\/amp-img><\/div>\n<\/div>\n<\/div>\n<\/div>\n<\/div>\n<p><\/amp-story-grid-layer><amp-story-grid-layer template=\"vertical\" aspect-ratio=\"412:618\" class=\"grid-layer\"><\/p>\n<div class=\"page-fullbleed-area\">\n<div class=\"page-safe-area\">\n<div style=\"position:absolute;pointer-events:none;left:11.65049%;top:-6.14887%;width:75.97087%;height:63.26861%;opacity:1\">\n<div style=\"pointer-events:initial;width:100%;height:100%;display:block;position:absolute;top:0;left:0;z-index:0\" class=\"mask\" id=\"el-50cd94b2-010f-4646-b990-32a70201414a\">\n<div style=\"position:absolute;width:141.55256%;height:100%;left:-20.77628%;top:0%\" data-leaf-element=\"true\"><amp-img layout=\"fill\" src=\"https:\/\/www.panoramamoveis.com.br\/blog-wp\/wp-content\/uploads\/2025\/02\/fazendeiro-pulverizando-vegetais-no-jardim-com-herbicidas-homem-de-avental-preto_1157-39707.png\" alt=\"fazendeiro-pulverizando-vegetais-no-jardim-com-herbicidas-homem-de-avental-preto_1157-39707\" srcSet=\"https:\/\/www.panoramamoveis.com.br\/blog-wp\/wp-content\/uploads\/2025\/02\/fazendeiro-pulverizando-vegetais-no-jardim-com-herbicidas-homem-de-avental-preto_1157-39707.png 800w,https:\/\/www.panoramamoveis.com.br\/blog-wp\/wp-content\/uploads\/2025\/02\/fazendeiro-pulverizando-vegetais-no-jardim-com-herbicidas-homem-de-avental-preto_1157-39707-768x678.png 768w,https:\/\/www.panoramamoveis.com.br\/blog-wp\/wp-content\/uploads\/2025\/02\/fazendeiro-pulverizando-vegetais-no-jardim-com-herbicidas-homem-de-avental-preto_1157-39707-300x265.png 300w,https:\/\/www.panoramamoveis.com.br\/blog-wp\/wp-content\/uploads\/2025\/02\/fazendeiro-pulverizando-vegetais-no-jardim-com-herbicidas-homem-de-avental-preto_1157-39707-150x132.png 150w\" sizes=\"(min-width: 1024px) 34vh, 76vw\" disable-inline-width=\"true\"><\/amp-img><\/div>\n<\/div>\n<\/div>\n<div style=\"position:absolute;pointer-events:none;left:11.65049%;top:50%;width:75.24272%;height:7.11974%;opacity:1\">\n<div style=\"pointer-events:initial;width:100%;height:100%;display:block;position:absolute;top:0;left:0;z-index:0;border-radius:0.6451612903225806% 0.6451612903225806% 0.6451612903225806% 0.6451612903225806% \/ 4.545454545454546% 4.545454545454546% 4.545454545454546% 4.545454545454546%\" id=\"el-ca2349d0-6c66-4baf-a227-6399d19aba40\">\n<h3 class=\"fill text-wrapper\" style=\"white-space:pre-line;overflow-wrap:break-word;word-break:break-word;margin:0;font-family:&quot;Anton&quot;,sans-serif;font-size:0.388350em;line-height:calc(1em + 0.3333333333333333em);text-align:left;padding:0;color:#000000;background-color:rgba(163,0,3,0.6);background:none\"><span style=\"display:block;position:relative;left:0;top:0;margin:1.956275201612903% 0;-webkit-box-decoration-break:clone;box-decoration-break:clone\"><span style=\"background-color:rgba(163,0,3,0.6);-webkit-box-decoration-break:clone;box-decoration-break:clone;position:relative;padding:1.2903225806451613% 2.5806451612903225%;text-align:left;border-radius:2px 2px 2px 2px;color:transparent\">Evite o Uso de Pesticida<\/span><\/span><\/h3>\n<h3 class=\"fill text-wrapper\" style=\"white-space:pre-line;overflow-wrap:break-word;word-break:break-word;margin:0;font-family:&quot;Anton&quot;,sans-serif;font-size:0.388350em;line-height:calc(1em + 0.3333333333333333em);text-align:left;padding:0;color:#000000;background-color:rgba(163,0,3,0.6);background:none;position:absolute;top:0;left:0;right:0\" aria-hidden=\"true\"><span style=\"display:block;position:relative;left:0;top:0;margin:1.956275201612903% 0;-webkit-box-decoration-break:clone;box-decoration-break:clone\"><span style=\"background-color:rgba(163,0,3,0.6);-webkit-box-decoration-break:clone;box-decoration-break:clone;position:relative;padding:1.2903225806451613% 2.5806451612903225%;text-align:left;border-radius:2px 2px 2px 2px;background:none\"><span style=\"color: #fff\">Evite o Uso de Pesticida<\/span><\/span><\/span><\/h3>\n<\/div>\n<\/div>\n<div style=\"position:absolute;pointer-events:none;left:16.99029%;top:-8.41424%;width:13.59223%;height:16.82848%;transform:rotate(270deg);opacity:1\">\n<div style=\"pointer-events:initial;width:100%;height:100%;display:block;position:absolute;top:0;left:0;z-index:0\" class=\"mask\" id=\"el-b37fe72d-51d9-4644-9929-65f7953c8819\">\n<div style=\"position:absolute;width:104.46432%;height:100%;left:-2.23216%;top:0%\" data-leaf-element=\"true\"><amp-img layout=\"fill\" src=\"https:\/\/www.panoramamoveis.com.br\/blog-wp\/wp-content\/uploads\/2021\/11\/Panorama-Moveis-click-1.png\" alt=\"Panorama M\u00f3veis click (1)\" srcSet=\"https:\/\/www.panoramamoveis.com.br\/blog-wp\/wp-content\/uploads\/2021\/11\/Panorama-Moveis-click-1.png 3240w,https:\/\/www.panoramamoveis.com.br\/blog-wp\/wp-content\/uploads\/2021\/11\/Panorama-Moveis-click-1-1980x3520.png 1980w,https:\/\/www.panoramamoveis.com.br\/blog-wp\/wp-content\/uploads\/2021\/11\/Panorama-Moveis-click-1-1200x2133.png 1200w,https:\/\/www.panoramamoveis.com.br\/blog-wp\/wp-content\/uploads\/2021\/11\/Panorama-Moveis-click-1-1152x2048.png 1152w,https:\/\/www.panoramamoveis.com.br\/blog-wp\/wp-content\/uploads\/2021\/11\/Panorama-Moveis-click-1-864x1536.png 864w,https:\/\/www.panoramamoveis.com.br\/blog-wp\/wp-content\/uploads\/2021\/11\/Panorama-Moveis-click-1-768x1365.png 768w,https:\/\/www.panoramamoveis.com.br\/blog-wp\/wp-content\/uploads\/2021\/11\/Panorama-Moveis-click-1-576x1024.png 576w,https:\/\/www.panoramamoveis.com.br\/blog-wp\/wp-content\/uploads\/2021\/11\/Panorama-Moveis-click-1-169x300.png 169w,https:\/\/www.panoramamoveis.com.br\/blog-wp\/wp-content\/uploads\/2021\/11\/Panorama-Moveis-click-1-150x267.png 150w\" sizes=\"(min-width: 1024px) 6vh, 14vw\" disable-inline-width=\"true\"><\/amp-img><\/div>\n<\/div>\n<\/div>\n<div style=\"position:absolute;pointer-events:none;left:12.37864%;top:57.11974%;width:75.24272%;height:41.26214%;opacity:1\">\n<div id=\"anim-059e24aa-39df-47c3-a1f0-4e3748271d53\" class=\"animation-wrapper\" style=\"width:100%;height:100%;display:block;position:absolute;top:0;left:0;--initial-opacity:0;--initial-transform:none\">\n<div style=\"pointer-events:initial;width:100%;height:100%;display:block;position:absolute;top:0;left:0;z-index:0;border-radius:0.6451612903225806% 0.6451612903225806% 0.6451612903225806% 0.6451612903225806% \/ 0.7843137254901961% 0.7843137254901961% 0.7843137254901961% 0.7843137254901961%\" id=\"el-ac95036e-b3a0-459d-8339-9310c69109e3\">\n<h3 class=\"fill text-wrapper\" style=\"white-space:pre-line;overflow-wrap:break-word;word-break:break-word;margin:1.0461290322580645% 0;font-family:&quot;Oswald&quot;,sans-serif;font-size:0.372168em;line-height:1.2;text-align:left;padding:0;color:#000000\"><span><span style=\"color: #f00\">O uso de produtos qu\u00edmicos, como pesticidas e herbicidas, tem impacto negativo n\u00e3o apenas nas pragas, mas tamb\u00e9m na fauna local.&nbsp;<\/span><\/p>\n<p><span style=\"color: #f00\">Esses produtos podem contaminar a \u00e1gua, o solo e os alimentos que os p\u00e1ssaros consomem, afetando sua sa\u00fade e afastando-os do seu quintal.<\/span><\/span><\/h3>\n<\/div>\n<\/div>\n<\/div>\n<\/div>\n<\/div>\n<p><\/amp-story-grid-layer><\/amp-story-page><amp-story-page id=\"5370872b-d0c0-48ce-af3b-985b1480ee5d\" auto-advance-after=\"7s\"><amp-story-animation layout=\"nodisplay\" trigger=\"visibility\"><script type=\"application\/json\">[{\"selector\":\"#anim-81876bde-c519-4503-a0a0-421e81e95383\",\"keyframes\":{\"opacity\":[0,1]},\"delay\":0,\"duration\":600,\"easing\":\"cubic-bezier(0.4, 0.4, 0.0, 1)\",\"fill\":\"both\"}]<\/script><\/amp-story-animation><amp-story-grid-layer template=\"vertical\" aspect-ratio=\"412:618\" class=\"grid-layer\"><\/p>\n<div class=\"page-fullbleed-area\" style=\"background-color:#d0c9c3\">\n<div class=\"page-safe-area\">\n<div style=\"position:absolute;pointer-events:none;left:0;top:-9.25926%;width:100%;height:118.51852%;opacity:1\">\n<div style=\"pointer-events:initial;width:100%;height:100%;display:block;position:absolute;top:0;left:0;z-index:0\" class=\"mask\" id=\"el-7cb15a92-c278-4433-8063-ac5a80c10204\">\n<div style=\"position:absolute;width:100%;height:100%;left:0%;top:0%\" data-leaf-element=\"true\"><amp-img layout=\"fill\" src=\"https:\/\/www.panoramamoveis.com.br\/blog-wp\/wp-content\/uploads\/2022\/07\/ESPELHOS-PG4.png\" alt=\"sala com espelho ovalado em cima de bancada de madeira\" srcSet=\"https:\/\/www.panoramamoveis.com.br\/blog-wp\/wp-content\/uploads\/2022\/07\/ESPELHOS-PG4.png 1080w,https:\/\/www.panoramamoveis.com.br\/blog-wp\/wp-content\/uploads\/2022\/07\/ESPELHOS-PG4-864x1536.png 864w,https:\/\/www.panoramamoveis.com.br\/blog-wp\/wp-content\/uploads\/2022\/07\/ESPELHOS-PG4-768x1365.png 768w,https:\/\/www.panoramamoveis.com.br\/blog-wp\/wp-content\/uploads\/2022\/07\/ESPELHOS-PG4-576x1024.png 576w,https:\/\/www.panoramamoveis.com.br\/blog-wp\/wp-content\/uploads\/2022\/07\/ESPELHOS-PG4-169x300.png 169w,https:\/\/www.panoramamoveis.com.br\/blog-wp\/wp-content\/uploads\/2022\/07\/ESPELHOS-PG4-150x267.png 150w\" sizes=\"(min-width: 1024px) 45vh, 100vw\" disable-inline-width=\"true\"><\/amp-img><\/div>\n<\/div>\n<\/div>\n<\/div>\n<\/div>\n<p><\/amp-story-grid-layer><amp-story-grid-layer template=\"vertical\" aspect-ratio=\"412:618\" class=\"grid-layer\"><\/p>\n<div class=\"page-fullbleed-area\">\n<div class=\"page-safe-area\">\n<div style=\"position:absolute;pointer-events:none;left:12.13592%;top:-5.98706%;width:75.72816%;height:63.1068%;opacity:1\">\n<div style=\"pointer-events:initial;width:100%;height:100%;display:block;position:absolute;top:0;left:0;z-index:0\" class=\"mask\" id=\"el-39b208b3-a819-4487-984e-53098b61d38a\">\n<div style=\"position:absolute;width:187.67705%;height:100%;left:-43.83853%;top:0%\" data-leaf-element=\"true\"><amp-img layout=\"fill\" src=\"https:\/\/www.panoramamoveis.com.br\/blog-wp\/wp-content\/uploads\/2025\/02\/jardim-a-luz-do-dia_23-2147663467.jpg\" alt=\"jardim-a-luz-do-dia_23-2147663467\" srcSet=\"https:\/\/www.panoramamoveis.com.br\/blog-wp\/wp-content\/uploads\/2025\/02\/jardim-a-luz-do-dia_23-2147663467.jpg 1060w,https:\/\/www.panoramamoveis.com.br\/blog-wp\/wp-content\/uploads\/2025\/02\/jardim-a-luz-do-dia_23-2147663467-1024x682.jpg 1024w,https:\/\/www.panoramamoveis.com.br\/blog-wp\/wp-content\/uploads\/2025\/02\/jardim-a-luz-do-dia_23-2147663467-768x512.jpg 768w,https:\/\/www.panoramamoveis.com.br\/blog-wp\/wp-content\/uploads\/2025\/02\/jardim-a-luz-do-dia_23-2147663467-300x200.jpg 300w,https:\/\/www.panoramamoveis.com.br\/blog-wp\/wp-content\/uploads\/2025\/02\/jardim-a-luz-do-dia_23-2147663467-150x100.jpg 150w\" sizes=\"(min-width: 1024px) 34vh, 76vw\" disable-inline-width=\"true\"><\/amp-img><\/div>\n<\/div>\n<\/div>\n<div style=\"position:absolute;pointer-events:none;left:12.13592%;top:50%;width:75.24272%;height:7.11974%;opacity:1\">\n<div style=\"pointer-events:initial;width:100%;height:100%;display:block;position:absolute;top:0;left:0;z-index:0;border-radius:0.6451612903225806% 0.6451612903225806% 0.6451612903225806% 0.6451612903225806% \/ 4.545454545454546% 4.545454545454546% 4.545454545454546% 4.545454545454546%\" id=\"el-7e1543a1-505d-4bda-8083-526f21c8aa9c\">\n<h3 class=\"fill text-wrapper\" style=\"white-space:pre-line;overflow-wrap:break-word;word-break:break-word;margin:0;font-family:&quot;Anton&quot;,sans-serif;font-size:0.388350em;line-height:calc(1em + 0.3333333333333333em);text-align:left;padding:0;color:#000000;background-color:rgba(163,0,3,0.6);background:none\"><span style=\"display:block;position:relative;left:0;top:0;margin:1.956275201612903% 0;-webkit-box-decoration-break:clone;box-decoration-break:clone\"><span style=\"background-color:rgba(163,0,3,0.6);-webkit-box-decoration-break:clone;box-decoration-break:clone;position:relative;padding:1.2903225806451613% 2.5806451612903225%;text-align:left;border-radius:2px 2px 2px 2px;color:transparent\">Ambiente Calmo e Silencioso<\/span><\/span><\/h3>\n<h3 class=\"fill text-wrapper\" style=\"white-space:pre-line;overflow-wrap:break-word;word-break:break-word;margin:0;font-family:&quot;Anton&quot;,sans-serif;font-size:0.388350em;line-height:calc(1em + 0.3333333333333333em);text-align:left;padding:0;color:#000000;background-color:rgba(163,0,3,0.6);background:none;position:absolute;top:0;left:0;right:0\" aria-hidden=\"true\"><span style=\"display:block;position:relative;left:0;top:0;margin:1.956275201612903% 0;-webkit-box-decoration-break:clone;box-decoration-break:clone\"><span style=\"background-color:rgba(163,0,3,0.6);-webkit-box-decoration-break:clone;box-decoration-break:clone;position:relative;padding:1.2903225806451613% 2.5806451612903225%;text-align:left;border-radius:2px 2px 2px 2px;background:none\"><span style=\"color: #fff\">Ambiente Calmo e Silencioso<\/span><\/span><\/span><\/h3>\n<\/div>\n<\/div>\n<div style=\"position:absolute;pointer-events:none;left:16.99029%;top:-8.41424%;width:13.59223%;height:16.82848%;transform:rotate(270deg);opacity:1\">\n<div style=\"pointer-events:initial;width:100%;height:100%;display:block;position:absolute;top:0;left:0;z-index:0\" class=\"mask\" id=\"el-1f8214fe-e364-4c08-a3d7-7593ca0f8600\">\n<div style=\"position:absolute;width:104.46432%;height:100%;left:-2.23216%;top:0%\" data-leaf-element=\"true\"><amp-img layout=\"fill\" src=\"https:\/\/www.panoramamoveis.com.br\/blog-wp\/wp-content\/uploads\/2021\/11\/Panorama-Moveis-click-1.png\" alt=\"Panorama M\u00f3veis click (1)\" srcSet=\"https:\/\/www.panoramamoveis.com.br\/blog-wp\/wp-content\/uploads\/2021\/11\/Panorama-Moveis-click-1.png 3240w,https:\/\/www.panoramamoveis.com.br\/blog-wp\/wp-content\/uploads\/2021\/11\/Panorama-Moveis-click-1-1980x3520.png 1980w,https:\/\/www.panoramamoveis.com.br\/blog-wp\/wp-content\/uploads\/2021\/11\/Panorama-Moveis-click-1-1200x2133.png 1200w,https:\/\/www.panoramamoveis.com.br\/blog-wp\/wp-content\/uploads\/2021\/11\/Panorama-Moveis-click-1-1152x2048.png 1152w,https:\/\/www.panoramamoveis.com.br\/blog-wp\/wp-content\/uploads\/2021\/11\/Panorama-Moveis-click-1-864x1536.png 864w,https:\/\/www.panoramamoveis.com.br\/blog-wp\/wp-content\/uploads\/2021\/11\/Panorama-Moveis-click-1-768x1365.png 768w,https:\/\/www.panoramamoveis.com.br\/blog-wp\/wp-content\/uploads\/2021\/11\/Panorama-Moveis-click-1-576x1024.png 576w,https:\/\/www.panoramamoveis.com.br\/blog-wp\/wp-content\/uploads\/2021\/11\/Panorama-Moveis-click-1-169x300.png 169w,https:\/\/www.panoramamoveis.com.br\/blog-wp\/wp-content\/uploads\/2021\/11\/Panorama-Moveis-click-1-150x267.png 150w\" sizes=\"(min-width: 1024px) 6vh, 14vw\" disable-inline-width=\"true\"><\/amp-img><\/div>\n<\/div>\n<\/div>\n<div style=\"position:absolute;pointer-events:none;left:12.37864%;top:57.11974%;width:75.24272%;height:41.26214%;opacity:1\">\n<div id=\"anim-81876bde-c519-4503-a0a0-421e81e95383\" class=\"animation-wrapper\" style=\"width:100%;height:100%;display:block;position:absolute;top:0;left:0;--initial-opacity:0;--initial-transform:none\">\n<div style=\"pointer-events:initial;width:100%;height:100%;display:block;position:absolute;top:0;left:0;z-index:0;border-radius:0.6451612903225806% 0.6451612903225806% 0.6451612903225806% 0.6451612903225806% \/ 0.7843137254901961% 0.7843137254901961% 0.7843137254901961% 0.7843137254901961%\" id=\"el-09796854-f3a3-4731-8189-6a206c0f03ee\">\n<h3 class=\"fill text-wrapper\" style=\"white-space:pre-line;overflow-wrap:break-word;word-break:break-word;margin:1.0461290322580645% 0;font-family:&quot;Oswald&quot;,sans-serif;font-size:0.372168em;line-height:1.2;text-align:left;padding:0;color:#000000\"><span><span style=\"color: #f00\">Os passarinhos s\u00e3o seres sens\u00edveis a ru\u00eddos e movimentos bruscos, e um ambiente tranquilo \u00e9 essencial para que eles se sintam seguros e confort\u00e1veis no seu quintal.&nbsp;<\/span><\/p>\n<p><span style=\"color: #f00\">Barulhos, como m\u00fasica alta, ferramentas ou gritos, podem assust\u00e1-los e afast\u00e1-los do local. &nbsp;<\/span><\/span><\/h3>\n<\/div>\n<\/div>\n<\/div>\n<\/div>\n<\/div>\n<p><\/amp-story-grid-layer><\/amp-story-page><amp-story-page id=\"a864dce6-d43d-46d3-9378-e304e1cfabc8\" auto-advance-after=\"7s\"><amp-story-animation layout=\"nodisplay\" trigger=\"visibility\"><script type=\"application\/json\">[{\"selector\":\"#anim-2fea7799-043f-4e5d-9e34-8c3d3e37a282\",\"keyframes\":{\"opacity\":[0,1]},\"delay\":0,\"duration\":600,\"easing\":\"cubic-bezier(0.4, 0.4, 0.0, 1)\",\"fill\":\"both\"}]<\/script><\/amp-story-animation><amp-story-grid-layer template=\"vertical\" aspect-ratio=\"412:618\" class=\"grid-layer\"><\/p>\n<div class=\"page-fullbleed-area\" style=\"background-color:#d0c9c3\">\n<div class=\"page-safe-area\">\n<div style=\"position:absolute;pointer-events:none;left:0;top:-9.25926%;width:100%;height:118.51852%;opacity:1\">\n<div style=\"pointer-events:initial;width:100%;height:100%;display:block;position:absolute;top:0;left:0;z-index:0\" class=\"mask\" id=\"el-f88afb51-ee03-4fac-8440-33cc7bf32eb5\">\n<div style=\"position:absolute;width:100%;height:100%;left:0%;top:0%\" data-leaf-element=\"true\"><amp-img layout=\"fill\" src=\"https:\/\/www.panoramamoveis.com.br\/blog-wp\/wp-content\/uploads\/2022\/07\/ESPELHOS-PG4.png\" alt=\"sala com espelho ovalado em cima de bancada de madeira\" srcSet=\"https:\/\/www.panoramamoveis.com.br\/blog-wp\/wp-content\/uploads\/2022\/07\/ESPELHOS-PG4.png 1080w,https:\/\/www.panoramamoveis.com.br\/blog-wp\/wp-content\/uploads\/2022\/07\/ESPELHOS-PG4-864x1536.png 864w,https:\/\/www.panoramamoveis.com.br\/blog-wp\/wp-content\/uploads\/2022\/07\/ESPELHOS-PG4-768x1365.png 768w,https:\/\/www.panoramamoveis.com.br\/blog-wp\/wp-content\/uploads\/2022\/07\/ESPELHOS-PG4-576x1024.png 576w,https:\/\/www.panoramamoveis.com.br\/blog-wp\/wp-content\/uploads\/2022\/07\/ESPELHOS-PG4-169x300.png 169w,https:\/\/www.panoramamoveis.com.br\/blog-wp\/wp-content\/uploads\/2022\/07\/ESPELHOS-PG4-150x267.png 150w\" sizes=\"(min-width: 1024px) 45vh, 100vw\" disable-inline-width=\"true\"><\/amp-img><\/div>\n<\/div>\n<\/div>\n<\/div>\n<\/div>\n<p><\/amp-story-grid-layer><amp-story-grid-layer template=\"vertical\" aspect-ratio=\"412:618\" class=\"grid-layer\"><\/p>\n<div class=\"page-fullbleed-area\">\n<div class=\"page-safe-area\">\n<div style=\"position:absolute;pointer-events:none;left:12.37864%;top:-5.98706%;width:75.97087%;height:63.1068%;opacity:1\">\n<div style=\"pointer-events:initial;width:100%;height:100%;display:block;position:absolute;top:0;left:0;z-index:0\" class=\"mask\" id=\"el-2e3c0aca-364e-4a01-87ef-422131ef5988\">\n<div style=\"position:absolute;width:186.549%;height:100%;left:-43.2745%;top:0%\" data-leaf-element=\"true\"><amp-img layout=\"fill\" src=\"https:\/\/www.panoramamoveis.com.br\/blog-wp\/wp-content\/uploads\/2025\/02\/vista-traseira-de-um-posicao-mulher-em-estufa_23-2147948258.jpg\" alt=\"vista-traseira-de-um-posicao-mulher-em-estufa_23-2147948258\" srcSet=\"https:\/\/www.panoramamoveis.com.br\/blog-wp\/wp-content\/uploads\/2025\/02\/vista-traseira-de-um-posicao-mulher-em-estufa_23-2147948258.jpg 1060w,https:\/\/www.panoramamoveis.com.br\/blog-wp\/wp-content\/uploads\/2025\/02\/vista-traseira-de-um-posicao-mulher-em-estufa_23-2147948258-1024x684.jpg 1024w,https:\/\/www.panoramamoveis.com.br\/blog-wp\/wp-content\/uploads\/2025\/02\/vista-traseira-de-um-posicao-mulher-em-estufa_23-2147948258-768x513.jpg 768w,https:\/\/www.panoramamoveis.com.br\/blog-wp\/wp-content\/uploads\/2025\/02\/vista-traseira-de-um-posicao-mulher-em-estufa_23-2147948258-300x200.jpg 300w,https:\/\/www.panoramamoveis.com.br\/blog-wp\/wp-content\/uploads\/2025\/02\/vista-traseira-de-um-posicao-mulher-em-estufa_23-2147948258-150x100.jpg 150w\" sizes=\"(min-width: 1024px) 34vh, 76vw\" disable-inline-width=\"true\"><\/amp-img><\/div>\n<\/div>\n<\/div>\n<div style=\"position:absolute;pointer-events:none;left:12.37864%;top:50%;width:75.24272%;height:7.11974%;opacity:1\">\n<div style=\"pointer-events:initial;width:100%;height:100%;display:block;position:absolute;top:0;left:0;z-index:0;border-radius:0.6451612903225806% 0.6451612903225806% 0.6451612903225806% 0.6451612903225806% \/ 4.545454545454546% 4.545454545454546% 4.545454545454546% 4.545454545454546%\" id=\"el-8ef741c9-0979-40ea-b8f0-895bb5ee55ea\">\n<h3 class=\"fill text-wrapper\" style=\"white-space:pre-line;overflow-wrap:break-word;word-break:break-word;margin:0;font-family:&quot;Anton&quot;,sans-serif;font-size:0.388350em;line-height:calc(1em + 0.3333333333333333em);text-align:left;padding:0;color:#000000;background-color:rgba(163,0,3,0.6);background:none\"><span style=\"display:block;position:relative;left:0;top:0;margin:1.956275201612903% 0;-webkit-box-decoration-break:clone;box-decoration-break:clone\"><span style=\"background-color:rgba(163,0,3,0.6);-webkit-box-decoration-break:clone;box-decoration-break:clone;position:relative;padding:1.2903225806451613% 2.5806451612903225%;text-align:left;border-radius:2px 2px 2px 2px;color:transparent\">Seja Paciente e Observador<\/span><\/span><\/h3>\n<h3 class=\"fill text-wrapper\" style=\"white-space:pre-line;overflow-wrap:break-word;word-break:break-word;margin:0;font-family:&quot;Anton&quot;,sans-serif;font-size:0.388350em;line-height:calc(1em + 0.3333333333333333em);text-align:left;padding:0;color:#000000;background-color:rgba(163,0,3,0.6);background:none;position:absolute;top:0;left:0;right:0\" aria-hidden=\"true\"><span style=\"display:block;position:relative;left:0;top:0;margin:1.956275201612903% 0;-webkit-box-decoration-break:clone;box-decoration-break:clone\"><span style=\"background-color:rgba(163,0,3,0.6);-webkit-box-decoration-break:clone;box-decoration-break:clone;position:relative;padding:1.2903225806451613% 2.5806451612903225%;text-align:left;border-radius:2px 2px 2px 2px;background:none\"><span style=\"color: #fff\">Seja Paciente e Observador<\/span><\/span><\/span><\/h3>\n<\/div>\n<\/div>\n<div style=\"position:absolute;pointer-events:none;left:16.99029%;top:-8.41424%;width:13.59223%;height:16.82848%;transform:rotate(270deg);opacity:1\">\n<div style=\"pointer-events:initial;width:100%;height:100%;display:block;position:absolute;top:0;left:0;z-index:0\" class=\"mask\" id=\"el-954a70d1-8774-4235-a569-7499e9dca304\">\n<div style=\"position:absolute;width:104.46432%;height:100%;left:-2.23216%;top:0%\" data-leaf-element=\"true\"><amp-img layout=\"fill\" src=\"https:\/\/www.panoramamoveis.com.br\/blog-wp\/wp-content\/uploads\/2021\/11\/Panorama-Moveis-click-1.png\" alt=\"Panorama M\u00f3veis click (1)\" srcSet=\"https:\/\/www.panoramamoveis.com.br\/blog-wp\/wp-content\/uploads\/2021\/11\/Panorama-Moveis-click-1.png 3240w,https:\/\/www.panoramamoveis.com.br\/blog-wp\/wp-content\/uploads\/2021\/11\/Panorama-Moveis-click-1-1980x3520.png 1980w,https:\/\/www.panoramamoveis.com.br\/blog-wp\/wp-content\/uploads\/2021\/11\/Panorama-Moveis-click-1-1200x2133.png 1200w,https:\/\/www.panoramamoveis.com.br\/blog-wp\/wp-content\/uploads\/2021\/11\/Panorama-Moveis-click-1-1152x2048.png 1152w,https:\/\/www.panoramamoveis.com.br\/blog-wp\/wp-content\/uploads\/2021\/11\/Panorama-Moveis-click-1-864x1536.png 864w,https:\/\/www.panoramamoveis.com.br\/blog-wp\/wp-content\/uploads\/2021\/11\/Panorama-Moveis-click-1-768x1365.png 768w,https:\/\/www.panoramamoveis.com.br\/blog-wp\/wp-content\/uploads\/2021\/11\/Panorama-Moveis-click-1-576x1024.png 576w,https:\/\/www.panoramamoveis.com.br\/blog-wp\/wp-content\/uploads\/2021\/11\/Panorama-Moveis-click-1-169x300.png 169w,https:\/\/www.panoramamoveis.com.br\/blog-wp\/wp-content\/uploads\/2021\/11\/Panorama-Moveis-click-1-150x267.png 150w\" sizes=\"(min-width: 1024px) 6vh, 14vw\" disable-inline-width=\"true\"><\/amp-img><\/div>\n<\/div>\n<\/div>\n<div style=\"position:absolute;pointer-events:none;left:12.37864%;top:57.11974%;width:75.24272%;height:41.26214%;opacity:1\">\n<div id=\"anim-2fea7799-043f-4e5d-9e34-8c3d3e37a282\" class=\"animation-wrapper\" style=\"width:100%;height:100%;display:block;position:absolute;top:0;left:0;--initial-opacity:0;--initial-transform:none\">\n<div style=\"pointer-events:initial;width:100%;height:100%;display:block;position:absolute;top:0;left:0;z-index:0;border-radius:0.6451612903225806% 0.6451612903225806% 0.6451612903225806% 0.6451612903225806% \/ 0.7843137254901961% 0.7843137254901961% 0.7843137254901961% 0.7843137254901961%\" id=\"el-b225534f-f331-4d7e-a4cf-2622b02ccbaf\">\n<h3 class=\"fill text-wrapper\" style=\"white-space:pre-line;overflow-wrap:break-word;word-break:break-word;margin:1.0461290322580645% 0;font-family:&quot;Oswald&quot;,sans-serif;font-size:0.372168em;line-height:1.2;text-align:left;padding:0;color:#000000\"><span><span style=\"color: #f00\">Os passarinhos n\u00e3o vir\u00e3o do dia para a noite. Tenha paci\u00eancia e observe se as mudan\u00e7as que voc\u00ea executou est\u00e3o surtindo efeitos ou n\u00e3o.<\/span><\/p>\n<p><span style=\"color: #f00\">Outra sugest\u00e3o \u00e9 observar o h\u00e1bito das aves que frequentam a regi\u00e3o da sua casa. Com essas dicas, em breve, seu quintal estar\u00e1 cheio de vida.<\/span><\/span><\/h3>\n<\/div>\n<\/div>\n<\/div>\n<\/div>\n<\/div>\n<p><\/amp-story-grid-layer><\/amp-story-page><amp-story-page id=\"66a0ac8c-ba37-494b-b185-c3c180339647\" auto-advance-after=\"7s\"><amp-story-animation layout=\"nodisplay\" trigger=\"visibility\"><script type=\"application\/json\">[{\"selector\":\"#anim-350f9737-dcbf-4d24-82f4-39f0cba189dc\",\"keyframes\":{\"transform\":[\"scale(1)\",\"scale(1.5)\",\"scale(0.95)\",\"scale(1)\"],\"offset\":[0,0.33,0.66,1]},\"delay\":0,\"duration\":1450,\"easing\":\"ease-in-out\",\"fill\":\"both\",\"iterations\":1}]<\/script><\/amp-story-animation><amp-story-animation layout=\"nodisplay\" trigger=\"visibility\"><script type=\"application\/json\">[{\"selector\":\"#anim-a90ffb34-ce3f-4ccf-a526-bafe73517ff7\",\"keyframes\":{\"transform\":[\"scale(1)\",\"scale(1.5)\",\"scale(0.95)\",\"scale(1)\"],\"offset\":[0,0.33,0.66,1]},\"delay\":0,\"duration\":1450,\"easing\":\"ease-in-out\",\"fill\":\"both\",\"iterations\":5}]<\/script><\/amp-story-animation><amp-story-grid-layer template=\"vertical\" aspect-ratio=\"412:618\" class=\"grid-layer\"><\/p>\n<div class=\"page-fullbleed-area\" style=\"background-color:#863a30\">\n<div class=\"page-safe-area\">\n<div style=\"position:absolute;pointer-events:none;left:0;top:-9.25926%;width:100%;height:118.51852%;opacity:1\">\n<div style=\"pointer-events:initial;width:100%;height:100%;display:block;position:absolute;top:0;left:0;z-index:0\" class=\"mask\" id=\"el-fc963da3-13ed-4c85-946f-6ff12080ee09\">\n<div style=\"position:absolute;width:100%;height:100%;left:0%;top:0%\" data-leaf-element=\"true\"><amp-img layout=\"fill\" src=\"https:\/\/www.panoramamoveis.com.br\/blog-wp\/wp-content\/uploads\/2022\/07\/ESPELHOS-PG8.png\" alt=\"Sala com parede verde  e sof\u00e1 claro\" srcSet=\"https:\/\/www.panoramamoveis.com.br\/blog-wp\/wp-content\/uploads\/2022\/07\/ESPELHOS-PG8.png 1080w,https:\/\/www.panoramamoveis.com.br\/blog-wp\/wp-content\/uploads\/2022\/07\/ESPELHOS-PG8-864x1536.png 864w,https:\/\/www.panoramamoveis.com.br\/blog-wp\/wp-content\/uploads\/2022\/07\/ESPELHOS-PG8-768x1365.png 768w,https:\/\/www.panoramamoveis.com.br\/blog-wp\/wp-content\/uploads\/2022\/07\/ESPELHOS-PG8-576x1024.png 576w,https:\/\/www.panoramamoveis.com.br\/blog-wp\/wp-content\/uploads\/2022\/07\/ESPELHOS-PG8-169x300.png 169w,https:\/\/www.panoramamoveis.com.br\/blog-wp\/wp-content\/uploads\/2022\/07\/ESPELHOS-PG8-150x267.png 150w\" sizes=\"(min-width: 1024px) 45vh, 100vw\" disable-inline-width=\"true\"><\/amp-img><\/div>\n<\/div>\n<\/div>\n<\/div>\n<\/div>\n<p><\/amp-story-grid-layer><amp-story-grid-layer template=\"vertical\" aspect-ratio=\"412:618\" class=\"grid-layer\"><\/p>\n<div class=\"page-fullbleed-area\">\n<div class=\"page-safe-area\">\n<div style=\"position:absolute;pointer-events:none;left:11.65049%;top:56.31068%;width:76.69903%;height:30.42071%;opacity:1\">\n<div style=\"pointer-events:initial;width:100%;height:100%;display:block;position:absolute;top:0;left:0;z-index:0;border-radius:0.6329113924050633% 0.6329113924050633% 0.6329113924050633% 0.6329113924050633% \/ 1.0638297872340425% 1.0638297872340425% 1.0638297872340425% 1.0638297872340425%;background-clip:content-box;background-color:rgba(196,196,196,0.1)\" id=\"el-5e68c346-e37c-4bb3-9020-a630be36084e\">\n<h3 class=\"fill text-wrapper\" style=\"white-space:pre-line;overflow-wrap:break-word;word-break:break-word;margin:-0.06835443037974717% 0;font-family:&quot;Oswald&quot;,sans-serif;font-size:0.388350em;line-height:1.5;text-align:left;padding:1.2658227848101267% 2.5316455696202533%;color:#000000\"><span><span style=\"font-weight: 700; color: #e23b40\">O nosso blog \u00e9 super completo, com as melhores dicas e curiosidades!<\/span><\/p>\n<p><span style=\"font-weight: 700; color: #e23b40\">Confira clicando abaixo!<\/span><\/span><\/h3>\n<\/div>\n<\/div>\n<div style=\"position:absolute;pointer-events:none;left:69.41748%;top:88.02589%;width:16.99029%;height:11.16505%;opacity:1\">\n<div id=\"anim-350f9737-dcbf-4d24-82f4-39f0cba189dc\" class=\"animation-wrapper\" style=\"width:100%;height:100%;display:block;position:absolute;top:0;left:0;--initial-opacity:1;--initial-transform:scale(1)\">\n<div style=\"pointer-events:initial;width:100%;height:100%;display:block;position:absolute;top:0;left:0;z-index:0\" class=\"mask\" id=\"el-1342f69e-ca15-4206-97ea-e8836e6a0267\"><a href=\"https:\/\/www.panoramamoveis.com.br\/moveis\/iluminacao?utm_source=web-stories\" data-tooltip-icon=\"https:\/\/www.panoramamoveis.com.br\/blog-wp\/wp-content\/uploads\/2021\/11\/cropped-cropped-Panorama-03-scaled-3-1.jpg\" data-tooltip-text=\"\t\t\tIlumina\u00e7\u00e3o: Com At\u00e9 50% OFF, 12x Sem Juros | Panorama M\u00f3veis\n\t\" target=\"_blank\" rel=\"noreferrer noreferrer noreferrer noreferrer noreferrer noreferrer noreferrer noreferrer noreferrer noreferrer noreferrer noreferrer noreferrer noreferrer\" style=\"width:100%;height:100%;display:block;position:absolute;top:0;left:0\"><\/p>\n<div style=\"position:absolute;width:100%;height:101.44925%;left:0%;top:-0.72463%\" data-leaf-element=\"true\"><amp-img layout=\"fill\" src=\"https:\/\/www.panoramamoveis.com.br\/blog-wp\/wp-content\/uploads\/2021\/10\/click-aqui.png\" alt=\"click aqui\" srcSet=\"https:\/\/www.panoramamoveis.com.br\/blog-wp\/wp-content\/uploads\/2021\/10\/click-aqui.png 1080w,https:\/\/www.panoramamoveis.com.br\/blog-wp\/wp-content\/uploads\/2021\/10\/click-aqui-1024x1024.png 1024w,https:\/\/www.panoramamoveis.com.br\/blog-wp\/wp-content\/uploads\/2021\/10\/click-aqui-768x768.png 768w,https:\/\/www.panoramamoveis.com.br\/blog-wp\/wp-content\/uploads\/2021\/10\/click-aqui-300x300.png 300w,https:\/\/www.panoramamoveis.com.br\/blog-wp\/wp-content\/uploads\/2021\/10\/click-aqui-150x150.png 150w,https:\/\/www.panoramamoveis.com.br\/blog-wp\/wp-content\/uploads\/2021\/10\/click-aqui-96x96.png 96w\" sizes=\"(min-width: 1024px) 8vh, 17vw\" disable-inline-width=\"true\"><\/amp-img><\/div>\n<p><\/a><\/div>\n<\/div>\n<\/div>\n<div style=\"position:absolute;pointer-events:none;left:19.90291%;top:-6.6343%;width:13.59223%;height:16.82848%;transform:rotate(270deg);opacity:1\">\n<div style=\"pointer-events:initial;width:100%;height:100%;display:block;position:absolute;top:0;left:0;z-index:0\" class=\"mask\" id=\"el-381b00cb-a11a-43d3-a8eb-d2a3e1bada8e\">\n<div style=\"position:absolute;width:104.46432%;height:100%;left:-2.23216%;top:0%\" data-leaf-element=\"true\"><amp-img layout=\"fill\" src=\"https:\/\/www.panoramamoveis.com.br\/blog-wp\/wp-content\/uploads\/2021\/11\/Panorama-Moveis-click-1.png\" alt=\"Panorama M\u00f3veis click (1)\" srcSet=\"https:\/\/www.panoramamoveis.com.br\/blog-wp\/wp-content\/uploads\/2021\/11\/Panorama-Moveis-click-1.png 3240w,https:\/\/www.panoramamoveis.com.br\/blog-wp\/wp-content\/uploads\/2021\/11\/Panorama-Moveis-click-1-1980x3520.png 1980w,https:\/\/www.panoramamoveis.com.br\/blog-wp\/wp-content\/uploads\/2021\/11\/Panorama-Moveis-click-1-1200x2133.png 1200w,https:\/\/www.panoramamoveis.com.br\/blog-wp\/wp-content\/uploads\/2021\/11\/Panorama-Moveis-click-1-1152x2048.png 1152w,https:\/\/www.panoramamoveis.com.br\/blog-wp\/wp-content\/uploads\/2021\/11\/Panorama-Moveis-click-1-864x1536.png 864w,https:\/\/www.panoramamoveis.com.br\/blog-wp\/wp-content\/uploads\/2021\/11\/Panorama-Moveis-click-1-768x1365.png 768w,https:\/\/www.panoramamoveis.com.br\/blog-wp\/wp-content\/uploads\/2021\/11\/Panorama-Moveis-click-1-576x1024.png 576w,https:\/\/www.panoramamoveis.com.br\/blog-wp\/wp-content\/uploads\/2021\/11\/Panorama-Moveis-click-1-169x300.png 169w,https:\/\/www.panoramamoveis.com.br\/blog-wp\/wp-content\/uploads\/2021\/11\/Panorama-Moveis-click-1-150x267.png 150w\" sizes=\"(min-width: 1024px) 6vh, 14vw\" disable-inline-width=\"true\"><\/amp-img><\/div>\n<\/div>\n<\/div>\n<div style=\"position:absolute;pointer-events:none;left:30.33981%;top:90.29126%;width:39.07767%;height:6.6343%;opacity:1\">\n<div id=\"anim-a90ffb34-ce3f-4ccf-a526-bafe73517ff7\" class=\"animation-wrapper\" style=\"width:100%;height:100%;display:block;position:absolute;top:0;left:0;--initial-opacity:1;--initial-transform:scale(1)\">\n<div style=\"pointer-events:initial;width:100%;height:100%;display:block;position:absolute;top:0;left:0;z-index:0;border-radius:1.2422360248447204% 1.2422360248447204% 1.2422360248447204% 1.2422360248447204% \/ 4.878048780487805% 4.878048780487805% 4.878048780487805% 4.878048780487805%\" id=\"el-dbd11309-135c-4f19-a1d0-ab0435048fc7\"><a href=\"https:\/\/www.panoramamoveis.com.br\/blog?utm_source=web-stories\" data-tooltip-text=\"Panorama M\u00f3veis: Blog de M\u00f3veis e Artigos Para Decora\u00e7\u00e3o\" target=\"_blank\" rel=\"noreferrer\" style=\"width:100%;height:100%;display:block;position:absolute;top:0;left:0\"><\/p>\n<h2 class=\"fill text-wrapper\" style=\"white-space:pre-line;overflow-wrap:break-word;word-break:break-word;margin:2.4521739130434783% 0;font-family:&quot;Oswald&quot;,sans-serif;font-size:0.453074em;line-height:1.2;text-align:initial;padding:0;color:#000000\"><span><span style=\"font-weight: 700; color: #eee\">CLIQUE AQUI!<\/span><\/span><\/h2>\n<p><\/a><\/div>\n<\/div>\n<\/div>\n<\/div>\n<\/div>\n<p><\/amp-story-grid-layer><\/amp-story-page><amp-story-page id=\"cf3f0ee3-4f14-4a21-b304-7d1029fa044c\" auto-advance-after=\"7s\"><amp-story-animation layout=\"nodisplay\" trigger=\"visibility\"><script type=\"application\/json\">[{\"selector\":\"#anim-66cb6294-abff-411f-96d3-67f323c8b116\",\"keyframes\":{\"transform\":[\"scale(1)\",\"scale(1.5)\",\"scale(0.95)\",\"scale(1)\"],\"offset\":[0,0.33,0.66,1]},\"delay\":0,\"duration\":1450,\"easing\":\"ease-in-out\",\"fill\":\"both\",\"iterations\":1}]<\/script><\/amp-story-animation><amp-story-animation layout=\"nodisplay\" trigger=\"visibility\"><script type=\"application\/json\">[{\"selector\":\"#anim-e1609480-81f0-4860-822b-651b362ff784\",\"keyframes\":{\"transform\":[\"translate3d(-121.70542%, 0px, 0)\",\"translate3d(0px, 0px, 0)\"]},\"delay\":0,\"duration\":600,\"easing\":\"cubic-bezier(0.4, 0.4, 0.0, 1)\",\"fill\":\"both\"}]<\/script><\/amp-story-animation><amp-story-animation layout=\"nodisplay\" trigger=\"visibility\"><script type=\"application\/json\">[{\"selector\":\"#anim-52ce1bcc-697e-471c-a9fd-a7d6c527f9a9\",\"keyframes\":{\"opacity\":[0,1]},\"delay\":0,\"duration\":600,\"easing\":\"cubic-bezier(0.4, 0.4, 0.0, 1)\",\"fill\":\"both\"}]<\/script><\/amp-story-animation><amp-story-animation layout=\"nodisplay\" trigger=\"visibility\"><script type=\"application\/json\">[{\"selector\":\"#anim-f4ef293f-0f63-4bb4-a0d2-777a7d94c8ff\",\"keyframes\":{\"transform\":[\"scale(0.15)\",\"scale(1)\"]},\"delay\":0,\"duration\":600,\"easing\":\"cubic-bezier(0.4, 0.4, 0.0, 1)\",\"fill\":\"forwards\"}]<\/script><\/amp-story-animation><amp-story-grid-layer template=\"vertical\" aspect-ratio=\"412:618\" class=\"grid-layer\"><\/p>\n<div class=\"page-fullbleed-area\" style=\"background-color:#dfdedc\">\n<div class=\"page-safe-area\">\n<div style=\"position:absolute;pointer-events:none;left:0;top:-9.25926%;width:100%;height:118.51852%;opacity:1\">\n<div style=\"pointer-events:initial;width:100%;height:100%;display:block;position:absolute;top:0;left:0;z-index:0\" class=\"mask\" id=\"el-9fb73b11-b73e-4d31-9893-73773fb54053\">\n<div style=\"position:absolute;width:100%;height:100%;left:0%;top:0%\" data-leaf-element=\"true\"><amp-img layout=\"fill\" src=\"https:\/\/www.panoramamoveis.com.br\/blog-wp\/wp-content\/uploads\/2022\/07\/ESPELHOS-PG9.png\" alt=\"Sala com sof\u00e1 cinza e 2 espelhos redondos\" srcSet=\"https:\/\/www.panoramamoveis.com.br\/blog-wp\/wp-content\/uploads\/2022\/07\/ESPELHOS-PG9.png 1080w,https:\/\/www.panoramamoveis.com.br\/blog-wp\/wp-content\/uploads\/2022\/07\/ESPELHOS-PG9-864x1536.png 864w,https:\/\/www.panoramamoveis.com.br\/blog-wp\/wp-content\/uploads\/2022\/07\/ESPELHOS-PG9-768x1365.png 768w,https:\/\/www.panoramamoveis.com.br\/blog-wp\/wp-content\/uploads\/2022\/07\/ESPELHOS-PG9-576x1024.png 576w,https:\/\/www.panoramamoveis.com.br\/blog-wp\/wp-content\/uploads\/2022\/07\/ESPELHOS-PG9-169x300.png 169w,https:\/\/www.panoramamoveis.com.br\/blog-wp\/wp-content\/uploads\/2022\/07\/ESPELHOS-PG9-150x267.png 150w\" sizes=\"(min-width: 1024px) 45vh, 100vw\" disable-inline-width=\"true\"><\/amp-img><\/div>\n<\/div>\n<\/div>\n<\/div>\n<\/div>\n<p><\/amp-story-grid-layer><amp-story-grid-layer template=\"vertical\" aspect-ratio=\"412:618\" class=\"grid-layer\"><\/p>\n<div class=\"page-fullbleed-area\">\n<div class=\"page-safe-area\">\n<div style=\"position:absolute;pointer-events:none;left:11.65049%;top:52.91262%;width:76.94175%;height:20.87379%;opacity:1\">\n<div style=\"pointer-events:initial;width:100%;height:100%;display:block;position:absolute;top:0;left:0;z-index:0;border-radius:0.6309148264984227% 0.6309148264984227% 0.6309148264984227% 0.6309148264984227% \/ 1.550387596899225% 1.550387596899225% 1.550387596899225% 1.550387596899225%;background-clip:content-box;background-color:rgba(255,255,255,0.5)\" id=\"el-d55968b3-c922-4819-954f-952ca85d62e4\">\n<h3 class=\"fill text-wrapper\" style=\"white-space:pre-line;overflow-wrap:break-word;word-break:break-word;margin:1.1053627760252365% 0;font-family:&quot;Oswald&quot;,sans-serif;font-size:0.388350em;line-height:1.19;text-align:left;padding:1.2618296529968454% 2.5236593059936907%;color:#000000\"><span><span style=\"font-weight: 700; color: #e23b40\">Com as dicas e sele\u00e7\u00e3o de m\u00f3veis da Panorama M\u00f3veis, voc\u00ea consegue deixar a sua casa exatamente do seu jeito.&nbsp;<\/span><\/span><\/h3>\n<\/div>\n<\/div>\n<div style=\"position:absolute;pointer-events:none;left:81.31068%;top:78.80259%;width:12.62136%;height:8.25243%;opacity:1\">\n<div id=\"anim-66cb6294-abff-411f-96d3-67f323c8b116\" class=\"animation-wrapper\" style=\"width:100%;height:100%;display:block;position:absolute;top:0;left:0;--initial-opacity:1;--initial-transform:scale(1)\">\n<div style=\"pointer-events:initial;width:100%;height:100%;display:block;position:absolute;top:0;left:0;z-index:0\" class=\"mask\" id=\"el-b9ae82de-c57f-4987-a4ac-26a9f25c01c3\"><a href=\"https:\/\/www.panoramamoveis.com.br?utm_source=web-stories\" data-tooltip-icon=\"https:\/\/www.panoramamoveis.com.br\/blog-wp\/wp-content\/uploads\/2021\/11\/cropped-cropped-Panorama-03-scaled-3.jpg\" data-tooltip-text=\"Panorama M\u00f3veis: Loja Online de M\u00f3veis e Decora\u00e7\u00e3o\" target=\"_blank\" rel=\"noreferrer\" style=\"width:100%;height:100%;display:block;position:absolute;top:0;left:0\"><\/p>\n<div style=\"position:absolute;width:100%;height:101.96076%;left:0%;top:-0.98038%\" data-leaf-element=\"true\"><amp-img layout=\"fill\" src=\"https:\/\/www.panoramamoveis.com.br\/blog-wp\/wp-content\/uploads\/2021\/10\/click-aqui.png\" alt=\"click aqui\" srcSet=\"https:\/\/www.panoramamoveis.com.br\/blog-wp\/wp-content\/uploads\/2021\/10\/click-aqui.png 1080w,https:\/\/www.panoramamoveis.com.br\/blog-wp\/wp-content\/uploads\/2021\/10\/click-aqui-1024x1024.png 1024w,https:\/\/www.panoramamoveis.com.br\/blog-wp\/wp-content\/uploads\/2021\/10\/click-aqui-768x768.png 768w,https:\/\/www.panoramamoveis.com.br\/blog-wp\/wp-content\/uploads\/2021\/10\/click-aqui-300x300.png 300w,https:\/\/www.panoramamoveis.com.br\/blog-wp\/wp-content\/uploads\/2021\/10\/click-aqui-150x150.png 150w,https:\/\/www.panoramamoveis.com.br\/blog-wp\/wp-content\/uploads\/2021\/10\/click-aqui-96x96.png 96w\" sizes=\"(min-width: 1024px) 6vh, 13vw\" disable-inline-width=\"true\"><\/amp-img><\/div>\n<p><\/a><\/div>\n<\/div>\n<\/div>\n<div style=\"position:absolute;pointer-events:none;left:25%;top:76.3754%;width:49.27184%;height:32.8479%;opacity:1\">\n<div style=\"pointer-events:initial;width:100%;height:100%;display:block;position:absolute;top:0;left:0;z-index:0\" class=\"mask\" id=\"el-e93d8fd0-edf5-47cc-a5fb-d42894479cdb\">\n<div style=\"position:absolute;width:100.00002%;height:100%;left:-0.00001%;top:0%\" data-leaf-element=\"true\"><amp-img layout=\"fill\" src=\"https:\/\/www.panoramamoveis.com.br\/blog-wp\/wp-content\/uploads\/2021\/09\/panorama-sem-fundo.png\" alt=\"panorama sem fundo\" srcSet=\"https:\/\/www.panoramamoveis.com.br\/blog-wp\/wp-content\/uploads\/2021\/09\/panorama-sem-fundo.png 500w,https:\/\/www.panoramamoveis.com.br\/blog-wp\/wp-content\/uploads\/2021\/09\/panorama-sem-fundo-300x300.png 300w,https:\/\/www.panoramamoveis.com.br\/blog-wp\/wp-content\/uploads\/2021\/09\/panorama-sem-fundo-150x150.png 150w,https:\/\/www.panoramamoveis.com.br\/blog-wp\/wp-content\/uploads\/2021\/09\/panorama-sem-fundo-96x96.png 96w\" sizes=\"(min-width: 1024px) 22vh, 49vw\" disable-inline-width=\"true\"><\/amp-img><\/div>\n<\/div>\n<\/div>\n<div style=\"position:absolute;pointer-events:none;left:13.59223%;top:79.44984%;width:62.62136%;height:7.11974%;opacity:1\">\n<div id=\"anim-e1609480-81f0-4860-822b-651b362ff784\" class=\"animation-wrapper\" style=\"width:100%;height:100%;display:block;position:absolute;top:0;left:0;--initial-opacity:1;--initial-transform:translate3d(-121.70542%, 0px, 0)\">\n<div id=\"anim-52ce1bcc-697e-471c-a9fd-a7d6c527f9a9\" class=\"animation-wrapper\" style=\"width:100%;height:100%;display:block;position:absolute;top:0;left:0;--initial-opacity:0;--initial-transform:none\">\n<div id=\"anim-f4ef293f-0f63-4bb4-a0d2-777a7d94c8ff\" class=\"animation-wrapper\" style=\"width:100%;height:100%;display:block;position:absolute;top:0;left:0;--initial-opacity:1;--initial-transform:scale(0.15)\">\n<div style=\"pointer-events:initial;width:100%;height:100%;display:block;position:absolute;top:0;left:0;z-index:0;border-radius:0.7751937984496124% 0.7751937984496124% 0.7751937984496124% 0.7751937984496124% \/ 4.545454545454546% 4.545454545454546% 4.545454545454546% 4.545454545454546%\" id=\"el-2a09327b-efa0-40c7-9c4b-d6302b5eec4a\"><a href=\"https:\/\/www.panoramamoveis.com.br?utm_source=web-stories\" data-tooltip-icon=\"https:\/\/www.panoramamoveis.com.br\/blog-wp\/wp-content\/uploads\/2021\/11\/cropped-cropped-Panorama-03-scaled-3.jpg\" data-tooltip-text=\"Panorama M\u00f3veis: Loja Online de M\u00f3veis e Decora\u00e7\u00e3o\" target=\"_blank\" rel=\"noreferrer noreferrer noreferrer noreferrer noreferrer noreferrer noreferrer noreferrer noreferrer noreferrer noreferrer noreferrer noreferrer noreferrer noreferrer noreferrer noreferrer noreferrer noreferrer noreferrer noreferrer noreferrer noreferrer noreferrer noreferrer noreferrer noreferrer noreferrer noreferrer noreferrer noreferrer noreferrer noreferrer noreferrer noreferrer noreferrer noreferrer noreferrer noreferrer noreferrer noreferrer noreferrer noreferrer noreferrer noreferrer noreferrer noreferrer noreferrer noreferrer noreferrer noreferrer noreferrer noreferrer noreferrer noreferrer noreferrer noreferrer noreferrer noreferrer noreferrer noreferrer noreferrer noreferrer noreferrer noreferrer noreferrer noreferrer noreferrer noreferrer noreferrer noreferrer noreferrer noreferrer noreferrer noreferrer noreferrer noreferrer noreferrer noreferrer noreferrer noreferrer noreferrer noreferrer noreferrer noreferrer noreferrer noreferrer noreferrer noreferrer noreferrer noreferrer noreferrer noreferrer noreferrer noreferrer noreferrer noreferrer noreferrer noreferrer noreferrer noreferrer noreferrer noreferrer noreferrer noreferrer noreferrer noreferrer noreferrer noreferrer noreferrer noreferrer noreferrer noreferrer noreferrer noreferrer noreferrer noreferrer noreferrer noreferrer noreferrer noreferrer noreferrer noreferrer noreferrer noreferrer noreferrer noreferrer noreferrer noreferrer noreferrer noreferrer noreferrer noreferrer noreferrer noreferrer noreferrer noreferrer noreferrer noreferrer noreferrer noreferrer noreferrer noreferrer noreferrer noreferrer noreferrer noreferrer noreferrer noreferrer noreferrer noreferrer noreferrer noreferrer noreferrer noreferrer noreferrer noreferrer noreferrer noreferrer noreferrer noreferrer noreferrer noreferrer noreferrer noreferrer noreferrer noreferrer noreferrer noreferrer noreferrer noreferrer noreferrer noreferrer noreferrer noreferrer noreferrer noreferrer noreferrer noreferrer noreferrer noreferrer noreferrer noreferrer noreferrer noreferrer noreferrer noreferrer noreferrer noreferrer noreferrer noreferrer noreferrer noreferrer noreferrer noreferrer noreferrer noreferrer noreferrer noreferrer noreferrer noreferrer noreferrer noreferrer noreferrer noreferrer noreferrer noreferrer noreferrer noreferrer noreferrer noreferrer noreferrer noreferrer noreferrer noreferrer noreferrer noreferrer noreferrer noreferrer noreferrer noreferrer noreferrer noreferrer noreferrer noreferrer noreferrer noreferrer noreferrer noreferrer noreferrer noreferrer noreferrer noreferrer noreferrer noreferrer noreferrer noreferrer noreferrer noreferrer noreferrer noreferrer noreferrer noreferrer noreferrer noreferrer noreferrer noreferrer noreferrer noreferrer noreferrer noreferrer noreferrer noreferrer noreferrer noreferrer noreferrer noreferrer noreferrer noreferrer noreferrer noreferrer noreferrer noreferrer noreferrer noreferrer noreferrer noreferrer noreferrer noreferrer noreferrer noreferrer noreferrer noreferrer noreferrer noreferrer noreferrer noreferrer noreferrer noreferrer noreferrer noreferrer noreferrer noreferrer noreferrer noreferrer noreferrer noreferrer noreferrer noreferrer noreferrer noreferrer noreferrer noreferrer noreferrer noreferrer noreferrer noreferrer noreferrer noreferrer noreferrer noreferrer noreferrer noreferrer noreferrer noreferrer noreferrer noreferrer noreferrer noreferrer noreferrer noreferrer noreferrer noreferrer noreferrer noreferrer noreferrer noreferrer noreferrer noreferrer noreferrer noreferrer noreferrer noreferrer noreferrer noreferrer noreferrer noreferrer noreferrer noreferrer noreferrer noreferrer noreferrer noreferrer noreferrer noreferrer noreferrer noreferrer noreferrer noreferrer noreferrer noreferrer noreferrer noreferrer noreferrer noreferrer noreferrer noreferrer noreferrer noreferrer noreferrer noreferrer noreferrer noreferrer noreferrer noreferrer noreferrer noreferrer noreferrer noreferrer noreferrer noreferrer noreferrer noreferrer noreferrer noreferrer noreferrer noreferrer noreferrer noreferrer noreferrer noreferrer noreferrer noreferrer noreferrer noreferrer noreferrer noreferrer noreferrer noreferrer noreferrer noreferrer noreferrer noreferrer noreferrer noreferrer noreferrer noreferrer noreferrer noreferrer noreferrer noreferrer noreferrer noreferrer noreferrer noreferrer noreferrer noreferrer noreferrer noreferrer noreferrer noreferrer noreferrer noreferrer noreferrer noreferrer noreferrer noreferrer noreferrer noreferrer noreferrer noreferrer noreferrer noreferrer noreferrer noreferrer noreferrer noreferrer noreferrer noreferrer noreferrer noreferrer noreferrer noreferrer noreferrer noreferrer noreferrer noreferrer noreferrer noreferrer noreferrer noreferrer noreferrer noreferrer noreferrer noreferrer noreferrer noreferrer noreferrer noreferrer noreferrer noreferrer noreferrer noreferrer noreferrer noreferrer noreferrer noreferrer noreferrer noreferrer noreferrer noreferrer noreferrer noreferrer noreferrer noreferrer noreferrer noreferrer noreferrer noreferrer noreferrer noreferrer noreferrer noreferrer noreferrer noreferrer noreferrer noreferrer noreferrer noreferrer noreferrer noreferrer noreferrer noreferrer noreferrer noreferrer noreferrer noreferrer noreferrer noreferrer noreferrer noreferrer noreferrer noreferrer noreferrer noreferrer noreferrer noreferrer noreferrer noreferrer noreferrer noreferrer noreferrer noreferrer noreferrer noreferrer noreferrer noreferrer noreferrer noreferrer noreferrer noreferrer noreferrer noreferrer noreferrer noreferrer noreferrer noreferrer noreferrer noreferrer noreferrer noreferrer noreferrer noreferrer noreferrer noreferrer noreferrer noreferrer noreferrer noreferrer noreferrer noreferrer noreferrer noreferrer noreferrer noreferrer noreferrer noreferrer noreferrer noreferrer noreferrer noreferrer noreferrer\" style=\"width:100%;height:100%;display:block;position:absolute;top:0;left:0\"><\/p>\n<h3 class=\"fill text-wrapper\" style=\"white-space:pre-line;overflow-wrap:break-word;word-break:break-word;margin:0;font-family:&quot;Oswald&quot;,sans-serif;font-size:0.388350em;line-height:calc(1.19em + 0.3333333333333333em);text-align:initial;padding:0;color:#000000;background-color:rgba(163,0,3,0.5);background:none\"><span style=\"display:block;position:relative;left:0;top:0;margin:1.3581395348837206% 0;-webkit-box-decoration-break:clone;box-decoration-break:clone\"><span style=\"background-color:rgba(163,0,3,0.5);-webkit-box-decoration-break:clone;box-decoration-break:clone;position:relative;padding:1.550387596899225% 3.10077519379845%;text-align:initial;border-radius:2px 2px 2px 2px;color:transparent\"><span style=\"font-weight: 700\">panoramamoveis.com.br<\/span><\/span><\/span><\/h3>\n<h3 class=\"fill text-wrapper\" style=\"white-space:pre-line;overflow-wrap:break-word;word-break:break-word;margin:0;font-family:&quot;Oswald&quot;,sans-serif;font-size:0.388350em;line-height:calc(1.19em + 0.3333333333333333em);text-align:initial;padding:0;color:#000000;background-color:rgba(163,0,3,0.5);background:none;position:absolute;top:0;left:0;right:0\" aria-hidden=\"true\"><span style=\"display:block;position:relative;left:0;top:0;margin:1.3581395348837206% 0;-webkit-box-decoration-break:clone;box-decoration-break:clone\"><span style=\"background-color:rgba(163,0,3,0.5);-webkit-box-decoration-break:clone;box-decoration-break:clone;position:relative;padding:1.550387596899225% 3.10077519379845%;text-align:initial;border-radius:2px 2px 2px 2px;background:none\"><span style=\"font-weight: 700; color: #fff\">panoramamoveis.com.br<\/span><\/span><\/span><\/h3>\n<p><\/a><\/div>\n<\/div>\n<\/div>\n<\/div>\n<\/div>\n<\/div>\n<\/div>\n<p><\/amp-story-grid-layer><\/amp-story-page><amp-story-page id=\"ed2148c0-dd36-4583-9881-6e026d7c8ebd\" auto-advance-after=\"7s\"><amp-story-grid-layer template=\"vertical\" aspect-ratio=\"412:618\" class=\"grid-layer\"><\/p>\n<div class=\"page-fullbleed-area\" style=\"background-color:#aa0404\">\n<div class=\"page-safe-area\">\n<div style=\"position:absolute;pointer-events:none;left:0;top:-9.25926%;width:100%;height:118.51852%;opacity:1\">\n<div style=\"pointer-events:initial;width:100%;height:100%;display:block;position:absolute;top:0;left:0;z-index:0\" class=\"mask\" id=\"el-1628da2f-0e99-4b22-9066-ceb9012f2f56\">\n<div style=\"position:absolute;width:100%;height:100%;left:0%;top:0%\" data-leaf-element=\"true\"><amp-img layout=\"fill\" src=\"https:\/\/www.panoramamoveis.com.br\/blog-wp\/wp-content\/uploads\/2021\/12\/Panorama-escrivaninha-9.jpg\" alt=\"p\u00e1gina com as Redes Sociais da Panorama Moveis\" srcSet=\"https:\/\/www.panoramamoveis.com.br\/blog-wp\/wp-content\/uploads\/2021\/12\/Panorama-escrivaninha-9.jpg 1080w,https:\/\/www.panoramamoveis.com.br\/blog-wp\/wp-content\/uploads\/2021\/12\/Panorama-escrivaninha-9-864x1536.jpg 864w,https:\/\/www.panoramamoveis.com.br\/blog-wp\/wp-content\/uploads\/2021\/12\/Panorama-escrivaninha-9-768x1365.jpg 768w,https:\/\/www.panoramamoveis.com.br\/blog-wp\/wp-content\/uploads\/2021\/12\/Panorama-escrivaninha-9-576x1024.jpg 576w,https:\/\/www.panoramamoveis.com.br\/blog-wp\/wp-content\/uploads\/2021\/12\/Panorama-escrivaninha-9-169x300.jpg 169w,https:\/\/www.panoramamoveis.com.br\/blog-wp\/wp-content\/uploads\/2021\/12\/Panorama-escrivaninha-9-150x267.jpg 150w\" sizes=\"(min-width: 1024px) 45vh, 100vw\" disable-inline-width=\"true\"><\/amp-img><\/div>\n<\/div>\n<\/div>\n<\/div>\n<\/div>\n<p><\/amp-story-grid-layer><amp-story-grid-layer template=\"vertical\" aspect-ratio=\"412:618\" class=\"grid-layer\"><\/p>\n<div class=\"page-fullbleed-area\">\n<div class=\"page-safe-area\">\n<div style=\"position:absolute;pointer-events:none;left:22.57282%;top:76.53722%;width:53.64078%;height:35.76052%;opacity:1\">\n<div style=\"pointer-events:initial;width:100%;height:100%;display:block;position:absolute;top:0;left:0;z-index:0\" class=\"mask\" id=\"el-35f0f6c3-9f2b-45cf-aba7-b81f2778a037\">\n<div style=\"position:absolute;width:100%;height:100%;left:0%;top:0%\" data-leaf-element=\"true\"><amp-img layout=\"fill\" src=\"https:\/\/www.panoramamoveis.com.br\/blog-wp\/wp-content\/uploads\/2021\/09\/panorama-sem-fundo.png\" alt=\"panorama sem fundo\" srcSet=\"https:\/\/www.panoramamoveis.com.br\/blog-wp\/wp-content\/uploads\/2021\/09\/panorama-sem-fundo.png 500w,https:\/\/www.panoramamoveis.com.br\/blog-wp\/wp-content\/uploads\/2021\/09\/panorama-sem-fundo-300x300.png 300w,https:\/\/www.panoramamoveis.com.br\/blog-wp\/wp-content\/uploads\/2021\/09\/panorama-sem-fundo-150x150.png 150w,https:\/\/www.panoramamoveis.com.br\/blog-wp\/wp-content\/uploads\/2021\/09\/panorama-sem-fundo-96x96.png 96w\" sizes=\"(min-width: 1024px) 24vh, 54vw\" disable-inline-width=\"true\"><\/amp-img><\/div>\n<\/div>\n<\/div>\n<div style=\"position:absolute;pointer-events:none;left:11.65049%;top:0;width:75.97087%;height:26.21359%;opacity:1\">\n<div style=\"pointer-events:initial;width:100%;height:100%;display:block;position:absolute;top:0;left:0;z-index:0;border-radius:0.6389776357827476% 0.6389776357827476% 0.6389776357827476% 0.6389776357827476% \/ 1.2345679012345678% 1.2345679012345678% 1.2345679012345678% 1.2345679012345678%;background-clip:content-box;background-color:rgba(255,255,255,0.5)\" id=\"el-119e1913-6e36-4bbb-b2b4-4fde3e39d283\">\n<h2 class=\"fill text-wrapper\" style=\"white-space:pre-line;overflow-wrap:break-word;word-break:break-word;margin:1.5113630690894575% 0;font-family:&quot;Anton&quot;,sans-serif;font-size:0.485437em;line-height:1.19;text-align:center;padding:1.2779552715654952% 2.5559105431309903%;color:#000000\"><span><span style=\"color: #e23b40\">CLIQUE E&nbsp;<\/span><br \/>\n<span style=\"color: #e23b40\">CONFIRA AS&nbsp;<\/span><br \/>\n<span style=\"color: #e23b40\">REDES SOCIAIS DA PANORAMA M\u00d3VEIS<\/span><\/span><\/h2>\n<\/div>\n<\/div>\n<div style=\"position:absolute;pointer-events:none;left:38.59223%;top:43.85113%;width:15.04854%;height:12.62136%;opacity:1\">\n<div style=\"pointer-events:initial;width:100%;height:100%;display:block;position:absolute;top:0;left:0;z-index:0\" class=\"mask\" id=\"el-d9674f81-16f1-444d-bf9a-de9a7a788d29\"><a href=\"https:\/\/www.instagram.com\/panoramamoveis\/ \" target=\"_blank\" rel=\"noreferrer noopener\" style=\"width:100%;height:100%;display:block;position:absolute;top:0;left:0\"><\/p>\n<div style=\"position:absolute;width:102.8276%;height:145.30619%;left:0%;top:-22.51853%\" data-leaf-element=\"true\"><amp-img layout=\"fill\" src=\"https:\/\/www.panoramamoveis.com.br\/blog-wp\/wp-content\/uploads\/2021\/11\/INSTAGRAM.png\" alt=\"INSTAGRAM\" srcSet=\"https:\/\/www.panoramamoveis.com.br\/blog-wp\/wp-content\/uploads\/2021\/11\/INSTAGRAM.png 3240w,https:\/\/www.panoramamoveis.com.br\/blog-wp\/wp-content\/uploads\/2021\/11\/INSTAGRAM-1980x3520.png 1980w,https:\/\/www.panoramamoveis.com.br\/blog-wp\/wp-content\/uploads\/2021\/11\/INSTAGRAM-1200x2133.png 1200w,https:\/\/www.panoramamoveis.com.br\/blog-wp\/wp-content\/uploads\/2021\/11\/INSTAGRAM-1152x2048.png 1152w,https:\/\/www.panoramamoveis.com.br\/blog-wp\/wp-content\/uploads\/2021\/11\/INSTAGRAM-864x1536.png 864w,https:\/\/www.panoramamoveis.com.br\/blog-wp\/wp-content\/uploads\/2021\/11\/INSTAGRAM-768x1365.png 768w,https:\/\/www.panoramamoveis.com.br\/blog-wp\/wp-content\/uploads\/2021\/11\/INSTAGRAM-576x1024.png 576w,https:\/\/www.panoramamoveis.com.br\/blog-wp\/wp-content\/uploads\/2021\/11\/INSTAGRAM-169x300.png 169w,https:\/\/www.panoramamoveis.com.br\/blog-wp\/wp-content\/uploads\/2021\/11\/INSTAGRAM-150x267.png 150w\" sizes=\"(min-width: 1024px) 7vh, 15vw\" disable-inline-width=\"true\"><\/amp-img><\/div>\n<p><\/a><\/div>\n<\/div>\n<div style=\"position:absolute;pointer-events:none;left:38.1068%;top:24.43366%;width:15.7767%;height:17.96117%;opacity:1\">\n<div style=\"pointer-events:initial;width:100%;height:100%;display:block;position:absolute;top:0;left:0;z-index:0\" class=\"mask\" id=\"el-ecdffeef-58af-4079-9d6f-1d2c5968736b\"><a href=\"https:\/\/www.facebook.com\/Panoramamoveis\/\" data-tooltip-icon=\"https:\/\/www.panoramamoveis.com.br\/blog-wp\/wp-content\/uploads\/2021\/11\/cropped-Panorama-03-scaled-3.jpg\" data-tooltip-text=\"Facebook\" target=\"_blank\" rel=\"noreferrer noopener\" style=\"width:100%;height:100%;display:block;position:absolute;top:0;left:0\"><\/p>\n<div style=\"position:absolute;width:100%;height:104.10408%;left:0%;top:-2.05204%\" data-leaf-element=\"true\"><amp-img layout=\"fill\" src=\"https:\/\/www.panoramamoveis.com.br\/blog-wp\/wp-content\/uploads\/2021\/11\/FACEBOOK.png\" alt=\"FACEBOOK\" srcSet=\"https:\/\/www.panoramamoveis.com.br\/blog-wp\/wp-content\/uploads\/2021\/11\/FACEBOOK.png 3240w,https:\/\/www.panoramamoveis.com.br\/blog-wp\/wp-content\/uploads\/2021\/11\/FACEBOOK-1980x3520.png 1980w,https:\/\/www.panoramamoveis.com.br\/blog-wp\/wp-content\/uploads\/2021\/11\/FACEBOOK-1200x2133.png 1200w,https:\/\/www.panoramamoveis.com.br\/blog-wp\/wp-content\/uploads\/2021\/11\/FACEBOOK-1152x2048.png 1152w,https:\/\/www.panoramamoveis.com.br\/blog-wp\/wp-content\/uploads\/2021\/11\/FACEBOOK-864x1536.png 864w,https:\/\/www.panoramamoveis.com.br\/blog-wp\/wp-content\/uploads\/2021\/11\/FACEBOOK-768x1365.png 768w,https:\/\/www.panoramamoveis.com.br\/blog-wp\/wp-content\/uploads\/2021\/11\/FACEBOOK-576x1024.png 576w,https:\/\/www.panoramamoveis.com.br\/blog-wp\/wp-content\/uploads\/2021\/11\/FACEBOOK-169x300.png 169w,https:\/\/www.panoramamoveis.com.br\/blog-wp\/wp-content\/uploads\/2021\/11\/FACEBOOK-150x267.png 150w\" sizes=\"(min-width: 1024px) 7vh, 16vw\" disable-inline-width=\"true\"><\/amp-img><\/div>\n<p><\/a><\/div>\n<\/div>\n<div style=\"position:absolute;pointer-events:none;left:38.83495%;top:58.09061%;width:14.80583%;height:15.69579%;opacity:1\">\n<div style=\"pointer-events:initial;width:100%;height:100%;display:block;position:absolute;top:0;left:0;z-index:0\" class=\"mask\" id=\"el-06e3e78d-2ac9-4d6a-8a24-73b6ea35f6a5\"><a href=\"https:\/\/br.pinterest.com\/panoramamoveis\/_shop\/ \" target=\"_blank\" rel=\"noreferrer noopener\" style=\"width:100%;height:100%;display:block;position:absolute;top:0;left:0\"><\/p>\n<div style=\"position:absolute;width:100%;height:111.79845%;left:0%;top:-5.89923%\" data-leaf-element=\"true\"><amp-img layout=\"fill\" src=\"https:\/\/www.panoramamoveis.com.br\/blog-wp\/wp-content\/uploads\/2021\/11\/PINTEREST.png\" alt=\"PINTEREST\" srcSet=\"https:\/\/www.panoramamoveis.com.br\/blog-wp\/wp-content\/uploads\/2021\/11\/PINTEREST.png 3240w,https:\/\/www.panoramamoveis.com.br\/blog-wp\/wp-content\/uploads\/2021\/11\/PINTEREST-1980x3520.png 1980w,https:\/\/www.panoramamoveis.com.br\/blog-wp\/wp-content\/uploads\/2021\/11\/PINTEREST-1200x2133.png 1200w,https:\/\/www.panoramamoveis.com.br\/blog-wp\/wp-content\/uploads\/2021\/11\/PINTEREST-1152x2048.png 1152w,https:\/\/www.panoramamoveis.com.br\/blog-wp\/wp-content\/uploads\/2021\/11\/PINTEREST-864x1536.png 864w,https:\/\/www.panoramamoveis.com.br\/blog-wp\/wp-content\/uploads\/2021\/11\/PINTEREST-768x1365.png 768w,https:\/\/www.panoramamoveis.com.br\/blog-wp\/wp-content\/uploads\/2021\/11\/PINTEREST-576x1024.png 576w,https:\/\/www.panoramamoveis.com.br\/blog-wp\/wp-content\/uploads\/2021\/11\/PINTEREST-169x300.png 169w,https:\/\/www.panoramamoveis.com.br\/blog-wp\/wp-content\/uploads\/2021\/11\/PINTEREST-150x267.png 150w\" sizes=\"(min-width: 1024px) 7vh, 15vw\" disable-inline-width=\"true\"><\/amp-img><\/div>\n<p><\/a><\/div>\n<\/div>\n<div style=\"position:absolute;pointer-events:none;left:9.2233%;top:75.40453%;width:79.12621%;height:12.78317%;opacity:1\">\n<div style=\"pointer-events:initial;width:100%;height:100%;display:block;position:absolute;top:0;left:0;z-index:0;border-radius:0.6134969325153374% 0.6134969325153374% 0.6134969325153374% 0.6134969325153374% \/ 2.5316455696202533% 2.5316455696202533% 2.5316455696202533% 2.5316455696202533%;background-clip:content-box;background-color:#a30003\" id=\"el-95494a0a-d0a6-41e1-9b1b-3c6e7d42a128\">\n<p class=\"fill text-wrapper\" style=\"white-space:pre-line;overflow-wrap:break-word;word-break:break-word;margin:-0.08627300613496933% 0;font-family:&quot;Roboto&quot;,sans-serif;font-size:0.323625em;line-height:1.2;text-align:center;padding:1.2269938650306749% 2.4539877300613497%;color:#000000\"><span><span style=\"font-weight: 700; color: #fff\">CONTE\u00daDO PARA VOC\u00ca TRANSFORMAR TODA A SUA CASA<\/span><\/span><\/p>\n<\/div>\n<\/div>\n<\/div>\n<\/div>\n<p><\/amp-story-grid-layer><\/amp-story-page><amp-story-page id=\"15c6a3b3-fc56-492b-899e-57483815b90a\" auto-advance-after=\"7s\"><amp-story-animation layout=\"nodisplay\" trigger=\"visibility\"><script type=\"application\/json\">[{\"selector\":\"#anim-73fdc186-7102-4096-8054-f1c228b69c8b\",\"keyframes\":{\"opacity\":[0,1]},\"delay\":600,\"duration\":1000,\"easing\":\"cubic-bezier(0.2, 0.6, 0.0, 1)\",\"fill\":\"both\"}]<\/script><\/amp-story-animation><amp-story-animation layout=\"nodisplay\" trigger=\"visibility\"><script type=\"application\/json\">[{\"selector\":\"#anim-0558163d-033f-4070-a0bd-4a0a1e631119\",\"keyframes\":{\"transform\":[\"translate3d(0px, -146.58732%, 0)\",\"translate3d(0px, 0px, 0)\"]},\"delay\":600,\"duration\":1000,\"easing\":\"cubic-bezier(0.2, 0.6, 0.0, 1)\",\"fill\":\"both\"}]<\/script><\/amp-story-animation><amp-story-grid-layer template=\"vertical\" aspect-ratio=\"412:618\" class=\"grid-layer\"><\/p>\n<div class=\"page-fullbleed-area\" style=\"background-color:#aa0404\">\n<div class=\"page-safe-area\">\n<div style=\"position:absolute;pointer-events:none;left:0;top:-9.25926%;width:100%;height:118.51852%;opacity:1\">\n<div style=\"pointer-events:initial;width:100%;height:100%;display:block;position:absolute;top:0;left:0;z-index:0\" class=\"mask\" id=\"el-edc5d4dd-104c-46e2-8704-456eea40e721\">\n<div style=\"position:absolute;width:100%;height:100%;left:0%;top:0%\" data-leaf-element=\"true\"><amp-img layout=\"fill\" src=\"https:\/\/www.panoramamoveis.com.br\/blog-wp\/wp-content\/uploads\/2021\/12\/Panorama-escrivaninha-9.jpg\" alt=\"Panorama escrivaninha (9)\" srcSet=\"https:\/\/www.panoramamoveis.com.br\/blog-wp\/wp-content\/uploads\/2021\/12\/Panorama-escrivaninha-9.jpg 1080w,https:\/\/www.panoramamoveis.com.br\/blog-wp\/wp-content\/uploads\/2021\/12\/Panorama-escrivaninha-9-864x1536.jpg 864w,https:\/\/www.panoramamoveis.com.br\/blog-wp\/wp-content\/uploads\/2021\/12\/Panorama-escrivaninha-9-768x1365.jpg 768w,https:\/\/www.panoramamoveis.com.br\/blog-wp\/wp-content\/uploads\/2021\/12\/Panorama-escrivaninha-9-576x1024.jpg 576w,https:\/\/www.panoramamoveis.com.br\/blog-wp\/wp-content\/uploads\/2021\/12\/Panorama-escrivaninha-9-169x300.jpg 169w,https:\/\/www.panoramamoveis.com.br\/blog-wp\/wp-content\/uploads\/2021\/12\/Panorama-escrivaninha-9-150x267.jpg 150w\" sizes=\"(min-width: 1024px) 45vh, 100vw\" disable-inline-width=\"true\"><\/amp-img><\/div>\n<\/div>\n<\/div>\n<\/div>\n<\/div>\n<p><\/amp-story-grid-layer><amp-story-grid-layer template=\"vertical\" aspect-ratio=\"412:618\" class=\"grid-layer\"><\/p>\n<div class=\"page-fullbleed-area\">\n<div class=\"page-safe-area\">\n<div style=\"position:absolute;pointer-events:none;left:13.59223%;top:1.2945%;width:72.81553%;height:22.65372%;opacity:1\">\n<div id=\"anim-73fdc186-7102-4096-8054-f1c228b69c8b\" class=\"animation-wrapper\" style=\"width:100%;height:100%;display:block;position:absolute;top:0;left:0;--initial-opacity:0;--initial-transform:none\">\n<div id=\"anim-0558163d-033f-4070-a0bd-4a0a1e631119\" class=\"animation-wrapper\" style=\"width:100%;height:100%;display:block;position:absolute;top:0;left:0;--initial-opacity:1;--initial-transform:translate3d(0px, -146.58732%, 0)\">\n<div style=\"pointer-events:initial;width:100%;height:100%;display:block;position:absolute;top:0;left:0;z-index:0\" id=\"el-12cac4a5-6139-4484-a353-9f265d6930f8\">\n<h1 class=\"fill text-wrapper\" style=\"white-space:pre-line;overflow-wrap:break-word;word-break:break-word;margin:3.369140625% 0;font-family:&quot;Anton&quot;,sans-serif;font-size:0.647249em;line-height:1;text-align:center;padding:0;color:#000000\"><span><span style=\"color: #e23b40\">Voc\u00ea tamb\u00e9m pode gostar desses artigos:&nbsp;<\/span><\/span><\/h1>\n<\/div>\n<\/div>\n<\/div>\n<\/div>\n<div style=\"position:absolute;pointer-events:none;left:13.59223%;top:30.42071%;width:35.43689%;height:24.27184%;opacity:1\">\n<div style=\"pointer-events:initial;width:100%;height:100%;display:block;position:absolute;top:0;left:0;z-index:0\" class=\"mask\" id=\"el-51e3ffb3-8b33-4918-a008-89f5977154a7\"><a href=\"https:\/\/www.panoramamoveis.com.br\/blog-wp\/web-stories\/os-perigos-da-automedicacao\/\" data-tooltip-text=\"\" target=\"_blank\" rel=\"noreferrer\" style=\"width:100%;height:100%;display:block;position:absolute;top:0;left:0\"><\/p>\n<div style=\"position:absolute;width:100%;height:129.7271%;left:0%;top:-14.86355%\" data-leaf-element=\"true\"><amp-img layout=\"fill\" src=\"https:\/\/www.panoramamoveis.com.br\/blog-wp\/wp-content\/uploads\/2022\/06\/DECORAC\u0327A\u0303O-DE-PAREDE-.png\" alt=\"DECORAC\u0327A\u0303O DE PAREDE\" srcSet=\"https:\/\/www.panoramamoveis.com.br\/blog-wp\/wp-content\/uploads\/2022\/06\/DECORAC%CC%A7A%CC%83O-DE-PAREDE-.png 640w,https:\/\/www.panoramamoveis.com.br\/blog-wp\/wp-content\/uploads\/2022\/06\/DECORAC%CC%A7A%CC%83O-DE-PAREDE--225x300.png 225w,https:\/\/www.panoramamoveis.com.br\/blog-wp\/wp-content\/uploads\/2022\/06\/DECORAC%CC%A7A%CC%83O-DE-PAREDE--150x200.png 150w\" sizes=\"(min-width: 1024px) 16vh, 35vw\" disable-inline-width=\"true\"><\/amp-img><\/div>\n<p><\/a><\/div>\n<\/div>\n<div style=\"position:absolute;pointer-events:none;left:12.62136%;top:59.2233%;width:37.37864%;height:24.27184%;opacity:1\">\n<div style=\"pointer-events:initial;width:100%;height:100%;display:block;position:absolute;top:0;left:0;z-index:0\" class=\"mask\" id=\"el-459f6827-372a-4729-8f4e-92258d2eb1bc\"><a href=\"https:\/\/www.panoramamoveis.com.br\/blog-wp\/web-stories\/o-tdah-em-adultos-como-se-manifesta\/\" data-tooltip-text=\"\" target=\"_blank\" rel=\"noreferrer\" style=\"width:100%;height:100%;display:block;position:absolute;top:0;left:0\"><\/p>\n<div style=\"position:absolute;width:100%;height:136.83544%;left:0%;top:-18.41772%\" data-leaf-element=\"true\"><amp-img layout=\"fill\" src=\"https:\/\/www.panoramamoveis.com.br\/blog-wp\/wp-content\/uploads\/2022\/07\/CAPA-PAPEL-DE-PAREDE.png\" alt=\"CAPA - PAPEL DE PAREDE\" srcSet=\"https:\/\/www.panoramamoveis.com.br\/blog-wp\/wp-content\/uploads\/2022\/07\/CAPA-PAPEL-DE-PAREDE.png 640w,https:\/\/www.panoramamoveis.com.br\/blog-wp\/wp-content\/uploads\/2022\/07\/CAPA-PAPEL-DE-PAREDE-225x300.png 225w,https:\/\/www.panoramamoveis.com.br\/blog-wp\/wp-content\/uploads\/2022\/07\/CAPA-PAPEL-DE-PAREDE-150x200.png 150w\" sizes=\"(min-width: 1024px) 17vh, 37vw\" disable-inline-width=\"true\"><\/amp-img><\/div>\n<p><\/a><\/div>\n<\/div>\n<div style=\"position:absolute;pointer-events:none;left:23.30097%;top:75.88997%;width:53.64078%;height:35.76052%;opacity:1\">\n<div style=\"pointer-events:initial;width:100%;height:100%;display:block;position:absolute;top:0;left:0;z-index:0\" class=\"mask\" id=\"el-7199a5ac-5069-4b90-90e8-13dd14ebf50c\">\n<div style=\"position:absolute;width:100%;height:100%;left:0%;top:0%\" data-leaf-element=\"true\"><amp-img layout=\"fill\" src=\"https:\/\/www.panoramamoveis.com.br\/blog-wp\/wp-content\/uploads\/2021\/09\/panorama-sem-fundo.png\" alt=\"panorama sem fundo\" srcSet=\"https:\/\/www.panoramamoveis.com.br\/blog-wp\/wp-content\/uploads\/2021\/09\/panorama-sem-fundo.png 500w,https:\/\/www.panoramamoveis.com.br\/blog-wp\/wp-content\/uploads\/2021\/09\/panorama-sem-fundo-300x300.png 300w,https:\/\/www.panoramamoveis.com.br\/blog-wp\/wp-content\/uploads\/2021\/09\/panorama-sem-fundo-150x150.png 150w,https:\/\/www.panoramamoveis.com.br\/blog-wp\/wp-content\/uploads\/2021\/09\/panorama-sem-fundo-96x96.png 96w\" sizes=\"(min-width: 1024px) 24vh, 54vw\" disable-inline-width=\"true\"><\/amp-img><\/div>\n<\/div>\n<\/div>\n<div style=\"position:absolute;pointer-events:none;left:51.45631%;top:65.04854%;width:36.8932%;height:12.78317%;opacity:1\">\n<div style=\"pointer-events:initial;width:100%;height:100%;display:block;position:absolute;top:0;left:0;z-index:0;border-radius:1.3157894736842104% 1.3157894736842104% 1.3157894736842104% 1.3157894736842104% \/ 2.5316455696202533% 2.5316455696202533% 2.5316455696202533% 2.5316455696202533%\" id=\"el-54ef6abd-31d1-4892-a7ba-19de1de2f467\"><a href=\"https:\/\/www.panoramamoveis.com.br\/blog-wp\/web-stories\/o-tdah-em-adultos-como-se-manifesta\/\" data-tooltip-text=\"\" target=\"_blank\" rel=\"noreferrer\" style=\"width:100%;height:100%;display:block;position:absolute;top:0;left:0\"><\/p>\n<h3 class=\"fill text-wrapper\" style=\"white-space:pre-line;overflow-wrap:break-word;word-break:break-word;margin:-0.20353618421052586% 0;font-family:&quot;Roboto&quot;,sans-serif;font-size:0.355987em;line-height:1.2;text-align:left;padding:0;color:#000000\"><span><span style=\"font-weight: 700; color: #fff\">O TDAH em adultos. Como se manifesta?<\/span><\/span><\/h3>\n<p><\/a><\/div>\n<\/div>\n<div style=\"position:absolute;pointer-events:none;left:50.24272%;top:38.34951%;width:38.34951%;height:8.41424%;opacity:1\">\n<div style=\"pointer-events:initial;width:100%;height:100%;display:block;position:absolute;top:0;left:0;z-index:0;border-radius:1.2658227848101267% 1.2658227848101267% 1.2658227848101267% 1.2658227848101267% \/ 3.8461538461538463% 3.8461538461538463% 3.8461538461538463% 3.8461538461538463%\" id=\"el-2e9e818e-1985-44fa-a446-09e4865c2d3a\"><a href=\"https:\/\/www.panoramamoveis.com.br\/blog-wp\/web-stories\/os-perigos-da-automedicacao\/\" data-tooltip-text=\"\" target=\"_blank\" rel=\"noreferrer\" style=\"width:100%;height:100%;display:block;position:absolute;top:0;left:0\"><\/p>\n<h3 class=\"fill text-wrapper\" style=\"white-space:pre-line;overflow-wrap:break-word;word-break:break-word;margin:-0.19580696202531603% 0;font-family:&quot;Roboto&quot;,sans-serif;font-size:0.355987em;line-height:1.2;text-align:left;padding:0;color:#000000\"><span><span style=\"font-weight: 700; color: #fff\">Perigos da Automedica\u00e7\u00e3o<\/span><\/span><\/h3>\n<p><\/a><\/div>\n<\/div>\n<\/div>\n<\/div>\n<p><\/amp-story-grid-layer><\/amp-story-page><\/amp-story><\/body><\/html><\/p>\n","protected":false},"excerpt":{"rendered":"<p>Aprenda, como atrair passarinhos para o seu quintal com dicas pr\u00e1ticas! Descubra, no Web Stories da Panorama Moveis como oferecer alimento natural, \u00e1gua fresca, abrigo seguro e um ambiente tranquilo. <\/p>\n","protected":false},"author":1,"featured_media":65581,"template":"","meta":{"web_stories_publisher_logo":20,"web_stories_poster":[],"web_stories_products":[],"footnotes":""},"web_story_category":[],"web_story_tag":[],"class_list":["post-65579","web-story","type-web-story","status-publish","has-post-thumbnail","hentry"],"story_data":{"version":47,"pages":[{"elements":[{"opacity":100,"flip":{"vertical":false,"horizontal":false},"rotationAngle":0,"lockAspectRatio":true,"x":348,"y":300,"width":330,"height":586,"mask":{"type":"rectangle"},"isBackground":true,"type":"image","id":"76f7f876-3d4c-4fb3-bb0d-58954ef2886c","scale":100,"focalX":50,"focalY":50,"resource":{"baseColor":"#8a1b18","blurHash":"UTINR9t8a0WV.mofjFj[z;jsXSf6%2jukBWB","type":"image","mimeType":"image\/png","creationDate":"2022-07-17T14:13:08.000Z","src":"https:\/\/www.panoramamoveis.com.br\/blog-wp\/wp-content\/uploads\/2022\/07\/ESPELHOS-PG1.png","width":1080,"height":1920,"id":6244,"alt":"ESPELHOS PG1","sizes":{"medium":{"file":"ESPELHOS-PG1-169x300.png","width":169,"height":300,"filesize":58302,"mimeType":"image\/png","sourceUrl":"https:\/\/www.panoramamoveis.com.br\/blog-wp\/wp-content\/uploads\/2022\/07\/ESPELHOS-PG1-169x300.png"},"large":{"file":"ESPELHOS-PG1-576x1024.png","width":576,"height":1024,"filesize":422030,"mimeType":"image\/png","sourceUrl":"https:\/\/www.panoramamoveis.com.br\/blog-wp\/wp-content\/uploads\/2022\/07\/ESPELHOS-PG1-576x1024.png"},"thumbnail":{"file":"ESPELHOS-PG1-150x150.png","width":150,"height":150,"filesize":33689,"mimeType":"image\/png","sourceUrl":"https:\/\/www.panoramamoveis.com.br\/blog-wp\/wp-content\/uploads\/2022\/07\/ESPELHOS-PG1-150x150.png"},"medium_large":{"file":"ESPELHOS-PG1-768x1365.png","width":768,"height":1365,"filesize":781298,"mimeType":"image\/png","sourceUrl":"https:\/\/www.panoramamoveis.com.br\/blog-wp\/wp-content\/uploads\/2022\/07\/ESPELHOS-PG1-768x1365.png"},"1536x1536":{"file":"ESPELHOS-PG1-864x1536.png","width":864,"height":1536,"filesize":809787,"mimeType":"image\/png","sourceUrl":"https:\/\/www.panoramamoveis.com.br\/blog-wp\/wp-content\/uploads\/2022\/07\/ESPELHOS-PG1-864x1536.png"},"web-stories-poster-portrait":{"file":"ESPELHOS-PG1-640x853.png","width":640,"height":853,"filesize":493572,"mimeType":"image\/png","sourceUrl":"https:\/\/www.panoramamoveis.com.br\/blog-wp\/wp-content\/uploads\/2022\/07\/ESPELHOS-PG1-640x853.png"},"web-stories-publisher-logo":{"file":"ESPELHOS-PG1-96x96.png","width":96,"height":96,"filesize":15577,"mimeType":"image\/png","sourceUrl":"https:\/\/www.panoramamoveis.com.br\/blog-wp\/wp-content\/uploads\/2022\/07\/ESPELHOS-PG1-96x96.png"},"web-stories-thumbnail":{"file":"ESPELHOS-PG1-150x267.png","width":150,"height":267,"filesize":46803,"mimeType":"image\/png","sourceUrl":"https:\/\/www.panoramamoveis.com.br\/blog-wp\/wp-content\/uploads\/2022\/07\/ESPELHOS-PG1-150x267.png"},"full":{"file":"ESPELHOS-PG1.png","width":1080,"height":1920,"mimeType":"image\/png","sourceUrl":"https:\/\/www.panoramamoveis.com.br\/blog-wp\/wp-content\/uploads\/2022\/07\/ESPELHOS-PG1.png"}},"isPlaceholder":false,"isOptimized":false,"isMuted":false,"isExternal":false,"needsProxy":false},"alt":"Sala com 3 espelhos redondos"},{"opacity":100,"flip":{"vertical":false,"horizontal":false},"rotationAngle":0,"lockAspectRatio":false,"scale":100,"focalX":50,"focalY":50,"resource":{"type":"image","mimeType":"image\/jpeg","width":740,"height":1114,"sizes":{"medium":{"file":"passaro-multicolorido_181624-32550-199x300.jpg","width":199,"height":300,"filesize":9901,"mimeType":"image\/jpeg","sourceUrl":"https:\/\/www.panoramamoveis.com.br\/blog-wp\/wp-content\/uploads\/2025\/02\/passaro-multicolorido_181624-32550-199x300.jpg"},"large":{"file":"passaro-multicolorido_181624-32550-680x1024.jpg","width":680,"height":1024,"filesize":62309,"mimeType":"image\/jpeg","sourceUrl":"https:\/\/www.panoramamoveis.com.br\/blog-wp\/wp-content\/uploads\/2025\/02\/passaro-multicolorido_181624-32550-680x1024.jpg"},"thumbnail":{"file":"passaro-multicolorido_181624-32550-150x150.jpg","width":150,"height":150,"filesize":5063,"mimeType":"image\/jpeg","sourceUrl":"https:\/\/www.panoramamoveis.com.br\/blog-wp\/wp-content\/uploads\/2025\/02\/passaro-multicolorido_181624-32550-150x150.jpg"},"web-stories-poster-portrait":{"file":"passaro-multicolorido_181624-32550-640x853.jpg","width":640,"height":853,"filesize":51431,"mimeType":"image\/jpeg","sourceUrl":"https:\/\/www.panoramamoveis.com.br\/blog-wp\/wp-content\/uploads\/2025\/02\/passaro-multicolorido_181624-32550-640x853.jpg"},"web-stories-publisher-logo":{"file":"passaro-multicolorido_181624-32550-96x96.jpg","width":96,"height":96,"filesize":2876,"mimeType":"image\/jpeg","sourceUrl":"https:\/\/www.panoramamoveis.com.br\/blog-wp\/wp-content\/uploads\/2025\/02\/passaro-multicolorido_181624-32550-96x96.jpg"},"web-stories-thumbnail":{"file":"passaro-multicolorido_181624-32550-150x226.jpg","width":150,"height":226,"filesize":6894,"mimeType":"image\/jpeg","sourceUrl":"https:\/\/www.panoramamoveis.com.br\/blog-wp\/wp-content\/uploads\/2025\/02\/passaro-multicolorido_181624-32550-150x226.jpg"},"full":{"file":"passaro-multicolorido_181624-32550.jpg","width":740,"height":1114,"mimeType":"image\/jpeg","sourceUrl":"https:\/\/www.panoramamoveis.com.br\/blog-wp\/wp-content\/uploads\/2025\/02\/passaro-multicolorido_181624-32550.jpg"}},"isPlaceholder":false,"isExternal":false,"needsProxy":false,"baseColor":"#869277","blurHash":"UBF?LK02%x_M-YM}MysED-%fxZrwQx?ZDkt8","creationDate":"2025-02-21T19:21:17","src":"https:\/\/www.panoramamoveis.com.br\/blog-wp\/wp-content\/uploads\/2025\/02\/passaro-multicolorido_181624-32550.jpg","id":65585,"alt":"passaro-multicolorido_181624-32550","local":false},"type":"image","x":26,"y":83,"width":359,"height":386,"mask":{"type":"rectangle","showInLibrary":true,"name":"Ret\u00e2ngulo","path":"M 0,0 1,0 1,1 0,1 0,0 Z","ratio":1,"supportsBorder":true},"id":"25bf57ca-9669-40a6-8df1-88d5b7874aba"},{"opacity":100,"flip":{"vertical":false,"horizontal":false},"rotationAngle":0,"lockAspectRatio":true,"backgroundTextMode":"FILL","font":{"family":"Anton"},"fontSize":24,"backgroundColor":{"color":{"r":163,"g":0,"b":3,"a":0.7}},"lineHeight":1.2,"textAlign":"center","padding":{"locked":true,"hasHiddenPadding":true,"horizontal":8,"vertical":4},"type":"text","content":"<span style=\"color: #fff\">Confira tudo nesse web stories da Panorama m\u00f3veis<\/span>","borderRadius":{"locked":true,"topLeft":2,"topRight":2,"bottomRight":2,"bottomLeft":2},"x":51,"y":517,"width":309,"height":73,"id":"bf7050a3-2269-4a18-991d-666bc73b2364"},{"opacity":100,"flip":{"vertical":false,"horizontal":false},"rotationAngle":0,"lockAspectRatio":true,"backgroundTextMode":"HIGHLIGHT","font":{"family":"Anton"},"fontSize":24,"backgroundColor":{"color":{"r":163,"g":0,"b":3,"a":0.6}},"lineHeight":1,"textAlign":"left","padding":{"hasHiddenPadding":true,"horizontal":8,"vertical":4},"content":"<span style=\"color: #fff\">Como atrair Passarinhos para o seu quintal<\/span>","borderRadius":{"locked":true,"topLeft":2,"topRight":2,"bottomRight":2,"bottomLeft":2},"x":48,"y":429,"width":325,"height":76,"basedOn":"0eb8f95a-7e6c-437b-ac68-3824daa840f3","id":"2582c9a8-b4e9-468b-b85d-7bd4cb1c4478","type":"text","marginOffset":-12.63427734375}],"animations":[],"backgroundColor":{"color":{"r":255,"g":255,"b":255}},"type":"page","id":"5087ac86-4e77-42ae-a3bc-6de766d977a9","defaultBackgroundElement":{"opacity":100,"flip":{"vertical":false,"horizontal":false},"rotationAngle":0,"lockAspectRatio":true,"x":1,"y":1,"width":1,"height":1,"mask":{"type":"rectangle"},"isBackground":true,"isDefaultBackground":true,"type":"shape","id":"fd86e440-5b5a-448f-9a3f-d9ffceab6663"},"pageAttachment":{"url":""}},{"elements":[{"opacity":100,"flip":{"vertical":false,"horizontal":false},"rotationAngle":0,"lockAspectRatio":true,"scale":100,"focalX":50,"focalY":49.9999996875,"resource":{"baseColor":"#d0c9c3","blurHash":"UJPskqM{_4xb00tQ-=t7_NM{M{Rj%gs:ayRj","type":"image","mimeType":"image\/png","creationDate":"2022-07-17T14:12:58.000Z","src":"https:\/\/www.panoramamoveis.com.br\/blog-wp\/wp-content\/uploads\/2022\/07\/ESPELHOS-PG4.png","width":1080,"height":1920,"id":6240,"alt":"ESPELHOS PG4","sizes":{"medium":{"file":"ESPELHOS-PG4-169x300.png","width":169,"height":300,"filesize":52785,"mimeType":"image\/png","sourceUrl":"https:\/\/www.panoramamoveis.com.br\/blog-wp\/wp-content\/uploads\/2022\/07\/ESPELHOS-PG4-169x300.png"},"large":{"file":"ESPELHOS-PG4-576x1024.png","width":576,"height":1024,"filesize":395855,"mimeType":"image\/png","sourceUrl":"https:\/\/www.panoramamoveis.com.br\/blog-wp\/wp-content\/uploads\/2022\/07\/ESPELHOS-PG4-576x1024.png"},"thumbnail":{"file":"ESPELHOS-PG4-150x150.png","width":150,"height":150,"filesize":26980,"mimeType":"image\/png","sourceUrl":"https:\/\/www.panoramamoveis.com.br\/blog-wp\/wp-content\/uploads\/2022\/07\/ESPELHOS-PG4-150x150.png"},"medium_large":{"file":"ESPELHOS-PG4-768x1365.png","width":768,"height":1365,"filesize":730853,"mimeType":"image\/png","sourceUrl":"https:\/\/www.panoramamoveis.com.br\/blog-wp\/wp-content\/uploads\/2022\/07\/ESPELHOS-PG4-768x1365.png"},"1536x1536":{"file":"ESPELHOS-PG4-864x1536.png","width":864,"height":1536,"filesize":778363,"mimeType":"image\/png","sourceUrl":"https:\/\/www.panoramamoveis.com.br\/blog-wp\/wp-content\/uploads\/2022\/07\/ESPELHOS-PG4-864x1536.png"},"web-stories-poster-portrait":{"file":"ESPELHOS-PG4-640x853.png","width":640,"height":853,"filesize":420748,"mimeType":"image\/png","sourceUrl":"https:\/\/www.panoramamoveis.com.br\/blog-wp\/wp-content\/uploads\/2022\/07\/ESPELHOS-PG4-640x853.png"},"web-stories-publisher-logo":{"file":"ESPELHOS-PG4-96x96.png","width":96,"height":96,"filesize":12353,"mimeType":"image\/png","sourceUrl":"https:\/\/www.panoramamoveis.com.br\/blog-wp\/wp-content\/uploads\/2022\/07\/ESPELHOS-PG4-96x96.png"},"web-stories-thumbnail":{"file":"ESPELHOS-PG4-150x267.png","width":150,"height":267,"filesize":42771,"mimeType":"image\/png","sourceUrl":"https:\/\/www.panoramamoveis.com.br\/blog-wp\/wp-content\/uploads\/2022\/07\/ESPELHOS-PG4-150x267.png"},"full":{"file":"ESPELHOS-PG4.png","width":1080,"height":1920,"mimeType":"image\/png","sourceUrl":"https:\/\/www.panoramamoveis.com.br\/blog-wp\/wp-content\/uploads\/2022\/07\/ESPELHOS-PG4.png"}},"isPlaceholder":false,"isOptimized":false,"isMuted":false,"isExternal":false,"needsProxy":false},"x":210,"y":540,"width":330,"height":586,"mask":{"type":"rectangle"},"isBackground":true,"id":"4fab43d4-4da3-4001-bb1a-9fe0916893c5","basedOn":"6d51fe17-5b3b-4d0b-82cf-4037a3ffa2f8","alt":"sala com espelho ovalado em cima de bancada de madeira","type":"image"},{"opacity":100,"flip":{"vertical":false,"horizontal":false},"rotationAngle":0,"lockAspectRatio":false,"scale":100,"focalX":50,"focalY":50,"resource":{"type":"image","mimeType":"image\/jpeg","width":740,"height":1110,"sizes":{"medium":{"file":"frutos-de-outono-pendurados-em-um-galho-de-arvore-no-jardim_114579-33327-200x300.jpg","width":200,"height":300,"filesize":24489,"mimeType":"image\/jpeg","sourceUrl":"https:\/\/www.panoramamoveis.com.br\/blog-wp\/wp-content\/uploads\/2025\/02\/frutos-de-outono-pendurados-em-um-galho-de-arvore-no-jardim_114579-33327-200x300.jpg"},"large":{"file":"frutos-de-outono-pendurados-em-um-galho-de-arvore-no-jardim_114579-33327-683x1024.jpg","width":683,"height":1024,"filesize":186264,"mimeType":"image\/jpeg","sourceUrl":"https:\/\/www.panoramamoveis.com.br\/blog-wp\/wp-content\/uploads\/2025\/02\/frutos-de-outono-pendurados-em-um-galho-de-arvore-no-jardim_114579-33327-683x1024.jpg"},"thumbnail":{"file":"frutos-de-outono-pendurados-em-um-galho-de-arvore-no-jardim_114579-33327-150x150.jpg","width":150,"height":150,"filesize":10609,"mimeType":"image\/jpeg","sourceUrl":"https:\/\/www.panoramamoveis.com.br\/blog-wp\/wp-content\/uploads\/2025\/02\/frutos-de-outono-pendurados-em-um-galho-de-arvore-no-jardim_114579-33327-150x150.jpg"},"web-stories-poster-portrait":{"file":"frutos-de-outono-pendurados-em-um-galho-de-arvore-no-jardim_114579-33327-640x853.jpg","width":640,"height":853,"filesize":153994,"mimeType":"image\/jpeg","sourceUrl":"https:\/\/www.panoramamoveis.com.br\/blog-wp\/wp-content\/uploads\/2025\/02\/frutos-de-outono-pendurados-em-um-galho-de-arvore-no-jardim_114579-33327-640x853.jpg"},"web-stories-publisher-logo":{"file":"frutos-de-outono-pendurados-em-um-galho-de-arvore-no-jardim_114579-33327-96x96.jpg","width":96,"height":96,"filesize":4722,"mimeType":"image\/jpeg","sourceUrl":"https:\/\/www.panoramamoveis.com.br\/blog-wp\/wp-content\/uploads\/2025\/02\/frutos-de-outono-pendurados-em-um-galho-de-arvore-no-jardim_114579-33327-96x96.jpg"},"web-stories-thumbnail":{"file":"frutos-de-outono-pendurados-em-um-galho-de-arvore-no-jardim_114579-33327-150x225.jpg","width":150,"height":225,"filesize":14879,"mimeType":"image\/jpeg","sourceUrl":"https:\/\/www.panoramamoveis.com.br\/blog-wp\/wp-content\/uploads\/2025\/02\/frutos-de-outono-pendurados-em-um-galho-de-arvore-no-jardim_114579-33327-150x225.jpg"},"full":{"file":"frutos-de-outono-pendurados-em-um-galho-de-arvore-no-jardim_114579-33327.jpg","width":740,"height":1110,"mimeType":"image\/jpeg","sourceUrl":"https:\/\/www.panoramamoveis.com.br\/blog-wp\/wp-content\/uploads\/2025\/02\/frutos-de-outono-pendurados-em-um-galho-de-arvore-no-jardim_114579-33327.jpg"}},"isPlaceholder":false,"isExternal":false,"needsProxy":false,"baseColor":"#72833b","blurHash":"UUF~.z%LX5oz~WxvRkof.8t8V[kC%NxbodbH","creationDate":"2025-02-21T19:29:59","src":"https:\/\/www.panoramamoveis.com.br\/blog-wp\/wp-content\/uploads\/2025\/02\/frutos-de-outono-pendurados-em-um-galho-de-arvore-no-jardim_114579-33327.jpg","id":65593,"alt":"frutos-de-outono-pendurados-em-um-galho-de-arvore-no-jardim_114579-33327","local":false},"type":"image","x":49,"y":-35,"width":316,"height":388,"mask":{"type":"rectangle","showInLibrary":true,"name":"Ret\u00e2ngulo","path":"M 0,0 1,0 1,1 0,1 0,0 Z","ratio":1,"supportsBorder":true},"id":"a25f49dd-b189-4c99-a8f5-93037ee32f65"},{"opacity":100,"flip":{"vertical":false,"horizontal":false},"rotationAngle":270,"lockAspectRatio":true,"scale":100,"focalX":50,"focalY":50,"resource":{"baseColor":"#543833","type":"image","mimeType":"image\/png","creationDate":"2021-11-09T19:36:56","src":"https:\/\/www.panoramamoveis.com.br\/blog-wp\/wp-content\/uploads\/2021\/11\/Panorama-Moveis-click-1.png","width":3240,"height":5760,"id":1933,"alt":"Panorama M\u00f3veis click (1)","sizes":{"medium":{"file":"Panorama-Moveis-click-1-169x300.png","width":169,"height":300,"mimeType":"image\/png","sourceUrl":"https:\/\/www.panoramamoveis.com.br\/blog-wp\/wp-content\/uploads\/2021\/11\/Panorama-Moveis-click-1-169x300.png"},"large":{"file":"Panorama-Moveis-click-1-576x1024.png","width":576,"height":1024,"mimeType":"image\/png","sourceUrl":"https:\/\/www.panoramamoveis.com.br\/blog-wp\/wp-content\/uploads\/2021\/11\/Panorama-Moveis-click-1-576x1024.png"},"thumbnail":{"file":"Panorama-Moveis-click-1-150x150.png","width":150,"height":150,"mimeType":"image\/png","sourceUrl":"https:\/\/www.panoramamoveis.com.br\/blog-wp\/wp-content\/uploads\/2021\/11\/Panorama-Moveis-click-1-150x150.png"},"medium_large":{"file":"Panorama-Moveis-click-1-768x1365.png","width":768,"height":1365,"mimeType":"image\/png","sourceUrl":"https:\/\/www.panoramamoveis.com.br\/blog-wp\/wp-content\/uploads\/2021\/11\/Panorama-Moveis-click-1-768x1365.png"},"1536x1536":{"file":"Panorama-Moveis-click-1-864x1536.png","width":864,"height":1536,"mimeType":"image\/png","sourceUrl":"https:\/\/www.panoramamoveis.com.br\/blog-wp\/wp-content\/uploads\/2021\/11\/Panorama-Moveis-click-1-864x1536.png"},"2048x2048":{"file":"Panorama-Moveis-click-1-1152x2048.png","width":1152,"height":2048,"mimeType":"image\/png","sourceUrl":"https:\/\/www.panoramamoveis.com.br\/blog-wp\/wp-content\/uploads\/2021\/11\/Panorama-Moveis-click-1-1152x2048.png"},"post-thumbnail":{"file":"Panorama-Moveis-click-1-1200x2133.png","width":1200,"height":2133,"mimeType":"image\/png","sourceUrl":"https:\/\/www.panoramamoveis.com.br\/blog-wp\/wp-content\/uploads\/2021\/11\/Panorama-Moveis-click-1-1200x2133.png"},"twentytwenty-fullscreen":{"file":"Panorama-Moveis-click-1-1980x3520.png","width":1980,"height":3520,"mimeType":"image\/png","sourceUrl":"https:\/\/www.panoramamoveis.com.br\/blog-wp\/wp-content\/uploads\/2021\/11\/Panorama-Moveis-click-1-1980x3520.png"},"web-stories-poster-portrait":{"file":"Panorama-Moveis-click-1-640x853.png","width":640,"height":853,"mimeType":"image\/png","sourceUrl":"https:\/\/www.panoramamoveis.com.br\/blog-wp\/wp-content\/uploads\/2021\/11\/Panorama-Moveis-click-1-640x853.png"},"web-stories-publisher-logo":{"file":"Panorama-Moveis-click-1-96x96.png","width":96,"height":96,"mimeType":"image\/png","sourceUrl":"https:\/\/www.panoramamoveis.com.br\/blog-wp\/wp-content\/uploads\/2021\/11\/Panorama-Moveis-click-1-96x96.png"},"web-stories-thumbnail":{"file":"Panorama-Moveis-click-1-150x267.png","width":150,"height":267,"mimeType":"image\/png","sourceUrl":"https:\/\/www.panoramamoveis.com.br\/blog-wp\/wp-content\/uploads\/2021\/11\/Panorama-Moveis-click-1-150x267.png"},"full":{"file":"Panorama-Moveis-click-1.png","width":3240,"height":5760,"mimeType":"image\/png","sourceUrl":"https:\/\/www.panoramamoveis.com.br\/blog-wp\/wp-content\/uploads\/2021\/11\/Panorama-Moveis-click-1.png"}},"isPlaceholder":false,"isOptimized":false,"isMuted":false,"isExternal":false,"provider":"local"},"x":70,"y":-52,"width":56,"height":104,"mask":{"type":"rectangle","showInLibrary":true,"name":"Ret\u00e2ngulo","path":"M 0,0 1,0 1,1 0,1 0,0 Z","ratio":1,"supportsBorder":true},"basedOn":"ff22fdff-46a4-4f87-bd8d-8ebfd8afae43","id":"77928504-5450-43f9-b2a2-db88218aa230","type":"image"},{"opacity":100,"flip":{"vertical":false,"horizontal":false},"rotationAngle":0,"lockAspectRatio":true,"backgroundTextMode":"HIGHLIGHT","font":{"family":"Anton"},"fontSize":24,"backgroundColor":{"color":{"r":163,"g":0,"b":3,"a":0.6}},"lineHeight":1,"textAlign":"left","padding":{"hasHiddenPadding":true,"horizontal":8,"vertical":4},"content":"<span style=\"color: #fff\">Ofere\u00e7a Alimento Natural<\/span>","borderRadius":{"locked":true,"topLeft":2,"topRight":2,"bottomRight":2,"bottomLeft":2},"x":49,"y":309,"width":313,"height":44,"basedOn":"b243f3b7-3cf7-4622-8509-1da0a1b3e9f5","id":"9e82a8ee-b0b9-456f-8816-b066d7a9815f","type":"text"},{"opacity":100,"flip":{"vertical":false,"horizontal":false},"rotationAngle":0,"lockAspectRatio":true,"backgroundTextMode":"NONE","font":{"family":"Oswald"},"fontSize":23,"backgroundColor":{"color":{"r":196,"g":196,"b":196}},"lineHeight":1.2,"textAlign":"left","padding":{"locked":true,"hasHiddenPadding":false,"horizontal":null,"vertical":null},"content":"<span style=\"color: #f00\">Uma das melhores maneiras de atrair passarinhos para o seu quintal \u00e9 oferecer alimentos naturais.<\/span>\n\n<span style=\"color: #f00\">Contudo, lembre-se que diferentes esp\u00e9cies de p\u00e1ssaros t\u00eam gosto alimentares variados. Isso significa que se voc\u00ea quiser variar as esp\u00e9cies \u00e9 preciso variar o alimento.<\/span>\n","borderRadius":{"locked":true,"topLeft":2,"topRight":2,"bottomRight":2,"bottomLeft":2},"x":56,"y":353,"width":308,"height":282,"basedOn":"1db38a2b-ce9d-45f7-9b4b-251abc548bed","marginOffset":-5.0760000000000005,"id":"6102357c-5403-48b7-be82-f6d9b3fe6d71","type":"text"}],"backgroundColor":{"color":{"r":255,"g":255,"b":255}},"animations":[{"targets":["6102357c-5403-48b7-be82-f6d9b3fe6d71"],"id":"b6cf4380-b42b-40ae-be69-91a6efc143eb","type":"effect-fade-in","duration":600,"delay":0}],"type":"page","id":"3f4ac6be-21cd-4804-8c30-3ee2a9552928","defaultBackgroundElement":{"opacity":100,"flip":{"vertical":false,"horizontal":false},"rotationAngle":0,"lockAspectRatio":true,"x":1,"y":1,"width":1,"height":1,"mask":{"type":"rectangle"},"isBackground":true,"isDefaultBackground":true,"type":"shape","id":"a8c80173-9ac5-4023-87d5-f08fb27f6c35"}},{"elements":[{"opacity":100,"flip":{"vertical":false,"horizontal":false},"rotationAngle":0,"lockAspectRatio":true,"scale":100,"focalX":50,"focalY":49.9999996875,"resource":{"baseColor":"#d0c9c3","blurHash":"UJPskqM{_4xb00tQ-=t7_NM{M{Rj%gs:ayRj","type":"image","mimeType":"image\/png","creationDate":"2022-07-17T14:12:58.000Z","src":"https:\/\/www.panoramamoveis.com.br\/blog-wp\/wp-content\/uploads\/2022\/07\/ESPELHOS-PG4.png","width":1080,"height":1920,"id":6240,"alt":"ESPELHOS PG4","sizes":{"medium":{"file":"ESPELHOS-PG4-169x300.png","width":169,"height":300,"filesize":52785,"mimeType":"image\/png","sourceUrl":"https:\/\/www.panoramamoveis.com.br\/blog-wp\/wp-content\/uploads\/2022\/07\/ESPELHOS-PG4-169x300.png"},"large":{"file":"ESPELHOS-PG4-576x1024.png","width":576,"height":1024,"filesize":395855,"mimeType":"image\/png","sourceUrl":"https:\/\/www.panoramamoveis.com.br\/blog-wp\/wp-content\/uploads\/2022\/07\/ESPELHOS-PG4-576x1024.png"},"thumbnail":{"file":"ESPELHOS-PG4-150x150.png","width":150,"height":150,"filesize":26980,"mimeType":"image\/png","sourceUrl":"https:\/\/www.panoramamoveis.com.br\/blog-wp\/wp-content\/uploads\/2022\/07\/ESPELHOS-PG4-150x150.png"},"medium_large":{"file":"ESPELHOS-PG4-768x1365.png","width":768,"height":1365,"filesize":730853,"mimeType":"image\/png","sourceUrl":"https:\/\/www.panoramamoveis.com.br\/blog-wp\/wp-content\/uploads\/2022\/07\/ESPELHOS-PG4-768x1365.png"},"1536x1536":{"file":"ESPELHOS-PG4-864x1536.png","width":864,"height":1536,"filesize":778363,"mimeType":"image\/png","sourceUrl":"https:\/\/www.panoramamoveis.com.br\/blog-wp\/wp-content\/uploads\/2022\/07\/ESPELHOS-PG4-864x1536.png"},"web-stories-poster-portrait":{"file":"ESPELHOS-PG4-640x853.png","width":640,"height":853,"filesize":420748,"mimeType":"image\/png","sourceUrl":"https:\/\/www.panoramamoveis.com.br\/blog-wp\/wp-content\/uploads\/2022\/07\/ESPELHOS-PG4-640x853.png"},"web-stories-publisher-logo":{"file":"ESPELHOS-PG4-96x96.png","width":96,"height":96,"filesize":12353,"mimeType":"image\/png","sourceUrl":"https:\/\/www.panoramamoveis.com.br\/blog-wp\/wp-content\/uploads\/2022\/07\/ESPELHOS-PG4-96x96.png"},"web-stories-thumbnail":{"file":"ESPELHOS-PG4-150x267.png","width":150,"height":267,"filesize":42771,"mimeType":"image\/png","sourceUrl":"https:\/\/www.panoramamoveis.com.br\/blog-wp\/wp-content\/uploads\/2022\/07\/ESPELHOS-PG4-150x267.png"},"full":{"file":"ESPELHOS-PG4.png","width":1080,"height":1920,"mimeType":"image\/png","sourceUrl":"https:\/\/www.panoramamoveis.com.br\/blog-wp\/wp-content\/uploads\/2022\/07\/ESPELHOS-PG4.png"}},"isPlaceholder":false,"isOptimized":false,"isMuted":false,"isExternal":false,"needsProxy":false},"x":210,"y":540,"width":330,"height":586,"mask":{"type":"rectangle"},"isBackground":true,"id":"25de8763-be3f-40bc-9348-1b35d95ca3f7","basedOn":"6d51fe17-5b3b-4d0b-82cf-4037a3ffa2f8","alt":"sala com espelho ovalado em cima de bancada de madeira","type":"image"},{"opacity":100,"flip":{"vertical":false,"horizontal":false},"rotationAngle":0,"lockAspectRatio":false,"scale":100,"focalX":50,"focalY":50,"resource":{"type":"image","mimeType":"image\/jpeg","width":722,"height":706,"sizes":{"medium":{"file":"aproximacao-de-um-belo-passaro-de-acafrao-bebendo-agua-de-um-balde_181624-56682-300x293.jpg","width":300,"height":293,"filesize":21086,"mimeType":"image\/jpeg","sourceUrl":"https:\/\/www.panoramamoveis.com.br\/blog-wp\/wp-content\/uploads\/2025\/02\/aproximacao-de-um-belo-passaro-de-acafrao-bebendo-agua-de-um-balde_181624-56682-300x293.jpg"},"thumbnail":{"file":"aproximacao-de-um-belo-passaro-de-acafrao-bebendo-agua-de-um-balde_181624-56682-150x150.jpg","width":150,"height":150,"filesize":7684,"mimeType":"image\/jpeg","sourceUrl":"https:\/\/www.panoramamoveis.com.br\/blog-wp\/wp-content\/uploads\/2025\/02\/aproximacao-de-um-belo-passaro-de-acafrao-bebendo-agua-de-um-balde_181624-56682-150x150.jpg"},"web-stories-poster-portrait":{"file":"aproximacao-de-um-belo-passaro-de-acafrao-bebendo-agua-de-um-balde_181624-56682-640x706.jpg","width":640,"height":706,"filesize":78200,"mimeType":"image\/jpeg","sourceUrl":"https:\/\/www.panoramamoveis.com.br\/blog-wp\/wp-content\/uploads\/2025\/02\/aproximacao-de-um-belo-passaro-de-acafrao-bebendo-agua-de-um-balde_181624-56682-640x706.jpg"},"web-stories-publisher-logo":{"file":"aproximacao-de-um-belo-passaro-de-acafrao-bebendo-agua-de-um-balde_181624-56682-96x96.jpg","width":96,"height":96,"filesize":3935,"mimeType":"image\/jpeg","sourceUrl":"https:\/\/www.panoramamoveis.com.br\/blog-wp\/wp-content\/uploads\/2025\/02\/aproximacao-de-um-belo-passaro-de-acafrao-bebendo-agua-de-um-balde_181624-56682-96x96.jpg"},"web-stories-thumbnail":{"file":"aproximacao-de-um-belo-passaro-de-acafrao-bebendo-agua-de-um-balde_181624-56682-150x147.jpg","width":150,"height":147,"filesize":7671,"mimeType":"image\/jpeg","sourceUrl":"https:\/\/www.panoramamoveis.com.br\/blog-wp\/wp-content\/uploads\/2025\/02\/aproximacao-de-um-belo-passaro-de-acafrao-bebendo-agua-de-um-balde_181624-56682-150x147.jpg"},"full":{"file":"aproximacao-de-um-belo-passaro-de-acafrao-bebendo-agua-de-um-balde_181624-56682.jpg","width":722,"height":706,"mimeType":"image\/jpeg","sourceUrl":"https:\/\/www.panoramamoveis.com.br\/blog-wp\/wp-content\/uploads\/2025\/02\/aproximacao-de-um-belo-passaro-de-acafrao-bebendo-agua-de-um-balde_181624-56682.jpg"}},"isPlaceholder":false,"isExternal":false,"needsProxy":false,"baseColor":"#3c3a2e","blurHash":"UEAw6ZxaIokD~oR*R%j[SgM|oct5NZbFt7t7","creationDate":"2025-02-21T19:34:05","src":"https:\/\/www.panoramamoveis.com.br\/blog-wp\/wp-content\/uploads\/2025\/02\/aproximacao-de-um-belo-passaro-de-acafrao-bebendo-agua-de-um-balde_181624-56682.jpg","id":65594,"alt":"aproximacao-de-um-belo-passaro-de-acafrao-bebendo-agua-de-um-balde_181624-56682","local":false},"type":"image","x":48,"y":-39,"width":316,"height":392,"mask":{"type":"rectangle","showInLibrary":true,"name":"Ret\u00e2ngulo","path":"M 0,0 1,0 1,1 0,1 0,0 Z","ratio":1,"supportsBorder":true},"id":"c1d579de-ca62-4aab-89e6-d5d6b65970ae"},{"opacity":100,"flip":{"vertical":false,"horizontal":false},"rotationAngle":270,"lockAspectRatio":true,"scale":100,"focalX":50,"focalY":50,"resource":{"baseColor":"#543833","type":"image","mimeType":"image\/png","creationDate":"2021-11-09T19:36:56","src":"https:\/\/www.panoramamoveis.com.br\/blog-wp\/wp-content\/uploads\/2021\/11\/Panorama-Moveis-click-1.png","width":3240,"height":5760,"id":1933,"alt":"Panorama M\u00f3veis click (1)","sizes":{"medium":{"file":"Panorama-Moveis-click-1-169x300.png","width":169,"height":300,"mimeType":"image\/png","sourceUrl":"https:\/\/www.panoramamoveis.com.br\/blog-wp\/wp-content\/uploads\/2021\/11\/Panorama-Moveis-click-1-169x300.png"},"large":{"file":"Panorama-Moveis-click-1-576x1024.png","width":576,"height":1024,"mimeType":"image\/png","sourceUrl":"https:\/\/www.panoramamoveis.com.br\/blog-wp\/wp-content\/uploads\/2021\/11\/Panorama-Moveis-click-1-576x1024.png"},"thumbnail":{"file":"Panorama-Moveis-click-1-150x150.png","width":150,"height":150,"mimeType":"image\/png","sourceUrl":"https:\/\/www.panoramamoveis.com.br\/blog-wp\/wp-content\/uploads\/2021\/11\/Panorama-Moveis-click-1-150x150.png"},"medium_large":{"file":"Panorama-Moveis-click-1-768x1365.png","width":768,"height":1365,"mimeType":"image\/png","sourceUrl":"https:\/\/www.panoramamoveis.com.br\/blog-wp\/wp-content\/uploads\/2021\/11\/Panorama-Moveis-click-1-768x1365.png"},"1536x1536":{"file":"Panorama-Moveis-click-1-864x1536.png","width":864,"height":1536,"mimeType":"image\/png","sourceUrl":"https:\/\/www.panoramamoveis.com.br\/blog-wp\/wp-content\/uploads\/2021\/11\/Panorama-Moveis-click-1-864x1536.png"},"2048x2048":{"file":"Panorama-Moveis-click-1-1152x2048.png","width":1152,"height":2048,"mimeType":"image\/png","sourceUrl":"https:\/\/www.panoramamoveis.com.br\/blog-wp\/wp-content\/uploads\/2021\/11\/Panorama-Moveis-click-1-1152x2048.png"},"post-thumbnail":{"file":"Panorama-Moveis-click-1-1200x2133.png","width":1200,"height":2133,"mimeType":"image\/png","sourceUrl":"https:\/\/www.panoramamoveis.com.br\/blog-wp\/wp-content\/uploads\/2021\/11\/Panorama-Moveis-click-1-1200x2133.png"},"twentytwenty-fullscreen":{"file":"Panorama-Moveis-click-1-1980x3520.png","width":1980,"height":3520,"mimeType":"image\/png","sourceUrl":"https:\/\/www.panoramamoveis.com.br\/blog-wp\/wp-content\/uploads\/2021\/11\/Panorama-Moveis-click-1-1980x3520.png"},"web-stories-poster-portrait":{"file":"Panorama-Moveis-click-1-640x853.png","width":640,"height":853,"mimeType":"image\/png","sourceUrl":"https:\/\/www.panoramamoveis.com.br\/blog-wp\/wp-content\/uploads\/2021\/11\/Panorama-Moveis-click-1-640x853.png"},"web-stories-publisher-logo":{"file":"Panorama-Moveis-click-1-96x96.png","width":96,"height":96,"mimeType":"image\/png","sourceUrl":"https:\/\/www.panoramamoveis.com.br\/blog-wp\/wp-content\/uploads\/2021\/11\/Panorama-Moveis-click-1-96x96.png"},"web-stories-thumbnail":{"file":"Panorama-Moveis-click-1-150x267.png","width":150,"height":267,"mimeType":"image\/png","sourceUrl":"https:\/\/www.panoramamoveis.com.br\/blog-wp\/wp-content\/uploads\/2021\/11\/Panorama-Moveis-click-1-150x267.png"},"full":{"file":"Panorama-Moveis-click-1.png","width":3240,"height":5760,"mimeType":"image\/png","sourceUrl":"https:\/\/www.panoramamoveis.com.br\/blog-wp\/wp-content\/uploads\/2021\/11\/Panorama-Moveis-click-1.png"}},"isPlaceholder":false,"isOptimized":false,"isMuted":false,"isExternal":false,"provider":"local"},"x":70,"y":-52,"width":56,"height":104,"mask":{"type":"rectangle","showInLibrary":true,"name":"Ret\u00e2ngulo","path":"M 0,0 1,0 1,1 0,1 0,0 Z","ratio":1,"supportsBorder":true},"basedOn":"ff22fdff-46a4-4f87-bd8d-8ebfd8afae43","id":"dc4b5286-4cdb-4ca5-98af-09623f37fb01","type":"image"},{"opacity":100,"flip":{"vertical":false,"horizontal":false},"rotationAngle":0,"lockAspectRatio":true,"backgroundTextMode":"NONE","font":{"family":"Oswald"},"fontSize":23,"backgroundColor":{"color":{"r":196,"g":196,"b":196}},"lineHeight":1.2,"textAlign":"left","padding":{"locked":true,"hasHiddenPadding":false,"horizontal":null,"vertical":null},"content":"<span style=\"color: #f00\">\u00c1gua \u00e9 um elemento essencial para a vida, n\u00e3o apenas para saciar a sede, mas tamb\u00e9m para manter a higiene e regular a temperatura do corpo.&nbsp;<\/span>\n\n<span style=\"color: #f00\">Oferecer \u00e1gua fresca no seu quintal \u00e9 uma maneira simples e eficaz de atrair diversas esp\u00e9cies de aves.&nbsp;<\/span>","borderRadius":{"locked":true,"topLeft":2,"topRight":2,"bottomRight":2,"bottomLeft":2},"x":54,"y":353,"width":305,"height":255,"basedOn":"1db38a2b-ce9d-45f7-9b4b-251abc548bed","marginOffset":-5.0760000000000005,"id":"adf7d771-8f41-4de6-8678-ef9ff6761937","type":"text"},{"opacity":100,"flip":{"vertical":false,"horizontal":false},"rotationAngle":0,"lockAspectRatio":true,"backgroundTextMode":"HIGHLIGHT","font":{"family":"Anton"},"fontSize":24,"backgroundColor":{"color":{"r":163,"g":0,"b":3,"a":0.6}},"lineHeight":1,"textAlign":"left","padding":{"hasHiddenPadding":true,"horizontal":8,"vertical":4},"content":"<span style=\"color: #fff\">Instale <\/span><span style=\"color: #fff\">Bebedouros <\/span><span style=\"color: #fff\">e Banheira<\/span>","borderRadius":{"locked":true,"topLeft":2,"topRight":2,"bottomRight":2,"bottomLeft":2},"x":48,"y":309,"width":316,"height":44,"basedOn":"b243f3b7-3cf7-4622-8509-1da0a1b3e9f5","id":"3619a978-e6ec-44d6-a6f7-124f9a6179ba","type":"text"}],"backgroundColor":{"color":{"r":255,"g":255,"b":255}},"animations":[{"targets":["adf7d771-8f41-4de6-8678-ef9ff6761937"],"id":"eef33639-c19d-44de-905c-8857209cfdaa","type":"effect-fade-in","duration":600,"delay":0}],"type":"page","id":"35e803a5-528a-493c-a820-6997ce954d9a","defaultBackgroundElement":{"opacity":100,"flip":{"vertical":false,"horizontal":false},"rotationAngle":0,"lockAspectRatio":true,"x":1,"y":1,"width":1,"height":1,"mask":{"type":"rectangle"},"isBackground":true,"isDefaultBackground":true,"type":"shape","id":"a8c80173-9ac5-4023-87d5-f08fb27f6c35"}},{"elements":[{"opacity":100,"flip":{"vertical":false,"horizontal":false},"rotationAngle":0,"lockAspectRatio":true,"scale":100,"focalX":50,"focalY":49.9999996875,"resource":{"baseColor":"#d0c9c3","blurHash":"UJPskqM{_4xb00tQ-=t7_NM{M{Rj%gs:ayRj","type":"image","mimeType":"image\/png","creationDate":"2022-07-17T14:12:58.000Z","src":"https:\/\/www.panoramamoveis.com.br\/blog-wp\/wp-content\/uploads\/2022\/07\/ESPELHOS-PG4.png","width":1080,"height":1920,"id":6240,"alt":"ESPELHOS PG4","sizes":{"medium":{"file":"ESPELHOS-PG4-169x300.png","width":169,"height":300,"filesize":52785,"mimeType":"image\/png","sourceUrl":"https:\/\/www.panoramamoveis.com.br\/blog-wp\/wp-content\/uploads\/2022\/07\/ESPELHOS-PG4-169x300.png"},"large":{"file":"ESPELHOS-PG4-576x1024.png","width":576,"height":1024,"filesize":395855,"mimeType":"image\/png","sourceUrl":"https:\/\/www.panoramamoveis.com.br\/blog-wp\/wp-content\/uploads\/2022\/07\/ESPELHOS-PG4-576x1024.png"},"thumbnail":{"file":"ESPELHOS-PG4-150x150.png","width":150,"height":150,"filesize":26980,"mimeType":"image\/png","sourceUrl":"https:\/\/www.panoramamoveis.com.br\/blog-wp\/wp-content\/uploads\/2022\/07\/ESPELHOS-PG4-150x150.png"},"medium_large":{"file":"ESPELHOS-PG4-768x1365.png","width":768,"height":1365,"filesize":730853,"mimeType":"image\/png","sourceUrl":"https:\/\/www.panoramamoveis.com.br\/blog-wp\/wp-content\/uploads\/2022\/07\/ESPELHOS-PG4-768x1365.png"},"1536x1536":{"file":"ESPELHOS-PG4-864x1536.png","width":864,"height":1536,"filesize":778363,"mimeType":"image\/png","sourceUrl":"https:\/\/www.panoramamoveis.com.br\/blog-wp\/wp-content\/uploads\/2022\/07\/ESPELHOS-PG4-864x1536.png"},"web-stories-poster-portrait":{"file":"ESPELHOS-PG4-640x853.png","width":640,"height":853,"filesize":420748,"mimeType":"image\/png","sourceUrl":"https:\/\/www.panoramamoveis.com.br\/blog-wp\/wp-content\/uploads\/2022\/07\/ESPELHOS-PG4-640x853.png"},"web-stories-publisher-logo":{"file":"ESPELHOS-PG4-96x96.png","width":96,"height":96,"filesize":12353,"mimeType":"image\/png","sourceUrl":"https:\/\/www.panoramamoveis.com.br\/blog-wp\/wp-content\/uploads\/2022\/07\/ESPELHOS-PG4-96x96.png"},"web-stories-thumbnail":{"file":"ESPELHOS-PG4-150x267.png","width":150,"height":267,"filesize":42771,"mimeType":"image\/png","sourceUrl":"https:\/\/www.panoramamoveis.com.br\/blog-wp\/wp-content\/uploads\/2022\/07\/ESPELHOS-PG4-150x267.png"},"full":{"file":"ESPELHOS-PG4.png","width":1080,"height":1920,"mimeType":"image\/png","sourceUrl":"https:\/\/www.panoramamoveis.com.br\/blog-wp\/wp-content\/uploads\/2022\/07\/ESPELHOS-PG4.png"}},"isPlaceholder":false,"isOptimized":false,"isMuted":false,"isExternal":false,"needsProxy":false},"x":240,"y":570,"width":330,"height":586,"mask":{"type":"rectangle"},"isBackground":true,"id":"5c6c7c64-2486-4eeb-818f-4fcbc5149be7","basedOn":"6d51fe17-5b3b-4d0b-82cf-4037a3ffa2f8","alt":"sala com espelho ovalado em cima de bancada de madeira","type":"image"},{"opacity":100,"flip":{"vertical":false,"horizontal":false},"rotationAngle":0,"lockAspectRatio":false,"scale":100,"focalX":50,"focalY":50,"resource":{"type":"image","mimeType":"image\/jpeg","width":759,"height":706,"sizes":{"medium":{"file":"foto-de-foco-seletivo-de-um-passaro-no-alto-de-arvores_181624-38304-1-300x279.jpg","width":300,"height":279,"filesize":17919,"mimeType":"image\/jpeg","sourceUrl":"https:\/\/www.panoramamoveis.com.br\/blog-wp\/wp-content\/uploads\/2025\/02\/foto-de-foco-seletivo-de-um-passaro-no-alto-de-arvores_181624-38304-1-300x279.jpg"},"thumbnail":{"file":"foto-de-foco-seletivo-de-um-passaro-no-alto-de-arvores_181624-38304-1-150x150.jpg","width":150,"height":150,"filesize":6911,"mimeType":"image\/jpeg","sourceUrl":"https:\/\/www.panoramamoveis.com.br\/blog-wp\/wp-content\/uploads\/2025\/02\/foto-de-foco-seletivo-de-um-passaro-no-alto-de-arvores_181624-38304-1-150x150.jpg"},"web-stories-poster-portrait":{"file":"foto-de-foco-seletivo-de-um-passaro-no-alto-de-arvores_181624-38304-1-640x706.jpg","width":640,"height":706,"filesize":72627,"mimeType":"image\/jpeg","sourceUrl":"https:\/\/www.panoramamoveis.com.br\/blog-wp\/wp-content\/uploads\/2025\/02\/foto-de-foco-seletivo-de-um-passaro-no-alto-de-arvores_181624-38304-1-640x706.jpg"},"web-stories-publisher-logo":{"file":"foto-de-foco-seletivo-de-um-passaro-no-alto-de-arvores_181624-38304-1-96x96.jpg","width":96,"height":96,"filesize":3583,"mimeType":"image\/jpeg","sourceUrl":"https:\/\/www.panoramamoveis.com.br\/blog-wp\/wp-content\/uploads\/2025\/02\/foto-de-foco-seletivo-de-um-passaro-no-alto-de-arvores_181624-38304-1-96x96.jpg"},"web-stories-thumbnail":{"file":"foto-de-foco-seletivo-de-um-passaro-no-alto-de-arvores_181624-38304-1-150x140.jpg","width":150,"height":140,"filesize":6614,"mimeType":"image\/jpeg","sourceUrl":"https:\/\/www.panoramamoveis.com.br\/blog-wp\/wp-content\/uploads\/2025\/02\/foto-de-foco-seletivo-de-um-passaro-no-alto-de-arvores_181624-38304-1-150x140.jpg"},"full":{"file":"foto-de-foco-seletivo-de-um-passaro-no-alto-de-arvores_181624-38304-1.jpg","width":759,"height":706,"mimeType":"image\/jpeg","sourceUrl":"https:\/\/www.panoramamoveis.com.br\/blog-wp\/wp-content\/uploads\/2025\/02\/foto-de-foco-seletivo-de-um-passaro-no-alto-de-arvores_181624-38304-1.jpg"}},"isPlaceholder":false,"isExternal":false,"needsProxy":false,"baseColor":"#9c8161","blurHash":"UBIN%4_4~U^,yFbL%Nk;9FE0D$VX00D*?axs","creationDate":"2025-02-21T19:28:39","src":"https:\/\/www.panoramamoveis.com.br\/blog-wp\/wp-content\/uploads\/2025\/02\/foto-de-foco-seletivo-de-um-passaro-no-alto-de-arvores_181624-38304-1.jpg","id":65592,"alt":"foto-de-foco-seletivo-de-um-passaro-no-alto-de-arvores_181624-38304","local":false,"provider":"local"},"x":48,"y":-38,"width":313,"height":391,"type":"image","mask":{"type":"rectangle","showInLibrary":true,"name":"Ret\u00e2ngulo","path":"M 0,0 1,0 1,1 0,1 0,0 Z","ratio":1,"supportsBorder":true},"id":"022b6ef3-de24-4361-8940-37df7613e309"},{"opacity":100,"flip":{"vertical":false,"horizontal":false},"rotationAngle":0,"lockAspectRatio":true,"backgroundTextMode":"HIGHLIGHT","font":{"family":"Anton"},"fontSize":24,"backgroundColor":{"color":{"r":163,"g":0,"b":3,"a":0.6}},"lineHeight":1,"textAlign":"left","padding":{"hasHiddenPadding":true,"horizontal":8,"vertical":4},"content":"<span style=\"color: #fff\">Use Comedouros&nbsp;<\/span>","borderRadius":{"locked":true,"topLeft":2,"topRight":2,"bottomRight":2,"bottomLeft":2},"x":49,"y":309,"width":312,"height":44,"basedOn":"b243f3b7-3cf7-4622-8509-1da0a1b3e9f5","id":"93e6e743-8181-4240-8b7a-66dfc08205f8","type":"text"},{"opacity":100,"flip":{"vertical":false,"horizontal":false},"rotationAngle":270,"lockAspectRatio":true,"scale":100,"focalX":50,"focalY":50,"resource":{"baseColor":"#543833","type":"image","mimeType":"image\/png","creationDate":"2021-11-09T19:36:56","src":"https:\/\/www.panoramamoveis.com.br\/blog-wp\/wp-content\/uploads\/2021\/11\/Panorama-Moveis-click-1.png","width":3240,"height":5760,"id":1933,"alt":"Panorama M\u00f3veis click (1)","sizes":{"medium":{"file":"Panorama-Moveis-click-1-169x300.png","width":169,"height":300,"mimeType":"image\/png","sourceUrl":"https:\/\/www.panoramamoveis.com.br\/blog-wp\/wp-content\/uploads\/2021\/11\/Panorama-Moveis-click-1-169x300.png"},"large":{"file":"Panorama-Moveis-click-1-576x1024.png","width":576,"height":1024,"mimeType":"image\/png","sourceUrl":"https:\/\/www.panoramamoveis.com.br\/blog-wp\/wp-content\/uploads\/2021\/11\/Panorama-Moveis-click-1-576x1024.png"},"thumbnail":{"file":"Panorama-Moveis-click-1-150x150.png","width":150,"height":150,"mimeType":"image\/png","sourceUrl":"https:\/\/www.panoramamoveis.com.br\/blog-wp\/wp-content\/uploads\/2021\/11\/Panorama-Moveis-click-1-150x150.png"},"medium_large":{"file":"Panorama-Moveis-click-1-768x1365.png","width":768,"height":1365,"mimeType":"image\/png","sourceUrl":"https:\/\/www.panoramamoveis.com.br\/blog-wp\/wp-content\/uploads\/2021\/11\/Panorama-Moveis-click-1-768x1365.png"},"1536x1536":{"file":"Panorama-Moveis-click-1-864x1536.png","width":864,"height":1536,"mimeType":"image\/png","sourceUrl":"https:\/\/www.panoramamoveis.com.br\/blog-wp\/wp-content\/uploads\/2021\/11\/Panorama-Moveis-click-1-864x1536.png"},"2048x2048":{"file":"Panorama-Moveis-click-1-1152x2048.png","width":1152,"height":2048,"mimeType":"image\/png","sourceUrl":"https:\/\/www.panoramamoveis.com.br\/blog-wp\/wp-content\/uploads\/2021\/11\/Panorama-Moveis-click-1-1152x2048.png"},"post-thumbnail":{"file":"Panorama-Moveis-click-1-1200x2133.png","width":1200,"height":2133,"mimeType":"image\/png","sourceUrl":"https:\/\/www.panoramamoveis.com.br\/blog-wp\/wp-content\/uploads\/2021\/11\/Panorama-Moveis-click-1-1200x2133.png"},"twentytwenty-fullscreen":{"file":"Panorama-Moveis-click-1-1980x3520.png","width":1980,"height":3520,"mimeType":"image\/png","sourceUrl":"https:\/\/www.panoramamoveis.com.br\/blog-wp\/wp-content\/uploads\/2021\/11\/Panorama-Moveis-click-1-1980x3520.png"},"web-stories-poster-portrait":{"file":"Panorama-Moveis-click-1-640x853.png","width":640,"height":853,"mimeType":"image\/png","sourceUrl":"https:\/\/www.panoramamoveis.com.br\/blog-wp\/wp-content\/uploads\/2021\/11\/Panorama-Moveis-click-1-640x853.png"},"web-stories-publisher-logo":{"file":"Panorama-Moveis-click-1-96x96.png","width":96,"height":96,"mimeType":"image\/png","sourceUrl":"https:\/\/www.panoramamoveis.com.br\/blog-wp\/wp-content\/uploads\/2021\/11\/Panorama-Moveis-click-1-96x96.png"},"web-stories-thumbnail":{"file":"Panorama-Moveis-click-1-150x267.png","width":150,"height":267,"mimeType":"image\/png","sourceUrl":"https:\/\/www.panoramamoveis.com.br\/blog-wp\/wp-content\/uploads\/2021\/11\/Panorama-Moveis-click-1-150x267.png"},"full":{"file":"Panorama-Moveis-click-1.png","width":3240,"height":5760,"mimeType":"image\/png","sourceUrl":"https:\/\/www.panoramamoveis.com.br\/blog-wp\/wp-content\/uploads\/2021\/11\/Panorama-Moveis-click-1.png"}},"isPlaceholder":false,"isOptimized":false,"isMuted":false,"isExternal":false,"provider":"local"},"x":70,"y":-52,"width":56,"height":104,"mask":{"type":"rectangle","showInLibrary":true,"name":"Ret\u00e2ngulo","path":"M 0,0 1,0 1,1 0,1 0,0 Z","ratio":1,"supportsBorder":true},"basedOn":"ff22fdff-46a4-4f87-bd8d-8ebfd8afae43","id":"162aabfd-28a2-4a64-9c95-eedf4a07ed8e","type":"image"},{"opacity":100,"flip":{"vertical":false,"horizontal":false},"rotationAngle":0,"lockAspectRatio":true,"backgroundTextMode":"NONE","font":{"family":"Oswald"},"fontSize":23,"backgroundColor":{"color":{"r":196,"g":196,"b":196}},"lineHeight":1.2,"textAlign":"left","padding":{"locked":true,"hasHiddenPadding":false,"horizontal":null,"vertical":null},"content":"<span style=\"color: #f00\">Os comedouros com sementes s\u00e3o uma das formas mais populares e eficazes de atrair p\u00e1ssaros para o seu quintal.&nbsp;<\/span>\n\n<span style=\"color: #f00\">Eles oferecem uma fonte de alimento f\u00e1cil e acess\u00edvel, especialmente em \u00e1reas urbanas onde os recursos naturais podem ser escassos.<\/span>\n","borderRadius":{"locked":true,"topLeft":2,"topRight":2,"bottomRight":2,"bottomLeft":2},"x":54,"y":353,"width":310,"height":282,"basedOn":"1db38a2b-ce9d-45f7-9b4b-251abc548bed","marginOffset":-5.0760000000000005,"id":"fbd92668-2fca-4988-84b9-f18b7633231d","type":"text"}],"backgroundColor":{"color":{"r":255,"g":255,"b":255}},"animations":[{"targets":["fbd92668-2fca-4988-84b9-f18b7633231d"],"id":"d77937f6-389a-45df-b7ea-bc179a4ad6d4","type":"effect-fade-in","duration":600,"delay":0}],"type":"page","id":"1128a7b0-1e64-4fc3-8e6d-78011d218d35","defaultBackgroundElement":{"opacity":100,"flip":{"vertical":false,"horizontal":false},"rotationAngle":0,"lockAspectRatio":true,"x":1,"y":1,"width":1,"height":1,"mask":{"type":"rectangle"},"isBackground":true,"isDefaultBackground":true,"type":"shape","id":"a8c80173-9ac5-4023-87d5-f08fb27f6c35"}},{"elements":[{"opacity":100,"flip":{"vertical":false,"horizontal":false},"rotationAngle":0,"lockAspectRatio":true,"scale":100,"focalX":50,"focalY":49.9999996875,"resource":{"baseColor":"#d0c9c3","blurHash":"UJPskqM{_4xb00tQ-=t7_NM{M{Rj%gs:ayRj","type":"image","mimeType":"image\/png","creationDate":"2022-07-17T14:12:58.000Z","src":"https:\/\/www.panoramamoveis.com.br\/blog-wp\/wp-content\/uploads\/2022\/07\/ESPELHOS-PG4.png","width":1080,"height":1920,"id":6240,"alt":"ESPELHOS PG4","sizes":{"medium":{"file":"ESPELHOS-PG4-169x300.png","width":169,"height":300,"filesize":52785,"mimeType":"image\/png","sourceUrl":"https:\/\/www.panoramamoveis.com.br\/blog-wp\/wp-content\/uploads\/2022\/07\/ESPELHOS-PG4-169x300.png"},"large":{"file":"ESPELHOS-PG4-576x1024.png","width":576,"height":1024,"filesize":395855,"mimeType":"image\/png","sourceUrl":"https:\/\/www.panoramamoveis.com.br\/blog-wp\/wp-content\/uploads\/2022\/07\/ESPELHOS-PG4-576x1024.png"},"thumbnail":{"file":"ESPELHOS-PG4-150x150.png","width":150,"height":150,"filesize":26980,"mimeType":"image\/png","sourceUrl":"https:\/\/www.panoramamoveis.com.br\/blog-wp\/wp-content\/uploads\/2022\/07\/ESPELHOS-PG4-150x150.png"},"medium_large":{"file":"ESPELHOS-PG4-768x1365.png","width":768,"height":1365,"filesize":730853,"mimeType":"image\/png","sourceUrl":"https:\/\/www.panoramamoveis.com.br\/blog-wp\/wp-content\/uploads\/2022\/07\/ESPELHOS-PG4-768x1365.png"},"1536x1536":{"file":"ESPELHOS-PG4-864x1536.png","width":864,"height":1536,"filesize":778363,"mimeType":"image\/png","sourceUrl":"https:\/\/www.panoramamoveis.com.br\/blog-wp\/wp-content\/uploads\/2022\/07\/ESPELHOS-PG4-864x1536.png"},"web-stories-poster-portrait":{"file":"ESPELHOS-PG4-640x853.png","width":640,"height":853,"filesize":420748,"mimeType":"image\/png","sourceUrl":"https:\/\/www.panoramamoveis.com.br\/blog-wp\/wp-content\/uploads\/2022\/07\/ESPELHOS-PG4-640x853.png"},"web-stories-publisher-logo":{"file":"ESPELHOS-PG4-96x96.png","width":96,"height":96,"filesize":12353,"mimeType":"image\/png","sourceUrl":"https:\/\/www.panoramamoveis.com.br\/blog-wp\/wp-content\/uploads\/2022\/07\/ESPELHOS-PG4-96x96.png"},"web-stories-thumbnail":{"file":"ESPELHOS-PG4-150x267.png","width":150,"height":267,"filesize":42771,"mimeType":"image\/png","sourceUrl":"https:\/\/www.panoramamoveis.com.br\/blog-wp\/wp-content\/uploads\/2022\/07\/ESPELHOS-PG4-150x267.png"},"full":{"file":"ESPELHOS-PG4.png","width":1080,"height":1920,"mimeType":"image\/png","sourceUrl":"https:\/\/www.panoramamoveis.com.br\/blog-wp\/wp-content\/uploads\/2022\/07\/ESPELHOS-PG4.png"}},"isPlaceholder":false,"isOptimized":false,"isMuted":false,"isExternal":false,"needsProxy":false},"x":240,"y":570,"width":330,"height":586,"mask":{"type":"rectangle"},"isBackground":true,"id":"5f47bf81-460d-44e1-b366-4e4398b80e15","basedOn":"6d51fe17-5b3b-4d0b-82cf-4037a3ffa2f8","alt":"sala com espelho ovalado em cima de bancada de madeira","type":"image"},{"opacity":100,"flip":{"vertical":false,"horizontal":false},"rotationAngle":0,"lockAspectRatio":false,"scale":100,"focalX":50,"focalY":50,"resource":{"type":"image","mimeType":"image\/jpeg","width":1060,"height":706,"sizes":{"medium":{"file":"o-famoso-jardim-botanico-do-funchal-ilha-da-madeira-portugal_231208-6663-300x200.jpg","width":300,"height":200,"filesize":26150,"mimeType":"image\/jpeg","sourceUrl":"https:\/\/www.panoramamoveis.com.br\/blog-wp\/wp-content\/uploads\/2025\/02\/o-famoso-jardim-botanico-do-funchal-ilha-da-madeira-portugal_231208-6663-300x200.jpg"},"large":{"file":"o-famoso-jardim-botanico-do-funchal-ilha-da-madeira-portugal_231208-6663-1024x682.jpg","width":1024,"height":682,"filesize":175445,"mimeType":"image\/jpeg","sourceUrl":"https:\/\/www.panoramamoveis.com.br\/blog-wp\/wp-content\/uploads\/2025\/02\/o-famoso-jardim-botanico-do-funchal-ilha-da-madeira-portugal_231208-6663-1024x682.jpg"},"thumbnail":{"file":"o-famoso-jardim-botanico-do-funchal-ilha-da-madeira-portugal_231208-6663-150x150.jpg","width":150,"height":150,"filesize":11458,"mimeType":"image\/jpeg","sourceUrl":"https:\/\/www.panoramamoveis.com.br\/blog-wp\/wp-content\/uploads\/2025\/02\/o-famoso-jardim-botanico-do-funchal-ilha-da-madeira-portugal_231208-6663-150x150.jpg"},"medium_large":{"file":"o-famoso-jardim-botanico-do-funchal-ilha-da-madeira-portugal_231208-6663-768x512.jpg","width":768,"height":512,"filesize":113425,"mimeType":"image\/jpeg","sourceUrl":"https:\/\/www.panoramamoveis.com.br\/blog-wp\/wp-content\/uploads\/2025\/02\/o-famoso-jardim-botanico-do-funchal-ilha-da-madeira-portugal_231208-6663-768x512.jpg"},"web-stories-poster-portrait":{"file":"o-famoso-jardim-botanico-do-funchal-ilha-da-madeira-portugal_231208-6663-640x706.jpg","width":640,"height":706,"filesize":120203,"mimeType":"image\/jpeg","sourceUrl":"https:\/\/www.panoramamoveis.com.br\/blog-wp\/wp-content\/uploads\/2025\/02\/o-famoso-jardim-botanico-do-funchal-ilha-da-madeira-portugal_231208-6663-640x706.jpg"},"web-stories-publisher-logo":{"file":"o-famoso-jardim-botanico-do-funchal-ilha-da-madeira-portugal_231208-6663-96x96.jpg","width":96,"height":96,"filesize":5358,"mimeType":"image\/jpeg","sourceUrl":"https:\/\/www.panoramamoveis.com.br\/blog-wp\/wp-content\/uploads\/2025\/02\/o-famoso-jardim-botanico-do-funchal-ilha-da-madeira-portugal_231208-6663-96x96.jpg"},"web-stories-thumbnail":{"file":"o-famoso-jardim-botanico-do-funchal-ilha-da-madeira-portugal_231208-6663-150x100.jpg","width":150,"height":100,"filesize":8602,"mimeType":"image\/jpeg","sourceUrl":"https:\/\/www.panoramamoveis.com.br\/blog-wp\/wp-content\/uploads\/2025\/02\/o-famoso-jardim-botanico-do-funchal-ilha-da-madeira-portugal_231208-6663-150x100.jpg"},"full":{"file":"o-famoso-jardim-botanico-do-funchal-ilha-da-madeira-portugal_231208-6663.jpg","width":1060,"height":706,"mimeType":"image\/jpeg","sourceUrl":"https:\/\/www.panoramamoveis.com.br\/blog-wp\/wp-content\/uploads\/2025\/02\/o-famoso-jardim-botanico-do-funchal-ilha-da-madeira-portugal_231208-6663.jpg"}},"isPlaceholder":false,"isExternal":false,"needsProxy":false,"baseColor":"#626027","blurHash":"UBFO-?D+0_~ot-sFRO%M7dXN]ox[DksqtSM|","creationDate":"2025-02-21T19:39:14","src":"https:\/\/www.panoramamoveis.com.br\/blog-wp\/wp-content\/uploads\/2025\/02\/o-famoso-jardim-botanico-do-funchal-ilha-da-madeira-portugal_231208-6663.jpg","id":65601,"alt":"o-famoso-jardim-botanico-do-funchal-ilha-da-madeira-portugal_231208-6663","local":false},"type":"image","x":48,"y":-35,"width":316,"height":388,"mask":{"type":"rectangle","showInLibrary":true,"name":"Ret\u00e2ngulo","path":"M 0,0 1,0 1,1 0,1 0,0 Z","ratio":1,"supportsBorder":true},"id":"1fc10d96-bcb0-416c-aa44-45c6ed059bd2"},{"opacity":100,"flip":{"vertical":false,"horizontal":false},"rotationAngle":0,"lockAspectRatio":true,"backgroundTextMode":"HIGHLIGHT","font":{"family":"Anton"},"fontSize":24,"backgroundColor":{"color":{"r":163,"g":0,"b":3,"a":0.6}},"lineHeight":1,"textAlign":"left","padding":{"hasHiddenPadding":true,"horizontal":8,"vertical":4},"content":"<span style=\"color: #fff\">Cultive Plantas que Atraem P\u00e1ssaro<\/span>","borderRadius":{"locked":true,"topLeft":2,"topRight":2,"bottomRight":2,"bottomLeft":2},"x":47,"y":277,"width":313,"height":76,"basedOn":"b243f3b7-3cf7-4622-8509-1da0a1b3e9f5","id":"83b8bfca-2472-4f72-9818-5e6ebb7cd456","type":"text"},{"opacity":100,"flip":{"vertical":false,"horizontal":false},"rotationAngle":270,"lockAspectRatio":true,"scale":100,"focalX":50,"focalY":50,"resource":{"baseColor":"#543833","type":"image","mimeType":"image\/png","creationDate":"2021-11-09T19:36:56","src":"https:\/\/www.panoramamoveis.com.br\/blog-wp\/wp-content\/uploads\/2021\/11\/Panorama-Moveis-click-1.png","width":3240,"height":5760,"id":1933,"alt":"Panorama M\u00f3veis click (1)","sizes":{"medium":{"file":"Panorama-Moveis-click-1-169x300.png","width":169,"height":300,"mimeType":"image\/png","sourceUrl":"https:\/\/www.panoramamoveis.com.br\/blog-wp\/wp-content\/uploads\/2021\/11\/Panorama-Moveis-click-1-169x300.png"},"large":{"file":"Panorama-Moveis-click-1-576x1024.png","width":576,"height":1024,"mimeType":"image\/png","sourceUrl":"https:\/\/www.panoramamoveis.com.br\/blog-wp\/wp-content\/uploads\/2021\/11\/Panorama-Moveis-click-1-576x1024.png"},"thumbnail":{"file":"Panorama-Moveis-click-1-150x150.png","width":150,"height":150,"mimeType":"image\/png","sourceUrl":"https:\/\/www.panoramamoveis.com.br\/blog-wp\/wp-content\/uploads\/2021\/11\/Panorama-Moveis-click-1-150x150.png"},"medium_large":{"file":"Panorama-Moveis-click-1-768x1365.png","width":768,"height":1365,"mimeType":"image\/png","sourceUrl":"https:\/\/www.panoramamoveis.com.br\/blog-wp\/wp-content\/uploads\/2021\/11\/Panorama-Moveis-click-1-768x1365.png"},"1536x1536":{"file":"Panorama-Moveis-click-1-864x1536.png","width":864,"height":1536,"mimeType":"image\/png","sourceUrl":"https:\/\/www.panoramamoveis.com.br\/blog-wp\/wp-content\/uploads\/2021\/11\/Panorama-Moveis-click-1-864x1536.png"},"2048x2048":{"file":"Panorama-Moveis-click-1-1152x2048.png","width":1152,"height":2048,"mimeType":"image\/png","sourceUrl":"https:\/\/www.panoramamoveis.com.br\/blog-wp\/wp-content\/uploads\/2021\/11\/Panorama-Moveis-click-1-1152x2048.png"},"post-thumbnail":{"file":"Panorama-Moveis-click-1-1200x2133.png","width":1200,"height":2133,"mimeType":"image\/png","sourceUrl":"https:\/\/www.panoramamoveis.com.br\/blog-wp\/wp-content\/uploads\/2021\/11\/Panorama-Moveis-click-1-1200x2133.png"},"twentytwenty-fullscreen":{"file":"Panorama-Moveis-click-1-1980x3520.png","width":1980,"height":3520,"mimeType":"image\/png","sourceUrl":"https:\/\/www.panoramamoveis.com.br\/blog-wp\/wp-content\/uploads\/2021\/11\/Panorama-Moveis-click-1-1980x3520.png"},"web-stories-poster-portrait":{"file":"Panorama-Moveis-click-1-640x853.png","width":640,"height":853,"mimeType":"image\/png","sourceUrl":"https:\/\/www.panoramamoveis.com.br\/blog-wp\/wp-content\/uploads\/2021\/11\/Panorama-Moveis-click-1-640x853.png"},"web-stories-publisher-logo":{"file":"Panorama-Moveis-click-1-96x96.png","width":96,"height":96,"mimeType":"image\/png","sourceUrl":"https:\/\/www.panoramamoveis.com.br\/blog-wp\/wp-content\/uploads\/2021\/11\/Panorama-Moveis-click-1-96x96.png"},"web-stories-thumbnail":{"file":"Panorama-Moveis-click-1-150x267.png","width":150,"height":267,"mimeType":"image\/png","sourceUrl":"https:\/\/www.panoramamoveis.com.br\/blog-wp\/wp-content\/uploads\/2021\/11\/Panorama-Moveis-click-1-150x267.png"},"full":{"file":"Panorama-Moveis-click-1.png","width":3240,"height":5760,"mimeType":"image\/png","sourceUrl":"https:\/\/www.panoramamoveis.com.br\/blog-wp\/wp-content\/uploads\/2021\/11\/Panorama-Moveis-click-1.png"}},"isPlaceholder":false,"isOptimized":false,"isMuted":false,"isExternal":false,"provider":"local"},"x":70,"y":-52,"width":56,"height":104,"mask":{"type":"rectangle","showInLibrary":true,"name":"Ret\u00e2ngulo","path":"M 0,0 1,0 1,1 0,1 0,0 Z","ratio":1,"supportsBorder":true},"basedOn":"ff22fdff-46a4-4f87-bd8d-8ebfd8afae43","id":"ede1c524-98b2-45f3-af44-34978374b940","type":"image"},{"opacity":100,"flip":{"vertical":false,"horizontal":false},"rotationAngle":0,"lockAspectRatio":true,"backgroundTextMode":"NONE","font":{"family":"Oswald"},"fontSize":23,"backgroundColor":{"color":{"r":196,"g":196,"b":196}},"lineHeight":1.2,"textAlign":"left","padding":{"locked":true,"hasHiddenPadding":false,"horizontal":null,"vertical":null},"content":"<span style=\"color: #f00\">Algumas plantas, como o girassol, a lavanda e o hibisco, s\u00e3o conhecidas por atrair aves devido \u00e0s suas sementes, flores ou n\u00e9ctar.<\/span>\n\n<span style=\"color: #f00\">Al\u00e9m de enfeitar sua casa com as plantas, voc\u00ea ainda poder\u00e1 enfeit\u00e1-la com os passarinhos que ir\u00e1 atrair.<\/span>\n","borderRadius":{"locked":true,"topLeft":2,"topRight":2,"bottomRight":2,"bottomLeft":2},"x":49,"y":353,"width":310,"height":255,"basedOn":"1db38a2b-ce9d-45f7-9b4b-251abc548bed","marginOffset":-5.0760000000000005,"id":"032dca4e-ec38-4d55-b099-b7ac49deb989","type":"text"}],"backgroundColor":{"color":{"r":255,"g":255,"b":255}},"animations":[{"targets":["032dca4e-ec38-4d55-b099-b7ac49deb989"],"id":"ecdbf3c1-e6ae-4d5c-a0df-513663698c0f","type":"effect-fade-in","duration":600,"delay":0}],"type":"page","id":"7b9a6ba1-838e-4ed1-b376-abee7b3ad3c1","defaultBackgroundElement":{"opacity":100,"flip":{"vertical":false,"horizontal":false},"rotationAngle":0,"lockAspectRatio":true,"x":1,"y":1,"width":1,"height":1,"mask":{"type":"rectangle"},"isBackground":true,"isDefaultBackground":true,"type":"shape","id":"a8c80173-9ac5-4023-87d5-f08fb27f6c35"}},{"elements":[{"opacity":100,"flip":{"vertical":false,"horizontal":false},"rotationAngle":0,"lockAspectRatio":true,"scale":100,"focalX":50,"focalY":49.9999996875,"resource":{"baseColor":"#d0c9c3","blurHash":"UJPskqM{_4xb00tQ-=t7_NM{M{Rj%gs:ayRj","type":"image","mimeType":"image\/png","creationDate":"2022-07-17T14:12:58.000Z","src":"https:\/\/www.panoramamoveis.com.br\/blog-wp\/wp-content\/uploads\/2022\/07\/ESPELHOS-PG4.png","width":1080,"height":1920,"id":6240,"alt":"ESPELHOS PG4","sizes":{"medium":{"file":"ESPELHOS-PG4-169x300.png","width":169,"height":300,"filesize":52785,"mimeType":"image\/png","sourceUrl":"https:\/\/www.panoramamoveis.com.br\/blog-wp\/wp-content\/uploads\/2022\/07\/ESPELHOS-PG4-169x300.png"},"large":{"file":"ESPELHOS-PG4-576x1024.png","width":576,"height":1024,"filesize":395855,"mimeType":"image\/png","sourceUrl":"https:\/\/www.panoramamoveis.com.br\/blog-wp\/wp-content\/uploads\/2022\/07\/ESPELHOS-PG4-576x1024.png"},"thumbnail":{"file":"ESPELHOS-PG4-150x150.png","width":150,"height":150,"filesize":26980,"mimeType":"image\/png","sourceUrl":"https:\/\/www.panoramamoveis.com.br\/blog-wp\/wp-content\/uploads\/2022\/07\/ESPELHOS-PG4-150x150.png"},"medium_large":{"file":"ESPELHOS-PG4-768x1365.png","width":768,"height":1365,"filesize":730853,"mimeType":"image\/png","sourceUrl":"https:\/\/www.panoramamoveis.com.br\/blog-wp\/wp-content\/uploads\/2022\/07\/ESPELHOS-PG4-768x1365.png"},"1536x1536":{"file":"ESPELHOS-PG4-864x1536.png","width":864,"height":1536,"filesize":778363,"mimeType":"image\/png","sourceUrl":"https:\/\/www.panoramamoveis.com.br\/blog-wp\/wp-content\/uploads\/2022\/07\/ESPELHOS-PG4-864x1536.png"},"web-stories-poster-portrait":{"file":"ESPELHOS-PG4-640x853.png","width":640,"height":853,"filesize":420748,"mimeType":"image\/png","sourceUrl":"https:\/\/www.panoramamoveis.com.br\/blog-wp\/wp-content\/uploads\/2022\/07\/ESPELHOS-PG4-640x853.png"},"web-stories-publisher-logo":{"file":"ESPELHOS-PG4-96x96.png","width":96,"height":96,"filesize":12353,"mimeType":"image\/png","sourceUrl":"https:\/\/www.panoramamoveis.com.br\/blog-wp\/wp-content\/uploads\/2022\/07\/ESPELHOS-PG4-96x96.png"},"web-stories-thumbnail":{"file":"ESPELHOS-PG4-150x267.png","width":150,"height":267,"filesize":42771,"mimeType":"image\/png","sourceUrl":"https:\/\/www.panoramamoveis.com.br\/blog-wp\/wp-content\/uploads\/2022\/07\/ESPELHOS-PG4-150x267.png"},"full":{"file":"ESPELHOS-PG4.png","width":1080,"height":1920,"mimeType":"image\/png","sourceUrl":"https:\/\/www.panoramamoveis.com.br\/blog-wp\/wp-content\/uploads\/2022\/07\/ESPELHOS-PG4.png"}},"isPlaceholder":false,"isOptimized":false,"isMuted":false,"isExternal":false,"needsProxy":false},"x":240,"y":570,"width":330,"height":586,"mask":{"type":"rectangle"},"isBackground":true,"id":"9c84686a-db7a-45b3-9b9b-fa08ede9150b","basedOn":"6d51fe17-5b3b-4d0b-82cf-4037a3ffa2f8","alt":"sala com espelho ovalado em cima de bancada de madeira","type":"image"},{"opacity":100,"flip":{"vertical":false,"horizontal":false},"rotationAngle":0,"lockAspectRatio":false,"scale":100,"focalX":50,"focalY":50,"resource":{"type":"image","mimeType":"image\/jpeg","width":1060,"height":704,"sizes":{"medium":{"file":"close-up-foto-de-uma-casa-de-passaro-fofa-em-vermelho-e-azul-com-um-coracao-pendurado-em-uma-arvore_181624-36735-300x199.jpg","width":300,"height":199,"filesize":20070,"mimeType":"image\/jpeg","sourceUrl":"https:\/\/www.panoramamoveis.com.br\/blog-wp\/wp-content\/uploads\/2025\/02\/close-up-foto-de-uma-casa-de-passaro-fofa-em-vermelho-e-azul-com-um-coracao-pendurado-em-uma-arvore_181624-36735-300x199.jpg"},"large":{"file":"close-up-foto-de-uma-casa-de-passaro-fofa-em-vermelho-e-azul-com-um-coracao-pendurado-em-uma-arvore_181624-36735-1024x680.jpg","width":1024,"height":680,"filesize":121278,"mimeType":"image\/jpeg","sourceUrl":"https:\/\/www.panoramamoveis.com.br\/blog-wp\/wp-content\/uploads\/2025\/02\/close-up-foto-de-uma-casa-de-passaro-fofa-em-vermelho-e-azul-com-um-coracao-pendurado-em-uma-arvore_181624-36735-1024x680.jpg"},"thumbnail":{"file":"close-up-foto-de-uma-casa-de-passaro-fofa-em-vermelho-e-azul-com-um-coracao-pendurado-em-uma-arvore_181624-36735-150x150.jpg","width":150,"height":150,"filesize":9140,"mimeType":"image\/jpeg","sourceUrl":"https:\/\/www.panoramamoveis.com.br\/blog-wp\/wp-content\/uploads\/2025\/02\/close-up-foto-de-uma-casa-de-passaro-fofa-em-vermelho-e-azul-com-um-coracao-pendurado-em-uma-arvore_181624-36735-150x150.jpg"},"medium_large":{"file":"close-up-foto-de-uma-casa-de-passaro-fofa-em-vermelho-e-azul-com-um-coracao-pendurado-em-uma-arvore_181624-36735-768x510.jpg","width":768,"height":510,"filesize":80086,"mimeType":"image\/jpeg","sourceUrl":"https:\/\/www.panoramamoveis.com.br\/blog-wp\/wp-content\/uploads\/2025\/02\/close-up-foto-de-uma-casa-de-passaro-fofa-em-vermelho-e-azul-com-um-coracao-pendurado-em-uma-arvore_181624-36735-768x510.jpg"},"web-stories-poster-portrait":{"file":"close-up-foto-de-uma-casa-de-passaro-fofa-em-vermelho-e-azul-com-um-coracao-pendurado-em-uma-arvore_181624-36735-640x704.jpg","width":640,"height":704,"filesize":84996,"mimeType":"image\/jpeg","sourceUrl":"https:\/\/www.panoramamoveis.com.br\/blog-wp\/wp-content\/uploads\/2025\/02\/close-up-foto-de-uma-casa-de-passaro-fofa-em-vermelho-e-azul-com-um-coracao-pendurado-em-uma-arvore_181624-36735-640x704.jpg"},"web-stories-publisher-logo":{"file":"close-up-foto-de-uma-casa-de-passaro-fofa-em-vermelho-e-azul-com-um-coracao-pendurado-em-uma-arvore_181624-36735-96x96.jpg","width":96,"height":96,"filesize":4653,"mimeType":"image\/jpeg","sourceUrl":"https:\/\/www.panoramamoveis.com.br\/blog-wp\/wp-content\/uploads\/2025\/02\/close-up-foto-de-uma-casa-de-passaro-fofa-em-vermelho-e-azul-com-um-coracao-pendurado-em-uma-arvore_181624-36735-96x96.jpg"},"web-stories-thumbnail":{"file":"close-up-foto-de-uma-casa-de-passaro-fofa-em-vermelho-e-azul-com-um-coracao-pendurado-em-uma-arvore_181624-36735-150x100.jpg","width":150,"height":100,"filesize":7394,"mimeType":"image\/jpeg","sourceUrl":"https:\/\/www.panoramamoveis.com.br\/blog-wp\/wp-content\/uploads\/2025\/02\/close-up-foto-de-uma-casa-de-passaro-fofa-em-vermelho-e-azul-com-um-coracao-pendurado-em-uma-arvore_181624-36735-150x100.jpg"},"full":{"file":"close-up-foto-de-uma-casa-de-passaro-fofa-em-vermelho-e-azul-com-um-coracao-pendurado-em-uma-arvore_181624-36735.jpg","width":1060,"height":704,"mimeType":"image\/jpeg","sourceUrl":"https:\/\/www.panoramamoveis.com.br\/blog-wp\/wp-content\/uploads\/2025\/02\/close-up-foto-de-uma-casa-de-passaro-fofa-em-vermelho-e-azul-com-um-coracao-pendurado-em-uma-arvore_181624-36735.jpg"}},"isPlaceholder":false,"isExternal":false,"needsProxy":false,"baseColor":"#b3b2b5","blurHash":"UBIOU+D%.7x^9GXA-=x^?wx^M{oh^is.V@oM","creationDate":"2025-02-21T19:43:45","src":"https:\/\/www.panoramamoveis.com.br\/blog-wp\/wp-content\/uploads\/2025\/02\/close-up-foto-de-uma-casa-de-passaro-fofa-em-vermelho-e-azul-com-um-coracao-pendurado-em-uma-arvore_181624-36735.jpg","id":65606,"alt":"close-up-foto-de-uma-casa-de-passaro-fofa-em-vermelho-e-azul-com-um-coracao-pendurado-em-uma-arvore_181624-36735","local":false},"type":"image","x":50,"y":-35,"width":312,"height":388,"mask":{"type":"rectangle","showInLibrary":true,"name":"Ret\u00e2ngulo","path":"M 0,0 1,0 1,1 0,1 0,0 Z","ratio":1,"supportsBorder":true},"id":"27ee1b8c-8d7e-433d-97d8-9b782e2341d0"},{"opacity":100,"flip":{"vertical":false,"horizontal":false},"rotationAngle":0,"lockAspectRatio":true,"backgroundTextMode":"HIGHLIGHT","font":{"family":"Anton"},"fontSize":24,"backgroundColor":{"color":{"r":163,"g":0,"b":3,"a":0.6}},"lineHeight":1,"textAlign":"left","padding":{"hasHiddenPadding":true,"horizontal":8,"vertical":4},"content":"<span style=\"color: #fff\">Crie Abrigos Seguro<\/span>","borderRadius":{"locked":true,"topLeft":2,"topRight":2,"bottomRight":2,"bottomLeft":2},"x":50,"y":309,"width":310,"height":44,"basedOn":"b243f3b7-3cf7-4622-8509-1da0a1b3e9f5","id":"59fca1bb-7676-4132-b5c3-d4aa97d11205","type":"text"},{"opacity":100,"flip":{"vertical":false,"horizontal":false},"rotationAngle":270,"lockAspectRatio":true,"scale":100,"focalX":50,"focalY":50,"resource":{"baseColor":"#543833","type":"image","mimeType":"image\/png","creationDate":"2021-11-09T19:36:56","src":"https:\/\/www.panoramamoveis.com.br\/blog-wp\/wp-content\/uploads\/2021\/11\/Panorama-Moveis-click-1.png","width":3240,"height":5760,"id":1933,"alt":"Panorama M\u00f3veis click (1)","sizes":{"medium":{"file":"Panorama-Moveis-click-1-169x300.png","width":169,"height":300,"mimeType":"image\/png","sourceUrl":"https:\/\/www.panoramamoveis.com.br\/blog-wp\/wp-content\/uploads\/2021\/11\/Panorama-Moveis-click-1-169x300.png"},"large":{"file":"Panorama-Moveis-click-1-576x1024.png","width":576,"height":1024,"mimeType":"image\/png","sourceUrl":"https:\/\/www.panoramamoveis.com.br\/blog-wp\/wp-content\/uploads\/2021\/11\/Panorama-Moveis-click-1-576x1024.png"},"thumbnail":{"file":"Panorama-Moveis-click-1-150x150.png","width":150,"height":150,"mimeType":"image\/png","sourceUrl":"https:\/\/www.panoramamoveis.com.br\/blog-wp\/wp-content\/uploads\/2021\/11\/Panorama-Moveis-click-1-150x150.png"},"medium_large":{"file":"Panorama-Moveis-click-1-768x1365.png","width":768,"height":1365,"mimeType":"image\/png","sourceUrl":"https:\/\/www.panoramamoveis.com.br\/blog-wp\/wp-content\/uploads\/2021\/11\/Panorama-Moveis-click-1-768x1365.png"},"1536x1536":{"file":"Panorama-Moveis-click-1-864x1536.png","width":864,"height":1536,"mimeType":"image\/png","sourceUrl":"https:\/\/www.panoramamoveis.com.br\/blog-wp\/wp-content\/uploads\/2021\/11\/Panorama-Moveis-click-1-864x1536.png"},"2048x2048":{"file":"Panorama-Moveis-click-1-1152x2048.png","width":1152,"height":2048,"mimeType":"image\/png","sourceUrl":"https:\/\/www.panoramamoveis.com.br\/blog-wp\/wp-content\/uploads\/2021\/11\/Panorama-Moveis-click-1-1152x2048.png"},"post-thumbnail":{"file":"Panorama-Moveis-click-1-1200x2133.png","width":1200,"height":2133,"mimeType":"image\/png","sourceUrl":"https:\/\/www.panoramamoveis.com.br\/blog-wp\/wp-content\/uploads\/2021\/11\/Panorama-Moveis-click-1-1200x2133.png"},"twentytwenty-fullscreen":{"file":"Panorama-Moveis-click-1-1980x3520.png","width":1980,"height":3520,"mimeType":"image\/png","sourceUrl":"https:\/\/www.panoramamoveis.com.br\/blog-wp\/wp-content\/uploads\/2021\/11\/Panorama-Moveis-click-1-1980x3520.png"},"web-stories-poster-portrait":{"file":"Panorama-Moveis-click-1-640x853.png","width":640,"height":853,"mimeType":"image\/png","sourceUrl":"https:\/\/www.panoramamoveis.com.br\/blog-wp\/wp-content\/uploads\/2021\/11\/Panorama-Moveis-click-1-640x853.png"},"web-stories-publisher-logo":{"file":"Panorama-Moveis-click-1-96x96.png","width":96,"height":96,"mimeType":"image\/png","sourceUrl":"https:\/\/www.panoramamoveis.com.br\/blog-wp\/wp-content\/uploads\/2021\/11\/Panorama-Moveis-click-1-96x96.png"},"web-stories-thumbnail":{"file":"Panorama-Moveis-click-1-150x267.png","width":150,"height":267,"mimeType":"image\/png","sourceUrl":"https:\/\/www.panoramamoveis.com.br\/blog-wp\/wp-content\/uploads\/2021\/11\/Panorama-Moveis-click-1-150x267.png"},"full":{"file":"Panorama-Moveis-click-1.png","width":3240,"height":5760,"mimeType":"image\/png","sourceUrl":"https:\/\/www.panoramamoveis.com.br\/blog-wp\/wp-content\/uploads\/2021\/11\/Panorama-Moveis-click-1.png"}},"isPlaceholder":false,"isOptimized":false,"isMuted":false,"isExternal":false,"provider":"local"},"x":70,"y":-52,"width":56,"height":104,"mask":{"type":"rectangle","showInLibrary":true,"name":"Ret\u00e2ngulo","path":"M 0,0 1,0 1,1 0,1 0,0 Z","ratio":1,"supportsBorder":true},"basedOn":"ff22fdff-46a4-4f87-bd8d-8ebfd8afae43","id":"67d076af-384e-4837-8255-4bdc620cfccf","type":"image"},{"opacity":100,"flip":{"vertical":false,"horizontal":false},"rotationAngle":0,"lockAspectRatio":true,"backgroundTextMode":"NONE","font":{"family":"Oswald"},"fontSize":23,"backgroundColor":{"color":{"r":196,"g":196,"b":196}},"lineHeight":1.2,"textAlign":"left","padding":{"locked":true,"hasHiddenPadding":false,"horizontal":null,"vertical":null},"content":"<span style=\"color: #f00\">Oferecer abrigo seguro \u00e9 fundamental para atrair e manter p\u00e1ssaros no seu quintal.&nbsp;<\/span>\n\n<span style=\"color: #f00\">Eles precisam de locais protegidos para descansar, nidificar (fazer ninhos) e se esconder de predadores, como gatos e aves de rapina. &nbsp;<\/span>\n","borderRadius":{"locked":true,"topLeft":2,"topRight":2,"bottomRight":2,"bottomLeft":2},"x":51,"y":353,"width":310,"height":255,"basedOn":"1db38a2b-ce9d-45f7-9b4b-251abc548bed","marginOffset":-5.0760000000000005,"id":"91a24861-2695-4747-85bf-4165f2cdf5bb","type":"text"}],"backgroundColor":{"color":{"r":255,"g":255,"b":255}},"animations":[{"targets":["91a24861-2695-4747-85bf-4165f2cdf5bb"],"id":"99ac01d1-0202-462c-ac21-961f5d97b7e2","type":"effect-fade-in","duration":600,"delay":0}],"type":"page","id":"0bdac63d-8073-43d6-9ad0-abd31a886d7b","defaultBackgroundElement":{"opacity":100,"flip":{"vertical":false,"horizontal":false},"rotationAngle":0,"lockAspectRatio":true,"x":1,"y":1,"width":1,"height":1,"mask":{"type":"rectangle"},"isBackground":true,"isDefaultBackground":true,"type":"shape","id":"a8c80173-9ac5-4023-87d5-f08fb27f6c35"}},{"elements":[{"opacity":100,"flip":{"vertical":false,"horizontal":false},"rotationAngle":0,"lockAspectRatio":true,"scale":100,"focalX":50,"focalY":49.9999996875,"resource":{"baseColor":"#d0c9c3","blurHash":"UJPskqM{_4xb00tQ-=t7_NM{M{Rj%gs:ayRj","type":"image","mimeType":"image\/png","creationDate":"2022-07-17T14:12:58.000Z","src":"https:\/\/www.panoramamoveis.com.br\/blog-wp\/wp-content\/uploads\/2022\/07\/ESPELHOS-PG4.png","width":1080,"height":1920,"id":6240,"alt":"ESPELHOS PG4","sizes":{"medium":{"file":"ESPELHOS-PG4-169x300.png","width":169,"height":300,"filesize":52785,"mimeType":"image\/png","sourceUrl":"https:\/\/www.panoramamoveis.com.br\/blog-wp\/wp-content\/uploads\/2022\/07\/ESPELHOS-PG4-169x300.png"},"large":{"file":"ESPELHOS-PG4-576x1024.png","width":576,"height":1024,"filesize":395855,"mimeType":"image\/png","sourceUrl":"https:\/\/www.panoramamoveis.com.br\/blog-wp\/wp-content\/uploads\/2022\/07\/ESPELHOS-PG4-576x1024.png"},"thumbnail":{"file":"ESPELHOS-PG4-150x150.png","width":150,"height":150,"filesize":26980,"mimeType":"image\/png","sourceUrl":"https:\/\/www.panoramamoveis.com.br\/blog-wp\/wp-content\/uploads\/2022\/07\/ESPELHOS-PG4-150x150.png"},"medium_large":{"file":"ESPELHOS-PG4-768x1365.png","width":768,"height":1365,"filesize":730853,"mimeType":"image\/png","sourceUrl":"https:\/\/www.panoramamoveis.com.br\/blog-wp\/wp-content\/uploads\/2022\/07\/ESPELHOS-PG4-768x1365.png"},"1536x1536":{"file":"ESPELHOS-PG4-864x1536.png","width":864,"height":1536,"filesize":778363,"mimeType":"image\/png","sourceUrl":"https:\/\/www.panoramamoveis.com.br\/blog-wp\/wp-content\/uploads\/2022\/07\/ESPELHOS-PG4-864x1536.png"},"web-stories-poster-portrait":{"file":"ESPELHOS-PG4-640x853.png","width":640,"height":853,"filesize":420748,"mimeType":"image\/png","sourceUrl":"https:\/\/www.panoramamoveis.com.br\/blog-wp\/wp-content\/uploads\/2022\/07\/ESPELHOS-PG4-640x853.png"},"web-stories-publisher-logo":{"file":"ESPELHOS-PG4-96x96.png","width":96,"height":96,"filesize":12353,"mimeType":"image\/png","sourceUrl":"https:\/\/www.panoramamoveis.com.br\/blog-wp\/wp-content\/uploads\/2022\/07\/ESPELHOS-PG4-96x96.png"},"web-stories-thumbnail":{"file":"ESPELHOS-PG4-150x267.png","width":150,"height":267,"filesize":42771,"mimeType":"image\/png","sourceUrl":"https:\/\/www.panoramamoveis.com.br\/blog-wp\/wp-content\/uploads\/2022\/07\/ESPELHOS-PG4-150x267.png"},"full":{"file":"ESPELHOS-PG4.png","width":1080,"height":1920,"mimeType":"image\/png","sourceUrl":"https:\/\/www.panoramamoveis.com.br\/blog-wp\/wp-content\/uploads\/2022\/07\/ESPELHOS-PG4.png"}},"isPlaceholder":false,"isOptimized":false,"isMuted":false,"isExternal":false,"needsProxy":false},"x":240,"y":570,"width":330,"height":586,"mask":{"type":"rectangle"},"isBackground":true,"id":"c25ef01e-dd2b-4b3f-a31b-6ca29b142b32","basedOn":"6d51fe17-5b3b-4d0b-82cf-4037a3ffa2f8","alt":"sala com espelho ovalado em cima de bancada de madeira","type":"image"},{"opacity":100,"flip":{"vertical":false,"horizontal":false},"rotationAngle":0,"lockAspectRatio":false,"scale":100,"focalX":50,"focalY":50,"resource":{"type":"image","mimeType":"image\/png","width":800,"height":706,"sizes":{"medium":{"file":"fazendeiro-pulverizando-vegetais-no-jardim-com-herbicidas-homem-de-avental-preto_1157-39707-300x265.png","width":300,"height":265,"filesize":130449,"mimeType":"image\/png","sourceUrl":"https:\/\/www.panoramamoveis.com.br\/blog-wp\/wp-content\/uploads\/2025\/02\/fazendeiro-pulverizando-vegetais-no-jardim-com-herbicidas-homem-de-avental-preto_1157-39707-300x265.png"},"thumbnail":{"file":"fazendeiro-pulverizando-vegetais-no-jardim-com-herbicidas-homem-de-avental-preto_1157-39707-150x150.png","width":150,"height":150,"filesize":42269,"mimeType":"image\/png","sourceUrl":"https:\/\/www.panoramamoveis.com.br\/blog-wp\/wp-content\/uploads\/2025\/02\/fazendeiro-pulverizando-vegetais-no-jardim-com-herbicidas-homem-de-avental-preto_1157-39707-150x150.png"},"medium_large":{"file":"fazendeiro-pulverizando-vegetais-no-jardim-com-herbicidas-homem-de-avental-preto_1157-39707-768x678.png","width":768,"height":678,"filesize":636583,"mimeType":"image\/png","sourceUrl":"https:\/\/www.panoramamoveis.com.br\/blog-wp\/wp-content\/uploads\/2025\/02\/fazendeiro-pulverizando-vegetais-no-jardim-com-herbicidas-homem-de-avental-preto_1157-39707-768x678.png"},"web-stories-poster-portrait":{"file":"fazendeiro-pulverizando-vegetais-no-jardim-com-herbicidas-homem-de-avental-preto_1157-39707-640x706.png","width":640,"height":706,"filesize":460617,"mimeType":"image\/png","sourceUrl":"https:\/\/www.panoramamoveis.com.br\/blog-wp\/wp-content\/uploads\/2025\/02\/fazendeiro-pulverizando-vegetais-no-jardim-com-herbicidas-homem-de-avental-preto_1157-39707-640x706.png"},"web-stories-publisher-logo":{"file":"fazendeiro-pulverizando-vegetais-no-jardim-com-herbicidas-homem-de-avental-preto_1157-39707-96x96.png","width":96,"height":96,"filesize":19443,"mimeType":"image\/png","sourceUrl":"https:\/\/www.panoramamoveis.com.br\/blog-wp\/wp-content\/uploads\/2025\/02\/fazendeiro-pulverizando-vegetais-no-jardim-com-herbicidas-homem-de-avental-preto_1157-39707-96x96.png"},"web-stories-thumbnail":{"file":"fazendeiro-pulverizando-vegetais-no-jardim-com-herbicidas-homem-de-avental-preto_1157-39707-150x132.png","width":150,"height":132,"filesize":39218,"mimeType":"image\/png","sourceUrl":"https:\/\/www.panoramamoveis.com.br\/blog-wp\/wp-content\/uploads\/2025\/02\/fazendeiro-pulverizando-vegetais-no-jardim-com-herbicidas-homem-de-avental-preto_1157-39707-150x132.png"},"full":{"file":"fazendeiro-pulverizando-vegetais-no-jardim-com-herbicidas-homem-de-avental-preto_1157-39707.png","width":800,"height":706,"mimeType":"image\/png","sourceUrl":"https:\/\/www.panoramamoveis.com.br\/blog-wp\/wp-content\/uploads\/2025\/02\/fazendeiro-pulverizando-vegetais-no-jardim-com-herbicidas-homem-de-avental-preto_1157-39707.png"}},"isPlaceholder":false,"isExternal":false,"needsProxy":false,"baseColor":"#43492c","blurHash":"U8CZqMD_%P.9~p?b_MtT02ot-nRQtIRODkMy","creationDate":"2025-02-21T19:46:56","src":"https:\/\/www.panoramamoveis.com.br\/blog-wp\/wp-content\/uploads\/2025\/02\/fazendeiro-pulverizando-vegetais-no-jardim-com-herbicidas-homem-de-avental-preto_1157-39707.png","id":65608,"alt":"fazendeiro-pulverizando-vegetais-no-jardim-com-herbicidas-homem-de-avental-preto_1157-39707","local":false},"type":"image","x":48,"y":-38,"width":313,"height":391,"mask":{"type":"rectangle","showInLibrary":true,"name":"Ret\u00e2ngulo","path":"M 0,0 1,0 1,1 0,1 0,0 Z","ratio":1,"supportsBorder":true},"id":"50cd94b2-010f-4646-b990-32a70201414a"},{"opacity":100,"flip":{"vertical":false,"horizontal":false},"rotationAngle":0,"lockAspectRatio":true,"backgroundTextMode":"HIGHLIGHT","font":{"family":"Anton"},"fontSize":24,"backgroundColor":{"color":{"r":163,"g":0,"b":3,"a":0.6}},"lineHeight":1,"textAlign":"left","padding":{"hasHiddenPadding":true,"horizontal":8,"vertical":4},"content":"<span style=\"color: #fff\">Evite o Uso de Pesticida<\/span>","borderRadius":{"locked":true,"topLeft":2,"topRight":2,"bottomRight":2,"bottomLeft":2},"x":48,"y":309,"width":310,"height":44,"basedOn":"b243f3b7-3cf7-4622-8509-1da0a1b3e9f5","id":"ca2349d0-6c66-4baf-a227-6399d19aba40","type":"text"},{"opacity":100,"flip":{"vertical":false,"horizontal":false},"rotationAngle":270,"lockAspectRatio":true,"scale":100,"focalX":50,"focalY":50,"resource":{"baseColor":"#543833","type":"image","mimeType":"image\/png","creationDate":"2021-11-09T19:36:56","src":"https:\/\/www.panoramamoveis.com.br\/blog-wp\/wp-content\/uploads\/2021\/11\/Panorama-Moveis-click-1.png","width":3240,"height":5760,"id":1933,"alt":"Panorama M\u00f3veis click (1)","sizes":{"medium":{"file":"Panorama-Moveis-click-1-169x300.png","width":169,"height":300,"mimeType":"image\/png","sourceUrl":"https:\/\/www.panoramamoveis.com.br\/blog-wp\/wp-content\/uploads\/2021\/11\/Panorama-Moveis-click-1-169x300.png"},"large":{"file":"Panorama-Moveis-click-1-576x1024.png","width":576,"height":1024,"mimeType":"image\/png","sourceUrl":"https:\/\/www.panoramamoveis.com.br\/blog-wp\/wp-content\/uploads\/2021\/11\/Panorama-Moveis-click-1-576x1024.png"},"thumbnail":{"file":"Panorama-Moveis-click-1-150x150.png","width":150,"height":150,"mimeType":"image\/png","sourceUrl":"https:\/\/www.panoramamoveis.com.br\/blog-wp\/wp-content\/uploads\/2021\/11\/Panorama-Moveis-click-1-150x150.png"},"medium_large":{"file":"Panorama-Moveis-click-1-768x1365.png","width":768,"height":1365,"mimeType":"image\/png","sourceUrl":"https:\/\/www.panoramamoveis.com.br\/blog-wp\/wp-content\/uploads\/2021\/11\/Panorama-Moveis-click-1-768x1365.png"},"1536x1536":{"file":"Panorama-Moveis-click-1-864x1536.png","width":864,"height":1536,"mimeType":"image\/png","sourceUrl":"https:\/\/www.panoramamoveis.com.br\/blog-wp\/wp-content\/uploads\/2021\/11\/Panorama-Moveis-click-1-864x1536.png"},"2048x2048":{"file":"Panorama-Moveis-click-1-1152x2048.png","width":1152,"height":2048,"mimeType":"image\/png","sourceUrl":"https:\/\/www.panoramamoveis.com.br\/blog-wp\/wp-content\/uploads\/2021\/11\/Panorama-Moveis-click-1-1152x2048.png"},"post-thumbnail":{"file":"Panorama-Moveis-click-1-1200x2133.png","width":1200,"height":2133,"mimeType":"image\/png","sourceUrl":"https:\/\/www.panoramamoveis.com.br\/blog-wp\/wp-content\/uploads\/2021\/11\/Panorama-Moveis-click-1-1200x2133.png"},"twentytwenty-fullscreen":{"file":"Panorama-Moveis-click-1-1980x3520.png","width":1980,"height":3520,"mimeType":"image\/png","sourceUrl":"https:\/\/www.panoramamoveis.com.br\/blog-wp\/wp-content\/uploads\/2021\/11\/Panorama-Moveis-click-1-1980x3520.png"},"web-stories-poster-portrait":{"file":"Panorama-Moveis-click-1-640x853.png","width":640,"height":853,"mimeType":"image\/png","sourceUrl":"https:\/\/www.panoramamoveis.com.br\/blog-wp\/wp-content\/uploads\/2021\/11\/Panorama-Moveis-click-1-640x853.png"},"web-stories-publisher-logo":{"file":"Panorama-Moveis-click-1-96x96.png","width":96,"height":96,"mimeType":"image\/png","sourceUrl":"https:\/\/www.panoramamoveis.com.br\/blog-wp\/wp-content\/uploads\/2021\/11\/Panorama-Moveis-click-1-96x96.png"},"web-stories-thumbnail":{"file":"Panorama-Moveis-click-1-150x267.png","width":150,"height":267,"mimeType":"image\/png","sourceUrl":"https:\/\/www.panoramamoveis.com.br\/blog-wp\/wp-content\/uploads\/2021\/11\/Panorama-Moveis-click-1-150x267.png"},"full":{"file":"Panorama-Moveis-click-1.png","width":3240,"height":5760,"mimeType":"image\/png","sourceUrl":"https:\/\/www.panoramamoveis.com.br\/blog-wp\/wp-content\/uploads\/2021\/11\/Panorama-Moveis-click-1.png"}},"isPlaceholder":false,"isOptimized":false,"isMuted":false,"isExternal":false,"provider":"local"},"x":70,"y":-52,"width":56,"height":104,"mask":{"type":"rectangle","showInLibrary":true,"name":"Ret\u00e2ngulo","path":"M 0,0 1,0 1,1 0,1 0,0 Z","ratio":1,"supportsBorder":true},"basedOn":"ff22fdff-46a4-4f87-bd8d-8ebfd8afae43","id":"b37fe72d-51d9-4644-9929-65f7953c8819","type":"image"},{"opacity":100,"flip":{"vertical":false,"horizontal":false},"rotationAngle":0,"lockAspectRatio":true,"backgroundTextMode":"NONE","font":{"family":"Oswald"},"fontSize":23,"backgroundColor":{"color":{"r":196,"g":196,"b":196}},"lineHeight":1.2,"textAlign":"left","padding":{"locked":true,"hasHiddenPadding":false,"horizontal":null,"vertical":null},"content":"<span style=\"color: #f00\">O uso de produtos qu\u00edmicos, como pesticidas e herbicidas, tem impacto negativo n\u00e3o apenas nas pragas, mas tamb\u00e9m na fauna local.&nbsp;<\/span>\n\n<span style=\"color: #f00\">Esses produtos podem contaminar a \u00e1gua, o solo e os alimentos que os p\u00e1ssaros consomem, afetando sua sa\u00fade e afastando-os do seu quintal.<\/span>","borderRadius":{"locked":true,"topLeft":2,"topRight":2,"bottomRight":2,"bottomLeft":2},"x":51,"y":353,"width":310,"height":255,"basedOn":"1db38a2b-ce9d-45f7-9b4b-251abc548bed","marginOffset":-5.0760000000000005,"id":"ac95036e-b3a0-459d-8339-9310c69109e3","type":"text"}],"backgroundColor":{"color":{"r":255,"g":255,"b":255}},"animations":[{"targets":["ac95036e-b3a0-459d-8339-9310c69109e3"],"id":"91b6c42e-f40a-40a5-a37a-5ad9ec12a249","type":"effect-fade-in","duration":600,"delay":0}],"type":"page","id":"0ffbc6ad-1d65-4fb1-8465-3ae06fcf3d8d","defaultBackgroundElement":{"opacity":100,"flip":{"vertical":false,"horizontal":false},"rotationAngle":0,"lockAspectRatio":true,"x":1,"y":1,"width":1,"height":1,"mask":{"type":"rectangle"},"isBackground":true,"isDefaultBackground":true,"type":"shape","id":"a8c80173-9ac5-4023-87d5-f08fb27f6c35"}},{"elements":[{"opacity":100,"flip":{"vertical":false,"horizontal":false},"rotationAngle":0,"lockAspectRatio":true,"scale":100,"focalX":50,"focalY":49.9999996875,"resource":{"baseColor":"#d0c9c3","blurHash":"UJPskqM{_4xb00tQ-=t7_NM{M{Rj%gs:ayRj","type":"image","mimeType":"image\/png","creationDate":"2022-07-17T14:12:58.000Z","src":"https:\/\/www.panoramamoveis.com.br\/blog-wp\/wp-content\/uploads\/2022\/07\/ESPELHOS-PG4.png","width":1080,"height":1920,"id":6240,"alt":"ESPELHOS PG4","sizes":{"medium":{"file":"ESPELHOS-PG4-169x300.png","width":169,"height":300,"filesize":52785,"mimeType":"image\/png","sourceUrl":"https:\/\/www.panoramamoveis.com.br\/blog-wp\/wp-content\/uploads\/2022\/07\/ESPELHOS-PG4-169x300.png"},"large":{"file":"ESPELHOS-PG4-576x1024.png","width":576,"height":1024,"filesize":395855,"mimeType":"image\/png","sourceUrl":"https:\/\/www.panoramamoveis.com.br\/blog-wp\/wp-content\/uploads\/2022\/07\/ESPELHOS-PG4-576x1024.png"},"thumbnail":{"file":"ESPELHOS-PG4-150x150.png","width":150,"height":150,"filesize":26980,"mimeType":"image\/png","sourceUrl":"https:\/\/www.panoramamoveis.com.br\/blog-wp\/wp-content\/uploads\/2022\/07\/ESPELHOS-PG4-150x150.png"},"medium_large":{"file":"ESPELHOS-PG4-768x1365.png","width":768,"height":1365,"filesize":730853,"mimeType":"image\/png","sourceUrl":"https:\/\/www.panoramamoveis.com.br\/blog-wp\/wp-content\/uploads\/2022\/07\/ESPELHOS-PG4-768x1365.png"},"1536x1536":{"file":"ESPELHOS-PG4-864x1536.png","width":864,"height":1536,"filesize":778363,"mimeType":"image\/png","sourceUrl":"https:\/\/www.panoramamoveis.com.br\/blog-wp\/wp-content\/uploads\/2022\/07\/ESPELHOS-PG4-864x1536.png"},"web-stories-poster-portrait":{"file":"ESPELHOS-PG4-640x853.png","width":640,"height":853,"filesize":420748,"mimeType":"image\/png","sourceUrl":"https:\/\/www.panoramamoveis.com.br\/blog-wp\/wp-content\/uploads\/2022\/07\/ESPELHOS-PG4-640x853.png"},"web-stories-publisher-logo":{"file":"ESPELHOS-PG4-96x96.png","width":96,"height":96,"filesize":12353,"mimeType":"image\/png","sourceUrl":"https:\/\/www.panoramamoveis.com.br\/blog-wp\/wp-content\/uploads\/2022\/07\/ESPELHOS-PG4-96x96.png"},"web-stories-thumbnail":{"file":"ESPELHOS-PG4-150x267.png","width":150,"height":267,"filesize":42771,"mimeType":"image\/png","sourceUrl":"https:\/\/www.panoramamoveis.com.br\/blog-wp\/wp-content\/uploads\/2022\/07\/ESPELHOS-PG4-150x267.png"},"full":{"file":"ESPELHOS-PG4.png","width":1080,"height":1920,"mimeType":"image\/png","sourceUrl":"https:\/\/www.panoramamoveis.com.br\/blog-wp\/wp-content\/uploads\/2022\/07\/ESPELHOS-PG4.png"}},"isPlaceholder":false,"isOptimized":false,"isMuted":false,"isExternal":false,"needsProxy":false},"x":240,"y":570,"width":330,"height":586,"mask":{"type":"rectangle"},"isBackground":true,"id":"7cb15a92-c278-4433-8063-ac5a80c10204","basedOn":"6d51fe17-5b3b-4d0b-82cf-4037a3ffa2f8","alt":"sala com espelho ovalado em cima de bancada de madeira","type":"image"},{"opacity":100,"flip":{"vertical":false,"horizontal":false},"rotationAngle":0,"lockAspectRatio":false,"scale":100,"focalX":50,"focalY":50,"resource":{"type":"image","mimeType":"image\/jpeg","width":1060,"height":706,"sizes":{"medium":{"file":"jardim-a-luz-do-dia_23-2147663467-300x200.jpg","width":300,"height":200,"filesize":22994,"mimeType":"image\/jpeg","sourceUrl":"https:\/\/www.panoramamoveis.com.br\/blog-wp\/wp-content\/uploads\/2025\/02\/jardim-a-luz-do-dia_23-2147663467-300x200.jpg"},"large":{"file":"jardim-a-luz-do-dia_23-2147663467-1024x682.jpg","width":1024,"height":682,"filesize":165631,"mimeType":"image\/jpeg","sourceUrl":"https:\/\/www.panoramamoveis.com.br\/blog-wp\/wp-content\/uploads\/2025\/02\/jardim-a-luz-do-dia_23-2147663467-1024x682.jpg"},"thumbnail":{"file":"jardim-a-luz-do-dia_23-2147663467-150x150.jpg","width":150,"height":150,"filesize":9854,"mimeType":"image\/jpeg","sourceUrl":"https:\/\/www.panoramamoveis.com.br\/blog-wp\/wp-content\/uploads\/2025\/02\/jardim-a-luz-do-dia_23-2147663467-150x150.jpg"},"medium_large":{"file":"jardim-a-luz-do-dia_23-2147663467-768x512.jpg","width":768,"height":512,"filesize":107028,"mimeType":"image\/jpeg","sourceUrl":"https:\/\/www.panoramamoveis.com.br\/blog-wp\/wp-content\/uploads\/2025\/02\/jardim-a-luz-do-dia_23-2147663467-768x512.jpg"},"web-stories-poster-portrait":{"file":"jardim-a-luz-do-dia_23-2147663467-640x706.jpg","width":640,"height":706,"filesize":117632,"mimeType":"image\/jpeg","sourceUrl":"https:\/\/www.panoramamoveis.com.br\/blog-wp\/wp-content\/uploads\/2025\/02\/jardim-a-luz-do-dia_23-2147663467-640x706.jpg"},"web-stories-publisher-logo":{"file":"jardim-a-luz-do-dia_23-2147663467-96x96.jpg","width":96,"height":96,"filesize":4551,"mimeType":"image\/jpeg","sourceUrl":"https:\/\/www.panoramamoveis.com.br\/blog-wp\/wp-content\/uploads\/2025\/02\/jardim-a-luz-do-dia_23-2147663467-96x96.jpg"},"web-stories-thumbnail":{"file":"jardim-a-luz-do-dia_23-2147663467-150x100.jpg","width":150,"height":100,"filesize":6966,"mimeType":"image\/jpeg","sourceUrl":"https:\/\/www.panoramamoveis.com.br\/blog-wp\/wp-content\/uploads\/2025\/02\/jardim-a-luz-do-dia_23-2147663467-150x100.jpg"},"full":{"file":"jardim-a-luz-do-dia_23-2147663467.jpg","width":1060,"height":706,"mimeType":"image\/jpeg","sourceUrl":"https:\/\/www.panoramamoveis.com.br\/blog-wp\/wp-content\/uploads\/2025\/02\/jardim-a-luz-do-dia_23-2147663467.jpg"}},"isPlaceholder":false,"isExternal":false,"needsProxy":false,"baseColor":"#2c3821","blurHash":"UHBW^@SuD%D%??SuV]n-.6%fMyM|x@tPRkWX","creationDate":"2025-02-21T19:51:49","src":"https:\/\/www.panoramamoveis.com.br\/blog-wp\/wp-content\/uploads\/2025\/02\/jardim-a-luz-do-dia_23-2147663467.jpg","id":65611,"alt":"jardim-a-luz-do-dia_23-2147663467","local":false},"type":"image","x":50,"y":-37,"width":312,"height":390,"mask":{"type":"rectangle","showInLibrary":true,"name":"Ret\u00e2ngulo","path":"M 0,0 1,0 1,1 0,1 0,0 Z","ratio":1,"supportsBorder":true},"id":"39b208b3-a819-4487-984e-53098b61d38a"},{"opacity":100,"flip":{"vertical":false,"horizontal":false},"rotationAngle":0,"lockAspectRatio":true,"backgroundTextMode":"HIGHLIGHT","font":{"family":"Anton"},"fontSize":24,"backgroundColor":{"color":{"r":163,"g":0,"b":3,"a":0.6}},"lineHeight":1,"textAlign":"left","padding":{"hasHiddenPadding":true,"horizontal":8,"vertical":4},"content":"<span style=\"color: #fff\">Ambiente Calmo e Silencioso<\/span>","borderRadius":{"locked":true,"topLeft":2,"topRight":2,"bottomRight":2,"bottomLeft":2},"x":50,"y":309,"width":310,"height":44,"basedOn":"b243f3b7-3cf7-4622-8509-1da0a1b3e9f5","id":"7e1543a1-505d-4bda-8083-526f21c8aa9c","type":"text"},{"opacity":100,"flip":{"vertical":false,"horizontal":false},"rotationAngle":270,"lockAspectRatio":true,"scale":100,"focalX":50,"focalY":50,"resource":{"baseColor":"#543833","type":"image","mimeType":"image\/png","creationDate":"2021-11-09T19:36:56","src":"https:\/\/www.panoramamoveis.com.br\/blog-wp\/wp-content\/uploads\/2021\/11\/Panorama-Moveis-click-1.png","width":3240,"height":5760,"id":1933,"alt":"Panorama M\u00f3veis click (1)","sizes":{"medium":{"file":"Panorama-Moveis-click-1-169x300.png","width":169,"height":300,"mimeType":"image\/png","sourceUrl":"https:\/\/www.panoramamoveis.com.br\/blog-wp\/wp-content\/uploads\/2021\/11\/Panorama-Moveis-click-1-169x300.png"},"large":{"file":"Panorama-Moveis-click-1-576x1024.png","width":576,"height":1024,"mimeType":"image\/png","sourceUrl":"https:\/\/www.panoramamoveis.com.br\/blog-wp\/wp-content\/uploads\/2021\/11\/Panorama-Moveis-click-1-576x1024.png"},"thumbnail":{"file":"Panorama-Moveis-click-1-150x150.png","width":150,"height":150,"mimeType":"image\/png","sourceUrl":"https:\/\/www.panoramamoveis.com.br\/blog-wp\/wp-content\/uploads\/2021\/11\/Panorama-Moveis-click-1-150x150.png"},"medium_large":{"file":"Panorama-Moveis-click-1-768x1365.png","width":768,"height":1365,"mimeType":"image\/png","sourceUrl":"https:\/\/www.panoramamoveis.com.br\/blog-wp\/wp-content\/uploads\/2021\/11\/Panorama-Moveis-click-1-768x1365.png"},"1536x1536":{"file":"Panorama-Moveis-click-1-864x1536.png","width":864,"height":1536,"mimeType":"image\/png","sourceUrl":"https:\/\/www.panoramamoveis.com.br\/blog-wp\/wp-content\/uploads\/2021\/11\/Panorama-Moveis-click-1-864x1536.png"},"2048x2048":{"file":"Panorama-Moveis-click-1-1152x2048.png","width":1152,"height":2048,"mimeType":"image\/png","sourceUrl":"https:\/\/www.panoramamoveis.com.br\/blog-wp\/wp-content\/uploads\/2021\/11\/Panorama-Moveis-click-1-1152x2048.png"},"post-thumbnail":{"file":"Panorama-Moveis-click-1-1200x2133.png","width":1200,"height":2133,"mimeType":"image\/png","sourceUrl":"https:\/\/www.panoramamoveis.com.br\/blog-wp\/wp-content\/uploads\/2021\/11\/Panorama-Moveis-click-1-1200x2133.png"},"twentytwenty-fullscreen":{"file":"Panorama-Moveis-click-1-1980x3520.png","width":1980,"height":3520,"mimeType":"image\/png","sourceUrl":"https:\/\/www.panoramamoveis.com.br\/blog-wp\/wp-content\/uploads\/2021\/11\/Panorama-Moveis-click-1-1980x3520.png"},"web-stories-poster-portrait":{"file":"Panorama-Moveis-click-1-640x853.png","width":640,"height":853,"mimeType":"image\/png","sourceUrl":"https:\/\/www.panoramamoveis.com.br\/blog-wp\/wp-content\/uploads\/2021\/11\/Panorama-Moveis-click-1-640x853.png"},"web-stories-publisher-logo":{"file":"Panorama-Moveis-click-1-96x96.png","width":96,"height":96,"mimeType":"image\/png","sourceUrl":"https:\/\/www.panoramamoveis.com.br\/blog-wp\/wp-content\/uploads\/2021\/11\/Panorama-Moveis-click-1-96x96.png"},"web-stories-thumbnail":{"file":"Panorama-Moveis-click-1-150x267.png","width":150,"height":267,"mimeType":"image\/png","sourceUrl":"https:\/\/www.panoramamoveis.com.br\/blog-wp\/wp-content\/uploads\/2021\/11\/Panorama-Moveis-click-1-150x267.png"},"full":{"file":"Panorama-Moveis-click-1.png","width":3240,"height":5760,"mimeType":"image\/png","sourceUrl":"https:\/\/www.panoramamoveis.com.br\/blog-wp\/wp-content\/uploads\/2021\/11\/Panorama-Moveis-click-1.png"}},"isPlaceholder":false,"isOptimized":false,"isMuted":false,"isExternal":false,"provider":"local"},"x":70,"y":-52,"width":56,"height":104,"mask":{"type":"rectangle","showInLibrary":true,"name":"Ret\u00e2ngulo","path":"M 0,0 1,0 1,1 0,1 0,0 Z","ratio":1,"supportsBorder":true},"basedOn":"ff22fdff-46a4-4f87-bd8d-8ebfd8afae43","id":"1f8214fe-e364-4c08-a3d7-7593ca0f8600","type":"image"},{"opacity":100,"flip":{"vertical":false,"horizontal":false},"rotationAngle":0,"lockAspectRatio":true,"backgroundTextMode":"NONE","font":{"family":"Oswald"},"fontSize":23,"backgroundColor":{"color":{"r":196,"g":196,"b":196}},"lineHeight":1.2,"textAlign":"left","padding":{"locked":true,"hasHiddenPadding":false,"horizontal":null,"vertical":null},"content":"<span style=\"color: #f00\">Os passarinhos s\u00e3o seres sens\u00edveis a ru\u00eddos e movimentos bruscos, e um ambiente tranquilo \u00e9 essencial para que eles se sintam seguros e confort\u00e1veis no seu quintal.&nbsp;<\/span>\n\n<span style=\"color: #f00\">Barulhos, como m\u00fasica alta, ferramentas ou gritos, podem assust\u00e1-los e afast\u00e1-los do local. &nbsp;<\/span>","borderRadius":{"locked":true,"topLeft":2,"topRight":2,"bottomRight":2,"bottomLeft":2},"x":51,"y":353,"width":310,"height":255,"basedOn":"1db38a2b-ce9d-45f7-9b4b-251abc548bed","marginOffset":-5.0760000000000005,"id":"09796854-f3a3-4731-8189-6a206c0f03ee","type":"text"}],"backgroundColor":{"color":{"r":255,"g":255,"b":255}},"animations":[{"targets":["09796854-f3a3-4731-8189-6a206c0f03ee"],"id":"96b97f5b-7cc9-495e-8142-3b5983700f7e","type":"effect-fade-in","duration":600,"delay":0}],"type":"page","id":"5370872b-d0c0-48ce-af3b-985b1480ee5d","defaultBackgroundElement":{"opacity":100,"flip":{"vertical":false,"horizontal":false},"rotationAngle":0,"lockAspectRatio":true,"x":1,"y":1,"width":1,"height":1,"mask":{"type":"rectangle"},"isBackground":true,"isDefaultBackground":true,"type":"shape","id":"a8c80173-9ac5-4023-87d5-f08fb27f6c35"}},{"elements":[{"opacity":100,"flip":{"vertical":false,"horizontal":false},"rotationAngle":0,"lockAspectRatio":true,"scale":100,"focalX":50,"focalY":49.9999996875,"resource":{"baseColor":"#d0c9c3","blurHash":"UJPskqM{_4xb00tQ-=t7_NM{M{Rj%gs:ayRj","type":"image","mimeType":"image\/png","creationDate":"2022-07-17T14:12:58.000Z","src":"https:\/\/www.panoramamoveis.com.br\/blog-wp\/wp-content\/uploads\/2022\/07\/ESPELHOS-PG4.png","width":1080,"height":1920,"id":6240,"alt":"ESPELHOS PG4","sizes":{"medium":{"file":"ESPELHOS-PG4-169x300.png","width":169,"height":300,"filesize":52785,"mimeType":"image\/png","sourceUrl":"https:\/\/www.panoramamoveis.com.br\/blog-wp\/wp-content\/uploads\/2022\/07\/ESPELHOS-PG4-169x300.png"},"large":{"file":"ESPELHOS-PG4-576x1024.png","width":576,"height":1024,"filesize":395855,"mimeType":"image\/png","sourceUrl":"https:\/\/www.panoramamoveis.com.br\/blog-wp\/wp-content\/uploads\/2022\/07\/ESPELHOS-PG4-576x1024.png"},"thumbnail":{"file":"ESPELHOS-PG4-150x150.png","width":150,"height":150,"filesize":26980,"mimeType":"image\/png","sourceUrl":"https:\/\/www.panoramamoveis.com.br\/blog-wp\/wp-content\/uploads\/2022\/07\/ESPELHOS-PG4-150x150.png"},"medium_large":{"file":"ESPELHOS-PG4-768x1365.png","width":768,"height":1365,"filesize":730853,"mimeType":"image\/png","sourceUrl":"https:\/\/www.panoramamoveis.com.br\/blog-wp\/wp-content\/uploads\/2022\/07\/ESPELHOS-PG4-768x1365.png"},"1536x1536":{"file":"ESPELHOS-PG4-864x1536.png","width":864,"height":1536,"filesize":778363,"mimeType":"image\/png","sourceUrl":"https:\/\/www.panoramamoveis.com.br\/blog-wp\/wp-content\/uploads\/2022\/07\/ESPELHOS-PG4-864x1536.png"},"web-stories-poster-portrait":{"file":"ESPELHOS-PG4-640x853.png","width":640,"height":853,"filesize":420748,"mimeType":"image\/png","sourceUrl":"https:\/\/www.panoramamoveis.com.br\/blog-wp\/wp-content\/uploads\/2022\/07\/ESPELHOS-PG4-640x853.png"},"web-stories-publisher-logo":{"file":"ESPELHOS-PG4-96x96.png","width":96,"height":96,"filesize":12353,"mimeType":"image\/png","sourceUrl":"https:\/\/www.panoramamoveis.com.br\/blog-wp\/wp-content\/uploads\/2022\/07\/ESPELHOS-PG4-96x96.png"},"web-stories-thumbnail":{"file":"ESPELHOS-PG4-150x267.png","width":150,"height":267,"filesize":42771,"mimeType":"image\/png","sourceUrl":"https:\/\/www.panoramamoveis.com.br\/blog-wp\/wp-content\/uploads\/2022\/07\/ESPELHOS-PG4-150x267.png"},"full":{"file":"ESPELHOS-PG4.png","width":1080,"height":1920,"mimeType":"image\/png","sourceUrl":"https:\/\/www.panoramamoveis.com.br\/blog-wp\/wp-content\/uploads\/2022\/07\/ESPELHOS-PG4.png"}},"isPlaceholder":false,"isOptimized":false,"isMuted":false,"isExternal":false,"needsProxy":false},"x":240,"y":570,"width":330,"height":586,"mask":{"type":"rectangle"},"isBackground":true,"id":"f88afb51-ee03-4fac-8440-33cc7bf32eb5","basedOn":"6d51fe17-5b3b-4d0b-82cf-4037a3ffa2f8","alt":"sala com espelho ovalado em cima de bancada de madeira","type":"image"},{"opacity":100,"flip":{"vertical":false,"horizontal":false},"rotationAngle":0,"lockAspectRatio":false,"scale":100,"focalX":50,"focalY":50,"resource":{"type":"image","mimeType":"image\/jpeg","width":1060,"height":708,"sizes":{"medium":{"file":"vista-traseira-de-um-posicao-mulher-em-estufa_23-2147948258-300x200.jpg","width":300,"height":200,"filesize":19717,"mimeType":"image\/jpeg","sourceUrl":"https:\/\/www.panoramamoveis.com.br\/blog-wp\/wp-content\/uploads\/2025\/02\/vista-traseira-de-um-posicao-mulher-em-estufa_23-2147948258-300x200.jpg"},"large":{"file":"vista-traseira-de-um-posicao-mulher-em-estufa_23-2147948258-1024x684.jpg","width":1024,"height":684,"filesize":129452,"mimeType":"image\/jpeg","sourceUrl":"https:\/\/www.panoramamoveis.com.br\/blog-wp\/wp-content\/uploads\/2025\/02\/vista-traseira-de-um-posicao-mulher-em-estufa_23-2147948258-1024x684.jpg"},"thumbnail":{"file":"vista-traseira-de-um-posicao-mulher-em-estufa_23-2147948258-150x150.jpg","width":150,"height":150,"filesize":8226,"mimeType":"image\/jpeg","sourceUrl":"https:\/\/www.panoramamoveis.com.br\/blog-wp\/wp-content\/uploads\/2025\/02\/vista-traseira-de-um-posicao-mulher-em-estufa_23-2147948258-150x150.jpg"},"medium_large":{"file":"vista-traseira-de-um-posicao-mulher-em-estufa_23-2147948258-768x513.jpg","width":768,"height":513,"filesize":84407,"mimeType":"image\/jpeg","sourceUrl":"https:\/\/www.panoramamoveis.com.br\/blog-wp\/wp-content\/uploads\/2025\/02\/vista-traseira-de-um-posicao-mulher-em-estufa_23-2147948258-768x513.jpg"},"web-stories-poster-portrait":{"file":"vista-traseira-de-um-posicao-mulher-em-estufa_23-2147948258-640x708.jpg","width":640,"height":708,"filesize":83628,"mimeType":"image\/jpeg","sourceUrl":"https:\/\/www.panoramamoveis.com.br\/blog-wp\/wp-content\/uploads\/2025\/02\/vista-traseira-de-um-posicao-mulher-em-estufa_23-2147948258-640x708.jpg"},"web-stories-publisher-logo":{"file":"vista-traseira-de-um-posicao-mulher-em-estufa_23-2147948258-96x96.jpg","width":96,"height":96,"filesize":3982,"mimeType":"image\/jpeg","sourceUrl":"https:\/\/www.panoramamoveis.com.br\/blog-wp\/wp-content\/uploads\/2025\/02\/vista-traseira-de-um-posicao-mulher-em-estufa_23-2147948258-96x96.jpg"},"web-stories-thumbnail":{"file":"vista-traseira-de-um-posicao-mulher-em-estufa_23-2147948258-150x100.jpg","width":150,"height":100,"filesize":6555,"mimeType":"image\/jpeg","sourceUrl":"https:\/\/www.panoramamoveis.com.br\/blog-wp\/wp-content\/uploads\/2025\/02\/vista-traseira-de-um-posicao-mulher-em-estufa_23-2147948258-150x100.jpg"},"full":{"file":"vista-traseira-de-um-posicao-mulher-em-estufa_23-2147948258.jpg","width":1060,"height":708,"mimeType":"image\/jpeg","sourceUrl":"https:\/\/www.panoramamoveis.com.br\/blog-wp\/wp-content\/uploads\/2025\/02\/vista-traseira-de-um-posicao-mulher-em-estufa_23-2147948258.jpg"}},"isPlaceholder":false,"isExternal":false,"needsProxy":false,"baseColor":"#767356","blurHash":"UDHU:$-q9qV_~B%M_2IVsGIWIU%M9ZM|-pWE","creationDate":"2025-02-21T19:54:49","src":"https:\/\/www.panoramamoveis.com.br\/blog-wp\/wp-content\/uploads\/2025\/02\/vista-traseira-de-um-posicao-mulher-em-estufa_23-2147948258.jpg","id":65614,"alt":"vista-traseira-de-um-posicao-mulher-em-estufa_23-2147948258","local":false},"type":"image","x":51,"y":-37,"width":313,"height":390,"mask":{"type":"rectangle","showInLibrary":true,"name":"Ret\u00e2ngulo","path":"M 0,0 1,0 1,1 0,1 0,0 Z","ratio":1,"supportsBorder":true},"id":"2e3c0aca-364e-4a01-87ef-422131ef5988"},{"opacity":100,"flip":{"vertical":false,"horizontal":false},"rotationAngle":0,"lockAspectRatio":true,"backgroundTextMode":"HIGHLIGHT","font":{"family":"Anton"},"fontSize":24,"backgroundColor":{"color":{"r":163,"g":0,"b":3,"a":0.6}},"lineHeight":1,"textAlign":"left","padding":{"hasHiddenPadding":true,"horizontal":8,"vertical":4},"content":"<span style=\"color: #fff\">Seja Paciente e Observador<\/span>","borderRadius":{"locked":true,"topLeft":2,"topRight":2,"bottomRight":2,"bottomLeft":2},"x":51,"y":309,"width":310,"height":44,"basedOn":"b243f3b7-3cf7-4622-8509-1da0a1b3e9f5","id":"8ef741c9-0979-40ea-b8f0-895bb5ee55ea","type":"text"},{"opacity":100,"flip":{"vertical":false,"horizontal":false},"rotationAngle":270,"lockAspectRatio":true,"scale":100,"focalX":50,"focalY":50,"resource":{"baseColor":"#543833","type":"image","mimeType":"image\/png","creationDate":"2021-11-09T19:36:56","src":"https:\/\/www.panoramamoveis.com.br\/blog-wp\/wp-content\/uploads\/2021\/11\/Panorama-Moveis-click-1.png","width":3240,"height":5760,"id":1933,"alt":"Panorama M\u00f3veis click (1)","sizes":{"medium":{"file":"Panorama-Moveis-click-1-169x300.png","width":169,"height":300,"mimeType":"image\/png","sourceUrl":"https:\/\/www.panoramamoveis.com.br\/blog-wp\/wp-content\/uploads\/2021\/11\/Panorama-Moveis-click-1-169x300.png"},"large":{"file":"Panorama-Moveis-click-1-576x1024.png","width":576,"height":1024,"mimeType":"image\/png","sourceUrl":"https:\/\/www.panoramamoveis.com.br\/blog-wp\/wp-content\/uploads\/2021\/11\/Panorama-Moveis-click-1-576x1024.png"},"thumbnail":{"file":"Panorama-Moveis-click-1-150x150.png","width":150,"height":150,"mimeType":"image\/png","sourceUrl":"https:\/\/www.panoramamoveis.com.br\/blog-wp\/wp-content\/uploads\/2021\/11\/Panorama-Moveis-click-1-150x150.png"},"medium_large":{"file":"Panorama-Moveis-click-1-768x1365.png","width":768,"height":1365,"mimeType":"image\/png","sourceUrl":"https:\/\/www.panoramamoveis.com.br\/blog-wp\/wp-content\/uploads\/2021\/11\/Panorama-Moveis-click-1-768x1365.png"},"1536x1536":{"file":"Panorama-Moveis-click-1-864x1536.png","width":864,"height":1536,"mimeType":"image\/png","sourceUrl":"https:\/\/www.panoramamoveis.com.br\/blog-wp\/wp-content\/uploads\/2021\/11\/Panorama-Moveis-click-1-864x1536.png"},"2048x2048":{"file":"Panorama-Moveis-click-1-1152x2048.png","width":1152,"height":2048,"mimeType":"image\/png","sourceUrl":"https:\/\/www.panoramamoveis.com.br\/blog-wp\/wp-content\/uploads\/2021\/11\/Panorama-Moveis-click-1-1152x2048.png"},"post-thumbnail":{"file":"Panorama-Moveis-click-1-1200x2133.png","width":1200,"height":2133,"mimeType":"image\/png","sourceUrl":"https:\/\/www.panoramamoveis.com.br\/blog-wp\/wp-content\/uploads\/2021\/11\/Panorama-Moveis-click-1-1200x2133.png"},"twentytwenty-fullscreen":{"file":"Panorama-Moveis-click-1-1980x3520.png","width":1980,"height":3520,"mimeType":"image\/png","sourceUrl":"https:\/\/www.panoramamoveis.com.br\/blog-wp\/wp-content\/uploads\/2021\/11\/Panorama-Moveis-click-1-1980x3520.png"},"web-stories-poster-portrait":{"file":"Panorama-Moveis-click-1-640x853.png","width":640,"height":853,"mimeType":"image\/png","sourceUrl":"https:\/\/www.panoramamoveis.com.br\/blog-wp\/wp-content\/uploads\/2021\/11\/Panorama-Moveis-click-1-640x853.png"},"web-stories-publisher-logo":{"file":"Panorama-Moveis-click-1-96x96.png","width":96,"height":96,"mimeType":"image\/png","sourceUrl":"https:\/\/www.panoramamoveis.com.br\/blog-wp\/wp-content\/uploads\/2021\/11\/Panorama-Moveis-click-1-96x96.png"},"web-stories-thumbnail":{"file":"Panorama-Moveis-click-1-150x267.png","width":150,"height":267,"mimeType":"image\/png","sourceUrl":"https:\/\/www.panoramamoveis.com.br\/blog-wp\/wp-content\/uploads\/2021\/11\/Panorama-Moveis-click-1-150x267.png"},"full":{"file":"Panorama-Moveis-click-1.png","width":3240,"height":5760,"mimeType":"image\/png","sourceUrl":"https:\/\/www.panoramamoveis.com.br\/blog-wp\/wp-content\/uploads\/2021\/11\/Panorama-Moveis-click-1.png"}},"isPlaceholder":false,"isOptimized":false,"isMuted":false,"isExternal":false,"provider":"local"},"x":70,"y":-52,"width":56,"height":104,"mask":{"type":"rectangle","showInLibrary":true,"name":"Ret\u00e2ngulo","path":"M 0,0 1,0 1,1 0,1 0,0 Z","ratio":1,"supportsBorder":true},"basedOn":"ff22fdff-46a4-4f87-bd8d-8ebfd8afae43","id":"954a70d1-8774-4235-a569-7499e9dca304","type":"image"},{"opacity":100,"flip":{"vertical":false,"horizontal":false},"rotationAngle":0,"lockAspectRatio":true,"backgroundTextMode":"NONE","font":{"family":"Oswald"},"fontSize":23,"backgroundColor":{"color":{"r":196,"g":196,"b":196}},"lineHeight":1.2,"textAlign":"left","padding":{"locked":true,"hasHiddenPadding":false,"horizontal":null,"vertical":null},"content":"<span style=\"color: #f00\">Os passarinhos n\u00e3o vir\u00e3o do dia para a noite. Tenha paci\u00eancia e observe se as mudan\u00e7as que voc\u00ea executou est\u00e3o surtindo efeitos ou n\u00e3o.<\/span>\n\n<span style=\"color: #f00\">Outra sugest\u00e3o \u00e9 observar o h\u00e1bito das aves que frequentam a regi\u00e3o da sua casa. Com essas dicas, em breve, seu quintal estar\u00e1 cheio de vida.<\/span>","borderRadius":{"locked":true,"topLeft":2,"topRight":2,"bottomRight":2,"bottomLeft":2},"x":51,"y":353,"width":310,"height":255,"basedOn":"1db38a2b-ce9d-45f7-9b4b-251abc548bed","marginOffset":-5.0760000000000005,"id":"b225534f-f331-4d7e-a4cf-2622b02ccbaf","type":"text"}],"backgroundColor":{"color":{"r":255,"g":255,"b":255}},"animations":[{"targets":["b225534f-f331-4d7e-a4cf-2622b02ccbaf"],"id":"ae2da062-11ae-4fdf-932f-3806670783f6","type":"effect-fade-in","duration":600,"delay":0}],"type":"page","id":"a864dce6-d43d-46d3-9378-e304e1cfabc8","defaultBackgroundElement":{"opacity":100,"flip":{"vertical":false,"horizontal":false},"rotationAngle":0,"lockAspectRatio":true,"x":1,"y":1,"width":1,"height":1,"mask":{"type":"rectangle"},"isBackground":true,"isDefaultBackground":true,"type":"shape","id":"a8c80173-9ac5-4023-87d5-f08fb27f6c35"}},{"elements":[{"opacity":100,"flip":{"vertical":false,"horizontal":false},"rotationAngle":0,"lockAspectRatio":true,"x":48,"y":0,"width":330,"height":586,"mask":{"type":"rectangle"},"isBackground":true,"type":"image","id":"fc963da3-13ed-4c85-946f-6ff12080ee09","scale":100,"focalX":50,"focalY":50,"resource":{"baseColor":"#863a30","blurHash":"UOO:qpIo_N-q0JW;-q%MMxV[tRRi%hxbe.M_","type":"image","mimeType":"image\/png","creationDate":"2022-07-17T14:12:43.000Z","src":"https:\/\/www.panoramamoveis.com.br\/blog-wp\/wp-content\/uploads\/2022\/07\/ESPELHOS-PG8.png","width":1080,"height":1920,"id":6236,"alt":"ESPELHOS PG8","sizes":{"medium":{"file":"ESPELHOS-PG8-169x300.png","width":169,"height":300,"filesize":56648,"mimeType":"image\/png","sourceUrl":"https:\/\/www.panoramamoveis.com.br\/blog-wp\/wp-content\/uploads\/2022\/07\/ESPELHOS-PG8-169x300.png"},"large":{"file":"ESPELHOS-PG8-576x1024.png","width":576,"height":1024,"filesize":402337,"mimeType":"image\/png","sourceUrl":"https:\/\/www.panoramamoveis.com.br\/blog-wp\/wp-content\/uploads\/2022\/07\/ESPELHOS-PG8-576x1024.png"},"thumbnail":{"file":"ESPELHOS-PG8-150x150.png","width":150,"height":150,"filesize":30462,"mimeType":"image\/png","sourceUrl":"https:\/\/www.panoramamoveis.com.br\/blog-wp\/wp-content\/uploads\/2022\/07\/ESPELHOS-PG8-150x150.png"},"medium_large":{"file":"ESPELHOS-PG8-768x1365.png","width":768,"height":1365,"filesize":754249,"mimeType":"image\/png","sourceUrl":"https:\/\/www.panoramamoveis.com.br\/blog-wp\/wp-content\/uploads\/2022\/07\/ESPELHOS-PG8-768x1365.png"},"1536x1536":{"file":"ESPELHOS-PG8-864x1536.png","width":864,"height":1536,"filesize":762017,"mimeType":"image\/png","sourceUrl":"https:\/\/www.panoramamoveis.com.br\/blog-wp\/wp-content\/uploads\/2022\/07\/ESPELHOS-PG8-864x1536.png"},"web-stories-poster-portrait":{"file":"ESPELHOS-PG8-640x853.png","width":640,"height":853,"filesize":430456,"mimeType":"image\/png","sourceUrl":"https:\/\/www.panoramamoveis.com.br\/blog-wp\/wp-content\/uploads\/2022\/07\/ESPELHOS-PG8-640x853.png"},"web-stories-publisher-logo":{"file":"ESPELHOS-PG8-96x96.png","width":96,"height":96,"filesize":14037,"mimeType":"image\/png","sourceUrl":"https:\/\/www.panoramamoveis.com.br\/blog-wp\/wp-content\/uploads\/2022\/07\/ESPELHOS-PG8-96x96.png"},"web-stories-thumbnail":{"file":"ESPELHOS-PG8-150x267.png","width":150,"height":267,"filesize":46086,"mimeType":"image\/png","sourceUrl":"https:\/\/www.panoramamoveis.com.br\/blog-wp\/wp-content\/uploads\/2022\/07\/ESPELHOS-PG8-150x267.png"},"full":{"file":"ESPELHOS-PG8.png","width":1080,"height":1920,"mimeType":"image\/png","sourceUrl":"https:\/\/www.panoramamoveis.com.br\/blog-wp\/wp-content\/uploads\/2022\/07\/ESPELHOS-PG8.png"}},"isPlaceholder":false,"isOptimized":false,"isMuted":false,"isExternal":false,"needsProxy":false},"alt":"Sala com parede verde  e sof\u00e1 claro"},{"opacity":100,"flip":{"vertical":false,"horizontal":false},"rotationAngle":0,"lockAspectRatio":true,"backgroundTextMode":"FILL","font":{"family":"Oswald"},"fontSize":24,"backgroundColor":{"color":{"r":196,"g":196,"b":196,"a":0.1}},"lineHeight":1.5,"textAlign":"left","padding":{"locked":true,"hasHiddenPadding":true,"horizontal":8,"vertical":4},"type":"text","content":"<span style=\"font-weight: 700; color: #e23b40\">O nosso blog \u00e9 super completo, com as melhores dicas e curiosidades!<\/span>\n\n<span style=\"font-weight: 700; color: #e23b40\">Confira clicando abaixo!<\/span>","borderRadius":{"locked":true,"topLeft":2,"topRight":2,"bottomRight":2,"bottomLeft":2},"x":48,"y":348,"width":316,"height":188,"id":"5e68c346-e37c-4bb3-9020-a630be36084e","marginOffset":7.21875},{"opacity":100,"flip":{"vertical":false,"horizontal":false},"rotationAngle":0,"lockAspectRatio":true,"scale":100,"focalX":50,"focalY":50,"resource":{"baseColor":"#e5d4d4","type":"image","mimeType":"image\/png","creationDate":"2021-10-05T06:38:34","src":"https:\/\/www.panoramamoveis.com.br\/blog-wp\/wp-content\/uploads\/2021\/10\/click-aqui.png","width":1080,"height":1080,"id":757,"alt":"click aqui","sizes":{"medium":{"file":"click-aqui-300x300.png","width":300,"height":300,"mimeType":"image\/png","sourceUrl":"https:\/\/www.panoramamoveis.com.br\/blog-wp\/wp-content\/uploads\/2021\/10\/click-aqui-300x300.png"},"large":{"file":"click-aqui-1024x1024.png","width":1024,"height":1024,"mimeType":"image\/png","sourceUrl":"https:\/\/www.panoramamoveis.com.br\/blog-wp\/wp-content\/uploads\/2021\/10\/click-aqui-1024x1024.png"},"thumbnail":{"file":"click-aqui-150x150.png","width":150,"height":150,"mimeType":"image\/png","sourceUrl":"https:\/\/www.panoramamoveis.com.br\/blog-wp\/wp-content\/uploads\/2021\/10\/click-aqui-150x150.png"},"medium_large":{"file":"click-aqui-768x768.png","width":768,"height":768,"mimeType":"image\/png","sourceUrl":"https:\/\/www.panoramamoveis.com.br\/blog-wp\/wp-content\/uploads\/2021\/10\/click-aqui-768x768.png"},"web-stories-poster-portrait":{"file":"click-aqui-640x853.png","width":640,"height":853,"mimeType":"image\/png","sourceUrl":"https:\/\/www.panoramamoveis.com.br\/blog-wp\/wp-content\/uploads\/2021\/10\/click-aqui-640x853.png"},"web-stories-publisher-logo":{"file":"click-aqui-96x96.png","width":96,"height":96,"mimeType":"image\/png","sourceUrl":"https:\/\/www.panoramamoveis.com.br\/blog-wp\/wp-content\/uploads\/2021\/10\/click-aqui-96x96.png"},"web-stories-thumbnail":{"file":"click-aqui-150x150.png","width":150,"height":150,"mimeType":"image\/png","sourceUrl":"https:\/\/www.panoramamoveis.com.br\/blog-wp\/wp-content\/uploads\/2021\/10\/click-aqui-150x150.png"},"full":{"file":"click-aqui.png","width":1080,"height":1080,"mimeType":"image\/png","sourceUrl":"https:\/\/www.panoramamoveis.com.br\/blog-wp\/wp-content\/uploads\/2021\/10\/click-aqui.png"}},"isPlaceholder":false,"isOptimized":false,"isMuted":false,"provider":"local","isExternal":false},"type":"image","width":70,"height":69,"mask":{"type":"rectangle","showInLibrary":true,"name":"Rectangle","path":"M 0,0 1,0 1,1 0,1 0,0 Z","ratio":1,"supportsBorder":true},"basedOn":"b9ae82de-c57f-4987-a4ac-26a9f25c01c3","x":286,"y":544,"link":{"needsProxy":false,"url":"https:\/\/www.panoramamoveis.com.br\/moveis\/iluminacao?utm_source=web-stories","rel":["noreferrer","noreferrer","noreferrer","noreferrer","noreferrer","noreferrer","noreferrer","noreferrer","noreferrer","noreferrer","noreferrer","noreferrer","noreferrer"],"icon":"https:\/\/www.panoramamoveis.com.br\/blog-wp\/wp-content\/uploads\/2021\/11\/cropped-cropped-Panorama-03-scaled-3-1.jpg","desc":"\t\t\tIlumina\u00e7\u00e3o: Com At\u00e9 50% OFF, 12x Sem Juros | Panorama M\u00f3veis\n\t"},"id":"1342f69e-ca15-4206-97ea-e8836e6a0267"},{"opacity":100,"flip":{"vertical":false,"horizontal":false},"rotationAngle":270,"lockAspectRatio":true,"scale":100,"focalX":50,"focalY":50,"resource":{"baseColor":"#543833","type":"image","mimeType":"image\/png","creationDate":"2021-11-09T19:36:56","src":"https:\/\/www.panoramamoveis.com.br\/blog-wp\/wp-content\/uploads\/2021\/11\/Panorama-Moveis-click-1.png","width":3240,"height":5760,"id":1933,"alt":"Panorama M\u00f3veis click (1)","sizes":{"medium":{"file":"Panorama-Moveis-click-1-169x300.png","width":169,"height":300,"mimeType":"image\/png","sourceUrl":"https:\/\/www.panoramamoveis.com.br\/blog-wp\/wp-content\/uploads\/2021\/11\/Panorama-Moveis-click-1-169x300.png"},"large":{"file":"Panorama-Moveis-click-1-576x1024.png","width":576,"height":1024,"mimeType":"image\/png","sourceUrl":"https:\/\/www.panoramamoveis.com.br\/blog-wp\/wp-content\/uploads\/2021\/11\/Panorama-Moveis-click-1-576x1024.png"},"thumbnail":{"file":"Panorama-Moveis-click-1-150x150.png","width":150,"height":150,"mimeType":"image\/png","sourceUrl":"https:\/\/www.panoramamoveis.com.br\/blog-wp\/wp-content\/uploads\/2021\/11\/Panorama-Moveis-click-1-150x150.png"},"medium_large":{"file":"Panorama-Moveis-click-1-768x1365.png","width":768,"height":1365,"mimeType":"image\/png","sourceUrl":"https:\/\/www.panoramamoveis.com.br\/blog-wp\/wp-content\/uploads\/2021\/11\/Panorama-Moveis-click-1-768x1365.png"},"1536x1536":{"file":"Panorama-Moveis-click-1-864x1536.png","width":864,"height":1536,"mimeType":"image\/png","sourceUrl":"https:\/\/www.panoramamoveis.com.br\/blog-wp\/wp-content\/uploads\/2021\/11\/Panorama-Moveis-click-1-864x1536.png"},"2048x2048":{"file":"Panorama-Moveis-click-1-1152x2048.png","width":1152,"height":2048,"mimeType":"image\/png","sourceUrl":"https:\/\/www.panoramamoveis.com.br\/blog-wp\/wp-content\/uploads\/2021\/11\/Panorama-Moveis-click-1-1152x2048.png"},"post-thumbnail":{"file":"Panorama-Moveis-click-1-1200x2133.png","width":1200,"height":2133,"mimeType":"image\/png","sourceUrl":"https:\/\/www.panoramamoveis.com.br\/blog-wp\/wp-content\/uploads\/2021\/11\/Panorama-Moveis-click-1-1200x2133.png"},"twentytwenty-fullscreen":{"file":"Panorama-Moveis-click-1-1980x3520.png","width":1980,"height":3520,"mimeType":"image\/png","sourceUrl":"https:\/\/www.panoramamoveis.com.br\/blog-wp\/wp-content\/uploads\/2021\/11\/Panorama-Moveis-click-1-1980x3520.png"},"web-stories-poster-portrait":{"file":"Panorama-Moveis-click-1-640x853.png","width":640,"height":853,"mimeType":"image\/png","sourceUrl":"https:\/\/www.panoramamoveis.com.br\/blog-wp\/wp-content\/uploads\/2021\/11\/Panorama-Moveis-click-1-640x853.png"},"web-stories-publisher-logo":{"file":"Panorama-Moveis-click-1-96x96.png","width":96,"height":96,"mimeType":"image\/png","sourceUrl":"https:\/\/www.panoramamoveis.com.br\/blog-wp\/wp-content\/uploads\/2021\/11\/Panorama-Moveis-click-1-96x96.png"},"web-stories-thumbnail":{"file":"Panorama-Moveis-click-1-150x267.png","width":150,"height":267,"mimeType":"image\/png","sourceUrl":"https:\/\/www.panoramamoveis.com.br\/blog-wp\/wp-content\/uploads\/2021\/11\/Panorama-Moveis-click-1-150x267.png"},"full":{"file":"Panorama-Moveis-click-1.png","width":3240,"height":5760,"mimeType":"image\/png","sourceUrl":"https:\/\/www.panoramamoveis.com.br\/blog-wp\/wp-content\/uploads\/2021\/11\/Panorama-Moveis-click-1.png"}},"isPlaceholder":false,"isOptimized":false,"isMuted":false,"isExternal":false,"provider":"local"},"type":"image","x":82,"y":-41,"width":56,"height":104,"mask":{"type":"rectangle","showInLibrary":true,"name":"Ret\u00e2ngulo","path":"M 0,0 1,0 1,1 0,1 0,0 Z","ratio":1,"supportsBorder":true},"basedOn":"c3f8539f-a4f0-4f0b-a80a-eb440f257c0a","id":"381b00cb-a11a-43d3-a8eb-d2a3e1bada8e"},{"opacity":100,"flip":{"vertical":false,"horizontal":false},"rotationAngle":0,"lockAspectRatio":true,"backgroundTextMode":"NONE","font":{"family":"Oswald"},"fontSize":28,"backgroundColor":{"color":{"r":196,"g":196,"b":196}},"lineHeight":1.2,"textAlign":"initial","padding":{"locked":true,"hasHiddenPadding":false},"type":"text","content":"<span style=\"font-weight: 700; color: #eee\">CLIQUE AQUI!<\/span>","borderRadius":{"locked":true,"topLeft":2,"topRight":2,"bottomRight":2,"bottomLeft":2},"x":125,"y":558,"width":161,"height":41,"basedOn":"23a443fc-27b4-4bca-bf25-4761dfc814ec","id":"dbd11309-135c-4f19-a1d0-ab0435048fc7","link":{"needsProxy":false,"url":"https:\/\/www.panoramamoveis.com.br\/blog?utm_source=web-stories","rel":[],"icon":"","desc":"Panorama M\u00f3veis: Blog de M\u00f3veis e Artigos Para Decora\u00e7\u00e3o"},"marginOffset":-7.896000000000001}],"animations":[{"targets":["1342f69e-ca15-4206-97ea-e8836e6a0267"],"id":"a08a4ec2-ec3a-44db-8f73-b2bcffed4e69","type":"effect-pulse","scale":0.5,"iterations":1,"duration":1450,"delay":0},{"id":"cd94a8f2-eb5e-4771-8f81-81c3ac7fdc15","type":"effect-pulse","targets":["dbd11309-135c-4f19-a1d0-ab0435048fc7"],"scale":0.5,"iterations":5,"duration":1450,"delay":0}],"backgroundColor":{"color":{"r":255,"g":255,"b":255}},"type":"page","id":"66a0ac8c-ba37-494b-b185-c3c180339647","defaultBackgroundElement":{"opacity":100,"flip":{"vertical":false,"horizontal":false},"rotationAngle":0,"lockAspectRatio":true,"x":1,"y":1,"width":1,"height":1,"mask":{"type":"rectangle"},"isBackground":true,"isDefaultBackground":true,"type":"shape","id":"dfb98c8e-8012-4f8c-992a-73f0d8e92a4f"}},{"elements":[{"opacity":100,"flip":{"vertical":false,"horizontal":false},"rotationAngle":0,"lockAspectRatio":true,"x":48,"y":0,"width":330,"height":586,"mask":{"type":"rectangle"},"isBackground":true,"type":"image","id":"9fb73b11-b73e-4d31-9893-73773fb54053","scale":100,"focalX":50,"focalY":50,"resource":{"baseColor":"#dfdedc","blurHash":"U9Q0EpRi-;bw0_xuxatl~WIUkWt7+}xv%Ns;","type":"image","mimeType":"image\/png","creationDate":"2022-07-17T14:12:47.000Z","src":"https:\/\/www.panoramamoveis.com.br\/blog-wp\/wp-content\/uploads\/2022\/07\/ESPELHOS-PG9.png","width":1080,"height":1920,"id":6237,"alt":"ESPELHOS PG9","sizes":{"medium":{"file":"ESPELHOS-PG9-169x300.png","width":169,"height":300,"filesize":50429,"mimeType":"image\/png","sourceUrl":"https:\/\/www.panoramamoveis.com.br\/blog-wp\/wp-content\/uploads\/2022\/07\/ESPELHOS-PG9-169x300.png"},"large":{"file":"ESPELHOS-PG9-576x1024.png","width":576,"height":1024,"filesize":326728,"mimeType":"image\/png","sourceUrl":"https:\/\/www.panoramamoveis.com.br\/blog-wp\/wp-content\/uploads\/2022\/07\/ESPELHOS-PG9-576x1024.png"},"thumbnail":{"file":"ESPELHOS-PG9-150x150.png","width":150,"height":150,"filesize":26568,"mimeType":"image\/png","sourceUrl":"https:\/\/www.panoramamoveis.com.br\/blog-wp\/wp-content\/uploads\/2022\/07\/ESPELHOS-PG9-150x150.png"},"medium_large":{"file":"ESPELHOS-PG9-768x1365.png","width":768,"height":1365,"filesize":688522,"mimeType":"image\/png","sourceUrl":"https:\/\/www.panoramamoveis.com.br\/blog-wp\/wp-content\/uploads\/2022\/07\/ESPELHOS-PG9-768x1365.png"},"1536x1536":{"file":"ESPELHOS-PG9-864x1536.png","width":864,"height":1536,"filesize":603797,"mimeType":"image\/png","sourceUrl":"https:\/\/www.panoramamoveis.com.br\/blog-wp\/wp-content\/uploads\/2022\/07\/ESPELHOS-PG9-864x1536.png"},"web-stories-poster-portrait":{"file":"ESPELHOS-PG9-640x853.png","width":640,"height":853,"filesize":388417,"mimeType":"image\/png","sourceUrl":"https:\/\/www.panoramamoveis.com.br\/blog-wp\/wp-content\/uploads\/2022\/07\/ESPELHOS-PG9-640x853.png"},"web-stories-publisher-logo":{"file":"ESPELHOS-PG9-96x96.png","width":96,"height":96,"filesize":12452,"mimeType":"image\/png","sourceUrl":"https:\/\/www.panoramamoveis.com.br\/blog-wp\/wp-content\/uploads\/2022\/07\/ESPELHOS-PG9-96x96.png"},"web-stories-thumbnail":{"file":"ESPELHOS-PG9-150x267.png","width":150,"height":267,"filesize":40672,"mimeType":"image\/png","sourceUrl":"https:\/\/www.panoramamoveis.com.br\/blog-wp\/wp-content\/uploads\/2022\/07\/ESPELHOS-PG9-150x267.png"},"full":{"file":"ESPELHOS-PG9.png","width":1080,"height":1920,"mimeType":"image\/png","sourceUrl":"https:\/\/www.panoramamoveis.com.br\/blog-wp\/wp-content\/uploads\/2022\/07\/ESPELHOS-PG9.png"}},"isPlaceholder":false,"isOptimized":false,"isMuted":false,"isExternal":false,"needsProxy":false},"basedOn":"75808ddf-12ac-44cb-b520-2a3e88c53ff3","alt":"Sala com sof\u00e1 cinza e 2 espelhos redondos"},{"opacity":100,"flip":{"vertical":false,"horizontal":false},"rotationAngle":0,"lockAspectRatio":true,"backgroundTextMode":"FILL","font":{"family":"Oswald"},"fontSize":24,"backgroundColor":{"color":{"r":255,"g":255,"b":255,"a":0.5}},"lineHeight":1.19,"textAlign":"left","padding":{"locked":true,"hasHiddenPadding":true,"horizontal":8,"vertical":4},"type":"text","content":"<span style=\"font-weight: 700; color: #e23b40\">Com as dicas e sele\u00e7\u00e3o de m\u00f3veis da Panorama M\u00f3veis, voc\u00ea consegue deixar a sua casa exatamente do seu jeito.&nbsp;<\/span>","borderRadius":{"locked":true,"topLeft":2,"topRight":2,"bottomRight":2,"bottomLeft":2},"x":48,"y":327,"width":317,"height":129,"id":"d55968b3-c922-4819-954f-952ca85d62e4","marginOffset":-6.716000000000001},{"opacity":100,"flip":{"vertical":false,"horizontal":false},"rotationAngle":0,"lockAspectRatio":true,"scale":100,"focalX":50,"focalY":50,"resource":{"baseColor":"#e5d4d4","type":"image","mimeType":"image\/png","creationDate":"2021-10-05T06:38:34","src":"https:\/\/www.panoramamoveis.com.br\/blog-wp\/wp-content\/uploads\/2021\/10\/click-aqui.png","width":1080,"height":1080,"id":757,"alt":"click aqui","sizes":{"medium":{"file":"click-aqui-300x300.png","width":300,"height":300,"mimeType":"image\/png","sourceUrl":"https:\/\/www.panoramamoveis.com.br\/blog-wp\/wp-content\/uploads\/2021\/10\/click-aqui-300x300.png"},"large":{"file":"click-aqui-1024x1024.png","width":1024,"height":1024,"mimeType":"image\/png","sourceUrl":"https:\/\/www.panoramamoveis.com.br\/blog-wp\/wp-content\/uploads\/2021\/10\/click-aqui-1024x1024.png"},"thumbnail":{"file":"click-aqui-150x150.png","width":150,"height":150,"mimeType":"image\/png","sourceUrl":"https:\/\/www.panoramamoveis.com.br\/blog-wp\/wp-content\/uploads\/2021\/10\/click-aqui-150x150.png"},"medium_large":{"file":"click-aqui-768x768.png","width":768,"height":768,"mimeType":"image\/png","sourceUrl":"https:\/\/www.panoramamoveis.com.br\/blog-wp\/wp-content\/uploads\/2021\/10\/click-aqui-768x768.png"},"web-stories-poster-portrait":{"file":"click-aqui-640x853.png","width":640,"height":853,"mimeType":"image\/png","sourceUrl":"https:\/\/www.panoramamoveis.com.br\/blog-wp\/wp-content\/uploads\/2021\/10\/click-aqui-640x853.png"},"web-stories-publisher-logo":{"file":"click-aqui-96x96.png","width":96,"height":96,"mimeType":"image\/png","sourceUrl":"https:\/\/www.panoramamoveis.com.br\/blog-wp\/wp-content\/uploads\/2021\/10\/click-aqui-96x96.png"},"web-stories-thumbnail":{"file":"click-aqui-150x150.png","width":150,"height":150,"mimeType":"image\/png","sourceUrl":"https:\/\/www.panoramamoveis.com.br\/blog-wp\/wp-content\/uploads\/2021\/10\/click-aqui-150x150.png"},"full":{"file":"click-aqui.png","width":1080,"height":1080,"mimeType":"image\/png","sourceUrl":"https:\/\/www.panoramamoveis.com.br\/blog-wp\/wp-content\/uploads\/2021\/10\/click-aqui.png"}},"isPlaceholder":false,"isOptimized":false,"isMuted":false,"provider":"local","isExternal":false},"type":"image","width":52,"height":51,"mask":{"type":"rectangle","showInLibrary":true,"name":"Rectangle","path":"M 0,0 1,0 1,1 0,1 0,0 Z","ratio":1,"supportsBorder":true},"basedOn":"ff931274-1fbf-4643-aab1-692e48ab9db7","x":335,"y":487,"id":"b9ae82de-c57f-4987-a4ac-26a9f25c01c3","link":{"url":"https:\/\/www.panoramamoveis.com.br?utm_source=web-stories","icon":"https:\/\/www.panoramamoveis.com.br\/blog-wp\/wp-content\/uploads\/2021\/11\/cropped-cropped-Panorama-03-scaled-3.jpg","desc":"Panorama M\u00f3veis: Loja Online de M\u00f3veis e Decora\u00e7\u00e3o"}},{"opacity":100,"flip":{"vertical":false,"horizontal":false},"rotationAngle":0,"lockAspectRatio":true,"scale":100,"focalX":50,"focalY":50,"resource":{"baseColor":"#d0c1b7","type":"image","mimeType":"image\/png","creationDate":"2021-09-24T21:09:53","src":"https:\/\/www.panoramamoveis.com.br\/blog-wp\/wp-content\/uploads\/2021\/09\/panorama-sem-fundo.png","width":500,"height":500,"id":451,"alt":"panorama sem fundo","sizes":{"medium":{"file":"panorama-sem-fundo-300x300.png","width":300,"height":300,"mimeType":"image\/png","sourceUrl":"https:\/\/www.panoramamoveis.com.br\/blog-wp\/wp-content\/uploads\/2021\/09\/panorama-sem-fundo-300x300.png"},"thumbnail":{"file":"panorama-sem-fundo-150x150.png","width":150,"height":150,"mimeType":"image\/png","sourceUrl":"https:\/\/www.panoramamoveis.com.br\/blog-wp\/wp-content\/uploads\/2021\/09\/panorama-sem-fundo-150x150.png"},"web-stories-publisher-logo":{"file":"panorama-sem-fundo-96x96.png","width":96,"height":96,"mimeType":"image\/png","sourceUrl":"https:\/\/www.panoramamoveis.com.br\/blog-wp\/wp-content\/uploads\/2021\/09\/panorama-sem-fundo-96x96.png"},"web-stories-thumbnail":{"file":"panorama-sem-fundo-150x150.png","width":150,"height":150,"mimeType":"image\/png","sourceUrl":"https:\/\/www.panoramamoveis.com.br\/blog-wp\/wp-content\/uploads\/2021\/09\/panorama-sem-fundo-150x150.png"},"full":{"file":"panorama-sem-fundo.png","width":500,"height":500,"mimeType":"image\/png","sourceUrl":"https:\/\/www.panoramamoveis.com.br\/blog-wp\/wp-content\/uploads\/2021\/09\/panorama-sem-fundo.png"}},"isPlaceholder":false,"isOptimized":false,"isMuted":false,"provider":"local","isExternal":false},"width":203,"height":203,"mask":{"type":"rectangle","showInLibrary":true,"name":"Rectangle","path":"M 0,0 1,0 1,1 0,1 0,0 Z","ratio":1,"supportsBorder":true},"type":"image","basedOn":"afa563fd-7f47-4f20-b23c-97943ac63b40","x":103,"y":472,"id":"e93d8fd0-edf5-47cc-a5fb-d42894479cdb"},{"opacity":100,"flip":{"vertical":false,"horizontal":false},"rotationAngle":0,"lockAspectRatio":true,"backgroundTextMode":"HIGHLIGHT","font":{"family":"Oswald"},"fontSize":24,"backgroundColor":{"color":{"r":163,"g":0,"b":3,"a":0.5}},"lineHeight":1.19,"textAlign":"initial","padding":{"locked":true,"hasHiddenPadding":true,"horizontal":8,"vertical":4},"type":"text","content":"<span style=\"font-weight: 700; color: #fff\">panoramamoveis.com.br<\/span>","borderRadius":{"locked":true,"topLeft":2,"topRight":2,"bottomRight":2,"bottomLeft":2},"x":56,"y":491,"width":258,"height":44,"id":"2a09327b-efa0-40c7-9c4b-d6302b5eec4a","link":{"needsProxy":false,"url":"https:\/\/www.panoramamoveis.com.br?utm_source=web-stories","rel":["noreferrer","noreferrer","noreferrer","noreferrer","noreferrer","noreferrer","noreferrer","noreferrer","noreferrer","noreferrer","noreferrer","noreferrer","noreferrer","noreferrer","noreferrer","noreferrer","noreferrer","noreferrer","noreferrer","noreferrer","noreferrer","noreferrer","noreferrer","noreferrer","noreferrer","noreferrer","noreferrer","noreferrer","noreferrer","noreferrer","noreferrer","noreferrer","noreferrer","noreferrer","noreferrer","noreferrer","noreferrer","noreferrer","noreferrer","noreferrer","noreferrer","noreferrer","noreferrer","noreferrer","noreferrer","noreferrer","noreferrer","noreferrer","noreferrer","noreferrer","noreferrer","noreferrer","noreferrer","noreferrer","noreferrer","noreferrer","noreferrer","noreferrer","noreferrer","noreferrer","noreferrer","noreferrer","noreferrer","noreferrer","noreferrer","noreferrer","noreferrer","noreferrer","noreferrer","noreferrer","noreferrer","noreferrer","noreferrer","noreferrer","noreferrer","noreferrer","noreferrer","noreferrer","noreferrer","noreferrer","noreferrer","noreferrer","noreferrer","noreferrer","noreferrer","noreferrer","noreferrer","noreferrer","noreferrer","noreferrer","noreferrer","noreferrer","noreferrer","noreferrer","noreferrer","noreferrer","noreferrer","noreferrer","noreferrer","noreferrer","noreferrer","noreferrer","noreferrer","noreferrer","noreferrer","noreferrer","noreferrer","noreferrer","noreferrer","noreferrer","noreferrer","noreferrer","noreferrer","noreferrer","noreferrer","noreferrer","noreferrer","noreferrer","noreferrer","noreferrer","noreferrer","noreferrer","noreferrer","noreferrer","noreferrer","noreferrer","noreferrer","noreferrer","noreferrer","noreferrer","noreferrer","noreferrer","noreferrer","noreferrer","noreferrer","noreferrer","noreferrer","noreferrer","noreferrer","noreferrer","noreferrer","noreferrer","noreferrer","noreferrer","noreferrer","noreferrer","noreferrer","noreferrer","noreferrer","noreferrer","noreferrer","noreferrer","noreferrer","noreferrer","noreferrer","noreferrer","noreferrer","noreferrer","noreferrer","noreferrer","noreferrer","noreferrer","noreferrer","noreferrer","noreferrer","noreferrer","noreferrer","noreferrer","noreferrer","noreferrer","noreferrer","noreferrer","noreferrer","noreferrer","noreferrer","noreferrer","noreferrer","noreferrer","noreferrer","noreferrer","noreferrer","noreferrer","noreferrer","noreferrer","noreferrer","noreferrer","noreferrer","noreferrer","noreferrer","noreferrer","noreferrer","noreferrer","noreferrer","noreferrer","noreferrer","noreferrer","noreferrer","noreferrer","noreferrer","noreferrer","noreferrer","noreferrer","noreferrer","noreferrer","noreferrer","noreferrer","noreferrer","noreferrer","noreferrer","noreferrer","noreferrer","noreferrer","noreferrer","noreferrer","noreferrer","noreferrer","noreferrer","noreferrer","noreferrer","noreferrer","noreferrer","noreferrer","noreferrer","noreferrer","noreferrer","noreferrer","noreferrer","noreferrer","noreferrer","noreferrer","noreferrer","noreferrer","noreferrer","noreferrer","noreferrer","noreferrer","noreferrer","noreferrer","noreferrer","noreferrer","noreferrer","noreferrer","noreferrer","noreferrer","noreferrer","noreferrer","noreferrer","noreferrer","noreferrer","noreferrer","noreferrer","noreferrer","noreferrer","noreferrer","noreferrer","noreferrer","noreferrer","noreferrer","noreferrer","noreferrer","noreferrer","noreferrer","noreferrer","noreferrer","noreferrer","noreferrer","noreferrer","noreferrer","noreferrer","noreferrer","noreferrer","noreferrer","noreferrer","noreferrer","noreferrer","noreferrer","noreferrer","noreferrer","noreferrer","noreferrer","noreferrer","noreferrer","noreferrer","noreferrer","noreferrer","noreferrer","noreferrer","noreferrer","noreferrer","noreferrer","noreferrer","noreferrer","noreferrer","noreferrer","noreferrer","noreferrer","noreferrer","noreferrer","noreferrer","noreferrer","noreferrer","noreferrer","noreferrer","noreferrer","noreferrer","noreferrer","noreferrer","noreferrer","noreferrer","noreferrer","noreferrer","noreferrer","noreferrer","noreferrer","noreferrer","noreferrer","noreferrer","noreferrer","noreferrer","noreferrer","noreferrer","noreferrer","noreferrer","noreferrer","noreferrer","noreferrer","noreferrer","noreferrer","noreferrer","noreferrer","noreferrer","noreferrer","noreferrer","noreferrer","noreferrer","noreferrer","noreferrer","noreferrer","noreferrer","noreferrer","noreferrer","noreferrer","noreferrer","noreferrer","noreferrer","noreferrer","noreferrer","noreferrer","noreferrer","noreferrer","noreferrer","noreferrer","noreferrer","noreferrer","noreferrer","noreferrer","noreferrer","noreferrer","noreferrer","noreferrer","noreferrer","noreferrer","noreferrer","noreferrer","noreferrer","noreferrer","noreferrer","noreferrer","noreferrer","noreferrer","noreferrer","noreferrer","noreferrer","noreferrer","noreferrer","noreferrer","noreferrer","noreferrer","noreferrer","noreferrer","noreferrer","noreferrer","noreferrer","noreferrer","noreferrer","noreferrer","noreferrer","noreferrer","noreferrer","noreferrer","noreferrer","noreferrer","noreferrer","noreferrer","noreferrer","noreferrer","noreferrer","noreferrer","noreferrer","noreferrer","noreferrer","noreferrer","noreferrer","noreferrer","noreferrer","noreferrer","noreferrer","noreferrer","noreferrer","noreferrer","noreferrer","noreferrer","noreferrer","noreferrer","noreferrer","noreferrer","noreferrer","noreferrer","noreferrer","noreferrer","noreferrer","noreferrer","noreferrer","noreferrer","noreferrer","noreferrer","noreferrer","noreferrer","noreferrer","noreferrer","noreferrer","noreferrer","noreferrer","noreferrer","noreferrer","noreferrer","noreferrer","noreferrer","noreferrer","noreferrer","noreferrer","noreferrer","noreferrer","noreferrer","noreferrer","noreferrer","noreferrer","noreferrer","noreferrer","noreferrer","noreferrer","noreferrer","noreferrer","noreferrer","noreferrer","noreferrer","noreferrer","noreferrer","noreferrer","noreferrer","noreferrer","noreferrer","noreferrer","noreferrer","noreferrer","noreferrer","noreferrer","noreferrer","noreferrer","noreferrer","noreferrer","noreferrer","noreferrer","noreferrer","noreferrer","noreferrer","noreferrer","noreferrer","noreferrer","noreferrer","noreferrer","noreferrer","noreferrer","noreferrer","noreferrer","noreferrer","noreferrer","noreferrer","noreferrer","noreferrer","noreferrer","noreferrer","noreferrer","noreferrer","noreferrer","noreferrer","noreferrer","noreferrer","noreferrer","noreferrer","noreferrer","noreferrer","noreferrer","noreferrer","noreferrer","noreferrer","noreferrer","noreferrer","noreferrer","noreferrer","noreferrer","noreferrer","noreferrer","noreferrer","noreferrer","noreferrer","noreferrer","noreferrer","noreferrer","noreferrer","noreferrer","noreferrer","noreferrer","noreferrer","noreferrer","noreferrer","noreferrer","noreferrer","noreferrer","noreferrer","noreferrer"],"icon":"https:\/\/www.panoramamoveis.com.br\/blog-wp\/wp-content\/uploads\/2021\/11\/cropped-cropped-Panorama-03-scaled-3.jpg","desc":"Panorama M\u00f3veis: Loja Online de M\u00f3veis e Decora\u00e7\u00e3o"},"marginOffset":-7.299999999999997}],"animations":[{"targets":["b9ae82de-c57f-4987-a4ac-26a9f25c01c3"],"id":"f5ee1159-47f4-4ece-b5dd-055da9f0a501","type":"effect-pulse","scale":0.5,"iterations":1,"duration":1450,"delay":0},{"id":"eee5fa4d-bff0-43eb-b28b-b867a247dc1f","type":"effect-whoosh-in","whooshInDir":"leftToRight","duration":600,"delay":0,"targets":["2a09327b-efa0-40c7-9c4b-d6302b5eec4a"]}],"backgroundColor":{"color":{"r":255,"g":255,"b":255}},"type":"page","id":"cf3f0ee3-4f14-4a21-b304-7d1029fa044c","defaultBackgroundElement":{"opacity":100,"flip":{"vertical":false,"horizontal":false},"rotationAngle":0,"lockAspectRatio":true,"x":1,"y":1,"width":1,"height":1,"mask":{"type":"rectangle"},"isBackground":true,"isDefaultBackground":true,"type":"shape","id":"a8c80173-9ac5-4023-87d5-f08fb27f6c35"}},{"elements":[{"opacity":100,"flip":{"vertical":false,"horizontal":false},"rotationAngle":0,"lockAspectRatio":true,"x":48,"y":0,"width":330,"height":586,"mask":{"type":"rectangle"},"isBackground":true,"type":"image","id":"1628da2f-0e99-4b22-9066-ceb9012f2f56","scale":100,"focalX":50,"focalY":50,"resource":{"baseColor":"#aa0404","type":"image","mimeType":"image\/jpeg","creationDate":"2021-12-15T19:42:20","src":"https:\/\/www.panoramamoveis.com.br\/blog-wp\/wp-content\/uploads\/2021\/12\/Panorama-escrivaninha-9.jpg","width":1080,"height":1920,"id":3286,"alt":"Panorama escrivaninha (9)","sizes":{"medium":{"file":"Panorama-escrivaninha-9-169x300.jpg","width":169,"height":300,"mimeType":"image\/jpeg","sourceUrl":"https:\/\/www.panoramamoveis.com.br\/blog-wp\/wp-content\/uploads\/2021\/12\/Panorama-escrivaninha-9-169x300.jpg"},"large":{"file":"Panorama-escrivaninha-9-576x1024.jpg","width":576,"height":1024,"mimeType":"image\/jpeg","sourceUrl":"https:\/\/www.panoramamoveis.com.br\/blog-wp\/wp-content\/uploads\/2021\/12\/Panorama-escrivaninha-9-576x1024.jpg"},"thumbnail":{"file":"Panorama-escrivaninha-9-150x150.jpg","width":150,"height":150,"mimeType":"image\/jpeg","sourceUrl":"https:\/\/www.panoramamoveis.com.br\/blog-wp\/wp-content\/uploads\/2021\/12\/Panorama-escrivaninha-9-150x150.jpg"},"medium_large":{"file":"Panorama-escrivaninha-9-768x1365.jpg","width":768,"height":1365,"mimeType":"image\/jpeg","sourceUrl":"https:\/\/www.panoramamoveis.com.br\/blog-wp\/wp-content\/uploads\/2021\/12\/Panorama-escrivaninha-9-768x1365.jpg"},"1536x1536":{"file":"Panorama-escrivaninha-9-864x1536.jpg","width":864,"height":1536,"mimeType":"image\/jpeg","sourceUrl":"https:\/\/www.panoramamoveis.com.br\/blog-wp\/wp-content\/uploads\/2021\/12\/Panorama-escrivaninha-9-864x1536.jpg"},"web-stories-poster-portrait":{"file":"Panorama-escrivaninha-9-640x853.jpg","width":640,"height":853,"mimeType":"image\/jpeg","sourceUrl":"https:\/\/www.panoramamoveis.com.br\/blog-wp\/wp-content\/uploads\/2021\/12\/Panorama-escrivaninha-9-640x853.jpg"},"web-stories-publisher-logo":{"file":"Panorama-escrivaninha-9-96x96.jpg","width":96,"height":96,"mimeType":"image\/jpeg","sourceUrl":"https:\/\/www.panoramamoveis.com.br\/blog-wp\/wp-content\/uploads\/2021\/12\/Panorama-escrivaninha-9-96x96.jpg"},"web-stories-thumbnail":{"file":"Panorama-escrivaninha-9-150x267.jpg","width":150,"height":267,"mimeType":"image\/jpeg","sourceUrl":"https:\/\/www.panoramamoveis.com.br\/blog-wp\/wp-content\/uploads\/2021\/12\/Panorama-escrivaninha-9-150x267.jpg"},"full":{"file":"Panorama-escrivaninha-9.jpg","width":1080,"height":1920,"mimeType":"image\/jpeg","sourceUrl":"https:\/\/www.panoramamoveis.com.br\/blog-wp\/wp-content\/uploads\/2021\/12\/Panorama-escrivaninha-9.jpg"}},"isPlaceholder":false,"isOptimized":false,"isMuted":false,"isExternal":false,"needsProxy":false,"provider":"local"},"basedOn":"75808ddf-12ac-44cb-b520-2a3e88c53ff3","alt":"p\u00e1gina com as Redes Sociais da Panorama Moveis"},{"opacity":100,"flip":{"vertical":false,"horizontal":false},"rotationAngle":0,"lockAspectRatio":true,"scale":100,"focalX":50,"focalY":50,"resource":{"baseColor":"#d0c1b7","type":"image","mimeType":"image\/png","creationDate":"2021-09-24T21:09:53","src":"https:\/\/www.panoramamoveis.com.br\/blog-wp\/wp-content\/uploads\/2021\/09\/panorama-sem-fundo.png","width":500,"height":500,"id":451,"alt":"panorama sem fundo","sizes":{"medium":{"file":"panorama-sem-fundo-300x300.png","width":300,"height":300,"mimeType":"image\/png","sourceUrl":"https:\/\/www.panoramamoveis.com.br\/blog-wp\/wp-content\/uploads\/2021\/09\/panorama-sem-fundo-300x300.png"},"thumbnail":{"file":"panorama-sem-fundo-150x150.png","width":150,"height":150,"mimeType":"image\/png","sourceUrl":"https:\/\/www.panoramamoveis.com.br\/blog-wp\/wp-content\/uploads\/2021\/09\/panorama-sem-fundo-150x150.png"},"web-stories-publisher-logo":{"file":"panorama-sem-fundo-96x96.png","width":96,"height":96,"mimeType":"image\/png","sourceUrl":"https:\/\/www.panoramamoveis.com.br\/blog-wp\/wp-content\/uploads\/2021\/09\/panorama-sem-fundo-96x96.png"},"web-stories-thumbnail":{"file":"panorama-sem-fundo-150x150.png","width":150,"height":150,"mimeType":"image\/png","sourceUrl":"https:\/\/www.panoramamoveis.com.br\/blog-wp\/wp-content\/uploads\/2021\/09\/panorama-sem-fundo-150x150.png"},"full":{"file":"panorama-sem-fundo.png","width":500,"height":500,"mimeType":"image\/png","sourceUrl":"https:\/\/www.panoramamoveis.com.br\/blog-wp\/wp-content\/uploads\/2021\/09\/panorama-sem-fundo.png"}},"isPlaceholder":false,"isOptimized":false,"isMuted":false,"provider":"local","isExternal":false},"width":221,"height":221,"mask":{"type":"rectangle","showInLibrary":true,"name":"Rectangle","path":"M 0,0 1,0 1,1 0,1 0,0 Z","ratio":1,"supportsBorder":true},"type":"image","basedOn":"7ba25700-0940-4984-8a68-260461f0cada","x":93,"y":473,"link":null,"id":"35f0f6c3-9f2b-45cf-aba7-b81f2778a037"},{"opacity":100,"flip":{"vertical":false,"horizontal":false},"rotationAngle":0,"lockAspectRatio":true,"backgroundTextMode":"FILL","font":{"family":"Anton"},"fontSize":30,"backgroundColor":{"color":{"r":255,"g":255,"b":255,"a":0.5}},"lineHeight":1.19,"textAlign":"center","padding":{"locked":true,"hasHiddenPadding":true,"horizontal":8,"vertical":4},"type":"text","content":"<span style=\"color: #e23b40\">CLIQUE E&nbsp;<\/span>\n<span style=\"color: #e23b40\">CONFIRA AS&nbsp;<\/span>\n<span style=\"color: #e23b40\">REDES SOCIAIS DA PANORAMA M\u00d3VEIS<\/span>","borderRadius":{"locked":true,"topLeft":2,"topRight":2,"bottomRight":2,"bottomLeft":2},"x":48,"y":0,"width":313,"height":162,"id":"119e1913-6e36-4bbb-b2b4-4fde3e39d283"},{"opacity":100,"flip":{"vertical":false,"horizontal":false},"rotationAngle":0,"lockAspectRatio":true,"scale":102.82759885554987,"focalX":48.6250778550601,"focalY":49.90738890551466,"resource":{"baseColor":"#f9f6f4","type":"image","mimeType":"image\/png","creationDate":"2021-11-05T00:41:18","src":"https:\/\/www.panoramamoveis.com.br\/blog-wp\/wp-content\/uploads\/2021\/11\/INSTAGRAM.png","width":3240,"height":5760,"id":1839,"alt":"INSTAGRAM","sizes":{"medium":{"file":"INSTAGRAM-169x300.png","width":169,"height":300,"mimeType":"image\/png","sourceUrl":"https:\/\/www.panoramamoveis.com.br\/blog-wp\/wp-content\/uploads\/2021\/11\/INSTAGRAM-169x300.png"},"large":{"file":"INSTAGRAM-576x1024.png","width":576,"height":1024,"mimeType":"image\/png","sourceUrl":"https:\/\/www.panoramamoveis.com.br\/blog-wp\/wp-content\/uploads\/2021\/11\/INSTAGRAM-576x1024.png"},"thumbnail":{"file":"INSTAGRAM-150x150.png","width":150,"height":150,"mimeType":"image\/png","sourceUrl":"https:\/\/www.panoramamoveis.com.br\/blog-wp\/wp-content\/uploads\/2021\/11\/INSTAGRAM-150x150.png"},"medium_large":{"file":"INSTAGRAM-768x1365.png","width":768,"height":1365,"mimeType":"image\/png","sourceUrl":"https:\/\/www.panoramamoveis.com.br\/blog-wp\/wp-content\/uploads\/2021\/11\/INSTAGRAM-768x1365.png"},"1536x1536":{"file":"INSTAGRAM-864x1536.png","width":864,"height":1536,"mimeType":"image\/png","sourceUrl":"https:\/\/www.panoramamoveis.com.br\/blog-wp\/wp-content\/uploads\/2021\/11\/INSTAGRAM-864x1536.png"},"2048x2048":{"file":"INSTAGRAM-1152x2048.png","width":1152,"height":2048,"mimeType":"image\/png","sourceUrl":"https:\/\/www.panoramamoveis.com.br\/blog-wp\/wp-content\/uploads\/2021\/11\/INSTAGRAM-1152x2048.png"},"post-thumbnail":{"file":"INSTAGRAM-1200x2133.png","width":1200,"height":2133,"mimeType":"image\/png","sourceUrl":"https:\/\/www.panoramamoveis.com.br\/blog-wp\/wp-content\/uploads\/2021\/11\/INSTAGRAM-1200x2133.png"},"twentytwenty-fullscreen":{"file":"INSTAGRAM-1980x3520.png","width":1980,"height":3520,"mimeType":"image\/png","sourceUrl":"https:\/\/www.panoramamoveis.com.br\/blog-wp\/wp-content\/uploads\/2021\/11\/INSTAGRAM-1980x3520.png"},"web-stories-poster-portrait":{"file":"INSTAGRAM-640x853.png","width":640,"height":853,"mimeType":"image\/png","sourceUrl":"https:\/\/www.panoramamoveis.com.br\/blog-wp\/wp-content\/uploads\/2021\/11\/INSTAGRAM-640x853.png"},"web-stories-publisher-logo":{"file":"INSTAGRAM-96x96.png","width":96,"height":96,"mimeType":"image\/png","sourceUrl":"https:\/\/www.panoramamoveis.com.br\/blog-wp\/wp-content\/uploads\/2021\/11\/INSTAGRAM-96x96.png"},"web-stories-thumbnail":{"file":"INSTAGRAM-150x267.png","width":150,"height":267,"mimeType":"image\/png","sourceUrl":"https:\/\/www.panoramamoveis.com.br\/blog-wp\/wp-content\/uploads\/2021\/11\/INSTAGRAM-150x267.png"},"full":{"file":"INSTAGRAM.png","width":3240,"height":5760,"mimeType":"image\/png","sourceUrl":"https:\/\/www.panoramamoveis.com.br\/blog-wp\/wp-content\/uploads\/2021\/11\/INSTAGRAM.png"}},"isPlaceholder":false,"isOptimized":false,"isMuted":false,"isExternal":false,"provider":"local"},"type":"image","x":159,"y":271,"width":62,"height":78,"mask":{"type":"rectangle","showInLibrary":true,"name":"Ret\u00e2ngulo","path":"M 0,0 1,0 1,1 0,1 0,0 Z","ratio":1,"supportsBorder":true},"id":"d9674f81-16f1-444d-bf9a-de9a7a788d29","resizeWidth":177.203,"resizeHeight":221.82524,"link":{"url":"https:\/\/www.instagram.com\/panoramamoveis\/ ","icon":null,"desc":null}},{"opacity":100,"flip":{"vertical":false,"horizontal":false},"rotationAngle":0,"lockAspectRatio":true,"scale":100,"focalX":50,"focalY":50,"resource":{"baseColor":"#343333","type":"image","mimeType":"image\/png","creationDate":"2021-11-05T00:52:33","src":"https:\/\/www.panoramamoveis.com.br\/blog-wp\/wp-content\/uploads\/2021\/11\/FACEBOOK.png","width":3240,"height":5760,"id":1850,"alt":"FACEBOOK","sizes":{"medium":{"file":"FACEBOOK-169x300.png","width":169,"height":300,"mimeType":"image\/png","sourceUrl":"https:\/\/www.panoramamoveis.com.br\/blog-wp\/wp-content\/uploads\/2021\/11\/FACEBOOK-169x300.png"},"large":{"file":"FACEBOOK-576x1024.png","width":576,"height":1024,"mimeType":"image\/png","sourceUrl":"https:\/\/www.panoramamoveis.com.br\/blog-wp\/wp-content\/uploads\/2021\/11\/FACEBOOK-576x1024.png"},"thumbnail":{"file":"FACEBOOK-150x150.png","width":150,"height":150,"mimeType":"image\/png","sourceUrl":"https:\/\/www.panoramamoveis.com.br\/blog-wp\/wp-content\/uploads\/2021\/11\/FACEBOOK-150x150.png"},"medium_large":{"file":"FACEBOOK-768x1365.png","width":768,"height":1365,"mimeType":"image\/png","sourceUrl":"https:\/\/www.panoramamoveis.com.br\/blog-wp\/wp-content\/uploads\/2021\/11\/FACEBOOK-768x1365.png"},"1536x1536":{"file":"FACEBOOK-864x1536.png","width":864,"height":1536,"mimeType":"image\/png","sourceUrl":"https:\/\/www.panoramamoveis.com.br\/blog-wp\/wp-content\/uploads\/2021\/11\/FACEBOOK-864x1536.png"},"2048x2048":{"file":"FACEBOOK-1152x2048.png","width":1152,"height":2048,"mimeType":"image\/png","sourceUrl":"https:\/\/www.panoramamoveis.com.br\/blog-wp\/wp-content\/uploads\/2021\/11\/FACEBOOK-1152x2048.png"},"post-thumbnail":{"file":"FACEBOOK-1200x2133.png","width":1200,"height":2133,"mimeType":"image\/png","sourceUrl":"https:\/\/www.panoramamoveis.com.br\/blog-wp\/wp-content\/uploads\/2021\/11\/FACEBOOK-1200x2133.png"},"twentytwenty-fullscreen":{"file":"FACEBOOK-1980x3520.png","width":1980,"height":3520,"mimeType":"image\/png","sourceUrl":"https:\/\/www.panoramamoveis.com.br\/blog-wp\/wp-content\/uploads\/2021\/11\/FACEBOOK-1980x3520.png"},"web-stories-poster-portrait":{"file":"FACEBOOK-640x853.png","width":640,"height":853,"mimeType":"image\/png","sourceUrl":"https:\/\/www.panoramamoveis.com.br\/blog-wp\/wp-content\/uploads\/2021\/11\/FACEBOOK-640x853.png"},"web-stories-publisher-logo":{"file":"FACEBOOK-96x96.png","width":96,"height":96,"mimeType":"image\/png","sourceUrl":"https:\/\/www.panoramamoveis.com.br\/blog-wp\/wp-content\/uploads\/2021\/11\/FACEBOOK-96x96.png"},"web-stories-thumbnail":{"file":"FACEBOOK-150x267.png","width":150,"height":267,"mimeType":"image\/png","sourceUrl":"https:\/\/www.panoramamoveis.com.br\/blog-wp\/wp-content\/uploads\/2021\/11\/FACEBOOK-150x267.png"},"full":{"file":"FACEBOOK.png","width":3240,"height":5760,"mimeType":"image\/png","sourceUrl":"https:\/\/www.panoramamoveis.com.br\/blog-wp\/wp-content\/uploads\/2021\/11\/FACEBOOK.png"}},"isPlaceholder":false,"isOptimized":false,"isMuted":false,"isExternal":false,"provider":"local"},"type":"image","x":157,"y":151,"width":65,"height":111,"mask":{"type":"rectangle","showInLibrary":true,"name":"Ret\u00e2ngulo","path":"M 0,0 1,0 1,1 0,1 0,0 Z","ratio":1,"supportsBorder":true},"id":"ecdffeef-58af-4079-9d6f-1d2c5968736b","link":{"url":"https:\/\/www.facebook.com\/Panoramamoveis\/","icon":"https:\/\/www.panoramamoveis.com.br\/blog-wp\/wp-content\/uploads\/2021\/11\/cropped-Panorama-03-scaled-3.jpg","desc":"Facebook"}},{"opacity":100,"flip":{"vertical":false,"horizontal":false},"rotationAngle":0,"lockAspectRatio":false,"scale":100,"focalX":50,"focalY":50,"resource":{"baseColor":"#ffffff","type":"image","mimeType":"image\/png","creationDate":"2021-11-05T00:41:28","src":"https:\/\/www.panoramamoveis.com.br\/blog-wp\/wp-content\/uploads\/2021\/11\/PINTEREST.png","width":3240,"height":5760,"id":1840,"alt":"PINTEREST","sizes":{"medium":{"file":"PINTEREST-169x300.png","width":169,"height":300,"mimeType":"image\/png","sourceUrl":"https:\/\/www.panoramamoveis.com.br\/blog-wp\/wp-content\/uploads\/2021\/11\/PINTEREST-169x300.png"},"large":{"file":"PINTEREST-576x1024.png","width":576,"height":1024,"mimeType":"image\/png","sourceUrl":"https:\/\/www.panoramamoveis.com.br\/blog-wp\/wp-content\/uploads\/2021\/11\/PINTEREST-576x1024.png"},"thumbnail":{"file":"PINTEREST-150x150.png","width":150,"height":150,"mimeType":"image\/png","sourceUrl":"https:\/\/www.panoramamoveis.com.br\/blog-wp\/wp-content\/uploads\/2021\/11\/PINTEREST-150x150.png"},"medium_large":{"file":"PINTEREST-768x1365.png","width":768,"height":1365,"mimeType":"image\/png","sourceUrl":"https:\/\/www.panoramamoveis.com.br\/blog-wp\/wp-content\/uploads\/2021\/11\/PINTEREST-768x1365.png"},"1536x1536":{"file":"PINTEREST-864x1536.png","width":864,"height":1536,"mimeType":"image\/png","sourceUrl":"https:\/\/www.panoramamoveis.com.br\/blog-wp\/wp-content\/uploads\/2021\/11\/PINTEREST-864x1536.png"},"2048x2048":{"file":"PINTEREST-1152x2048.png","width":1152,"height":2048,"mimeType":"image\/png","sourceUrl":"https:\/\/www.panoramamoveis.com.br\/blog-wp\/wp-content\/uploads\/2021\/11\/PINTEREST-1152x2048.png"},"post-thumbnail":{"file":"PINTEREST-1200x2133.png","width":1200,"height":2133,"mimeType":"image\/png","sourceUrl":"https:\/\/www.panoramamoveis.com.br\/blog-wp\/wp-content\/uploads\/2021\/11\/PINTEREST-1200x2133.png"},"twentytwenty-fullscreen":{"file":"PINTEREST-1980x3520.png","width":1980,"height":3520,"mimeType":"image\/png","sourceUrl":"https:\/\/www.panoramamoveis.com.br\/blog-wp\/wp-content\/uploads\/2021\/11\/PINTEREST-1980x3520.png"},"web-stories-poster-portrait":{"file":"PINTEREST-640x853.png","width":640,"height":853,"mimeType":"image\/png","sourceUrl":"https:\/\/www.panoramamoveis.com.br\/blog-wp\/wp-content\/uploads\/2021\/11\/PINTEREST-640x853.png"},"web-stories-publisher-logo":{"file":"PINTEREST-96x96.png","width":96,"height":96,"mimeType":"image\/png","sourceUrl":"https:\/\/www.panoramamoveis.com.br\/blog-wp\/wp-content\/uploads\/2021\/11\/PINTEREST-96x96.png"},"web-stories-thumbnail":{"file":"PINTEREST-150x267.png","width":150,"height":267,"mimeType":"image\/png","sourceUrl":"https:\/\/www.panoramamoveis.com.br\/blog-wp\/wp-content\/uploads\/2021\/11\/PINTEREST-150x267.png"},"full":{"file":"PINTEREST.png","width":3240,"height":5760,"mimeType":"image\/png","sourceUrl":"https:\/\/www.panoramamoveis.com.br\/blog-wp\/wp-content\/uploads\/2021\/11\/PINTEREST.png"}},"isPlaceholder":false,"isOptimized":false,"isMuted":false,"isExternal":false,"provider":"local"},"type":"image","x":160,"y":359,"width":61,"height":97,"mask":{"type":"rectangle","showInLibrary":true,"name":"Ret\u00e2ngulo","path":"M 0,0 1,0 1,1 0,1 0,0 Z","ratio":1,"supportsBorder":true},"id":"06e3e78d-2ac9-4d6a-8a24-73b6ea35f6a5","link":{"url":"https:\/\/br.pinterest.com\/panoramamoveis\/_shop\/ ","icon":null,"desc":null}},{"opacity":100,"flip":{"vertical":false,"horizontal":false},"rotationAngle":0,"lockAspectRatio":true,"backgroundTextMode":"FILL","font":{"family":"Roboto"},"fontSize":20,"backgroundColor":{"color":{"r":163,"g":0,"b":3,"a":1}},"lineHeight":1.2,"textAlign":"center","padding":{"locked":true,"hasHiddenPadding":true,"horizontal":8,"vertical":4},"type":"text","content":"<span style=\"font-weight: 700; color: #fff\">CONTE\u00daDO PARA VOC\u00ca TRANSFORMAR TODA A SUA CASA<\/span>","borderRadius":{"locked":true,"topLeft":2,"topRight":2,"bottomRight":2,"bottomLeft":2},"x":38,"y":466,"width":326,"height":79,"id":"95494a0a-d0a6-41e1-9b1b-3c6e7d42a128"}],"animations":[],"backgroundColor":{"color":{"r":255,"g":255,"b":255}},"type":"page","id":"ed2148c0-dd36-4583-9881-6e026d7c8ebd","defaultBackgroundElement":{"opacity":100,"flip":{"vertical":false,"horizontal":false},"rotationAngle":0,"lockAspectRatio":true,"x":1,"y":1,"width":1,"height":1,"mask":{"type":"rectangle"},"isBackground":true,"isDefaultBackground":true,"type":"shape","id":"a8c80173-9ac5-4023-87d5-f08fb27f6c35"}},{"elements":[{"opacity":100,"flip":{"vertical":false,"horizontal":false},"rotationAngle":0,"lockAspectRatio":true,"x":48,"y":0,"width":330,"height":586,"mask":{"type":"rectangle"},"isBackground":true,"type":"image","id":"edc5d4dd-104c-46e2-8704-456eea40e721","scale":100,"focalX":50,"focalY":50,"resource":{"baseColor":"#aa0404","type":"image","mimeType":"image\/jpeg","creationDate":"2021-12-15T19:42:20","src":"https:\/\/www.panoramamoveis.com.br\/blog-wp\/wp-content\/uploads\/2021\/12\/Panorama-escrivaninha-9.jpg","width":1080,"height":1920,"id":3286,"alt":"Panorama escrivaninha (9)","sizes":{"medium":{"file":"Panorama-escrivaninha-9-169x300.jpg","width":169,"height":300,"mimeType":"image\/jpeg","sourceUrl":"https:\/\/www.panoramamoveis.com.br\/blog-wp\/wp-content\/uploads\/2021\/12\/Panorama-escrivaninha-9-169x300.jpg"},"large":{"file":"Panorama-escrivaninha-9-576x1024.jpg","width":576,"height":1024,"mimeType":"image\/jpeg","sourceUrl":"https:\/\/www.panoramamoveis.com.br\/blog-wp\/wp-content\/uploads\/2021\/12\/Panorama-escrivaninha-9-576x1024.jpg"},"thumbnail":{"file":"Panorama-escrivaninha-9-150x150.jpg","width":150,"height":150,"mimeType":"image\/jpeg","sourceUrl":"https:\/\/www.panoramamoveis.com.br\/blog-wp\/wp-content\/uploads\/2021\/12\/Panorama-escrivaninha-9-150x150.jpg"},"medium_large":{"file":"Panorama-escrivaninha-9-768x1365.jpg","width":768,"height":1365,"mimeType":"image\/jpeg","sourceUrl":"https:\/\/www.panoramamoveis.com.br\/blog-wp\/wp-content\/uploads\/2021\/12\/Panorama-escrivaninha-9-768x1365.jpg"},"1536x1536":{"file":"Panorama-escrivaninha-9-864x1536.jpg","width":864,"height":1536,"mimeType":"image\/jpeg","sourceUrl":"https:\/\/www.panoramamoveis.com.br\/blog-wp\/wp-content\/uploads\/2021\/12\/Panorama-escrivaninha-9-864x1536.jpg"},"web-stories-poster-portrait":{"file":"Panorama-escrivaninha-9-640x853.jpg","width":640,"height":853,"mimeType":"image\/jpeg","sourceUrl":"https:\/\/www.panoramamoveis.com.br\/blog-wp\/wp-content\/uploads\/2021\/12\/Panorama-escrivaninha-9-640x853.jpg"},"web-stories-publisher-logo":{"file":"Panorama-escrivaninha-9-96x96.jpg","width":96,"height":96,"mimeType":"image\/jpeg","sourceUrl":"https:\/\/www.panoramamoveis.com.br\/blog-wp\/wp-content\/uploads\/2021\/12\/Panorama-escrivaninha-9-96x96.jpg"},"web-stories-thumbnail":{"file":"Panorama-escrivaninha-9-150x267.jpg","width":150,"height":267,"mimeType":"image\/jpeg","sourceUrl":"https:\/\/www.panoramamoveis.com.br\/blog-wp\/wp-content\/uploads\/2021\/12\/Panorama-escrivaninha-9-150x267.jpg"},"full":{"file":"Panorama-escrivaninha-9.jpg","width":1080,"height":1920,"mimeType":"image\/jpeg","sourceUrl":"https:\/\/www.panoramamoveis.com.br\/blog-wp\/wp-content\/uploads\/2021\/12\/Panorama-escrivaninha-9.jpg"}},"isPlaceholder":false,"isOptimized":false,"isMuted":false,"isExternal":false,"needsProxy":false,"provider":"local"}},{"opacity":100,"flip":{"vertical":false,"horizontal":false},"rotationAngle":0,"lockAspectRatio":true,"backgroundTextMode":"NONE","font":{"family":"Anton"},"fontSize":40,"backgroundColor":{"color":{"r":196,"g":196,"b":196}},"lineHeight":1,"textAlign":"center","padding":{"horizontal":0,"vertical":0},"width":300,"height":140,"content":"<span style=\"color: #e23b40\">Voc\u00ea tamb\u00e9m pode gostar desses artigos:&nbsp;<\/span>","type":"text","marginOffset":0,"basedOn":"ea464837-bf0a-41b7-b279-dd02dd565399","x":56,"y":8,"id":"12cac4a5-6139-4484-a353-9f265d6930f8","link":null},{"opacity":100,"flip":{"vertical":false,"horizontal":false},"rotationAngle":0,"lockAspectRatio":true,"scale":100,"focalX":50,"focalY":50,"resource":{"baseColor":"#baab9f","blurHash":"U7LNPl004TIo_NW.wzxY00%2tlM{RqM{E1xu","type":"image","mimeType":"image\/png","creationDate":"2022-06-27T23:27:51","src":"https:\/\/www.panoramamoveis.com.br\/blog-wp\/wp-content\/uploads\/2022\/06\/DECORAC\u0327A\u0303O-DE-PAREDE-.png","width":640,"height":853,"id":5941,"alt":"DECORAC\u0327A\u0303O DE PAREDE","sizes":{"medium":{"file":"DECORAC\u0327A\u0303O-DE-PAREDE--225x300.png","width":225,"height":300,"filesize":75023,"mimeType":"image\/png","sourceUrl":"https:\/\/www.panoramamoveis.com.br\/blog-wp\/wp-content\/uploads\/2022\/06\/DECORAC\u0327A\u0303O-DE-PAREDE--225x300.png"},"thumbnail":{"file":"DECORAC\u0327A\u0303O-DE-PAREDE--150x150.png","width":150,"height":150,"filesize":26374,"mimeType":"image\/png","sourceUrl":"https:\/\/www.panoramamoveis.com.br\/blog-wp\/wp-content\/uploads\/2022\/06\/DECORAC\u0327A\u0303O-DE-PAREDE--150x150.png"},"web-stories-publisher-logo":{"file":"DECORAC\u0327A\u0303O-DE-PAREDE--96x96.png","width":96,"height":96,"filesize":11787,"mimeType":"image\/png","sourceUrl":"https:\/\/www.panoramamoveis.com.br\/blog-wp\/wp-content\/uploads\/2022\/06\/DECORAC\u0327A\u0303O-DE-PAREDE--96x96.png"},"web-stories-thumbnail":{"file":"DECORAC\u0327A\u0303O-DE-PAREDE--150x200.png","width":150,"height":200,"filesize":35145,"mimeType":"image\/png","sourceUrl":"https:\/\/www.panoramamoveis.com.br\/blog-wp\/wp-content\/uploads\/2022\/06\/DECORAC\u0327A\u0303O-DE-PAREDE--150x200.png"},"full":{"file":"DECORAC\u0327A\u0303O-DE-PAREDE-.png","width":640,"height":853,"mimeType":"image\/png","sourceUrl":"https:\/\/www.panoramamoveis.com.br\/blog-wp\/wp-content\/uploads\/2022\/06\/DECORAC\u0327A\u0303O-DE-PAREDE-.png"}},"isPlaceholder":false,"isOptimized":false,"isMuted":false,"isExternal":false,"needsProxy":false},"type":"image","x":56,"y":188,"width":146,"height":150,"mask":{"type":"rectangle","showInLibrary":true,"name":"Ret\u00e2ngulo","path":"M 0,0 1,0 1,1 0,1 0,0 Z","ratio":1,"supportsBorder":true},"id":"51e3ffb3-8b33-4918-a008-89f5977154a7","link":{"needsProxy":false,"url":"https:\/\/www.panoramamoveis.com.br\/blog-wp\/web-stories\/os-perigos-da-automedicacao\/","rel":[],"type":"regular","pageId":null,"icon":"","desc":""}},{"opacity":100,"flip":{"vertical":false,"horizontal":false},"rotationAngle":0,"lockAspectRatio":true,"scale":100,"focalX":50,"focalY":50,"resource":{"baseColor":"#ccc4be","blurHash":"UZOWg6D%X9IU~qM_oyWA.8%MsmoeSOozM{oz","type":"image","mimeType":"image\/png","creationDate":"2022-07-17T14:39:25","src":"https:\/\/www.panoramamoveis.com.br\/blog-wp\/wp-content\/uploads\/2022\/07\/CAPA-PAPEL-DE-PAREDE.png","width":640,"height":853,"id":6274,"alt":"CAPA - PAPEL DE PAREDE","sizes":{"medium":{"file":"CAPA-PAPEL-DE-PAREDE-225x300.png","width":225,"height":300,"filesize":79890,"mimeType":"image\/png","sourceUrl":"https:\/\/www.panoramamoveis.com.br\/blog-wp\/wp-content\/uploads\/2022\/07\/CAPA-PAPEL-DE-PAREDE-225x300.png"},"thumbnail":{"file":"CAPA-PAPEL-DE-PAREDE-150x150.png","width":150,"height":150,"filesize":31347,"mimeType":"image\/png","sourceUrl":"https:\/\/www.panoramamoveis.com.br\/blog-wp\/wp-content\/uploads\/2022\/07\/CAPA-PAPEL-DE-PAREDE-150x150.png"},"web-stories-publisher-logo":{"file":"CAPA-PAPEL-DE-PAREDE-96x96.png","width":96,"height":96,"filesize":14198,"mimeType":"image\/png","sourceUrl":"https:\/\/www.panoramamoveis.com.br\/blog-wp\/wp-content\/uploads\/2022\/07\/CAPA-PAPEL-DE-PAREDE-96x96.png"},"web-stories-thumbnail":{"file":"CAPA-PAPEL-DE-PAREDE-150x200.png","width":150,"height":200,"filesize":37672,"mimeType":"image\/png","sourceUrl":"https:\/\/www.panoramamoveis.com.br\/blog-wp\/wp-content\/uploads\/2022\/07\/CAPA-PAPEL-DE-PAREDE-150x200.png"},"full":{"file":"CAPA-PAPEL-DE-PAREDE.png","width":640,"height":853,"mimeType":"image\/png","sourceUrl":"https:\/\/www.panoramamoveis.com.br\/blog-wp\/wp-content\/uploads\/2022\/07\/CAPA-PAPEL-DE-PAREDE.png"}},"isPlaceholder":false,"isOptimized":false,"isMuted":false,"isExternal":false,"needsProxy":false},"type":"image","x":52,"y":366,"width":154,"height":150,"mask":{"type":"rectangle","showInLibrary":true,"name":"Ret\u00e2ngulo","path":"M 0,0 1,0 1,1 0,1 0,0 Z","ratio":1,"supportsBorder":true},"id":"459f6827-372a-4729-8f4e-92258d2eb1bc","link":{"needsProxy":false,"url":"https:\/\/www.panoramamoveis.com.br\/blog-wp\/web-stories\/o-tdah-em-adultos-como-se-manifesta\/","rel":[],"type":"regular","pageId":null,"icon":"","desc":""}},{"opacity":100,"flip":{"vertical":false,"horizontal":false},"rotationAngle":0,"lockAspectRatio":true,"scale":100,"focalX":50,"focalY":50,"resource":{"baseColor":"#d0c1b7","type":"image","mimeType":"image\/png","creationDate":"2021-09-24T21:09:53","src":"https:\/\/www.panoramamoveis.com.br\/blog-wp\/wp-content\/uploads\/2021\/09\/panorama-sem-fundo.png","width":500,"height":500,"id":451,"alt":"panorama sem fundo","sizes":{"medium":{"file":"panorama-sem-fundo-300x300.png","width":300,"height":300,"mimeType":"image\/png","sourceUrl":"https:\/\/www.panoramamoveis.com.br\/blog-wp\/wp-content\/uploads\/2021\/09\/panorama-sem-fundo-300x300.png"},"thumbnail":{"file":"panorama-sem-fundo-150x150.png","width":150,"height":150,"mimeType":"image\/png","sourceUrl":"https:\/\/www.panoramamoveis.com.br\/blog-wp\/wp-content\/uploads\/2021\/09\/panorama-sem-fundo-150x150.png"},"web-stories-publisher-logo":{"file":"panorama-sem-fundo-96x96.png","width":96,"height":96,"mimeType":"image\/png","sourceUrl":"https:\/\/www.panoramamoveis.com.br\/blog-wp\/wp-content\/uploads\/2021\/09\/panorama-sem-fundo-96x96.png"},"web-stories-thumbnail":{"file":"panorama-sem-fundo-150x150.png","width":150,"height":150,"mimeType":"image\/png","sourceUrl":"https:\/\/www.panoramamoveis.com.br\/blog-wp\/wp-content\/uploads\/2021\/09\/panorama-sem-fundo-150x150.png"},"full":{"file":"panorama-sem-fundo.png","width":500,"height":500,"mimeType":"image\/png","sourceUrl":"https:\/\/www.panoramamoveis.com.br\/blog-wp\/wp-content\/uploads\/2021\/09\/panorama-sem-fundo.png"}},"isPlaceholder":false,"isOptimized":false,"isMuted":false,"provider":"local","isExternal":false},"width":221,"height":221,"mask":{"type":"rectangle","showInLibrary":true,"name":"Rectangle","path":"M 0,0 1,0 1,1 0,1 0,0 Z","ratio":1,"supportsBorder":true},"type":"image","basedOn":"35f0f6c3-9f2b-45cf-aba7-b81f2778a037","x":96,"y":469,"link":null,"id":"7199a5ac-5069-4b90-90e8-13dd14ebf50c"},{"opacity":100,"flip":{"vertical":false,"horizontal":false},"rotationAngle":0,"lockAspectRatio":true,"backgroundTextMode":"NONE","font":{"family":"Roboto"},"fontSize":22,"backgroundColor":{"color":{"r":196,"g":196,"b":196}},"lineHeight":1.2,"textAlign":"left","padding":{"locked":true,"hasHiddenPadding":false,"horizontal":0,"vertical":0},"content":"<span style=\"font-weight: 700; color: #fff\">O TDAH em adultos. Como se manifesta?<\/span>","borderRadius":{"locked":true,"topLeft":2,"topRight":2,"bottomRight":2,"bottomLeft":2},"x":212,"y":402,"width":152,"height":79,"marginOffset":0.5625,"link":{"needsProxy":false,"url":"https:\/\/www.panoramamoveis.com.br\/blog-wp\/web-stories\/o-tdah-em-adultos-como-se-manifesta\/","rel":[],"type":"regular","pageId":null,"icon":"","desc":""},"basedOn":"89d00239-a8ce-419a-86c0-5da87df26329","id":"54ef6abd-31d1-4892-a7ba-19de1de2f467","type":"text"},{"opacity":100,"flip":{"vertical":false,"horizontal":false},"rotationAngle":0,"lockAspectRatio":true,"backgroundTextMode":"NONE","font":{"family":"Roboto"},"fontSize":22,"backgroundColor":{"color":{"r":196,"g":196,"b":196}},"lineHeight":1.2,"textAlign":"left","padding":{"locked":true,"hasHiddenPadding":false,"horizontal":0,"vertical":0},"content":"<span style=\"font-weight: 700; color: #fff\">Perigos da Automedica\u00e7\u00e3o<\/span>","borderRadius":{"locked":true,"topLeft":2,"topRight":2,"bottomRight":2,"bottomLeft":2},"x":207,"y":237,"width":158,"height":52,"marginOffset":0.5625,"link":{"needsProxy":false,"url":"https:\/\/www.panoramamoveis.com.br\/blog-wp\/web-stories\/os-perigos-da-automedicacao\/","rel":[],"type":"regular","pageId":null,"icon":"","desc":""},"basedOn":"89d00239-a8ce-419a-86c0-5da87df26329","id":"2e9e818e-1985-44fa-a446-09e4865c2d3a","type":"text"}],"animations":[{"targets":["12cac4a5-6139-4484-a353-9f265d6930f8"],"id":"486d8ff1-6297-4392-a3d6-e1e0f94546b2","type":"effect-fly-in","flyInDir":"topToBottom","duration":1000,"delay":600}],"backgroundColor":{"color":{"r":255,"g":255,"b":255}},"type":"page","id":"15c6a3b3-fc56-492b-899e-57483815b90a","defaultBackgroundElement":{"opacity":100,"flip":{"vertical":false,"horizontal":false},"rotationAngle":0,"lockAspectRatio":true,"x":1,"y":1,"width":1,"height":1,"mask":{"type":"rectangle"},"isBackground":true,"isDefaultBackground":true,"type":"shape","id":"ef7dcffa-b120-44c3-845e-2314d51819c1"}}],"fonts":{"Anton":{"family":"Anton","fallbacks":["sans-serif"],"weights":[400],"styles":["regular"],"variants":[[0,400]],"service":"fonts.google.com","metrics":{"upm":2048,"asc":2409,"des":-674,"tAsc":2409,"tDes":-674,"tLGap":0,"wAsc":2876,"wDes":674,"xH":1500,"capH":1760,"yMin":-667,"yMax":2874,"hAsc":2409,"hDes":-674,"lGap":0}},"Oswald":{"family":"Oswald","fallbacks":["sans-serif"],"weights":[200,300,400,500,600,700],"styles":["regular"],"variants":[[0,200],[0,300],[0,400],[0,500],[0,600],[0,700]],"service":"fonts.google.com","metrics":{"upm":1000,"asc":1193,"des":-289,"tAsc":1193,"tDes":-289,"tLGap":0,"wAsc":1325,"wDes":377,"xH":578,"capH":810,"yMin":-287,"yMax":1297,"hAsc":1193,"hDes":-289,"lGap":0}},"Roboto":{"family":"Roboto","fallbacks":["sans-serif"],"weights":[100,300,400,500,700,900],"styles":["italic","regular"],"variants":[[0,100],[1,100],[0,300],[1,300],[0,400],[1,400],[0,500],[1,500],[0,700],[1,700],[0,900],[1,900]],"service":"fonts.google.com","metrics":{"upm":2048,"asc":1900,"des":-500,"tAsc":1536,"tDes":-512,"tLGap":102,"wAsc":1946,"wDes":512,"xH":1082,"capH":1456,"yMin":-555,"yMax":2163,"hAsc":1900,"hDes":-500,"lGap":0}}},"autoAdvance":true,"defaultPageDuration":7,"currentStoryStyles":{"colors":[{"color":{"r":163,"g":0,"b":3,"a":1}}]}},"story_poster":{"id":65581,"url":"https:\/\/www.panoramamoveis.com.br\/blog-wp\/wp-content\/uploads\/2025\/02\/cropped-papagaio-exotico-na-selva_1385-1417.jpg","width":640,"height":853,"needsProxy":false},"_links":{"self":[{"href":"https:\/\/www.panoramamoveis.com.br\/blog-wp\/wp-json\/web-stories\/v1\/web-story\/65579","targetHints":{"allow":["GET"]}}],"collection":[{"href":"https:\/\/www.panoramamoveis.com.br\/blog-wp\/wp-json\/web-stories\/v1\/web-story"}],"about":[{"href":"https:\/\/www.panoramamoveis.com.br\/blog-wp\/wp-json\/wp\/v2\/types\/web-story"}],"author":[{"embeddable":true,"href":"https:\/\/www.panoramamoveis.com.br\/blog-wp\/wp-json\/web-stories\/v1\/users\/1"}],"version-history":[{"count":10,"href":"https:\/\/www.panoramamoveis.com.br\/blog-wp\/wp-json\/web-stories\/v1\/web-story\/65579\/revisions"}],"predecessor-version":[{"id":66639,"href":"https:\/\/www.panoramamoveis.com.br\/blog-wp\/wp-json\/web-stories\/v1\/web-story\/65579\/revisions\/66639"}],"wp:featuredmedia":[{"embeddable":true,"href":"https:\/\/www.panoramamoveis.com.br\/blog-wp\/wp-json\/web-stories\/v1\/media\/65581"}],"wp:attachment":[{"href":"https:\/\/www.panoramamoveis.com.br\/blog-wp\/wp-json\/web-stories\/v1\/media?parent=65579"}],"wp:term":[{"taxonomy":"web_story_category","embeddable":true,"href":"https:\/\/www.panoramamoveis.com.br\/blog-wp\/wp-json\/web-stories\/v1\/web_story_category?post=65579"},{"taxonomy":"web_story_tag","embeddable":true,"href":"https:\/\/www.panoramamoveis.com.br\/blog-wp\/wp-json\/web-stories\/v1\/web_story_tag?post=65579"}],"wp:lock":[{"embeddable":true,"href":"https:\/\/www.panoramamoveis.com.br\/blog-wp\/wp-json\/web-stories\/v1\/web-story\/65579\/lock"}],"wp:publisherlogo":[{"embeddable":true,"href":"https:\/\/www.panoramamoveis.com.br\/blog-wp\/wp-json\/web-stories\/v1\/media\/20"}],"curies":[{"name":"wp","href":"https:\/\/api.w.org\/{rel}","templated":true}]}}