{"id":47022,"date":"2024-06-14T08:00:00","date_gmt":"2024-06-14T11:00:00","guid":{"rendered":"https:\/\/www.panoramamoveis.com.br\/blog-wp\/?post_type=web-story&#038;p=47022"},"modified":"2024-06-13T14:27:57","modified_gmt":"2024-06-13T17:27:57","slug":"7-alimentos-que-dificultam-a-digestao","status":"publish","type":"web-story","link":"https:\/\/www.panoramamoveis.com.br\/blog-wp\/web-stories\/7-alimentos-que-dificultam-a-digestao\/","title":{"rendered":"7 alimentos que dificultam a digest\u00e3o"},"content":{"rendered":"<p><html amp=\"\" lang=\"en\"><head><meta charSet=\"utf-8\"\/><meta name=\"viewport\" content=\"width=device-width,minimum-scale=1,initial-scale=1\"\/><script async=\"\" src=\"https:\/\/cdn.ampproject.org\/v0.js\"><\/script><script async=\"\" src=\"https:\/\/cdn.ampproject.org\/v0\/amp-story-1.0.js\" custom-element=\"amp-story\"><\/script><link href=\"https:\/\/fonts.googleapis.com\/css2?display=swap&amp;family=Anton&amp;family=Oswald%3Awght%40400%3B700&amp;family=Roboto%3Awght%40700\" rel=\"stylesheet\"\/><link href=\"https:\/\/www.panoramamoveis.com.br\/blog-wp\/wp-content\/uploads\/2022\/07\/ESPELHOS-PG1.png\" rel=\"preload\" as=\"image\"\/>\n<style amp-boilerplate=\"\">body{-webkit-animation:-amp-start 8s steps(1,end) 0s 1 normal both;-moz-animation:-amp-start 8s steps(1,end) 0s 1 normal both;-ms-animation:-amp-start 8s steps(1,end) 0s 1 normal both;animation:-amp-start 8s steps(1,end) 0s 1 normal both}@-webkit-keyframes -amp-start{from{visibility:hidden}to{visibility:visible}}@-moz-keyframes -amp-start{from{visibility:hidden}to{visibility:visible}}@-ms-keyframes -amp-start{from{visibility:hidden}to{visibility:visible}}@-o-keyframes -amp-start{from{visibility:hidden}to{visibility:visible}}@keyframes -amp-start{from{visibility:hidden}to{visibility:visible}}<\/style>\n<p><noscript><\/p>\n<style amp-boilerplate=\"\">body{-webkit-animation:none;-moz-animation:none;-ms-animation:none;animation:none}<\/style>\n<p><\/noscript><\/p>\n<style amp-custom=\"\">\n              h1, h2, h3 { font-weight: normal; }<\/p>\n<p>              amp-story-page {\n                background-color: #131516;\n              }<\/p>\n<p>              amp-story-grid-layer {\n                overflow: visible;\n              }<\/p>\n<p>              @media (max-aspect-ratio: 9 \/ 16)  {\n                @media (min-aspect-ratio: 320 \/ 678) {\n                  amp-story-grid-layer.grid-layer {\n                    margin-top: calc((100% \/ 0.5625 - 100% \/ 0.6666666666666666) \/ 2);\n                  }\n                }\n              }<\/p>\n<p>              @media not all and (min-resolution:.001dpcm) {\n                @media {\n                  p.text-wrapper > span {\n                    font-size: calc(100% - 0.5px);\n                  }\n                }\n              }<\/p>\n<p>              .page-fullbleed-area,\n              .page-background-overlay-area {\n                position: absolute;\n                overflow: hidden;\n                width: 100%;\n                left: 0;\n                height: calc(1.1851851851851851 * 100%);\n                top: calc((1 - 1.1851851851851851) * 100% \/ 2);\n              }<\/p>\n<p>              .element-overlay-area {\n                position: absolute;\n                width: 100%;\n                height: 100%;\n                top: 0;\n                left: 0;\n              }<\/p>\n<p>              .page-safe-area {\n                overflow: visible;\n                position: absolute;\n                top: 0;\n                bottom: 0;\n                left: 0;\n                right: 0;\n                width: 100%;\n                height: calc(0.84375 * 100%);\n                margin: auto 0;\n              }<\/p>\n<p>              .mask {\n                position: absolute;\n                overflow: hidden;\n              }<\/p>\n<p>              .fill {\n                position: absolute;\n                top: 0;\n                left: 0;\n                right: 0;\n                bottom: 0;\n                margin: 0;\n              }<\/p>\n<p>              @media (prefers-reduced-motion: no-preference) {\n                .animation-wrapper {\n                  opacity: var(--initial-opacity);\n                  transform: var(--initial-transform);\n                }\n              }<\/p>\n<p>              amp-story-grid-layer.align-bottom {\n                align-content: end;\n                padding: 0;\n                \/* \n                  AMP CTA Layer will exactly occupy 74px regardless of any device.\n                  To space out captions 74px from the BOTTOM (AMP CTA Layer),\n                  74px from the TOP should also be spaced out and thus: 2 * 74px\n                  will be the desired max-height.\n                *\/\n                max-height: calc(100vh - (2 * 74px));\n              }<\/p>\n<p>              .captions-area {\n                padding: 0 32px 0;\n              }<\/p>\n<p>              amp-story-captions {\n                margin-bottom: 16px;\n                text-align: center;\n              }\n              <\/style>\n<p><meta name=\"web-stories-replace-head-start\"\/><title>7 alimentos que dificultam a digest\u00e3o<\/title><link rel=\"canonical\" href=\"https:\/\/www.panoramamoveis.com.br\/blog-wp\/?post_type=web-story&amp;p=47022\"\/><meta name=\"web-stories-replace-head-end\"\/><\/head><body><amp-story standalone=\"\" publisher=\"Blog Panorama M\u00f3veis\" publisher-logo-src=\"https:\/\/www.panoramamoveis.com.br\/blog-wp\/wp-content\/uploads\/2021\/09\/webstories-logo.jpg\" title=\"7 alimentos que dificultam a digest\u00e3o\" poster-portrait-src=\"https:\/\/www.panoramamoveis.com.br\/blog-wp\/wp-content\/uploads\/2024\/06\/cropped-mulher-bonita-aperta-as-maos-na-barriga-sente-dor-e-desconforto-tem-problemas-de-saude-e-desconforto-alimentar-usa-sueter-amarelo-posa-contra-um-fundo-rosa_273609-25109.jpg\"><amp-story-page id=\"5087ac86-4e77-42ae-a3bc-6de766d977a9\" auto-advance-after=\"7s\"><amp-story-grid-layer template=\"vertical\" aspect-ratio=\"412:618\" class=\"grid-layer\"><\/p>\n<div class=\"page-fullbleed-area\" style=\"background-color:#8a1b18\">\n<div class=\"page-safe-area\">\n<div style=\"position:absolute;pointer-events:none;left:0;top:-9.25926%;width:100%;height:118.51852%;opacity:1\">\n<div style=\"pointer-events:initial;width:100%;height:100%;display:block;position:absolute;top:0;left:0;z-index:0\" class=\"mask\" id=\"el-76f7f876-3d4c-4fb3-bb0d-58954ef2886c\">\n<div style=\"position:absolute;width:100%;height:100%;left:0%;top:0%\" data-leaf-element=\"true\"><amp-img layout=\"fill\" src=\"https:\/\/www.panoramamoveis.com.br\/blog-wp\/wp-content\/uploads\/2022\/07\/ESPELHOS-PG1.png\" alt=\"Sala com 3 espelhos redondos\" srcSet=\"https:\/\/www.panoramamoveis.com.br\/blog-wp\/wp-content\/uploads\/2022\/07\/ESPELHOS-PG1.png 1080w,https:\/\/www.panoramamoveis.com.br\/blog-wp\/wp-content\/uploads\/2022\/07\/ESPELHOS-PG1-864x1536.png 864w,https:\/\/www.panoramamoveis.com.br\/blog-wp\/wp-content\/uploads\/2022\/07\/ESPELHOS-PG1-768x1365.png 768w,https:\/\/www.panoramamoveis.com.br\/blog-wp\/wp-content\/uploads\/2022\/07\/ESPELHOS-PG1-576x1024.png 576w,https:\/\/www.panoramamoveis.com.br\/blog-wp\/wp-content\/uploads\/2022\/07\/ESPELHOS-PG1-169x300.png 169w,https:\/\/www.panoramamoveis.com.br\/blog-wp\/wp-content\/uploads\/2022\/07\/ESPELHOS-PG1-150x267.png 150w\" sizes=\"(min-width: 1024px) 45vh, 100vw\" disable-inline-width=\"true\"><\/amp-img><\/div>\n<\/div>\n<\/div>\n<\/div>\n<\/div>\n<p><\/amp-story-grid-layer><amp-story-grid-layer template=\"vertical\" aspect-ratio=\"412:618\" class=\"grid-layer\"><\/p>\n<div class=\"page-fullbleed-area\">\n<div class=\"page-safe-area\">\n<div style=\"position:absolute;pointer-events:none;left:6.06796%;top:13.26861%;width:88.34951%;height:63.75405%;opacity:1\">\n<div style=\"pointer-events:initial;width:100%;height:100%;display:block;position:absolute;top:0;left:0;z-index:0\" class=\"mask\" id=\"el-546aa7e4-5e7e-4f24-b6ae-2caf1be23199\">\n<div style=\"position:absolute;width:162.36266%;height:100%;left:-31.18133%;top:0%\" data-leaf-element=\"true\"><amp-img layout=\"fill\" src=\"https:\/\/www.panoramamoveis.com.br\/blog-wp\/wp-content\/uploads\/2024\/06\/menina-passando-mal-tocando-o-estomago-e-reclamando-de-colicas-ou-dor_176420-30928.jpeg\" alt=\"menina-passando-mal-tocando-o-estomago-e-reclamando-de-colicas-ou-dor_176420-30928\" srcSet=\"https:\/\/www.panoramamoveis.com.br\/blog-wp\/wp-content\/uploads\/2024\/06\/menina-passando-mal-tocando-o-estomago-e-reclamando-de-colicas-ou-dor_176420-30928.jpeg 1380w,https:\/\/www.panoramamoveis.com.br\/blog-wp\/wp-content\/uploads\/2024\/06\/menina-passando-mal-tocando-o-estomago-e-reclamando-de-colicas-ou-dor_176420-30928-1200x800.jpeg 1200w,https:\/\/www.panoramamoveis.com.br\/blog-wp\/wp-content\/uploads\/2024\/06\/menina-passando-mal-tocando-o-estomago-e-reclamando-de-colicas-ou-dor_176420-30928-1024x683.jpeg 1024w,https:\/\/www.panoramamoveis.com.br\/blog-wp\/wp-content\/uploads\/2024\/06\/menina-passando-mal-tocando-o-estomago-e-reclamando-de-colicas-ou-dor_176420-30928-768x512.jpeg 768w,https:\/\/www.panoramamoveis.com.br\/blog-wp\/wp-content\/uploads\/2024\/06\/menina-passando-mal-tocando-o-estomago-e-reclamando-de-colicas-ou-dor_176420-30928-300x200.jpeg 300w,https:\/\/www.panoramamoveis.com.br\/blog-wp\/wp-content\/uploads\/2024\/06\/menina-passando-mal-tocando-o-estomago-e-reclamando-de-colicas-ou-dor_176420-30928-150x100.jpeg 150w\" sizes=\"(min-width: 1024px) 40vh, 88vw\" disable-inline-width=\"true\"><\/amp-img><\/div>\n<\/div>\n<\/div>\n<div style=\"position:absolute;pointer-events:none;left:11.65049%;top:64.23948%;width:75.24272%;height:12.78317%;opacity:1\">\n<div style=\"pointer-events:initial;width:100%;height:100%;display:block;position:absolute;top:0;left:0;z-index:0;border-radius:0.6451612903225806% 0.6451612903225806% 0.6451612903225806% 0.6451612903225806% \/ 2.5316455696202533% 2.5316455696202533% 2.5316455696202533% 2.5316455696202533%\" id=\"el-2582c9a8-b4e9-468b-b85d-7bd4cb1c4478\">\n<h3 class=\"fill text-wrapper\" style=\"white-space:pre-line;overflow-wrap:break-word;word-break:break-word;margin:0;font-family:&quot;Anton&quot;,sans-serif;font-size:0.404531em;line-height:calc(1em + 0.32000019775987504em);text-align:left;padding:0;color:#000000;background-color:rgba(163,0,3,0.6);background:none\"><span style=\"display:block;position:relative;left:0;top:0;margin:2.037786668346774% 0;-webkit-box-decoration-break:clone;box-decoration-break:clone\"><span style=\"background-color:rgba(163,0,3,0.6);-webkit-box-decoration-break:clone;box-decoration-break:clone;position:relative;padding:1.2903225806451613% 2.5806451612903225%;text-align:left;border-radius:2px 2px 2px 2px;color:transparent\">7 alimentos que dificultam a digest\u00e3o<\/span><\/span><\/h3>\n<h3 class=\"fill text-wrapper\" style=\"white-space:pre-line;overflow-wrap:break-word;word-break:break-word;margin:0;font-family:&quot;Anton&quot;,sans-serif;font-size:0.404531em;line-height:calc(1em + 0.32000019775987504em);text-align:left;padding:0;color:#000000;background-color:rgba(163,0,3,0.6);background:none;position:absolute;top:0;left:0;right:0\" aria-hidden=\"true\"><span style=\"display:block;position:relative;left:0;top:0;margin:2.037786668346774% 0;-webkit-box-decoration-break:clone;box-decoration-break:clone\"><span style=\"background-color:rgba(163,0,3,0.6);-webkit-box-decoration-break:clone;box-decoration-break:clone;position:relative;padding:1.2903225806451613% 2.5806451612903225%;text-align:left;border-radius:2px 2px 2px 2px;background:none\"><span style=\"color: #fff\">7 alimentos que dificultam a digest\u00e3o<\/span><\/span><\/span><\/h3>\n<\/div>\n<\/div>\n<div style=\"position:absolute;pointer-events:none;left:12.86408%;top:85.27508%;width:75%;height:11.8123%;opacity:1\">\n<div style=\"pointer-events:initial;width:100%;height:100%;display:block;position:absolute;top:0;left:0;z-index:0;border-radius:0.6472491909385114% 0.6472491909385114% 0.6472491909385114% 0.6472491909385114% \/ 2.73972602739726% 2.73972602739726% 2.73972602739726% 2.73972602739726%;background-clip:content-box;background-color:rgba(163,0,3,0.7)\" id=\"el-bf7050a3-2269-4a18-991d-666bc73b2364\">\n<h3 class=\"fill text-wrapper\" style=\"white-space:pre-line;overflow-wrap:break-word;word-break:break-word;margin:1.1859071601941753% 0;font-family:&quot;Anton&quot;,sans-serif;font-size:0.388350em;line-height:1.2;text-align:center;padding:1.2944983818770228% 2.5889967637540456%;color:#000000\"><span><span style=\"color: #fff\">Confira tudo nesse web stories da Panorama m\u00f3veis<\/span><\/span><\/h3>\n<\/div>\n<\/div>\n<\/div>\n<\/div>\n<p><\/amp-story-grid-layer><\/amp-story-page><amp-story-page id=\"ad4a60f9-ee65-4ac4-86c1-02ce91064105\" auto-advance-after=\"7s\"><amp-story-animation layout=\"nodisplay\" trigger=\"visibility\"><script type=\"application\/json\">[{\"selector\":\"#anim-700edf65-e3a3-49b2-bc9b-b89db1b1c485\",\"keyframes\":{\"opacity\":[0,1]},\"delay\":0,\"duration\":600,\"easing\":\"cubic-bezier(0.4, 0.4, 0.0, 1)\",\"fill\":\"both\"}]<\/script><\/amp-story-animation><amp-story-grid-layer template=\"vertical\" aspect-ratio=\"412:618\" class=\"grid-layer\"><\/p>\n<div class=\"page-fullbleed-area\" style=\"background-color:#d0c9c3\">\n<div class=\"page-safe-area\">\n<div style=\"position:absolute;pointer-events:none;left:0;top:-9.25926%;width:100%;height:118.51852%;opacity:1\">\n<div style=\"pointer-events:initial;width:100%;height:100%;display:block;position:absolute;top:0;left:0;z-index:0\" class=\"mask\" id=\"el-a0f21890-7f89-457d-a6c6-91e4e0024de2\">\n<div style=\"position:absolute;width:100%;height:100%;left:0%;top:0%\" data-leaf-element=\"true\"><amp-img layout=\"fill\" src=\"https:\/\/www.panoramamoveis.com.br\/blog-wp\/wp-content\/uploads\/2022\/07\/ESPELHOS-PG4.png\" alt=\"sala com espelho ovalado em cima de bancada de madeira\" srcSet=\"https:\/\/www.panoramamoveis.com.br\/blog-wp\/wp-content\/uploads\/2022\/07\/ESPELHOS-PG4.png 1080w,https:\/\/www.panoramamoveis.com.br\/blog-wp\/wp-content\/uploads\/2022\/07\/ESPELHOS-PG4-864x1536.png 864w,https:\/\/www.panoramamoveis.com.br\/blog-wp\/wp-content\/uploads\/2022\/07\/ESPELHOS-PG4-768x1365.png 768w,https:\/\/www.panoramamoveis.com.br\/blog-wp\/wp-content\/uploads\/2022\/07\/ESPELHOS-PG4-576x1024.png 576w,https:\/\/www.panoramamoveis.com.br\/blog-wp\/wp-content\/uploads\/2022\/07\/ESPELHOS-PG4-169x300.png 169w,https:\/\/www.panoramamoveis.com.br\/blog-wp\/wp-content\/uploads\/2022\/07\/ESPELHOS-PG4-150x267.png 150w\" sizes=\"(min-width: 1024px) 45vh, 100vw\" disable-inline-width=\"true\"><\/amp-img><\/div>\n<\/div>\n<\/div>\n<\/div>\n<\/div>\n<p><\/amp-story-grid-layer><amp-story-grid-layer template=\"vertical\" aspect-ratio=\"412:618\" class=\"grid-layer\"><\/p>\n<div class=\"page-fullbleed-area\">\n<div class=\"page-safe-area\">\n<div style=\"position:absolute;pointer-events:none;left:12.37864%;top:-5.98706%;width:75.24272%;height:63.1068%;opacity:1\">\n<div style=\"pointer-events:initial;width:100%;height:100%;display:block;position:absolute;top:0;left:0;z-index:0\" class=\"mask\" id=\"el-3f4bfae5-8480-44bb-8bed-fcf3bf127cc5\">\n<div style=\"position:absolute;width:100%;height:119.23076%;left:0%;top:-9.61538%\" data-leaf-element=\"true\"><amp-img layout=\"fill\" src=\"https:\/\/www.panoramamoveis.com.br\/blog-wp\/wp-content\/uploads\/2024\/06\/vista-superior-delicioso-frango-desossado-e-batatas-fritas_23-2149972950.jpeg\" alt=\"vista-superior-delicioso-frango-desossado-e-batatas-fritas_23-2149972950\" srcSet=\"https:\/\/www.panoramamoveis.com.br\/blog-wp\/wp-content\/uploads\/2024\/06\/vista-superior-delicioso-frango-desossado-e-batatas-fritas_23-2149972950.jpeg 740w,https:\/\/www.panoramamoveis.com.br\/blog-wp\/wp-content\/uploads\/2024\/06\/vista-superior-delicioso-frango-desossado-e-batatas-fritas_23-2149972950-683x1024.jpeg 683w,https:\/\/www.panoramamoveis.com.br\/blog-wp\/wp-content\/uploads\/2024\/06\/vista-superior-delicioso-frango-desossado-e-batatas-fritas_23-2149972950-200x300.jpeg 200w,https:\/\/www.panoramamoveis.com.br\/blog-wp\/wp-content\/uploads\/2024\/06\/vista-superior-delicioso-frango-desossado-e-batatas-fritas_23-2149972950-150x225.jpeg 150w\" sizes=\"(min-width: 1024px) 34vh, 75vw\" disable-inline-width=\"true\"><\/amp-img><\/div>\n<\/div>\n<\/div>\n<div style=\"position:absolute;pointer-events:none;left:16.99029%;top:-8.41424%;width:13.59223%;height:16.82848%;transform:rotate(270deg);opacity:1\">\n<div style=\"pointer-events:initial;width:100%;height:100%;display:block;position:absolute;top:0;left:0;z-index:0\" class=\"mask\" id=\"el-29fc5bcf-eac1-4cec-8cbe-354650db0db4\">\n<div style=\"position:absolute;width:104.46432%;height:100%;left:-2.23216%;top:0%\" data-leaf-element=\"true\"><amp-img layout=\"fill\" src=\"https:\/\/www.panoramamoveis.com.br\/blog-wp\/wp-content\/uploads\/2021\/11\/Panorama-Moveis-click-1.png\" alt=\"Panorama M\u00f3veis click (1)\" srcSet=\"https:\/\/www.panoramamoveis.com.br\/blog-wp\/wp-content\/uploads\/2021\/11\/Panorama-Moveis-click-1.png 3240w,https:\/\/www.panoramamoveis.com.br\/blog-wp\/wp-content\/uploads\/2021\/11\/Panorama-Moveis-click-1-1980x3520.png 1980w,https:\/\/www.panoramamoveis.com.br\/blog-wp\/wp-content\/uploads\/2021\/11\/Panorama-Moveis-click-1-1200x2133.png 1200w,https:\/\/www.panoramamoveis.com.br\/blog-wp\/wp-content\/uploads\/2021\/11\/Panorama-Moveis-click-1-1152x2048.png 1152w,https:\/\/www.panoramamoveis.com.br\/blog-wp\/wp-content\/uploads\/2021\/11\/Panorama-Moveis-click-1-864x1536.png 864w,https:\/\/www.panoramamoveis.com.br\/blog-wp\/wp-content\/uploads\/2021\/11\/Panorama-Moveis-click-1-768x1365.png 768w,https:\/\/www.panoramamoveis.com.br\/blog-wp\/wp-content\/uploads\/2021\/11\/Panorama-Moveis-click-1-576x1024.png 576w,https:\/\/www.panoramamoveis.com.br\/blog-wp\/wp-content\/uploads\/2021\/11\/Panorama-Moveis-click-1-169x300.png 169w,https:\/\/www.panoramamoveis.com.br\/blog-wp\/wp-content\/uploads\/2021\/11\/Panorama-Moveis-click-1-150x267.png 150w\" sizes=\"(min-width: 1024px) 6vh, 14vw\" disable-inline-width=\"true\"><\/amp-img><\/div>\n<\/div>\n<\/div>\n<div style=\"position:absolute;pointer-events:none;left:14.07767%;top:56.95793%;width:70.87379%;height:23.30097%;opacity:1\">\n<div id=\"anim-700edf65-e3a3-49b2-bc9b-b89db1b1c485\" class=\"animation-wrapper\" style=\"width:100%;height:100%;display:block;position:absolute;top:0;left:0;--initial-opacity:0;--initial-transform:none\">\n<div style=\"pointer-events:initial;width:100%;height:100%;display:block;position:absolute;top:0;left:0;z-index:0;border-radius:0.684931506849315% 0.684931506849315% 0.684931506849315% 0.684931506849315% \/ 1.3888888888888888% 1.3888888888888888% 1.3888888888888888% 1.3888888888888888%\" id=\"el-ef433ffc-d389-474e-9c23-71de35c4f01c\">\n<h3 class=\"fill text-wrapper\" style=\"white-space:pre-line;overflow-wrap:break-word;word-break:break-word;margin:1.1106164383561645% 0;font-family:&quot;Oswald&quot;,sans-serif;font-size:0.372168em;line-height:1.2;text-align:left;padding:0;color:#000000\"><span><span style=\"color: #f00\">Frituras, carnes gordurosas, fast food, e alimentos ricos em creme ou manteiga s\u00e3o dif\u00edceis de digerir e podem causar desconforto gastrointestinal.<\/span><\/span><\/h3>\n<\/div>\n<\/div>\n<\/div>\n<div style=\"position:absolute;pointer-events:none;left:14.07767%;top:49.83819%;width:75.24272%;height:7.11974%;opacity:1\">\n<div style=\"pointer-events:initial;width:100%;height:100%;display:block;position:absolute;top:0;left:0;z-index:0;border-radius:0.6451612903225806% 0.6451612903225806% 0.6451612903225806% 0.6451612903225806% \/ 4.545454545454546% 4.545454545454546% 4.545454545454546% 4.545454545454546%\" id=\"el-392f3cee-8cc7-401f-92b5-90a8b3870a6d\">\n<h3 class=\"fill text-wrapper\" style=\"white-space:pre-line;overflow-wrap:break-word;word-break:break-word;margin:0;font-family:&quot;Anton&quot;,sans-serif;font-size:0.388350em;line-height:calc(1em + 0.3333333333333333em);text-align:left;padding:0;color:#000000;background-color:rgba(163,0,3,0.6);background:none\"><span style=\"display:block;position:relative;left:0;top:0;margin:1.956275201612903% 0;-webkit-box-decoration-break:clone;box-decoration-break:clone\"><span style=\"background-color:rgba(163,0,3,0.6);-webkit-box-decoration-break:clone;box-decoration-break:clone;position:relative;padding:1.2903225806451613% 2.5806451612903225%;text-align:left;border-radius:2px 2px 2px 2px;color:transparent\">Alimentos gordurosos<\/span><\/span><\/h3>\n<h3 class=\"fill text-wrapper\" style=\"white-space:pre-line;overflow-wrap:break-word;word-break:break-word;margin:0;font-family:&quot;Anton&quot;,sans-serif;font-size:0.388350em;line-height:calc(1em + 0.3333333333333333em);text-align:left;padding:0;color:#000000;background-color:rgba(163,0,3,0.6);background:none;position:absolute;top:0;left:0;right:0\" aria-hidden=\"true\"><span style=\"display:block;position:relative;left:0;top:0;margin:1.956275201612903% 0;-webkit-box-decoration-break:clone;box-decoration-break:clone\"><span style=\"background-color:rgba(163,0,3,0.6);-webkit-box-decoration-break:clone;box-decoration-break:clone;position:relative;padding:1.2903225806451613% 2.5806451612903225%;text-align:left;border-radius:2px 2px 2px 2px;background:none\"><span style=\"color: #fff\">Alimentos gordurosos<\/span><\/span><\/span><\/h3>\n<\/div>\n<\/div>\n<\/div>\n<\/div>\n<p><\/amp-story-grid-layer><\/amp-story-page><amp-story-page id=\"69b4e1cb-3562-44f9-8f94-0e4fb3b73ac3\" auto-advance-after=\"7s\"><amp-story-animation layout=\"nodisplay\" trigger=\"visibility\"><script type=\"application\/json\">[{\"selector\":\"#anim-152cc969-ef00-4ec9-ad43-6f1e71e2d7ca\",\"keyframes\":{\"opacity\":[0,1]},\"delay\":0,\"duration\":600,\"easing\":\"cubic-bezier(0.4, 0.4, 0.0, 1)\",\"fill\":\"both\"}]<\/script><\/amp-story-animation><amp-story-grid-layer template=\"vertical\" aspect-ratio=\"412:618\" class=\"grid-layer\"><\/p>\n<div class=\"page-fullbleed-area\" style=\"background-color:#d0c9c3\">\n<div class=\"page-safe-area\">\n<div style=\"position:absolute;pointer-events:none;left:0;top:-9.25926%;width:100%;height:118.51852%;opacity:1\">\n<div style=\"pointer-events:initial;width:100%;height:100%;display:block;position:absolute;top:0;left:0;z-index:0\" class=\"mask\" id=\"el-3f7c3016-9161-48ec-90b3-4a85bfcaf709\">\n<div style=\"position:absolute;width:100%;height:100%;left:0%;top:0%\" data-leaf-element=\"true\"><amp-img layout=\"fill\" src=\"https:\/\/www.panoramamoveis.com.br\/blog-wp\/wp-content\/uploads\/2022\/07\/ESPELHOS-PG4.png\" alt=\"sala com espelho ovalado em cima de bancada de madeira\" srcSet=\"https:\/\/www.panoramamoveis.com.br\/blog-wp\/wp-content\/uploads\/2022\/07\/ESPELHOS-PG4.png 1080w,https:\/\/www.panoramamoveis.com.br\/blog-wp\/wp-content\/uploads\/2022\/07\/ESPELHOS-PG4-864x1536.png 864w,https:\/\/www.panoramamoveis.com.br\/blog-wp\/wp-content\/uploads\/2022\/07\/ESPELHOS-PG4-768x1365.png 768w,https:\/\/www.panoramamoveis.com.br\/blog-wp\/wp-content\/uploads\/2022\/07\/ESPELHOS-PG4-576x1024.png 576w,https:\/\/www.panoramamoveis.com.br\/blog-wp\/wp-content\/uploads\/2022\/07\/ESPELHOS-PG4-169x300.png 169w,https:\/\/www.panoramamoveis.com.br\/blog-wp\/wp-content\/uploads\/2022\/07\/ESPELHOS-PG4-150x267.png 150w\" sizes=\"(min-width: 1024px) 45vh, 100vw\" disable-inline-width=\"true\"><\/amp-img><\/div>\n<\/div>\n<\/div>\n<\/div>\n<\/div>\n<p><\/amp-story-grid-layer><amp-story-grid-layer template=\"vertical\" aspect-ratio=\"412:618\" class=\"grid-layer\"><\/p>\n<div class=\"page-fullbleed-area\">\n<div class=\"page-safe-area\">\n<div style=\"position:absolute;pointer-events:none;left:11.65049%;top:-5.98706%;width:76.69903%;height:63.1068%;opacity:1\">\n<div style=\"pointer-events:initial;width:100%;height:100%;display:block;position:absolute;top:0;left:0;z-index:0\" class=\"mask\" id=\"el-76b19607-bf18-4ec8-ab27-e45937f703f0\">\n<div style=\"position:absolute;width:123.41773%;height:100%;left:-11.70886%;top:0%\" data-leaf-element=\"true\"><amp-img layout=\"fill\" src=\"https:\/\/www.panoramamoveis.com.br\/blog-wp\/wp-content\/uploads\/2024\/06\/composicao-com-close-up-de-deliciosa-comida-brasileira_23-2148739194.jpg\" alt=\"composicao-com-close-up-de-deliciosa-comida-brasileira_23-2148739194\" srcSet=\"https:\/\/www.panoramamoveis.com.br\/blog-wp\/wp-content\/uploads\/2024\/06\/composicao-com-close-up-de-deliciosa-comida-brasileira_23-2148739194.jpg 826w,https:\/\/www.panoramamoveis.com.br\/blog-wp\/wp-content\/uploads\/2024\/06\/composicao-com-close-up-de-deliciosa-comida-brasileira_23-2148739194-768x768.jpg 768w,https:\/\/www.panoramamoveis.com.br\/blog-wp\/wp-content\/uploads\/2024\/06\/composicao-com-close-up-de-deliciosa-comida-brasileira_23-2148739194-300x300.jpg 300w,https:\/\/www.panoramamoveis.com.br\/blog-wp\/wp-content\/uploads\/2024\/06\/composicao-com-close-up-de-deliciosa-comida-brasileira_23-2148739194-150x150.jpg 150w,https:\/\/www.panoramamoveis.com.br\/blog-wp\/wp-content\/uploads\/2024\/06\/composicao-com-close-up-de-deliciosa-comida-brasileira_23-2148739194-96x96.jpg 96w\" sizes=\"(min-width: 1024px) 35vh, 77vw\" disable-inline-width=\"true\"><\/amp-img><\/div>\n<\/div>\n<\/div>\n<div style=\"position:absolute;pointer-events:none;left:16.99029%;top:-8.41424%;width:13.59223%;height:16.82848%;transform:rotate(270deg);opacity:1\">\n<div style=\"pointer-events:initial;width:100%;height:100%;display:block;position:absolute;top:0;left:0;z-index:0\" class=\"mask\" id=\"el-d26b4889-ce4d-4376-867d-22e88e07680a\">\n<div style=\"position:absolute;width:104.46432%;height:100%;left:-2.23216%;top:0%\" data-leaf-element=\"true\"><amp-img layout=\"fill\" src=\"https:\/\/www.panoramamoveis.com.br\/blog-wp\/wp-content\/uploads\/2021\/11\/Panorama-Moveis-click-1.png\" alt=\"Panorama M\u00f3veis click (1)\" srcSet=\"https:\/\/www.panoramamoveis.com.br\/blog-wp\/wp-content\/uploads\/2021\/11\/Panorama-Moveis-click-1.png 3240w,https:\/\/www.panoramamoveis.com.br\/blog-wp\/wp-content\/uploads\/2021\/11\/Panorama-Moveis-click-1-1980x3520.png 1980w,https:\/\/www.panoramamoveis.com.br\/blog-wp\/wp-content\/uploads\/2021\/11\/Panorama-Moveis-click-1-1200x2133.png 1200w,https:\/\/www.panoramamoveis.com.br\/blog-wp\/wp-content\/uploads\/2021\/11\/Panorama-Moveis-click-1-1152x2048.png 1152w,https:\/\/www.panoramamoveis.com.br\/blog-wp\/wp-content\/uploads\/2021\/11\/Panorama-Moveis-click-1-864x1536.png 864w,https:\/\/www.panoramamoveis.com.br\/blog-wp\/wp-content\/uploads\/2021\/11\/Panorama-Moveis-click-1-768x1365.png 768w,https:\/\/www.panoramamoveis.com.br\/blog-wp\/wp-content\/uploads\/2021\/11\/Panorama-Moveis-click-1-576x1024.png 576w,https:\/\/www.panoramamoveis.com.br\/blog-wp\/wp-content\/uploads\/2021\/11\/Panorama-Moveis-click-1-169x300.png 169w,https:\/\/www.panoramamoveis.com.br\/blog-wp\/wp-content\/uploads\/2021\/11\/Panorama-Moveis-click-1-150x267.png 150w\" sizes=\"(min-width: 1024px) 6vh, 14vw\" disable-inline-width=\"true\"><\/amp-img><\/div>\n<\/div>\n<\/div>\n<div style=\"position:absolute;pointer-events:none;left:14.07767%;top:56.95793%;width:72.08738%;height:23.46278%;opacity:1\">\n<div id=\"anim-152cc969-ef00-4ec9-ad43-6f1e71e2d7ca\" class=\"animation-wrapper\" style=\"width:100%;height:100%;display:block;position:absolute;top:0;left:0;--initial-opacity:0;--initial-transform:none\">\n<div style=\"pointer-events:initial;width:100%;height:100%;display:block;position:absolute;top:0;left:0;z-index:0;border-radius:0.6734006734006733% 0.6734006734006733% 0.6734006734006733% 0.6734006734006733% \/ 1.3793103448275863% 1.3793103448275863% 1.3793103448275863% 1.3793103448275863%\" id=\"el-0ff6d8eb-08fe-446d-82dd-cd14ea7baae6\">\n<h3 class=\"fill text-wrapper\" style=\"white-space:pre-line;overflow-wrap:break-word;word-break:break-word;margin:1.091919191919192% 0;font-family:&quot;Oswald&quot;,sans-serif;font-size:0.372168em;line-height:1.2;text-align:left;padding:0;color:#000000\"><span><span style=\"color: #f00\">Consumidos em excesso, feij\u00f5es, lentilhas e ervilhas podem ser dif\u00edceis de digerir e podem causar gases e incha\u00e7o, devido possu\u00edrem fibras e carboidratos complexos.<\/span><\/span><\/h3>\n<\/div>\n<\/div>\n<\/div>\n<div style=\"position:absolute;pointer-events:none;left:14.07767%;top:49.83819%;width:76.21359%;height:7.11974%;opacity:1\">\n<div style=\"pointer-events:initial;width:100%;height:100%;display:block;position:absolute;top:0;left:0;z-index:0;border-radius:0.6369426751592357% 0.6369426751592357% 0.6369426751592357% 0.6369426751592357% \/ 4.545454545454546% 4.545454545454546% 4.545454545454546% 4.545454545454546%\" id=\"el-cc8900b9-7ba6-4999-97a5-4ca32893366b\">\n<h3 class=\"fill text-wrapper\" style=\"white-space:pre-line;overflow-wrap:break-word;word-break:break-word;margin:0;font-family:&quot;Anton&quot;,sans-serif;font-size:0.388350em;line-height:calc(1em + 0.3333333333333333em);text-align:left;padding:0;color:#000000;background-color:rgba(163,0,3,0.6);background:none\"><span style=\"display:block;position:relative;left:0;top:0;margin:1.9313544984076434% 0;-webkit-box-decoration-break:clone;box-decoration-break:clone\"><span style=\"background-color:rgba(163,0,3,0.6);-webkit-box-decoration-break:clone;box-decoration-break:clone;position:relative;padding:1.2738853503184715% 2.547770700636943%;text-align:left;border-radius:2px 2px 2px 2px;color:transparent\">Leguminosas<\/span><\/span><\/h3>\n<h3 class=\"fill text-wrapper\" style=\"white-space:pre-line;overflow-wrap:break-word;word-break:break-word;margin:0;font-family:&quot;Anton&quot;,sans-serif;font-size:0.388350em;line-height:calc(1em + 0.3333333333333333em);text-align:left;padding:0;color:#000000;background-color:rgba(163,0,3,0.6);background:none;position:absolute;top:0;left:0;right:0\" aria-hidden=\"true\"><span style=\"display:block;position:relative;left:0;top:0;margin:1.9313544984076434% 0;-webkit-box-decoration-break:clone;box-decoration-break:clone\"><span style=\"background-color:rgba(163,0,3,0.6);-webkit-box-decoration-break:clone;box-decoration-break:clone;position:relative;padding:1.2738853503184715% 2.547770700636943%;text-align:left;border-radius:2px 2px 2px 2px;background:none\"><span style=\"color: #fff\">Leguminosas<\/span><\/span><\/span><\/h3>\n<\/div>\n<\/div>\n<\/div>\n<\/div>\n<p><\/amp-story-grid-layer><\/amp-story-page><amp-story-page id=\"8ab4ebc5-e137-450c-9f89-52582d14a476\" auto-advance-after=\"7s\"><amp-story-animation layout=\"nodisplay\" trigger=\"visibility\"><script type=\"application\/json\">[{\"selector\":\"#anim-b62ab0c9-4935-4010-b695-5d498d6d4e6a\",\"keyframes\":{\"opacity\":[0,1]},\"delay\":0,\"duration\":600,\"easing\":\"cubic-bezier(0.4, 0.4, 0.0, 1)\",\"fill\":\"both\"}]<\/script><\/amp-story-animation><amp-story-grid-layer template=\"vertical\" aspect-ratio=\"412:618\" class=\"grid-layer\"><\/p>\n<div class=\"page-fullbleed-area\" style=\"background-color:#d0c9c3\">\n<div class=\"page-safe-area\">\n<div style=\"position:absolute;pointer-events:none;left:0;top:-9.25926%;width:100%;height:118.51852%;opacity:1\">\n<div style=\"pointer-events:initial;width:100%;height:100%;display:block;position:absolute;top:0;left:0;z-index:0\" class=\"mask\" id=\"el-a047acbc-785b-4704-b8a7-05542187d747\">\n<div style=\"position:absolute;width:100%;height:100%;left:0%;top:0%\" data-leaf-element=\"true\"><amp-img layout=\"fill\" src=\"https:\/\/www.panoramamoveis.com.br\/blog-wp\/wp-content\/uploads\/2022\/07\/ESPELHOS-PG4.png\" alt=\"sala com espelho ovalado em cima de bancada de madeira\" srcSet=\"https:\/\/www.panoramamoveis.com.br\/blog-wp\/wp-content\/uploads\/2022\/07\/ESPELHOS-PG4.png 1080w,https:\/\/www.panoramamoveis.com.br\/blog-wp\/wp-content\/uploads\/2022\/07\/ESPELHOS-PG4-864x1536.png 864w,https:\/\/www.panoramamoveis.com.br\/blog-wp\/wp-content\/uploads\/2022\/07\/ESPELHOS-PG4-768x1365.png 768w,https:\/\/www.panoramamoveis.com.br\/blog-wp\/wp-content\/uploads\/2022\/07\/ESPELHOS-PG4-576x1024.png 576w,https:\/\/www.panoramamoveis.com.br\/blog-wp\/wp-content\/uploads\/2022\/07\/ESPELHOS-PG4-169x300.png 169w,https:\/\/www.panoramamoveis.com.br\/blog-wp\/wp-content\/uploads\/2022\/07\/ESPELHOS-PG4-150x267.png 150w\" sizes=\"(min-width: 1024px) 45vh, 100vw\" disable-inline-width=\"true\"><\/amp-img><\/div>\n<\/div>\n<\/div>\n<\/div>\n<\/div>\n<p><\/amp-story-grid-layer><amp-story-grid-layer template=\"vertical\" aspect-ratio=\"412:618\" class=\"grid-layer\"><\/p>\n<div class=\"page-fullbleed-area\">\n<div class=\"page-safe-area\">\n<div style=\"position:absolute;pointer-events:none;left:11.65049%;top:-5.98706%;width:76.69903%;height:63.1068%;opacity:1\">\n<div style=\"pointer-events:initial;width:100%;height:100%;display:block;position:absolute;top:0;left:0;z-index:0\" class=\"mask\" id=\"el-7e0eedf0-4273-4f0a-8fab-13d23f147e4b\">\n<div style=\"position:absolute;width:100%;height:105.7713%;left:0%;top:-2.88565%\" data-leaf-element=\"true\"><amp-img layout=\"fill\" src=\"https:\/\/www.panoramamoveis.com.br\/blog-wp\/wp-content\/uploads\/2024\/06\/lacticinios_114579-8756.jpg\" alt=\"lacticinios_114579-8756\" srcSet=\"https:\/\/www.panoramamoveis.com.br\/blog-wp\/wp-content\/uploads\/2024\/06\/lacticinios_114579-8756.jpg 740w,https:\/\/www.panoramamoveis.com.br\/blog-wp\/wp-content\/uploads\/2024\/06\/lacticinios_114579-8756-230x300.jpg 230w,https:\/\/www.panoramamoveis.com.br\/blog-wp\/wp-content\/uploads\/2024\/06\/lacticinios_114579-8756-150x196.jpg 150w\" sizes=\"(min-width: 1024px) 35vh, 77vw\" disable-inline-width=\"true\"><\/amp-img><\/div>\n<\/div>\n<\/div>\n<div style=\"position:absolute;pointer-events:none;left:16.99029%;top:-8.41424%;width:13.59223%;height:16.82848%;transform:rotate(270deg);opacity:1\">\n<div style=\"pointer-events:initial;width:100%;height:100%;display:block;position:absolute;top:0;left:0;z-index:0\" class=\"mask\" id=\"el-8728918c-110e-4638-9618-10fe4002ea40\">\n<div style=\"position:absolute;width:104.46432%;height:100%;left:-2.23216%;top:0%\" data-leaf-element=\"true\"><amp-img layout=\"fill\" src=\"https:\/\/www.panoramamoveis.com.br\/blog-wp\/wp-content\/uploads\/2021\/11\/Panorama-Moveis-click-1.png\" alt=\"Panorama M\u00f3veis click (1)\" srcSet=\"https:\/\/www.panoramamoveis.com.br\/blog-wp\/wp-content\/uploads\/2021\/11\/Panorama-Moveis-click-1.png 3240w,https:\/\/www.panoramamoveis.com.br\/blog-wp\/wp-content\/uploads\/2021\/11\/Panorama-Moveis-click-1-1980x3520.png 1980w,https:\/\/www.panoramamoveis.com.br\/blog-wp\/wp-content\/uploads\/2021\/11\/Panorama-Moveis-click-1-1200x2133.png 1200w,https:\/\/www.panoramamoveis.com.br\/blog-wp\/wp-content\/uploads\/2021\/11\/Panorama-Moveis-click-1-1152x2048.png 1152w,https:\/\/www.panoramamoveis.com.br\/blog-wp\/wp-content\/uploads\/2021\/11\/Panorama-Moveis-click-1-864x1536.png 864w,https:\/\/www.panoramamoveis.com.br\/blog-wp\/wp-content\/uploads\/2021\/11\/Panorama-Moveis-click-1-768x1365.png 768w,https:\/\/www.panoramamoveis.com.br\/blog-wp\/wp-content\/uploads\/2021\/11\/Panorama-Moveis-click-1-576x1024.png 576w,https:\/\/www.panoramamoveis.com.br\/blog-wp\/wp-content\/uploads\/2021\/11\/Panorama-Moveis-click-1-169x300.png 169w,https:\/\/www.panoramamoveis.com.br\/blog-wp\/wp-content\/uploads\/2021\/11\/Panorama-Moveis-click-1-150x267.png 150w\" sizes=\"(min-width: 1024px) 6vh, 14vw\" disable-inline-width=\"true\"><\/amp-img><\/div>\n<\/div>\n<\/div>\n<div style=\"position:absolute;pointer-events:none;left:14.32039%;top:57.11974%;width:72.08738%;height:23.30097%;opacity:1\">\n<div id=\"anim-b62ab0c9-4935-4010-b695-5d498d6d4e6a\" class=\"animation-wrapper\" style=\"width:100%;height:100%;display:block;position:absolute;top:0;left:0;--initial-opacity:0;--initial-transform:none\">\n<div style=\"pointer-events:initial;width:100%;height:100%;display:block;position:absolute;top:0;left:0;z-index:0;border-radius:0.6734006734006733% 0.6734006734006733% 0.6734006734006733% 0.6734006734006733% \/ 1.3888888888888888% 1.3888888888888888% 1.3888888888888888% 1.3888888888888888%\" id=\"el-2e3b0b5b-ad05-4f9f-9858-8a33497eae55\">\n<h3 class=\"fill text-wrapper\" style=\"white-space:pre-line;overflow-wrap:break-word;word-break:break-word;margin:1.091919191919192% 0;font-family:&quot;Oswald&quot;,sans-serif;font-size:0.372168em;line-height:1.2;text-align:left;padding:0;color:#000000\"><span><span style=\"color: #f00\">Para pessoas com intoler\u00e2ncia \u00e0 lactose, produtos como leite, queijo e sorvete podem causar problemas digestivos como incha\u00e7o, gases e diarreia.<\/span><\/span><\/h3>\n<\/div>\n<\/div>\n<\/div>\n<div style=\"position:absolute;pointer-events:none;left:14.32039%;top:50%;width:76.21359%;height:7.11974%;opacity:1\">\n<div style=\"pointer-events:initial;width:100%;height:100%;display:block;position:absolute;top:0;left:0;z-index:0;border-radius:0.6369426751592357% 0.6369426751592357% 0.6369426751592357% 0.6369426751592357% \/ 4.545454545454546% 4.545454545454546% 4.545454545454546% 4.545454545454546%\" id=\"el-b8dfcf58-c5c5-411d-9365-0ad83633be10\">\n<h3 class=\"fill text-wrapper\" style=\"white-space:pre-line;overflow-wrap:break-word;word-break:break-word;margin:0;font-family:&quot;Anton&quot;,sans-serif;font-size:0.388350em;line-height:calc(1em + 0.3333333333333333em);text-align:left;padding:0;color:#000000;background-color:rgba(163,0,3,0.6);background:none\"><span style=\"display:block;position:relative;left:0;top:0;margin:1.9313544984076434% 0;-webkit-box-decoration-break:clone;box-decoration-break:clone\"><span style=\"background-color:rgba(163,0,3,0.6);-webkit-box-decoration-break:clone;box-decoration-break:clone;position:relative;padding:1.2738853503184715% 2.547770700636943%;text-align:left;border-radius:2px 2px 2px 2px;color:transparent\">Latic\u00ednios<\/span><\/span><\/h3>\n<h3 class=\"fill text-wrapper\" style=\"white-space:pre-line;overflow-wrap:break-word;word-break:break-word;margin:0;font-family:&quot;Anton&quot;,sans-serif;font-size:0.388350em;line-height:calc(1em + 0.3333333333333333em);text-align:left;padding:0;color:#000000;background-color:rgba(163,0,3,0.6);background:none;position:absolute;top:0;left:0;right:0\" aria-hidden=\"true\"><span style=\"display:block;position:relative;left:0;top:0;margin:1.9313544984076434% 0;-webkit-box-decoration-break:clone;box-decoration-break:clone\"><span style=\"background-color:rgba(163,0,3,0.6);-webkit-box-decoration-break:clone;box-decoration-break:clone;position:relative;padding:1.2738853503184715% 2.547770700636943%;text-align:left;border-radius:2px 2px 2px 2px;background:none\"><span style=\"color: #fff\">Latic\u00ednios<\/span><\/span><\/span><\/h3>\n<\/div>\n<\/div>\n<\/div>\n<\/div>\n<p><\/amp-story-grid-layer><\/amp-story-page><amp-story-page id=\"29fcb750-7146-4f5f-97dc-e45aded1e6ab\" auto-advance-after=\"7s\"><amp-story-animation layout=\"nodisplay\" trigger=\"visibility\"><script type=\"application\/json\">[{\"selector\":\"#anim-324c6b4d-6adf-48f5-a3d4-150b6c31e0d7\",\"keyframes\":{\"opacity\":[0,1]},\"delay\":0,\"duration\":600,\"easing\":\"cubic-bezier(0.4, 0.4, 0.0, 1)\",\"fill\":\"both\"}]<\/script><\/amp-story-animation><amp-story-grid-layer template=\"vertical\" aspect-ratio=\"412:618\" class=\"grid-layer\"><\/p>\n<div class=\"page-fullbleed-area\" style=\"background-color:#d0c9c3\">\n<div class=\"page-safe-area\">\n<div style=\"position:absolute;pointer-events:none;left:0;top:-9.25926%;width:100%;height:118.51852%;opacity:1\">\n<div style=\"pointer-events:initial;width:100%;height:100%;display:block;position:absolute;top:0;left:0;z-index:0\" class=\"mask\" id=\"el-99d9737f-3a40-4050-9e75-25e39011d317\">\n<div style=\"position:absolute;width:100%;height:100%;left:0%;top:0%\" data-leaf-element=\"true\"><amp-img layout=\"fill\" src=\"https:\/\/www.panoramamoveis.com.br\/blog-wp\/wp-content\/uploads\/2022\/07\/ESPELHOS-PG4.png\" alt=\"sala com espelho ovalado em cima de bancada de madeira\" srcSet=\"https:\/\/www.panoramamoveis.com.br\/blog-wp\/wp-content\/uploads\/2022\/07\/ESPELHOS-PG4.png 1080w,https:\/\/www.panoramamoveis.com.br\/blog-wp\/wp-content\/uploads\/2022\/07\/ESPELHOS-PG4-864x1536.png 864w,https:\/\/www.panoramamoveis.com.br\/blog-wp\/wp-content\/uploads\/2022\/07\/ESPELHOS-PG4-768x1365.png 768w,https:\/\/www.panoramamoveis.com.br\/blog-wp\/wp-content\/uploads\/2022\/07\/ESPELHOS-PG4-576x1024.png 576w,https:\/\/www.panoramamoveis.com.br\/blog-wp\/wp-content\/uploads\/2022\/07\/ESPELHOS-PG4-169x300.png 169w,https:\/\/www.panoramamoveis.com.br\/blog-wp\/wp-content\/uploads\/2022\/07\/ESPELHOS-PG4-150x267.png 150w\" sizes=\"(min-width: 1024px) 45vh, 100vw\" disable-inline-width=\"true\"><\/amp-img><\/div>\n<\/div>\n<\/div>\n<\/div>\n<\/div>\n<p><\/amp-story-grid-layer><amp-story-grid-layer template=\"vertical\" aspect-ratio=\"412:618\" class=\"grid-layer\"><\/p>\n<div class=\"page-fullbleed-area\">\n<div class=\"page-safe-area\">\n<div style=\"position:absolute;pointer-events:none;left:11.65049%;top:-5.82524%;width:76.69903%;height:63.1068%;opacity:1\">\n<div style=\"pointer-events:initial;width:100%;height:100%;display:block;position:absolute;top:0;left:0;z-index:0\" class=\"mask\" id=\"el-9813dac6-c7bd-46fc-9fb9-65ed971c34dd\">\n<div style=\"position:absolute;width:100%;height:121.42896%;left:0%;top:-10.71448%\" data-leaf-element=\"true\"><amp-img layout=\"fill\" src=\"https:\/\/www.panoramamoveis.com.br\/blog-wp\/wp-content\/uploads\/2024\/06\/vista-frontal-de-carne-com-cutelo_23-2148610976.jpeg\" alt=\"vista-frontal-de-carne-com-cutelo_23-2148610976\" srcSet=\"https:\/\/www.panoramamoveis.com.br\/blog-wp\/wp-content\/uploads\/2024\/06\/vista-frontal-de-carne-com-cutelo_23-2148610976.jpeg 740w,https:\/\/www.panoramamoveis.com.br\/blog-wp\/wp-content\/uploads\/2024\/06\/vista-frontal-de-carne-com-cutelo_23-2148610976-683x1024.jpeg 683w,https:\/\/www.panoramamoveis.com.br\/blog-wp\/wp-content\/uploads\/2024\/06\/vista-frontal-de-carne-com-cutelo_23-2148610976-200x300.jpeg 200w,https:\/\/www.panoramamoveis.com.br\/blog-wp\/wp-content\/uploads\/2024\/06\/vista-frontal-de-carne-com-cutelo_23-2148610976-150x225.jpeg 150w\" sizes=\"(min-width: 1024px) 35vh, 77vw\" disable-inline-width=\"true\"><\/amp-img><\/div>\n<\/div>\n<\/div>\n<div style=\"position:absolute;pointer-events:none;left:16.99029%;top:-8.41424%;width:13.59223%;height:16.82848%;transform:rotate(270deg);opacity:1\">\n<div style=\"pointer-events:initial;width:100%;height:100%;display:block;position:absolute;top:0;left:0;z-index:0\" class=\"mask\" id=\"el-9b489435-98b8-4d70-946a-6a2d1b302c19\">\n<div style=\"position:absolute;width:104.46432%;height:100%;left:-2.23216%;top:0%\" data-leaf-element=\"true\"><amp-img layout=\"fill\" src=\"https:\/\/www.panoramamoveis.com.br\/blog-wp\/wp-content\/uploads\/2021\/11\/Panorama-Moveis-click-1.png\" alt=\"Panorama M\u00f3veis click (1)\" srcSet=\"https:\/\/www.panoramamoveis.com.br\/blog-wp\/wp-content\/uploads\/2021\/11\/Panorama-Moveis-click-1.png 3240w,https:\/\/www.panoramamoveis.com.br\/blog-wp\/wp-content\/uploads\/2021\/11\/Panorama-Moveis-click-1-1980x3520.png 1980w,https:\/\/www.panoramamoveis.com.br\/blog-wp\/wp-content\/uploads\/2021\/11\/Panorama-Moveis-click-1-1200x2133.png 1200w,https:\/\/www.panoramamoveis.com.br\/blog-wp\/wp-content\/uploads\/2021\/11\/Panorama-Moveis-click-1-1152x2048.png 1152w,https:\/\/www.panoramamoveis.com.br\/blog-wp\/wp-content\/uploads\/2021\/11\/Panorama-Moveis-click-1-864x1536.png 864w,https:\/\/www.panoramamoveis.com.br\/blog-wp\/wp-content\/uploads\/2021\/11\/Panorama-Moveis-click-1-768x1365.png 768w,https:\/\/www.panoramamoveis.com.br\/blog-wp\/wp-content\/uploads\/2021\/11\/Panorama-Moveis-click-1-576x1024.png 576w,https:\/\/www.panoramamoveis.com.br\/blog-wp\/wp-content\/uploads\/2021\/11\/Panorama-Moveis-click-1-169x300.png 169w,https:\/\/www.panoramamoveis.com.br\/blog-wp\/wp-content\/uploads\/2021\/11\/Panorama-Moveis-click-1-150x267.png 150w\" sizes=\"(min-width: 1024px) 6vh, 14vw\" disable-inline-width=\"true\"><\/amp-img><\/div>\n<\/div>\n<\/div>\n<div style=\"position:absolute;pointer-events:none;left:14.56311%;top:57.11974%;width:71.1165%;height:23.30097%;opacity:1\">\n<div id=\"anim-324c6b4d-6adf-48f5-a3d4-150b6c31e0d7\" class=\"animation-wrapper\" style=\"width:100%;height:100%;display:block;position:absolute;top:0;left:0;--initial-opacity:0;--initial-transform:none\">\n<div style=\"pointer-events:initial;width:100%;height:100%;display:block;position:absolute;top:0;left:0;z-index:0;border-radius:0.6825938566552902% 0.6825938566552902% 0.6825938566552902% 0.6825938566552902% \/ 1.3888888888888888% 1.3888888888888888% 1.3888888888888888% 1.3888888888888888%\" id=\"el-fc5b4940-ff4e-499e-8242-ae534e4ecd05\">\n<h3 class=\"fill text-wrapper\" style=\"white-space:pre-line;overflow-wrap:break-word;word-break:break-word;margin:1.1068259385665529% 0;font-family:&quot;Oswald&quot;,sans-serif;font-size:0.372168em;line-height:1.2;text-align:left;padding:0;color:#000000\"><span><span style=\"color: #f00\">Carne bovina e su\u00edna s\u00e3o mais dif\u00edceis de digerir devido ao seu alto teor de gordura e prote\u00edna, o que pode sobrecarregar o sistema digestivo.<\/span><\/span><\/h3>\n<\/div>\n<\/div>\n<\/div>\n<div style=\"position:absolute;pointer-events:none;left:14.56311%;top:50%;width:76.21359%;height:7.11974%;opacity:1\">\n<div style=\"pointer-events:initial;width:100%;height:100%;display:block;position:absolute;top:0;left:0;z-index:0;border-radius:0.6369426751592357% 0.6369426751592357% 0.6369426751592357% 0.6369426751592357% \/ 4.545454545454546% 4.545454545454546% 4.545454545454546% 4.545454545454546%\" id=\"el-d05b6c74-c435-47c6-9d10-55aab58864bb\">\n<h3 class=\"fill text-wrapper\" style=\"white-space:pre-line;overflow-wrap:break-word;word-break:break-word;margin:0;font-family:&quot;Anton&quot;,sans-serif;font-size:0.388350em;line-height:calc(1em + 0.3333333333333333em);text-align:left;padding:0;color:#000000;background-color:rgba(163,0,3,0.6);background:none\"><span style=\"display:block;position:relative;left:0;top:0;margin:1.9313544984076434% 0;-webkit-box-decoration-break:clone;box-decoration-break:clone\"><span style=\"background-color:rgba(163,0,3,0.6);-webkit-box-decoration-break:clone;box-decoration-break:clone;position:relative;padding:1.2738853503184715% 2.547770700636943%;text-align:left;border-radius:2px 2px 2px 2px;color:transparent\">Carnes vermelhas<\/span><\/span><\/h3>\n<h3 class=\"fill text-wrapper\" style=\"white-space:pre-line;overflow-wrap:break-word;word-break:break-word;margin:0;font-family:&quot;Anton&quot;,sans-serif;font-size:0.388350em;line-height:calc(1em + 0.3333333333333333em);text-align:left;padding:0;color:#000000;background-color:rgba(163,0,3,0.6);background:none;position:absolute;top:0;left:0;right:0\" aria-hidden=\"true\"><span style=\"display:block;position:relative;left:0;top:0;margin:1.9313544984076434% 0;-webkit-box-decoration-break:clone;box-decoration-break:clone\"><span style=\"background-color:rgba(163,0,3,0.6);-webkit-box-decoration-break:clone;box-decoration-break:clone;position:relative;padding:1.2738853503184715% 2.547770700636943%;text-align:left;border-radius:2px 2px 2px 2px;background:none\"><span style=\"color: #fff\">Carnes vermelhas<\/span><\/span><\/span><\/h3>\n<\/div>\n<\/div>\n<\/div>\n<\/div>\n<p><\/amp-story-grid-layer><\/amp-story-page><amp-story-page id=\"d4b8f486-fe5d-460d-93e8-9b0d3d595d8a\" auto-advance-after=\"7s\"><amp-story-animation layout=\"nodisplay\" trigger=\"visibility\"><script type=\"application\/json\">[{\"selector\":\"#anim-2a8e9925-d116-4e3d-a41d-5ec0e1364447\",\"keyframes\":{\"opacity\":[0,1]},\"delay\":0,\"duration\":600,\"easing\":\"cubic-bezier(0.4, 0.4, 0.0, 1)\",\"fill\":\"both\"}]<\/script><\/amp-story-animation><amp-story-grid-layer template=\"vertical\" aspect-ratio=\"412:618\" class=\"grid-layer\"><\/p>\n<div class=\"page-fullbleed-area\" style=\"background-color:#d0c9c3\">\n<div class=\"page-safe-area\">\n<div style=\"position:absolute;pointer-events:none;left:0;top:-9.25926%;width:100%;height:118.51852%;opacity:1\">\n<div style=\"pointer-events:initial;width:100%;height:100%;display:block;position:absolute;top:0;left:0;z-index:0\" class=\"mask\" id=\"el-f29dba94-c062-4103-8a75-7ec107568568\">\n<div style=\"position:absolute;width:100%;height:100%;left:0%;top:0%\" data-leaf-element=\"true\"><amp-img layout=\"fill\" src=\"https:\/\/www.panoramamoveis.com.br\/blog-wp\/wp-content\/uploads\/2022\/07\/ESPELHOS-PG4.png\" alt=\"sala com espelho ovalado em cima de bancada de madeira\" srcSet=\"https:\/\/www.panoramamoveis.com.br\/blog-wp\/wp-content\/uploads\/2022\/07\/ESPELHOS-PG4.png 1080w,https:\/\/www.panoramamoveis.com.br\/blog-wp\/wp-content\/uploads\/2022\/07\/ESPELHOS-PG4-864x1536.png 864w,https:\/\/www.panoramamoveis.com.br\/blog-wp\/wp-content\/uploads\/2022\/07\/ESPELHOS-PG4-768x1365.png 768w,https:\/\/www.panoramamoveis.com.br\/blog-wp\/wp-content\/uploads\/2022\/07\/ESPELHOS-PG4-576x1024.png 576w,https:\/\/www.panoramamoveis.com.br\/blog-wp\/wp-content\/uploads\/2022\/07\/ESPELHOS-PG4-169x300.png 169w,https:\/\/www.panoramamoveis.com.br\/blog-wp\/wp-content\/uploads\/2022\/07\/ESPELHOS-PG4-150x267.png 150w\" sizes=\"(min-width: 1024px) 45vh, 100vw\" disable-inline-width=\"true\"><\/amp-img><\/div>\n<\/div>\n<\/div>\n<\/div>\n<\/div>\n<p><\/amp-story-grid-layer><amp-story-grid-layer template=\"vertical\" aspect-ratio=\"412:618\" class=\"grid-layer\"><\/p>\n<div class=\"page-fullbleed-area\">\n<div class=\"page-safe-area\">\n<div style=\"position:absolute;pointer-events:none;left:11.16505%;top:-5.82524%;width:76.69903%;height:62.78317%;opacity:1\">\n<div style=\"pointer-events:initial;width:100%;height:100%;display:block;position:absolute;top:0;left:0;z-index:0\" class=\"mask\" id=\"el-ddf41cf8-4018-4dcc-a6e2-4f4698645ca7\">\n<div style=\"position:absolute;width:100%;height:122.16495%;left:0%;top:-11.08248%\" data-leaf-element=\"true\"><amp-img layout=\"fill\" src=\"https:\/\/www.panoramamoveis.com.br\/blog-wp\/wp-content\/uploads\/2024\/06\/pessoa-derramando-bebida-de-guarana-em-copo-de-garrafa_23-2150765641.jpg\" alt=\"pessoa-derramando-bebida-de-guarana-em-copo-de-garrafa_23-2150765641\" srcSet=\"https:\/\/www.panoramamoveis.com.br\/blog-wp\/wp-content\/uploads\/2024\/06\/pessoa-derramando-bebida-de-guarana-em-copo-de-garrafa_23-2150765641.jpg 740w,https:\/\/www.panoramamoveis.com.br\/blog-wp\/wp-content\/uploads\/2024\/06\/pessoa-derramando-bebida-de-guarana-em-copo-de-garrafa_23-2150765641-683x1024.jpg 683w,https:\/\/www.panoramamoveis.com.br\/blog-wp\/wp-content\/uploads\/2024\/06\/pessoa-derramando-bebida-de-guarana-em-copo-de-garrafa_23-2150765641-200x300.jpg 200w,https:\/\/www.panoramamoveis.com.br\/blog-wp\/wp-content\/uploads\/2024\/06\/pessoa-derramando-bebida-de-guarana-em-copo-de-garrafa_23-2150765641-150x225.jpg 150w\" sizes=\"(min-width: 1024px) 35vh, 77vw\" disable-inline-width=\"true\"><\/amp-img><\/div>\n<\/div>\n<\/div>\n<div style=\"position:absolute;pointer-events:none;left:16.99029%;top:-8.41424%;width:13.59223%;height:16.82848%;transform:rotate(270deg);opacity:1\">\n<div style=\"pointer-events:initial;width:100%;height:100%;display:block;position:absolute;top:0;left:0;z-index:0\" class=\"mask\" id=\"el-4c2895bc-6d69-4caf-87f5-c53faf6c81a2\">\n<div style=\"position:absolute;width:104.46432%;height:100%;left:-2.23216%;top:0%\" data-leaf-element=\"true\"><amp-img layout=\"fill\" src=\"https:\/\/www.panoramamoveis.com.br\/blog-wp\/wp-content\/uploads\/2021\/11\/Panorama-Moveis-click-1.png\" alt=\"Panorama M\u00f3veis click (1)\" srcSet=\"https:\/\/www.panoramamoveis.com.br\/blog-wp\/wp-content\/uploads\/2021\/11\/Panorama-Moveis-click-1.png 3240w,https:\/\/www.panoramamoveis.com.br\/blog-wp\/wp-content\/uploads\/2021\/11\/Panorama-Moveis-click-1-1980x3520.png 1980w,https:\/\/www.panoramamoveis.com.br\/blog-wp\/wp-content\/uploads\/2021\/11\/Panorama-Moveis-click-1-1200x2133.png 1200w,https:\/\/www.panoramamoveis.com.br\/blog-wp\/wp-content\/uploads\/2021\/11\/Panorama-Moveis-click-1-1152x2048.png 1152w,https:\/\/www.panoramamoveis.com.br\/blog-wp\/wp-content\/uploads\/2021\/11\/Panorama-Moveis-click-1-864x1536.png 864w,https:\/\/www.panoramamoveis.com.br\/blog-wp\/wp-content\/uploads\/2021\/11\/Panorama-Moveis-click-1-768x1365.png 768w,https:\/\/www.panoramamoveis.com.br\/blog-wp\/wp-content\/uploads\/2021\/11\/Panorama-Moveis-click-1-576x1024.png 576w,https:\/\/www.panoramamoveis.com.br\/blog-wp\/wp-content\/uploads\/2021\/11\/Panorama-Moveis-click-1-169x300.png 169w,https:\/\/www.panoramamoveis.com.br\/blog-wp\/wp-content\/uploads\/2021\/11\/Panorama-Moveis-click-1-150x267.png 150w\" sizes=\"(min-width: 1024px) 6vh, 14vw\" disable-inline-width=\"true\"><\/amp-img><\/div>\n<\/div>\n<\/div>\n<div style=\"position:absolute;pointer-events:none;left:13.83495%;top:56.95793%;width:72.81553%;height:14.56311%;opacity:1\">\n<div id=\"anim-2a8e9925-d116-4e3d-a41d-5ec0e1364447\" class=\"animation-wrapper\" style=\"width:100%;height:100%;display:block;position:absolute;top:0;left:0;--initial-opacity:0;--initial-transform:none\">\n<div style=\"pointer-events:initial;width:100%;height:100%;display:block;position:absolute;top:0;left:0;z-index:0;border-radius:0.6666666666666667% 0.6666666666666667% 0.6666666666666667% 0.6666666666666667% \/ 2.2222222222222223% 2.2222222222222223% 2.2222222222222223% 2.2222222222222223%\" id=\"el-2479da5a-28a5-476b-8992-028a84adf457\">\n<h3 class=\"fill text-wrapper\" style=\"white-space:pre-line;overflow-wrap:break-word;word-break:break-word;margin:1.0810000000000002% 0;font-family:&quot;Oswald&quot;,sans-serif;font-size:0.372168em;line-height:1.2;text-align:left;padding:0;color:#000000\"><span><span style=\"color: #f00\">Essas bebidas podem causar incha\u00e7o e gases, dificultando a digest\u00e3o.<\/span><\/span><\/h3>\n<\/div>\n<\/div>\n<\/div>\n<div style=\"position:absolute;pointer-events:none;left:13.83495%;top:44.66019%;width:76.21359%;height:12.29773%;opacity:1\">\n<div style=\"pointer-events:initial;width:100%;height:100%;display:block;position:absolute;top:0;left:0;z-index:0;border-radius:0.6369426751592357% 0.6369426751592357% 0.6369426751592357% 0.6369426751592357% \/ 2.631578947368421% 2.631578947368421% 2.631578947368421% 2.631578947368421%\" id=\"el-ab493e8e-006c-4b6e-8af2-5375069144dd\">\n<h3 class=\"fill text-wrapper\" style=\"white-space:pre-line;overflow-wrap:break-word;word-break:break-word;margin:0;font-family:&quot;Anton&quot;,sans-serif;font-size:0.388350em;line-height:calc(1em + 0.3333333333333333em);text-align:left;padding:0;color:#000000;background-color:rgba(163,0,3,0.6);background:none\"><span style=\"display:block;position:relative;left:0;top:0;margin:1.9313544984076434% 0;-webkit-box-decoration-break:clone;box-decoration-break:clone\"><span style=\"background-color:rgba(163,0,3,0.6);-webkit-box-decoration-break:clone;box-decoration-break:clone;position:relative;padding:1.2738853503184715% 2.547770700636943%;text-align:left;border-radius:2px 2px 2px 2px;color:transparent\">Refrigerantes e bebidas gasosas<\/span><\/span><\/h3>\n<h3 class=\"fill text-wrapper\" style=\"white-space:pre-line;overflow-wrap:break-word;word-break:break-word;margin:0;font-family:&quot;Anton&quot;,sans-serif;font-size:0.388350em;line-height:calc(1em + 0.3333333333333333em);text-align:left;padding:0;color:#000000;background-color:rgba(163,0,3,0.6);background:none;position:absolute;top:0;left:0;right:0\" aria-hidden=\"true\"><span style=\"display:block;position:relative;left:0;top:0;margin:1.9313544984076434% 0;-webkit-box-decoration-break:clone;box-decoration-break:clone\"><span style=\"background-color:rgba(163,0,3,0.6);-webkit-box-decoration-break:clone;box-decoration-break:clone;position:relative;padding:1.2738853503184715% 2.547770700636943%;text-align:left;border-radius:2px 2px 2px 2px;background:none\"><span style=\"color: #fff\">Refrigerantes e bebidas gasosas<\/span><\/span><\/span><\/h3>\n<\/div>\n<\/div>\n<\/div>\n<\/div>\n<p><\/amp-story-grid-layer><\/amp-story-page><amp-story-page id=\"7ffc3b8d-c7c2-449e-abe3-fb853480226f\" auto-advance-after=\"7s\"><amp-story-animation layout=\"nodisplay\" trigger=\"visibility\"><script type=\"application\/json\">[{\"selector\":\"#anim-d63fa656-b552-4c6e-8a23-1c9e6644c640\",\"keyframes\":{\"opacity\":[0,1]},\"delay\":0,\"duration\":600,\"easing\":\"cubic-bezier(0.4, 0.4, 0.0, 1)\",\"fill\":\"both\"}]<\/script><\/amp-story-animation><amp-story-grid-layer template=\"vertical\" aspect-ratio=\"412:618\" class=\"grid-layer\"><\/p>\n<div class=\"page-fullbleed-area\" style=\"background-color:#d0c9c3\">\n<div class=\"page-safe-area\">\n<div style=\"position:absolute;pointer-events:none;left:0;top:-9.25926%;width:100%;height:118.51852%;opacity:1\">\n<div style=\"pointer-events:initial;width:100%;height:100%;display:block;position:absolute;top:0;left:0;z-index:0\" class=\"mask\" id=\"el-23b2635e-3453-4e7e-b3fa-3148dac9b2bc\">\n<div style=\"position:absolute;width:100%;height:100%;left:0%;top:0%\" data-leaf-element=\"true\"><amp-img layout=\"fill\" src=\"https:\/\/www.panoramamoveis.com.br\/blog-wp\/wp-content\/uploads\/2022\/07\/ESPELHOS-PG4.png\" alt=\"sala com espelho ovalado em cima de bancada de madeira\" srcSet=\"https:\/\/www.panoramamoveis.com.br\/blog-wp\/wp-content\/uploads\/2022\/07\/ESPELHOS-PG4.png 1080w,https:\/\/www.panoramamoveis.com.br\/blog-wp\/wp-content\/uploads\/2022\/07\/ESPELHOS-PG4-864x1536.png 864w,https:\/\/www.panoramamoveis.com.br\/blog-wp\/wp-content\/uploads\/2022\/07\/ESPELHOS-PG4-768x1365.png 768w,https:\/\/www.panoramamoveis.com.br\/blog-wp\/wp-content\/uploads\/2022\/07\/ESPELHOS-PG4-576x1024.png 576w,https:\/\/www.panoramamoveis.com.br\/blog-wp\/wp-content\/uploads\/2022\/07\/ESPELHOS-PG4-169x300.png 169w,https:\/\/www.panoramamoveis.com.br\/blog-wp\/wp-content\/uploads\/2022\/07\/ESPELHOS-PG4-150x267.png 150w\" sizes=\"(min-width: 1024px) 45vh, 100vw\" disable-inline-width=\"true\"><\/amp-img><\/div>\n<\/div>\n<\/div>\n<\/div>\n<\/div>\n<p><\/amp-story-grid-layer><amp-story-grid-layer template=\"vertical\" aspect-ratio=\"412:618\" class=\"grid-layer\"><\/p>\n<div class=\"page-fullbleed-area\">\n<div class=\"page-safe-area\">\n<div style=\"position:absolute;pointer-events:none;left:11.65049%;top:-5.82524%;width:76.69903%;height:62.78317%;opacity:1\">\n<div style=\"pointer-events:initial;width:100%;height:100%;display:block;position:absolute;top:0;left:0;z-index:0\" class=\"mask\" id=\"el-b5d04634-fc83-4d44-bc8c-115d159a3067\">\n<div style=\"position:absolute;width:100%;height:122.16495%;left:0%;top:-11.08248%\" data-leaf-element=\"true\"><amp-img layout=\"fill\" src=\"https:\/\/www.panoramamoveis.com.br\/blog-wp\/wp-content\/uploads\/2024\/06\/pimentas-vermelhas-estao-em-um-almofariz-de-pedra-na-superficie-preta_1150-25566.jpeg\" alt=\"pimentas-vermelhas-estao-em-um-almofariz-de-pedra-na-superficie-preta_1150-25566\" srcSet=\"https:\/\/www.panoramamoveis.com.br\/blog-wp\/wp-content\/uploads\/2024\/06\/pimentas-vermelhas-estao-em-um-almofariz-de-pedra-na-superficie-preta_1150-25566.jpeg 740w,https:\/\/www.panoramamoveis.com.br\/blog-wp\/wp-content\/uploads\/2024\/06\/pimentas-vermelhas-estao-em-um-almofariz-de-pedra-na-superficie-preta_1150-25566-683x1024.jpeg 683w,https:\/\/www.panoramamoveis.com.br\/blog-wp\/wp-content\/uploads\/2024\/06\/pimentas-vermelhas-estao-em-um-almofariz-de-pedra-na-superficie-preta_1150-25566-200x300.jpeg 200w,https:\/\/www.panoramamoveis.com.br\/blog-wp\/wp-content\/uploads\/2024\/06\/pimentas-vermelhas-estao-em-um-almofariz-de-pedra-na-superficie-preta_1150-25566-150x225.jpeg 150w\" sizes=\"(min-width: 1024px) 35vh, 77vw\" disable-inline-width=\"true\"><\/amp-img><\/div>\n<\/div>\n<\/div>\n<div style=\"position:absolute;pointer-events:none;left:16.99029%;top:-8.41424%;width:13.59223%;height:16.82848%;transform:rotate(270deg);opacity:1\">\n<div style=\"pointer-events:initial;width:100%;height:100%;display:block;position:absolute;top:0;left:0;z-index:0\" class=\"mask\" id=\"el-607741af-85fd-44c3-9795-3b62dec4ea40\">\n<div style=\"position:absolute;width:104.46432%;height:100%;left:-2.23216%;top:0%\" data-leaf-element=\"true\"><amp-img layout=\"fill\" src=\"https:\/\/www.panoramamoveis.com.br\/blog-wp\/wp-content\/uploads\/2021\/11\/Panorama-Moveis-click-1.png\" alt=\"Panorama M\u00f3veis click (1)\" srcSet=\"https:\/\/www.panoramamoveis.com.br\/blog-wp\/wp-content\/uploads\/2021\/11\/Panorama-Moveis-click-1.png 3240w,https:\/\/www.panoramamoveis.com.br\/blog-wp\/wp-content\/uploads\/2021\/11\/Panorama-Moveis-click-1-1980x3520.png 1980w,https:\/\/www.panoramamoveis.com.br\/blog-wp\/wp-content\/uploads\/2021\/11\/Panorama-Moveis-click-1-1200x2133.png 1200w,https:\/\/www.panoramamoveis.com.br\/blog-wp\/wp-content\/uploads\/2021\/11\/Panorama-Moveis-click-1-1152x2048.png 1152w,https:\/\/www.panoramamoveis.com.br\/blog-wp\/wp-content\/uploads\/2021\/11\/Panorama-Moveis-click-1-864x1536.png 864w,https:\/\/www.panoramamoveis.com.br\/blog-wp\/wp-content\/uploads\/2021\/11\/Panorama-Moveis-click-1-768x1365.png 768w,https:\/\/www.panoramamoveis.com.br\/blog-wp\/wp-content\/uploads\/2021\/11\/Panorama-Moveis-click-1-576x1024.png 576w,https:\/\/www.panoramamoveis.com.br\/blog-wp\/wp-content\/uploads\/2021\/11\/Panorama-Moveis-click-1-169x300.png 169w,https:\/\/www.panoramamoveis.com.br\/blog-wp\/wp-content\/uploads\/2021\/11\/Panorama-Moveis-click-1-150x267.png 150w\" sizes=\"(min-width: 1024px) 6vh, 14vw\" disable-inline-width=\"true\"><\/amp-img><\/div>\n<\/div>\n<\/div>\n<div style=\"position:absolute;pointer-events:none;left:13.83495%;top:56.95793%;width:72.81553%;height:23.46278%;opacity:1\">\n<div id=\"anim-d63fa656-b552-4c6e-8a23-1c9e6644c640\" class=\"animation-wrapper\" style=\"width:100%;height:100%;display:block;position:absolute;top:0;left:0;--initial-opacity:0;--initial-transform:none\">\n<div style=\"pointer-events:initial;width:100%;height:100%;display:block;position:absolute;top:0;left:0;z-index:0;border-radius:0.6666666666666667% 0.6666666666666667% 0.6666666666666667% 0.6666666666666667% \/ 1.3793103448275863% 1.3793103448275863% 1.3793103448275863% 1.3793103448275863%\" id=\"el-a1001969-4ead-491e-b3e6-40dfbebae23c\">\n<h3 class=\"fill text-wrapper\" style=\"white-space:pre-line;overflow-wrap:break-word;word-break:break-word;margin:1.0810000000000002% 0;font-family:&quot;Oswald&quot;,sans-serif;font-size:0.372168em;line-height:1.2;text-align:left;padding:0;color:#000000\"><span><span style=\"color: #f00\">Pimentas e outros condimentos picantes podem irritar o est\u00f4mago e causar indigest\u00e3o, especialmente em pessoas sens\u00edveis a alimentos picantes.<\/span><\/span><\/h3>\n<\/div>\n<\/div>\n<\/div>\n<div style=\"position:absolute;pointer-events:none;left:13.83495%;top:49.83819%;width:76.21359%;height:7.11974%;opacity:1\">\n<div style=\"pointer-events:initial;width:100%;height:100%;display:block;position:absolute;top:0;left:0;z-index:0;border-radius:0.6369426751592357% 0.6369426751592357% 0.6369426751592357% 0.6369426751592357% \/ 4.545454545454546% 4.545454545454546% 4.545454545454546% 4.545454545454546%\" id=\"el-7279cb2c-e3b2-4827-85d0-680a9c4e1d49\">\n<h3 class=\"fill text-wrapper\" style=\"white-space:pre-line;overflow-wrap:break-word;word-break:break-word;margin:0;font-family:&quot;Anton&quot;,sans-serif;font-size:0.388350em;line-height:calc(1em + 0.3333333333333333em);text-align:left;padding:0;color:#000000;background-color:rgba(163,0,3,0.6);background:none\"><span style=\"display:block;position:relative;left:0;top:0;margin:1.9313544984076434% 0;-webkit-box-decoration-break:clone;box-decoration-break:clone\"><span style=\"background-color:rgba(163,0,3,0.6);-webkit-box-decoration-break:clone;box-decoration-break:clone;position:relative;padding:1.2738853503184715% 2.547770700636943%;text-align:left;border-radius:2px 2px 2px 2px;color:transparent\">Alimentos picantes<\/span><\/span><\/h3>\n<h3 class=\"fill text-wrapper\" style=\"white-space:pre-line;overflow-wrap:break-word;word-break:break-word;margin:0;font-family:&quot;Anton&quot;,sans-serif;font-size:0.388350em;line-height:calc(1em + 0.3333333333333333em);text-align:left;padding:0;color:#000000;background-color:rgba(163,0,3,0.6);background:none;position:absolute;top:0;left:0;right:0\" aria-hidden=\"true\"><span style=\"display:block;position:relative;left:0;top:0;margin:1.9313544984076434% 0;-webkit-box-decoration-break:clone;box-decoration-break:clone\"><span style=\"background-color:rgba(163,0,3,0.6);-webkit-box-decoration-break:clone;box-decoration-break:clone;position:relative;padding:1.2738853503184715% 2.547770700636943%;text-align:left;border-radius:2px 2px 2px 2px;background:none\"><span style=\"color: #fff\">Alimentos picantes<\/span><\/span><\/span><\/h3>\n<\/div>\n<\/div>\n<\/div>\n<\/div>\n<p><\/amp-story-grid-layer><\/amp-story-page><amp-story-page id=\"bac3fc17-e552-4b04-853d-47e4e353da09\" auto-advance-after=\"7s\"><amp-story-animation layout=\"nodisplay\" trigger=\"visibility\"><script type=\"application\/json\">[{\"selector\":\"#anim-f6d032b5-e0b8-4d68-b4ec-205b0748adc2\",\"keyframes\":{\"opacity\":[0,1]},\"delay\":0,\"duration\":600,\"easing\":\"cubic-bezier(0.4, 0.4, 0.0, 1)\",\"fill\":\"both\"}]<\/script><\/amp-story-animation><amp-story-grid-layer template=\"vertical\" aspect-ratio=\"412:618\" class=\"grid-layer\"><\/p>\n<div class=\"page-fullbleed-area\" style=\"background-color:#d0c9c3\">\n<div class=\"page-safe-area\">\n<div style=\"position:absolute;pointer-events:none;left:0;top:-9.25926%;width:100%;height:118.51852%;opacity:1\">\n<div style=\"pointer-events:initial;width:100%;height:100%;display:block;position:absolute;top:0;left:0;z-index:0\" class=\"mask\" id=\"el-a115070e-60fd-40fb-b08f-31e77a8fbe87\">\n<div style=\"position:absolute;width:100%;height:100%;left:0%;top:0%\" data-leaf-element=\"true\"><amp-img layout=\"fill\" src=\"https:\/\/www.panoramamoveis.com.br\/blog-wp\/wp-content\/uploads\/2022\/07\/ESPELHOS-PG4.png\" alt=\"sala com espelho ovalado em cima de bancada de madeira\" srcSet=\"https:\/\/www.panoramamoveis.com.br\/blog-wp\/wp-content\/uploads\/2022\/07\/ESPELHOS-PG4.png 1080w,https:\/\/www.panoramamoveis.com.br\/blog-wp\/wp-content\/uploads\/2022\/07\/ESPELHOS-PG4-864x1536.png 864w,https:\/\/www.panoramamoveis.com.br\/blog-wp\/wp-content\/uploads\/2022\/07\/ESPELHOS-PG4-768x1365.png 768w,https:\/\/www.panoramamoveis.com.br\/blog-wp\/wp-content\/uploads\/2022\/07\/ESPELHOS-PG4-576x1024.png 576w,https:\/\/www.panoramamoveis.com.br\/blog-wp\/wp-content\/uploads\/2022\/07\/ESPELHOS-PG4-169x300.png 169w,https:\/\/www.panoramamoveis.com.br\/blog-wp\/wp-content\/uploads\/2022\/07\/ESPELHOS-PG4-150x267.png 150w\" sizes=\"(min-width: 1024px) 45vh, 100vw\" disable-inline-width=\"true\"><\/amp-img><\/div>\n<\/div>\n<\/div>\n<\/div>\n<\/div>\n<p><\/amp-story-grid-layer><amp-story-grid-layer template=\"vertical\" aspect-ratio=\"412:618\" class=\"grid-layer\"><\/p>\n<div class=\"page-fullbleed-area\">\n<div class=\"page-safe-area\">\n<div style=\"position:absolute;pointer-events:none;left:12.86408%;top:-5.82524%;width:74.75728%;height:62.78317%;opacity:1\">\n<div style=\"pointer-events:initial;width:100%;height:100%;display:block;position:absolute;top:0;left:0;z-index:0\" class=\"mask\" id=\"el-5342792e-0629-4478-a4b3-7d0e28c1aa82\">\n<div style=\"position:absolute;width:100%;height:119.07217%;left:0%;top:-9.53608%\" data-leaf-element=\"true\"><amp-img layout=\"fill\" src=\"https:\/\/www.panoramamoveis.com.br\/blog-wp\/wp-content\/uploads\/2024\/06\/deliciosos-produtos-de-padaria-na-cesta_23-2147852045.jpg\" alt=\"deliciosos-produtos-de-padaria-na-cesta_23-2147852045\" srcSet=\"https:\/\/www.panoramamoveis.com.br\/blog-wp\/wp-content\/uploads\/2024\/06\/deliciosos-produtos-de-padaria-na-cesta_23-2147852045.jpg 740w,https:\/\/www.panoramamoveis.com.br\/blog-wp\/wp-content\/uploads\/2024\/06\/deliciosos-produtos-de-padaria-na-cesta_23-2147852045-683x1024.jpg 683w,https:\/\/www.panoramamoveis.com.br\/blog-wp\/wp-content\/uploads\/2024\/06\/deliciosos-produtos-de-padaria-na-cesta_23-2147852045-200x300.jpg 200w,https:\/\/www.panoramamoveis.com.br\/blog-wp\/wp-content\/uploads\/2024\/06\/deliciosos-produtos-de-padaria-na-cesta_23-2147852045-150x225.jpg 150w\" sizes=\"(min-width: 1024px) 34vh, 75vw\" disable-inline-width=\"true\"><\/amp-img><\/div>\n<\/div>\n<\/div>\n<div style=\"position:absolute;pointer-events:none;left:16.99029%;top:-8.41424%;width:13.59223%;height:16.82848%;transform:rotate(270deg);opacity:1\">\n<div style=\"pointer-events:initial;width:100%;height:100%;display:block;position:absolute;top:0;left:0;z-index:0\" class=\"mask\" id=\"el-97f6f66c-d3e4-467a-861f-5ac379228862\">\n<div style=\"position:absolute;width:104.46432%;height:100%;left:-2.23216%;top:0%\" data-leaf-element=\"true\"><amp-img layout=\"fill\" src=\"https:\/\/www.panoramamoveis.com.br\/blog-wp\/wp-content\/uploads\/2021\/11\/Panorama-Moveis-click-1.png\" alt=\"Panorama M\u00f3veis click (1)\" srcSet=\"https:\/\/www.panoramamoveis.com.br\/blog-wp\/wp-content\/uploads\/2021\/11\/Panorama-Moveis-click-1.png 3240w,https:\/\/www.panoramamoveis.com.br\/blog-wp\/wp-content\/uploads\/2021\/11\/Panorama-Moveis-click-1-1980x3520.png 1980w,https:\/\/www.panoramamoveis.com.br\/blog-wp\/wp-content\/uploads\/2021\/11\/Panorama-Moveis-click-1-1200x2133.png 1200w,https:\/\/www.panoramamoveis.com.br\/blog-wp\/wp-content\/uploads\/2021\/11\/Panorama-Moveis-click-1-1152x2048.png 1152w,https:\/\/www.panoramamoveis.com.br\/blog-wp\/wp-content\/uploads\/2021\/11\/Panorama-Moveis-click-1-864x1536.png 864w,https:\/\/www.panoramamoveis.com.br\/blog-wp\/wp-content\/uploads\/2021\/11\/Panorama-Moveis-click-1-768x1365.png 768w,https:\/\/www.panoramamoveis.com.br\/blog-wp\/wp-content\/uploads\/2021\/11\/Panorama-Moveis-click-1-576x1024.png 576w,https:\/\/www.panoramamoveis.com.br\/blog-wp\/wp-content\/uploads\/2021\/11\/Panorama-Moveis-click-1-169x300.png 169w,https:\/\/www.panoramamoveis.com.br\/blog-wp\/wp-content\/uploads\/2021\/11\/Panorama-Moveis-click-1-150x267.png 150w\" sizes=\"(min-width: 1024px) 6vh, 14vw\" disable-inline-width=\"true\"><\/amp-img><\/div>\n<\/div>\n<\/div>\n<div style=\"position:absolute;pointer-events:none;left:13.83495%;top:56.95793%;width:71.84466%;height:27.83172%;opacity:1\">\n<div id=\"anim-f6d032b5-e0b8-4d68-b4ec-205b0748adc2\" class=\"animation-wrapper\" style=\"width:100%;height:100%;display:block;position:absolute;top:0;left:0;--initial-opacity:0;--initial-transform:none\">\n<div style=\"pointer-events:initial;width:100%;height:100%;display:block;position:absolute;top:0;left:0;z-index:0;border-radius:0.6756756756756757% 0.6756756756756757% 0.6756756756756757% 0.6756756756756757% \/ 1.1627906976744187% 1.1627906976744187% 1.1627906976744187% 1.1627906976744187%\" id=\"el-27bc0cc3-5062-4f9f-a60a-ff7bffd495db\">\n<h3 class=\"fill text-wrapper\" style=\"white-space:pre-line;overflow-wrap:break-word;word-break:break-word;margin:1.0956081081081082% 0;font-family:&quot;Oswald&quot;,sans-serif;font-size:0.372168em;line-height:1.2;text-align:left;padding:0;color:#000000\"><span><span style=\"color: #f00\">Para pessoas com doen\u00e7a cel\u00edaca ou sensibilidade ao gl\u00faten, alimentos que cont\u00eam gl\u00faten, como trigo, cevada e centeio, podem causar problemas digestivos significativos.<\/span><\/span><\/h3>\n<\/div>\n<\/div>\n<\/div>\n<div style=\"position:absolute;pointer-events:none;left:13.83495%;top:49.83819%;width:76.21359%;height:7.11974%;opacity:1\">\n<div style=\"pointer-events:initial;width:100%;height:100%;display:block;position:absolute;top:0;left:0;z-index:0;border-radius:0.6369426751592357% 0.6369426751592357% 0.6369426751592357% 0.6369426751592357% \/ 4.545454545454546% 4.545454545454546% 4.545454545454546% 4.545454545454546%\" id=\"el-b6bb4984-0ddf-4804-897c-219381b090dc\">\n<h3 class=\"fill text-wrapper\" style=\"white-space:pre-line;overflow-wrap:break-word;word-break:break-word;margin:0;font-family:&quot;Anton&quot;,sans-serif;font-size:0.388350em;line-height:calc(1em + 0.3333333333333333em);text-align:left;padding:0;color:#000000;background-color:rgba(163,0,3,0.6);background:none\"><span style=\"display:block;position:relative;left:0;top:0;margin:1.9313544984076434% 0;-webkit-box-decoration-break:clone;box-decoration-break:clone\"><span style=\"background-color:rgba(163,0,3,0.6);-webkit-box-decoration-break:clone;box-decoration-break:clone;position:relative;padding:1.2738853503184715% 2.547770700636943%;text-align:left;border-radius:2px 2px 2px 2px;color:transparent\">Gl\u00faten<\/span><\/span><\/h3>\n<h3 class=\"fill text-wrapper\" style=\"white-space:pre-line;overflow-wrap:break-word;word-break:break-word;margin:0;font-family:&quot;Anton&quot;,sans-serif;font-size:0.388350em;line-height:calc(1em + 0.3333333333333333em);text-align:left;padding:0;color:#000000;background-color:rgba(163,0,3,0.6);background:none;position:absolute;top:0;left:0;right:0\" aria-hidden=\"true\"><span style=\"display:block;position:relative;left:0;top:0;margin:1.9313544984076434% 0;-webkit-box-decoration-break:clone;box-decoration-break:clone\"><span style=\"background-color:rgba(163,0,3,0.6);-webkit-box-decoration-break:clone;box-decoration-break:clone;position:relative;padding:1.2738853503184715% 2.547770700636943%;text-align:left;border-radius:2px 2px 2px 2px;background:none\"><span style=\"color: #fff\">Gl\u00faten<\/span><\/span><\/span><\/h3>\n<\/div>\n<\/div>\n<\/div>\n<\/div>\n<p><\/amp-story-grid-layer><\/amp-story-page><amp-story-page id=\"66a0ac8c-ba37-494b-b185-c3c180339647\" auto-advance-after=\"7s\"><amp-story-animation layout=\"nodisplay\" trigger=\"visibility\"><script type=\"application\/json\">[{\"selector\":\"#anim-3818b2a2-c298-4d83-82cf-90378e2a99ba\",\"keyframes\":{\"transform\":[\"scale(1)\",\"scale(1.5)\",\"scale(0.95)\",\"scale(1)\"],\"offset\":[0,0.33,0.66,1]},\"delay\":0,\"duration\":1450,\"easing\":\"ease-in-out\",\"fill\":\"both\",\"iterations\":1}]<\/script><\/amp-story-animation><amp-story-animation layout=\"nodisplay\" trigger=\"visibility\"><script type=\"application\/json\">[{\"selector\":\"#anim-84bd7bd7-00e8-4a5d-bfe6-d19e73a776be\",\"keyframes\":{\"transform\":[\"scale(1)\",\"scale(1.5)\",\"scale(0.95)\",\"scale(1)\"],\"offset\":[0,0.33,0.66,1]},\"delay\":0,\"duration\":1450,\"easing\":\"ease-in-out\",\"fill\":\"both\",\"iterations\":5}]<\/script><\/amp-story-animation><amp-story-grid-layer template=\"vertical\" aspect-ratio=\"412:618\" class=\"grid-layer\"><\/p>\n<div class=\"page-fullbleed-area\" style=\"background-color:#863a30\">\n<div class=\"page-safe-area\">\n<div style=\"position:absolute;pointer-events:none;left:0;top:-9.25926%;width:100%;height:118.51852%;opacity:1\">\n<div style=\"pointer-events:initial;width:100%;height:100%;display:block;position:absolute;top:0;left:0;z-index:0\" class=\"mask\" id=\"el-fc963da3-13ed-4c85-946f-6ff12080ee09\">\n<div style=\"position:absolute;width:100%;height:100%;left:0%;top:0%\" data-leaf-element=\"true\"><amp-img layout=\"fill\" src=\"https:\/\/www.panoramamoveis.com.br\/blog-wp\/wp-content\/uploads\/2022\/07\/ESPELHOS-PG8.png\" alt=\"Sala com parede verde  e sof\u00e1 claro\" srcSet=\"https:\/\/www.panoramamoveis.com.br\/blog-wp\/wp-content\/uploads\/2022\/07\/ESPELHOS-PG8.png 1080w,https:\/\/www.panoramamoveis.com.br\/blog-wp\/wp-content\/uploads\/2022\/07\/ESPELHOS-PG8-864x1536.png 864w,https:\/\/www.panoramamoveis.com.br\/blog-wp\/wp-content\/uploads\/2022\/07\/ESPELHOS-PG8-768x1365.png 768w,https:\/\/www.panoramamoveis.com.br\/blog-wp\/wp-content\/uploads\/2022\/07\/ESPELHOS-PG8-576x1024.png 576w,https:\/\/www.panoramamoveis.com.br\/blog-wp\/wp-content\/uploads\/2022\/07\/ESPELHOS-PG8-169x300.png 169w,https:\/\/www.panoramamoveis.com.br\/blog-wp\/wp-content\/uploads\/2022\/07\/ESPELHOS-PG8-150x267.png 150w\" sizes=\"(min-width: 1024px) 45vh, 100vw\" disable-inline-width=\"true\"><\/amp-img><\/div>\n<\/div>\n<\/div>\n<\/div>\n<\/div>\n<p><\/amp-story-grid-layer><amp-story-grid-layer template=\"vertical\" aspect-ratio=\"412:618\" class=\"grid-layer\"><\/p>\n<div class=\"page-fullbleed-area\">\n<div class=\"page-safe-area\">\n<div style=\"position:absolute;pointer-events:none;left:11.65049%;top:56.31068%;width:76.69903%;height:30.42071%;opacity:1\">\n<div style=\"pointer-events:initial;width:100%;height:100%;display:block;position:absolute;top:0;left:0;z-index:0;border-radius:0.6329113924050633% 0.6329113924050633% 0.6329113924050633% 0.6329113924050633% \/ 1.0638297872340425% 1.0638297872340425% 1.0638297872340425% 1.0638297872340425%;background-clip:content-box;background-color:rgba(196,196,196,0.1)\" id=\"el-5e68c346-e37c-4bb3-9020-a630be36084e\">\n<h3 class=\"fill text-wrapper\" style=\"white-space:pre-line;overflow-wrap:break-word;word-break:break-word;margin:-0.06835443037974717% 0;font-family:&quot;Oswald&quot;,sans-serif;font-size:0.388350em;line-height:1.5;text-align:left;padding:1.2658227848101267% 2.5316455696202533%;color:#000000\"><span><span style=\"font-weight: 700; color: #e23b40\">O nosso blog \u00e9 super completo, com as melhores dicas e curiosidades!<\/span><\/p>\n<p><span style=\"font-weight: 700; color: #e23b40\">Confira clicando abaixo!<\/span><\/span><\/h3>\n<\/div>\n<\/div>\n<div style=\"position:absolute;pointer-events:none;left:69.41748%;top:88.02589%;width:16.99029%;height:11.16505%;opacity:1\">\n<div id=\"anim-3818b2a2-c298-4d83-82cf-90378e2a99ba\" class=\"animation-wrapper\" style=\"width:100%;height:100%;display:block;position:absolute;top:0;left:0;--initial-opacity:1;--initial-transform:scale(1)\">\n<div style=\"pointer-events:initial;width:100%;height:100%;display:block;position:absolute;top:0;left:0;z-index:0\" class=\"mask\" id=\"el-1342f69e-ca15-4206-97ea-e8836e6a0267\"><a href=\"https:\/\/www.panoramamoveis.com.br\/moveis\/iluminacao?utm_source=web-stories\" data-tooltip-icon=\"https:\/\/www.panoramamoveis.com.br\/blog-wp\/wp-content\/uploads\/2021\/11\/cropped-cropped-Panorama-03-scaled-3-1.jpg\" data-tooltip-text=\"\t\t\tIlumina\u00e7\u00e3o: Com At\u00e9 50% OFF, 12x Sem Juros | Panorama M\u00f3veis\n\t\" target=\"_blank\" rel=\"noreferrer noopener\" style=\"width:100%;height:100%;display:block;position:absolute;top:0;left:0\"><\/p>\n<div style=\"position:absolute;width:100%;height:101.44925%;left:0%;top:-0.72463%\" data-leaf-element=\"true\"><amp-img layout=\"fill\" src=\"https:\/\/www.panoramamoveis.com.br\/blog-wp\/wp-content\/uploads\/2021\/10\/click-aqui.png\" alt=\"click aqui\" srcSet=\"https:\/\/www.panoramamoveis.com.br\/blog-wp\/wp-content\/uploads\/2021\/10\/click-aqui.png 1080w,https:\/\/www.panoramamoveis.com.br\/blog-wp\/wp-content\/uploads\/2021\/10\/click-aqui-1024x1024.png 1024w,https:\/\/www.panoramamoveis.com.br\/blog-wp\/wp-content\/uploads\/2021\/10\/click-aqui-768x768.png 768w,https:\/\/www.panoramamoveis.com.br\/blog-wp\/wp-content\/uploads\/2021\/10\/click-aqui-300x300.png 300w,https:\/\/www.panoramamoveis.com.br\/blog-wp\/wp-content\/uploads\/2021\/10\/click-aqui-150x150.png 150w,https:\/\/www.panoramamoveis.com.br\/blog-wp\/wp-content\/uploads\/2021\/10\/click-aqui-96x96.png 96w\" sizes=\"(min-width: 1024px) 8vh, 17vw\" disable-inline-width=\"true\"><\/amp-img><\/div>\n<p><\/a><\/div>\n<\/div>\n<\/div>\n<div style=\"position:absolute;pointer-events:none;left:19.90291%;top:-6.6343%;width:13.59223%;height:16.82848%;transform:rotate(270deg);opacity:1\">\n<div style=\"pointer-events:initial;width:100%;height:100%;display:block;position:absolute;top:0;left:0;z-index:0\" class=\"mask\" id=\"el-381b00cb-a11a-43d3-a8eb-d2a3e1bada8e\">\n<div style=\"position:absolute;width:104.46432%;height:100%;left:-2.23216%;top:0%\" data-leaf-element=\"true\"><amp-img layout=\"fill\" src=\"https:\/\/www.panoramamoveis.com.br\/blog-wp\/wp-content\/uploads\/2021\/11\/Panorama-Moveis-click-1.png\" alt=\"Panorama M\u00f3veis click (1)\" srcSet=\"https:\/\/www.panoramamoveis.com.br\/blog-wp\/wp-content\/uploads\/2021\/11\/Panorama-Moveis-click-1.png 3240w,https:\/\/www.panoramamoveis.com.br\/blog-wp\/wp-content\/uploads\/2021\/11\/Panorama-Moveis-click-1-1980x3520.png 1980w,https:\/\/www.panoramamoveis.com.br\/blog-wp\/wp-content\/uploads\/2021\/11\/Panorama-Moveis-click-1-1200x2133.png 1200w,https:\/\/www.panoramamoveis.com.br\/blog-wp\/wp-content\/uploads\/2021\/11\/Panorama-Moveis-click-1-1152x2048.png 1152w,https:\/\/www.panoramamoveis.com.br\/blog-wp\/wp-content\/uploads\/2021\/11\/Panorama-Moveis-click-1-864x1536.png 864w,https:\/\/www.panoramamoveis.com.br\/blog-wp\/wp-content\/uploads\/2021\/11\/Panorama-Moveis-click-1-768x1365.png 768w,https:\/\/www.panoramamoveis.com.br\/blog-wp\/wp-content\/uploads\/2021\/11\/Panorama-Moveis-click-1-576x1024.png 576w,https:\/\/www.panoramamoveis.com.br\/blog-wp\/wp-content\/uploads\/2021\/11\/Panorama-Moveis-click-1-169x300.png 169w,https:\/\/www.panoramamoveis.com.br\/blog-wp\/wp-content\/uploads\/2021\/11\/Panorama-Moveis-click-1-150x267.png 150w\" sizes=\"(min-width: 1024px) 6vh, 14vw\" disable-inline-width=\"true\"><\/amp-img><\/div>\n<\/div>\n<\/div>\n<div style=\"position:absolute;pointer-events:none;left:30.33981%;top:90.29126%;width:39.07767%;height:6.6343%;opacity:1\">\n<div id=\"anim-84bd7bd7-00e8-4a5d-bfe6-d19e73a776be\" class=\"animation-wrapper\" style=\"width:100%;height:100%;display:block;position:absolute;top:0;left:0;--initial-opacity:1;--initial-transform:scale(1)\">\n<div style=\"pointer-events:initial;width:100%;height:100%;display:block;position:absolute;top:0;left:0;z-index:0;border-radius:1.2422360248447204% 1.2422360248447204% 1.2422360248447204% 1.2422360248447204% \/ 4.878048780487805% 4.878048780487805% 4.878048780487805% 4.878048780487805%\" id=\"el-dbd11309-135c-4f19-a1d0-ab0435048fc7\"><a href=\"https:\/\/www.panoramamoveis.com.br\/blog?utm_source=web-stories\" data-tooltip-text=\"Panorama M\u00f3veis: Blog de M\u00f3veis e Artigos Para Decora\u00e7\u00e3o\" target=\"_blank\" rel=\"noreferrer noopener\" style=\"width:100%;height:100%;display:block;position:absolute;top:0;left:0\"><\/p>\n<h2 class=\"fill text-wrapper\" style=\"white-space:pre-line;overflow-wrap:break-word;word-break:break-word;margin:2.4521739130434783% 0;font-family:&quot;Oswald&quot;,sans-serif;font-size:0.453074em;line-height:1.2;text-align:initial;padding:0;color:#000000\"><span><span style=\"font-weight: 700; color: #eee\">CLIQUE AQUI!<\/span><\/span><\/h2>\n<p><\/a><\/div>\n<\/div>\n<\/div>\n<\/div>\n<\/div>\n<p><\/amp-story-grid-layer><\/amp-story-page><amp-story-page id=\"cf3f0ee3-4f14-4a21-b304-7d1029fa044c\" auto-advance-after=\"7s\"><amp-story-animation layout=\"nodisplay\" trigger=\"visibility\"><script type=\"application\/json\">[{\"selector\":\"#anim-ac1520b0-022b-4e08-a26e-3479314409ce\",\"keyframes\":{\"transform\":[\"scale(1)\",\"scale(1.5)\",\"scale(0.95)\",\"scale(1)\"],\"offset\":[0,0.33,0.66,1]},\"delay\":0,\"duration\":1450,\"easing\":\"ease-in-out\",\"fill\":\"both\",\"iterations\":1}]<\/script><\/amp-story-animation><amp-story-animation layout=\"nodisplay\" trigger=\"visibility\"><script type=\"application\/json\">[{\"selector\":\"#anim-7f39caca-f748-4ebc-bed8-c939da270aec\",\"keyframes\":{\"transform\":[\"translate3d(-121.70542%, 0px, 0)\",\"translate3d(0px, 0px, 0)\"]},\"delay\":0,\"duration\":600,\"easing\":\"cubic-bezier(0.4, 0.4, 0.0, 1)\",\"fill\":\"both\"}]<\/script><\/amp-story-animation><amp-story-animation layout=\"nodisplay\" trigger=\"visibility\"><script type=\"application\/json\">[{\"selector\":\"#anim-e820e73d-1a1c-4702-9f2d-7496e65d6ed0\",\"keyframes\":{\"opacity\":[0,1]},\"delay\":0,\"duration\":600,\"easing\":\"cubic-bezier(0.4, 0.4, 0.0, 1)\",\"fill\":\"both\"}]<\/script><\/amp-story-animation><amp-story-animation layout=\"nodisplay\" trigger=\"visibility\"><script type=\"application\/json\">[{\"selector\":\"#anim-2ad65506-e258-46d3-9bef-5c17fcb08801\",\"keyframes\":{\"transform\":[\"scale(0.15)\",\"scale(1)\"]},\"delay\":0,\"duration\":600,\"easing\":\"cubic-bezier(0.4, 0.4, 0.0, 1)\",\"fill\":\"forwards\"}]<\/script><\/amp-story-animation><amp-story-grid-layer template=\"vertical\" aspect-ratio=\"412:618\" class=\"grid-layer\"><\/p>\n<div class=\"page-fullbleed-area\" style=\"background-color:#dfdedc\">\n<div class=\"page-safe-area\">\n<div style=\"position:absolute;pointer-events:none;left:0;top:-9.25926%;width:100%;height:118.51852%;opacity:1\">\n<div style=\"pointer-events:initial;width:100%;height:100%;display:block;position:absolute;top:0;left:0;z-index:0\" class=\"mask\" id=\"el-9fb73b11-b73e-4d31-9893-73773fb54053\">\n<div style=\"position:absolute;width:100%;height:100%;left:0%;top:0%\" data-leaf-element=\"true\"><amp-img layout=\"fill\" src=\"https:\/\/www.panoramamoveis.com.br\/blog-wp\/wp-content\/uploads\/2022\/07\/ESPELHOS-PG9.png\" alt=\"Sala com sof\u00e1 cinza e 2 espelhos redondos\" srcSet=\"https:\/\/www.panoramamoveis.com.br\/blog-wp\/wp-content\/uploads\/2022\/07\/ESPELHOS-PG9.png 1080w,https:\/\/www.panoramamoveis.com.br\/blog-wp\/wp-content\/uploads\/2022\/07\/ESPELHOS-PG9-864x1536.png 864w,https:\/\/www.panoramamoveis.com.br\/blog-wp\/wp-content\/uploads\/2022\/07\/ESPELHOS-PG9-768x1365.png 768w,https:\/\/www.panoramamoveis.com.br\/blog-wp\/wp-content\/uploads\/2022\/07\/ESPELHOS-PG9-576x1024.png 576w,https:\/\/www.panoramamoveis.com.br\/blog-wp\/wp-content\/uploads\/2022\/07\/ESPELHOS-PG9-169x300.png 169w,https:\/\/www.panoramamoveis.com.br\/blog-wp\/wp-content\/uploads\/2022\/07\/ESPELHOS-PG9-150x267.png 150w\" sizes=\"(min-width: 1024px) 45vh, 100vw\" disable-inline-width=\"true\"><\/amp-img><\/div>\n<\/div>\n<\/div>\n<\/div>\n<\/div>\n<p><\/amp-story-grid-layer><amp-story-grid-layer template=\"vertical\" aspect-ratio=\"412:618\" class=\"grid-layer\"><\/p>\n<div class=\"page-fullbleed-area\">\n<div class=\"page-safe-area\">\n<div style=\"position:absolute;pointer-events:none;left:11.65049%;top:52.91262%;width:76.94175%;height:20.87379%;opacity:1\">\n<div style=\"pointer-events:initial;width:100%;height:100%;display:block;position:absolute;top:0;left:0;z-index:0;border-radius:0.6309148264984227% 0.6309148264984227% 0.6309148264984227% 0.6309148264984227% \/ 1.550387596899225% 1.550387596899225% 1.550387596899225% 1.550387596899225%;background-clip:content-box;background-color:rgba(255,255,255,0.5)\" id=\"el-d55968b3-c922-4819-954f-952ca85d62e4\">\n<h3 class=\"fill text-wrapper\" style=\"white-space:pre-line;overflow-wrap:break-word;word-break:break-word;margin:1.1053627760252365% 0;font-family:&quot;Oswald&quot;,sans-serif;font-size:0.388350em;line-height:1.19;text-align:left;padding:1.2618296529968454% 2.5236593059936907%;color:#000000\"><span><span style=\"font-weight: 700; color: #e23b40\">Com as dicas e sele\u00e7\u00e3o de m\u00f3veis da Panorama M\u00f3veis, voc\u00ea consegue deixar a sua casa exatamente do seu jeito.&nbsp;<\/span><\/span><\/h3>\n<\/div>\n<\/div>\n<div style=\"position:absolute;pointer-events:none;left:81.31068%;top:78.80259%;width:12.62136%;height:8.25243%;opacity:1\">\n<div id=\"anim-ac1520b0-022b-4e08-a26e-3479314409ce\" class=\"animation-wrapper\" style=\"width:100%;height:100%;display:block;position:absolute;top:0;left:0;--initial-opacity:1;--initial-transform:scale(1)\">\n<div style=\"pointer-events:initial;width:100%;height:100%;display:block;position:absolute;top:0;left:0;z-index:0\" class=\"mask\" id=\"el-b9ae82de-c57f-4987-a4ac-26a9f25c01c3\"><a href=\"https:\/\/www.panoramamoveis.com.br?utm_source=web-stories\" data-tooltip-icon=\"https:\/\/www.panoramamoveis.com.br\/blog-wp\/wp-content\/uploads\/2021\/11\/cropped-cropped-Panorama-03-scaled-3.jpg\" data-tooltip-text=\"Panorama M\u00f3veis: Loja Online de M\u00f3veis e Decora\u00e7\u00e3o\" target=\"_blank\" rel=\"noreferrer noopener\" style=\"width:100%;height:100%;display:block;position:absolute;top:0;left:0\"><\/p>\n<div style=\"position:absolute;width:100%;height:101.96076%;left:0%;top:-0.98038%\" data-leaf-element=\"true\"><amp-img layout=\"fill\" src=\"https:\/\/www.panoramamoveis.com.br\/blog-wp\/wp-content\/uploads\/2021\/10\/click-aqui.png\" alt=\"click aqui\" srcSet=\"https:\/\/www.panoramamoveis.com.br\/blog-wp\/wp-content\/uploads\/2021\/10\/click-aqui.png 1080w,https:\/\/www.panoramamoveis.com.br\/blog-wp\/wp-content\/uploads\/2021\/10\/click-aqui-1024x1024.png 1024w,https:\/\/www.panoramamoveis.com.br\/blog-wp\/wp-content\/uploads\/2021\/10\/click-aqui-768x768.png 768w,https:\/\/www.panoramamoveis.com.br\/blog-wp\/wp-content\/uploads\/2021\/10\/click-aqui-300x300.png 300w,https:\/\/www.panoramamoveis.com.br\/blog-wp\/wp-content\/uploads\/2021\/10\/click-aqui-150x150.png 150w,https:\/\/www.panoramamoveis.com.br\/blog-wp\/wp-content\/uploads\/2021\/10\/click-aqui-96x96.png 96w\" sizes=\"(min-width: 1024px) 6vh, 13vw\" disable-inline-width=\"true\"><\/amp-img><\/div>\n<p><\/a><\/div>\n<\/div>\n<\/div>\n<div style=\"position:absolute;pointer-events:none;left:25%;top:76.3754%;width:49.27184%;height:32.8479%;opacity:1\">\n<div style=\"pointer-events:initial;width:100%;height:100%;display:block;position:absolute;top:0;left:0;z-index:0\" class=\"mask\" id=\"el-e93d8fd0-edf5-47cc-a5fb-d42894479cdb\">\n<div style=\"position:absolute;width:100.00002%;height:100%;left:-0.00001%;top:0%\" data-leaf-element=\"true\"><amp-img layout=\"fill\" src=\"https:\/\/www.panoramamoveis.com.br\/blog-wp\/wp-content\/uploads\/2021\/09\/panorama-sem-fundo.png\" alt=\"panorama sem fundo\" srcSet=\"https:\/\/www.panoramamoveis.com.br\/blog-wp\/wp-content\/uploads\/2021\/09\/panorama-sem-fundo.png 500w,https:\/\/www.panoramamoveis.com.br\/blog-wp\/wp-content\/uploads\/2021\/09\/panorama-sem-fundo-300x300.png 300w,https:\/\/www.panoramamoveis.com.br\/blog-wp\/wp-content\/uploads\/2021\/09\/panorama-sem-fundo-150x150.png 150w,https:\/\/www.panoramamoveis.com.br\/blog-wp\/wp-content\/uploads\/2021\/09\/panorama-sem-fundo-96x96.png 96w\" sizes=\"(min-width: 1024px) 22vh, 49vw\" disable-inline-width=\"true\"><\/amp-img><\/div>\n<\/div>\n<\/div>\n<div style=\"position:absolute;pointer-events:none;left:13.59223%;top:79.44984%;width:62.62136%;height:7.11974%;opacity:1\">\n<div id=\"anim-7f39caca-f748-4ebc-bed8-c939da270aec\" class=\"animation-wrapper\" style=\"width:100%;height:100%;display:block;position:absolute;top:0;left:0;--initial-opacity:1;--initial-transform:translate3d(-121.70542%, 0px, 0)\">\n<div id=\"anim-e820e73d-1a1c-4702-9f2d-7496e65d6ed0\" class=\"animation-wrapper\" style=\"width:100%;height:100%;display:block;position:absolute;top:0;left:0;--initial-opacity:0;--initial-transform:none\">\n<div id=\"anim-2ad65506-e258-46d3-9bef-5c17fcb08801\" class=\"animation-wrapper\" style=\"width:100%;height:100%;display:block;position:absolute;top:0;left:0;--initial-opacity:1;--initial-transform:scale(0.15)\">\n<div style=\"pointer-events:initial;width:100%;height:100%;display:block;position:absolute;top:0;left:0;z-index:0;border-radius:0.7751937984496124% 0.7751937984496124% 0.7751937984496124% 0.7751937984496124% \/ 4.545454545454546% 4.545454545454546% 4.545454545454546% 4.545454545454546%\" id=\"el-2a09327b-efa0-40c7-9c4b-d6302b5eec4a\"><a href=\"https:\/\/www.panoramamoveis.com.br?utm_source=web-stories\" data-tooltip-icon=\"https:\/\/www.panoramamoveis.com.br\/blog-wp\/wp-content\/uploads\/2021\/11\/cropped-cropped-Panorama-03-scaled-3.jpg\" data-tooltip-text=\"Panorama M\u00f3veis: Loja Online de M\u00f3veis e Decora\u00e7\u00e3o\" target=\"_blank\" rel=\"noreferrer noopener\" style=\"width:100%;height:100%;display:block;position:absolute;top:0;left:0\"><\/p>\n<h3 class=\"fill text-wrapper\" style=\"white-space:pre-line;overflow-wrap:break-word;word-break:break-word;margin:0;font-family:&quot;Oswald&quot;,sans-serif;font-size:0.388350em;line-height:calc(1.19em + 0.3333333333333333em);text-align:initial;padding:0;color:#000000;background-color:rgba(163,0,3,0.5);background:none\"><span style=\"display:block;position:relative;left:0;top:0;margin:1.3581395348837206% 0;-webkit-box-decoration-break:clone;box-decoration-break:clone\"><span style=\"background-color:rgba(163,0,3,0.5);-webkit-box-decoration-break:clone;box-decoration-break:clone;position:relative;padding:1.550387596899225% 3.10077519379845%;text-align:initial;border-radius:2px 2px 2px 2px;color:transparent\"><span style=\"font-weight: 700\">panoramamoveis.com.br<\/span><\/span><\/span><\/h3>\n<h3 class=\"fill text-wrapper\" style=\"white-space:pre-line;overflow-wrap:break-word;word-break:break-word;margin:0;font-family:&quot;Oswald&quot;,sans-serif;font-size:0.388350em;line-height:calc(1.19em + 0.3333333333333333em);text-align:initial;padding:0;color:#000000;background-color:rgba(163,0,3,0.5);background:none;position:absolute;top:0;left:0;right:0\" aria-hidden=\"true\"><span style=\"display:block;position:relative;left:0;top:0;margin:1.3581395348837206% 0;-webkit-box-decoration-break:clone;box-decoration-break:clone\"><span style=\"background-color:rgba(163,0,3,0.5);-webkit-box-decoration-break:clone;box-decoration-break:clone;position:relative;padding:1.550387596899225% 3.10077519379845%;text-align:initial;border-radius:2px 2px 2px 2px;background:none\"><span style=\"font-weight: 700; color: #fff\">panoramamoveis.com.br<\/span><\/span><\/span><\/h3>\n<p><\/a><\/div>\n<\/div>\n<\/div>\n<\/div>\n<\/div>\n<\/div>\n<\/div>\n<p><\/amp-story-grid-layer><\/amp-story-page><amp-story-page id=\"ed2148c0-dd36-4583-9881-6e026d7c8ebd\" auto-advance-after=\"7s\"><amp-story-grid-layer template=\"vertical\" aspect-ratio=\"412:618\" class=\"grid-layer\"><\/p>\n<div class=\"page-fullbleed-area\" style=\"background-color:#aa0404\">\n<div class=\"page-safe-area\">\n<div style=\"position:absolute;pointer-events:none;left:0;top:-9.25926%;width:100%;height:118.51852%;opacity:1\">\n<div style=\"pointer-events:initial;width:100%;height:100%;display:block;position:absolute;top:0;left:0;z-index:0\" class=\"mask\" id=\"el-1628da2f-0e99-4b22-9066-ceb9012f2f56\">\n<div style=\"position:absolute;width:100%;height:100%;left:0%;top:0%\" data-leaf-element=\"true\"><amp-img layout=\"fill\" src=\"https:\/\/www.panoramamoveis.com.br\/blog-wp\/wp-content\/uploads\/2021\/12\/Panorama-escrivaninha-9.jpg\" alt=\"p\u00e1gina com as Redes Sociais da Panorama Moveis\" srcSet=\"https:\/\/www.panoramamoveis.com.br\/blog-wp\/wp-content\/uploads\/2021\/12\/Panorama-escrivaninha-9.jpg 1080w,https:\/\/www.panoramamoveis.com.br\/blog-wp\/wp-content\/uploads\/2021\/12\/Panorama-escrivaninha-9-864x1536.jpg 864w,https:\/\/www.panoramamoveis.com.br\/blog-wp\/wp-content\/uploads\/2021\/12\/Panorama-escrivaninha-9-768x1365.jpg 768w,https:\/\/www.panoramamoveis.com.br\/blog-wp\/wp-content\/uploads\/2021\/12\/Panorama-escrivaninha-9-576x1024.jpg 576w,https:\/\/www.panoramamoveis.com.br\/blog-wp\/wp-content\/uploads\/2021\/12\/Panorama-escrivaninha-9-169x300.jpg 169w,https:\/\/www.panoramamoveis.com.br\/blog-wp\/wp-content\/uploads\/2021\/12\/Panorama-escrivaninha-9-150x267.jpg 150w\" sizes=\"(min-width: 1024px) 45vh, 100vw\" disable-inline-width=\"true\"><\/amp-img><\/div>\n<\/div>\n<\/div>\n<\/div>\n<\/div>\n<p><\/amp-story-grid-layer><amp-story-grid-layer template=\"vertical\" aspect-ratio=\"412:618\" class=\"grid-layer\"><\/p>\n<div class=\"page-fullbleed-area\">\n<div class=\"page-safe-area\">\n<div style=\"position:absolute;pointer-events:none;left:22.57282%;top:76.53722%;width:53.64078%;height:35.76052%;opacity:1\">\n<div style=\"pointer-events:initial;width:100%;height:100%;display:block;position:absolute;top:0;left:0;z-index:0\" class=\"mask\" id=\"el-35f0f6c3-9f2b-45cf-aba7-b81f2778a037\">\n<div style=\"position:absolute;width:100%;height:100%;left:0%;top:0%\" data-leaf-element=\"true\"><amp-img layout=\"fill\" src=\"https:\/\/www.panoramamoveis.com.br\/blog-wp\/wp-content\/uploads\/2021\/09\/panorama-sem-fundo.png\" alt=\"panorama sem fundo\" srcSet=\"https:\/\/www.panoramamoveis.com.br\/blog-wp\/wp-content\/uploads\/2021\/09\/panorama-sem-fundo.png 500w,https:\/\/www.panoramamoveis.com.br\/blog-wp\/wp-content\/uploads\/2021\/09\/panorama-sem-fundo-300x300.png 300w,https:\/\/www.panoramamoveis.com.br\/blog-wp\/wp-content\/uploads\/2021\/09\/panorama-sem-fundo-150x150.png 150w,https:\/\/www.panoramamoveis.com.br\/blog-wp\/wp-content\/uploads\/2021\/09\/panorama-sem-fundo-96x96.png 96w\" sizes=\"(min-width: 1024px) 24vh, 54vw\" disable-inline-width=\"true\"><\/amp-img><\/div>\n<\/div>\n<\/div>\n<div style=\"position:absolute;pointer-events:none;left:11.65049%;top:0;width:75.97087%;height:26.21359%;opacity:1\">\n<div style=\"pointer-events:initial;width:100%;height:100%;display:block;position:absolute;top:0;left:0;z-index:0;border-radius:0.6389776357827476% 0.6389776357827476% 0.6389776357827476% 0.6389776357827476% \/ 1.2345679012345678% 1.2345679012345678% 1.2345679012345678% 1.2345679012345678%;background-clip:content-box;background-color:rgba(255,255,255,0.5)\" id=\"el-119e1913-6e36-4bbb-b2b4-4fde3e39d283\">\n<h2 class=\"fill text-wrapper\" style=\"white-space:pre-line;overflow-wrap:break-word;word-break:break-word;margin:1.5113630690894575% 0;font-family:&quot;Anton&quot;,sans-serif;font-size:0.485437em;line-height:1.19;text-align:center;padding:1.2779552715654952% 2.5559105431309903%;color:#000000\"><span><span style=\"color: #e23b40\">CLIQUE E&nbsp;<\/span><br \/>\n<span style=\"color: #e23b40\">CONFIRA AS&nbsp;<\/span><br \/>\n<span style=\"color: #e23b40\">REDES SOCIAIS DA PANORAMA M\u00d3VEIS<\/span><\/span><\/h2>\n<\/div>\n<\/div>\n<div style=\"position:absolute;pointer-events:none;left:38.59223%;top:43.85113%;width:15.04854%;height:12.62136%;opacity:1\">\n<div style=\"pointer-events:initial;width:100%;height:100%;display:block;position:absolute;top:0;left:0;z-index:0\" class=\"mask\" id=\"el-d9674f81-16f1-444d-bf9a-de9a7a788d29\"><a href=\"https:\/\/www.instagram.com\/panoramamoveis\/ \" target=\"_blank\" rel=\"noreferrer noopener\" style=\"width:100%;height:100%;display:block;position:absolute;top:0;left:0\"><\/p>\n<div style=\"position:absolute;width:102.8276%;height:145.30619%;left:0%;top:-22.51853%\" data-leaf-element=\"true\"><amp-img layout=\"fill\" src=\"https:\/\/www.panoramamoveis.com.br\/blog-wp\/wp-content\/uploads\/2021\/11\/INSTAGRAM.png\" alt=\"INSTAGRAM\" srcSet=\"https:\/\/www.panoramamoveis.com.br\/blog-wp\/wp-content\/uploads\/2021\/11\/INSTAGRAM.png 3240w,https:\/\/www.panoramamoveis.com.br\/blog-wp\/wp-content\/uploads\/2021\/11\/INSTAGRAM-1980x3520.png 1980w,https:\/\/www.panoramamoveis.com.br\/blog-wp\/wp-content\/uploads\/2021\/11\/INSTAGRAM-1200x2133.png 1200w,https:\/\/www.panoramamoveis.com.br\/blog-wp\/wp-content\/uploads\/2021\/11\/INSTAGRAM-1152x2048.png 1152w,https:\/\/www.panoramamoveis.com.br\/blog-wp\/wp-content\/uploads\/2021\/11\/INSTAGRAM-864x1536.png 864w,https:\/\/www.panoramamoveis.com.br\/blog-wp\/wp-content\/uploads\/2021\/11\/INSTAGRAM-768x1365.png 768w,https:\/\/www.panoramamoveis.com.br\/blog-wp\/wp-content\/uploads\/2021\/11\/INSTAGRAM-576x1024.png 576w,https:\/\/www.panoramamoveis.com.br\/blog-wp\/wp-content\/uploads\/2021\/11\/INSTAGRAM-169x300.png 169w,https:\/\/www.panoramamoveis.com.br\/blog-wp\/wp-content\/uploads\/2021\/11\/INSTAGRAM-150x267.png 150w\" sizes=\"(min-width: 1024px) 7vh, 15vw\" disable-inline-width=\"true\"><\/amp-img><\/div>\n<p><\/a><\/div>\n<\/div>\n<div style=\"position:absolute;pointer-events:none;left:38.1068%;top:24.43366%;width:15.7767%;height:17.96117%;opacity:1\">\n<div style=\"pointer-events:initial;width:100%;height:100%;display:block;position:absolute;top:0;left:0;z-index:0\" class=\"mask\" id=\"el-ecdffeef-58af-4079-9d6f-1d2c5968736b\"><a href=\"https:\/\/www.facebook.com\/Panoramamoveis\/\" data-tooltip-icon=\"https:\/\/www.panoramamoveis.com.br\/blog-wp\/wp-content\/uploads\/2021\/11\/cropped-Panorama-03-scaled-3.jpg\" data-tooltip-text=\"Facebook\" target=\"_blank\" rel=\"noreferrer noopener\" style=\"width:100%;height:100%;display:block;position:absolute;top:0;left:0\"><\/p>\n<div style=\"position:absolute;width:100%;height:104.10408%;left:0%;top:-2.05204%\" data-leaf-element=\"true\"><amp-img layout=\"fill\" src=\"https:\/\/www.panoramamoveis.com.br\/blog-wp\/wp-content\/uploads\/2021\/11\/FACEBOOK.png\" alt=\"FACEBOOK\" srcSet=\"https:\/\/www.panoramamoveis.com.br\/blog-wp\/wp-content\/uploads\/2021\/11\/FACEBOOK.png 3240w,https:\/\/www.panoramamoveis.com.br\/blog-wp\/wp-content\/uploads\/2021\/11\/FACEBOOK-1980x3520.png 1980w,https:\/\/www.panoramamoveis.com.br\/blog-wp\/wp-content\/uploads\/2021\/11\/FACEBOOK-1200x2133.png 1200w,https:\/\/www.panoramamoveis.com.br\/blog-wp\/wp-content\/uploads\/2021\/11\/FACEBOOK-1152x2048.png 1152w,https:\/\/www.panoramamoveis.com.br\/blog-wp\/wp-content\/uploads\/2021\/11\/FACEBOOK-864x1536.png 864w,https:\/\/www.panoramamoveis.com.br\/blog-wp\/wp-content\/uploads\/2021\/11\/FACEBOOK-768x1365.png 768w,https:\/\/www.panoramamoveis.com.br\/blog-wp\/wp-content\/uploads\/2021\/11\/FACEBOOK-576x1024.png 576w,https:\/\/www.panoramamoveis.com.br\/blog-wp\/wp-content\/uploads\/2021\/11\/FACEBOOK-169x300.png 169w,https:\/\/www.panoramamoveis.com.br\/blog-wp\/wp-content\/uploads\/2021\/11\/FACEBOOK-150x267.png 150w\" sizes=\"(min-width: 1024px) 7vh, 16vw\" disable-inline-width=\"true\"><\/amp-img><\/div>\n<p><\/a><\/div>\n<\/div>\n<div style=\"position:absolute;pointer-events:none;left:38.83495%;top:58.09061%;width:14.80583%;height:15.69579%;opacity:1\">\n<div style=\"pointer-events:initial;width:100%;height:100%;display:block;position:absolute;top:0;left:0;z-index:0\" class=\"mask\" id=\"el-06e3e78d-2ac9-4d6a-8a24-73b6ea35f6a5\"><a href=\"https:\/\/br.pinterest.com\/panoramamoveis\/_shop\/ \" target=\"_blank\" rel=\"noreferrer noopener\" style=\"width:100%;height:100%;display:block;position:absolute;top:0;left:0\"><\/p>\n<div style=\"position:absolute;width:100%;height:111.79845%;left:0%;top:-5.89923%\" data-leaf-element=\"true\"><amp-img layout=\"fill\" src=\"https:\/\/www.panoramamoveis.com.br\/blog-wp\/wp-content\/uploads\/2021\/11\/PINTEREST.png\" alt=\"PINTEREST\" srcSet=\"https:\/\/www.panoramamoveis.com.br\/blog-wp\/wp-content\/uploads\/2021\/11\/PINTEREST.png 3240w,https:\/\/www.panoramamoveis.com.br\/blog-wp\/wp-content\/uploads\/2021\/11\/PINTEREST-1980x3520.png 1980w,https:\/\/www.panoramamoveis.com.br\/blog-wp\/wp-content\/uploads\/2021\/11\/PINTEREST-1200x2133.png 1200w,https:\/\/www.panoramamoveis.com.br\/blog-wp\/wp-content\/uploads\/2021\/11\/PINTEREST-1152x2048.png 1152w,https:\/\/www.panoramamoveis.com.br\/blog-wp\/wp-content\/uploads\/2021\/11\/PINTEREST-864x1536.png 864w,https:\/\/www.panoramamoveis.com.br\/blog-wp\/wp-content\/uploads\/2021\/11\/PINTEREST-768x1365.png 768w,https:\/\/www.panoramamoveis.com.br\/blog-wp\/wp-content\/uploads\/2021\/11\/PINTEREST-576x1024.png 576w,https:\/\/www.panoramamoveis.com.br\/blog-wp\/wp-content\/uploads\/2021\/11\/PINTEREST-169x300.png 169w,https:\/\/www.panoramamoveis.com.br\/blog-wp\/wp-content\/uploads\/2021\/11\/PINTEREST-150x267.png 150w\" sizes=\"(min-width: 1024px) 7vh, 15vw\" disable-inline-width=\"true\"><\/amp-img><\/div>\n<p><\/a><\/div>\n<\/div>\n<div style=\"position:absolute;pointer-events:none;left:9.2233%;top:76.53722%;width:79.12621%;height:12.78317%;opacity:1\">\n<div style=\"pointer-events:initial;width:100%;height:100%;display:block;position:absolute;top:0;left:0;z-index:0;border-radius:0.6134969325153374% 0.6134969325153374% 0.6134969325153374% 0.6134969325153374% \/ 2.5316455696202533% 2.5316455696202533% 2.5316455696202533% 2.5316455696202533%;background-clip:content-box;background-color:#a30003\" id=\"el-95494a0a-d0a6-41e1-9b1b-3c6e7d42a128\">\n<p class=\"fill text-wrapper\" style=\"white-space:pre-line;overflow-wrap:break-word;word-break:break-word;margin:-0.08627300613496933% 0;font-family:&quot;Roboto&quot;,sans-serif;font-size:0.323625em;line-height:1.2;text-align:center;padding:1.2269938650306749% 2.4539877300613497%;color:#000000\"><span><span style=\"font-weight: 700; color: #fff\">CONTE\u00daDO PARA VOC\u00ca TRANSFORMAR TODA A SUA CASA<\/span><\/span><\/p>\n<\/div>\n<\/div>\n<\/div>\n<\/div>\n<p><\/amp-story-grid-layer><\/amp-story-page><amp-story-page id=\"15c6a3b3-fc56-492b-899e-57483815b90a\" auto-advance-after=\"7s\"><amp-story-animation layout=\"nodisplay\" trigger=\"visibility\"><script type=\"application\/json\">[{\"selector\":\"#anim-3afbe594-5af6-470c-b3ef-cb1dba3f27d5\",\"keyframes\":{\"opacity\":[0,1]},\"delay\":600,\"duration\":1000,\"easing\":\"cubic-bezier(0.2, 0.6, 0.0, 1)\",\"fill\":\"both\"}]<\/script><\/amp-story-animation><amp-story-animation layout=\"nodisplay\" trigger=\"visibility\"><script type=\"application\/json\">[{\"selector\":\"#anim-657aa075-aef8-44a4-a6d9-5c1319fcfbca\",\"keyframes\":{\"transform\":[\"translate3d(0px, -146.58732%, 0)\",\"translate3d(0px, 0px, 0)\"]},\"delay\":600,\"duration\":1000,\"easing\":\"cubic-bezier(0.2, 0.6, 0.0, 1)\",\"fill\":\"both\"}]<\/script><\/amp-story-animation><amp-story-grid-layer template=\"vertical\" aspect-ratio=\"412:618\" class=\"grid-layer\"><\/p>\n<div class=\"page-fullbleed-area\" style=\"background-color:#aa0404\">\n<div class=\"page-safe-area\">\n<div style=\"position:absolute;pointer-events:none;left:0;top:-9.25926%;width:100%;height:118.51852%;opacity:1\">\n<div style=\"pointer-events:initial;width:100%;height:100%;display:block;position:absolute;top:0;left:0;z-index:0\" class=\"mask\" id=\"el-edc5d4dd-104c-46e2-8704-456eea40e721\">\n<div style=\"position:absolute;width:100%;height:100%;left:0%;top:0%\" data-leaf-element=\"true\"><amp-img layout=\"fill\" src=\"https:\/\/www.panoramamoveis.com.br\/blog-wp\/wp-content\/uploads\/2021\/12\/Panorama-escrivaninha-9.jpg\" alt=\"Panorama escrivaninha (9)\" srcSet=\"https:\/\/www.panoramamoveis.com.br\/blog-wp\/wp-content\/uploads\/2021\/12\/Panorama-escrivaninha-9.jpg 1080w,https:\/\/www.panoramamoveis.com.br\/blog-wp\/wp-content\/uploads\/2021\/12\/Panorama-escrivaninha-9-864x1536.jpg 864w,https:\/\/www.panoramamoveis.com.br\/blog-wp\/wp-content\/uploads\/2021\/12\/Panorama-escrivaninha-9-768x1365.jpg 768w,https:\/\/www.panoramamoveis.com.br\/blog-wp\/wp-content\/uploads\/2021\/12\/Panorama-escrivaninha-9-576x1024.jpg 576w,https:\/\/www.panoramamoveis.com.br\/blog-wp\/wp-content\/uploads\/2021\/12\/Panorama-escrivaninha-9-169x300.jpg 169w,https:\/\/www.panoramamoveis.com.br\/blog-wp\/wp-content\/uploads\/2021\/12\/Panorama-escrivaninha-9-150x267.jpg 150w\" sizes=\"(min-width: 1024px) 45vh, 100vw\" disable-inline-width=\"true\"><\/amp-img><\/div>\n<\/div>\n<\/div>\n<\/div>\n<\/div>\n<p><\/amp-story-grid-layer><amp-story-grid-layer template=\"vertical\" aspect-ratio=\"412:618\" class=\"grid-layer\"><\/p>\n<div class=\"page-fullbleed-area\">\n<div class=\"page-safe-area\">\n<div style=\"position:absolute;pointer-events:none;left:13.59223%;top:1.2945%;width:72.81553%;height:22.65372%;opacity:1\">\n<div id=\"anim-3afbe594-5af6-470c-b3ef-cb1dba3f27d5\" class=\"animation-wrapper\" style=\"width:100%;height:100%;display:block;position:absolute;top:0;left:0;--initial-opacity:0;--initial-transform:none\">\n<div id=\"anim-657aa075-aef8-44a4-a6d9-5c1319fcfbca\" class=\"animation-wrapper\" style=\"width:100%;height:100%;display:block;position:absolute;top:0;left:0;--initial-opacity:1;--initial-transform:translate3d(0px, -146.58732%, 0)\">\n<div style=\"pointer-events:initial;width:100%;height:100%;display:block;position:absolute;top:0;left:0;z-index:0\" id=\"el-12cac4a5-6139-4484-a353-9f265d6930f8\">\n<h1 class=\"fill text-wrapper\" style=\"white-space:pre-line;overflow-wrap:break-word;word-break:break-word;margin:3.369140625% 0;font-family:&quot;Anton&quot;,sans-serif;font-size:0.647249em;line-height:1;text-align:center;padding:0;color:#000000\"><span><span style=\"color: #e23b40\">Voc\u00ea tamb\u00e9m pode gostar desse artigos:&nbsp;<\/span><\/span><\/h1>\n<\/div>\n<\/div>\n<\/div>\n<\/div>\n<div style=\"position:absolute;pointer-events:none;left:13.1068%;top:31.87702%;width:35.43689%;height:24.27184%;opacity:1\">\n<div style=\"pointer-events:initial;width:100%;height:100%;display:block;position:absolute;top:0;left:0;z-index:0\" class=\"mask\" id=\"el-51e3ffb3-8b33-4918-a008-89f5977154a7\"><a href=\"https:\/\/www.panoramamoveis.com.br\/blog-wp\/web-stories\/conheca-as-5-maiores-cidades-do-mundo\" target=\"_blank\" rel=\"noreferrer noopener\" style=\"width:100%;height:100%;display:block;position:absolute;top:0;left:0\"><\/p>\n<div style=\"position:absolute;width:100%;height:129.7271%;left:0%;top:-14.86355%\" data-leaf-element=\"true\"><amp-img layout=\"fill\" src=\"https:\/\/www.panoramamoveis.com.br\/blog-wp\/wp-content\/uploads\/2022\/06\/DECORAC\u0327A\u0303O-DE-PAREDE-.png\" alt=\"DECORAC\u0327A\u0303O DE PAREDE\" srcSet=\"https:\/\/www.panoramamoveis.com.br\/blog-wp\/wp-content\/uploads\/2022\/06\/DECORAC%CC%A7A%CC%83O-DE-PAREDE-.png 640w,https:\/\/www.panoramamoveis.com.br\/blog-wp\/wp-content\/uploads\/2022\/06\/DECORAC%CC%A7A%CC%83O-DE-PAREDE--225x300.png 225w,https:\/\/www.panoramamoveis.com.br\/blog-wp\/wp-content\/uploads\/2022\/06\/DECORAC%CC%A7A%CC%83O-DE-PAREDE--150x200.png 150w\" sizes=\"(min-width: 1024px) 16vh, 35vw\" disable-inline-width=\"true\"><\/amp-img><\/div>\n<p><\/a><\/div>\n<\/div>\n<div style=\"position:absolute;pointer-events:none;left:12.13592%;top:60.19417%;width:37.37864%;height:24.27184%;opacity:1\">\n<div style=\"pointer-events:initial;width:100%;height:100%;display:block;position:absolute;top:0;left:0;z-index:0\" class=\"mask\" id=\"el-459f6827-372a-4729-8f4e-92258d2eb1bc\"><a href=\"https:\/\/www.panoramamoveis.com.br\/blog-wp\/web-stories\/5-beneficios-do-mamao-para-a-saude\/\" target=\"_blank\" rel=\"noreferrer noopener\" style=\"width:100%;height:100%;display:block;position:absolute;top:0;left:0\"><\/p>\n<div style=\"position:absolute;width:100%;height:136.83544%;left:0%;top:-18.41772%\" data-leaf-element=\"true\"><amp-img layout=\"fill\" src=\"https:\/\/www.panoramamoveis.com.br\/blog-wp\/wp-content\/uploads\/2022\/07\/CAPA-PAPEL-DE-PAREDE.png\" alt=\"CAPA - PAPEL DE PAREDE\" srcSet=\"https:\/\/www.panoramamoveis.com.br\/blog-wp\/wp-content\/uploads\/2022\/07\/CAPA-PAPEL-DE-PAREDE.png 640w,https:\/\/www.panoramamoveis.com.br\/blog-wp\/wp-content\/uploads\/2022\/07\/CAPA-PAPEL-DE-PAREDE-225x300.png 225w,https:\/\/www.panoramamoveis.com.br\/blog-wp\/wp-content\/uploads\/2022\/07\/CAPA-PAPEL-DE-PAREDE-150x200.png 150w\" sizes=\"(min-width: 1024px) 17vh, 37vw\" disable-inline-width=\"true\"><\/amp-img><\/div>\n<p><\/a><\/div>\n<\/div>\n<div style=\"position:absolute;pointer-events:none;left:24.02913%;top:76.69903%;width:53.64078%;height:35.76052%;opacity:1\">\n<div style=\"pointer-events:initial;width:100%;height:100%;display:block;position:absolute;top:0;left:0;z-index:0\" class=\"mask\" id=\"el-7199a5ac-5069-4b90-90e8-13dd14ebf50c\"><a href=\"https:\/\/www.panoramamoveis.com.br\/blog-wp\/web-stories\/5-tipos-de-pao-de-alho-para-seu-churrasco\/\" data-tooltip-text=\"\" target=\"_blank\" rel=\"noreferrer noopener\" style=\"width:100%;height:100%;display:block;position:absolute;top:0;left:0\"><\/p>\n<div style=\"position:absolute;width:100%;height:100%;left:0%;top:0%\" data-leaf-element=\"true\"><amp-img layout=\"fill\" src=\"https:\/\/www.panoramamoveis.com.br\/blog-wp\/wp-content\/uploads\/2021\/09\/panorama-sem-fundo.png\" alt=\"panorama sem fundo\" srcSet=\"https:\/\/www.panoramamoveis.com.br\/blog-wp\/wp-content\/uploads\/2021\/09\/panorama-sem-fundo.png 500w,https:\/\/www.panoramamoveis.com.br\/blog-wp\/wp-content\/uploads\/2021\/09\/panorama-sem-fundo-300x300.png 300w,https:\/\/www.panoramamoveis.com.br\/blog-wp\/wp-content\/uploads\/2021\/09\/panorama-sem-fundo-150x150.png 150w,https:\/\/www.panoramamoveis.com.br\/blog-wp\/wp-content\/uploads\/2021\/09\/panorama-sem-fundo-96x96.png 96w\" sizes=\"(min-width: 1024px) 24vh, 54vw\" disable-inline-width=\"true\"><\/amp-img><\/div>\n<p><\/a><\/div>\n<\/div>\n<div style=\"position:absolute;pointer-events:none;left:53.15534%;top:66.01942%;width:35.92233%;height:12.78317%;opacity:1\">\n<div style=\"pointer-events:initial;width:100%;height:100%;display:block;position:absolute;top:0;left:0;z-index:0;border-radius:1.3513513513513513% 1.3513513513513513% 1.3513513513513513% 1.3513513513513513% \/ 2.5316455696202533% 2.5316455696202533% 2.5316455696202533% 2.5316455696202533%\" id=\"el-54ef6abd-31d1-4892-a7ba-19de1de2f467\"><a href=\"https:\/\/www.panoramamoveis.com.br\/blog-wp\/web-stories\/5-beneficios-do-mamao-para-a-saude\/\" target=\"_blank\" rel=\"noreferrer noopener\" style=\"width:100%;height:100%;display:block;position:absolute;top:0;left:0\"><\/p>\n<h3 class=\"fill text-wrapper\" style=\"white-space:pre-line;overflow-wrap:break-word;word-break:break-word;margin:-0.20903716216216167% 0;font-family:&quot;Roboto&quot;,sans-serif;font-size:0.355987em;line-height:1.2;text-align:left;padding:0;color:#000000\"><span><span style=\"font-weight: 700; color: #fff\">5 Benef\u00edcios do mam\u00e3o para a sa\u00fade<\/span><\/span><\/h3>\n<p><\/a><\/div>\n<\/div>\n<div style=\"position:absolute;pointer-events:none;left:53.15534%;top:35.59871%;width:28.64078%;height:16.99029%;opacity:1\">\n<div style=\"pointer-events:initial;width:100%;height:100%;display:block;position:absolute;top:0;left:0;z-index:0;border-radius:1.694915254237288% 1.694915254237288% 1.694915254237288% 1.694915254237288% \/ 1.9047619047619049% 1.9047619047619049% 1.9047619047619049% 1.9047619047619049%\" id=\"el-2e9e818e-1985-44fa-a446-09e4865c2d3a\"><a href=\"https:\/\/www.panoramamoveis.com.br\/blog-wp\/web-stories\/conheca-as-5-maiores-cidades-do-mundo\" target=\"_blank\" rel=\"noreferrer noopener\" style=\"width:100%;height:100%;display:block;position:absolute;top:0;left:0\"><\/p>\n<h3 class=\"fill text-wrapper\" style=\"white-space:pre-line;overflow-wrap:break-word;word-break:break-word;margin:-0.2621822033898299% 0;font-family:&quot;Roboto&quot;,sans-serif;font-size:0.355987em;line-height:1.2;text-align:left;padding:0;color:#000000\"><span><span style=\"font-weight: 700; color: #fff\">Conhe\u00e7a as 5 maiores cidades do mundo<\/span><\/span><\/h3>\n<p><\/a><\/div>\n<\/div>\n<\/div>\n<\/div>\n<p><\/amp-story-grid-layer><\/amp-story-page><\/amp-story><\/body><\/html><\/p>\n","protected":false},"excerpt":{"rendered":"<p>A digest\u00e3o pode ser afetada por v\u00e1rios alimentos que s\u00e3o dif\u00edceis de processar para o sistema digestivo. Veja aqui no Web Stories da Panorama M\u00f3veis alguns desses &#8220;vil\u00f5es&#8221; da digest\u00e3o.<\/p>\n","protected":false},"author":1,"featured_media":47033,"template":"","meta":{"web_stories_publisher_logo":20,"web_stories_poster":[],"web_stories_products":[],"footnotes":""},"web_story_category":[],"web_story_tag":[],"class_list":["post-47022","web-story","type-web-story","status-publish","has-post-thumbnail","hentry"],"story_data":{"version":47,"pages":[{"elements":[{"opacity":100,"flip":{"vertical":false,"horizontal":false},"rotationAngle":0,"lockAspectRatio":true,"x":318,"y":270,"width":330,"height":586,"mask":{"type":"rectangle"},"isBackground":true,"type":"image","id":"76f7f876-3d4c-4fb3-bb0d-58954ef2886c","scale":100,"focalX":50,"focalY":50,"resource":{"baseColor":"#8a1b18","blurHash":"UTINR9t8a0WV.mofjFj[z;jsXSf6%2jukBWB","type":"image","mimeType":"image\/png","creationDate":"2022-07-17T14:13:08.000Z","src":"https:\/\/www.panoramamoveis.com.br\/blog-wp\/wp-content\/uploads\/2022\/07\/ESPELHOS-PG1.png","width":1080,"height":1920,"id":6244,"alt":"ESPELHOS PG1","sizes":{"medium":{"file":"ESPELHOS-PG1-169x300.png","width":169,"height":300,"filesize":58302,"mimeType":"image\/png","sourceUrl":"https:\/\/www.panoramamoveis.com.br\/blog-wp\/wp-content\/uploads\/2022\/07\/ESPELHOS-PG1-169x300.png"},"large":{"file":"ESPELHOS-PG1-576x1024.png","width":576,"height":1024,"filesize":422030,"mimeType":"image\/png","sourceUrl":"https:\/\/www.panoramamoveis.com.br\/blog-wp\/wp-content\/uploads\/2022\/07\/ESPELHOS-PG1-576x1024.png"},"thumbnail":{"file":"ESPELHOS-PG1-150x150.png","width":150,"height":150,"filesize":33689,"mimeType":"image\/png","sourceUrl":"https:\/\/www.panoramamoveis.com.br\/blog-wp\/wp-content\/uploads\/2022\/07\/ESPELHOS-PG1-150x150.png"},"medium_large":{"file":"ESPELHOS-PG1-768x1365.png","width":768,"height":1365,"filesize":781298,"mimeType":"image\/png","sourceUrl":"https:\/\/www.panoramamoveis.com.br\/blog-wp\/wp-content\/uploads\/2022\/07\/ESPELHOS-PG1-768x1365.png"},"1536x1536":{"file":"ESPELHOS-PG1-864x1536.png","width":864,"height":1536,"filesize":809787,"mimeType":"image\/png","sourceUrl":"https:\/\/www.panoramamoveis.com.br\/blog-wp\/wp-content\/uploads\/2022\/07\/ESPELHOS-PG1-864x1536.png"},"web-stories-poster-portrait":{"file":"ESPELHOS-PG1-640x853.png","width":640,"height":853,"filesize":493572,"mimeType":"image\/png","sourceUrl":"https:\/\/www.panoramamoveis.com.br\/blog-wp\/wp-content\/uploads\/2022\/07\/ESPELHOS-PG1-640x853.png"},"web-stories-publisher-logo":{"file":"ESPELHOS-PG1-96x96.png","width":96,"height":96,"filesize":15577,"mimeType":"image\/png","sourceUrl":"https:\/\/www.panoramamoveis.com.br\/blog-wp\/wp-content\/uploads\/2022\/07\/ESPELHOS-PG1-96x96.png"},"web-stories-thumbnail":{"file":"ESPELHOS-PG1-150x267.png","width":150,"height":267,"filesize":46803,"mimeType":"image\/png","sourceUrl":"https:\/\/www.panoramamoveis.com.br\/blog-wp\/wp-content\/uploads\/2022\/07\/ESPELHOS-PG1-150x267.png"},"full":{"file":"ESPELHOS-PG1.png","width":1080,"height":1920,"mimeType":"image\/png","sourceUrl":"https:\/\/www.panoramamoveis.com.br\/blog-wp\/wp-content\/uploads\/2022\/07\/ESPELHOS-PG1.png"}},"isPlaceholder":false,"isOptimized":false,"isMuted":false,"isExternal":false,"needsProxy":false},"alt":"Sala com 3 espelhos redondos"},{"opacity":100,"flip":{"vertical":false,"horizontal":false},"rotationAngle":0,"lockAspectRatio":false,"scale":100,"focalX":50,"focalY":50,"resource":{"type":"image","mimeType":"image\/jpeg","width":1380,"height":920,"sizes":{"medium":{"file":"menina-passando-mal-tocando-o-estomago-e-reclamando-de-colicas-ou-dor_176420-30928-300x200.jpeg","width":300,"height":200,"filesize":7259,"mimeType":"image\/jpeg","sourceUrl":"https:\/\/www.panoramamoveis.com.br\/blog-wp\/wp-content\/uploads\/2024\/06\/menina-passando-mal-tocando-o-estomago-e-reclamando-de-colicas-ou-dor_176420-30928-300x200.jpeg"},"large":{"file":"menina-passando-mal-tocando-o-estomago-e-reclamando-de-colicas-ou-dor_176420-30928-1024x683.jpeg","width":1024,"height":683,"filesize":45617,"mimeType":"image\/jpeg","sourceUrl":"https:\/\/www.panoramamoveis.com.br\/blog-wp\/wp-content\/uploads\/2024\/06\/menina-passando-mal-tocando-o-estomago-e-reclamando-de-colicas-ou-dor_176420-30928-1024x683.jpeg"},"thumbnail":{"file":"menina-passando-mal-tocando-o-estomago-e-reclamando-de-colicas-ou-dor_176420-30928-150x150.jpeg","width":150,"height":150,"filesize":4705,"mimeType":"image\/jpeg","sourceUrl":"https:\/\/www.panoramamoveis.com.br\/blog-wp\/wp-content\/uploads\/2024\/06\/menina-passando-mal-tocando-o-estomago-e-reclamando-de-colicas-ou-dor_176420-30928-150x150.jpeg"},"medium_large":{"file":"menina-passando-mal-tocando-o-estomago-e-reclamando-de-colicas-ou-dor_176420-30928-768x512.jpeg","width":768,"height":512,"filesize":28889,"mimeType":"image\/jpeg","sourceUrl":"https:\/\/www.panoramamoveis.com.br\/blog-wp\/wp-content\/uploads\/2024\/06\/menina-passando-mal-tocando-o-estomago-e-reclamando-de-colicas-ou-dor_176420-30928-768x512.jpeg"},"post-thumbnail":{"file":"menina-passando-mal-tocando-o-estomago-e-reclamando-de-colicas-ou-dor_176420-30928-1200x800.jpeg","width":1200,"height":800,"filesize":58012,"mimeType":"image\/jpeg","sourceUrl":"https:\/\/www.panoramamoveis.com.br\/blog-wp\/wp-content\/uploads\/2024\/06\/menina-passando-mal-tocando-o-estomago-e-reclamando-de-colicas-ou-dor_176420-30928-1200x800.jpeg"},"web-stories-poster-portrait":{"file":"menina-passando-mal-tocando-o-estomago-e-reclamando-de-colicas-ou-dor_176420-30928-640x853.jpeg","width":640,"height":853,"filesize":53411,"mimeType":"image\/jpeg","sourceUrl":"https:\/\/www.panoramamoveis.com.br\/blog-wp\/wp-content\/uploads\/2024\/06\/menina-passando-mal-tocando-o-estomago-e-reclamando-de-colicas-ou-dor_176420-30928-640x853.jpeg"},"web-stories-publisher-logo":{"file":"menina-passando-mal-tocando-o-estomago-e-reclamando-de-colicas-ou-dor_176420-30928-96x96.jpeg","width":96,"height":96,"filesize":2651,"mimeType":"image\/jpeg","sourceUrl":"https:\/\/www.panoramamoveis.com.br\/blog-wp\/wp-content\/uploads\/2024\/06\/menina-passando-mal-tocando-o-estomago-e-reclamando-de-colicas-ou-dor_176420-30928-96x96.jpeg"},"web-stories-thumbnail":{"file":"menina-passando-mal-tocando-o-estomago-e-reclamando-de-colicas-ou-dor_176420-30928-150x100.jpeg","width":150,"height":100,"filesize":3016,"mimeType":"image\/jpeg","sourceUrl":"https:\/\/www.panoramamoveis.com.br\/blog-wp\/wp-content\/uploads\/2024\/06\/menina-passando-mal-tocando-o-estomago-e-reclamando-de-colicas-ou-dor_176420-30928-150x100.jpeg"},"full":{"file":"menina-passando-mal-tocando-o-estomago-e-reclamando-de-colicas-ou-dor_176420-30928.jpeg","width":1380,"height":920,"mimeType":"image\/jpeg","sourceUrl":"https:\/\/www.panoramamoveis.com.br\/blog-wp\/wp-content\/uploads\/2024\/06\/menina-passando-mal-tocando-o-estomago-e-reclamando-de-colicas-ou-dor_176420-30928.jpeg"}},"isPlaceholder":false,"isExternal":false,"needsProxy":false,"baseColor":"#a2844e","blurHash":"UqP?p[xu?wRkx^azRifPo$a|acoKjEaybIkC","creationDate":"2024-06-13T17:12:32","src":"https:\/\/www.panoramamoveis.com.br\/blog-wp\/wp-content\/uploads\/2024\/06\/menina-passando-mal-tocando-o-estomago-e-reclamando-de-colicas-ou-dor_176420-30928.jpeg","id":47034,"alt":"menina-passando-mal-tocando-o-estomago-e-reclamando-de-colicas-ou-dor_176420-30928","local":false},"type":"image","x":25,"y":82,"width":364,"height":394,"mask":{"type":"rectangle","showInLibrary":true,"name":"Ret\u00e2ngulo","path":"M 0,0 1,0 1,1 0,1 0,0 Z","ratio":1,"supportsBorder":true},"id":"546aa7e4-5e7e-4f24-b6ae-2caf1be23199"},{"opacity":100,"flip":{"vertical":false,"horizontal":false},"rotationAngle":0,"lockAspectRatio":true,"backgroundTextMode":"HIGHLIGHT","font":{"family":"Anton"},"fontSize":25,"backgroundColor":{"color":{"r":163,"g":0,"b":3,"a":0.6}},"lineHeight":1,"textAlign":"left","padding":{"hasHiddenPadding":true,"horizontal":8,"vertical":4},"content":"<span style=\"color: #fff\">7 alimentos que dificultam a digest\u00e3o<\/span>","borderRadius":{"locked":true,"topLeft":2,"topRight":2,"bottomRight":2,"bottomLeft":2},"x":48,"y":397,"width":310,"height":79,"basedOn":"0eb8f95a-7e6c-437b-ac68-3824daa840f3","id":"2582c9a8-b4e9-468b-b85d-7bd4cb1c4478","type":"text","marginOffset":-12.63427734375},{"opacity":100,"flip":{"vertical":false,"horizontal":false},"rotationAngle":0,"lockAspectRatio":true,"backgroundTextMode":"FILL","font":{"family":"Anton"},"fontSize":24,"backgroundColor":{"color":{"r":163,"g":0,"b":3,"a":0.7}},"lineHeight":1.2,"textAlign":"center","padding":{"locked":true,"hasHiddenPadding":true,"horizontal":8,"vertical":4},"type":"text","content":"<span style=\"color: #fff\">Confira tudo nesse web stories da Panorama m\u00f3veis<\/span>","borderRadius":{"locked":true,"topLeft":2,"topRight":2,"bottomRight":2,"bottomLeft":2},"x":53,"y":527,"width":309,"height":73,"id":"bf7050a3-2269-4a18-991d-666bc73b2364"}],"animations":[],"backgroundColor":{"color":{"r":255,"g":255,"b":255}},"type":"page","id":"5087ac86-4e77-42ae-a3bc-6de766d977a9","defaultBackgroundElement":{"opacity":100,"flip":{"vertical":false,"horizontal":false},"rotationAngle":0,"lockAspectRatio":true,"x":1,"y":1,"width":1,"height":1,"mask":{"type":"rectangle"},"isBackground":true,"isDefaultBackground":true,"type":"shape","id":"fd86e440-5b5a-448f-9a3f-d9ffceab6663"},"pageAttachment":{"url":""}},{"elements":[{"opacity":100,"flip":{"vertical":false,"horizontal":false},"rotationAngle":0,"lockAspectRatio":true,"scale":100,"focalX":50,"focalY":50,"resource":{"baseColor":"#d0c9c3","blurHash":"UJPskqM{_4xb00tQ-=t7_NM{M{Rj%gs:ayRj","type":"image","mimeType":"image\/png","creationDate":"2022-07-17T14:12:58.000Z","src":"https:\/\/www.panoramamoveis.com.br\/blog-wp\/wp-content\/uploads\/2022\/07\/ESPELHOS-PG4.png","width":1080,"height":1920,"id":6240,"alt":"ESPELHOS PG4","sizes":{"medium":{"file":"ESPELHOS-PG4-169x300.png","width":169,"height":300,"filesize":52785,"mimeType":"image\/png","sourceUrl":"https:\/\/www.panoramamoveis.com.br\/blog-wp\/wp-content\/uploads\/2022\/07\/ESPELHOS-PG4-169x300.png"},"large":{"file":"ESPELHOS-PG4-576x1024.png","width":576,"height":1024,"filesize":395855,"mimeType":"image\/png","sourceUrl":"https:\/\/www.panoramamoveis.com.br\/blog-wp\/wp-content\/uploads\/2022\/07\/ESPELHOS-PG4-576x1024.png"},"thumbnail":{"file":"ESPELHOS-PG4-150x150.png","width":150,"height":150,"filesize":26980,"mimeType":"image\/png","sourceUrl":"https:\/\/www.panoramamoveis.com.br\/blog-wp\/wp-content\/uploads\/2022\/07\/ESPELHOS-PG4-150x150.png"},"medium_large":{"file":"ESPELHOS-PG4-768x1365.png","width":768,"height":1365,"filesize":730853,"mimeType":"image\/png","sourceUrl":"https:\/\/www.panoramamoveis.com.br\/blog-wp\/wp-content\/uploads\/2022\/07\/ESPELHOS-PG4-768x1365.png"},"1536x1536":{"file":"ESPELHOS-PG4-864x1536.png","width":864,"height":1536,"filesize":778363,"mimeType":"image\/png","sourceUrl":"https:\/\/www.panoramamoveis.com.br\/blog-wp\/wp-content\/uploads\/2022\/07\/ESPELHOS-PG4-864x1536.png"},"web-stories-poster-portrait":{"file":"ESPELHOS-PG4-640x853.png","width":640,"height":853,"filesize":420748,"mimeType":"image\/png","sourceUrl":"https:\/\/www.panoramamoveis.com.br\/blog-wp\/wp-content\/uploads\/2022\/07\/ESPELHOS-PG4-640x853.png"},"web-stories-publisher-logo":{"file":"ESPELHOS-PG4-96x96.png","width":96,"height":96,"filesize":12353,"mimeType":"image\/png","sourceUrl":"https:\/\/www.panoramamoveis.com.br\/blog-wp\/wp-content\/uploads\/2022\/07\/ESPELHOS-PG4-96x96.png"},"web-stories-thumbnail":{"file":"ESPELHOS-PG4-150x267.png","width":150,"height":267,"filesize":42771,"mimeType":"image\/png","sourceUrl":"https:\/\/www.panoramamoveis.com.br\/blog-wp\/wp-content\/uploads\/2022\/07\/ESPELHOS-PG4-150x267.png"},"full":{"file":"ESPELHOS-PG4.png","width":1080,"height":1920,"mimeType":"image\/png","sourceUrl":"https:\/\/www.panoramamoveis.com.br\/blog-wp\/wp-content\/uploads\/2022\/07\/ESPELHOS-PG4.png"}},"isPlaceholder":false,"isOptimized":false,"isMuted":false,"isExternal":false,"needsProxy":false},"x":210,"y":540,"width":330,"height":586,"mask":{"type":"rectangle"},"isBackground":true,"id":"a0f21890-7f89-457d-a6c6-91e4e0024de2","basedOn":"6d51fe17-5b3b-4d0b-82cf-4037a3ffa2f8","alt":"sala com espelho ovalado em cima de bancada de madeira","type":"image"},{"opacity":100,"flip":{"vertical":false,"horizontal":false},"rotationAngle":0,"lockAspectRatio":false,"scale":100,"focalX":50,"focalY":50,"resource":{"type":"image","mimeType":"image\/jpeg","width":740,"height":1110,"sizes":{"medium":{"file":"vista-superior-delicioso-frango-desossado-e-batatas-fritas_23-2149972950-200x300.jpeg","width":200,"height":300,"filesize":20287,"mimeType":"image\/jpeg","sourceUrl":"https:\/\/www.panoramamoveis.com.br\/blog-wp\/wp-content\/uploads\/2024\/06\/vista-superior-delicioso-frango-desossado-e-batatas-fritas_23-2149972950-200x300.jpeg"},"large":{"file":"vista-superior-delicioso-frango-desossado-e-batatas-fritas_23-2149972950-683x1024.jpeg","width":683,"height":1024,"filesize":148518,"mimeType":"image\/jpeg","sourceUrl":"https:\/\/www.panoramamoveis.com.br\/blog-wp\/wp-content\/uploads\/2024\/06\/vista-superior-delicioso-frango-desossado-e-batatas-fritas_23-2149972950-683x1024.jpeg"},"thumbnail":{"file":"vista-superior-delicioso-frango-desossado-e-batatas-fritas_23-2149972950-150x150.jpeg","width":150,"height":150,"filesize":8852,"mimeType":"image\/jpeg","sourceUrl":"https:\/\/www.panoramamoveis.com.br\/blog-wp\/wp-content\/uploads\/2024\/06\/vista-superior-delicioso-frango-desossado-e-batatas-fritas_23-2149972950-150x150.jpeg"},"web-stories-poster-portrait":{"file":"vista-superior-delicioso-frango-desossado-e-batatas-fritas_23-2149972950-640x853.jpeg","width":640,"height":853,"filesize":120015,"mimeType":"image\/jpeg","sourceUrl":"https:\/\/www.panoramamoveis.com.br\/blog-wp\/wp-content\/uploads\/2024\/06\/vista-superior-delicioso-frango-desossado-e-batatas-fritas_23-2149972950-640x853.jpeg"},"web-stories-publisher-logo":{"file":"vista-superior-delicioso-frango-desossado-e-batatas-fritas_23-2149972950-96x96.jpeg","width":96,"height":96,"filesize":4366,"mimeType":"image\/jpeg","sourceUrl":"https:\/\/www.panoramamoveis.com.br\/blog-wp\/wp-content\/uploads\/2024\/06\/vista-superior-delicioso-frango-desossado-e-batatas-fritas_23-2149972950-96x96.jpeg"},"web-stories-thumbnail":{"file":"vista-superior-delicioso-frango-desossado-e-batatas-fritas_23-2149972950-150x225.jpeg","width":150,"height":225,"filesize":13001,"mimeType":"image\/jpeg","sourceUrl":"https:\/\/www.panoramamoveis.com.br\/blog-wp\/wp-content\/uploads\/2024\/06\/vista-superior-delicioso-frango-desossado-e-batatas-fritas_23-2149972950-150x225.jpeg"},"full":{"file":"vista-superior-delicioso-frango-desossado-e-batatas-fritas_23-2149972950.jpeg","width":740,"height":1110,"mimeType":"image\/jpeg","sourceUrl":"https:\/\/www.panoramamoveis.com.br\/blog-wp\/wp-content\/uploads\/2024\/06\/vista-superior-delicioso-frango-desossado-e-batatas-fritas_23-2149972950.jpeg"}},"isPlaceholder":false,"isExternal":false,"needsProxy":false,"baseColor":"#bc6117","blurHash":"U6KIOe05y.}pRm5ST]^~LJVH4=Ir59^NF1E*","creationDate":"2024-06-13T17:19:26","src":"https:\/\/www.panoramamoveis.com.br\/blog-wp\/wp-content\/uploads\/2024\/06\/vista-superior-delicioso-frango-desossado-e-batatas-fritas_23-2149972950.jpeg","id":47039,"alt":"vista-superior-delicioso-frango-desossado-e-batatas-fritas_23-2149972950","local":false},"type":"image","x":51,"y":-37,"width":310,"height":390,"mask":{"type":"rectangle","showInLibrary":true,"name":"Ret\u00e2ngulo","path":"M 0,0 1,0 1,1 0,1 0,0 Z","ratio":1,"supportsBorder":true},"id":"3f4bfae5-8480-44bb-8bed-fcf3bf127cc5"},{"opacity":100,"flip":{"vertical":false,"horizontal":false},"rotationAngle":270,"lockAspectRatio":true,"scale":100,"focalX":50,"focalY":50,"resource":{"baseColor":"#543833","type":"image","mimeType":"image\/png","creationDate":"2021-11-09T19:36:56","src":"https:\/\/www.panoramamoveis.com.br\/blog-wp\/wp-content\/uploads\/2021\/11\/Panorama-Moveis-click-1.png","width":3240,"height":5760,"id":1933,"alt":"Panorama M\u00f3veis click (1)","sizes":{"medium":{"file":"Panorama-Moveis-click-1-169x300.png","width":169,"height":300,"mimeType":"image\/png","sourceUrl":"https:\/\/www.panoramamoveis.com.br\/blog-wp\/wp-content\/uploads\/2021\/11\/Panorama-Moveis-click-1-169x300.png"},"large":{"file":"Panorama-Moveis-click-1-576x1024.png","width":576,"height":1024,"mimeType":"image\/png","sourceUrl":"https:\/\/www.panoramamoveis.com.br\/blog-wp\/wp-content\/uploads\/2021\/11\/Panorama-Moveis-click-1-576x1024.png"},"thumbnail":{"file":"Panorama-Moveis-click-1-150x150.png","width":150,"height":150,"mimeType":"image\/png","sourceUrl":"https:\/\/www.panoramamoveis.com.br\/blog-wp\/wp-content\/uploads\/2021\/11\/Panorama-Moveis-click-1-150x150.png"},"medium_large":{"file":"Panorama-Moveis-click-1-768x1365.png","width":768,"height":1365,"mimeType":"image\/png","sourceUrl":"https:\/\/www.panoramamoveis.com.br\/blog-wp\/wp-content\/uploads\/2021\/11\/Panorama-Moveis-click-1-768x1365.png"},"1536x1536":{"file":"Panorama-Moveis-click-1-864x1536.png","width":864,"height":1536,"mimeType":"image\/png","sourceUrl":"https:\/\/www.panoramamoveis.com.br\/blog-wp\/wp-content\/uploads\/2021\/11\/Panorama-Moveis-click-1-864x1536.png"},"2048x2048":{"file":"Panorama-Moveis-click-1-1152x2048.png","width":1152,"height":2048,"mimeType":"image\/png","sourceUrl":"https:\/\/www.panoramamoveis.com.br\/blog-wp\/wp-content\/uploads\/2021\/11\/Panorama-Moveis-click-1-1152x2048.png"},"post-thumbnail":{"file":"Panorama-Moveis-click-1-1200x2133.png","width":1200,"height":2133,"mimeType":"image\/png","sourceUrl":"https:\/\/www.panoramamoveis.com.br\/blog-wp\/wp-content\/uploads\/2021\/11\/Panorama-Moveis-click-1-1200x2133.png"},"twentytwenty-fullscreen":{"file":"Panorama-Moveis-click-1-1980x3520.png","width":1980,"height":3520,"mimeType":"image\/png","sourceUrl":"https:\/\/www.panoramamoveis.com.br\/blog-wp\/wp-content\/uploads\/2021\/11\/Panorama-Moveis-click-1-1980x3520.png"},"web-stories-poster-portrait":{"file":"Panorama-Moveis-click-1-640x853.png","width":640,"height":853,"mimeType":"image\/png","sourceUrl":"https:\/\/www.panoramamoveis.com.br\/blog-wp\/wp-content\/uploads\/2021\/11\/Panorama-Moveis-click-1-640x853.png"},"web-stories-publisher-logo":{"file":"Panorama-Moveis-click-1-96x96.png","width":96,"height":96,"mimeType":"image\/png","sourceUrl":"https:\/\/www.panoramamoveis.com.br\/blog-wp\/wp-content\/uploads\/2021\/11\/Panorama-Moveis-click-1-96x96.png"},"web-stories-thumbnail":{"file":"Panorama-Moveis-click-1-150x267.png","width":150,"height":267,"mimeType":"image\/png","sourceUrl":"https:\/\/www.panoramamoveis.com.br\/blog-wp\/wp-content\/uploads\/2021\/11\/Panorama-Moveis-click-1-150x267.png"},"full":{"file":"Panorama-Moveis-click-1.png","width":3240,"height":5760,"mimeType":"image\/png","sourceUrl":"https:\/\/www.panoramamoveis.com.br\/blog-wp\/wp-content\/uploads\/2021\/11\/Panorama-Moveis-click-1.png"}},"isPlaceholder":false,"isOptimized":false,"isMuted":false,"isExternal":false,"provider":"local"},"x":70,"y":-52,"width":56,"height":104,"mask":{"type":"rectangle","showInLibrary":true,"name":"Ret\u00e2ngulo","path":"M 0,0 1,0 1,1 0,1 0,0 Z","ratio":1,"supportsBorder":true},"basedOn":"ff22fdff-46a4-4f87-bd8d-8ebfd8afae43","id":"29fc5bcf-eac1-4cec-8cbe-354650db0db4","type":"image"},{"opacity":100,"flip":{"vertical":false,"horizontal":false},"rotationAngle":0,"lockAspectRatio":true,"backgroundTextMode":"NONE","font":{"family":"Oswald"},"fontSize":23,"backgroundColor":{"color":{"r":196,"g":196,"b":196}},"lineHeight":1.2,"textAlign":"left","padding":{"locked":true,"hasHiddenPadding":false,"horizontal":null,"vertical":null},"content":"<span style=\"color: #f00\">Frituras, carnes gordurosas, fast food, e alimentos ricos em creme ou manteiga s\u00e3o dif\u00edceis de digerir e podem causar desconforto gastrointestinal.<\/span>","borderRadius":{"locked":true,"topLeft":2,"topRight":2,"bottomRight":2,"bottomLeft":2},"x":58,"y":352,"width":292,"height":144,"basedOn":"1db38a2b-ce9d-45f7-9b4b-251abc548bed","marginOffset":-5.0760000000000005,"id":"ef433ffc-d389-474e-9c23-71de35c4f01c","type":"text"},{"opacity":100,"flip":{"vertical":false,"horizontal":false},"rotationAngle":0,"lockAspectRatio":true,"backgroundTextMode":"HIGHLIGHT","font":{"family":"Anton"},"fontSize":24,"backgroundColor":{"color":{"r":163,"g":0,"b":3,"a":0.6}},"lineHeight":1,"textAlign":"left","padding":{"hasHiddenPadding":true,"horizontal":8,"vertical":4},"content":"<span style=\"color: #fff\">Alimentos gordurosos<\/span>","borderRadius":{"locked":true,"topLeft":2,"topRight":2,"bottomRight":2,"bottomLeft":2},"x":58,"y":308,"width":310,"height":44,"basedOn":"b243f3b7-3cf7-4622-8509-1da0a1b3e9f5","id":"392f3cee-8cc7-401f-92b5-90a8b3870a6d","type":"text"}],"backgroundColor":{"color":{"r":255,"g":255,"b":255}},"animations":[{"targets":["ef433ffc-d389-474e-9c23-71de35c4f01c"],"id":"f97bca3d-80ba-4948-abcf-97d52eaf167b","type":"effect-fade-in","duration":600,"delay":0}],"type":"page","id":"ad4a60f9-ee65-4ac4-86c1-02ce91064105","defaultBackgroundElement":{"opacity":100,"flip":{"vertical":false,"horizontal":false},"rotationAngle":0,"lockAspectRatio":true,"x":1,"y":1,"width":1,"height":1,"mask":{"type":"rectangle"},"isBackground":true,"isDefaultBackground":true,"type":"shape","id":"a8c80173-9ac5-4023-87d5-f08fb27f6c35"}},{"elements":[{"opacity":100,"flip":{"vertical":false,"horizontal":false},"rotationAngle":0,"lockAspectRatio":true,"scale":100,"focalX":50,"focalY":50,"resource":{"baseColor":"#d0c9c3","blurHash":"UJPskqM{_4xb00tQ-=t7_NM{M{Rj%gs:ayRj","type":"image","mimeType":"image\/png","creationDate":"2022-07-17T14:12:58.000Z","src":"https:\/\/www.panoramamoveis.com.br\/blog-wp\/wp-content\/uploads\/2022\/07\/ESPELHOS-PG4.png","width":1080,"height":1920,"id":6240,"alt":"ESPELHOS PG4","sizes":{"medium":{"file":"ESPELHOS-PG4-169x300.png","width":169,"height":300,"filesize":52785,"mimeType":"image\/png","sourceUrl":"https:\/\/www.panoramamoveis.com.br\/blog-wp\/wp-content\/uploads\/2022\/07\/ESPELHOS-PG4-169x300.png"},"large":{"file":"ESPELHOS-PG4-576x1024.png","width":576,"height":1024,"filesize":395855,"mimeType":"image\/png","sourceUrl":"https:\/\/www.panoramamoveis.com.br\/blog-wp\/wp-content\/uploads\/2022\/07\/ESPELHOS-PG4-576x1024.png"},"thumbnail":{"file":"ESPELHOS-PG4-150x150.png","width":150,"height":150,"filesize":26980,"mimeType":"image\/png","sourceUrl":"https:\/\/www.panoramamoveis.com.br\/blog-wp\/wp-content\/uploads\/2022\/07\/ESPELHOS-PG4-150x150.png"},"medium_large":{"file":"ESPELHOS-PG4-768x1365.png","width":768,"height":1365,"filesize":730853,"mimeType":"image\/png","sourceUrl":"https:\/\/www.panoramamoveis.com.br\/blog-wp\/wp-content\/uploads\/2022\/07\/ESPELHOS-PG4-768x1365.png"},"1536x1536":{"file":"ESPELHOS-PG4-864x1536.png","width":864,"height":1536,"filesize":778363,"mimeType":"image\/png","sourceUrl":"https:\/\/www.panoramamoveis.com.br\/blog-wp\/wp-content\/uploads\/2022\/07\/ESPELHOS-PG4-864x1536.png"},"web-stories-poster-portrait":{"file":"ESPELHOS-PG4-640x853.png","width":640,"height":853,"filesize":420748,"mimeType":"image\/png","sourceUrl":"https:\/\/www.panoramamoveis.com.br\/blog-wp\/wp-content\/uploads\/2022\/07\/ESPELHOS-PG4-640x853.png"},"web-stories-publisher-logo":{"file":"ESPELHOS-PG4-96x96.png","width":96,"height":96,"filesize":12353,"mimeType":"image\/png","sourceUrl":"https:\/\/www.panoramamoveis.com.br\/blog-wp\/wp-content\/uploads\/2022\/07\/ESPELHOS-PG4-96x96.png"},"web-stories-thumbnail":{"file":"ESPELHOS-PG4-150x267.png","width":150,"height":267,"filesize":42771,"mimeType":"image\/png","sourceUrl":"https:\/\/www.panoramamoveis.com.br\/blog-wp\/wp-content\/uploads\/2022\/07\/ESPELHOS-PG4-150x267.png"},"full":{"file":"ESPELHOS-PG4.png","width":1080,"height":1920,"mimeType":"image\/png","sourceUrl":"https:\/\/www.panoramamoveis.com.br\/blog-wp\/wp-content\/uploads\/2022\/07\/ESPELHOS-PG4.png"}},"isPlaceholder":false,"isOptimized":false,"isMuted":false,"isExternal":false,"needsProxy":false},"x":300,"y":60,"width":330,"height":586,"mask":{"type":"rectangle"},"isBackground":true,"id":"3f7c3016-9161-48ec-90b3-4a85bfcaf709","basedOn":"6d51fe17-5b3b-4d0b-82cf-4037a3ffa2f8","alt":"sala com espelho ovalado em cima de bancada de madeira","type":"image"},{"opacity":100,"flip":{"vertical":false,"horizontal":false},"rotationAngle":0,"lockAspectRatio":false,"scale":100,"focalX":50,"focalY":50,"resource":{"type":"image","mimeType":"image\/jpeg","width":826,"height":826,"sizes":{"medium":{"file":"composicao-com-close-up-de-deliciosa-comida-brasileira_23-2148739194-300x300.jpg","width":300,"height":300,"filesize":23499,"mimeType":"image\/jpeg","sourceUrl":"https:\/\/www.panoramamoveis.com.br\/blog-wp\/wp-content\/uploads\/2024\/06\/composicao-com-close-up-de-deliciosa-comida-brasileira_23-2148739194-300x300.jpg"},"thumbnail":{"file":"composicao-com-close-up-de-deliciosa-comida-brasileira_23-2148739194-150x150.jpg","width":150,"height":150,"filesize":8252,"mimeType":"image\/jpeg","sourceUrl":"https:\/\/www.panoramamoveis.com.br\/blog-wp\/wp-content\/uploads\/2024\/06\/composicao-com-close-up-de-deliciosa-comida-brasileira_23-2148739194-150x150.jpg"},"medium_large":{"file":"composicao-com-close-up-de-deliciosa-comida-brasileira_23-2148739194-768x768.jpg","width":768,"height":768,"filesize":98243,"mimeType":"image\/jpeg","sourceUrl":"https:\/\/www.panoramamoveis.com.br\/blog-wp\/wp-content\/uploads\/2024\/06\/composicao-com-close-up-de-deliciosa-comida-brasileira_23-2148739194-768x768.jpg"},"web-stories-poster-portrait":{"file":"composicao-com-close-up-de-deliciosa-comida-brasileira_23-2148739194-640x826.jpg","width":640,"height":826,"filesize":93493,"mimeType":"image\/jpeg","sourceUrl":"https:\/\/www.panoramamoveis.com.br\/blog-wp\/wp-content\/uploads\/2024\/06\/composicao-com-close-up-de-deliciosa-comida-brasileira_23-2148739194-640x826.jpg"},"web-stories-publisher-logo":{"file":"composicao-com-close-up-de-deliciosa-comida-brasileira_23-2148739194-96x96.jpg","width":96,"height":96,"filesize":4151,"mimeType":"image\/jpeg","sourceUrl":"https:\/\/www.panoramamoveis.com.br\/blog-wp\/wp-content\/uploads\/2024\/06\/composicao-com-close-up-de-deliciosa-comida-brasileira_23-2148739194-96x96.jpg"},"web-stories-thumbnail":{"file":"composicao-com-close-up-de-deliciosa-comida-brasileira_23-2148739194-150x150.jpg","width":150,"height":150,"filesize":8252,"mimeType":"image\/jpeg","sourceUrl":"https:\/\/www.panoramamoveis.com.br\/blog-wp\/wp-content\/uploads\/2024\/06\/composicao-com-close-up-de-deliciosa-comida-brasileira_23-2148739194-150x150.jpg"},"full":{"file":"composicao-com-close-up-de-deliciosa-comida-brasileira_23-2148739194.jpg","width":826,"height":826,"mimeType":"image\/jpeg","sourceUrl":"https:\/\/www.panoramamoveis.com.br\/blog-wp\/wp-content\/uploads\/2024\/06\/composicao-com-close-up-de-deliciosa-comida-brasileira_23-2148739194.jpg"}},"isPlaceholder":false,"isExternal":false,"needsProxy":false,"baseColor":"#271713","blurHash":"UDCYp^9u}@tl?H0MRPtl^*I:%0%M%257IVtR","creationDate":"2024-06-13T17:25:04","src":"https:\/\/www.panoramamoveis.com.br\/blog-wp\/wp-content\/uploads\/2024\/06\/composicao-com-close-up-de-deliciosa-comida-brasileira_23-2148739194.jpg","id":47042,"alt":"composicao-com-close-up-de-deliciosa-comida-brasileira_23-2148739194","local":false},"type":"image","x":48,"y":-37,"width":316,"height":390,"mask":{"type":"rectangle","showInLibrary":true,"name":"Ret\u00e2ngulo","path":"M 0,0 1,0 1,1 0,1 0,0 Z","ratio":1,"supportsBorder":true},"id":"76b19607-bf18-4ec8-ab27-e45937f703f0"},{"opacity":100,"flip":{"vertical":false,"horizontal":false},"rotationAngle":270,"lockAspectRatio":true,"scale":100,"focalX":50,"focalY":50,"resource":{"baseColor":"#543833","type":"image","mimeType":"image\/png","creationDate":"2021-11-09T19:36:56","src":"https:\/\/www.panoramamoveis.com.br\/blog-wp\/wp-content\/uploads\/2021\/11\/Panorama-Moveis-click-1.png","width":3240,"height":5760,"id":1933,"alt":"Panorama M\u00f3veis click (1)","sizes":{"medium":{"file":"Panorama-Moveis-click-1-169x300.png","width":169,"height":300,"mimeType":"image\/png","sourceUrl":"https:\/\/www.panoramamoveis.com.br\/blog-wp\/wp-content\/uploads\/2021\/11\/Panorama-Moveis-click-1-169x300.png"},"large":{"file":"Panorama-Moveis-click-1-576x1024.png","width":576,"height":1024,"mimeType":"image\/png","sourceUrl":"https:\/\/www.panoramamoveis.com.br\/blog-wp\/wp-content\/uploads\/2021\/11\/Panorama-Moveis-click-1-576x1024.png"},"thumbnail":{"file":"Panorama-Moveis-click-1-150x150.png","width":150,"height":150,"mimeType":"image\/png","sourceUrl":"https:\/\/www.panoramamoveis.com.br\/blog-wp\/wp-content\/uploads\/2021\/11\/Panorama-Moveis-click-1-150x150.png"},"medium_large":{"file":"Panorama-Moveis-click-1-768x1365.png","width":768,"height":1365,"mimeType":"image\/png","sourceUrl":"https:\/\/www.panoramamoveis.com.br\/blog-wp\/wp-content\/uploads\/2021\/11\/Panorama-Moveis-click-1-768x1365.png"},"1536x1536":{"file":"Panorama-Moveis-click-1-864x1536.png","width":864,"height":1536,"mimeType":"image\/png","sourceUrl":"https:\/\/www.panoramamoveis.com.br\/blog-wp\/wp-content\/uploads\/2021\/11\/Panorama-Moveis-click-1-864x1536.png"},"2048x2048":{"file":"Panorama-Moveis-click-1-1152x2048.png","width":1152,"height":2048,"mimeType":"image\/png","sourceUrl":"https:\/\/www.panoramamoveis.com.br\/blog-wp\/wp-content\/uploads\/2021\/11\/Panorama-Moveis-click-1-1152x2048.png"},"post-thumbnail":{"file":"Panorama-Moveis-click-1-1200x2133.png","width":1200,"height":2133,"mimeType":"image\/png","sourceUrl":"https:\/\/www.panoramamoveis.com.br\/blog-wp\/wp-content\/uploads\/2021\/11\/Panorama-Moveis-click-1-1200x2133.png"},"twentytwenty-fullscreen":{"file":"Panorama-Moveis-click-1-1980x3520.png","width":1980,"height":3520,"mimeType":"image\/png","sourceUrl":"https:\/\/www.panoramamoveis.com.br\/blog-wp\/wp-content\/uploads\/2021\/11\/Panorama-Moveis-click-1-1980x3520.png"},"web-stories-poster-portrait":{"file":"Panorama-Moveis-click-1-640x853.png","width":640,"height":853,"mimeType":"image\/png","sourceUrl":"https:\/\/www.panoramamoveis.com.br\/blog-wp\/wp-content\/uploads\/2021\/11\/Panorama-Moveis-click-1-640x853.png"},"web-stories-publisher-logo":{"file":"Panorama-Moveis-click-1-96x96.png","width":96,"height":96,"mimeType":"image\/png","sourceUrl":"https:\/\/www.panoramamoveis.com.br\/blog-wp\/wp-content\/uploads\/2021\/11\/Panorama-Moveis-click-1-96x96.png"},"web-stories-thumbnail":{"file":"Panorama-Moveis-click-1-150x267.png","width":150,"height":267,"mimeType":"image\/png","sourceUrl":"https:\/\/www.panoramamoveis.com.br\/blog-wp\/wp-content\/uploads\/2021\/11\/Panorama-Moveis-click-1-150x267.png"},"full":{"file":"Panorama-Moveis-click-1.png","width":3240,"height":5760,"mimeType":"image\/png","sourceUrl":"https:\/\/www.panoramamoveis.com.br\/blog-wp\/wp-content\/uploads\/2021\/11\/Panorama-Moveis-click-1.png"}},"isPlaceholder":false,"isOptimized":false,"isMuted":false,"isExternal":false,"provider":"local"},"x":70,"y":-52,"width":56,"height":104,"mask":{"type":"rectangle","showInLibrary":true,"name":"Ret\u00e2ngulo","path":"M 0,0 1,0 1,1 0,1 0,0 Z","ratio":1,"supportsBorder":true},"basedOn":"ff22fdff-46a4-4f87-bd8d-8ebfd8afae43","id":"d26b4889-ce4d-4376-867d-22e88e07680a","type":"image"},{"opacity":100,"flip":{"vertical":false,"horizontal":false},"rotationAngle":0,"lockAspectRatio":true,"backgroundTextMode":"NONE","font":{"family":"Oswald"},"fontSize":23,"backgroundColor":{"color":{"r":196,"g":196,"b":196}},"lineHeight":1.2,"textAlign":"left","padding":{"locked":true,"hasHiddenPadding":false,"horizontal":null,"vertical":null},"content":"<span style=\"color: #f00\">Consumidos em excesso, feij\u00f5es, lentilhas e ervilhas podem ser dif\u00edceis de digerir e podem causar gases e incha\u00e7o, devido possu\u00edrem fibras e carboidratos complexos.<\/span>","borderRadius":{"locked":true,"topLeft":2,"topRight":2,"bottomRight":2,"bottomLeft":2},"x":58,"y":352,"width":297,"height":145,"basedOn":"1db38a2b-ce9d-45f7-9b4b-251abc548bed","marginOffset":-5.0760000000000005,"id":"0ff6d8eb-08fe-446d-82dd-cd14ea7baae6","type":"text"},{"opacity":100,"flip":{"vertical":false,"horizontal":false},"rotationAngle":0,"lockAspectRatio":true,"backgroundTextMode":"HIGHLIGHT","font":{"family":"Anton"},"fontSize":24,"backgroundColor":{"color":{"r":163,"g":0,"b":3,"a":0.6}},"lineHeight":1,"textAlign":"left","padding":{"hasHiddenPadding":true,"horizontal":8,"vertical":4},"content":"<span style=\"color: #fff\">Leguminosas<\/span>","borderRadius":{"locked":true,"topLeft":2,"topRight":2,"bottomRight":2,"bottomLeft":2},"x":58,"y":308,"width":314,"height":44,"basedOn":"b243f3b7-3cf7-4622-8509-1da0a1b3e9f5","id":"cc8900b9-7ba6-4999-97a5-4ca32893366b","type":"text"}],"backgroundColor":{"color":{"r":255,"g":255,"b":255}},"animations":[{"targets":["0ff6d8eb-08fe-446d-82dd-cd14ea7baae6"],"id":"1a928318-9fe3-4924-a58d-4c9084529dea","type":"effect-fade-in","duration":600,"delay":0}],"type":"page","id":"69b4e1cb-3562-44f9-8f94-0e4fb3b73ac3","defaultBackgroundElement":{"opacity":100,"flip":{"vertical":false,"horizontal":false},"rotationAngle":0,"lockAspectRatio":true,"x":1,"y":1,"width":1,"height":1,"mask":{"type":"rectangle"},"isBackground":true,"isDefaultBackground":true,"type":"shape","id":"a8c80173-9ac5-4023-87d5-f08fb27f6c35"}},{"elements":[{"opacity":100,"flip":{"vertical":false,"horizontal":false},"rotationAngle":0,"lockAspectRatio":true,"scale":100,"focalX":50,"focalY":50,"resource":{"baseColor":"#d0c9c3","blurHash":"UJPskqM{_4xb00tQ-=t7_NM{M{Rj%gs:ayRj","type":"image","mimeType":"image\/png","creationDate":"2022-07-17T14:12:58.000Z","src":"https:\/\/www.panoramamoveis.com.br\/blog-wp\/wp-content\/uploads\/2022\/07\/ESPELHOS-PG4.png","width":1080,"height":1920,"id":6240,"alt":"ESPELHOS PG4","sizes":{"medium":{"file":"ESPELHOS-PG4-169x300.png","width":169,"height":300,"filesize":52785,"mimeType":"image\/png","sourceUrl":"https:\/\/www.panoramamoveis.com.br\/blog-wp\/wp-content\/uploads\/2022\/07\/ESPELHOS-PG4-169x300.png"},"large":{"file":"ESPELHOS-PG4-576x1024.png","width":576,"height":1024,"filesize":395855,"mimeType":"image\/png","sourceUrl":"https:\/\/www.panoramamoveis.com.br\/blog-wp\/wp-content\/uploads\/2022\/07\/ESPELHOS-PG4-576x1024.png"},"thumbnail":{"file":"ESPELHOS-PG4-150x150.png","width":150,"height":150,"filesize":26980,"mimeType":"image\/png","sourceUrl":"https:\/\/www.panoramamoveis.com.br\/blog-wp\/wp-content\/uploads\/2022\/07\/ESPELHOS-PG4-150x150.png"},"medium_large":{"file":"ESPELHOS-PG4-768x1365.png","width":768,"height":1365,"filesize":730853,"mimeType":"image\/png","sourceUrl":"https:\/\/www.panoramamoveis.com.br\/blog-wp\/wp-content\/uploads\/2022\/07\/ESPELHOS-PG4-768x1365.png"},"1536x1536":{"file":"ESPELHOS-PG4-864x1536.png","width":864,"height":1536,"filesize":778363,"mimeType":"image\/png","sourceUrl":"https:\/\/www.panoramamoveis.com.br\/blog-wp\/wp-content\/uploads\/2022\/07\/ESPELHOS-PG4-864x1536.png"},"web-stories-poster-portrait":{"file":"ESPELHOS-PG4-640x853.png","width":640,"height":853,"filesize":420748,"mimeType":"image\/png","sourceUrl":"https:\/\/www.panoramamoveis.com.br\/blog-wp\/wp-content\/uploads\/2022\/07\/ESPELHOS-PG4-640x853.png"},"web-stories-publisher-logo":{"file":"ESPELHOS-PG4-96x96.png","width":96,"height":96,"filesize":12353,"mimeType":"image\/png","sourceUrl":"https:\/\/www.panoramamoveis.com.br\/blog-wp\/wp-content\/uploads\/2022\/07\/ESPELHOS-PG4-96x96.png"},"web-stories-thumbnail":{"file":"ESPELHOS-PG4-150x267.png","width":150,"height":267,"filesize":42771,"mimeType":"image\/png","sourceUrl":"https:\/\/www.panoramamoveis.com.br\/blog-wp\/wp-content\/uploads\/2022\/07\/ESPELHOS-PG4-150x267.png"},"full":{"file":"ESPELHOS-PG4.png","width":1080,"height":1920,"mimeType":"image\/png","sourceUrl":"https:\/\/www.panoramamoveis.com.br\/blog-wp\/wp-content\/uploads\/2022\/07\/ESPELHOS-PG4.png"}},"isPlaceholder":false,"isOptimized":false,"isMuted":false,"isExternal":false,"needsProxy":false},"x":210,"y":540,"width":330,"height":586,"mask":{"type":"rectangle"},"isBackground":true,"id":"a047acbc-785b-4704-b8a7-05542187d747","basedOn":"6d51fe17-5b3b-4d0b-82cf-4037a3ffa2f8","alt":"sala com espelho ovalado em cima de bancada de madeira","type":"image"},{"opacity":100,"flip":{"vertical":false,"horizontal":false},"rotationAngle":0,"lockAspectRatio":false,"scale":100,"focalX":50,"focalY":50,"resource":{"type":"image","mimeType":"image\/jpeg","width":740,"height":966,"sizes":{"medium":{"file":"lacticinios_114579-8756-230x300.jpg","width":230,"height":300,"filesize":10413,"mimeType":"image\/jpeg","sourceUrl":"https:\/\/www.panoramamoveis.com.br\/blog-wp\/wp-content\/uploads\/2024\/06\/lacticinios_114579-8756-230x300.jpg"},"thumbnail":{"file":"lacticinios_114579-8756-150x150.jpg","width":150,"height":150,"filesize":5209,"mimeType":"image\/jpeg","sourceUrl":"https:\/\/www.panoramamoveis.com.br\/blog-wp\/wp-content\/uploads\/2024\/06\/lacticinios_114579-8756-150x150.jpg"},"web-stories-poster-portrait":{"file":"lacticinios_114579-8756-640x853.jpg","width":640,"height":853,"filesize":46257,"mimeType":"image\/jpeg","sourceUrl":"https:\/\/www.panoramamoveis.com.br\/blog-wp\/wp-content\/uploads\/2024\/06\/lacticinios_114579-8756-640x853.jpg"},"web-stories-publisher-logo":{"file":"lacticinios_114579-8756-96x96.jpg","width":96,"height":96,"filesize":2917,"mimeType":"image\/jpeg","sourceUrl":"https:\/\/www.panoramamoveis.com.br\/blog-wp\/wp-content\/uploads\/2024\/06\/lacticinios_114579-8756-96x96.jpg"},"web-stories-thumbnail":{"file":"lacticinios_114579-8756-150x196.jpg","width":150,"height":196,"filesize":5915,"mimeType":"image\/jpeg","sourceUrl":"https:\/\/www.panoramamoveis.com.br\/blog-wp\/wp-content\/uploads\/2024\/06\/lacticinios_114579-8756-150x196.jpg"},"full":{"file":"lacticinios_114579-8756.jpg","width":740,"height":966,"mimeType":"image\/jpeg","sourceUrl":"https:\/\/www.panoramamoveis.com.br\/blog-wp\/wp-content\/uploads\/2024\/06\/lacticinios_114579-8756.jpg"}},"isPlaceholder":false,"isExternal":false,"needsProxy":false,"baseColor":"#6d6a5c","blurHash":"U4HC1IF2EADh00n29FW?08~X4mtl000g_3R4","creationDate":"2024-06-13T17:25:25","src":"https:\/\/www.panoramamoveis.com.br\/blog-wp\/wp-content\/uploads\/2024\/06\/lacticinios_114579-8756.jpg","id":47043,"alt":"lacticinios_114579-8756","local":false},"type":"image","x":48,"y":-37,"width":316,"height":390,"mask":{"type":"rectangle","showInLibrary":true,"name":"Ret\u00e2ngulo","path":"M 0,0 1,0 1,1 0,1 0,0 Z","ratio":1,"supportsBorder":true},"id":"7e0eedf0-4273-4f0a-8fab-13d23f147e4b"},{"opacity":100,"flip":{"vertical":false,"horizontal":false},"rotationAngle":270,"lockAspectRatio":true,"scale":100,"focalX":50,"focalY":50,"resource":{"baseColor":"#543833","type":"image","mimeType":"image\/png","creationDate":"2021-11-09T19:36:56","src":"https:\/\/www.panoramamoveis.com.br\/blog-wp\/wp-content\/uploads\/2021\/11\/Panorama-Moveis-click-1.png","width":3240,"height":5760,"id":1933,"alt":"Panorama M\u00f3veis click (1)","sizes":{"medium":{"file":"Panorama-Moveis-click-1-169x300.png","width":169,"height":300,"mimeType":"image\/png","sourceUrl":"https:\/\/www.panoramamoveis.com.br\/blog-wp\/wp-content\/uploads\/2021\/11\/Panorama-Moveis-click-1-169x300.png"},"large":{"file":"Panorama-Moveis-click-1-576x1024.png","width":576,"height":1024,"mimeType":"image\/png","sourceUrl":"https:\/\/www.panoramamoveis.com.br\/blog-wp\/wp-content\/uploads\/2021\/11\/Panorama-Moveis-click-1-576x1024.png"},"thumbnail":{"file":"Panorama-Moveis-click-1-150x150.png","width":150,"height":150,"mimeType":"image\/png","sourceUrl":"https:\/\/www.panoramamoveis.com.br\/blog-wp\/wp-content\/uploads\/2021\/11\/Panorama-Moveis-click-1-150x150.png"},"medium_large":{"file":"Panorama-Moveis-click-1-768x1365.png","width":768,"height":1365,"mimeType":"image\/png","sourceUrl":"https:\/\/www.panoramamoveis.com.br\/blog-wp\/wp-content\/uploads\/2021\/11\/Panorama-Moveis-click-1-768x1365.png"},"1536x1536":{"file":"Panorama-Moveis-click-1-864x1536.png","width":864,"height":1536,"mimeType":"image\/png","sourceUrl":"https:\/\/www.panoramamoveis.com.br\/blog-wp\/wp-content\/uploads\/2021\/11\/Panorama-Moveis-click-1-864x1536.png"},"2048x2048":{"file":"Panorama-Moveis-click-1-1152x2048.png","width":1152,"height":2048,"mimeType":"image\/png","sourceUrl":"https:\/\/www.panoramamoveis.com.br\/blog-wp\/wp-content\/uploads\/2021\/11\/Panorama-Moveis-click-1-1152x2048.png"},"post-thumbnail":{"file":"Panorama-Moveis-click-1-1200x2133.png","width":1200,"height":2133,"mimeType":"image\/png","sourceUrl":"https:\/\/www.panoramamoveis.com.br\/blog-wp\/wp-content\/uploads\/2021\/11\/Panorama-Moveis-click-1-1200x2133.png"},"twentytwenty-fullscreen":{"file":"Panorama-Moveis-click-1-1980x3520.png","width":1980,"height":3520,"mimeType":"image\/png","sourceUrl":"https:\/\/www.panoramamoveis.com.br\/blog-wp\/wp-content\/uploads\/2021\/11\/Panorama-Moveis-click-1-1980x3520.png"},"web-stories-poster-portrait":{"file":"Panorama-Moveis-click-1-640x853.png","width":640,"height":853,"mimeType":"image\/png","sourceUrl":"https:\/\/www.panoramamoveis.com.br\/blog-wp\/wp-content\/uploads\/2021\/11\/Panorama-Moveis-click-1-640x853.png"},"web-stories-publisher-logo":{"file":"Panorama-Moveis-click-1-96x96.png","width":96,"height":96,"mimeType":"image\/png","sourceUrl":"https:\/\/www.panoramamoveis.com.br\/blog-wp\/wp-content\/uploads\/2021\/11\/Panorama-Moveis-click-1-96x96.png"},"web-stories-thumbnail":{"file":"Panorama-Moveis-click-1-150x267.png","width":150,"height":267,"mimeType":"image\/png","sourceUrl":"https:\/\/www.panoramamoveis.com.br\/blog-wp\/wp-content\/uploads\/2021\/11\/Panorama-Moveis-click-1-150x267.png"},"full":{"file":"Panorama-Moveis-click-1.png","width":3240,"height":5760,"mimeType":"image\/png","sourceUrl":"https:\/\/www.panoramamoveis.com.br\/blog-wp\/wp-content\/uploads\/2021\/11\/Panorama-Moveis-click-1.png"}},"isPlaceholder":false,"isOptimized":false,"isMuted":false,"isExternal":false,"provider":"local"},"x":70,"y":-52,"width":56,"height":104,"mask":{"type":"rectangle","showInLibrary":true,"name":"Ret\u00e2ngulo","path":"M 0,0 1,0 1,1 0,1 0,0 Z","ratio":1,"supportsBorder":true},"basedOn":"ff22fdff-46a4-4f87-bd8d-8ebfd8afae43","id":"8728918c-110e-4638-9618-10fe4002ea40","type":"image"},{"opacity":100,"flip":{"vertical":false,"horizontal":false},"rotationAngle":0,"lockAspectRatio":true,"backgroundTextMode":"NONE","font":{"family":"Oswald"},"fontSize":23,"backgroundColor":{"color":{"r":196,"g":196,"b":196}},"lineHeight":1.2,"textAlign":"left","padding":{"locked":true,"hasHiddenPadding":false,"horizontal":null,"vertical":null},"content":"<span style=\"color: #f00\">Para pessoas com intoler\u00e2ncia \u00e0 lactose, produtos como leite, queijo e sorvete podem causar problemas digestivos como incha\u00e7o, gases e diarreia.<\/span>","borderRadius":{"locked":true,"topLeft":2,"topRight":2,"bottomRight":2,"bottomLeft":2},"x":59,"y":353,"width":297,"height":144,"basedOn":"1db38a2b-ce9d-45f7-9b4b-251abc548bed","marginOffset":-5.0760000000000005,"id":"2e3b0b5b-ad05-4f9f-9858-8a33497eae55","type":"text"},{"opacity":100,"flip":{"vertical":false,"horizontal":false},"rotationAngle":0,"lockAspectRatio":true,"backgroundTextMode":"HIGHLIGHT","font":{"family":"Anton"},"fontSize":24,"backgroundColor":{"color":{"r":163,"g":0,"b":3,"a":0.6}},"lineHeight":1,"textAlign":"left","padding":{"hasHiddenPadding":true,"horizontal":8,"vertical":4},"content":"<span style=\"color: #fff\">Latic\u00ednios<\/span>","borderRadius":{"locked":true,"topLeft":2,"topRight":2,"bottomRight":2,"bottomLeft":2},"x":59,"y":309,"width":314,"height":44,"basedOn":"b243f3b7-3cf7-4622-8509-1da0a1b3e9f5","id":"b8dfcf58-c5c5-411d-9365-0ad83633be10","type":"text"}],"backgroundColor":{"color":{"r":255,"g":255,"b":255}},"animations":[{"targets":["2e3b0b5b-ad05-4f9f-9858-8a33497eae55"],"id":"20bbd566-c56b-4d1e-b9ed-4509d8b1cb25","type":"effect-fade-in","duration":600,"delay":0}],"type":"page","id":"8ab4ebc5-e137-450c-9f89-52582d14a476","defaultBackgroundElement":{"opacity":100,"flip":{"vertical":false,"horizontal":false},"rotationAngle":0,"lockAspectRatio":true,"x":1,"y":1,"width":1,"height":1,"mask":{"type":"rectangle"},"isBackground":true,"isDefaultBackground":true,"type":"shape","id":"a8c80173-9ac5-4023-87d5-f08fb27f6c35"}},{"elements":[{"opacity":100,"flip":{"vertical":false,"horizontal":false},"rotationAngle":0,"lockAspectRatio":true,"scale":100,"focalX":50,"focalY":50,"resource":{"baseColor":"#d0c9c3","blurHash":"UJPskqM{_4xb00tQ-=t7_NM{M{Rj%gs:ayRj","type":"image","mimeType":"image\/png","creationDate":"2022-07-17T14:12:58.000Z","src":"https:\/\/www.panoramamoveis.com.br\/blog-wp\/wp-content\/uploads\/2022\/07\/ESPELHOS-PG4.png","width":1080,"height":1920,"id":6240,"alt":"ESPELHOS PG4","sizes":{"medium":{"file":"ESPELHOS-PG4-169x300.png","width":169,"height":300,"filesize":52785,"mimeType":"image\/png","sourceUrl":"https:\/\/www.panoramamoveis.com.br\/blog-wp\/wp-content\/uploads\/2022\/07\/ESPELHOS-PG4-169x300.png"},"large":{"file":"ESPELHOS-PG4-576x1024.png","width":576,"height":1024,"filesize":395855,"mimeType":"image\/png","sourceUrl":"https:\/\/www.panoramamoveis.com.br\/blog-wp\/wp-content\/uploads\/2022\/07\/ESPELHOS-PG4-576x1024.png"},"thumbnail":{"file":"ESPELHOS-PG4-150x150.png","width":150,"height":150,"filesize":26980,"mimeType":"image\/png","sourceUrl":"https:\/\/www.panoramamoveis.com.br\/blog-wp\/wp-content\/uploads\/2022\/07\/ESPELHOS-PG4-150x150.png"},"medium_large":{"file":"ESPELHOS-PG4-768x1365.png","width":768,"height":1365,"filesize":730853,"mimeType":"image\/png","sourceUrl":"https:\/\/www.panoramamoveis.com.br\/blog-wp\/wp-content\/uploads\/2022\/07\/ESPELHOS-PG4-768x1365.png"},"1536x1536":{"file":"ESPELHOS-PG4-864x1536.png","width":864,"height":1536,"filesize":778363,"mimeType":"image\/png","sourceUrl":"https:\/\/www.panoramamoveis.com.br\/blog-wp\/wp-content\/uploads\/2022\/07\/ESPELHOS-PG4-864x1536.png"},"web-stories-poster-portrait":{"file":"ESPELHOS-PG4-640x853.png","width":640,"height":853,"filesize":420748,"mimeType":"image\/png","sourceUrl":"https:\/\/www.panoramamoveis.com.br\/blog-wp\/wp-content\/uploads\/2022\/07\/ESPELHOS-PG4-640x853.png"},"web-stories-publisher-logo":{"file":"ESPELHOS-PG4-96x96.png","width":96,"height":96,"filesize":12353,"mimeType":"image\/png","sourceUrl":"https:\/\/www.panoramamoveis.com.br\/blog-wp\/wp-content\/uploads\/2022\/07\/ESPELHOS-PG4-96x96.png"},"web-stories-thumbnail":{"file":"ESPELHOS-PG4-150x267.png","width":150,"height":267,"filesize":42771,"mimeType":"image\/png","sourceUrl":"https:\/\/www.panoramamoveis.com.br\/blog-wp\/wp-content\/uploads\/2022\/07\/ESPELHOS-PG4-150x267.png"},"full":{"file":"ESPELHOS-PG4.png","width":1080,"height":1920,"mimeType":"image\/png","sourceUrl":"https:\/\/www.panoramamoveis.com.br\/blog-wp\/wp-content\/uploads\/2022\/07\/ESPELHOS-PG4.png"}},"isPlaceholder":false,"isOptimized":false,"isMuted":false,"isExternal":false,"needsProxy":false},"x":210,"y":540,"width":330,"height":586,"mask":{"type":"rectangle"},"isBackground":true,"id":"99d9737f-3a40-4050-9e75-25e39011d317","basedOn":"6d51fe17-5b3b-4d0b-82cf-4037a3ffa2f8","alt":"sala com espelho ovalado em cima de bancada de madeira","type":"image"},{"opacity":100,"flip":{"vertical":false,"horizontal":false},"rotationAngle":0,"lockAspectRatio":false,"scale":100,"focalX":50,"focalY":50,"resource":{"type":"image","mimeType":"image\/jpeg","width":740,"height":1109,"sizes":{"medium":{"file":"vista-frontal-de-carne-com-cutelo_23-2148610976-200x300.jpeg","width":200,"height":300,"filesize":12365,"mimeType":"image\/jpeg","sourceUrl":"https:\/\/www.panoramamoveis.com.br\/blog-wp\/wp-content\/uploads\/2024\/06\/vista-frontal-de-carne-com-cutelo_23-2148610976-200x300.jpeg"},"large":{"file":"vista-frontal-de-carne-com-cutelo_23-2148610976-683x1024.jpeg","width":683,"height":1024,"filesize":84016,"mimeType":"image\/jpeg","sourceUrl":"https:\/\/www.panoramamoveis.com.br\/blog-wp\/wp-content\/uploads\/2024\/06\/vista-frontal-de-carne-com-cutelo_23-2148610976-683x1024.jpeg"},"thumbnail":{"file":"vista-frontal-de-carne-com-cutelo_23-2148610976-150x150.jpeg","width":150,"height":150,"filesize":6204,"mimeType":"image\/jpeg","sourceUrl":"https:\/\/www.panoramamoveis.com.br\/blog-wp\/wp-content\/uploads\/2024\/06\/vista-frontal-de-carne-com-cutelo_23-2148610976-150x150.jpeg"},"web-stories-poster-portrait":{"file":"vista-frontal-de-carne-com-cutelo_23-2148610976-640x853.jpeg","width":640,"height":853,"filesize":72226,"mimeType":"image\/jpeg","sourceUrl":"https:\/\/www.panoramamoveis.com.br\/blog-wp\/wp-content\/uploads\/2024\/06\/vista-frontal-de-carne-com-cutelo_23-2148610976-640x853.jpeg"},"web-stories-publisher-logo":{"file":"vista-frontal-de-carne-com-cutelo_23-2148610976-96x96.jpeg","width":96,"height":96,"filesize":3243,"mimeType":"image\/jpeg","sourceUrl":"https:\/\/www.panoramamoveis.com.br\/blog-wp\/wp-content\/uploads\/2024\/06\/vista-frontal-de-carne-com-cutelo_23-2148610976-96x96.jpeg"},"web-stories-thumbnail":{"file":"vista-frontal-de-carne-com-cutelo_23-2148610976-150x225.jpeg","width":150,"height":225,"filesize":8091,"mimeType":"image\/jpeg","sourceUrl":"https:\/\/www.panoramamoveis.com.br\/blog-wp\/wp-content\/uploads\/2024\/06\/vista-frontal-de-carne-com-cutelo_23-2148610976-150x225.jpeg"},"full":{"file":"vista-frontal-de-carne-com-cutelo_23-2148610976.jpeg","width":740,"height":1109,"mimeType":"image\/jpeg","sourceUrl":"https:\/\/www.panoramamoveis.com.br\/blog-wp\/wp-content\/uploads\/2024\/06\/vista-frontal-de-carne-com-cutelo_23-2148610976.jpeg"}},"isPlaceholder":false,"isExternal":false,"needsProxy":false,"baseColor":"#cc908c","blurHash":"UCDIF5~B0eAW009a$kn%Efx[^Qv~}taLEfkW","creationDate":"2024-06-13T17:25:42","src":"https:\/\/www.panoramamoveis.com.br\/blog-wp\/wp-content\/uploads\/2024\/06\/vista-frontal-de-carne-com-cutelo_23-2148610976.jpeg","id":47044,"alt":"vista-frontal-de-carne-com-cutelo_23-2148610976","local":false},"type":"image","x":48,"y":-36,"width":316,"height":390,"mask":{"type":"rectangle","showInLibrary":true,"name":"Ret\u00e2ngulo","path":"M 0,0 1,0 1,1 0,1 0,0 Z","ratio":1,"supportsBorder":true},"id":"9813dac6-c7bd-46fc-9fb9-65ed971c34dd"},{"opacity":100,"flip":{"vertical":false,"horizontal":false},"rotationAngle":270,"lockAspectRatio":true,"scale":100,"focalX":50,"focalY":50,"resource":{"baseColor":"#543833","type":"image","mimeType":"image\/png","creationDate":"2021-11-09T19:36:56","src":"https:\/\/www.panoramamoveis.com.br\/blog-wp\/wp-content\/uploads\/2021\/11\/Panorama-Moveis-click-1.png","width":3240,"height":5760,"id":1933,"alt":"Panorama M\u00f3veis click (1)","sizes":{"medium":{"file":"Panorama-Moveis-click-1-169x300.png","width":169,"height":300,"mimeType":"image\/png","sourceUrl":"https:\/\/www.panoramamoveis.com.br\/blog-wp\/wp-content\/uploads\/2021\/11\/Panorama-Moveis-click-1-169x300.png"},"large":{"file":"Panorama-Moveis-click-1-576x1024.png","width":576,"height":1024,"mimeType":"image\/png","sourceUrl":"https:\/\/www.panoramamoveis.com.br\/blog-wp\/wp-content\/uploads\/2021\/11\/Panorama-Moveis-click-1-576x1024.png"},"thumbnail":{"file":"Panorama-Moveis-click-1-150x150.png","width":150,"height":150,"mimeType":"image\/png","sourceUrl":"https:\/\/www.panoramamoveis.com.br\/blog-wp\/wp-content\/uploads\/2021\/11\/Panorama-Moveis-click-1-150x150.png"},"medium_large":{"file":"Panorama-Moveis-click-1-768x1365.png","width":768,"height":1365,"mimeType":"image\/png","sourceUrl":"https:\/\/www.panoramamoveis.com.br\/blog-wp\/wp-content\/uploads\/2021\/11\/Panorama-Moveis-click-1-768x1365.png"},"1536x1536":{"file":"Panorama-Moveis-click-1-864x1536.png","width":864,"height":1536,"mimeType":"image\/png","sourceUrl":"https:\/\/www.panoramamoveis.com.br\/blog-wp\/wp-content\/uploads\/2021\/11\/Panorama-Moveis-click-1-864x1536.png"},"2048x2048":{"file":"Panorama-Moveis-click-1-1152x2048.png","width":1152,"height":2048,"mimeType":"image\/png","sourceUrl":"https:\/\/www.panoramamoveis.com.br\/blog-wp\/wp-content\/uploads\/2021\/11\/Panorama-Moveis-click-1-1152x2048.png"},"post-thumbnail":{"file":"Panorama-Moveis-click-1-1200x2133.png","width":1200,"height":2133,"mimeType":"image\/png","sourceUrl":"https:\/\/www.panoramamoveis.com.br\/blog-wp\/wp-content\/uploads\/2021\/11\/Panorama-Moveis-click-1-1200x2133.png"},"twentytwenty-fullscreen":{"file":"Panorama-Moveis-click-1-1980x3520.png","width":1980,"height":3520,"mimeType":"image\/png","sourceUrl":"https:\/\/www.panoramamoveis.com.br\/blog-wp\/wp-content\/uploads\/2021\/11\/Panorama-Moveis-click-1-1980x3520.png"},"web-stories-poster-portrait":{"file":"Panorama-Moveis-click-1-640x853.png","width":640,"height":853,"mimeType":"image\/png","sourceUrl":"https:\/\/www.panoramamoveis.com.br\/blog-wp\/wp-content\/uploads\/2021\/11\/Panorama-Moveis-click-1-640x853.png"},"web-stories-publisher-logo":{"file":"Panorama-Moveis-click-1-96x96.png","width":96,"height":96,"mimeType":"image\/png","sourceUrl":"https:\/\/www.panoramamoveis.com.br\/blog-wp\/wp-content\/uploads\/2021\/11\/Panorama-Moveis-click-1-96x96.png"},"web-stories-thumbnail":{"file":"Panorama-Moveis-click-1-150x267.png","width":150,"height":267,"mimeType":"image\/png","sourceUrl":"https:\/\/www.panoramamoveis.com.br\/blog-wp\/wp-content\/uploads\/2021\/11\/Panorama-Moveis-click-1-150x267.png"},"full":{"file":"Panorama-Moveis-click-1.png","width":3240,"height":5760,"mimeType":"image\/png","sourceUrl":"https:\/\/www.panoramamoveis.com.br\/blog-wp\/wp-content\/uploads\/2021\/11\/Panorama-Moveis-click-1.png"}},"isPlaceholder":false,"isOptimized":false,"isMuted":false,"isExternal":false,"provider":"local"},"x":70,"y":-52,"width":56,"height":104,"mask":{"type":"rectangle","showInLibrary":true,"name":"Ret\u00e2ngulo","path":"M 0,0 1,0 1,1 0,1 0,0 Z","ratio":1,"supportsBorder":true},"basedOn":"ff22fdff-46a4-4f87-bd8d-8ebfd8afae43","id":"9b489435-98b8-4d70-946a-6a2d1b302c19","type":"image"},{"opacity":100,"flip":{"vertical":false,"horizontal":false},"rotationAngle":0,"lockAspectRatio":true,"backgroundTextMode":"NONE","font":{"family":"Oswald"},"fontSize":23,"backgroundColor":{"color":{"r":196,"g":196,"b":196}},"lineHeight":1.2,"textAlign":"left","padding":{"locked":true,"hasHiddenPadding":false,"horizontal":null,"vertical":null},"content":"<span style=\"color: #f00\">Carne bovina e su\u00edna s\u00e3o mais dif\u00edceis de digerir devido ao seu alto teor de gordura e prote\u00edna, o que pode sobrecarregar o sistema digestivo.<\/span>","borderRadius":{"locked":true,"topLeft":2,"topRight":2,"bottomRight":2,"bottomLeft":2},"x":60,"y":353,"width":293,"height":144,"basedOn":"1db38a2b-ce9d-45f7-9b4b-251abc548bed","marginOffset":-5.0760000000000005,"id":"fc5b4940-ff4e-499e-8242-ae534e4ecd05","type":"text"},{"opacity":100,"flip":{"vertical":false,"horizontal":false},"rotationAngle":0,"lockAspectRatio":true,"backgroundTextMode":"HIGHLIGHT","font":{"family":"Anton"},"fontSize":24,"backgroundColor":{"color":{"r":163,"g":0,"b":3,"a":0.6}},"lineHeight":1,"textAlign":"left","padding":{"hasHiddenPadding":true,"horizontal":8,"vertical":4},"content":"<span style=\"color: #fff\">Carnes vermelhas<\/span>","borderRadius":{"locked":true,"topLeft":2,"topRight":2,"bottomRight":2,"bottomLeft":2},"x":60,"y":309,"width":314,"height":44,"basedOn":"b243f3b7-3cf7-4622-8509-1da0a1b3e9f5","id":"d05b6c74-c435-47c6-9d10-55aab58864bb","type":"text"}],"backgroundColor":{"color":{"r":255,"g":255,"b":255}},"animations":[{"targets":["fc5b4940-ff4e-499e-8242-ae534e4ecd05"],"id":"a119462b-4572-4e6e-9023-f76be7a9b230","type":"effect-fade-in","duration":600,"delay":0}],"type":"page","id":"29fcb750-7146-4f5f-97dc-e45aded1e6ab","defaultBackgroundElement":{"opacity":100,"flip":{"vertical":false,"horizontal":false},"rotationAngle":0,"lockAspectRatio":true,"x":1,"y":1,"width":1,"height":1,"mask":{"type":"rectangle"},"isBackground":true,"isDefaultBackground":true,"type":"shape","id":"a8c80173-9ac5-4023-87d5-f08fb27f6c35"}},{"elements":[{"opacity":100,"flip":{"vertical":false,"horizontal":false},"rotationAngle":0,"lockAspectRatio":true,"scale":100,"focalX":50,"focalY":50,"resource":{"baseColor":"#d0c9c3","blurHash":"UJPskqM{_4xb00tQ-=t7_NM{M{Rj%gs:ayRj","type":"image","mimeType":"image\/png","creationDate":"2022-07-17T14:12:58.000Z","src":"https:\/\/www.panoramamoveis.com.br\/blog-wp\/wp-content\/uploads\/2022\/07\/ESPELHOS-PG4.png","width":1080,"height":1920,"id":6240,"alt":"ESPELHOS PG4","sizes":{"medium":{"file":"ESPELHOS-PG4-169x300.png","width":169,"height":300,"filesize":52785,"mimeType":"image\/png","sourceUrl":"https:\/\/www.panoramamoveis.com.br\/blog-wp\/wp-content\/uploads\/2022\/07\/ESPELHOS-PG4-169x300.png"},"large":{"file":"ESPELHOS-PG4-576x1024.png","width":576,"height":1024,"filesize":395855,"mimeType":"image\/png","sourceUrl":"https:\/\/www.panoramamoveis.com.br\/blog-wp\/wp-content\/uploads\/2022\/07\/ESPELHOS-PG4-576x1024.png"},"thumbnail":{"file":"ESPELHOS-PG4-150x150.png","width":150,"height":150,"filesize":26980,"mimeType":"image\/png","sourceUrl":"https:\/\/www.panoramamoveis.com.br\/blog-wp\/wp-content\/uploads\/2022\/07\/ESPELHOS-PG4-150x150.png"},"medium_large":{"file":"ESPELHOS-PG4-768x1365.png","width":768,"height":1365,"filesize":730853,"mimeType":"image\/png","sourceUrl":"https:\/\/www.panoramamoveis.com.br\/blog-wp\/wp-content\/uploads\/2022\/07\/ESPELHOS-PG4-768x1365.png"},"1536x1536":{"file":"ESPELHOS-PG4-864x1536.png","width":864,"height":1536,"filesize":778363,"mimeType":"image\/png","sourceUrl":"https:\/\/www.panoramamoveis.com.br\/blog-wp\/wp-content\/uploads\/2022\/07\/ESPELHOS-PG4-864x1536.png"},"web-stories-poster-portrait":{"file":"ESPELHOS-PG4-640x853.png","width":640,"height":853,"filesize":420748,"mimeType":"image\/png","sourceUrl":"https:\/\/www.panoramamoveis.com.br\/blog-wp\/wp-content\/uploads\/2022\/07\/ESPELHOS-PG4-640x853.png"},"web-stories-publisher-logo":{"file":"ESPELHOS-PG4-96x96.png","width":96,"height":96,"filesize":12353,"mimeType":"image\/png","sourceUrl":"https:\/\/www.panoramamoveis.com.br\/blog-wp\/wp-content\/uploads\/2022\/07\/ESPELHOS-PG4-96x96.png"},"web-stories-thumbnail":{"file":"ESPELHOS-PG4-150x267.png","width":150,"height":267,"filesize":42771,"mimeType":"image\/png","sourceUrl":"https:\/\/www.panoramamoveis.com.br\/blog-wp\/wp-content\/uploads\/2022\/07\/ESPELHOS-PG4-150x267.png"},"full":{"file":"ESPELHOS-PG4.png","width":1080,"height":1920,"mimeType":"image\/png","sourceUrl":"https:\/\/www.panoramamoveis.com.br\/blog-wp\/wp-content\/uploads\/2022\/07\/ESPELHOS-PG4.png"}},"isPlaceholder":false,"isOptimized":false,"isMuted":false,"isExternal":false,"needsProxy":false},"x":210,"y":540,"width":330,"height":586,"mask":{"type":"rectangle"},"isBackground":true,"id":"f29dba94-c062-4103-8a75-7ec107568568","basedOn":"6d51fe17-5b3b-4d0b-82cf-4037a3ffa2f8","alt":"sala com espelho ovalado em cima de bancada de madeira","type":"image"},{"opacity":100,"flip":{"vertical":false,"horizontal":false},"rotationAngle":0,"lockAspectRatio":false,"scale":100,"focalX":50,"focalY":50,"resource":{"type":"image","mimeType":"image\/jpeg","width":740,"height":1110,"sizes":{"medium":{"file":"pessoa-derramando-bebida-de-guarana-em-copo-de-garrafa_23-2150765641-200x300.jpg","width":200,"height":300,"filesize":16439,"mimeType":"image\/jpeg","sourceUrl":"https:\/\/www.panoramamoveis.com.br\/blog-wp\/wp-content\/uploads\/2024\/06\/pessoa-derramando-bebida-de-guarana-em-copo-de-garrafa_23-2150765641-200x300.jpg"},"large":{"file":"pessoa-derramando-bebida-de-guarana-em-copo-de-garrafa_23-2150765641-683x1024.jpg","width":683,"height":1024,"filesize":104091,"mimeType":"image\/jpeg","sourceUrl":"https:\/\/www.panoramamoveis.com.br\/blog-wp\/wp-content\/uploads\/2024\/06\/pessoa-derramando-bebida-de-guarana-em-copo-de-garrafa_23-2150765641-683x1024.jpg"},"thumbnail":{"file":"pessoa-derramando-bebida-de-guarana-em-copo-de-garrafa_23-2150765641-150x150.jpg","width":150,"height":150,"filesize":7839,"mimeType":"image\/jpeg","sourceUrl":"https:\/\/www.panoramamoveis.com.br\/blog-wp\/wp-content\/uploads\/2024\/06\/pessoa-derramando-bebida-de-guarana-em-copo-de-garrafa_23-2150765641-150x150.jpg"},"web-stories-poster-portrait":{"file":"pessoa-derramando-bebida-de-guarana-em-copo-de-garrafa_23-2150765641-640x853.jpg","width":640,"height":853,"filesize":86176,"mimeType":"image\/jpeg","sourceUrl":"https:\/\/www.panoramamoveis.com.br\/blog-wp\/wp-content\/uploads\/2024\/06\/pessoa-derramando-bebida-de-guarana-em-copo-de-garrafa_23-2150765641-640x853.jpg"},"web-stories-publisher-logo":{"file":"pessoa-derramando-bebida-de-guarana-em-copo-de-garrafa_23-2150765641-96x96.jpg","width":96,"height":96,"filesize":3960,"mimeType":"image\/jpeg","sourceUrl":"https:\/\/www.panoramamoveis.com.br\/blog-wp\/wp-content\/uploads\/2024\/06\/pessoa-derramando-bebida-de-guarana-em-copo-de-garrafa_23-2150765641-96x96.jpg"},"web-stories-thumbnail":{"file":"pessoa-derramando-bebida-de-guarana-em-copo-de-garrafa_23-2150765641-150x225.jpg","width":150,"height":225,"filesize":10884,"mimeType":"image\/jpeg","sourceUrl":"https:\/\/www.panoramamoveis.com.br\/blog-wp\/wp-content\/uploads\/2024\/06\/pessoa-derramando-bebida-de-guarana-em-copo-de-garrafa_23-2150765641-150x225.jpg"},"full":{"file":"pessoa-derramando-bebida-de-guarana-em-copo-de-garrafa_23-2150765641.jpg","width":740,"height":1110,"mimeType":"image\/jpeg","sourceUrl":"https:\/\/www.panoramamoveis.com.br\/blog-wp\/wp-content\/uploads\/2024\/06\/pessoa-derramando-bebida-de-guarana-em-copo-de-garrafa_23-2150765641.jpg"}},"isPlaceholder":false,"isExternal":false,"needsProxy":false,"baseColor":"#462a17","blurHash":"UCGt4w0eEkt90e}@i~Rh9*0g%0ohr;t8ozIo","creationDate":"2024-06-13T17:26:04","src":"https:\/\/www.panoramamoveis.com.br\/blog-wp\/wp-content\/uploads\/2024\/06\/pessoa-derramando-bebida-de-guarana-em-copo-de-garrafa_23-2150765641.jpg","id":47045,"alt":"pessoa-derramando-bebida-de-guarana-em-copo-de-garrafa_23-2150765641","local":false},"type":"image","x":46,"y":-36,"width":316,"height":388,"mask":{"type":"rectangle","showInLibrary":true,"name":"Ret\u00e2ngulo","path":"M 0,0 1,0 1,1 0,1 0,0 Z","ratio":1,"supportsBorder":true},"id":"ddf41cf8-4018-4dcc-a6e2-4f4698645ca7"},{"opacity":100,"flip":{"vertical":false,"horizontal":false},"rotationAngle":270,"lockAspectRatio":true,"scale":100,"focalX":50,"focalY":50,"resource":{"baseColor":"#543833","type":"image","mimeType":"image\/png","creationDate":"2021-11-09T19:36:56","src":"https:\/\/www.panoramamoveis.com.br\/blog-wp\/wp-content\/uploads\/2021\/11\/Panorama-Moveis-click-1.png","width":3240,"height":5760,"id":1933,"alt":"Panorama M\u00f3veis click (1)","sizes":{"medium":{"file":"Panorama-Moveis-click-1-169x300.png","width":169,"height":300,"mimeType":"image\/png","sourceUrl":"https:\/\/www.panoramamoveis.com.br\/blog-wp\/wp-content\/uploads\/2021\/11\/Panorama-Moveis-click-1-169x300.png"},"large":{"file":"Panorama-Moveis-click-1-576x1024.png","width":576,"height":1024,"mimeType":"image\/png","sourceUrl":"https:\/\/www.panoramamoveis.com.br\/blog-wp\/wp-content\/uploads\/2021\/11\/Panorama-Moveis-click-1-576x1024.png"},"thumbnail":{"file":"Panorama-Moveis-click-1-150x150.png","width":150,"height":150,"mimeType":"image\/png","sourceUrl":"https:\/\/www.panoramamoveis.com.br\/blog-wp\/wp-content\/uploads\/2021\/11\/Panorama-Moveis-click-1-150x150.png"},"medium_large":{"file":"Panorama-Moveis-click-1-768x1365.png","width":768,"height":1365,"mimeType":"image\/png","sourceUrl":"https:\/\/www.panoramamoveis.com.br\/blog-wp\/wp-content\/uploads\/2021\/11\/Panorama-Moveis-click-1-768x1365.png"},"1536x1536":{"file":"Panorama-Moveis-click-1-864x1536.png","width":864,"height":1536,"mimeType":"image\/png","sourceUrl":"https:\/\/www.panoramamoveis.com.br\/blog-wp\/wp-content\/uploads\/2021\/11\/Panorama-Moveis-click-1-864x1536.png"},"2048x2048":{"file":"Panorama-Moveis-click-1-1152x2048.png","width":1152,"height":2048,"mimeType":"image\/png","sourceUrl":"https:\/\/www.panoramamoveis.com.br\/blog-wp\/wp-content\/uploads\/2021\/11\/Panorama-Moveis-click-1-1152x2048.png"},"post-thumbnail":{"file":"Panorama-Moveis-click-1-1200x2133.png","width":1200,"height":2133,"mimeType":"image\/png","sourceUrl":"https:\/\/www.panoramamoveis.com.br\/blog-wp\/wp-content\/uploads\/2021\/11\/Panorama-Moveis-click-1-1200x2133.png"},"twentytwenty-fullscreen":{"file":"Panorama-Moveis-click-1-1980x3520.png","width":1980,"height":3520,"mimeType":"image\/png","sourceUrl":"https:\/\/www.panoramamoveis.com.br\/blog-wp\/wp-content\/uploads\/2021\/11\/Panorama-Moveis-click-1-1980x3520.png"},"web-stories-poster-portrait":{"file":"Panorama-Moveis-click-1-640x853.png","width":640,"height":853,"mimeType":"image\/png","sourceUrl":"https:\/\/www.panoramamoveis.com.br\/blog-wp\/wp-content\/uploads\/2021\/11\/Panorama-Moveis-click-1-640x853.png"},"web-stories-publisher-logo":{"file":"Panorama-Moveis-click-1-96x96.png","width":96,"height":96,"mimeType":"image\/png","sourceUrl":"https:\/\/www.panoramamoveis.com.br\/blog-wp\/wp-content\/uploads\/2021\/11\/Panorama-Moveis-click-1-96x96.png"},"web-stories-thumbnail":{"file":"Panorama-Moveis-click-1-150x267.png","width":150,"height":267,"mimeType":"image\/png","sourceUrl":"https:\/\/www.panoramamoveis.com.br\/blog-wp\/wp-content\/uploads\/2021\/11\/Panorama-Moveis-click-1-150x267.png"},"full":{"file":"Panorama-Moveis-click-1.png","width":3240,"height":5760,"mimeType":"image\/png","sourceUrl":"https:\/\/www.panoramamoveis.com.br\/blog-wp\/wp-content\/uploads\/2021\/11\/Panorama-Moveis-click-1.png"}},"isPlaceholder":false,"isOptimized":false,"isMuted":false,"isExternal":false,"provider":"local"},"x":70,"y":-52,"width":56,"height":104,"mask":{"type":"rectangle","showInLibrary":true,"name":"Ret\u00e2ngulo","path":"M 0,0 1,0 1,1 0,1 0,0 Z","ratio":1,"supportsBorder":true},"basedOn":"ff22fdff-46a4-4f87-bd8d-8ebfd8afae43","id":"4c2895bc-6d69-4caf-87f5-c53faf6c81a2","type":"image"},{"opacity":100,"flip":{"vertical":false,"horizontal":false},"rotationAngle":0,"lockAspectRatio":true,"backgroundTextMode":"NONE","font":{"family":"Oswald"},"fontSize":23,"backgroundColor":{"color":{"r":196,"g":196,"b":196}},"lineHeight":1.2,"textAlign":"left","padding":{"locked":true,"hasHiddenPadding":false,"horizontal":null,"vertical":null},"content":"<span style=\"color: #f00\">Essas bebidas podem causar incha\u00e7o e gases, dificultando a digest\u00e3o.<\/span>","borderRadius":{"locked":true,"topLeft":2,"topRight":2,"bottomRight":2,"bottomLeft":2},"x":57,"y":352,"width":300,"height":90,"basedOn":"1db38a2b-ce9d-45f7-9b4b-251abc548bed","marginOffset":-5.0760000000000005,"id":"2479da5a-28a5-476b-8992-028a84adf457","type":"text"},{"opacity":100,"flip":{"vertical":false,"horizontal":false},"rotationAngle":0,"lockAspectRatio":true,"backgroundTextMode":"HIGHLIGHT","font":{"family":"Anton"},"fontSize":24,"backgroundColor":{"color":{"r":163,"g":0,"b":3,"a":0.6}},"lineHeight":1,"textAlign":"left","padding":{"hasHiddenPadding":true,"horizontal":8,"vertical":4},"content":"<span style=\"color: #fff\">Refrigerantes e bebidas gasosas<\/span>","borderRadius":{"locked":true,"topLeft":2,"topRight":2,"bottomRight":2,"bottomLeft":2},"x":57,"y":276,"width":314,"height":76,"basedOn":"b243f3b7-3cf7-4622-8509-1da0a1b3e9f5","id":"ab493e8e-006c-4b6e-8af2-5375069144dd","type":"text"}],"backgroundColor":{"color":{"r":255,"g":255,"b":255}},"animations":[{"targets":["2479da5a-28a5-476b-8992-028a84adf457"],"id":"32877b5a-dc4a-4c90-a8eb-8323df9ca1f8","type":"effect-fade-in","duration":600,"delay":0}],"type":"page","id":"d4b8f486-fe5d-460d-93e8-9b0d3d595d8a","defaultBackgroundElement":{"opacity":100,"flip":{"vertical":false,"horizontal":false},"rotationAngle":0,"lockAspectRatio":true,"x":1,"y":1,"width":1,"height":1,"mask":{"type":"rectangle"},"isBackground":true,"isDefaultBackground":true,"type":"shape","id":"a8c80173-9ac5-4023-87d5-f08fb27f6c35"}},{"elements":[{"opacity":100,"flip":{"vertical":false,"horizontal":false},"rotationAngle":0,"lockAspectRatio":true,"scale":100,"focalX":50,"focalY":50,"resource":{"baseColor":"#d0c9c3","blurHash":"UJPskqM{_4xb00tQ-=t7_NM{M{Rj%gs:ayRj","type":"image","mimeType":"image\/png","creationDate":"2022-07-17T14:12:58.000Z","src":"https:\/\/www.panoramamoveis.com.br\/blog-wp\/wp-content\/uploads\/2022\/07\/ESPELHOS-PG4.png","width":1080,"height":1920,"id":6240,"alt":"ESPELHOS PG4","sizes":{"medium":{"file":"ESPELHOS-PG4-169x300.png","width":169,"height":300,"filesize":52785,"mimeType":"image\/png","sourceUrl":"https:\/\/www.panoramamoveis.com.br\/blog-wp\/wp-content\/uploads\/2022\/07\/ESPELHOS-PG4-169x300.png"},"large":{"file":"ESPELHOS-PG4-576x1024.png","width":576,"height":1024,"filesize":395855,"mimeType":"image\/png","sourceUrl":"https:\/\/www.panoramamoveis.com.br\/blog-wp\/wp-content\/uploads\/2022\/07\/ESPELHOS-PG4-576x1024.png"},"thumbnail":{"file":"ESPELHOS-PG4-150x150.png","width":150,"height":150,"filesize":26980,"mimeType":"image\/png","sourceUrl":"https:\/\/www.panoramamoveis.com.br\/blog-wp\/wp-content\/uploads\/2022\/07\/ESPELHOS-PG4-150x150.png"},"medium_large":{"file":"ESPELHOS-PG4-768x1365.png","width":768,"height":1365,"filesize":730853,"mimeType":"image\/png","sourceUrl":"https:\/\/www.panoramamoveis.com.br\/blog-wp\/wp-content\/uploads\/2022\/07\/ESPELHOS-PG4-768x1365.png"},"1536x1536":{"file":"ESPELHOS-PG4-864x1536.png","width":864,"height":1536,"filesize":778363,"mimeType":"image\/png","sourceUrl":"https:\/\/www.panoramamoveis.com.br\/blog-wp\/wp-content\/uploads\/2022\/07\/ESPELHOS-PG4-864x1536.png"},"web-stories-poster-portrait":{"file":"ESPELHOS-PG4-640x853.png","width":640,"height":853,"filesize":420748,"mimeType":"image\/png","sourceUrl":"https:\/\/www.panoramamoveis.com.br\/blog-wp\/wp-content\/uploads\/2022\/07\/ESPELHOS-PG4-640x853.png"},"web-stories-publisher-logo":{"file":"ESPELHOS-PG4-96x96.png","width":96,"height":96,"filesize":12353,"mimeType":"image\/png","sourceUrl":"https:\/\/www.panoramamoveis.com.br\/blog-wp\/wp-content\/uploads\/2022\/07\/ESPELHOS-PG4-96x96.png"},"web-stories-thumbnail":{"file":"ESPELHOS-PG4-150x267.png","width":150,"height":267,"filesize":42771,"mimeType":"image\/png","sourceUrl":"https:\/\/www.panoramamoveis.com.br\/blog-wp\/wp-content\/uploads\/2022\/07\/ESPELHOS-PG4-150x267.png"},"full":{"file":"ESPELHOS-PG4.png","width":1080,"height":1920,"mimeType":"image\/png","sourceUrl":"https:\/\/www.panoramamoveis.com.br\/blog-wp\/wp-content\/uploads\/2022\/07\/ESPELHOS-PG4.png"}},"isPlaceholder":false,"isOptimized":false,"isMuted":false,"isExternal":false,"needsProxy":false},"x":210,"y":540,"width":330,"height":586,"mask":{"type":"rectangle"},"isBackground":true,"id":"23b2635e-3453-4e7e-b3fa-3148dac9b2bc","basedOn":"6d51fe17-5b3b-4d0b-82cf-4037a3ffa2f8","alt":"sala com espelho ovalado em cima de bancada de madeira","type":"image"},{"opacity":100,"flip":{"vertical":false,"horizontal":false},"rotationAngle":0,"lockAspectRatio":false,"scale":100,"focalX":50,"focalY":50,"resource":{"type":"image","mimeType":"image\/jpeg","width":740,"height":1110,"sizes":{"medium":{"file":"pimentas-vermelhas-estao-em-um-almofariz-de-pedra-na-superficie-preta_1150-25566-200x300.jpeg","width":200,"height":300,"filesize":15256,"mimeType":"image\/jpeg","sourceUrl":"https:\/\/www.panoramamoveis.com.br\/blog-wp\/wp-content\/uploads\/2024\/06\/pimentas-vermelhas-estao-em-um-almofariz-de-pedra-na-superficie-preta_1150-25566-200x300.jpeg"},"large":{"file":"pimentas-vermelhas-estao-em-um-almofariz-de-pedra-na-superficie-preta_1150-25566-683x1024.jpeg","width":683,"height":1024,"filesize":103920,"mimeType":"image\/jpeg","sourceUrl":"https:\/\/www.panoramamoveis.com.br\/blog-wp\/wp-content\/uploads\/2024\/06\/pimentas-vermelhas-estao-em-um-almofariz-de-pedra-na-superficie-preta_1150-25566-683x1024.jpeg"},"thumbnail":{"file":"pimentas-vermelhas-estao-em-um-almofariz-de-pedra-na-superficie-preta_1150-25566-150x150.jpeg","width":150,"height":150,"filesize":7297,"mimeType":"image\/jpeg","sourceUrl":"https:\/\/www.panoramamoveis.com.br\/blog-wp\/wp-content\/uploads\/2024\/06\/pimentas-vermelhas-estao-em-um-almofariz-de-pedra-na-superficie-preta_1150-25566-150x150.jpeg"},"web-stories-poster-portrait":{"file":"pimentas-vermelhas-estao-em-um-almofariz-de-pedra-na-superficie-preta_1150-25566-640x853.jpeg","width":640,"height":853,"filesize":85910,"mimeType":"image\/jpeg","sourceUrl":"https:\/\/www.panoramamoveis.com.br\/blog-wp\/wp-content\/uploads\/2024\/06\/pimentas-vermelhas-estao-em-um-almofariz-de-pedra-na-superficie-preta_1150-25566-640x853.jpeg"},"web-stories-publisher-logo":{"file":"pimentas-vermelhas-estao-em-um-almofariz-de-pedra-na-superficie-preta_1150-25566-96x96.jpeg","width":96,"height":96,"filesize":3606,"mimeType":"image\/jpeg","sourceUrl":"https:\/\/www.panoramamoveis.com.br\/blog-wp\/wp-content\/uploads\/2024\/06\/pimentas-vermelhas-estao-em-um-almofariz-de-pedra-na-superficie-preta_1150-25566-96x96.jpeg"},"web-stories-thumbnail":{"file":"pimentas-vermelhas-estao-em-um-almofariz-de-pedra-na-superficie-preta_1150-25566-150x225.jpeg","width":150,"height":225,"filesize":9915,"mimeType":"image\/jpeg","sourceUrl":"https:\/\/www.panoramamoveis.com.br\/blog-wp\/wp-content\/uploads\/2024\/06\/pimentas-vermelhas-estao-em-um-almofariz-de-pedra-na-superficie-preta_1150-25566-150x225.jpeg"},"full":{"file":"pimentas-vermelhas-estao-em-um-almofariz-de-pedra-na-superficie-preta_1150-25566.jpeg","width":740,"height":1110,"mimeType":"image\/jpeg","sourceUrl":"https:\/\/www.panoramamoveis.com.br\/blog-wp\/wp-content\/uploads\/2024\/06\/pimentas-vermelhas-estao-em-um-almofariz-de-pedra-na-superficie-preta_1150-25566.jpeg"}},"isPlaceholder":false,"isExternal":false,"needsProxy":false,"baseColor":"#524342","blurHash":"UGEVHT_NT0v~?woLWWo}EMQ-rrO?q]E1t7$*","creationDate":"2024-06-13T17:26:25","src":"https:\/\/www.panoramamoveis.com.br\/blog-wp\/wp-content\/uploads\/2024\/06\/pimentas-vermelhas-estao-em-um-almofariz-de-pedra-na-superficie-preta_1150-25566.jpeg","id":47046,"alt":"pimentas-vermelhas-estao-em-um-almofariz-de-pedra-na-superficie-preta_1150-25566","local":false},"type":"image","x":48,"y":-36,"width":316,"height":388,"mask":{"type":"rectangle","showInLibrary":true,"name":"Ret\u00e2ngulo","path":"M 0,0 1,0 1,1 0,1 0,0 Z","ratio":1,"supportsBorder":true},"id":"b5d04634-fc83-4d44-bc8c-115d159a3067"},{"opacity":100,"flip":{"vertical":false,"horizontal":false},"rotationAngle":270,"lockAspectRatio":true,"scale":100,"focalX":50,"focalY":50,"resource":{"baseColor":"#543833","type":"image","mimeType":"image\/png","creationDate":"2021-11-09T19:36:56","src":"https:\/\/www.panoramamoveis.com.br\/blog-wp\/wp-content\/uploads\/2021\/11\/Panorama-Moveis-click-1.png","width":3240,"height":5760,"id":1933,"alt":"Panorama M\u00f3veis click (1)","sizes":{"medium":{"file":"Panorama-Moveis-click-1-169x300.png","width":169,"height":300,"mimeType":"image\/png","sourceUrl":"https:\/\/www.panoramamoveis.com.br\/blog-wp\/wp-content\/uploads\/2021\/11\/Panorama-Moveis-click-1-169x300.png"},"large":{"file":"Panorama-Moveis-click-1-576x1024.png","width":576,"height":1024,"mimeType":"image\/png","sourceUrl":"https:\/\/www.panoramamoveis.com.br\/blog-wp\/wp-content\/uploads\/2021\/11\/Panorama-Moveis-click-1-576x1024.png"},"thumbnail":{"file":"Panorama-Moveis-click-1-150x150.png","width":150,"height":150,"mimeType":"image\/png","sourceUrl":"https:\/\/www.panoramamoveis.com.br\/blog-wp\/wp-content\/uploads\/2021\/11\/Panorama-Moveis-click-1-150x150.png"},"medium_large":{"file":"Panorama-Moveis-click-1-768x1365.png","width":768,"height":1365,"mimeType":"image\/png","sourceUrl":"https:\/\/www.panoramamoveis.com.br\/blog-wp\/wp-content\/uploads\/2021\/11\/Panorama-Moveis-click-1-768x1365.png"},"1536x1536":{"file":"Panorama-Moveis-click-1-864x1536.png","width":864,"height":1536,"mimeType":"image\/png","sourceUrl":"https:\/\/www.panoramamoveis.com.br\/blog-wp\/wp-content\/uploads\/2021\/11\/Panorama-Moveis-click-1-864x1536.png"},"2048x2048":{"file":"Panorama-Moveis-click-1-1152x2048.png","width":1152,"height":2048,"mimeType":"image\/png","sourceUrl":"https:\/\/www.panoramamoveis.com.br\/blog-wp\/wp-content\/uploads\/2021\/11\/Panorama-Moveis-click-1-1152x2048.png"},"post-thumbnail":{"file":"Panorama-Moveis-click-1-1200x2133.png","width":1200,"height":2133,"mimeType":"image\/png","sourceUrl":"https:\/\/www.panoramamoveis.com.br\/blog-wp\/wp-content\/uploads\/2021\/11\/Panorama-Moveis-click-1-1200x2133.png"},"twentytwenty-fullscreen":{"file":"Panorama-Moveis-click-1-1980x3520.png","width":1980,"height":3520,"mimeType":"image\/png","sourceUrl":"https:\/\/www.panoramamoveis.com.br\/blog-wp\/wp-content\/uploads\/2021\/11\/Panorama-Moveis-click-1-1980x3520.png"},"web-stories-poster-portrait":{"file":"Panorama-Moveis-click-1-640x853.png","width":640,"height":853,"mimeType":"image\/png","sourceUrl":"https:\/\/www.panoramamoveis.com.br\/blog-wp\/wp-content\/uploads\/2021\/11\/Panorama-Moveis-click-1-640x853.png"},"web-stories-publisher-logo":{"file":"Panorama-Moveis-click-1-96x96.png","width":96,"height":96,"mimeType":"image\/png","sourceUrl":"https:\/\/www.panoramamoveis.com.br\/blog-wp\/wp-content\/uploads\/2021\/11\/Panorama-Moveis-click-1-96x96.png"},"web-stories-thumbnail":{"file":"Panorama-Moveis-click-1-150x267.png","width":150,"height":267,"mimeType":"image\/png","sourceUrl":"https:\/\/www.panoramamoveis.com.br\/blog-wp\/wp-content\/uploads\/2021\/11\/Panorama-Moveis-click-1-150x267.png"},"full":{"file":"Panorama-Moveis-click-1.png","width":3240,"height":5760,"mimeType":"image\/png","sourceUrl":"https:\/\/www.panoramamoveis.com.br\/blog-wp\/wp-content\/uploads\/2021\/11\/Panorama-Moveis-click-1.png"}},"isPlaceholder":false,"isOptimized":false,"isMuted":false,"isExternal":false,"provider":"local"},"x":70,"y":-52,"width":56,"height":104,"mask":{"type":"rectangle","showInLibrary":true,"name":"Ret\u00e2ngulo","path":"M 0,0 1,0 1,1 0,1 0,0 Z","ratio":1,"supportsBorder":true},"basedOn":"ff22fdff-46a4-4f87-bd8d-8ebfd8afae43","id":"607741af-85fd-44c3-9795-3b62dec4ea40","type":"image"},{"opacity":100,"flip":{"vertical":false,"horizontal":false},"rotationAngle":0,"lockAspectRatio":true,"backgroundTextMode":"NONE","font":{"family":"Oswald"},"fontSize":23,"backgroundColor":{"color":{"r":196,"g":196,"b":196}},"lineHeight":1.2,"textAlign":"left","padding":{"locked":true,"hasHiddenPadding":false,"horizontal":null,"vertical":null},"content":"<span style=\"color: #f00\">Pimentas e outros condimentos picantes podem irritar o est\u00f4mago e causar indigest\u00e3o, especialmente em pessoas sens\u00edveis a alimentos picantes.<\/span>","borderRadius":{"locked":true,"topLeft":2,"topRight":2,"bottomRight":2,"bottomLeft":2},"x":57,"y":352,"width":300,"height":145,"basedOn":"1db38a2b-ce9d-45f7-9b4b-251abc548bed","marginOffset":-5.0760000000000005,"id":"a1001969-4ead-491e-b3e6-40dfbebae23c","type":"text"},{"opacity":100,"flip":{"vertical":false,"horizontal":false},"rotationAngle":0,"lockAspectRatio":true,"backgroundTextMode":"HIGHLIGHT","font":{"family":"Anton"},"fontSize":24,"backgroundColor":{"color":{"r":163,"g":0,"b":3,"a":0.6}},"lineHeight":1,"textAlign":"left","padding":{"hasHiddenPadding":true,"horizontal":8,"vertical":4},"content":"<span style=\"color: #fff\">Alimentos picantes<\/span>","borderRadius":{"locked":true,"topLeft":2,"topRight":2,"bottomRight":2,"bottomLeft":2},"x":57,"y":308,"width":314,"height":44,"basedOn":"b243f3b7-3cf7-4622-8509-1da0a1b3e9f5","id":"7279cb2c-e3b2-4827-85d0-680a9c4e1d49","type":"text"}],"backgroundColor":{"color":{"r":255,"g":255,"b":255}},"animations":[{"targets":["a1001969-4ead-491e-b3e6-40dfbebae23c"],"id":"0fa7503d-e8e1-4b57-ba71-9a8be0170c80","type":"effect-fade-in","duration":600,"delay":0}],"type":"page","id":"7ffc3b8d-c7c2-449e-abe3-fb853480226f","defaultBackgroundElement":{"opacity":100,"flip":{"vertical":false,"horizontal":false},"rotationAngle":0,"lockAspectRatio":true,"x":1,"y":1,"width":1,"height":1,"mask":{"type":"rectangle"},"isBackground":true,"isDefaultBackground":true,"type":"shape","id":"a8c80173-9ac5-4023-87d5-f08fb27f6c35"}},{"elements":[{"opacity":100,"flip":{"vertical":false,"horizontal":false},"rotationAngle":0,"lockAspectRatio":true,"scale":100,"focalX":50,"focalY":50,"resource":{"baseColor":"#d0c9c3","blurHash":"UJPskqM{_4xb00tQ-=t7_NM{M{Rj%gs:ayRj","type":"image","mimeType":"image\/png","creationDate":"2022-07-17T14:12:58.000Z","src":"https:\/\/www.panoramamoveis.com.br\/blog-wp\/wp-content\/uploads\/2022\/07\/ESPELHOS-PG4.png","width":1080,"height":1920,"id":6240,"alt":"ESPELHOS PG4","sizes":{"medium":{"file":"ESPELHOS-PG4-169x300.png","width":169,"height":300,"filesize":52785,"mimeType":"image\/png","sourceUrl":"https:\/\/www.panoramamoveis.com.br\/blog-wp\/wp-content\/uploads\/2022\/07\/ESPELHOS-PG4-169x300.png"},"large":{"file":"ESPELHOS-PG4-576x1024.png","width":576,"height":1024,"filesize":395855,"mimeType":"image\/png","sourceUrl":"https:\/\/www.panoramamoveis.com.br\/blog-wp\/wp-content\/uploads\/2022\/07\/ESPELHOS-PG4-576x1024.png"},"thumbnail":{"file":"ESPELHOS-PG4-150x150.png","width":150,"height":150,"filesize":26980,"mimeType":"image\/png","sourceUrl":"https:\/\/www.panoramamoveis.com.br\/blog-wp\/wp-content\/uploads\/2022\/07\/ESPELHOS-PG4-150x150.png"},"medium_large":{"file":"ESPELHOS-PG4-768x1365.png","width":768,"height":1365,"filesize":730853,"mimeType":"image\/png","sourceUrl":"https:\/\/www.panoramamoveis.com.br\/blog-wp\/wp-content\/uploads\/2022\/07\/ESPELHOS-PG4-768x1365.png"},"1536x1536":{"file":"ESPELHOS-PG4-864x1536.png","width":864,"height":1536,"filesize":778363,"mimeType":"image\/png","sourceUrl":"https:\/\/www.panoramamoveis.com.br\/blog-wp\/wp-content\/uploads\/2022\/07\/ESPELHOS-PG4-864x1536.png"},"web-stories-poster-portrait":{"file":"ESPELHOS-PG4-640x853.png","width":640,"height":853,"filesize":420748,"mimeType":"image\/png","sourceUrl":"https:\/\/www.panoramamoveis.com.br\/blog-wp\/wp-content\/uploads\/2022\/07\/ESPELHOS-PG4-640x853.png"},"web-stories-publisher-logo":{"file":"ESPELHOS-PG4-96x96.png","width":96,"height":96,"filesize":12353,"mimeType":"image\/png","sourceUrl":"https:\/\/www.panoramamoveis.com.br\/blog-wp\/wp-content\/uploads\/2022\/07\/ESPELHOS-PG4-96x96.png"},"web-stories-thumbnail":{"file":"ESPELHOS-PG4-150x267.png","width":150,"height":267,"filesize":42771,"mimeType":"image\/png","sourceUrl":"https:\/\/www.panoramamoveis.com.br\/blog-wp\/wp-content\/uploads\/2022\/07\/ESPELHOS-PG4-150x267.png"},"full":{"file":"ESPELHOS-PG4.png","width":1080,"height":1920,"mimeType":"image\/png","sourceUrl":"https:\/\/www.panoramamoveis.com.br\/blog-wp\/wp-content\/uploads\/2022\/07\/ESPELHOS-PG4.png"}},"isPlaceholder":false,"isOptimized":false,"isMuted":false,"isExternal":false,"needsProxy":false},"x":210,"y":540,"width":330,"height":586,"mask":{"type":"rectangle"},"isBackground":true,"id":"a115070e-60fd-40fb-b08f-31e77a8fbe87","basedOn":"6d51fe17-5b3b-4d0b-82cf-4037a3ffa2f8","alt":"sala com espelho ovalado em cima de bancada de madeira","type":"image"},{"opacity":100,"flip":{"vertical":false,"horizontal":false},"rotationAngle":0,"lockAspectRatio":false,"scale":100,"focalX":50,"focalY":50,"resource":{"type":"image","mimeType":"image\/jpeg","width":740,"height":1110,"sizes":{"medium":{"file":"deliciosos-produtos-de-padaria-na-cesta_23-2147852045-200x300.jpg","width":200,"height":300,"filesize":15879,"mimeType":"image\/jpeg","sourceUrl":"https:\/\/www.panoramamoveis.com.br\/blog-wp\/wp-content\/uploads\/2024\/06\/deliciosos-produtos-de-padaria-na-cesta_23-2147852045-200x300.jpg"},"large":{"file":"deliciosos-produtos-de-padaria-na-cesta_23-2147852045-683x1024.jpg","width":683,"height":1024,"filesize":107016,"mimeType":"image\/jpeg","sourceUrl":"https:\/\/www.panoramamoveis.com.br\/blog-wp\/wp-content\/uploads\/2024\/06\/deliciosos-produtos-de-padaria-na-cesta_23-2147852045-683x1024.jpg"},"thumbnail":{"file":"deliciosos-produtos-de-padaria-na-cesta_23-2147852045-150x150.jpg","width":150,"height":150,"filesize":7939,"mimeType":"image\/jpeg","sourceUrl":"https:\/\/www.panoramamoveis.com.br\/blog-wp\/wp-content\/uploads\/2024\/06\/deliciosos-produtos-de-padaria-na-cesta_23-2147852045-150x150.jpg"},"web-stories-poster-portrait":{"file":"deliciosos-produtos-de-padaria-na-cesta_23-2147852045-640x853.jpg","width":640,"height":853,"filesize":90329,"mimeType":"image\/jpeg","sourceUrl":"https:\/\/www.panoramamoveis.com.br\/blog-wp\/wp-content\/uploads\/2024\/06\/deliciosos-produtos-de-padaria-na-cesta_23-2147852045-640x853.jpg"},"web-stories-publisher-logo":{"file":"deliciosos-produtos-de-padaria-na-cesta_23-2147852045-96x96.jpg","width":96,"height":96,"filesize":3908,"mimeType":"image\/jpeg","sourceUrl":"https:\/\/www.panoramamoveis.com.br\/blog-wp\/wp-content\/uploads\/2024\/06\/deliciosos-produtos-de-padaria-na-cesta_23-2147852045-96x96.jpg"},"web-stories-thumbnail":{"file":"deliciosos-produtos-de-padaria-na-cesta_23-2147852045-150x225.jpg","width":150,"height":225,"filesize":10314,"mimeType":"image\/jpeg","sourceUrl":"https:\/\/www.panoramamoveis.com.br\/blog-wp\/wp-content\/uploads\/2024\/06\/deliciosos-produtos-de-padaria-na-cesta_23-2147852045-150x225.jpg"},"full":{"file":"deliciosos-produtos-de-padaria-na-cesta_23-2147852045.jpg","width":740,"height":1110,"mimeType":"image\/jpeg","sourceUrl":"https:\/\/www.panoramamoveis.com.br\/blog-wp\/wp-content\/uploads\/2024\/06\/deliciosos-produtos-de-padaria-na-cesta_23-2147852045.jpg"}},"isPlaceholder":false,"isExternal":false,"needsProxy":false,"baseColor":"#ebd8ca","blurHash":"UgOyLp?^kXsm-=krbwWBOajYr=Rjbbs:e.ad","creationDate":"2024-06-13T17:26:39","src":"https:\/\/www.panoramamoveis.com.br\/blog-wp\/wp-content\/uploads\/2024\/06\/deliciosos-produtos-de-padaria-na-cesta_23-2147852045.jpg","id":47047,"alt":"deliciosos-produtos-de-padaria-na-cesta_23-2147852045","local":false},"type":"image","x":53,"y":-36,"width":308,"height":388,"mask":{"type":"rectangle","showInLibrary":true,"name":"Ret\u00e2ngulo","path":"M 0,0 1,0 1,1 0,1 0,0 Z","ratio":1,"supportsBorder":true},"id":"5342792e-0629-4478-a4b3-7d0e28c1aa82"},{"opacity":100,"flip":{"vertical":false,"horizontal":false},"rotationAngle":270,"lockAspectRatio":true,"scale":100,"focalX":50,"focalY":50,"resource":{"baseColor":"#543833","type":"image","mimeType":"image\/png","creationDate":"2021-11-09T19:36:56","src":"https:\/\/www.panoramamoveis.com.br\/blog-wp\/wp-content\/uploads\/2021\/11\/Panorama-Moveis-click-1.png","width":3240,"height":5760,"id":1933,"alt":"Panorama M\u00f3veis click (1)","sizes":{"medium":{"file":"Panorama-Moveis-click-1-169x300.png","width":169,"height":300,"mimeType":"image\/png","sourceUrl":"https:\/\/www.panoramamoveis.com.br\/blog-wp\/wp-content\/uploads\/2021\/11\/Panorama-Moveis-click-1-169x300.png"},"large":{"file":"Panorama-Moveis-click-1-576x1024.png","width":576,"height":1024,"mimeType":"image\/png","sourceUrl":"https:\/\/www.panoramamoveis.com.br\/blog-wp\/wp-content\/uploads\/2021\/11\/Panorama-Moveis-click-1-576x1024.png"},"thumbnail":{"file":"Panorama-Moveis-click-1-150x150.png","width":150,"height":150,"mimeType":"image\/png","sourceUrl":"https:\/\/www.panoramamoveis.com.br\/blog-wp\/wp-content\/uploads\/2021\/11\/Panorama-Moveis-click-1-150x150.png"},"medium_large":{"file":"Panorama-Moveis-click-1-768x1365.png","width":768,"height":1365,"mimeType":"image\/png","sourceUrl":"https:\/\/www.panoramamoveis.com.br\/blog-wp\/wp-content\/uploads\/2021\/11\/Panorama-Moveis-click-1-768x1365.png"},"1536x1536":{"file":"Panorama-Moveis-click-1-864x1536.png","width":864,"height":1536,"mimeType":"image\/png","sourceUrl":"https:\/\/www.panoramamoveis.com.br\/blog-wp\/wp-content\/uploads\/2021\/11\/Panorama-Moveis-click-1-864x1536.png"},"2048x2048":{"file":"Panorama-Moveis-click-1-1152x2048.png","width":1152,"height":2048,"mimeType":"image\/png","sourceUrl":"https:\/\/www.panoramamoveis.com.br\/blog-wp\/wp-content\/uploads\/2021\/11\/Panorama-Moveis-click-1-1152x2048.png"},"post-thumbnail":{"file":"Panorama-Moveis-click-1-1200x2133.png","width":1200,"height":2133,"mimeType":"image\/png","sourceUrl":"https:\/\/www.panoramamoveis.com.br\/blog-wp\/wp-content\/uploads\/2021\/11\/Panorama-Moveis-click-1-1200x2133.png"},"twentytwenty-fullscreen":{"file":"Panorama-Moveis-click-1-1980x3520.png","width":1980,"height":3520,"mimeType":"image\/png","sourceUrl":"https:\/\/www.panoramamoveis.com.br\/blog-wp\/wp-content\/uploads\/2021\/11\/Panorama-Moveis-click-1-1980x3520.png"},"web-stories-poster-portrait":{"file":"Panorama-Moveis-click-1-640x853.png","width":640,"height":853,"mimeType":"image\/png","sourceUrl":"https:\/\/www.panoramamoveis.com.br\/blog-wp\/wp-content\/uploads\/2021\/11\/Panorama-Moveis-click-1-640x853.png"},"web-stories-publisher-logo":{"file":"Panorama-Moveis-click-1-96x96.png","width":96,"height":96,"mimeType":"image\/png","sourceUrl":"https:\/\/www.panoramamoveis.com.br\/blog-wp\/wp-content\/uploads\/2021\/11\/Panorama-Moveis-click-1-96x96.png"},"web-stories-thumbnail":{"file":"Panorama-Moveis-click-1-150x267.png","width":150,"height":267,"mimeType":"image\/png","sourceUrl":"https:\/\/www.panoramamoveis.com.br\/blog-wp\/wp-content\/uploads\/2021\/11\/Panorama-Moveis-click-1-150x267.png"},"full":{"file":"Panorama-Moveis-click-1.png","width":3240,"height":5760,"mimeType":"image\/png","sourceUrl":"https:\/\/www.panoramamoveis.com.br\/blog-wp\/wp-content\/uploads\/2021\/11\/Panorama-Moveis-click-1.png"}},"isPlaceholder":false,"isOptimized":false,"isMuted":false,"isExternal":false,"provider":"local"},"x":70,"y":-52,"width":56,"height":104,"mask":{"type":"rectangle","showInLibrary":true,"name":"Ret\u00e2ngulo","path":"M 0,0 1,0 1,1 0,1 0,0 Z","ratio":1,"supportsBorder":true},"basedOn":"ff22fdff-46a4-4f87-bd8d-8ebfd8afae43","id":"97f6f66c-d3e4-467a-861f-5ac379228862","type":"image"},{"opacity":100,"flip":{"vertical":false,"horizontal":false},"rotationAngle":0,"lockAspectRatio":true,"backgroundTextMode":"NONE","font":{"family":"Oswald"},"fontSize":23,"backgroundColor":{"color":{"r":196,"g":196,"b":196}},"lineHeight":1.2,"textAlign":"left","padding":{"locked":true,"hasHiddenPadding":false,"horizontal":null,"vertical":null},"content":"<span style=\"color: #f00\">Para pessoas com doen\u00e7a cel\u00edaca ou sensibilidade ao gl\u00faten, alimentos que cont\u00eam gl\u00faten, como trigo, cevada e centeio, podem causar problemas digestivos significativos.<\/span>","borderRadius":{"locked":true,"topLeft":2,"topRight":2,"bottomRight":2,"bottomLeft":2},"x":57,"y":352,"width":296,"height":172,"basedOn":"1db38a2b-ce9d-45f7-9b4b-251abc548bed","marginOffset":-5.0760000000000005,"id":"27bc0cc3-5062-4f9f-a60a-ff7bffd495db","type":"text"},{"opacity":100,"flip":{"vertical":false,"horizontal":false},"rotationAngle":0,"lockAspectRatio":true,"backgroundTextMode":"HIGHLIGHT","font":{"family":"Anton"},"fontSize":24,"backgroundColor":{"color":{"r":163,"g":0,"b":3,"a":0.6}},"lineHeight":1,"textAlign":"left","padding":{"hasHiddenPadding":true,"horizontal":8,"vertical":4},"content":"<span style=\"color: #fff\">Gl\u00faten<\/span>","borderRadius":{"locked":true,"topLeft":2,"topRight":2,"bottomRight":2,"bottomLeft":2},"x":57,"y":308,"width":314,"height":44,"basedOn":"b243f3b7-3cf7-4622-8509-1da0a1b3e9f5","id":"b6bb4984-0ddf-4804-897c-219381b090dc","type":"text"}],"backgroundColor":{"color":{"r":255,"g":255,"b":255}},"animations":[{"targets":["27bc0cc3-5062-4f9f-a60a-ff7bffd495db"],"id":"3648ebb8-89b1-4c83-a575-d736c71ddab3","type":"effect-fade-in","duration":600,"delay":0}],"type":"page","id":"bac3fc17-e552-4b04-853d-47e4e353da09","defaultBackgroundElement":{"opacity":100,"flip":{"vertical":false,"horizontal":false},"rotationAngle":0,"lockAspectRatio":true,"x":1,"y":1,"width":1,"height":1,"mask":{"type":"rectangle"},"isBackground":true,"isDefaultBackground":true,"type":"shape","id":"a8c80173-9ac5-4023-87d5-f08fb27f6c35"}},{"elements":[{"opacity":100,"flip":{"vertical":false,"horizontal":false},"rotationAngle":0,"lockAspectRatio":true,"x":48,"y":0,"width":330,"height":586,"mask":{"type":"rectangle"},"isBackground":true,"type":"image","id":"fc963da3-13ed-4c85-946f-6ff12080ee09","scale":100,"focalX":50,"focalY":50,"resource":{"baseColor":"#863a30","blurHash":"UOO:qpIo_N-q0JW;-q%MMxV[tRRi%hxbe.M_","type":"image","mimeType":"image\/png","creationDate":"2022-07-17T14:12:43.000Z","src":"https:\/\/www.panoramamoveis.com.br\/blog-wp\/wp-content\/uploads\/2022\/07\/ESPELHOS-PG8.png","width":1080,"height":1920,"id":6236,"alt":"ESPELHOS PG8","sizes":{"medium":{"file":"ESPELHOS-PG8-169x300.png","width":169,"height":300,"filesize":56648,"mimeType":"image\/png","sourceUrl":"https:\/\/www.panoramamoveis.com.br\/blog-wp\/wp-content\/uploads\/2022\/07\/ESPELHOS-PG8-169x300.png"},"large":{"file":"ESPELHOS-PG8-576x1024.png","width":576,"height":1024,"filesize":402337,"mimeType":"image\/png","sourceUrl":"https:\/\/www.panoramamoveis.com.br\/blog-wp\/wp-content\/uploads\/2022\/07\/ESPELHOS-PG8-576x1024.png"},"thumbnail":{"file":"ESPELHOS-PG8-150x150.png","width":150,"height":150,"filesize":30462,"mimeType":"image\/png","sourceUrl":"https:\/\/www.panoramamoveis.com.br\/blog-wp\/wp-content\/uploads\/2022\/07\/ESPELHOS-PG8-150x150.png"},"medium_large":{"file":"ESPELHOS-PG8-768x1365.png","width":768,"height":1365,"filesize":754249,"mimeType":"image\/png","sourceUrl":"https:\/\/www.panoramamoveis.com.br\/blog-wp\/wp-content\/uploads\/2022\/07\/ESPELHOS-PG8-768x1365.png"},"1536x1536":{"file":"ESPELHOS-PG8-864x1536.png","width":864,"height":1536,"filesize":762017,"mimeType":"image\/png","sourceUrl":"https:\/\/www.panoramamoveis.com.br\/blog-wp\/wp-content\/uploads\/2022\/07\/ESPELHOS-PG8-864x1536.png"},"web-stories-poster-portrait":{"file":"ESPELHOS-PG8-640x853.png","width":640,"height":853,"filesize":430456,"mimeType":"image\/png","sourceUrl":"https:\/\/www.panoramamoveis.com.br\/blog-wp\/wp-content\/uploads\/2022\/07\/ESPELHOS-PG8-640x853.png"},"web-stories-publisher-logo":{"file":"ESPELHOS-PG8-96x96.png","width":96,"height":96,"filesize":14037,"mimeType":"image\/png","sourceUrl":"https:\/\/www.panoramamoveis.com.br\/blog-wp\/wp-content\/uploads\/2022\/07\/ESPELHOS-PG8-96x96.png"},"web-stories-thumbnail":{"file":"ESPELHOS-PG8-150x267.png","width":150,"height":267,"filesize":46086,"mimeType":"image\/png","sourceUrl":"https:\/\/www.panoramamoveis.com.br\/blog-wp\/wp-content\/uploads\/2022\/07\/ESPELHOS-PG8-150x267.png"},"full":{"file":"ESPELHOS-PG8.png","width":1080,"height":1920,"mimeType":"image\/png","sourceUrl":"https:\/\/www.panoramamoveis.com.br\/blog-wp\/wp-content\/uploads\/2022\/07\/ESPELHOS-PG8.png"}},"isPlaceholder":false,"isOptimized":false,"isMuted":false,"isExternal":false,"needsProxy":false},"alt":"Sala com parede verde  e sof\u00e1 claro"},{"opacity":100,"flip":{"vertical":false,"horizontal":false},"rotationAngle":0,"lockAspectRatio":true,"backgroundTextMode":"FILL","font":{"family":"Oswald"},"fontSize":24,"backgroundColor":{"color":{"r":196,"g":196,"b":196,"a":0.1}},"lineHeight":1.5,"textAlign":"left","padding":{"locked":true,"hasHiddenPadding":true,"horizontal":8,"vertical":4},"type":"text","content":"<span style=\"font-weight: 700; color: #e23b40\">O nosso blog \u00e9 super completo, com as melhores dicas e curiosidades!<\/span>\n\n<span style=\"font-weight: 700; color: #e23b40\">Confira clicando abaixo!<\/span>","borderRadius":{"locked":true,"topLeft":2,"topRight":2,"bottomRight":2,"bottomLeft":2},"x":48,"y":348,"width":316,"height":188,"id":"5e68c346-e37c-4bb3-9020-a630be36084e","marginOffset":7.21875},{"opacity":100,"flip":{"vertical":false,"horizontal":false},"rotationAngle":0,"lockAspectRatio":true,"scale":100,"focalX":50,"focalY":50,"resource":{"baseColor":"#e5d4d4","type":"image","mimeType":"image\/png","creationDate":"2021-10-05T06:38:34","src":"https:\/\/www.panoramamoveis.com.br\/blog-wp\/wp-content\/uploads\/2021\/10\/click-aqui.png","width":1080,"height":1080,"id":757,"alt":"click aqui","sizes":{"medium":{"file":"click-aqui-300x300.png","width":300,"height":300,"mimeType":"image\/png","sourceUrl":"https:\/\/www.panoramamoveis.com.br\/blog-wp\/wp-content\/uploads\/2021\/10\/click-aqui-300x300.png"},"large":{"file":"click-aqui-1024x1024.png","width":1024,"height":1024,"mimeType":"image\/png","sourceUrl":"https:\/\/www.panoramamoveis.com.br\/blog-wp\/wp-content\/uploads\/2021\/10\/click-aqui-1024x1024.png"},"thumbnail":{"file":"click-aqui-150x150.png","width":150,"height":150,"mimeType":"image\/png","sourceUrl":"https:\/\/www.panoramamoveis.com.br\/blog-wp\/wp-content\/uploads\/2021\/10\/click-aqui-150x150.png"},"medium_large":{"file":"click-aqui-768x768.png","width":768,"height":768,"mimeType":"image\/png","sourceUrl":"https:\/\/www.panoramamoveis.com.br\/blog-wp\/wp-content\/uploads\/2021\/10\/click-aqui-768x768.png"},"web-stories-poster-portrait":{"file":"click-aqui-640x853.png","width":640,"height":853,"mimeType":"image\/png","sourceUrl":"https:\/\/www.panoramamoveis.com.br\/blog-wp\/wp-content\/uploads\/2021\/10\/click-aqui-640x853.png"},"web-stories-publisher-logo":{"file":"click-aqui-96x96.png","width":96,"height":96,"mimeType":"image\/png","sourceUrl":"https:\/\/www.panoramamoveis.com.br\/blog-wp\/wp-content\/uploads\/2021\/10\/click-aqui-96x96.png"},"web-stories-thumbnail":{"file":"click-aqui-150x150.png","width":150,"height":150,"mimeType":"image\/png","sourceUrl":"https:\/\/www.panoramamoveis.com.br\/blog-wp\/wp-content\/uploads\/2021\/10\/click-aqui-150x150.png"},"full":{"file":"click-aqui.png","width":1080,"height":1080,"mimeType":"image\/png","sourceUrl":"https:\/\/www.panoramamoveis.com.br\/blog-wp\/wp-content\/uploads\/2021\/10\/click-aqui.png"}},"isPlaceholder":false,"isOptimized":false,"isMuted":false,"provider":"local","isExternal":false},"type":"image","width":70,"height":69,"mask":{"type":"rectangle","showInLibrary":true,"name":"Rectangle","path":"M 0,0 1,0 1,1 0,1 0,0 Z","ratio":1,"supportsBorder":true},"basedOn":"b9ae82de-c57f-4987-a4ac-26a9f25c01c3","x":286,"y":544,"link":{"needsProxy":false,"url":"https:\/\/www.panoramamoveis.com.br\/moveis\/iluminacao?utm_source=web-stories","rel":["noreferrer","noreferrer","noreferrer","noreferrer","noreferrer","noreferrer","noreferrer","noreferrer","noreferrer","noreferrer","noreferrer","noreferrer","noreferrer"],"icon":"https:\/\/www.panoramamoveis.com.br\/blog-wp\/wp-content\/uploads\/2021\/11\/cropped-cropped-Panorama-03-scaled-3-1.jpg","desc":"\t\t\tIlumina\u00e7\u00e3o: Com At\u00e9 50% OFF, 12x Sem Juros | Panorama M\u00f3veis\n\t"},"id":"1342f69e-ca15-4206-97ea-e8836e6a0267"},{"opacity":100,"flip":{"vertical":false,"horizontal":false},"rotationAngle":270,"lockAspectRatio":true,"scale":100,"focalX":50,"focalY":50,"resource":{"baseColor":"#543833","type":"image","mimeType":"image\/png","creationDate":"2021-11-09T19:36:56","src":"https:\/\/www.panoramamoveis.com.br\/blog-wp\/wp-content\/uploads\/2021\/11\/Panorama-Moveis-click-1.png","width":3240,"height":5760,"id":1933,"alt":"Panorama M\u00f3veis click (1)","sizes":{"medium":{"file":"Panorama-Moveis-click-1-169x300.png","width":169,"height":300,"mimeType":"image\/png","sourceUrl":"https:\/\/www.panoramamoveis.com.br\/blog-wp\/wp-content\/uploads\/2021\/11\/Panorama-Moveis-click-1-169x300.png"},"large":{"file":"Panorama-Moveis-click-1-576x1024.png","width":576,"height":1024,"mimeType":"image\/png","sourceUrl":"https:\/\/www.panoramamoveis.com.br\/blog-wp\/wp-content\/uploads\/2021\/11\/Panorama-Moveis-click-1-576x1024.png"},"thumbnail":{"file":"Panorama-Moveis-click-1-150x150.png","width":150,"height":150,"mimeType":"image\/png","sourceUrl":"https:\/\/www.panoramamoveis.com.br\/blog-wp\/wp-content\/uploads\/2021\/11\/Panorama-Moveis-click-1-150x150.png"},"medium_large":{"file":"Panorama-Moveis-click-1-768x1365.png","width":768,"height":1365,"mimeType":"image\/png","sourceUrl":"https:\/\/www.panoramamoveis.com.br\/blog-wp\/wp-content\/uploads\/2021\/11\/Panorama-Moveis-click-1-768x1365.png"},"1536x1536":{"file":"Panorama-Moveis-click-1-864x1536.png","width":864,"height":1536,"mimeType":"image\/png","sourceUrl":"https:\/\/www.panoramamoveis.com.br\/blog-wp\/wp-content\/uploads\/2021\/11\/Panorama-Moveis-click-1-864x1536.png"},"2048x2048":{"file":"Panorama-Moveis-click-1-1152x2048.png","width":1152,"height":2048,"mimeType":"image\/png","sourceUrl":"https:\/\/www.panoramamoveis.com.br\/blog-wp\/wp-content\/uploads\/2021\/11\/Panorama-Moveis-click-1-1152x2048.png"},"post-thumbnail":{"file":"Panorama-Moveis-click-1-1200x2133.png","width":1200,"height":2133,"mimeType":"image\/png","sourceUrl":"https:\/\/www.panoramamoveis.com.br\/blog-wp\/wp-content\/uploads\/2021\/11\/Panorama-Moveis-click-1-1200x2133.png"},"twentytwenty-fullscreen":{"file":"Panorama-Moveis-click-1-1980x3520.png","width":1980,"height":3520,"mimeType":"image\/png","sourceUrl":"https:\/\/www.panoramamoveis.com.br\/blog-wp\/wp-content\/uploads\/2021\/11\/Panorama-Moveis-click-1-1980x3520.png"},"web-stories-poster-portrait":{"file":"Panorama-Moveis-click-1-640x853.png","width":640,"height":853,"mimeType":"image\/png","sourceUrl":"https:\/\/www.panoramamoveis.com.br\/blog-wp\/wp-content\/uploads\/2021\/11\/Panorama-Moveis-click-1-640x853.png"},"web-stories-publisher-logo":{"file":"Panorama-Moveis-click-1-96x96.png","width":96,"height":96,"mimeType":"image\/png","sourceUrl":"https:\/\/www.panoramamoveis.com.br\/blog-wp\/wp-content\/uploads\/2021\/11\/Panorama-Moveis-click-1-96x96.png"},"web-stories-thumbnail":{"file":"Panorama-Moveis-click-1-150x267.png","width":150,"height":267,"mimeType":"image\/png","sourceUrl":"https:\/\/www.panoramamoveis.com.br\/blog-wp\/wp-content\/uploads\/2021\/11\/Panorama-Moveis-click-1-150x267.png"},"full":{"file":"Panorama-Moveis-click-1.png","width":3240,"height":5760,"mimeType":"image\/png","sourceUrl":"https:\/\/www.panoramamoveis.com.br\/blog-wp\/wp-content\/uploads\/2021\/11\/Panorama-Moveis-click-1.png"}},"isPlaceholder":false,"isOptimized":false,"isMuted":false,"isExternal":false,"provider":"local"},"type":"image","x":82,"y":-41,"width":56,"height":104,"mask":{"type":"rectangle","showInLibrary":true,"name":"Ret\u00e2ngulo","path":"M 0,0 1,0 1,1 0,1 0,0 Z","ratio":1,"supportsBorder":true},"basedOn":"c3f8539f-a4f0-4f0b-a80a-eb440f257c0a","id":"381b00cb-a11a-43d3-a8eb-d2a3e1bada8e"},{"opacity":100,"flip":{"vertical":false,"horizontal":false},"rotationAngle":0,"lockAspectRatio":true,"backgroundTextMode":"NONE","font":{"family":"Oswald"},"fontSize":28,"backgroundColor":{"color":{"r":196,"g":196,"b":196}},"lineHeight":1.2,"textAlign":"initial","padding":{"locked":true,"hasHiddenPadding":false},"type":"text","content":"<span style=\"font-weight: 700; color: #eee\">CLIQUE AQUI!<\/span>","borderRadius":{"locked":true,"topLeft":2,"topRight":2,"bottomRight":2,"bottomLeft":2},"x":125,"y":558,"width":161,"height":41,"basedOn":"23a443fc-27b4-4bca-bf25-4761dfc814ec","id":"dbd11309-135c-4f19-a1d0-ab0435048fc7","link":{"needsProxy":false,"url":"https:\/\/www.panoramamoveis.com.br\/blog?utm_source=web-stories","rel":[],"icon":"","desc":"Panorama M\u00f3veis: Blog de M\u00f3veis e Artigos Para Decora\u00e7\u00e3o"},"marginOffset":-7.896000000000001}],"animations":[{"targets":["1342f69e-ca15-4206-97ea-e8836e6a0267"],"id":"a08a4ec2-ec3a-44db-8f73-b2bcffed4e69","type":"effect-pulse","scale":0.5,"iterations":1,"duration":1450,"delay":0},{"id":"cd94a8f2-eb5e-4771-8f81-81c3ac7fdc15","type":"effect-pulse","targets":["dbd11309-135c-4f19-a1d0-ab0435048fc7"],"scale":0.5,"iterations":5,"duration":1450,"delay":0}],"backgroundColor":{"color":{"r":255,"g":255,"b":255}},"type":"page","id":"66a0ac8c-ba37-494b-b185-c3c180339647","defaultBackgroundElement":{"opacity":100,"flip":{"vertical":false,"horizontal":false},"rotationAngle":0,"lockAspectRatio":true,"x":1,"y":1,"width":1,"height":1,"mask":{"type":"rectangle"},"isBackground":true,"isDefaultBackground":true,"type":"shape","id":"dfb98c8e-8012-4f8c-992a-73f0d8e92a4f"}},{"elements":[{"opacity":100,"flip":{"vertical":false,"horizontal":false},"rotationAngle":0,"lockAspectRatio":true,"x":48,"y":0,"width":330,"height":586,"mask":{"type":"rectangle"},"isBackground":true,"type":"image","id":"9fb73b11-b73e-4d31-9893-73773fb54053","scale":100,"focalX":50,"focalY":50,"resource":{"baseColor":"#dfdedc","blurHash":"U9Q0EpRi-;bw0_xuxatl~WIUkWt7+}xv%Ns;","type":"image","mimeType":"image\/png","creationDate":"2022-07-17T14:12:47.000Z","src":"https:\/\/www.panoramamoveis.com.br\/blog-wp\/wp-content\/uploads\/2022\/07\/ESPELHOS-PG9.png","width":1080,"height":1920,"id":6237,"alt":"ESPELHOS PG9","sizes":{"medium":{"file":"ESPELHOS-PG9-169x300.png","width":169,"height":300,"filesize":50429,"mimeType":"image\/png","sourceUrl":"https:\/\/www.panoramamoveis.com.br\/blog-wp\/wp-content\/uploads\/2022\/07\/ESPELHOS-PG9-169x300.png"},"large":{"file":"ESPELHOS-PG9-576x1024.png","width":576,"height":1024,"filesize":326728,"mimeType":"image\/png","sourceUrl":"https:\/\/www.panoramamoveis.com.br\/blog-wp\/wp-content\/uploads\/2022\/07\/ESPELHOS-PG9-576x1024.png"},"thumbnail":{"file":"ESPELHOS-PG9-150x150.png","width":150,"height":150,"filesize":26568,"mimeType":"image\/png","sourceUrl":"https:\/\/www.panoramamoveis.com.br\/blog-wp\/wp-content\/uploads\/2022\/07\/ESPELHOS-PG9-150x150.png"},"medium_large":{"file":"ESPELHOS-PG9-768x1365.png","width":768,"height":1365,"filesize":688522,"mimeType":"image\/png","sourceUrl":"https:\/\/www.panoramamoveis.com.br\/blog-wp\/wp-content\/uploads\/2022\/07\/ESPELHOS-PG9-768x1365.png"},"1536x1536":{"file":"ESPELHOS-PG9-864x1536.png","width":864,"height":1536,"filesize":603797,"mimeType":"image\/png","sourceUrl":"https:\/\/www.panoramamoveis.com.br\/blog-wp\/wp-content\/uploads\/2022\/07\/ESPELHOS-PG9-864x1536.png"},"web-stories-poster-portrait":{"file":"ESPELHOS-PG9-640x853.png","width":640,"height":853,"filesize":388417,"mimeType":"image\/png","sourceUrl":"https:\/\/www.panoramamoveis.com.br\/blog-wp\/wp-content\/uploads\/2022\/07\/ESPELHOS-PG9-640x853.png"},"web-stories-publisher-logo":{"file":"ESPELHOS-PG9-96x96.png","width":96,"height":96,"filesize":12452,"mimeType":"image\/png","sourceUrl":"https:\/\/www.panoramamoveis.com.br\/blog-wp\/wp-content\/uploads\/2022\/07\/ESPELHOS-PG9-96x96.png"},"web-stories-thumbnail":{"file":"ESPELHOS-PG9-150x267.png","width":150,"height":267,"filesize":40672,"mimeType":"image\/png","sourceUrl":"https:\/\/www.panoramamoveis.com.br\/blog-wp\/wp-content\/uploads\/2022\/07\/ESPELHOS-PG9-150x267.png"},"full":{"file":"ESPELHOS-PG9.png","width":1080,"height":1920,"mimeType":"image\/png","sourceUrl":"https:\/\/www.panoramamoveis.com.br\/blog-wp\/wp-content\/uploads\/2022\/07\/ESPELHOS-PG9.png"}},"isPlaceholder":false,"isOptimized":false,"isMuted":false,"isExternal":false,"needsProxy":false},"basedOn":"75808ddf-12ac-44cb-b520-2a3e88c53ff3","alt":"Sala com sof\u00e1 cinza e 2 espelhos redondos"},{"opacity":100,"flip":{"vertical":false,"horizontal":false},"rotationAngle":0,"lockAspectRatio":true,"backgroundTextMode":"FILL","font":{"family":"Oswald"},"fontSize":24,"backgroundColor":{"color":{"r":255,"g":255,"b":255,"a":0.5}},"lineHeight":1.19,"textAlign":"left","padding":{"locked":true,"hasHiddenPadding":true,"horizontal":8,"vertical":4},"type":"text","content":"<span style=\"font-weight: 700; color: #e23b40\">Com as dicas e sele\u00e7\u00e3o de m\u00f3veis da Panorama M\u00f3veis, voc\u00ea consegue deixar a sua casa exatamente do seu jeito.&nbsp;<\/span>","borderRadius":{"locked":true,"topLeft":2,"topRight":2,"bottomRight":2,"bottomLeft":2},"x":48,"y":327,"width":317,"height":129,"id":"d55968b3-c922-4819-954f-952ca85d62e4","marginOffset":-6.716000000000001},{"opacity":100,"flip":{"vertical":false,"horizontal":false},"rotationAngle":0,"lockAspectRatio":true,"scale":100,"focalX":50,"focalY":50,"resource":{"baseColor":"#e5d4d4","type":"image","mimeType":"image\/png","creationDate":"2021-10-05T06:38:34","src":"https:\/\/www.panoramamoveis.com.br\/blog-wp\/wp-content\/uploads\/2021\/10\/click-aqui.png","width":1080,"height":1080,"id":757,"alt":"click aqui","sizes":{"medium":{"file":"click-aqui-300x300.png","width":300,"height":300,"mimeType":"image\/png","sourceUrl":"https:\/\/www.panoramamoveis.com.br\/blog-wp\/wp-content\/uploads\/2021\/10\/click-aqui-300x300.png"},"large":{"file":"click-aqui-1024x1024.png","width":1024,"height":1024,"mimeType":"image\/png","sourceUrl":"https:\/\/www.panoramamoveis.com.br\/blog-wp\/wp-content\/uploads\/2021\/10\/click-aqui-1024x1024.png"},"thumbnail":{"file":"click-aqui-150x150.png","width":150,"height":150,"mimeType":"image\/png","sourceUrl":"https:\/\/www.panoramamoveis.com.br\/blog-wp\/wp-content\/uploads\/2021\/10\/click-aqui-150x150.png"},"medium_large":{"file":"click-aqui-768x768.png","width":768,"height":768,"mimeType":"image\/png","sourceUrl":"https:\/\/www.panoramamoveis.com.br\/blog-wp\/wp-content\/uploads\/2021\/10\/click-aqui-768x768.png"},"web-stories-poster-portrait":{"file":"click-aqui-640x853.png","width":640,"height":853,"mimeType":"image\/png","sourceUrl":"https:\/\/www.panoramamoveis.com.br\/blog-wp\/wp-content\/uploads\/2021\/10\/click-aqui-640x853.png"},"web-stories-publisher-logo":{"file":"click-aqui-96x96.png","width":96,"height":96,"mimeType":"image\/png","sourceUrl":"https:\/\/www.panoramamoveis.com.br\/blog-wp\/wp-content\/uploads\/2021\/10\/click-aqui-96x96.png"},"web-stories-thumbnail":{"file":"click-aqui-150x150.png","width":150,"height":150,"mimeType":"image\/png","sourceUrl":"https:\/\/www.panoramamoveis.com.br\/blog-wp\/wp-content\/uploads\/2021\/10\/click-aqui-150x150.png"},"full":{"file":"click-aqui.png","width":1080,"height":1080,"mimeType":"image\/png","sourceUrl":"https:\/\/www.panoramamoveis.com.br\/blog-wp\/wp-content\/uploads\/2021\/10\/click-aqui.png"}},"isPlaceholder":false,"isOptimized":false,"isMuted":false,"provider":"local","isExternal":false},"type":"image","width":52,"height":51,"mask":{"type":"rectangle","showInLibrary":true,"name":"Rectangle","path":"M 0,0 1,0 1,1 0,1 0,0 Z","ratio":1,"supportsBorder":true},"basedOn":"ff931274-1fbf-4643-aab1-692e48ab9db7","x":335,"y":487,"id":"b9ae82de-c57f-4987-a4ac-26a9f25c01c3","link":{"url":"https:\/\/www.panoramamoveis.com.br?utm_source=web-stories","icon":"https:\/\/www.panoramamoveis.com.br\/blog-wp\/wp-content\/uploads\/2021\/11\/cropped-cropped-Panorama-03-scaled-3.jpg","desc":"Panorama M\u00f3veis: Loja Online de M\u00f3veis e Decora\u00e7\u00e3o"}},{"opacity":100,"flip":{"vertical":false,"horizontal":false},"rotationAngle":0,"lockAspectRatio":true,"scale":100,"focalX":50,"focalY":50,"resource":{"baseColor":"#d0c1b7","type":"image","mimeType":"image\/png","creationDate":"2021-09-24T21:09:53","src":"https:\/\/www.panoramamoveis.com.br\/blog-wp\/wp-content\/uploads\/2021\/09\/panorama-sem-fundo.png","width":500,"height":500,"id":451,"alt":"panorama sem fundo","sizes":{"medium":{"file":"panorama-sem-fundo-300x300.png","width":300,"height":300,"mimeType":"image\/png","sourceUrl":"https:\/\/www.panoramamoveis.com.br\/blog-wp\/wp-content\/uploads\/2021\/09\/panorama-sem-fundo-300x300.png"},"thumbnail":{"file":"panorama-sem-fundo-150x150.png","width":150,"height":150,"mimeType":"image\/png","sourceUrl":"https:\/\/www.panoramamoveis.com.br\/blog-wp\/wp-content\/uploads\/2021\/09\/panorama-sem-fundo-150x150.png"},"web-stories-publisher-logo":{"file":"panorama-sem-fundo-96x96.png","width":96,"height":96,"mimeType":"image\/png","sourceUrl":"https:\/\/www.panoramamoveis.com.br\/blog-wp\/wp-content\/uploads\/2021\/09\/panorama-sem-fundo-96x96.png"},"web-stories-thumbnail":{"file":"panorama-sem-fundo-150x150.png","width":150,"height":150,"mimeType":"image\/png","sourceUrl":"https:\/\/www.panoramamoveis.com.br\/blog-wp\/wp-content\/uploads\/2021\/09\/panorama-sem-fundo-150x150.png"},"full":{"file":"panorama-sem-fundo.png","width":500,"height":500,"mimeType":"image\/png","sourceUrl":"https:\/\/www.panoramamoveis.com.br\/blog-wp\/wp-content\/uploads\/2021\/09\/panorama-sem-fundo.png"}},"isPlaceholder":false,"isOptimized":false,"isMuted":false,"provider":"local","isExternal":false},"width":203,"height":203,"mask":{"type":"rectangle","showInLibrary":true,"name":"Rectangle","path":"M 0,0 1,0 1,1 0,1 0,0 Z","ratio":1,"supportsBorder":true},"type":"image","basedOn":"afa563fd-7f47-4f20-b23c-97943ac63b40","x":103,"y":472,"id":"e93d8fd0-edf5-47cc-a5fb-d42894479cdb"},{"opacity":100,"flip":{"vertical":false,"horizontal":false},"rotationAngle":0,"lockAspectRatio":true,"backgroundTextMode":"HIGHLIGHT","font":{"family":"Oswald"},"fontSize":24,"backgroundColor":{"color":{"r":163,"g":0,"b":3,"a":0.5}},"lineHeight":1.19,"textAlign":"initial","padding":{"locked":true,"hasHiddenPadding":true,"horizontal":8,"vertical":4},"type":"text","content":"<span style=\"font-weight: 700; color: #fff\">panoramamoveis.com.br<\/span>","borderRadius":{"locked":true,"topLeft":2,"topRight":2,"bottomRight":2,"bottomLeft":2},"x":56,"y":491,"width":258,"height":44,"id":"2a09327b-efa0-40c7-9c4b-d6302b5eec4a","link":{"needsProxy":false,"url":"https:\/\/www.panoramamoveis.com.br?utm_source=web-stories","rel":["noreferrer","noreferrer","noreferrer","noreferrer","noreferrer","noreferrer","noreferrer","noreferrer","noreferrer","noreferrer","noreferrer","noreferrer","noreferrer","noreferrer","noreferrer","noreferrer","noreferrer","noreferrer","noreferrer","noreferrer","noreferrer","noreferrer","noreferrer","noreferrer","noreferrer","noreferrer","noreferrer","noreferrer","noreferrer","noreferrer","noreferrer","noreferrer","noreferrer","noreferrer","noreferrer","noreferrer","noreferrer","noreferrer","noreferrer","noreferrer","noreferrer","noreferrer","noreferrer","noreferrer","noreferrer","noreferrer","noreferrer","noreferrer","noreferrer","noreferrer","noreferrer","noreferrer","noreferrer","noreferrer","noreferrer","noreferrer","noreferrer","noreferrer","noreferrer","noreferrer","noreferrer","noreferrer","noreferrer","noreferrer","noreferrer","noreferrer","noreferrer","noreferrer","noreferrer","noreferrer","noreferrer","noreferrer","noreferrer","noreferrer","noreferrer","noreferrer","noreferrer","noreferrer","noreferrer","noreferrer","noreferrer","noreferrer","noreferrer","noreferrer","noreferrer","noreferrer","noreferrer","noreferrer","noreferrer","noreferrer","noreferrer","noreferrer","noreferrer","noreferrer","noreferrer","noreferrer","noreferrer","noreferrer","noreferrer","noreferrer","noreferrer","noreferrer","noreferrer","noreferrer","noreferrer","noreferrer","noreferrer","noreferrer","noreferrer","noreferrer","noreferrer","noreferrer","noreferrer","noreferrer","noreferrer","noreferrer","noreferrer","noreferrer","noreferrer","noreferrer","noreferrer","noreferrer","noreferrer","noreferrer","noreferrer","noreferrer","noreferrer","noreferrer","noreferrer","noreferrer","noreferrer","noreferrer","noreferrer","noreferrer","noreferrer","noreferrer","noreferrer","noreferrer","noreferrer","noreferrer","noreferrer","noreferrer","noreferrer","noreferrer","noreferrer","noreferrer","noreferrer","noreferrer","noreferrer","noreferrer","noreferrer","noreferrer","noreferrer","noreferrer","noreferrer","noreferrer","noreferrer","noreferrer","noreferrer","noreferrer","noreferrer","noreferrer","noreferrer","noreferrer","noreferrer","noreferrer","noreferrer","noreferrer","noreferrer","noreferrer","noreferrer","noreferrer","noreferrer","noreferrer","noreferrer","noreferrer","noreferrer","noreferrer","noreferrer","noreferrer","noreferrer","noreferrer","noreferrer","noreferrer","noreferrer","noreferrer","noreferrer","noreferrer","noreferrer","noreferrer","noreferrer","noreferrer","noreferrer","noreferrer","noreferrer","noreferrer","noreferrer","noreferrer","noreferrer","noreferrer","noreferrer","noreferrer","noreferrer","noreferrer","noreferrer","noreferrer","noreferrer","noreferrer","noreferrer","noreferrer","noreferrer","noreferrer","noreferrer","noreferrer","noreferrer","noreferrer","noreferrer","noreferrer","noreferrer","noreferrer","noreferrer","noreferrer","noreferrer","noreferrer","noreferrer","noreferrer","noreferrer","noreferrer","noreferrer","noreferrer","noreferrer","noreferrer","noreferrer","noreferrer","noreferrer","noreferrer","noreferrer","noreferrer","noreferrer","noreferrer","noreferrer","noreferrer","noreferrer","noreferrer","noreferrer","noreferrer","noreferrer","noreferrer","noreferrer","noreferrer","noreferrer","noreferrer","noreferrer","noreferrer","noreferrer","noreferrer","noreferrer","noreferrer","noreferrer","noreferrer","noreferrer","noreferrer","noreferrer","noreferrer","noreferrer","noreferrer","noreferrer","noreferrer","noreferrer","noreferrer","noreferrer","noreferrer","noreferrer","noreferrer","noreferrer","noreferrer","noreferrer","noreferrer","noreferrer","noreferrer","noreferrer","noreferrer","noreferrer","noreferrer","noreferrer","noreferrer","noreferrer","noreferrer","noreferrer","noreferrer","noreferrer","noreferrer","noreferrer","noreferrer","noreferrer","noreferrer","noreferrer","noreferrer","noreferrer","noreferrer","noreferrer","noreferrer","noreferrer","noreferrer","noreferrer","noreferrer","noreferrer","noreferrer","noreferrer","noreferrer","noreferrer","noreferrer","noreferrer","noreferrer","noreferrer","noreferrer","noreferrer","noreferrer","noreferrer","noreferrer","noreferrer","noreferrer","noreferrer","noreferrer","noreferrer","noreferrer","noreferrer","noreferrer","noreferrer","noreferrer","noreferrer","noreferrer","noreferrer","noreferrer","noreferrer","noreferrer","noreferrer","noreferrer","noreferrer","noreferrer","noreferrer","noreferrer","noreferrer","noreferrer","noreferrer","noreferrer","noreferrer","noreferrer","noreferrer","noreferrer","noreferrer","noreferrer","noreferrer","noreferrer","noreferrer","noreferrer","noreferrer","noreferrer","noreferrer","noreferrer","noreferrer","noreferrer","noreferrer","noreferrer","noreferrer","noreferrer","noreferrer","noreferrer","noreferrer","noreferrer","noreferrer","noreferrer","noreferrer","noreferrer","noreferrer","noreferrer","noreferrer","noreferrer","noreferrer","noreferrer","noreferrer","noreferrer","noreferrer","noreferrer","noreferrer","noreferrer","noreferrer","noreferrer","noreferrer","noreferrer","noreferrer","noreferrer","noreferrer","noreferrer","noreferrer","noreferrer","noreferrer","noreferrer","noreferrer","noreferrer","noreferrer","noreferrer","noreferrer","noreferrer","noreferrer","noreferrer","noreferrer","noreferrer","noreferrer","noreferrer","noreferrer","noreferrer","noreferrer","noreferrer","noreferrer","noreferrer","noreferrer","noreferrer","noreferrer","noreferrer","noreferrer","noreferrer","noreferrer","noreferrer","noreferrer","noreferrer","noreferrer","noreferrer","noreferrer","noreferrer","noreferrer","noreferrer","noreferrer","noreferrer","noreferrer","noreferrer","noreferrer","noreferrer","noreferrer","noreferrer","noreferrer","noreferrer","noreferrer","noreferrer","noreferrer","noreferrer","noreferrer","noreferrer","noreferrer","noreferrer","noreferrer","noreferrer","noreferrer","noreferrer","noreferrer","noreferrer","noreferrer","noreferrer","noreferrer","noreferrer","noreferrer","noreferrer","noreferrer","noreferrer","noreferrer","noreferrer","noreferrer","noreferrer","noreferrer","noreferrer","noreferrer","noreferrer","noreferrer","noreferrer","noreferrer","noreferrer","noreferrer","noreferrer","noreferrer","noreferrer","noreferrer","noreferrer","noreferrer","noreferrer","noreferrer","noreferrer","noreferrer","noreferrer","noreferrer","noreferrer","noreferrer","noreferrer","noreferrer","noreferrer","noreferrer","noreferrer","noreferrer","noreferrer","noreferrer","noreferrer","noreferrer","noreferrer","noreferrer","noreferrer","noreferrer","noreferrer","noreferrer","noreferrer","noreferrer","noreferrer","noreferrer","noreferrer","noreferrer","noreferrer","noreferrer","noreferrer","noreferrer","noreferrer","noreferrer","noreferrer","noreferrer","noreferrer","noreferrer","noreferrer","noreferrer","noreferrer","noreferrer","noreferrer","noreferrer","noreferrer","noreferrer"],"icon":"https:\/\/www.panoramamoveis.com.br\/blog-wp\/wp-content\/uploads\/2021\/11\/cropped-cropped-Panorama-03-scaled-3.jpg","desc":"Panorama M\u00f3veis: Loja Online de M\u00f3veis e Decora\u00e7\u00e3o"},"marginOffset":-7.299999999999997}],"animations":[{"targets":["b9ae82de-c57f-4987-a4ac-26a9f25c01c3"],"id":"f5ee1159-47f4-4ece-b5dd-055da9f0a501","type":"effect-pulse","scale":0.5,"iterations":1,"duration":1450,"delay":0},{"id":"eee5fa4d-bff0-43eb-b28b-b867a247dc1f","type":"effect-whoosh-in","whooshInDir":"leftToRight","duration":600,"delay":0,"targets":["2a09327b-efa0-40c7-9c4b-d6302b5eec4a"]}],"backgroundColor":{"color":{"r":255,"g":255,"b":255}},"type":"page","id":"cf3f0ee3-4f14-4a21-b304-7d1029fa044c","defaultBackgroundElement":{"opacity":100,"flip":{"vertical":false,"horizontal":false},"rotationAngle":0,"lockAspectRatio":true,"x":1,"y":1,"width":1,"height":1,"mask":{"type":"rectangle"},"isBackground":true,"isDefaultBackground":true,"type":"shape","id":"a8c80173-9ac5-4023-87d5-f08fb27f6c35"}},{"elements":[{"opacity":100,"flip":{"vertical":false,"horizontal":false},"rotationAngle":0,"lockAspectRatio":true,"x":48,"y":0,"width":330,"height":586,"mask":{"type":"rectangle"},"isBackground":true,"type":"image","id":"1628da2f-0e99-4b22-9066-ceb9012f2f56","scale":100,"focalX":50,"focalY":50,"resource":{"baseColor":"#aa0404","type":"image","mimeType":"image\/jpeg","creationDate":"2021-12-15T19:42:20","src":"https:\/\/www.panoramamoveis.com.br\/blog-wp\/wp-content\/uploads\/2021\/12\/Panorama-escrivaninha-9.jpg","width":1080,"height":1920,"id":3286,"alt":"Panorama escrivaninha (9)","sizes":{"medium":{"file":"Panorama-escrivaninha-9-169x300.jpg","width":169,"height":300,"mimeType":"image\/jpeg","sourceUrl":"https:\/\/www.panoramamoveis.com.br\/blog-wp\/wp-content\/uploads\/2021\/12\/Panorama-escrivaninha-9-169x300.jpg"},"large":{"file":"Panorama-escrivaninha-9-576x1024.jpg","width":576,"height":1024,"mimeType":"image\/jpeg","sourceUrl":"https:\/\/www.panoramamoveis.com.br\/blog-wp\/wp-content\/uploads\/2021\/12\/Panorama-escrivaninha-9-576x1024.jpg"},"thumbnail":{"file":"Panorama-escrivaninha-9-150x150.jpg","width":150,"height":150,"mimeType":"image\/jpeg","sourceUrl":"https:\/\/www.panoramamoveis.com.br\/blog-wp\/wp-content\/uploads\/2021\/12\/Panorama-escrivaninha-9-150x150.jpg"},"medium_large":{"file":"Panorama-escrivaninha-9-768x1365.jpg","width":768,"height":1365,"mimeType":"image\/jpeg","sourceUrl":"https:\/\/www.panoramamoveis.com.br\/blog-wp\/wp-content\/uploads\/2021\/12\/Panorama-escrivaninha-9-768x1365.jpg"},"1536x1536":{"file":"Panorama-escrivaninha-9-864x1536.jpg","width":864,"height":1536,"mimeType":"image\/jpeg","sourceUrl":"https:\/\/www.panoramamoveis.com.br\/blog-wp\/wp-content\/uploads\/2021\/12\/Panorama-escrivaninha-9-864x1536.jpg"},"web-stories-poster-portrait":{"file":"Panorama-escrivaninha-9-640x853.jpg","width":640,"height":853,"mimeType":"image\/jpeg","sourceUrl":"https:\/\/www.panoramamoveis.com.br\/blog-wp\/wp-content\/uploads\/2021\/12\/Panorama-escrivaninha-9-640x853.jpg"},"web-stories-publisher-logo":{"file":"Panorama-escrivaninha-9-96x96.jpg","width":96,"height":96,"mimeType":"image\/jpeg","sourceUrl":"https:\/\/www.panoramamoveis.com.br\/blog-wp\/wp-content\/uploads\/2021\/12\/Panorama-escrivaninha-9-96x96.jpg"},"web-stories-thumbnail":{"file":"Panorama-escrivaninha-9-150x267.jpg","width":150,"height":267,"mimeType":"image\/jpeg","sourceUrl":"https:\/\/www.panoramamoveis.com.br\/blog-wp\/wp-content\/uploads\/2021\/12\/Panorama-escrivaninha-9-150x267.jpg"},"full":{"file":"Panorama-escrivaninha-9.jpg","width":1080,"height":1920,"mimeType":"image\/jpeg","sourceUrl":"https:\/\/www.panoramamoveis.com.br\/blog-wp\/wp-content\/uploads\/2021\/12\/Panorama-escrivaninha-9.jpg"}},"isPlaceholder":false,"isOptimized":false,"isMuted":false,"isExternal":false,"needsProxy":false,"provider":"local"},"basedOn":"75808ddf-12ac-44cb-b520-2a3e88c53ff3","alt":"p\u00e1gina com as Redes Sociais da Panorama Moveis"},{"opacity":100,"flip":{"vertical":false,"horizontal":false},"rotationAngle":0,"lockAspectRatio":true,"scale":100,"focalX":50,"focalY":50,"resource":{"baseColor":"#d0c1b7","type":"image","mimeType":"image\/png","creationDate":"2021-09-24T21:09:53","src":"https:\/\/www.panoramamoveis.com.br\/blog-wp\/wp-content\/uploads\/2021\/09\/panorama-sem-fundo.png","width":500,"height":500,"id":451,"alt":"panorama sem fundo","sizes":{"medium":{"file":"panorama-sem-fundo-300x300.png","width":300,"height":300,"mimeType":"image\/png","sourceUrl":"https:\/\/www.panoramamoveis.com.br\/blog-wp\/wp-content\/uploads\/2021\/09\/panorama-sem-fundo-300x300.png"},"thumbnail":{"file":"panorama-sem-fundo-150x150.png","width":150,"height":150,"mimeType":"image\/png","sourceUrl":"https:\/\/www.panoramamoveis.com.br\/blog-wp\/wp-content\/uploads\/2021\/09\/panorama-sem-fundo-150x150.png"},"web-stories-publisher-logo":{"file":"panorama-sem-fundo-96x96.png","width":96,"height":96,"mimeType":"image\/png","sourceUrl":"https:\/\/www.panoramamoveis.com.br\/blog-wp\/wp-content\/uploads\/2021\/09\/panorama-sem-fundo-96x96.png"},"web-stories-thumbnail":{"file":"panorama-sem-fundo-150x150.png","width":150,"height":150,"mimeType":"image\/png","sourceUrl":"https:\/\/www.panoramamoveis.com.br\/blog-wp\/wp-content\/uploads\/2021\/09\/panorama-sem-fundo-150x150.png"},"full":{"file":"panorama-sem-fundo.png","width":500,"height":500,"mimeType":"image\/png","sourceUrl":"https:\/\/www.panoramamoveis.com.br\/blog-wp\/wp-content\/uploads\/2021\/09\/panorama-sem-fundo.png"}},"isPlaceholder":false,"isOptimized":false,"isMuted":false,"provider":"local","isExternal":false},"width":221,"height":221,"mask":{"type":"rectangle","showInLibrary":true,"name":"Rectangle","path":"M 0,0 1,0 1,1 0,1 0,0 Z","ratio":1,"supportsBorder":true},"type":"image","basedOn":"7ba25700-0940-4984-8a68-260461f0cada","x":93,"y":473,"link":null,"id":"35f0f6c3-9f2b-45cf-aba7-b81f2778a037"},{"opacity":100,"flip":{"vertical":false,"horizontal":false},"rotationAngle":0,"lockAspectRatio":true,"backgroundTextMode":"FILL","font":{"family":"Anton"},"fontSize":30,"backgroundColor":{"color":{"r":255,"g":255,"b":255,"a":0.5}},"lineHeight":1.19,"textAlign":"center","padding":{"locked":true,"hasHiddenPadding":true,"horizontal":8,"vertical":4},"type":"text","content":"<span style=\"color: #e23b40\">CLIQUE E&nbsp;<\/span>\n<span style=\"color: #e23b40\">CONFIRA AS&nbsp;<\/span>\n<span style=\"color: #e23b40\">REDES SOCIAIS DA PANORAMA M\u00d3VEIS<\/span>","borderRadius":{"locked":true,"topLeft":2,"topRight":2,"bottomRight":2,"bottomLeft":2},"x":48,"y":0,"width":313,"height":162,"id":"119e1913-6e36-4bbb-b2b4-4fde3e39d283"},{"opacity":100,"flip":{"vertical":false,"horizontal":false},"rotationAngle":0,"lockAspectRatio":true,"scale":102.82759885554987,"focalX":48.6250778550601,"focalY":49.90738890551466,"resource":{"baseColor":"#f9f6f4","type":"image","mimeType":"image\/png","creationDate":"2021-11-05T00:41:18","src":"https:\/\/www.panoramamoveis.com.br\/blog-wp\/wp-content\/uploads\/2021\/11\/INSTAGRAM.png","width":3240,"height":5760,"id":1839,"alt":"INSTAGRAM","sizes":{"medium":{"file":"INSTAGRAM-169x300.png","width":169,"height":300,"mimeType":"image\/png","sourceUrl":"https:\/\/www.panoramamoveis.com.br\/blog-wp\/wp-content\/uploads\/2021\/11\/INSTAGRAM-169x300.png"},"large":{"file":"INSTAGRAM-576x1024.png","width":576,"height":1024,"mimeType":"image\/png","sourceUrl":"https:\/\/www.panoramamoveis.com.br\/blog-wp\/wp-content\/uploads\/2021\/11\/INSTAGRAM-576x1024.png"},"thumbnail":{"file":"INSTAGRAM-150x150.png","width":150,"height":150,"mimeType":"image\/png","sourceUrl":"https:\/\/www.panoramamoveis.com.br\/blog-wp\/wp-content\/uploads\/2021\/11\/INSTAGRAM-150x150.png"},"medium_large":{"file":"INSTAGRAM-768x1365.png","width":768,"height":1365,"mimeType":"image\/png","sourceUrl":"https:\/\/www.panoramamoveis.com.br\/blog-wp\/wp-content\/uploads\/2021\/11\/INSTAGRAM-768x1365.png"},"1536x1536":{"file":"INSTAGRAM-864x1536.png","width":864,"height":1536,"mimeType":"image\/png","sourceUrl":"https:\/\/www.panoramamoveis.com.br\/blog-wp\/wp-content\/uploads\/2021\/11\/INSTAGRAM-864x1536.png"},"2048x2048":{"file":"INSTAGRAM-1152x2048.png","width":1152,"height":2048,"mimeType":"image\/png","sourceUrl":"https:\/\/www.panoramamoveis.com.br\/blog-wp\/wp-content\/uploads\/2021\/11\/INSTAGRAM-1152x2048.png"},"post-thumbnail":{"file":"INSTAGRAM-1200x2133.png","width":1200,"height":2133,"mimeType":"image\/png","sourceUrl":"https:\/\/www.panoramamoveis.com.br\/blog-wp\/wp-content\/uploads\/2021\/11\/INSTAGRAM-1200x2133.png"},"twentytwenty-fullscreen":{"file":"INSTAGRAM-1980x3520.png","width":1980,"height":3520,"mimeType":"image\/png","sourceUrl":"https:\/\/www.panoramamoveis.com.br\/blog-wp\/wp-content\/uploads\/2021\/11\/INSTAGRAM-1980x3520.png"},"web-stories-poster-portrait":{"file":"INSTAGRAM-640x853.png","width":640,"height":853,"mimeType":"image\/png","sourceUrl":"https:\/\/www.panoramamoveis.com.br\/blog-wp\/wp-content\/uploads\/2021\/11\/INSTAGRAM-640x853.png"},"web-stories-publisher-logo":{"file":"INSTAGRAM-96x96.png","width":96,"height":96,"mimeType":"image\/png","sourceUrl":"https:\/\/www.panoramamoveis.com.br\/blog-wp\/wp-content\/uploads\/2021\/11\/INSTAGRAM-96x96.png"},"web-stories-thumbnail":{"file":"INSTAGRAM-150x267.png","width":150,"height":267,"mimeType":"image\/png","sourceUrl":"https:\/\/www.panoramamoveis.com.br\/blog-wp\/wp-content\/uploads\/2021\/11\/INSTAGRAM-150x267.png"},"full":{"file":"INSTAGRAM.png","width":3240,"height":5760,"mimeType":"image\/png","sourceUrl":"https:\/\/www.panoramamoveis.com.br\/blog-wp\/wp-content\/uploads\/2021\/11\/INSTAGRAM.png"}},"isPlaceholder":false,"isOptimized":false,"isMuted":false,"isExternal":false,"provider":"local"},"type":"image","x":159,"y":271,"width":62,"height":78,"mask":{"type":"rectangle","showInLibrary":true,"name":"Ret\u00e2ngulo","path":"M 0,0 1,0 1,1 0,1 0,0 Z","ratio":1,"supportsBorder":true},"id":"d9674f81-16f1-444d-bf9a-de9a7a788d29","resizeWidth":177.203,"resizeHeight":221.82524,"link":{"url":"https:\/\/www.instagram.com\/panoramamoveis\/ ","icon":null,"desc":null}},{"opacity":100,"flip":{"vertical":false,"horizontal":false},"rotationAngle":0,"lockAspectRatio":true,"scale":100,"focalX":50,"focalY":50,"resource":{"baseColor":"#343333","type":"image","mimeType":"image\/png","creationDate":"2021-11-05T00:52:33","src":"https:\/\/www.panoramamoveis.com.br\/blog-wp\/wp-content\/uploads\/2021\/11\/FACEBOOK.png","width":3240,"height":5760,"id":1850,"alt":"FACEBOOK","sizes":{"medium":{"file":"FACEBOOK-169x300.png","width":169,"height":300,"mimeType":"image\/png","sourceUrl":"https:\/\/www.panoramamoveis.com.br\/blog-wp\/wp-content\/uploads\/2021\/11\/FACEBOOK-169x300.png"},"large":{"file":"FACEBOOK-576x1024.png","width":576,"height":1024,"mimeType":"image\/png","sourceUrl":"https:\/\/www.panoramamoveis.com.br\/blog-wp\/wp-content\/uploads\/2021\/11\/FACEBOOK-576x1024.png"},"thumbnail":{"file":"FACEBOOK-150x150.png","width":150,"height":150,"mimeType":"image\/png","sourceUrl":"https:\/\/www.panoramamoveis.com.br\/blog-wp\/wp-content\/uploads\/2021\/11\/FACEBOOK-150x150.png"},"medium_large":{"file":"FACEBOOK-768x1365.png","width":768,"height":1365,"mimeType":"image\/png","sourceUrl":"https:\/\/www.panoramamoveis.com.br\/blog-wp\/wp-content\/uploads\/2021\/11\/FACEBOOK-768x1365.png"},"1536x1536":{"file":"FACEBOOK-864x1536.png","width":864,"height":1536,"mimeType":"image\/png","sourceUrl":"https:\/\/www.panoramamoveis.com.br\/blog-wp\/wp-content\/uploads\/2021\/11\/FACEBOOK-864x1536.png"},"2048x2048":{"file":"FACEBOOK-1152x2048.png","width":1152,"height":2048,"mimeType":"image\/png","sourceUrl":"https:\/\/www.panoramamoveis.com.br\/blog-wp\/wp-content\/uploads\/2021\/11\/FACEBOOK-1152x2048.png"},"post-thumbnail":{"file":"FACEBOOK-1200x2133.png","width":1200,"height":2133,"mimeType":"image\/png","sourceUrl":"https:\/\/www.panoramamoveis.com.br\/blog-wp\/wp-content\/uploads\/2021\/11\/FACEBOOK-1200x2133.png"},"twentytwenty-fullscreen":{"file":"FACEBOOK-1980x3520.png","width":1980,"height":3520,"mimeType":"image\/png","sourceUrl":"https:\/\/www.panoramamoveis.com.br\/blog-wp\/wp-content\/uploads\/2021\/11\/FACEBOOK-1980x3520.png"},"web-stories-poster-portrait":{"file":"FACEBOOK-640x853.png","width":640,"height":853,"mimeType":"image\/png","sourceUrl":"https:\/\/www.panoramamoveis.com.br\/blog-wp\/wp-content\/uploads\/2021\/11\/FACEBOOK-640x853.png"},"web-stories-publisher-logo":{"file":"FACEBOOK-96x96.png","width":96,"height":96,"mimeType":"image\/png","sourceUrl":"https:\/\/www.panoramamoveis.com.br\/blog-wp\/wp-content\/uploads\/2021\/11\/FACEBOOK-96x96.png"},"web-stories-thumbnail":{"file":"FACEBOOK-150x267.png","width":150,"height":267,"mimeType":"image\/png","sourceUrl":"https:\/\/www.panoramamoveis.com.br\/blog-wp\/wp-content\/uploads\/2021\/11\/FACEBOOK-150x267.png"},"full":{"file":"FACEBOOK.png","width":3240,"height":5760,"mimeType":"image\/png","sourceUrl":"https:\/\/www.panoramamoveis.com.br\/blog-wp\/wp-content\/uploads\/2021\/11\/FACEBOOK.png"}},"isPlaceholder":false,"isOptimized":false,"isMuted":false,"isExternal":false,"provider":"local"},"type":"image","x":157,"y":151,"width":65,"height":111,"mask":{"type":"rectangle","showInLibrary":true,"name":"Ret\u00e2ngulo","path":"M 0,0 1,0 1,1 0,1 0,0 Z","ratio":1,"supportsBorder":true},"id":"ecdffeef-58af-4079-9d6f-1d2c5968736b","link":{"url":"https:\/\/www.facebook.com\/Panoramamoveis\/","icon":"https:\/\/www.panoramamoveis.com.br\/blog-wp\/wp-content\/uploads\/2021\/11\/cropped-Panorama-03-scaled-3.jpg","desc":"Facebook"}},{"opacity":100,"flip":{"vertical":false,"horizontal":false},"rotationAngle":0,"lockAspectRatio":false,"scale":100,"focalX":50,"focalY":50,"resource":{"baseColor":"#ffffff","type":"image","mimeType":"image\/png","creationDate":"2021-11-05T00:41:28","src":"https:\/\/www.panoramamoveis.com.br\/blog-wp\/wp-content\/uploads\/2021\/11\/PINTEREST.png","width":3240,"height":5760,"id":1840,"alt":"PINTEREST","sizes":{"medium":{"file":"PINTEREST-169x300.png","width":169,"height":300,"mimeType":"image\/png","sourceUrl":"https:\/\/www.panoramamoveis.com.br\/blog-wp\/wp-content\/uploads\/2021\/11\/PINTEREST-169x300.png"},"large":{"file":"PINTEREST-576x1024.png","width":576,"height":1024,"mimeType":"image\/png","sourceUrl":"https:\/\/www.panoramamoveis.com.br\/blog-wp\/wp-content\/uploads\/2021\/11\/PINTEREST-576x1024.png"},"thumbnail":{"file":"PINTEREST-150x150.png","width":150,"height":150,"mimeType":"image\/png","sourceUrl":"https:\/\/www.panoramamoveis.com.br\/blog-wp\/wp-content\/uploads\/2021\/11\/PINTEREST-150x150.png"},"medium_large":{"file":"PINTEREST-768x1365.png","width":768,"height":1365,"mimeType":"image\/png","sourceUrl":"https:\/\/www.panoramamoveis.com.br\/blog-wp\/wp-content\/uploads\/2021\/11\/PINTEREST-768x1365.png"},"1536x1536":{"file":"PINTEREST-864x1536.png","width":864,"height":1536,"mimeType":"image\/png","sourceUrl":"https:\/\/www.panoramamoveis.com.br\/blog-wp\/wp-content\/uploads\/2021\/11\/PINTEREST-864x1536.png"},"2048x2048":{"file":"PINTEREST-1152x2048.png","width":1152,"height":2048,"mimeType":"image\/png","sourceUrl":"https:\/\/www.panoramamoveis.com.br\/blog-wp\/wp-content\/uploads\/2021\/11\/PINTEREST-1152x2048.png"},"post-thumbnail":{"file":"PINTEREST-1200x2133.png","width":1200,"height":2133,"mimeType":"image\/png","sourceUrl":"https:\/\/www.panoramamoveis.com.br\/blog-wp\/wp-content\/uploads\/2021\/11\/PINTEREST-1200x2133.png"},"twentytwenty-fullscreen":{"file":"PINTEREST-1980x3520.png","width":1980,"height":3520,"mimeType":"image\/png","sourceUrl":"https:\/\/www.panoramamoveis.com.br\/blog-wp\/wp-content\/uploads\/2021\/11\/PINTEREST-1980x3520.png"},"web-stories-poster-portrait":{"file":"PINTEREST-640x853.png","width":640,"height":853,"mimeType":"image\/png","sourceUrl":"https:\/\/www.panoramamoveis.com.br\/blog-wp\/wp-content\/uploads\/2021\/11\/PINTEREST-640x853.png"},"web-stories-publisher-logo":{"file":"PINTEREST-96x96.png","width":96,"height":96,"mimeType":"image\/png","sourceUrl":"https:\/\/www.panoramamoveis.com.br\/blog-wp\/wp-content\/uploads\/2021\/11\/PINTEREST-96x96.png"},"web-stories-thumbnail":{"file":"PINTEREST-150x267.png","width":150,"height":267,"mimeType":"image\/png","sourceUrl":"https:\/\/www.panoramamoveis.com.br\/blog-wp\/wp-content\/uploads\/2021\/11\/PINTEREST-150x267.png"},"full":{"file":"PINTEREST.png","width":3240,"height":5760,"mimeType":"image\/png","sourceUrl":"https:\/\/www.panoramamoveis.com.br\/blog-wp\/wp-content\/uploads\/2021\/11\/PINTEREST.png"}},"isPlaceholder":false,"isOptimized":false,"isMuted":false,"isExternal":false,"provider":"local"},"type":"image","x":160,"y":359,"width":61,"height":97,"mask":{"type":"rectangle","showInLibrary":true,"name":"Ret\u00e2ngulo","path":"M 0,0 1,0 1,1 0,1 0,0 Z","ratio":1,"supportsBorder":true},"id":"06e3e78d-2ac9-4d6a-8a24-73b6ea35f6a5","link":{"url":"https:\/\/br.pinterest.com\/panoramamoveis\/_shop\/ ","icon":null,"desc":null}},{"opacity":100,"flip":{"vertical":false,"horizontal":false},"rotationAngle":0,"lockAspectRatio":true,"backgroundTextMode":"FILL","font":{"family":"Roboto"},"fontSize":20,"backgroundColor":{"color":{"r":163,"g":0,"b":3,"a":1}},"lineHeight":1.2,"textAlign":"center","padding":{"locked":true,"hasHiddenPadding":true,"horizontal":8,"vertical":4},"type":"text","content":"<span style=\"font-weight: 700; color: #fff\">CONTE\u00daDO PARA VOC\u00ca TRANSFORMAR TODA A SUA CASA<\/span>","borderRadius":{"locked":true,"topLeft":2,"topRight":2,"bottomRight":2,"bottomLeft":2},"x":38,"y":473,"width":326,"height":79,"id":"95494a0a-d0a6-41e1-9b1b-3c6e7d42a128"}],"animations":[],"backgroundColor":{"color":{"r":255,"g":255,"b":255}},"type":"page","id":"ed2148c0-dd36-4583-9881-6e026d7c8ebd","defaultBackgroundElement":{"opacity":100,"flip":{"vertical":false,"horizontal":false},"rotationAngle":0,"lockAspectRatio":true,"x":1,"y":1,"width":1,"height":1,"mask":{"type":"rectangle"},"isBackground":true,"isDefaultBackground":true,"type":"shape","id":"a8c80173-9ac5-4023-87d5-f08fb27f6c35"}},{"elements":[{"opacity":100,"flip":{"vertical":false,"horizontal":false},"rotationAngle":0,"lockAspectRatio":true,"x":48,"y":0,"width":330,"height":586,"mask":{"type":"rectangle"},"isBackground":true,"type":"image","id":"edc5d4dd-104c-46e2-8704-456eea40e721","scale":100,"focalX":50,"focalY":50,"resource":{"baseColor":"#aa0404","type":"image","mimeType":"image\/jpeg","creationDate":"2021-12-15T19:42:20","src":"https:\/\/www.panoramamoveis.com.br\/blog-wp\/wp-content\/uploads\/2021\/12\/Panorama-escrivaninha-9.jpg","width":1080,"height":1920,"id":3286,"alt":"Panorama escrivaninha (9)","sizes":{"medium":{"file":"Panorama-escrivaninha-9-169x300.jpg","width":169,"height":300,"mimeType":"image\/jpeg","sourceUrl":"https:\/\/www.panoramamoveis.com.br\/blog-wp\/wp-content\/uploads\/2021\/12\/Panorama-escrivaninha-9-169x300.jpg"},"large":{"file":"Panorama-escrivaninha-9-576x1024.jpg","width":576,"height":1024,"mimeType":"image\/jpeg","sourceUrl":"https:\/\/www.panoramamoveis.com.br\/blog-wp\/wp-content\/uploads\/2021\/12\/Panorama-escrivaninha-9-576x1024.jpg"},"thumbnail":{"file":"Panorama-escrivaninha-9-150x150.jpg","width":150,"height":150,"mimeType":"image\/jpeg","sourceUrl":"https:\/\/www.panoramamoveis.com.br\/blog-wp\/wp-content\/uploads\/2021\/12\/Panorama-escrivaninha-9-150x150.jpg"},"medium_large":{"file":"Panorama-escrivaninha-9-768x1365.jpg","width":768,"height":1365,"mimeType":"image\/jpeg","sourceUrl":"https:\/\/www.panoramamoveis.com.br\/blog-wp\/wp-content\/uploads\/2021\/12\/Panorama-escrivaninha-9-768x1365.jpg"},"1536x1536":{"file":"Panorama-escrivaninha-9-864x1536.jpg","width":864,"height":1536,"mimeType":"image\/jpeg","sourceUrl":"https:\/\/www.panoramamoveis.com.br\/blog-wp\/wp-content\/uploads\/2021\/12\/Panorama-escrivaninha-9-864x1536.jpg"},"web-stories-poster-portrait":{"file":"Panorama-escrivaninha-9-640x853.jpg","width":640,"height":853,"mimeType":"image\/jpeg","sourceUrl":"https:\/\/www.panoramamoveis.com.br\/blog-wp\/wp-content\/uploads\/2021\/12\/Panorama-escrivaninha-9-640x853.jpg"},"web-stories-publisher-logo":{"file":"Panorama-escrivaninha-9-96x96.jpg","width":96,"height":96,"mimeType":"image\/jpeg","sourceUrl":"https:\/\/www.panoramamoveis.com.br\/blog-wp\/wp-content\/uploads\/2021\/12\/Panorama-escrivaninha-9-96x96.jpg"},"web-stories-thumbnail":{"file":"Panorama-escrivaninha-9-150x267.jpg","width":150,"height":267,"mimeType":"image\/jpeg","sourceUrl":"https:\/\/www.panoramamoveis.com.br\/blog-wp\/wp-content\/uploads\/2021\/12\/Panorama-escrivaninha-9-150x267.jpg"},"full":{"file":"Panorama-escrivaninha-9.jpg","width":1080,"height":1920,"mimeType":"image\/jpeg","sourceUrl":"https:\/\/www.panoramamoveis.com.br\/blog-wp\/wp-content\/uploads\/2021\/12\/Panorama-escrivaninha-9.jpg"}},"isPlaceholder":false,"isOptimized":false,"isMuted":false,"isExternal":false,"needsProxy":false,"provider":"local"}},{"opacity":100,"flip":{"vertical":false,"horizontal":false},"rotationAngle":0,"lockAspectRatio":true,"backgroundTextMode":"NONE","font":{"family":"Anton"},"fontSize":40,"backgroundColor":{"color":{"r":196,"g":196,"b":196}},"lineHeight":1,"textAlign":"center","padding":{"horizontal":0,"vertical":0},"width":300,"height":140,"content":"<span style=\"color: #e23b40\">Voc\u00ea tamb\u00e9m pode gostar desse artigos:&nbsp;<\/span>","type":"text","marginOffset":0,"basedOn":"ea464837-bf0a-41b7-b279-dd02dd565399","x":56,"y":8,"id":"12cac4a5-6139-4484-a353-9f265d6930f8","link":null},{"opacity":100,"flip":{"vertical":false,"horizontal":false},"rotationAngle":0,"lockAspectRatio":true,"scale":100,"focalX":50,"focalY":50,"resource":{"baseColor":"#baab9f","blurHash":"U7LNPl004TIo_NW.wzxY00%2tlM{RqM{E1xu","type":"image","mimeType":"image\/png","creationDate":"2022-06-27T23:27:51","src":"https:\/\/www.panoramamoveis.com.br\/blog-wp\/wp-content\/uploads\/2022\/06\/DECORAC\u0327A\u0303O-DE-PAREDE-.png","width":640,"height":853,"id":5941,"alt":"DECORAC\u0327A\u0303O DE PAREDE","sizes":{"medium":{"file":"DECORAC\u0327A\u0303O-DE-PAREDE--225x300.png","width":225,"height":300,"filesize":75023,"mimeType":"image\/png","sourceUrl":"https:\/\/www.panoramamoveis.com.br\/blog-wp\/wp-content\/uploads\/2022\/06\/DECORAC\u0327A\u0303O-DE-PAREDE--225x300.png"},"thumbnail":{"file":"DECORAC\u0327A\u0303O-DE-PAREDE--150x150.png","width":150,"height":150,"filesize":26374,"mimeType":"image\/png","sourceUrl":"https:\/\/www.panoramamoveis.com.br\/blog-wp\/wp-content\/uploads\/2022\/06\/DECORAC\u0327A\u0303O-DE-PAREDE--150x150.png"},"web-stories-publisher-logo":{"file":"DECORAC\u0327A\u0303O-DE-PAREDE--96x96.png","width":96,"height":96,"filesize":11787,"mimeType":"image\/png","sourceUrl":"https:\/\/www.panoramamoveis.com.br\/blog-wp\/wp-content\/uploads\/2022\/06\/DECORAC\u0327A\u0303O-DE-PAREDE--96x96.png"},"web-stories-thumbnail":{"file":"DECORAC\u0327A\u0303O-DE-PAREDE--150x200.png","width":150,"height":200,"filesize":35145,"mimeType":"image\/png","sourceUrl":"https:\/\/www.panoramamoveis.com.br\/blog-wp\/wp-content\/uploads\/2022\/06\/DECORAC\u0327A\u0303O-DE-PAREDE--150x200.png"},"full":{"file":"DECORAC\u0327A\u0303O-DE-PAREDE-.png","width":640,"height":853,"mimeType":"image\/png","sourceUrl":"https:\/\/www.panoramamoveis.com.br\/blog-wp\/wp-content\/uploads\/2022\/06\/DECORAC\u0327A\u0303O-DE-PAREDE-.png"}},"isPlaceholder":false,"isOptimized":false,"isMuted":false,"isExternal":false,"needsProxy":false},"type":"image","x":54,"y":197,"width":146,"height":150,"mask":{"type":"rectangle","showInLibrary":true,"name":"Ret\u00e2ngulo","path":"M 0,0 1,0 1,1 0,1 0,0 Z","ratio":1,"supportsBorder":true},"id":"51e3ffb3-8b33-4918-a008-89f5977154a7","link":{"needsProxy":false,"url":"https:\/\/www.panoramamoveis.com.br\/blog-wp\/web-stories\/conheca-as-5-maiores-cidades-do-mundo","rel":[],"type":"regular","pageId":null,"icon":null,"desc":null}},{"opacity":100,"flip":{"vertical":false,"horizontal":false},"rotationAngle":0,"lockAspectRatio":true,"scale":100,"focalX":50,"focalY":50,"resource":{"baseColor":"#ccc4be","blurHash":"UZOWg6D%X9IU~qM_oyWA.8%MsmoeSOozM{oz","type":"image","mimeType":"image\/png","creationDate":"2022-07-17T14:39:25","src":"https:\/\/www.panoramamoveis.com.br\/blog-wp\/wp-content\/uploads\/2022\/07\/CAPA-PAPEL-DE-PAREDE.png","width":640,"height":853,"id":6274,"alt":"CAPA - PAPEL DE PAREDE","sizes":{"medium":{"file":"CAPA-PAPEL-DE-PAREDE-225x300.png","width":225,"height":300,"filesize":79890,"mimeType":"image\/png","sourceUrl":"https:\/\/www.panoramamoveis.com.br\/blog-wp\/wp-content\/uploads\/2022\/07\/CAPA-PAPEL-DE-PAREDE-225x300.png"},"thumbnail":{"file":"CAPA-PAPEL-DE-PAREDE-150x150.png","width":150,"height":150,"filesize":31347,"mimeType":"image\/png","sourceUrl":"https:\/\/www.panoramamoveis.com.br\/blog-wp\/wp-content\/uploads\/2022\/07\/CAPA-PAPEL-DE-PAREDE-150x150.png"},"web-stories-publisher-logo":{"file":"CAPA-PAPEL-DE-PAREDE-96x96.png","width":96,"height":96,"filesize":14198,"mimeType":"image\/png","sourceUrl":"https:\/\/www.panoramamoveis.com.br\/blog-wp\/wp-content\/uploads\/2022\/07\/CAPA-PAPEL-DE-PAREDE-96x96.png"},"web-stories-thumbnail":{"file":"CAPA-PAPEL-DE-PAREDE-150x200.png","width":150,"height":200,"filesize":37672,"mimeType":"image\/png","sourceUrl":"https:\/\/www.panoramamoveis.com.br\/blog-wp\/wp-content\/uploads\/2022\/07\/CAPA-PAPEL-DE-PAREDE-150x200.png"},"full":{"file":"CAPA-PAPEL-DE-PAREDE.png","width":640,"height":853,"mimeType":"image\/png","sourceUrl":"https:\/\/www.panoramamoveis.com.br\/blog-wp\/wp-content\/uploads\/2022\/07\/CAPA-PAPEL-DE-PAREDE.png"}},"isPlaceholder":false,"isOptimized":false,"isMuted":false,"isExternal":false,"needsProxy":false},"type":"image","x":50,"y":372,"width":154,"height":150,"mask":{"type":"rectangle","showInLibrary":true,"name":"Ret\u00e2ngulo","path":"M 0,0 1,0 1,1 0,1 0,0 Z","ratio":1,"supportsBorder":true},"id":"459f6827-372a-4729-8f4e-92258d2eb1bc","link":{"needsProxy":false,"url":"https:\/\/www.panoramamoveis.com.br\/blog-wp\/web-stories\/5-beneficios-do-mamao-para-a-saude\/","rel":[],"type":"regular","pageId":null,"icon":null,"desc":null}},{"opacity":100,"flip":{"vertical":false,"horizontal":false},"rotationAngle":0,"lockAspectRatio":true,"scale":100,"focalX":50,"focalY":50,"resource":{"baseColor":"#d0c1b7","type":"image","mimeType":"image\/png","creationDate":"2021-09-24T21:09:53","src":"https:\/\/www.panoramamoveis.com.br\/blog-wp\/wp-content\/uploads\/2021\/09\/panorama-sem-fundo.png","width":500,"height":500,"id":451,"alt":"panorama sem fundo","sizes":{"medium":{"file":"panorama-sem-fundo-300x300.png","width":300,"height":300,"mimeType":"image\/png","sourceUrl":"https:\/\/www.panoramamoveis.com.br\/blog-wp\/wp-content\/uploads\/2021\/09\/panorama-sem-fundo-300x300.png"},"thumbnail":{"file":"panorama-sem-fundo-150x150.png","width":150,"height":150,"mimeType":"image\/png","sourceUrl":"https:\/\/www.panoramamoveis.com.br\/blog-wp\/wp-content\/uploads\/2021\/09\/panorama-sem-fundo-150x150.png"},"web-stories-publisher-logo":{"file":"panorama-sem-fundo-96x96.png","width":96,"height":96,"mimeType":"image\/png","sourceUrl":"https:\/\/www.panoramamoveis.com.br\/blog-wp\/wp-content\/uploads\/2021\/09\/panorama-sem-fundo-96x96.png"},"web-stories-thumbnail":{"file":"panorama-sem-fundo-150x150.png","width":150,"height":150,"mimeType":"image\/png","sourceUrl":"https:\/\/www.panoramamoveis.com.br\/blog-wp\/wp-content\/uploads\/2021\/09\/panorama-sem-fundo-150x150.png"},"full":{"file":"panorama-sem-fundo.png","width":500,"height":500,"mimeType":"image\/png","sourceUrl":"https:\/\/www.panoramamoveis.com.br\/blog-wp\/wp-content\/uploads\/2021\/09\/panorama-sem-fundo.png"}},"isPlaceholder":false,"isOptimized":false,"isMuted":false,"provider":"local","isExternal":false},"width":221,"height":221,"mask":{"type":"rectangle","showInLibrary":true,"name":"Rectangle","path":"M 0,0 1,0 1,1 0,1 0,0 Z","ratio":1,"supportsBorder":true},"type":"image","basedOn":"35f0f6c3-9f2b-45cf-aba7-b81f2778a037","x":99,"y":474,"link":{"needsProxy":false,"url":"https:\/\/www.panoramamoveis.com.br\/blog-wp\/web-stories\/5-tipos-de-pao-de-alho-para-seu-churrasco\/","rel":[],"type":"regular","pageId":null,"icon":"","desc":""},"id":"7199a5ac-5069-4b90-90e8-13dd14ebf50c"},{"opacity":100,"flip":{"vertical":false,"horizontal":false},"rotationAngle":0,"lockAspectRatio":true,"backgroundTextMode":"NONE","font":{"family":"Roboto"},"fontSize":22,"backgroundColor":{"color":{"r":196,"g":196,"b":196}},"lineHeight":1.2,"textAlign":"left","padding":{"locked":true,"hasHiddenPadding":false,"horizontal":0,"vertical":0},"content":"<span style=\"font-weight: 700; color: #fff\">5 Benef\u00edcios do mam\u00e3o para a sa\u00fade<\/span>","borderRadius":{"locked":true,"topLeft":2,"topRight":2,"bottomRight":2,"bottomLeft":2},"x":219,"y":408,"width":148,"height":79,"marginOffset":0.5625,"link":{"needsProxy":false,"url":"https:\/\/www.panoramamoveis.com.br\/blog-wp\/web-stories\/5-beneficios-do-mamao-para-a-saude\/","rel":[],"type":"regular","pageId":null,"icon":null,"desc":null},"basedOn":"89d00239-a8ce-419a-86c0-5da87df26329","id":"54ef6abd-31d1-4892-a7ba-19de1de2f467","type":"text"},{"opacity":100,"flip":{"vertical":false,"horizontal":false},"rotationAngle":0,"lockAspectRatio":true,"backgroundTextMode":"NONE","font":{"family":"Roboto"},"fontSize":22,"backgroundColor":{"color":{"r":196,"g":196,"b":196}},"lineHeight":1.2,"textAlign":"left","padding":{"locked":true,"hasHiddenPadding":false,"horizontal":0,"vertical":0},"content":"<span style=\"font-weight: 700; color: #fff\">Conhe\u00e7a as 5 maiores cidades do mundo<\/span>","borderRadius":{"locked":true,"topLeft":2,"topRight":2,"bottomRight":2,"bottomLeft":2},"x":219,"y":220,"width":118,"height":105,"marginOffset":0.5625,"link":{"needsProxy":false,"url":"https:\/\/www.panoramamoveis.com.br\/blog-wp\/web-stories\/conheca-as-5-maiores-cidades-do-mundo","rel":[],"type":"regular","pageId":null,"icon":null,"desc":null},"basedOn":"89d00239-a8ce-419a-86c0-5da87df26329","id":"2e9e818e-1985-44fa-a446-09e4865c2d3a","type":"text"}],"animations":[{"targets":["12cac4a5-6139-4484-a353-9f265d6930f8"],"id":"486d8ff1-6297-4392-a3d6-e1e0f94546b2","type":"effect-fly-in","flyInDir":"topToBottom","duration":1000,"delay":600}],"backgroundColor":{"color":{"r":255,"g":255,"b":255}},"type":"page","id":"15c6a3b3-fc56-492b-899e-57483815b90a","defaultBackgroundElement":{"opacity":100,"flip":{"vertical":false,"horizontal":false},"rotationAngle":0,"lockAspectRatio":true,"x":1,"y":1,"width":1,"height":1,"mask":{"type":"rectangle"},"isBackground":true,"isDefaultBackground":true,"type":"shape","id":"ef7dcffa-b120-44c3-845e-2314d51819c1"}}],"fonts":{"Anton":{"family":"Anton","fallbacks":["sans-serif"],"weights":[400],"styles":["regular"],"variants":[[0,400]],"service":"fonts.google.com","metrics":{"upm":2048,"asc":2409,"des":-674,"tAsc":2409,"tDes":-674,"tLGap":0,"wAsc":2876,"wDes":674,"xH":1500,"capH":1760,"yMin":-667,"yMax":2874,"hAsc":2409,"hDes":-674,"lGap":0}},"Oswald":{"family":"Oswald","fallbacks":["sans-serif"],"weights":[200,300,400,500,600,700],"styles":["regular"],"variants":[[0,200],[0,300],[0,400],[0,500],[0,600],[0,700]],"service":"fonts.google.com","metrics":{"upm":1000,"asc":1193,"des":-289,"tAsc":1193,"tDes":-289,"tLGap":0,"wAsc":1325,"wDes":377,"xH":578,"capH":810,"yMin":-287,"yMax":1297,"hAsc":1193,"hDes":-289,"lGap":0}},"Roboto":{"family":"Roboto","fallbacks":["sans-serif"],"weights":[100,300,400,500,700,900],"styles":["italic","regular"],"variants":[[0,100],[1,100],[0,300],[1,300],[0,400],[1,400],[0,500],[1,500],[0,700],[1,700],[0,900],[1,900]],"service":"fonts.google.com","metrics":{"upm":2048,"asc":1900,"des":-500,"tAsc":1536,"tDes":-512,"tLGap":102,"wAsc":1946,"wDes":512,"xH":1082,"capH":1456,"yMin":-555,"yMax":2163,"hAsc":1900,"hDes":-500,"lGap":0}}},"autoAdvance":true,"defaultPageDuration":7,"currentStoryStyles":{"colors":[{"color":{"r":163,"g":0,"b":3,"a":1}}]}},"story_poster":{"id":47033,"url":"https:\/\/www.panoramamoveis.com.br\/blog-wp\/wp-content\/uploads\/2024\/06\/cropped-mulher-bonita-aperta-as-maos-na-barriga-sente-dor-e-desconforto-tem-problemas-de-saude-e-desconforto-alimentar-usa-sueter-amarelo-posa-contra-um-fundo-rosa_273609-25109.jpg","width":640,"height":853,"needsProxy":false},"_links":{"self":[{"href":"https:\/\/www.panoramamoveis.com.br\/blog-wp\/wp-json\/web-stories\/v1\/web-story\/47022","targetHints":{"allow":["GET"]}}],"collection":[{"href":"https:\/\/www.panoramamoveis.com.br\/blog-wp\/wp-json\/web-stories\/v1\/web-story"}],"about":[{"href":"https:\/\/www.panoramamoveis.com.br\/blog-wp\/wp-json\/wp\/v2\/types\/web-story"}],"author":[{"embeddable":true,"href":"https:\/\/www.panoramamoveis.com.br\/blog-wp\/wp-json\/web-stories\/v1\/users\/1"}],"version-history":[{"count":10,"href":"https:\/\/www.panoramamoveis.com.br\/blog-wp\/wp-json\/web-stories\/v1\/web-story\/47022\/revisions"}],"predecessor-version":[{"id":47051,"href":"https:\/\/www.panoramamoveis.com.br\/blog-wp\/wp-json\/web-stories\/v1\/web-story\/47022\/revisions\/47051"}],"wp:featuredmedia":[{"embeddable":true,"href":"https:\/\/www.panoramamoveis.com.br\/blog-wp\/wp-json\/web-stories\/v1\/media\/47033"}],"wp:attachment":[{"href":"https:\/\/www.panoramamoveis.com.br\/blog-wp\/wp-json\/web-stories\/v1\/media?parent=47022"}],"wp:term":[{"taxonomy":"web_story_category","embeddable":true,"href":"https:\/\/www.panoramamoveis.com.br\/blog-wp\/wp-json\/web-stories\/v1\/web_story_category?post=47022"},{"taxonomy":"web_story_tag","embeddable":true,"href":"https:\/\/www.panoramamoveis.com.br\/blog-wp\/wp-json\/web-stories\/v1\/web_story_tag?post=47022"}],"wp:lock":[{"embeddable":true,"href":"https:\/\/www.panoramamoveis.com.br\/blog-wp\/wp-json\/web-stories\/v1\/web-story\/47022\/lock"}],"wp:publisherlogo":[{"embeddable":true,"href":"https:\/\/www.panoramamoveis.com.br\/blog-wp\/wp-json\/web-stories\/v1\/media\/20"}],"curies":[{"name":"wp","href":"https:\/\/api.w.org\/{rel}","templated":true}]}}